{"id":103731,"date":"2019-04-12T08:31:45","date_gmt":"2019-04-12T06:31:45","guid":{"rendered":"http:\/\/www.bellunopress.it\/?p=103731"},"modified":"2019-04-12T08:31:46","modified_gmt":"2019-04-12T06:31:46","slug":"la-grande-festa-del-vino-12-edizione-7-8-settembre-2019-santa-maria-di-sala-venezia-i-grandi-vini-ditalia-e-del-mondo","status":"publish","type":"post","link":"https:\/\/www.bellunopress.it\/fr\/2019\/04\/12\/la-grande-festa-del-vino-12-edizione-7-8-settembre-2019-santa-maria-di-sala-venezia-i-grandi-vini-ditalia-e-del-mondo\/","title":{"rendered":"La Grande Festa del Vino 12\u00b0 Edizione.\u00a07 &#8211; 8 Settembre 2019 Santa Maria di Sala, Venezia.\u00a0I Grandi Vini d&#8217;Italia e del Mondo"},"content":{"rendered":"<p>Torna, da sabato 7 a domenica 8 settembre 2019 in Veneto e precisamente a Santa Maria di Sala la 12\u00b0 edizione della Grande Festa del Vino, l&#8217;evento dedicato al vino che vede protagonisti 90 tra i migliori produttori nazionali e mondiali. Per due giorni incontri e cene gourmet fanno da cornice alle degustazioni che si svolgeranno, dalle 10 alle 20, presso Villa Farsetti.<\/p>\n<p><strong><a href=\"http:\/\/www.bellunopress.it\/fr\/2019\/04\/12\/la-grande-festa-del-vino-12-edizione-7-8-settembre-2019-santa-maria-di-sala-venezia-i-grandi-vini-ditalia-e-del-mondo\/villa-farsetti-s-maria-di-sala\/\" rel=\"attachment wp-att-103732\"><img loading=\"lazy\" decoding=\"async\" class=\"alignleft size-full wp-image-103732\" src=\"http:\/\/www.bellunopress.it\/wp-content\/uploads\/2019\/04\/villa-farsetti-s-maria-di-sala.jpg\" alt=\"\" width=\"300\" height=\"225\" \/><\/a>Un evento straordinario<\/strong><br \/>\nOltre 7.000 bottiglie di vini (350 etichette) presenti potranno essere degustate in Villa Farsetti (a Santa Maria di Sala, in Via Roma 1).<\/p>\n<p>Un tour dell&#8217;Italia e da 19 paesi del Mondo calice alla mano per conoscere le tipicit\u00e0 e le eccellenze dei terroir italiani e mondiali, scoprire vitigni alloctoni, autoctoni, nazionali e internazionali, rari e ricercati, vini convenzionali, naturali, biologici, biodinamici, di montagna (da viticultura eroica), di mare, di collina, di pianura, di vignaioli indipendenti e di piccole realt\u00e0 emergenti o di quelle gi\u00e0 affermate.<\/p>\n<p><strong>Vini dell&#8217;eccellenza made in Italy<\/strong><br \/>\nAlla 12\u00b0 edizione della Grande Festa del Vino si avr\u00e0 la possibilit\u00e0 di degustare vini provenienti da ogni regione italiana, da 7 stati europei e da 12 dal resto del Mondo. Si degusteranno vini premiati, come il Sassicaia di Tenuta San Guido annata 2015 considerato il miglior vino al mondo secondo Wine Spectator nel novembre 2018, il Riviera Ligure di Ponente Pigato Bon in da Bon di Bio Vio (3 bicchieri &#8220;vino dell&#8217;eccellenza&#8221; dalla Guida Vini d&#8217;Italia del Gambero Rosso 2019 e 5 grappoli &#8220;vino dell&#8217;eccellenza&#8221; Guida Bibenda 2019), il Cir\u00f2 Rosso Classico Superiore Ripe del Falco Riserva della cantina Ippolito 1845 (5 grappoli &#8220;vino dell&#8217;eccellenza&#8221; Guida Bibenda 2019), Il Pecorello della cantina Ippolito 1845 (3 bicchieri &#8220;vino dell&#8217;eccellenza&#8221; dalla Guida Vini d&#8217;Italia del Gambero Rosso 2019), Il Senatore Primitivo Gioia del Colle della cantina Coppi (3 bicchieri &#8220;vino dell&#8217;eccellenza&#8221; dalla Guida Vini d&#8217;Italia del Gambero Rosso 2019), il Frascati Superiore di Castel de Paolis (Corona nella Guida Vini Buoni d&#8217;Italia 2019), il Taurasi DOCG Vigna Macchia dei Goti delle Cantine Antonio Caggiano (3 bicchieri &#8220;vino dell&#8217;eccellenza&#8221; dalla Guida Vini d&#8217;Italia del Gambero Rosso 2019 e 5 grappoli &#8220;vino dell&#8217;eccellenza&#8221; Guida Bibenda 2019, nel 2015 oscar del vino &#8220;migliore vino rosso d&#8217;Italia&#8221; Fondazione Italiana Sommelier), il Verdicchio dei Castelli di Jesi Superiore San Michele di Vallerosa Bonci (4 viti &#8220;vino dell&#8217;eccellenza&#8221; Guida Vitae 2019), Il Pietrone Verdicchio Riserva di Vallerosa Bonci (3 bicchieri &#8220;vino dell&#8217;eccellenza&#8221; dalla Guida Vini d&#8217;Italia del Gambero Rosso 2019), il Tintilia del Molise Macchiarossa (4 viti &#8220;vino dell&#8217;eccellenza&#8221; Guida Vitae 2019), Barone di Serramarrocco della cantina Barone di Serramarrocco (3 bicchieri &#8220;vino dell&#8217;eccellenza&#8221; dalla Guida Vini d&#8217;Italia del Gambero Rosso 2019), il Greco di Tufo Devon delle Cantine Antonio Caggiano (Corona nella Guida Vini Buoni d&#8217;Italia 2019), il Colli del Mancuso Cir\u00f2 DOC Riserva di Ippolito 1845 (Corona nella Guida Vini Buoni d&#8217;Italia 2019), il Brunello di Montalcino Riserva della cantina Mocali (95\/100 Wine Spectator), il Nobile di Montepulciano 2016 della Tenuta di Gracciano della Seta (93\/100 Decanter), il Bianco di Custoza Superiore DOC La Guglia di Tamburino Sardo (Medaglia d&#8217;Oro al Concours Mondial del Bruxelles 2018), il Canneto della Casa Vinicola d&#8217;Angelo ( 93 +Vinous), l&#8217;Aglianico del Vulture Riserva Caselle della Casa Vinicola d&#8217;Angelo ( 91\/100 Wine Spectator), il Morellino di Scansano Suberli ( 91\/100 James Suckling) , solo per citarne alcuni italiani.<\/p>\n<p><strong>Vini straordinari dall&#8217;Europa<\/strong><br \/>\nAlla 12\u00b0 edizione della Grande Festa del Vino si avr\u00e0 la possibilit\u00e0 di degustare vini provenienti dalla Francia come i grandi vini a denominazione AOC Alsace Grand Cru e gli Champagne di Voigny; i potenti vini di Gori\u0161ka Brda in anfora, i prestigiosi vini della Mosella in Germania, le bollicine di Cava &#8220;la seduttrice catalana&#8221;, il Porto &#8220;il vino liquoroso&#8221; pi\u00f9 famoso al mondo, i preziosi e rinomati vini austriaci del Burgenland tra cui i muffati Trockenbeerenauslese e gli speciali vini ungheresi Tokaji Furmint, Aszu e Ice Wine.<\/p>\n<p><strong>Vini dal Resto del Mondo<\/strong><br \/>\nAlla 12\u00b0 edizione della Grande Festa del Vino si avr\u00e0 per la prima volta la possibilit\u00e0 di degustare vini provenienti dalla Georgia, oltre ai paesi gi\u00e0 presenti dalla 11\u00b0 edizione come il Per\u00f9, Uruguay, Messico, Brasile, Sudafrica, Cile, Stati Uniti d&#8217;America, Argentina, Nuova Zelanda, Australia e Israele.<\/p>\n<p><strong>Location: Villa Farsetti \u2013 Santa Maria di Sala (VE)<\/strong><br \/>\nL&#8217;evento si svolger\u00e0 per la seconda volta nella splendida villa veneta (la prima volta nel 2016).<\/p>\n<p>Villa Farsetti fu costruita nella seconda met\u00e0 del XVIII secolo dall&#8217;Architetto Paolo Posi per il nobile Filippo Farsetti, famoso collezionista d&#8217;arte e appassionato di botanica, Villa Farsetti ricorda un castello rococ\u00f2 francese, con la tipica fisionomia del tardo barocco &#8220;internazionale&#8221;.<\/p>\n<p>Villa Farsetti piano terra: Degustazione di vini italiani &#8220;Tradizionali&#8221; e selezione food.<\/p>\n<p>Sala &#8220;Cedraie&#8221;: Saranno in scena i vini italiani &#8220;biologici, biodinamici o naturali&#8221;.<\/p>\n<p>Sala &#8220;Teatro&#8221;: Degustazione di vini internazionali e selezione food.<\/p>\n<p>Sala &#8220;Teatro&#8221; al primo piano: Masterclass.<\/p>\n<p><strong>Apertura al pubblico<\/strong><br \/>\nore 10:00 la degustazione apre al pubblico. Con il costo dell&#8217;entrata \u00e8 previsto in omaggio un calice professionale con tracolla che accompagner\u00e0 durante le degustazioni.<\/p>\n<p>Ai banchi di assaggio saranno presenti produttori e sommelier.<\/p>\n<p>La partecipazione alla manifestazione non necessita di prenotazione, il servizio mescita terminer\u00e0 alle ore 19:30, alle ore 20:00 chiusura della Villa Farsetti.<\/p>\n<p>\u00c8 possibile che alcuni prodotti in degustazione si esauriscono prima della fine della manifestazione. Il pubblico partecipante all&#8217;evento sar\u00e0 anche un giudice, potr\u00e0 infatti votare i migliori vini e la migliore cantina della manifestazione. L&#8217;evento si terr\u00e0 anche in caso di pioggia.<\/p>\n<p><strong>Prezzi Biglietto<\/strong><\/p>\n<p>Acquista i biglietti online in modo sicuro e veloce<\/p>\n<p>Biglietto giornaliero adulti (iva inclusa)<\/p>\n<p>Aprile: \u20ac 20,00 (ricevi in omaggio un cavatappi direttamente alla manifestazione)<\/p>\n<p>Maggio: \u20ac 22,00 (ricevi in omaggio un panettoncino da 100 gr. Loison direttamente alla manifestazione)<\/p>\n<p>Giugno: \u20ac 25,00 (ricevi in omaggio un tappo stopper direttamente alla manifestazione)<\/p>\n<p>Luglio: \u20ac 28,00<\/p>\n<p>Agosto: \u20ac 30,00<\/p>\n<p>Settembre (dal 1 al 5): \u20ac 33,00<\/p>\n<p>Il giorno dell&#8217;evento direttamente alla manifestazione: \u20ac 35,00<\/p>\n<p>Biglietto bi-giornaliero adulti (iva inclusa)<\/p>\n<p>Aprile: \u20ac 35,00 (ricevi in omaggio un cavatappi direttamente alla manifestazione)<\/p>\n<p>Maggio: \u20ac 40,00 (ricevi in omaggio un panettoncino da 100 gr. Loison direttamente alla manifestazione)<\/p>\n<p>Giugno: \u20ac 45,00 (ricevi in omaggio un tappo stopper direttamente alla manifestazione)<\/p>\n<p>Luglio: \u20ac 50,00<\/p>\n<p>Agosto: \u20ac 55,00<\/p>\n<p>Settembre (dal 1 al 5): \u20ac 60,00<\/p>\n<p>Il giorno dell&#8217;evento direttamente alla manifestazione: \u20ac 65,00<\/p>\n<p>Master Class<br \/>\nPer approfondire temi particolari.<br \/>\nNon mancheranno le Master Class, con 6 incontri per approfondire la conoscenza di superbi vini (storia, metodo di lavorazione, terroir, filosofia del produttore, caratteristiche organolettiche) guidati da professionisti di fama internazionale.<\/p>\n<p><strong>Sabato 7 Settembre<\/strong><\/p>\n<p>Ore 12:00 &#8220;Verticale di Tokaji Asz\u00f9&#8221;<\/p>\n<p>Affascinante percorso sensoriale per il pi\u00f9 celebre dei vini ungheresi, il Tokaji Asz\u00fa, primo vino muffato mai prodotto dall&#8217;uomo!<\/p>\n<p>Verticale storica di Tokaji Asz\u00fa 5 puttonyos della cantina Chateau Pajzos (per la prima volta in Italia).<\/p>\n<p>Annate da definire<\/p>\n<p>6 vini unici raccontanti e degustati da Dr. Laurent Comas CEO Chateau Pajzos \u2013 Prezzo a persona \u20ac da definire.<\/p>\n<p>Ore 15:00 &#8220;Verticale Nobile di Montepulciano&#8221;<\/p>\n<p>Una verticale tra le pi\u00f9 grandi annate del Nobile di Montepulciano dal ad oggi. Verticale storica della Tenuta di Gracciano della Seta.<\/p>\n<p><strong>Annate in degustazione<\/strong><\/p>\n<p>2016 &#8211; 2013 &#8211; 2004 &#8211; 1995 &#8211; 1980 \u2013 1970<\/p>\n<p>6 grandi vini raccontanti e degustati da Dr. Enologo Julio G. Straccia (enologo della Tenuta di Gracciano della Seta) \u2013 Prezzo a persona \u20ac 45,00.<\/p>\n<p>Ore 17:30 &#8220;Verticale di Porto Tawny&#8221; da 10 a oltre 100 anni<\/p>\n<p>Verticale Storica Porto S. Leonardo Quinta do Mour\u00e3o.<\/p>\n<p>Porto Tawny 10 Years Old<\/p>\n<p>Porto Tawny 20 Years Old<\/p>\n<p>Porto Tawny 30 Years Old<\/p>\n<p>Porto Tawny 40 Years Old<\/p>\n<p>Porto Tawny 60 Years Very Old<\/p>\n<p>Porto Tawny +100 Years Very Old<\/p>\n<p>6 straordinari vini raccontanti e degustati da Dr. Enologo Giuseppe Vaccarini, vincitore del Concorso Miglior Sommelier del Mondo A.S.I. 1978<\/p>\n<p>Presidente A.S.P.I. (Associazione Sommellerie Professionale Italiana) \u2013 Prezzo a persona \u20ac 160,00.<\/p>\n<p><strong>Domenica 8 Settembre<\/strong><\/p>\n<p>Ore 12:00 &#8220;Education sul Riesling&#8221;<\/p>\n<p>Affascinante percorso sensoriale su un vino unico.<\/p>\n<p>Valle del Riesling Oltrep\u00f2 \u2013 Italia<\/p>\n<p>Alsace &#8211; Francia<\/p>\n<p>Mosella \u2013 Germania<\/p>\n<p>Burgenland &#8211; Austria<\/p>\n<p>6 grandi vini raccontanti e degustati da Dr. Enologo Fabrizio Maria Marzi \u2013 Relatore e Degustatore Ufficiale A.I.S. Prezzo a persona \u20ac 30,00.<\/p>\n<p>Ore 15:00 &#8220;I Vini Muffati del Burgenland&#8221;<\/p>\n<p>Affascinante percorso sensoriale sui vini muffati del Burgenland, verticale storica della cantina Gangl Wines.<\/p>\n<p>Zweigelt Beerenauslese 2007<\/p>\n<p>Zweigelt Trockenbeerenauslese 2006<\/p>\n<p>Zweigelt Trockenbeerenauslese 2005<\/p>\n<p>Bouvier Beerenauslese 2011<\/p>\n<p>Bouvier Beerenauslese 2001<\/p>\n<p>Bouvier Trockenbeerenauslese 1991<\/p>\n<p>6 vini unici raccontanti e degustati da Dr. Enologo e Biologo Helmut Gang \u2013 Prezzo a persona \u20ac 45,00.<\/p>\n<p>Ore 17:30 &#8220;Verticale di Sassicaia&#8221;<\/p>\n<p>Una verticale tra le pi\u00f9 grandi annate del Sassicaia dal 1993 al 2014. Semplicemente uno dei migliori vini d&#8217;Italia.<\/p>\n<p>Annate in degustazione<\/p>\n<p>1993 &#8211; 1999 &#8211; 2005- 2010 \u2013 2014<\/p>\n<p>5 grandi vini raccontanti e degustati da (Relatore da confermare) \u2013 Prezzo a persona \u20ac 150,00.<\/p>\n<p>La quota per i Master Class non include: l&#8217;entrata all&#8217;evento della 12\u00b0 edizione di &#8220;La Grande Festa del Vino&#8221; \u2013 obbligatorio l&#8217;acquisto a parte.<\/p>\n<p><strong>Wine Shop<\/strong><br \/>\nDurante la manifestazione &#8220;La Grande Festa del Vino&#8221; si potranno acquistare direttamente i vini in degustazione presso il negozio allestito in Villa Farsetti e i prodotti gastronomici direttamente allo stand dell&#8217;espositore. Tutti i prodotti saranno in vendita ad un prezzo promozionale per l&#8217;occasione.<\/p>\n<p><strong>Punto Ristoro<\/strong><br \/>\nNell&#8217;area esterna della villa, sar\u00e0 presente un punto ristoro gestito direttamente dal ristorante &#8220;Tre Ponti&#8221; con prelibatezze del territorio. I prodotti sono in vendita (non inclusi nel biglietto d&#8217;entrata.)<\/p>\n<p><strong>Organizzatore Evento<\/strong><br \/>\nEnoteca Le Cantine Dei Dogi dei Fratelli Berna Ezio &amp; Vanni.<\/p>\n<p>Vi aspettiamo per brindare con le oltre 7.000 bottiglie di altissima qualit\u00e0, italiane e straniere in degustazione, in un percorso entusiasmante nello sterminato magico mondo del vino in tutte le sue sfaccettature.<\/p>\n<p><strong>Il Gal\u00e0 dei Dogi: cena con i produttori<\/strong><br \/>\nLa sera \u00e8 l&#8217;alta cucina a diventare protagonista in una location da sogno immersa nel verde: sabato 7 settembre 2019 il ristorante &#8220;location da definire&#8221; dalle ore 21:00 ospiter\u00e0 la &#8220;cena evento della 12ma edizione della Grande Festa del Vino&#8221;, saranno presenti tutti i produttori della manifestazione. Il ristorante proporr\u00e0 un loro personale menu interpretando le specialit\u00e0 tipiche veneziane.<\/p>\n<p>Durante la cena gli ospiti saranno intrattenuti da due spettacoli di danza by Alma Salsera.<\/p>\n<p>Per ulteriori informazioni visitare il sito http:\/\/www.lagrandefestadelvino.it\/<\/p>","protected":false},"excerpt":{"rendered":"<p>Torna, da sabato 7 a domenica 8 settembre 2019 in Veneto e precisamente a Santa Maria di Sala la 12\u00b0 edizione della Grande Festa del Vino, l&#8217;evento dedicato al vino che vede protagonisti 90 tra i migliori produttori nazionali e mondiali. Per due giorni incontri e cene gourmet fanno da cornice alle degustazioni che si [&hellip;]<\/p>\n","protected":false},"author":2,"featured_media":0,"comment_status":"closed","ping_status":"open","sticky":false,"template":"","format":"standard","meta":{"footnotes":""},"categories":[3393],"tags":[],"class_list":["post-103731","post","type-post","status-publish","format-standard","category-eventi-enogastronomici"],"yoast_head":"<!-- This site is optimized with the Yoast SEO plugin v28.4 - https:\/\/yoast.com\/product\/yoast-seo-wordpress\/ -->\n<title>La Grande Festa del Vino 12\u00b0 Edizione.\u00a07 - 8 Settembre 2019 Santa Maria di Sala, Venezia.\u00a0I Grandi Vini d&#039;Italia e del Mondo - Bellunopress - Dolomiti<\/title>\n<meta name=\"robots\" content=\"index, follow, max-snippet:-1, max-image-preview:large, max-video-preview:-1\" \/>\n<link rel=\"canonical\" href=\"https:\/\/www.bellunopress.it\/fr\/2019\/04\/12\/la-grande-festa-del-vino-12-edizione-7-8-settembre-2019-santa-maria-di-sala-venezia-i-grandi-vini-ditalia-e-del-mondo\/\" \/>\n<meta property=\"og:locale\" content=\"fr_FR\" \/>\n<meta property=\"og:type\" content=\"article\" \/>\n<meta property=\"og:title\" content=\"La Grande Festa del Vino 12\u00b0 Edizione.\u00a07 - 8 Settembre 2019 Santa Maria di Sala, Venezia.\u00a0I Grandi Vini d&#039;Italia e del Mondo - Bellunopress - Dolomiti\" \/>\n<meta property=\"og:description\" content=\"Torna, da sabato 7 a domenica 8 settembre 2019 in Veneto e precisamente a Santa Maria di Sala la 12\u00b0 edizione della Grande Festa del Vino, l&#8217;evento dedicato al vino che vede protagonisti 90 tra i migliori produttori nazionali e mondiali. Per due giorni incontri e cene gourmet fanno da cornice alle degustazioni che si [&hellip;]\" \/>\n<meta property=\"og:url\" content=\"https:\/\/www.bellunopress.it\/fr\/2019\/04\/12\/la-grande-festa-del-vino-12-edizione-7-8-settembre-2019-santa-maria-di-sala-venezia-i-grandi-vini-ditalia-e-del-mondo\/\" \/>\n<meta property=\"og:site_name\" content=\"Bellunopress - Dolomiti\" \/>\n<meta property=\"article:publisher\" content=\"https:\/\/www.facebook.com\/profile.php?id=100008943462799\" \/>\n<meta property=\"article:published_time\" content=\"2019-04-12T06:31:45+00:00\" \/>\n<meta property=\"article:modified_time\" content=\"2019-04-12T06:31:46+00:00\" \/>\n<meta property=\"og:image\" content=\"http:\/\/www.bellunopress.it\/wp-content\/uploads\/2019\/04\/villa-farsetti-s-maria-di-sala.jpg\" \/>\n<meta name=\"author\" content=\"redazione\" \/>\n<meta name=\"twitter:card\" content=\"summary_large_image\" \/>\n<meta name=\"twitter:creator\" content=\"@bellunopress\" \/>\n<meta name=\"twitter:site\" content=\"@bellunopress\" \/>\n<meta name=\"twitter:label1\" content=\"\u00c9crit par\" \/>\n\t<meta name=\"twitter:data1\" content=\"redazione\" \/>\n\t<meta name=\"twitter:label2\" content=\"Dur\u00e9e de lecture estim\u00e9e\" \/>\n\t<meta name=\"twitter:data2\" content=\"8 minutes\" \/>\n<script type=\"application\/ld+json\" class=\"yoast-schema-graph\">{\"@context\":\"https:\\\/\\\/schema.org\",\"@graph\":[{\"@type\":\"Article\",\"@id\":\"https:\\\/\\\/www.bellunopress.it\\\/2019\\\/04\\\/12\\\/la-grande-festa-del-vino-12-edizione-7-8-settembre-2019-santa-maria-di-sala-venezia-i-grandi-vini-ditalia-e-del-mondo\\\/#article\",\"isPartOf\":{\"@id\":\"https:\\\/\\\/www.bellunopress.it\\\/2019\\\/04\\\/12\\\/la-grande-festa-del-vino-12-edizione-7-8-settembre-2019-santa-maria-di-sala-venezia-i-grandi-vini-ditalia-e-del-mondo\\\/\"},\"author\":{\"name\":\"redazione\",\"@id\":\"https:\\\/\\\/www.bellunopress.it\\\/#\\\/schema\\\/person\\\/79bb06722b37ece1c03d3e94beb30d73\"},\"headline\":\"La Grande Festa del Vino 12\u00b0 Edizione.\u00a07 &#8211; 8 Settembre 2019 Santa Maria di Sala, Venezia.\u00a0I Grandi Vini d&#8217;Italia e del Mondo\",\"datePublished\":\"2019-04-12T06:31:45+00:00\",\"dateModified\":\"2019-04-12T06:31:46+00:00\",\"mainEntityOfPage\":{\"@id\":\"https:\\\/\\\/www.bellunopress.it\\\/2019\\\/04\\\/12\\\/la-grande-festa-del-vino-12-edizione-7-8-settembre-2019-santa-maria-di-sala-venezia-i-grandi-vini-ditalia-e-del-mondo\\\/\"},\"wordCount\":1594,\"publisher\":{\"@id\":\"https:\\\/\\\/www.bellunopress.it\\\/#organization\"},\"image\":{\"@id\":\"https:\\\/\\\/www.bellunopress.it\\\/2019\\\/04\\\/12\\\/la-grande-festa-del-vino-12-edizione-7-8-settembre-2019-santa-maria-di-sala-venezia-i-grandi-vini-ditalia-e-del-mondo\\\/#primaryimage\"},\"thumbnailUrl\":\"http:\\\/\\\/www.bellunopress.it\\\/wp-content\\\/uploads\\\/2019\\\/04\\\/villa-farsetti-s-maria-di-sala.jpg\",\"articleSection\":[\"Eventi enogastronomici\"],\"inLanguage\":\"fr-FR\"},{\"@type\":\"WebPage\",\"@id\":\"https:\\\/\\\/www.bellunopress.it\\\/2019\\\/04\\\/12\\\/la-grande-festa-del-vino-12-edizione-7-8-settembre-2019-santa-maria-di-sala-venezia-i-grandi-vini-ditalia-e-del-mondo\\\/\",\"url\":\"https:\\\/\\\/www.bellunopress.it\\\/2019\\\/04\\\/12\\\/la-grande-festa-del-vino-12-edizione-7-8-settembre-2019-santa-maria-di-sala-venezia-i-grandi-vini-ditalia-e-del-mondo\\\/\",\"name\":\"La Grande Festa del Vino 12\u00b0 Edizione.\u00a07 - 8 Settembre 2019 Santa Maria di Sala, Venezia.\u00a0I Grandi Vini d'Italia e del Mondo - Bellunopress - Dolomiti\",\"isPartOf\":{\"@id\":\"https:\\\/\\\/www.bellunopress.it\\\/#website\"},\"primaryImageOfPage\":{\"@id\":\"https:\\\/\\\/www.bellunopress.it\\\/2019\\\/04\\\/12\\\/la-grande-festa-del-vino-12-edizione-7-8-settembre-2019-santa-maria-di-sala-venezia-i-grandi-vini-ditalia-e-del-mondo\\\/#primaryimage\"},\"image\":{\"@id\":\"https:\\\/\\\/www.bellunopress.it\\\/2019\\\/04\\\/12\\\/la-grande-festa-del-vino-12-edizione-7-8-settembre-2019-santa-maria-di-sala-venezia-i-grandi-vini-ditalia-e-del-mondo\\\/#primaryimage\"},\"thumbnailUrl\":\"http:\\\/\\\/www.bellunopress.it\\\/wp-content\\\/uploads\\\/2019\\\/04\\\/villa-farsetti-s-maria-di-sala.jpg\",\"datePublished\":\"2019-04-12T06:31:45+00:00\",\"dateModified\":\"2019-04-12T06:31:46+00:00\",\"breadcrumb\":{\"@id\":\"https:\\\/\\\/www.bellunopress.it\\\/2019\\\/04\\\/12\\\/la-grande-festa-del-vino-12-edizione-7-8-settembre-2019-santa-maria-di-sala-venezia-i-grandi-vini-ditalia-e-del-mondo\\\/#breadcrumb\"},\"inLanguage\":\"fr-FR\",\"potentialAction\":[{\"@type\":\"ReadAction\",\"target\":[\"https:\\\/\\\/www.bellunopress.it\\\/2019\\\/04\\\/12\\\/la-grande-festa-del-vino-12-edizione-7-8-settembre-2019-santa-maria-di-sala-venezia-i-grandi-vini-ditalia-e-del-mondo\\\/\"]}]},{\"@type\":\"ImageObject\",\"inLanguage\":\"fr-FR\",\"@id\":\"https:\\\/\\\/www.bellunopress.it\\\/2019\\\/04\\\/12\\\/la-grande-festa-del-vino-12-edizione-7-8-settembre-2019-santa-maria-di-sala-venezia-i-grandi-vini-ditalia-e-del-mondo\\\/#primaryimage\",\"url\":\"http:\\\/\\\/www.bellunopress.it\\\/wp-content\\\/uploads\\\/2019\\\/04\\\/villa-farsetti-s-maria-di-sala.jpg\",\"contentUrl\":\"http:\\\/\\\/www.bellunopress.it\\\/wp-content\\\/uploads\\\/2019\\\/04\\\/villa-farsetti-s-maria-di-sala.jpg\"},{\"@type\":\"BreadcrumbList\",\"@id\":\"https:\\\/\\\/www.bellunopress.it\\\/2019\\\/04\\\/12\\\/la-grande-festa-del-vino-12-edizione-7-8-settembre-2019-santa-maria-di-sala-venezia-i-grandi-vini-ditalia-e-del-mondo\\\/#breadcrumb\",\"itemListElement\":[{\"@type\":\"ListItem\",\"position\":1,\"name\":\"Home\",\"item\":\"https:\\\/\\\/www.bellunopress.it\\\/\"},{\"@type\":\"ListItem\",\"position\":2,\"name\":\"La Grande Festa del Vino 12\u00b0 Edizione.\u00a07 &#8211; 8 Settembre 2019 Santa Maria di Sala, Venezia.\u00a0I Grandi Vini d&#8217;Italia e del Mondo\"}]},{\"@type\":\"WebSite\",\"@id\":\"https:\\\/\\\/www.bellunopress.it\\\/#website\",\"url\":\"https:\\\/\\\/www.bellunopress.it\\\/\",\"name\":\"Bellunopress - Dolomiti\",\"description\":\"e-mail: redazione@bellunopress.it\",\"publisher\":{\"@id\":\"https:\\\/\\\/www.bellunopress.it\\\/#organization\"},\"potentialAction\":[{\"@type\":\"SearchAction\",\"target\":{\"@type\":\"EntryPoint\",\"urlTemplate\":\"https:\\\/\\\/www.bellunopress.it\\\/?s={search_term_string}\"},\"query-input\":{\"@type\":\"PropertyValueSpecification\",\"valueRequired\":true,\"valueName\":\"search_term_string\"}}],\"inLanguage\":\"fr-FR\"},{\"@type\":\"Organization\",\"@id\":\"https:\\\/\\\/www.bellunopress.it\\\/#organization\",\"name\":\"Bellunopress\",\"url\":\"https:\\\/\\\/www.bellunopress.it\\\/\",\"logo\":{\"@type\":\"ImageObject\",\"inLanguage\":\"fr-FR\",\"@id\":\"https:\\\/\\\/www.bellunopress.it\\\/#\\\/schema\\\/logo\\\/image\\\/\",\"url\":\"https:\\\/\\\/www.bellunopress.it\\\/wp-content\\\/uploads\\\/2011\\\/05\\\/cropped-logo-bellunopress-.jpg\",\"contentUrl\":\"https:\\\/\\\/www.bellunopress.it\\\/wp-content\\\/uploads\\\/2011\\\/05\\\/cropped-logo-bellunopress-.jpg\",\"width\":512,\"height\":512,\"caption\":\"Bellunopress\"},\"image\":{\"@id\":\"https:\\\/\\\/www.bellunopress.it\\\/#\\\/schema\\\/logo\\\/image\\\/\"},\"sameAs\":[\"https:\\\/\\\/www.facebook.com\\\/profile.php?id=100008943462799\",\"https:\\\/\\\/x.com\\\/bellunopress\",\"https:\\\/\\\/www.linkedin.com\\\/hp\\\/?dnr=JBzUWaJfMUw8vbXJJ2tVW5-I3jZKvC4wsoxE&amp;amp;amp;amp;amp;amp;trk=nav_responsive_tab_home\",\"https:\\\/\\\/www.youtube.com\\\/channel\\\/UCxL0wu1uN0_3_7hGG0306cw\"]},{\"@type\":\"Person\",\"@id\":\"https:\\\/\\\/www.bellunopress.it\\\/#\\\/schema\\\/person\\\/79bb06722b37ece1c03d3e94beb30d73\",\"name\":\"redazione\",\"image\":{\"@type\":\"ImageObject\",\"inLanguage\":\"fr-FR\",\"@id\":\"https:\\\/\\\/secure.gravatar.com\\\/avatar\\\/37d968a2e67a6fd04c169c4bdef102d0bc5d31b2546345219e348575eb80e9a0?s=96&d=mm&r=g\",\"url\":\"https:\\\/\\\/secure.gravatar.com\\\/avatar\\\/37d968a2e67a6fd04c169c4bdef102d0bc5d31b2546345219e348575eb80e9a0?s=96&d=mm&r=g\",\"contentUrl\":\"https:\\\/\\\/secure.gravatar.com\\\/avatar\\\/37d968a2e67a6fd04c169c4bdef102d0bc5d31b2546345219e348575eb80e9a0?s=96&d=mm&r=g\",\"caption\":\"redazione\"},\"sameAs\":[\"http:\\\/\\\/www.bellunopress.it\",\"https:\\\/\\\/x.com\\\/bellunopress\"],\"url\":\"https:\\\/\\\/www.bellunopress.it\\\/fr\\\/author\\\/redazione\\\/\"}]}<\/script>\n<!-- \/ Yoast SEO plugin. -->","yoast_head_json":{"title":"La Grande Festa del Vino 12\u00b0 Edizione.\u00a07 - 8 Settembre 2019 Santa Maria di Sala, Venezia.\u00a0I Grandi Vini d'Italia e del Mondo - Bellunopress - Dolomiti","robots":{"index":"index","follow":"follow","max-snippet":"max-snippet:-1","max-image-preview":"max-image-preview:large","max-video-preview":"max-video-preview:-1"},"canonical":"https:\/\/www.bellunopress.it\/fr\/2019\/04\/12\/la-grande-festa-del-vino-12-edizione-7-8-settembre-2019-santa-maria-di-sala-venezia-i-grandi-vini-ditalia-e-del-mondo\/","og_locale":"fr_FR","og_type":"article","og_title":"La Grande Festa del Vino 12\u00b0 Edizione.\u00a07 - 8 Settembre 2019 Santa Maria di Sala, Venezia.\u00a0I Grandi Vini d'Italia e del Mondo - Bellunopress - Dolomiti","og_description":"Torna, da sabato 7 a domenica 8 settembre 2019 in Veneto e precisamente a Santa Maria di Sala la 12\u00b0 edizione della Grande Festa del Vino, l&#8217;evento dedicato al vino che vede protagonisti 90 tra i migliori produttori nazionali e mondiali. Per due giorni incontri e cene gourmet fanno da cornice alle degustazioni che si [&hellip;]","og_url":"https:\/\/www.bellunopress.it\/fr\/2019\/04\/12\/la-grande-festa-del-vino-12-edizione-7-8-settembre-2019-santa-maria-di-sala-venezia-i-grandi-vini-ditalia-e-del-mondo\/","og_site_name":"Bellunopress - Dolomiti","article_publisher":"https:\/\/www.facebook.com\/profile.php?id=100008943462799","article_published_time":"2019-04-12T06:31:45+00:00","article_modified_time":"2019-04-12T06:31:46+00:00","og_image":[{"url":"http:\/\/www.bellunopress.it\/wp-content\/uploads\/2019\/04\/villa-farsetti-s-maria-di-sala.jpg","type":"","width":"","height":""}],"author":"redazione","twitter_card":"summary_large_image","twitter_creator":"@bellunopress","twitter_site":"@bellunopress","twitter_misc":{"\u00c9crit par":"redazione","Dur\u00e9e de lecture estim\u00e9e":"8 minutes"},"schema":{"@context":"https:\/\/schema.org","@graph":[{"@type":"Article","@id":"https:\/\/www.bellunopress.it\/2019\/04\/12\/la-grande-festa-del-vino-12-edizione-7-8-settembre-2019-santa-maria-di-sala-venezia-i-grandi-vini-ditalia-e-del-mondo\/#article","isPartOf":{"@id":"https:\/\/www.bellunopress.it\/2019\/04\/12\/la-grande-festa-del-vino-12-edizione-7-8-settembre-2019-santa-maria-di-sala-venezia-i-grandi-vini-ditalia-e-del-mondo\/"},"author":{"name":"redazione","@id":"https:\/\/www.bellunopress.it\/#\/schema\/person\/79bb06722b37ece1c03d3e94beb30d73"},"headline":"La Grande Festa del Vino 12\u00b0 Edizione.\u00a07 &#8211; 8 Settembre 2019 Santa Maria di Sala, Venezia.\u00a0I Grandi Vini d&#8217;Italia e del Mondo","datePublished":"2019-04-12T06:31:45+00:00","dateModified":"2019-04-12T06:31:46+00:00","mainEntityOfPage":{"@id":"https:\/\/www.bellunopress.it\/2019\/04\/12\/la-grande-festa-del-vino-12-edizione-7-8-settembre-2019-santa-maria-di-sala-venezia-i-grandi-vini-ditalia-e-del-mondo\/"},"wordCount":1594,"publisher":{"@id":"https:\/\/www.bellunopress.it\/#organization"},"image":{"@id":"https:\/\/www.bellunopress.it\/2019\/04\/12\/la-grande-festa-del-vino-12-edizione-7-8-settembre-2019-santa-maria-di-sala-venezia-i-grandi-vini-ditalia-e-del-mondo\/#primaryimage"},"thumbnailUrl":"http:\/\/www.bellunopress.it\/wp-content\/uploads\/2019\/04\/villa-farsetti-s-maria-di-sala.jpg","articleSection":["Eventi enogastronomici"],"inLanguage":"fr-FR"},{"@type":"WebPage","@id":"https:\/\/www.bellunopress.it\/2019\/04\/12\/la-grande-festa-del-vino-12-edizione-7-8-settembre-2019-santa-maria-di-sala-venezia-i-grandi-vini-ditalia-e-del-mondo\/","url":"https:\/\/www.bellunopress.it\/2019\/04\/12\/la-grande-festa-del-vino-12-edizione-7-8-settembre-2019-santa-maria-di-sala-venezia-i-grandi-vini-ditalia-e-del-mondo\/","name":"La Grande Festa del Vino 12\u00b0 Edizione.\u00a07 - 8 Settembre 2019 Santa Maria di Sala, Venezia.\u00a0I Grandi Vini d'Italia e del Mondo - Bellunopress - Dolomiti","isPartOf":{"@id":"https:\/\/www.bellunopress.it\/#website"},"primaryImageOfPage":{"@id":"https:\/\/www.bellunopress.it\/2019\/04\/12\/la-grande-festa-del-vino-12-edizione-7-8-settembre-2019-santa-maria-di-sala-venezia-i-grandi-vini-ditalia-e-del-mondo\/#primaryimage"},"image":{"@id":"https:\/\/www.bellunopress.it\/2019\/04\/12\/la-grande-festa-del-vino-12-edizione-7-8-settembre-2019-santa-maria-di-sala-venezia-i-grandi-vini-ditalia-e-del-mondo\/#primaryimage"},"thumbnailUrl":"http:\/\/www.bellunopress.it\/wp-content\/uploads\/2019\/04\/villa-farsetti-s-maria-di-sala.jpg","datePublished":"2019-04-12T06:31:45+00:00","dateModified":"2019-04-12T06:31:46+00:00","breadcrumb":{"@id":"https:\/\/www.bellunopress.it\/2019\/04\/12\/la-grande-festa-del-vino-12-edizione-7-8-settembre-2019-santa-maria-di-sala-venezia-i-grandi-vini-ditalia-e-del-mondo\/#breadcrumb"},"inLanguage":"fr-FR","potentialAction":[{"@type":"ReadAction","target":["https:\/\/www.bellunopress.it\/2019\/04\/12\/la-grande-festa-del-vino-12-edizione-7-8-settembre-2019-santa-maria-di-sala-venezia-i-grandi-vini-ditalia-e-del-mondo\/"]}]},{"@type":"ImageObject","inLanguage":"fr-FR","@id":"https:\/\/www.bellunopress.it\/2019\/04\/12\/la-grande-festa-del-vino-12-edizione-7-8-settembre-2019-santa-maria-di-sala-venezia-i-grandi-vini-ditalia-e-del-mondo\/#primaryimage","url":"http:\/\/www.bellunopress.it\/wp-content\/uploads\/2019\/04\/villa-farsetti-s-maria-di-sala.jpg","contentUrl":"http:\/\/www.bellunopress.it\/wp-content\/uploads\/2019\/04\/villa-farsetti-s-maria-di-sala.jpg"},{"@type":"BreadcrumbList","@id":"https:\/\/www.bellunopress.it\/2019\/04\/12\/la-grande-festa-del-vino-12-edizione-7-8-settembre-2019-santa-maria-di-sala-venezia-i-grandi-vini-ditalia-e-del-mondo\/#breadcrumb","itemListElement":[{"@type":"ListItem","position":1,"name":"Home","item":"https:\/\/www.bellunopress.it\/"},{"@type":"ListItem","position":2,"name":"La Grande Festa del Vino 12\u00b0 Edizione.\u00a07 &#8211; 8 Settembre 2019 Santa Maria di Sala, Venezia.\u00a0I Grandi Vini d&#8217;Italia e del Mondo"}]},{"@type":"WebSite","@id":"https:\/\/www.bellunopress.it\/#website","url":"https:\/\/www.bellunopress.it\/","name":"Bellunopress - Dolomiti","description":"e-mail: redazione@bellunopress.it","publisher":{"@id":"https:\/\/www.bellunopress.it\/#organization"},"potentialAction":[{"@type":"SearchAction","target":{"@type":"EntryPoint","urlTemplate":"https:\/\/www.bellunopress.it\/?s={search_term_string}"},"query-input":{"@type":"PropertyValueSpecification","valueRequired":true,"valueName":"search_term_string"}}],"inLanguage":"fr-FR"},{"@type":"Organization","@id":"https:\/\/www.bellunopress.it\/#organization","name":"Bellunopress","url":"https:\/\/www.bellunopress.it\/","logo":{"@type":"ImageObject","inLanguage":"fr-FR","@id":"https:\/\/www.bellunopress.it\/#\/schema\/logo\/image\/","url":"https:\/\/www.bellunopress.it\/wp-content\/uploads\/2011\/05\/cropped-logo-bellunopress-.jpg","contentUrl":"https:\/\/www.bellunopress.it\/wp-content\/uploads\/2011\/05\/cropped-logo-bellunopress-.jpg","width":512,"height":512,"caption":"Bellunopress"},"image":{"@id":"https:\/\/www.bellunopress.it\/#\/schema\/logo\/image\/"},"sameAs":["https:\/\/www.facebook.com\/profile.php?id=100008943462799","https:\/\/x.com\/bellunopress","https:\/\/www.linkedin.com\/hp\/?dnr=JBzUWaJfMUw8vbXJJ2tVW5-I3jZKvC4wsoxE&amp;amp;amp;amp;amp;amp;trk=nav_responsive_tab_home","https:\/\/www.youtube.com\/channel\/UCxL0wu1uN0_3_7hGG0306cw"]},{"@type":"Person","@id":"https:\/\/www.bellunopress.it\/#\/schema\/person\/79bb06722b37ece1c03d3e94beb30d73","name":"r\u00e9daction","image":{"@type":"ImageObject","inLanguage":"fr-FR","@id":"https:\/\/secure.gravatar.com\/avatar\/37d968a2e67a6fd04c169c4bdef102d0bc5d31b2546345219e348575eb80e9a0?s=96&d=mm&r=g","url":"https:\/\/secure.gravatar.com\/avatar\/37d968a2e67a6fd04c169c4bdef102d0bc5d31b2546345219e348575eb80e9a0?s=96&d=mm&r=g","contentUrl":"https:\/\/secure.gravatar.com\/avatar\/37d968a2e67a6fd04c169c4bdef102d0bc5d31b2546345219e348575eb80e9a0?s=96&d=mm&r=g","caption":"redazione"},"sameAs":["http:\/\/www.bellunopress.it","https:\/\/x.com\/bellunopress"],"url":"https:\/\/www.bellunopress.it\/fr\/author\/redazione\/"}]}},"_links":{"self":[{"href":"https:\/\/www.bellunopress.it\/fr\/wp-json\/wp\/v2\/posts\/103731","targetHints":{"allow":["GET"]}}],"collection":[{"href":"https:\/\/www.bellunopress.it\/fr\/wp-json\/wp\/v2\/posts"}],"about":[{"href":"https:\/\/www.bellunopress.it\/fr\/wp-json\/wp\/v2\/types\/post"}],"author":[{"embeddable":true,"href":"https:\/\/www.bellunopress.it\/fr\/wp-json\/wp\/v2\/users\/2"}],"replies":[{"embeddable":true,"href":"https:\/\/www.bellunopress.it\/fr\/wp-json\/wp\/v2\/comments?post=103731"}],"version-history":[{"count":2,"href":"https:\/\/www.bellunopress.it\/fr\/wp-json\/wp\/v2\/posts\/103731\/revisions"}],"predecessor-version":[{"id":103734,"href":"https:\/\/www.bellunopress.it\/fr\/wp-json\/wp\/v2\/posts\/103731\/revisions\/103734"}],"wp:attachment":[{"href":"https:\/\/www.bellunopress.it\/fr\/wp-json\/wp\/v2\/media?parent=103731"}],"wp:term":[{"taxonomy":"category","embeddable":true,"href":"https:\/\/www.bellunopress.it\/fr\/wp-json\/wp\/v2\/categories?post=103731"},{"taxonomy":"post_tag","embeddable":true,"href":"https:\/\/www.bellunopress.it\/fr\/wp-json\/wp\/v2\/tags?post=103731"}],"curies":[{"name":"wp","href":"https:\/\/api.w.org\/{rel}","templated":true}]}}