{"id":103683,"date":"2019-04-10T13:50:04","date_gmt":"2019-04-10T11:50:04","guid":{"rendered":"http:\/\/www.bellunopress.it\/?p=103683"},"modified":"2019-04-10T16:58:46","modified_gmt":"2019-04-10T14:58:46","slug":"accordo-arpav-izsve-la-sede-arpav-di-via-tomea-diventa-il-polo-per-la-sicurezza-del-territorio-e-alimentare","status":"publish","type":"post","link":"https:\/\/www.bellunopress.it\/fr\/2019\/04\/10\/accordo-arpav-izsve-la-sede-arpav-di-via-tomea-diventa-il-polo-per-la-sicurezza-del-territorio-e-alimentare\/","title":{"rendered":"Accordo Arpav Izsve. La sede Arpav di via Tomea diventa il polo per la sicurezza del territorio e alimentare"},"content":{"rendered":"<p><a href=\"http:\/\/www.bellunopress.it\/fr\/2019\/04\/10\/accordo-arpav-izsve-la-sede-arpav-di-via-tomea-diventa-il-polo-per-la-sicurezza-del-territorio-e-alimentare\/arpav-belluno-2\/\" rel=\"attachment wp-att-103684\"><img loading=\"lazy\" decoding=\"async\" class=\"alignleft size-full wp-image-103684\" src=\"http:\/\/www.bellunopress.it\/wp-content\/uploads\/2019\/04\/Arpav-Belluno.jpg\" alt=\"\" width=\"300\" height=\"215\" \/><\/a>La sinergia fra due enti che operano sul territorio della Regione del Veneto, Arpav e Istituto Zooprofilattico Sperimentale delle Venezie (IZSVe), sta costituendo un vero e proprio polo per la sicurezza del territorio e quella alimentare nel bellunese.<\/p>\n<p>A fine gennaio il dott. Riccardo Guolo, Commissario straordinario dell\u2019agenzia ambientale e il prof. Daniele Bernardini, Direttore Generale dell\u2019Istituto Zooprofilattico hanno finalizzato un\u2019intesa che vede la condivisione della sede di via Tomea di ARPAV, formalizzando un contratto di affitto per il trasferimento nella stessa sede degli uffici e dei laboratori della Sezione di Belluno dell\u2019IZSVe. La sede di via Tomea a Belluno diventer\u00e0 cos\u00ec un polo centrale e un punto di riferimento per la prevenzione ambientale e sanitaria del territorio. In questi giorni saranno consegnati i locali destinati agli uffici amministrativi, mentre proseguono i lavori per l\u2019allestimento dei laboratori per le finalit\u00e0 dell\u2019IZSVe.<\/p>\n<p>La Sezione di Belluno dell\u2019IZSVe, istituita nel 1955, occupa attualmente lo stabile in via Cappellari dal 1959. La Sezione si \u00e8 caratterizzata per il servizio diagnostico, i piani di profilassi delle malattie infettive degli animali, il controllo degli alimenti e la consulenza sulle produzioni del territorio bellunese. Negli ultimi anni inoltre ha intrapreso un\u2019intensa attivit\u00e0 di ricerca sulle malattie della fauna selvatica, in particolare per quelle con impatto sulla zootecnia e sulla salute dell\u2019uomo. Ci\u00f2 le ha consentito di diventare un punto di riferimento per il Triveneto coordinando le attivit\u00e0 dell\u2019IZSVe su questi temi, e di instaurare collaborazioni con diversi enti a livello locale, nazionale e internazionale.<\/p>\n<p>Il trasferimento nella nuova sede, con spazi pi\u00f9 adeguati per il personale e laboratori pi\u00f9 moderni e rispondenti alle nuove esigenze di diagnostica, ricerca e sviluppo, rafforzer\u00e0 le capacit\u00e0 della Sezione di Belluno &#8211; in coordinamento con gli altri laboratori dell\u2019IZSVe &#8211; di recepire le istanze del territorio, intensificare ed estendere le attivit\u00e0 di ricerca in ecopatologia e in altri ambiti che dovessero emergere con l\u2019evolversi della situazione zootecnica e produttiva.<\/p>","protected":false},"excerpt":{"rendered":"<p>La sinergia fra due enti che operano sul territorio della Regione del Veneto, Arpav e Istituto Zooprofilattico Sperimentale delle Venezie (IZSVe), sta costituendo un vero e proprio polo per la sicurezza del territorio e quella alimentare nel bellunese. A fine gennaio il dott. Riccardo Guolo, Commissario straordinario dell\u2019agenzia ambientale e il prof. Daniele Bernardini, Direttore [&hellip;]<\/p>\n","protected":false},"author":2,"featured_media":0,"comment_status":"closed","ping_status":"open","sticky":false,"template":"","format":"standard","meta":{"footnotes":""},"categories":[26,17,8],"tags":[],"class_list":["post-103683","post","type-post","status-publish","format-standard","category-prima-pagina","category-sanita","category-societa-istituzioni"],"yoast_head":"<!-- This site is optimized with the Yoast SEO plugin v28.4 - https:\/\/yoast.com\/product\/yoast-seo-wordpress\/ -->\n<title>Accordo Arpav Izsve. La sede Arpav di via Tomea diventa il polo per la sicurezza del territorio e alimentare - Bellunopress - Dolomiti<\/title>\n<meta name=\"robots\" content=\"index, follow, max-snippet:-1, max-image-preview:large, max-video-preview:-1\" \/>\n<link rel=\"canonical\" href=\"https:\/\/www.bellunopress.it\/fr\/2019\/04\/10\/accordo-arpav-izsve-la-sede-arpav-di-via-tomea-diventa-il-polo-per-la-sicurezza-del-territorio-e-alimentare\/\" \/>\n<meta property=\"og:locale\" content=\"fr_FR\" \/>\n<meta property=\"og:type\" content=\"article\" \/>\n<meta property=\"og:title\" content=\"Accordo Arpav Izsve. La sede Arpav di via Tomea diventa il polo per la sicurezza del territorio e alimentare - Bellunopress - Dolomiti\" \/>\n<meta property=\"og:description\" content=\"La sinergia fra due enti che operano sul territorio della Regione del Veneto, Arpav e Istituto Zooprofilattico Sperimentale delle Venezie (IZSVe), sta costituendo un vero e proprio polo per la sicurezza del territorio e quella alimentare nel bellunese. A fine gennaio il dott. Riccardo Guolo, Commissario straordinario dell\u2019agenzia ambientale e il prof. Daniele Bernardini, Direttore [&hellip;]\" \/>\n<meta property=\"og:url\" content=\"https:\/\/www.bellunopress.it\/fr\/2019\/04\/10\/accordo-arpav-izsve-la-sede-arpav-di-via-tomea-diventa-il-polo-per-la-sicurezza-del-territorio-e-alimentare\/\" \/>\n<meta property=\"og:site_name\" content=\"Bellunopress - Dolomiti\" \/>\n<meta property=\"article:publisher\" content=\"https:\/\/www.facebook.com\/profile.php?id=100008943462799\" \/>\n<meta property=\"article:published_time\" content=\"2019-04-10T11:50:04+00:00\" \/>\n<meta property=\"article:modified_time\" content=\"2019-04-10T14:58:46+00:00\" \/>\n<meta property=\"og:image\" content=\"http:\/\/www.bellunopress.it\/wp-content\/uploads\/2019\/04\/Arpav-Belluno.jpg\" \/>\n<meta name=\"author\" content=\"redazione\" \/>\n<meta name=\"twitter:card\" content=\"summary_large_image\" \/>\n<meta name=\"twitter:creator\" content=\"@bellunopress\" \/>\n<meta name=\"twitter:site\" content=\"@bellunopress\" \/>\n<meta name=\"twitter:label1\" content=\"\u00c9crit par\" \/>\n\t<meta name=\"twitter:data1\" content=\"redazione\" \/>\n\t<meta name=\"twitter:label2\" content=\"Dur\u00e9e de lecture estim\u00e9e\" \/>\n\t<meta name=\"twitter:data2\" content=\"2 minutes\" \/>\n<script type=\"application\/ld+json\" class=\"yoast-schema-graph\">{\"@context\":\"https:\\\/\\\/schema.org\",\"@graph\":[{\"@type\":\"Article\",\"@id\":\"https:\\\/\\\/www.bellunopress.it\\\/2019\\\/04\\\/10\\\/accordo-arpav-izsve-la-sede-arpav-di-via-tomea-diventa-il-polo-per-la-sicurezza-del-territorio-e-alimentare\\\/#article\",\"isPartOf\":{\"@id\":\"https:\\\/\\\/www.bellunopress.it\\\/2019\\\/04\\\/10\\\/accordo-arpav-izsve-la-sede-arpav-di-via-tomea-diventa-il-polo-per-la-sicurezza-del-territorio-e-alimentare\\\/\"},\"author\":{\"name\":\"redazione\",\"@id\":\"https:\\\/\\\/www.bellunopress.it\\\/#\\\/schema\\\/person\\\/79bb06722b37ece1c03d3e94beb30d73\"},\"headline\":\"Accordo Arpav Izsve. La sede Arpav di via Tomea diventa il polo per la sicurezza del territorio e alimentare\",\"datePublished\":\"2019-04-10T11:50:04+00:00\",\"dateModified\":\"2019-04-10T14:58:46+00:00\",\"mainEntityOfPage\":{\"@id\":\"https:\\\/\\\/www.bellunopress.it\\\/2019\\\/04\\\/10\\\/accordo-arpav-izsve-la-sede-arpav-di-via-tomea-diventa-il-polo-per-la-sicurezza-del-territorio-e-alimentare\\\/\"},\"wordCount\":347,\"publisher\":{\"@id\":\"https:\\\/\\\/www.bellunopress.it\\\/#organization\"},\"image\":{\"@id\":\"https:\\\/\\\/www.bellunopress.it\\\/2019\\\/04\\\/10\\\/accordo-arpav-izsve-la-sede-arpav-di-via-tomea-diventa-il-polo-per-la-sicurezza-del-territorio-e-alimentare\\\/#primaryimage\"},\"thumbnailUrl\":\"http:\\\/\\\/www.bellunopress.it\\\/wp-content\\\/uploads\\\/2019\\\/04\\\/Arpav-Belluno.jpg\",\"articleSection\":[\"Prima Pagina\",\"Sanit\u00e0 Medicina\",\"Societ\u00e0, Associazioni, Istituzioni\"],\"inLanguage\":\"fr-FR\"},{\"@type\":\"WebPage\",\"@id\":\"https:\\\/\\\/www.bellunopress.it\\\/2019\\\/04\\\/10\\\/accordo-arpav-izsve-la-sede-arpav-di-via-tomea-diventa-il-polo-per-la-sicurezza-del-territorio-e-alimentare\\\/\",\"url\":\"https:\\\/\\\/www.bellunopress.it\\\/2019\\\/04\\\/10\\\/accordo-arpav-izsve-la-sede-arpav-di-via-tomea-diventa-il-polo-per-la-sicurezza-del-territorio-e-alimentare\\\/\",\"name\":\"Accordo Arpav Izsve. La sede Arpav di via Tomea diventa il polo per la sicurezza del territorio e alimentare - Bellunopress - Dolomiti\",\"isPartOf\":{\"@id\":\"https:\\\/\\\/www.bellunopress.it\\\/#website\"},\"primaryImageOfPage\":{\"@id\":\"https:\\\/\\\/www.bellunopress.it\\\/2019\\\/04\\\/10\\\/accordo-arpav-izsve-la-sede-arpav-di-via-tomea-diventa-il-polo-per-la-sicurezza-del-territorio-e-alimentare\\\/#primaryimage\"},\"image\":{\"@id\":\"https:\\\/\\\/www.bellunopress.it\\\/2019\\\/04\\\/10\\\/accordo-arpav-izsve-la-sede-arpav-di-via-tomea-diventa-il-polo-per-la-sicurezza-del-territorio-e-alimentare\\\/#primaryimage\"},\"thumbnailUrl\":\"http:\\\/\\\/www.bellunopress.it\\\/wp-content\\\/uploads\\\/2019\\\/04\\\/Arpav-Belluno.jpg\",\"datePublished\":\"2019-04-10T11:50:04+00:00\",\"dateModified\":\"2019-04-10T14:58:46+00:00\",\"breadcrumb\":{\"@id\":\"https:\\\/\\\/www.bellunopress.it\\\/2019\\\/04\\\/10\\\/accordo-arpav-izsve-la-sede-arpav-di-via-tomea-diventa-il-polo-per-la-sicurezza-del-territorio-e-alimentare\\\/#breadcrumb\"},\"inLanguage\":\"fr-FR\",\"potentialAction\":[{\"@type\":\"ReadAction\",\"target\":[\"https:\\\/\\\/www.bellunopress.it\\\/2019\\\/04\\\/10\\\/accordo-arpav-izsve-la-sede-arpav-di-via-tomea-diventa-il-polo-per-la-sicurezza-del-territorio-e-alimentare\\\/\"]}]},{\"@type\":\"ImageObject\",\"inLanguage\":\"fr-FR\",\"@id\":\"https:\\\/\\\/www.bellunopress.it\\\/2019\\\/04\\\/10\\\/accordo-arpav-izsve-la-sede-arpav-di-via-tomea-diventa-il-polo-per-la-sicurezza-del-territorio-e-alimentare\\\/#primaryimage\",\"url\":\"http:\\\/\\\/www.bellunopress.it\\\/wp-content\\\/uploads\\\/2019\\\/04\\\/Arpav-Belluno.jpg\",\"contentUrl\":\"http:\\\/\\\/www.bellunopress.it\\\/wp-content\\\/uploads\\\/2019\\\/04\\\/Arpav-Belluno.jpg\"},{\"@type\":\"BreadcrumbList\",\"@id\":\"https:\\\/\\\/www.bellunopress.it\\\/2019\\\/04\\\/10\\\/accordo-arpav-izsve-la-sede-arpav-di-via-tomea-diventa-il-polo-per-la-sicurezza-del-territorio-e-alimentare\\\/#breadcrumb\",\"itemListElement\":[{\"@type\":\"ListItem\",\"position\":1,\"name\":\"Home\",\"item\":\"https:\\\/\\\/www.bellunopress.it\\\/\"},{\"@type\":\"ListItem\",\"position\":2,\"name\":\"Accordo Arpav Izsve. La sede Arpav di via Tomea diventa il polo per la sicurezza del territorio e alimentare\"}]},{\"@type\":\"WebSite\",\"@id\":\"https:\\\/\\\/www.bellunopress.it\\\/#website\",\"url\":\"https:\\\/\\\/www.bellunopress.it\\\/\",\"name\":\"Bellunopress - Dolomiti\",\"description\":\"e-mail: redazione@bellunopress.it\",\"publisher\":{\"@id\":\"https:\\\/\\\/www.bellunopress.it\\\/#organization\"},\"potentialAction\":[{\"@type\":\"SearchAction\",\"target\":{\"@type\":\"EntryPoint\",\"urlTemplate\":\"https:\\\/\\\/www.bellunopress.it\\\/?s={search_term_string}\"},\"query-input\":{\"@type\":\"PropertyValueSpecification\",\"valueRequired\":true,\"valueName\":\"search_term_string\"}}],\"inLanguage\":\"fr-FR\"},{\"@type\":\"Organization\",\"@id\":\"https:\\\/\\\/www.bellunopress.it\\\/#organization\",\"name\":\"Bellunopress\",\"url\":\"https:\\\/\\\/www.bellunopress.it\\\/\",\"logo\":{\"@type\":\"ImageObject\",\"inLanguage\":\"fr-FR\",\"@id\":\"https:\\\/\\\/www.bellunopress.it\\\/#\\\/schema\\\/logo\\\/image\\\/\",\"url\":\"https:\\\/\\\/www.bellunopress.it\\\/wp-content\\\/uploads\\\/2011\\\/05\\\/cropped-logo-bellunopress-.jpg\",\"contentUrl\":\"https:\\\/\\\/www.bellunopress.it\\\/wp-content\\\/uploads\\\/2011\\\/05\\\/cropped-logo-bellunopress-.jpg\",\"width\":512,\"height\":512,\"caption\":\"Bellunopress\"},\"image\":{\"@id\":\"https:\\\/\\\/www.bellunopress.it\\\/#\\\/schema\\\/logo\\\/image\\\/\"},\"sameAs\":[\"https:\\\/\\\/www.facebook.com\\\/profile.php?id=100008943462799\",\"https:\\\/\\\/x.com\\\/bellunopress\",\"https:\\\/\\\/www.linkedin.com\\\/hp\\\/?dnr=JBzUWaJfMUw8vbXJJ2tVW5-I3jZKvC4wsoxE&amp;amp;amp;amp;amp;amp;trk=nav_responsive_tab_home\",\"https:\\\/\\\/www.youtube.com\\\/channel\\\/UCxL0wu1uN0_3_7hGG0306cw\"]},{\"@type\":\"Person\",\"@id\":\"https:\\\/\\\/www.bellunopress.it\\\/#\\\/schema\\\/person\\\/79bb06722b37ece1c03d3e94beb30d73\",\"name\":\"redazione\",\"image\":{\"@type\":\"ImageObject\",\"inLanguage\":\"fr-FR\",\"@id\":\"https:\\\/\\\/secure.gravatar.com\\\/avatar\\\/37d968a2e67a6fd04c169c4bdef102d0bc5d31b2546345219e348575eb80e9a0?s=96&d=mm&r=g\",\"url\":\"https:\\\/\\\/secure.gravatar.com\\\/avatar\\\/37d968a2e67a6fd04c169c4bdef102d0bc5d31b2546345219e348575eb80e9a0?s=96&d=mm&r=g\",\"contentUrl\":\"https:\\\/\\\/secure.gravatar.com\\\/avatar\\\/37d968a2e67a6fd04c169c4bdef102d0bc5d31b2546345219e348575eb80e9a0?s=96&d=mm&r=g\",\"caption\":\"redazione\"},\"sameAs\":[\"http:\\\/\\\/www.bellunopress.it\",\"https:\\\/\\\/x.com\\\/bellunopress\"],\"url\":\"https:\\\/\\\/www.bellunopress.it\\\/fr\\\/author\\\/redazione\\\/\"}]}<\/script>\n<!-- \/ Yoast SEO plugin. -->","yoast_head_json":{"title":"Accordo Arpav Izsve. La sede Arpav di via Tomea diventa il polo per la sicurezza del territorio e alimentare - Bellunopress - Dolomiti","robots":{"index":"index","follow":"follow","max-snippet":"max-snippet:-1","max-image-preview":"max-image-preview:large","max-video-preview":"max-video-preview:-1"},"canonical":"https:\/\/www.bellunopress.it\/fr\/2019\/04\/10\/accordo-arpav-izsve-la-sede-arpav-di-via-tomea-diventa-il-polo-per-la-sicurezza-del-territorio-e-alimentare\/","og_locale":"fr_FR","og_type":"article","og_title":"Accordo Arpav Izsve. La sede Arpav di via Tomea diventa il polo per la sicurezza del territorio e alimentare - Bellunopress - Dolomiti","og_description":"La sinergia fra due enti che operano sul territorio della Regione del Veneto, Arpav e Istituto Zooprofilattico Sperimentale delle Venezie (IZSVe), sta costituendo un vero e proprio polo per la sicurezza del territorio e quella alimentare nel bellunese. A fine gennaio il dott. Riccardo Guolo, Commissario straordinario dell\u2019agenzia ambientale e il prof. Daniele Bernardini, Direttore [&hellip;]","og_url":"https:\/\/www.bellunopress.it\/fr\/2019\/04\/10\/accordo-arpav-izsve-la-sede-arpav-di-via-tomea-diventa-il-polo-per-la-sicurezza-del-territorio-e-alimentare\/","og_site_name":"Bellunopress - Dolomiti","article_publisher":"https:\/\/www.facebook.com\/profile.php?id=100008943462799","article_published_time":"2019-04-10T11:50:04+00:00","article_modified_time":"2019-04-10T14:58:46+00:00","og_image":[{"url":"http:\/\/www.bellunopress.it\/wp-content\/uploads\/2019\/04\/Arpav-Belluno.jpg","type":"","width":"","height":""}],"author":"redazione","twitter_card":"summary_large_image","twitter_creator":"@bellunopress","twitter_site":"@bellunopress","twitter_misc":{"\u00c9crit par":"redazione","Dur\u00e9e de lecture estim\u00e9e":"2 minutes"},"schema":{"@context":"https:\/\/schema.org","@graph":[{"@type":"Article","@id":"https:\/\/www.bellunopress.it\/2019\/04\/10\/accordo-arpav-izsve-la-sede-arpav-di-via-tomea-diventa-il-polo-per-la-sicurezza-del-territorio-e-alimentare\/#article","isPartOf":{"@id":"https:\/\/www.bellunopress.it\/2019\/04\/10\/accordo-arpav-izsve-la-sede-arpav-di-via-tomea-diventa-il-polo-per-la-sicurezza-del-territorio-e-alimentare\/"},"author":{"name":"redazione","@id":"https:\/\/www.bellunopress.it\/#\/schema\/person\/79bb06722b37ece1c03d3e94beb30d73"},"headline":"Accordo Arpav Izsve. La sede Arpav di via Tomea diventa il polo per la sicurezza del territorio e alimentare","datePublished":"2019-04-10T11:50:04+00:00","dateModified":"2019-04-10T14:58:46+00:00","mainEntityOfPage":{"@id":"https:\/\/www.bellunopress.it\/2019\/04\/10\/accordo-arpav-izsve-la-sede-arpav-di-via-tomea-diventa-il-polo-per-la-sicurezza-del-territorio-e-alimentare\/"},"wordCount":347,"publisher":{"@id":"https:\/\/www.bellunopress.it\/#organization"},"image":{"@id":"https:\/\/www.bellunopress.it\/2019\/04\/10\/accordo-arpav-izsve-la-sede-arpav-di-via-tomea-diventa-il-polo-per-la-sicurezza-del-territorio-e-alimentare\/#primaryimage"},"thumbnailUrl":"http:\/\/www.bellunopress.it\/wp-content\/uploads\/2019\/04\/Arpav-Belluno.jpg","articleSection":["Prima Pagina","Sanit\u00e0 Medicina","Societ\u00e0, Associazioni, Istituzioni"],"inLanguage":"fr-FR"},{"@type":"WebPage","@id":"https:\/\/www.bellunopress.it\/2019\/04\/10\/accordo-arpav-izsve-la-sede-arpav-di-via-tomea-diventa-il-polo-per-la-sicurezza-del-territorio-e-alimentare\/","url":"https:\/\/www.bellunopress.it\/2019\/04\/10\/accordo-arpav-izsve-la-sede-arpav-di-via-tomea-diventa-il-polo-per-la-sicurezza-del-territorio-e-alimentare\/","name":"Accordo Arpav Izsve. La sede Arpav di via Tomea diventa il polo per la sicurezza del territorio e alimentare - Bellunopress - Dolomiti","isPartOf":{"@id":"https:\/\/www.bellunopress.it\/#website"},"primaryImageOfPage":{"@id":"https:\/\/www.bellunopress.it\/2019\/04\/10\/accordo-arpav-izsve-la-sede-arpav-di-via-tomea-diventa-il-polo-per-la-sicurezza-del-territorio-e-alimentare\/#primaryimage"},"image":{"@id":"https:\/\/www.bellunopress.it\/2019\/04\/10\/accordo-arpav-izsve-la-sede-arpav-di-via-tomea-diventa-il-polo-per-la-sicurezza-del-territorio-e-alimentare\/#primaryimage"},"thumbnailUrl":"http:\/\/www.bellunopress.it\/wp-content\/uploads\/2019\/04\/Arpav-Belluno.jpg","datePublished":"2019-04-10T11:50:04+00:00","dateModified":"2019-04-10T14:58:46+00:00","breadcrumb":{"@id":"https:\/\/www.bellunopress.it\/2019\/04\/10\/accordo-arpav-izsve-la-sede-arpav-di-via-tomea-diventa-il-polo-per-la-sicurezza-del-territorio-e-alimentare\/#breadcrumb"},"inLanguage":"fr-FR","potentialAction":[{"@type":"ReadAction","target":["https:\/\/www.bellunopress.it\/2019\/04\/10\/accordo-arpav-izsve-la-sede-arpav-di-via-tomea-diventa-il-polo-per-la-sicurezza-del-territorio-e-alimentare\/"]}]},{"@type":"ImageObject","inLanguage":"fr-FR","@id":"https:\/\/www.bellunopress.it\/2019\/04\/10\/accordo-arpav-izsve-la-sede-arpav-di-via-tomea-diventa-il-polo-per-la-sicurezza-del-territorio-e-alimentare\/#primaryimage","url":"http:\/\/www.bellunopress.it\/wp-content\/uploads\/2019\/04\/Arpav-Belluno.jpg","contentUrl":"http:\/\/www.bellunopress.it\/wp-content\/uploads\/2019\/04\/Arpav-Belluno.jpg"},{"@type":"BreadcrumbList","@id":"https:\/\/www.bellunopress.it\/2019\/04\/10\/accordo-arpav-izsve-la-sede-arpav-di-via-tomea-diventa-il-polo-per-la-sicurezza-del-territorio-e-alimentare\/#breadcrumb","itemListElement":[{"@type":"ListItem","position":1,"name":"Home","item":"https:\/\/www.bellunopress.it\/"},{"@type":"ListItem","position":2,"name":"Accordo Arpav Izsve. La sede Arpav di via Tomea diventa il polo per la sicurezza del territorio e alimentare"}]},{"@type":"WebSite","@id":"https:\/\/www.bellunopress.it\/#website","url":"https:\/\/www.bellunopress.it\/","name":"Bellunopress - Dolomiti","description":"e-mail: redazione@bellunopress.it","publisher":{"@id":"https:\/\/www.bellunopress.it\/#organization"},"potentialAction":[{"@type":"SearchAction","target":{"@type":"EntryPoint","urlTemplate":"https:\/\/www.bellunopress.it\/?s={search_term_string}"},"query-input":{"@type":"PropertyValueSpecification","valueRequired":true,"valueName":"search_term_string"}}],"inLanguage":"fr-FR"},{"@type":"Organization","@id":"https:\/\/www.bellunopress.it\/#organization","name":"Bellunopress","url":"https:\/\/www.bellunopress.it\/","logo":{"@type":"ImageObject","inLanguage":"fr-FR","@id":"https:\/\/www.bellunopress.it\/#\/schema\/logo\/image\/","url":"https:\/\/www.bellunopress.it\/wp-content\/uploads\/2011\/05\/cropped-logo-bellunopress-.jpg","contentUrl":"https:\/\/www.bellunopress.it\/wp-content\/uploads\/2011\/05\/cropped-logo-bellunopress-.jpg","width":512,"height":512,"caption":"Bellunopress"},"image":{"@id":"https:\/\/www.bellunopress.it\/#\/schema\/logo\/image\/"},"sameAs":["https:\/\/www.facebook.com\/profile.php?id=100008943462799","https:\/\/x.com\/bellunopress","https:\/\/www.linkedin.com\/hp\/?dnr=JBzUWaJfMUw8vbXJJ2tVW5-I3jZKvC4wsoxE&amp;amp;amp;amp;amp;amp;trk=nav_responsive_tab_home","https:\/\/www.youtube.com\/channel\/UCxL0wu1uN0_3_7hGG0306cw"]},{"@type":"Person","@id":"https:\/\/www.bellunopress.it\/#\/schema\/person\/79bb06722b37ece1c03d3e94beb30d73","name":"r\u00e9daction","image":{"@type":"ImageObject","inLanguage":"fr-FR","@id":"https:\/\/secure.gravatar.com\/avatar\/37d968a2e67a6fd04c169c4bdef102d0bc5d31b2546345219e348575eb80e9a0?s=96&d=mm&r=g","url":"https:\/\/secure.gravatar.com\/avatar\/37d968a2e67a6fd04c169c4bdef102d0bc5d31b2546345219e348575eb80e9a0?s=96&d=mm&r=g","contentUrl":"https:\/\/secure.gravatar.com\/avatar\/37d968a2e67a6fd04c169c4bdef102d0bc5d31b2546345219e348575eb80e9a0?s=96&d=mm&r=g","caption":"redazione"},"sameAs":["http:\/\/www.bellunopress.it","https:\/\/x.com\/bellunopress"],"url":"https:\/\/www.bellunopress.it\/fr\/author\/redazione\/"}]}},"_links":{"self":[{"href":"https:\/\/www.bellunopress.it\/fr\/wp-json\/wp\/v2\/posts\/103683","targetHints":{"allow":["GET"]}}],"collection":[{"href":"https:\/\/www.bellunopress.it\/fr\/wp-json\/wp\/v2\/posts"}],"about":[{"href":"https:\/\/www.bellunopress.it\/fr\/wp-json\/wp\/v2\/types\/post"}],"author":[{"embeddable":true,"href":"https:\/\/www.bellunopress.it\/fr\/wp-json\/wp\/v2\/users\/2"}],"replies":[{"embeddable":true,"href":"https:\/\/www.bellunopress.it\/fr\/wp-json\/wp\/v2\/comments?post=103683"}],"version-history":[{"count":2,"href":"https:\/\/www.bellunopress.it\/fr\/wp-json\/wp\/v2\/posts\/103683\/revisions"}],"predecessor-version":[{"id":103686,"href":"https:\/\/www.bellunopress.it\/fr\/wp-json\/wp\/v2\/posts\/103683\/revisions\/103686"}],"wp:attachment":[{"href":"https:\/\/www.bellunopress.it\/fr\/wp-json\/wp\/v2\/media?parent=103683"}],"wp:term":[{"taxonomy":"category","embeddable":true,"href":"https:\/\/www.bellunopress.it\/fr\/wp-json\/wp\/v2\/categories?post=103683"},{"taxonomy":"post_tag","embeddable":true,"href":"https:\/\/www.bellunopress.it\/fr\/wp-json\/wp\/v2\/tags?post=103683"}],"curies":[{"name":"wp","href":"https:\/\/api.w.org\/{rel}","templated":true}]}}