{"id":103681,"date":"2019-04-10T09:36:24","date_gmt":"2019-04-10T07:36:24","guid":{"rendered":"http:\/\/www.bellunopress.it\/?p=103681"},"modified":"2019-04-12T14:05:41","modified_gmt":"2019-04-12T12:05:41","slug":"cibo-e-veleni-se-ne-parla-giovedi-alla-libreria-quattro-sass-di-rasai-di-seren-del-grappa-con-ivo-bertaina","status":"publish","type":"post","link":"https:\/\/www.bellunopress.it\/fr\/2019\/04\/10\/cibo-e-veleni-se-ne-parla-giovedi-alla-libreria-quattro-sass-di-rasai-di-seren-del-grappa-con-ivo-bertaina\/","title":{"rendered":"Cibo e veleni. Se ne parla gioved\u00ec alla libreria Quattro Sass di Rasai di Seren del Grappa con Ivo Bertaina"},"content":{"rendered":"<p>Gioved\u00ec 11 aprile si terr\u00e0 a Rasai di Seren del Grappa (BL), presso la libreria &#8220;Quattro Sass&#8221; un interessante convegno dal titolo molto esplicito &#8220;Cibo e Veleni&#8221;.<\/p>\n<figure id=\"attachment_46554\" aria-describedby=\"caption-attachment-46554\" style=\"width: 290px\" class=\"wp-caption alignleft\"><a href=\"http:\/\/www.bellunopress.it\/fr\/2013\/02\/09\/successo-della-campagna-no-ogm-promossa-dal-gruppo-coltivare-codividendo\/coltivare-condividendo\/\" rel=\"attachment wp-att-46554\"><img loading=\"lazy\" decoding=\"async\" class=\"size-full wp-image-46554\" src=\"http:\/\/www.bellunopress.it\/wp-content\/uploads\/2013\/02\/coltivare-condividendo.jpg\" alt=\"\" width=\"290\" height=\"164\" \/><\/a><figcaption id=\"caption-attachment-46554\" class=\"wp-caption-text\">Gruppo Coltivare condividendo<\/figcaption><\/figure>\n<p>Il relatore \u00e8 Ivo Bertaina uno dei massimi tecnici e conoscitori del coltivare biologico e biodinamico, autore di svariati testi e Presidente di AgriBio Italia.<\/p>\n<p>La serata, organizzata da Coltivare Condividendo e da AgriBio avr\u00e0 inizio alle ore 20.30 e sar\u00e0 incentrata sulla questione &#8220;veleni&#8221; in agricoltura. Una tematica molto sentita nella nostra Provincia (e soprattutto nella zona Seren \u2013 Fonzaso) dove stanno comparendo una serie di vigneti intensivi.<\/p>\n<p>Nel volantino distribuito in questi giorni si cita testualmente:<\/p>\n<p>&#8220;Negli ultimi decenni sono stati introdotti in agricoltura nuovi concimi chimici, veleni, semi ibridi, ogm e leggi sempre pi\u00f9 permissive per l&#8217;uso di veleni vari.<\/p>\n<p>In questo incontro faremo una breve storia di questa silenziosa azione di<br \/>\ndisumanizzazione in atto spiegandone la genesi e gli scopi. Verranno date valide alternative per poter liberamente invertire la rotta prima che sia troppo tardi. &#8221;<\/p>\n<p>Un occasione quindi per conoscere tutte le problematiche ambientali, di salute, morali ed etiche legati al massiccio uso di &#8220;veleni&#8221; in un agricoltura intensiva che privilegia la quantit\u00e0 a scapito di qualit\u00e0 e salubrit\u00e0.<\/p>\n<p>Molto utili e importanti le valide alternative sia inerenti le coltivazioni che le tecniche e metodologie per un agricoltura sana e sostenibile, che valorizza le tipicit\u00e0 locali e non scimiotta modelli che hanno gi\u00e0 provocato ingenti danni altrove.<\/p>\n<p>L&#8217;ingresso \u00e8 libero<\/p>\n<p>&nbsp;<\/p>","protected":false},"excerpt":{"rendered":"<p>Gioved\u00ec 11 aprile si terr\u00e0 a Rasai di Seren del Grappa (BL), presso la libreria &#8220;Quattro Sass&#8221; un interessante convegno dal titolo molto esplicito &#8220;Cibo e Veleni&#8221;. Il relatore \u00e8 Ivo Bertaina uno dei massimi tecnici e conoscitori del coltivare biologico e biodinamico, autore di svariati testi e Presidente di AgriBio Italia. La serata, organizzata [&hellip;]<\/p>\n","protected":false},"author":2,"featured_media":0,"comment_status":"closed","ping_status":"open","sticky":false,"template":"","format":"standard","meta":{"footnotes":""},"categories":[27,38],"tags":[],"class_list":["post-103681","post","type-post","status-publish","format-standard","category-appuntamenti","category-natura-ambiente"],"yoast_head":"<!-- This site is optimized with the Yoast SEO plugin v28.4 - https:\/\/yoast.com\/product\/yoast-seo-wordpress\/ -->\n<title>Cibo e veleni. Se ne parla gioved\u00ec alla libreria Quattro Sass di Rasai di Seren del Grappa con Ivo Bertaina - Bellunopress - Dolomiti<\/title>\n<meta name=\"robots\" content=\"index, follow, max-snippet:-1, max-image-preview:large, max-video-preview:-1\" \/>\n<link rel=\"canonical\" href=\"https:\/\/www.bellunopress.it\/fr\/2019\/04\/10\/cibo-e-veleni-se-ne-parla-giovedi-alla-libreria-quattro-sass-di-rasai-di-seren-del-grappa-con-ivo-bertaina\/\" \/>\n<meta property=\"og:locale\" content=\"fr_FR\" \/>\n<meta property=\"og:type\" content=\"article\" \/>\n<meta property=\"og:title\" content=\"Cibo e veleni. Se ne parla gioved\u00ec alla libreria Quattro Sass di Rasai di Seren del Grappa con Ivo Bertaina - Bellunopress - Dolomiti\" \/>\n<meta property=\"og:description\" content=\"Gioved\u00ec 11 aprile si terr\u00e0 a Rasai di Seren del Grappa (BL), presso la libreria &#8220;Quattro Sass&#8221; un interessante convegno dal titolo molto esplicito &#8220;Cibo e Veleni&#8221;. Il relatore \u00e8 Ivo Bertaina uno dei massimi tecnici e conoscitori del coltivare biologico e biodinamico, autore di svariati testi e Presidente di AgriBio Italia. La serata, organizzata [&hellip;]\" \/>\n<meta property=\"og:url\" content=\"https:\/\/www.bellunopress.it\/fr\/2019\/04\/10\/cibo-e-veleni-se-ne-parla-giovedi-alla-libreria-quattro-sass-di-rasai-di-seren-del-grappa-con-ivo-bertaina\/\" \/>\n<meta property=\"og:site_name\" content=\"Bellunopress - Dolomiti\" \/>\n<meta property=\"article:publisher\" content=\"https:\/\/www.facebook.com\/profile.php?id=100008943462799\" \/>\n<meta property=\"article:published_time\" content=\"2019-04-10T07:36:24+00:00\" \/>\n<meta property=\"article:modified_time\" content=\"2019-04-12T12:05:41+00:00\" \/>\n<meta property=\"og:image\" content=\"http:\/\/www.bellunopress.it\/wp-content\/uploads\/2013\/02\/coltivare-condividendo.jpg\" \/>\n<meta name=\"author\" content=\"redazione\" \/>\n<meta name=\"twitter:card\" content=\"summary_large_image\" \/>\n<meta name=\"twitter:creator\" content=\"@bellunopress\" \/>\n<meta name=\"twitter:site\" content=\"@bellunopress\" \/>\n<meta name=\"twitter:label1\" content=\"\u00c9crit par\" \/>\n\t<meta name=\"twitter:data1\" content=\"redazione\" \/>\n\t<meta name=\"twitter:label2\" content=\"Dur\u00e9e de lecture estim\u00e9e\" \/>\n\t<meta name=\"twitter:data2\" content=\"1 minute\" \/>\n<script type=\"application\/ld+json\" class=\"yoast-schema-graph\">{\"@context\":\"https:\\\/\\\/schema.org\",\"@graph\":[{\"@type\":\"Article\",\"@id\":\"https:\\\/\\\/www.bellunopress.it\\\/2019\\\/04\\\/10\\\/cibo-e-veleni-se-ne-parla-giovedi-alla-libreria-quattro-sass-di-rasai-di-seren-del-grappa-con-ivo-bertaina\\\/#article\",\"isPartOf\":{\"@id\":\"https:\\\/\\\/www.bellunopress.it\\\/2019\\\/04\\\/10\\\/cibo-e-veleni-se-ne-parla-giovedi-alla-libreria-quattro-sass-di-rasai-di-seren-del-grappa-con-ivo-bertaina\\\/\"},\"author\":{\"name\":\"redazione\",\"@id\":\"https:\\\/\\\/www.bellunopress.it\\\/#\\\/schema\\\/person\\\/79bb06722b37ece1c03d3e94beb30d73\"},\"headline\":\"Cibo e veleni. Se ne parla gioved\u00ec alla libreria Quattro Sass di Rasai di Seren del Grappa con Ivo Bertaina\",\"datePublished\":\"2019-04-10T07:36:24+00:00\",\"dateModified\":\"2019-04-12T12:05:41+00:00\",\"mainEntityOfPage\":{\"@id\":\"https:\\\/\\\/www.bellunopress.it\\\/2019\\\/04\\\/10\\\/cibo-e-veleni-se-ne-parla-giovedi-alla-libreria-quattro-sass-di-rasai-di-seren-del-grappa-con-ivo-bertaina\\\/\"},\"wordCount\":269,\"publisher\":{\"@id\":\"https:\\\/\\\/www.bellunopress.it\\\/#organization\"},\"image\":{\"@id\":\"https:\\\/\\\/www.bellunopress.it\\\/2019\\\/04\\\/10\\\/cibo-e-veleni-se-ne-parla-giovedi-alla-libreria-quattro-sass-di-rasai-di-seren-del-grappa-con-ivo-bertaina\\\/#primaryimage\"},\"thumbnailUrl\":\"http:\\\/\\\/www.bellunopress.it\\\/wp-content\\\/uploads\\\/2013\\\/02\\\/coltivare-condividendo.jpg\",\"articleSection\":[\"Appuntamenti, Eventi\",\"Meteo, natura, ambiente, animali\"],\"inLanguage\":\"fr-FR\"},{\"@type\":\"WebPage\",\"@id\":\"https:\\\/\\\/www.bellunopress.it\\\/2019\\\/04\\\/10\\\/cibo-e-veleni-se-ne-parla-giovedi-alla-libreria-quattro-sass-di-rasai-di-seren-del-grappa-con-ivo-bertaina\\\/\",\"url\":\"https:\\\/\\\/www.bellunopress.it\\\/2019\\\/04\\\/10\\\/cibo-e-veleni-se-ne-parla-giovedi-alla-libreria-quattro-sass-di-rasai-di-seren-del-grappa-con-ivo-bertaina\\\/\",\"name\":\"Cibo e veleni. Se ne parla gioved\u00ec alla libreria Quattro Sass di Rasai di Seren del Grappa con Ivo Bertaina - Bellunopress - Dolomiti\",\"isPartOf\":{\"@id\":\"https:\\\/\\\/www.bellunopress.it\\\/#website\"},\"primaryImageOfPage\":{\"@id\":\"https:\\\/\\\/www.bellunopress.it\\\/2019\\\/04\\\/10\\\/cibo-e-veleni-se-ne-parla-giovedi-alla-libreria-quattro-sass-di-rasai-di-seren-del-grappa-con-ivo-bertaina\\\/#primaryimage\"},\"image\":{\"@id\":\"https:\\\/\\\/www.bellunopress.it\\\/2019\\\/04\\\/10\\\/cibo-e-veleni-se-ne-parla-giovedi-alla-libreria-quattro-sass-di-rasai-di-seren-del-grappa-con-ivo-bertaina\\\/#primaryimage\"},\"thumbnailUrl\":\"http:\\\/\\\/www.bellunopress.it\\\/wp-content\\\/uploads\\\/2013\\\/02\\\/coltivare-condividendo.jpg\",\"datePublished\":\"2019-04-10T07:36:24+00:00\",\"dateModified\":\"2019-04-12T12:05:41+00:00\",\"breadcrumb\":{\"@id\":\"https:\\\/\\\/www.bellunopress.it\\\/2019\\\/04\\\/10\\\/cibo-e-veleni-se-ne-parla-giovedi-alla-libreria-quattro-sass-di-rasai-di-seren-del-grappa-con-ivo-bertaina\\\/#breadcrumb\"},\"inLanguage\":\"fr-FR\",\"potentialAction\":[{\"@type\":\"ReadAction\",\"target\":[\"https:\\\/\\\/www.bellunopress.it\\\/2019\\\/04\\\/10\\\/cibo-e-veleni-se-ne-parla-giovedi-alla-libreria-quattro-sass-di-rasai-di-seren-del-grappa-con-ivo-bertaina\\\/\"]}]},{\"@type\":\"ImageObject\",\"inLanguage\":\"fr-FR\",\"@id\":\"https:\\\/\\\/www.bellunopress.it\\\/2019\\\/04\\\/10\\\/cibo-e-veleni-se-ne-parla-giovedi-alla-libreria-quattro-sass-di-rasai-di-seren-del-grappa-con-ivo-bertaina\\\/#primaryimage\",\"url\":\"http:\\\/\\\/www.bellunopress.it\\\/wp-content\\\/uploads\\\/2013\\\/02\\\/coltivare-condividendo.jpg\",\"contentUrl\":\"http:\\\/\\\/www.bellunopress.it\\\/wp-content\\\/uploads\\\/2013\\\/02\\\/coltivare-condividendo.jpg\"},{\"@type\":\"BreadcrumbList\",\"@id\":\"https:\\\/\\\/www.bellunopress.it\\\/2019\\\/04\\\/10\\\/cibo-e-veleni-se-ne-parla-giovedi-alla-libreria-quattro-sass-di-rasai-di-seren-del-grappa-con-ivo-bertaina\\\/#breadcrumb\",\"itemListElement\":[{\"@type\":\"ListItem\",\"position\":1,\"name\":\"Home\",\"item\":\"https:\\\/\\\/www.bellunopress.it\\\/\"},{\"@type\":\"ListItem\",\"position\":2,\"name\":\"Cibo e veleni. Se ne parla gioved\u00ec alla libreria Quattro Sass di Rasai di Seren del Grappa con Ivo Bertaina\"}]},{\"@type\":\"WebSite\",\"@id\":\"https:\\\/\\\/www.bellunopress.it\\\/#website\",\"url\":\"https:\\\/\\\/www.bellunopress.it\\\/\",\"name\":\"Bellunopress - Dolomiti\",\"description\":\"e-mail: redazione@bellunopress.it\",\"publisher\":{\"@id\":\"https:\\\/\\\/www.bellunopress.it\\\/#organization\"},\"potentialAction\":[{\"@type\":\"SearchAction\",\"target\":{\"@type\":\"EntryPoint\",\"urlTemplate\":\"https:\\\/\\\/www.bellunopress.it\\\/?s={search_term_string}\"},\"query-input\":{\"@type\":\"PropertyValueSpecification\",\"valueRequired\":true,\"valueName\":\"search_term_string\"}}],\"inLanguage\":\"fr-FR\"},{\"@type\":\"Organization\",\"@id\":\"https:\\\/\\\/www.bellunopress.it\\\/#organization\",\"name\":\"Bellunopress\",\"url\":\"https:\\\/\\\/www.bellunopress.it\\\/\",\"logo\":{\"@type\":\"ImageObject\",\"inLanguage\":\"fr-FR\",\"@id\":\"https:\\\/\\\/www.bellunopress.it\\\/#\\\/schema\\\/logo\\\/image\\\/\",\"url\":\"https:\\\/\\\/www.bellunopress.it\\\/wp-content\\\/uploads\\\/2011\\\/05\\\/cropped-logo-bellunopress-.jpg\",\"contentUrl\":\"https:\\\/\\\/www.bellunopress.it\\\/wp-content\\\/uploads\\\/2011\\\/05\\\/cropped-logo-bellunopress-.jpg\",\"width\":512,\"height\":512,\"caption\":\"Bellunopress\"},\"image\":{\"@id\":\"https:\\\/\\\/www.bellunopress.it\\\/#\\\/schema\\\/logo\\\/image\\\/\"},\"sameAs\":[\"https:\\\/\\\/www.facebook.com\\\/profile.php?id=100008943462799\",\"https:\\\/\\\/x.com\\\/bellunopress\",\"https:\\\/\\\/www.linkedin.com\\\/hp\\\/?dnr=JBzUWaJfMUw8vbXJJ2tVW5-I3jZKvC4wsoxE&amp;amp;amp;amp;amp;amp;trk=nav_responsive_tab_home\",\"https:\\\/\\\/www.youtube.com\\\/channel\\\/UCxL0wu1uN0_3_7hGG0306cw\"]},{\"@type\":\"Person\",\"@id\":\"https:\\\/\\\/www.bellunopress.it\\\/#\\\/schema\\\/person\\\/79bb06722b37ece1c03d3e94beb30d73\",\"name\":\"redazione\",\"image\":{\"@type\":\"ImageObject\",\"inLanguage\":\"fr-FR\",\"@id\":\"https:\\\/\\\/secure.gravatar.com\\\/avatar\\\/37d968a2e67a6fd04c169c4bdef102d0bc5d31b2546345219e348575eb80e9a0?s=96&d=mm&r=g\",\"url\":\"https:\\\/\\\/secure.gravatar.com\\\/avatar\\\/37d968a2e67a6fd04c169c4bdef102d0bc5d31b2546345219e348575eb80e9a0?s=96&d=mm&r=g\",\"contentUrl\":\"https:\\\/\\\/secure.gravatar.com\\\/avatar\\\/37d968a2e67a6fd04c169c4bdef102d0bc5d31b2546345219e348575eb80e9a0?s=96&d=mm&r=g\",\"caption\":\"redazione\"},\"sameAs\":[\"http:\\\/\\\/www.bellunopress.it\",\"https:\\\/\\\/x.com\\\/bellunopress\"],\"url\":\"https:\\\/\\\/www.bellunopress.it\\\/fr\\\/author\\\/redazione\\\/\"}]}<\/script>\n<!-- \/ Yoast SEO plugin. -->","yoast_head_json":{"title":"Cibo e veleni. Se ne parla gioved\u00ec alla libreria Quattro Sass di Rasai di Seren del Grappa con Ivo Bertaina - Bellunopress - Dolomiti","robots":{"index":"index","follow":"follow","max-snippet":"max-snippet:-1","max-image-preview":"max-image-preview:large","max-video-preview":"max-video-preview:-1"},"canonical":"https:\/\/www.bellunopress.it\/fr\/2019\/04\/10\/cibo-e-veleni-se-ne-parla-giovedi-alla-libreria-quattro-sass-di-rasai-di-seren-del-grappa-con-ivo-bertaina\/","og_locale":"fr_FR","og_type":"article","og_title":"Cibo e veleni. Se ne parla gioved\u00ec alla libreria Quattro Sass di Rasai di Seren del Grappa con Ivo Bertaina - Bellunopress - Dolomiti","og_description":"Gioved\u00ec 11 aprile si terr\u00e0 a Rasai di Seren del Grappa (BL), presso la libreria &#8220;Quattro Sass&#8221; un interessante convegno dal titolo molto esplicito &#8220;Cibo e Veleni&#8221;. Il relatore \u00e8 Ivo Bertaina uno dei massimi tecnici e conoscitori del coltivare biologico e biodinamico, autore di svariati testi e Presidente di AgriBio Italia. La serata, organizzata [&hellip;]","og_url":"https:\/\/www.bellunopress.it\/fr\/2019\/04\/10\/cibo-e-veleni-se-ne-parla-giovedi-alla-libreria-quattro-sass-di-rasai-di-seren-del-grappa-con-ivo-bertaina\/","og_site_name":"Bellunopress - Dolomiti","article_publisher":"https:\/\/www.facebook.com\/profile.php?id=100008943462799","article_published_time":"2019-04-10T07:36:24+00:00","article_modified_time":"2019-04-12T12:05:41+00:00","og_image":[{"url":"http:\/\/www.bellunopress.it\/wp-content\/uploads\/2013\/02\/coltivare-condividendo.jpg","type":"","width":"","height":""}],"author":"redazione","twitter_card":"summary_large_image","twitter_creator":"@bellunopress","twitter_site":"@bellunopress","twitter_misc":{"\u00c9crit par":"redazione","Dur\u00e9e de lecture estim\u00e9e":"1 minute"},"schema":{"@context":"https:\/\/schema.org","@graph":[{"@type":"Article","@id":"https:\/\/www.bellunopress.it\/2019\/04\/10\/cibo-e-veleni-se-ne-parla-giovedi-alla-libreria-quattro-sass-di-rasai-di-seren-del-grappa-con-ivo-bertaina\/#article","isPartOf":{"@id":"https:\/\/www.bellunopress.it\/2019\/04\/10\/cibo-e-veleni-se-ne-parla-giovedi-alla-libreria-quattro-sass-di-rasai-di-seren-del-grappa-con-ivo-bertaina\/"},"author":{"name":"redazione","@id":"https:\/\/www.bellunopress.it\/#\/schema\/person\/79bb06722b37ece1c03d3e94beb30d73"},"headline":"Cibo e veleni. Se ne parla gioved\u00ec alla libreria Quattro Sass di Rasai di Seren del Grappa con Ivo Bertaina","datePublished":"2019-04-10T07:36:24+00:00","dateModified":"2019-04-12T12:05:41+00:00","mainEntityOfPage":{"@id":"https:\/\/www.bellunopress.it\/2019\/04\/10\/cibo-e-veleni-se-ne-parla-giovedi-alla-libreria-quattro-sass-di-rasai-di-seren-del-grappa-con-ivo-bertaina\/"},"wordCount":269,"publisher":{"@id":"https:\/\/www.bellunopress.it\/#organization"},"image":{"@id":"https:\/\/www.bellunopress.it\/2019\/04\/10\/cibo-e-veleni-se-ne-parla-giovedi-alla-libreria-quattro-sass-di-rasai-di-seren-del-grappa-con-ivo-bertaina\/#primaryimage"},"thumbnailUrl":"http:\/\/www.bellunopress.it\/wp-content\/uploads\/2013\/02\/coltivare-condividendo.jpg","articleSection":["Appuntamenti, Eventi","Meteo, natura, ambiente, animali"],"inLanguage":"fr-FR"},{"@type":"WebPage","@id":"https:\/\/www.bellunopress.it\/2019\/04\/10\/cibo-e-veleni-se-ne-parla-giovedi-alla-libreria-quattro-sass-di-rasai-di-seren-del-grappa-con-ivo-bertaina\/","url":"https:\/\/www.bellunopress.it\/2019\/04\/10\/cibo-e-veleni-se-ne-parla-giovedi-alla-libreria-quattro-sass-di-rasai-di-seren-del-grappa-con-ivo-bertaina\/","name":"Cibo e veleni. Se ne parla gioved\u00ec alla libreria Quattro Sass di Rasai di Seren del Grappa con Ivo Bertaina - Bellunopress - Dolomiti","isPartOf":{"@id":"https:\/\/www.bellunopress.it\/#website"},"primaryImageOfPage":{"@id":"https:\/\/www.bellunopress.it\/2019\/04\/10\/cibo-e-veleni-se-ne-parla-giovedi-alla-libreria-quattro-sass-di-rasai-di-seren-del-grappa-con-ivo-bertaina\/#primaryimage"},"image":{"@id":"https:\/\/www.bellunopress.it\/2019\/04\/10\/cibo-e-veleni-se-ne-parla-giovedi-alla-libreria-quattro-sass-di-rasai-di-seren-del-grappa-con-ivo-bertaina\/#primaryimage"},"thumbnailUrl":"http:\/\/www.bellunopress.it\/wp-content\/uploads\/2013\/02\/coltivare-condividendo.jpg","datePublished":"2019-04-10T07:36:24+00:00","dateModified":"2019-04-12T12:05:41+00:00","breadcrumb":{"@id":"https:\/\/www.bellunopress.it\/2019\/04\/10\/cibo-e-veleni-se-ne-parla-giovedi-alla-libreria-quattro-sass-di-rasai-di-seren-del-grappa-con-ivo-bertaina\/#breadcrumb"},"inLanguage":"fr-FR","potentialAction":[{"@type":"ReadAction","target":["https:\/\/www.bellunopress.it\/2019\/04\/10\/cibo-e-veleni-se-ne-parla-giovedi-alla-libreria-quattro-sass-di-rasai-di-seren-del-grappa-con-ivo-bertaina\/"]}]},{"@type":"ImageObject","inLanguage":"fr-FR","@id":"https:\/\/www.bellunopress.it\/2019\/04\/10\/cibo-e-veleni-se-ne-parla-giovedi-alla-libreria-quattro-sass-di-rasai-di-seren-del-grappa-con-ivo-bertaina\/#primaryimage","url":"http:\/\/www.bellunopress.it\/wp-content\/uploads\/2013\/02\/coltivare-condividendo.jpg","contentUrl":"http:\/\/www.bellunopress.it\/wp-content\/uploads\/2013\/02\/coltivare-condividendo.jpg"},{"@type":"BreadcrumbList","@id":"https:\/\/www.bellunopress.it\/2019\/04\/10\/cibo-e-veleni-se-ne-parla-giovedi-alla-libreria-quattro-sass-di-rasai-di-seren-del-grappa-con-ivo-bertaina\/#breadcrumb","itemListElement":[{"@type":"ListItem","position":1,"name":"Home","item":"https:\/\/www.bellunopress.it\/"},{"@type":"ListItem","position":2,"name":"Cibo e veleni. Se ne parla gioved\u00ec alla libreria Quattro Sass di Rasai di Seren del Grappa con Ivo Bertaina"}]},{"@type":"WebSite","@id":"https:\/\/www.bellunopress.it\/#website","url":"https:\/\/www.bellunopress.it\/","name":"Bellunopress - Dolomiti","description":"e-mail: redazione@bellunopress.it","publisher":{"@id":"https:\/\/www.bellunopress.it\/#organization"},"potentialAction":[{"@type":"SearchAction","target":{"@type":"EntryPoint","urlTemplate":"https:\/\/www.bellunopress.it\/?s={search_term_string}"},"query-input":{"@type":"PropertyValueSpecification","valueRequired":true,"valueName":"search_term_string"}}],"inLanguage":"fr-FR"},{"@type":"Organization","@id":"https:\/\/www.bellunopress.it\/#organization","name":"Bellunopress","url":"https:\/\/www.bellunopress.it\/","logo":{"@type":"ImageObject","inLanguage":"fr-FR","@id":"https:\/\/www.bellunopress.it\/#\/schema\/logo\/image\/","url":"https:\/\/www.bellunopress.it\/wp-content\/uploads\/2011\/05\/cropped-logo-bellunopress-.jpg","contentUrl":"https:\/\/www.bellunopress.it\/wp-content\/uploads\/2011\/05\/cropped-logo-bellunopress-.jpg","width":512,"height":512,"caption":"Bellunopress"},"image":{"@id":"https:\/\/www.bellunopress.it\/#\/schema\/logo\/image\/"},"sameAs":["https:\/\/www.facebook.com\/profile.php?id=100008943462799","https:\/\/x.com\/bellunopress","https:\/\/www.linkedin.com\/hp\/?dnr=JBzUWaJfMUw8vbXJJ2tVW5-I3jZKvC4wsoxE&amp;amp;amp;amp;amp;amp;trk=nav_responsive_tab_home","https:\/\/www.youtube.com\/channel\/UCxL0wu1uN0_3_7hGG0306cw"]},{"@type":"Person","@id":"https:\/\/www.bellunopress.it\/#\/schema\/person\/79bb06722b37ece1c03d3e94beb30d73","name":"r\u00e9daction","image":{"@type":"ImageObject","inLanguage":"fr-FR","@id":"https:\/\/secure.gravatar.com\/avatar\/37d968a2e67a6fd04c169c4bdef102d0bc5d31b2546345219e348575eb80e9a0?s=96&d=mm&r=g","url":"https:\/\/secure.gravatar.com\/avatar\/37d968a2e67a6fd04c169c4bdef102d0bc5d31b2546345219e348575eb80e9a0?s=96&d=mm&r=g","contentUrl":"https:\/\/secure.gravatar.com\/avatar\/37d968a2e67a6fd04c169c4bdef102d0bc5d31b2546345219e348575eb80e9a0?s=96&d=mm&r=g","caption":"redazione"},"sameAs":["http:\/\/www.bellunopress.it","https:\/\/x.com\/bellunopress"],"url":"https:\/\/www.bellunopress.it\/fr\/author\/redazione\/"}]}},"_links":{"self":[{"href":"https:\/\/www.bellunopress.it\/fr\/wp-json\/wp\/v2\/posts\/103681","targetHints":{"allow":["GET"]}}],"collection":[{"href":"https:\/\/www.bellunopress.it\/fr\/wp-json\/wp\/v2\/posts"}],"about":[{"href":"https:\/\/www.bellunopress.it\/fr\/wp-json\/wp\/v2\/types\/post"}],"author":[{"embeddable":true,"href":"https:\/\/www.bellunopress.it\/fr\/wp-json\/wp\/v2\/users\/2"}],"replies":[{"embeddable":true,"href":"https:\/\/www.bellunopress.it\/fr\/wp-json\/wp\/v2\/comments?post=103681"}],"version-history":[{"count":1,"href":"https:\/\/www.bellunopress.it\/fr\/wp-json\/wp\/v2\/posts\/103681\/revisions"}],"predecessor-version":[{"id":103682,"href":"https:\/\/www.bellunopress.it\/fr\/wp-json\/wp\/v2\/posts\/103681\/revisions\/103682"}],"wp:attachment":[{"href":"https:\/\/www.bellunopress.it\/fr\/wp-json\/wp\/v2\/media?parent=103681"}],"wp:term":[{"taxonomy":"category","embeddable":true,"href":"https:\/\/www.bellunopress.it\/fr\/wp-json\/wp\/v2\/categories?post=103681"},{"taxonomy":"post_tag","embeddable":true,"href":"https:\/\/www.bellunopress.it\/fr\/wp-json\/wp\/v2\/tags?post=103681"}],"curies":[{"name":"wp","href":"https:\/\/api.w.org\/{rel}","templated":true}]}}