{"id":103677,"date":"2019-04-08T15:00:56","date_gmt":"2019-04-08T13:00:56","guid":{"rendered":"http:\/\/www.bellunopress.it\/?p=103677"},"modified":"2019-04-10T09:10:16","modified_gmt":"2019-04-10T07:10:16","slug":"veronafiere-absolute-beginners-di-sol-doro-primo-e-secondo-posto-alla-toscana-slovenia-terza-classificata","status":"publish","type":"post","link":"https:\/\/www.bellunopress.it\/fr\/2019\/04\/08\/veronafiere-absolute-beginners-di-sol-doro-primo-e-secondo-posto-alla-toscana-slovenia-terza-classificata\/","title":{"rendered":"Veronafiere. Absolute Beginners di Sol d&#8217;Oro: primo e secondo posto alla Toscana, Slovenia terza classificata"},"content":{"rendered":"<p><strong>Assegnati durante la giornata inaugurale di Sol&amp;Agrifood i Sol d\u2019Oro, d\u2019Argento e di Bronzo della nuova categoria \u201cAbsolute Beginners\u201d del concorso Sol d\u2019Oro Emisfero Nord 2019.<\/strong><\/p>\n<p><a href=\"http:\/\/www.bellunopress.it\/fr\/2019\/04\/08\/veronafiere-absolute-beginners-di-sol-doro-primo-e-secondo-posto-alla-toscana-slovenia-terza-classificata\/sol-agrifood\/\" rel=\"attachment wp-att-103678\"><img loading=\"lazy\" decoding=\"async\" class=\"alignleft size-full wp-image-103678\" src=\"http:\/\/www.bellunopress.it\/wp-content\/uploads\/2019\/04\/Sol-Agrifood.jpg\" alt=\"\" width=\"300\" height=\"135\" \/><\/a>Verona, 8 aprile 2019 \u2013 Sono il Monovarietale Raggiola dell&#8217;azienda Felsina di Castelnuovo Berardenga (SI), il Casa Pietraia dell\u2019omonima azienda di Certaldo (FI) e il Kante Cuve\u00e9 della slovena Kmetija Kante di Sempas i vincitori della categoria \u201cAbsolute Beginners\u201d di Sol d\u2019Oro.<\/p>\n<p>Gli \u201c Absolute Beginners\u201d sono gli oli extravergine di oliva di piccoli produttori, con un quantitativo per singola etichetta non superiore a 1500 litri, che per regolamento, fino a quest\u2019anno, non potevano partecipare al concorso oleicolo internazionale. Con l\u2019introduzione della nuova categoria, la competizione ha voluto dare anche alle piccole produzioni la possibilit\u00e0 di essere valutate con una degustazione alla cieca da un panel internazionale di assoluto prestigio e rigore.<\/p>\n<p>Un\u2019iniziativa di Veronafiere, che con l\u2019istituzione di Sol d\u2019Oro nel 2002 ha posto tra i suoi obiettivi il miglioramento qualitativo delle produzioni oleicole attraverso il confronto tra produttori di tutto il mondo, oltre a fornire uno strumento di marketing alle aziende vincitrici.<\/p>\n<p>La giuria multidisciplinare che ha valutato i 16 finalisti, composta da chef, giornalisti specializzati e panelist, \u00e8 stata presieduta da Tano Simonato, chef stellato del ristorante Tano Passami l&#8217;olio di Milano. \u201c\u00c8 stata un&#8217;esperienza molto divertente e stimolante\u201d, ha affermato Simonato. \u201c\u00c8 importante che cresca una nuova generazione di produttori olivicoli che domani ci possa stupire, proponendoci oli con straordinarie sensazioni che noi chef possiamo poi proporre ai nostri ospiti\u201d.<\/p>\n<p>Gli oli in finale provenivano da Italia, Spagna, Slovenia, Tunisia e Croazia. La selezione, a cui avevano partecipato 38 campioni, era avvenuta a febbraio durante i lavori dell\u2019edizione 2019 di Sol d\u2019Oro Emisfero Nord a Verona (elenco dei vincitori su https:\/\/www.solagrifood.com\/it\/sol-doro-emisfero-nord).<\/p>\n<p>La proclamazione degli \u201cAbsolute Beginners\u201d ha avuto luogo insieme alla cerimonia di consegna dei diplomi ai vincitori di medaglia e di gran menzione di Sol d\u2019Oro Emisfero Nord 2019.<\/p>","protected":false},"excerpt":{"rendered":"<p>Assegnati durante la giornata inaugurale di Sol&amp;Agrifood i Sol d\u2019Oro, d\u2019Argento e di Bronzo della nuova categoria \u201cAbsolute Beginners\u201d del concorso Sol d\u2019Oro Emisfero Nord 2019. Verona, 8 aprile 2019 \u2013 Sono il Monovarietale Raggiola dell&#8217;azienda Felsina di Castelnuovo Berardenga (SI), il Casa Pietraia dell\u2019omonima azienda di Certaldo (FI) e il Kante Cuve\u00e9 della slovena [&hellip;]<\/p>\n","protected":false},"author":2,"featured_media":0,"comment_status":"closed","ping_status":"open","sticky":false,"template":"","format":"standard","meta":{"footnotes":""},"categories":[3393],"tags":[],"class_list":["post-103677","post","type-post","status-publish","format-standard","category-eventi-enogastronomici"],"yoast_head":"<!-- This site is optimized with the Yoast SEO plugin v28.4 - https:\/\/yoast.com\/product\/yoast-seo-wordpress\/ -->\n<title>Veronafiere. Absolute Beginners di Sol d&#039;Oro: primo e secondo posto alla Toscana, Slovenia terza classificata - Bellunopress - Dolomiti<\/title>\n<meta name=\"robots\" content=\"index, follow, max-snippet:-1, max-image-preview:large, max-video-preview:-1\" \/>\n<link rel=\"canonical\" href=\"https:\/\/www.bellunopress.it\/fr\/2019\/04\/08\/veronafiere-absolute-beginners-di-sol-doro-primo-e-secondo-posto-alla-toscana-slovenia-terza-classificata\/\" \/>\n<meta property=\"og:locale\" content=\"fr_FR\" \/>\n<meta property=\"og:type\" content=\"article\" \/>\n<meta property=\"og:title\" content=\"Veronafiere. Absolute Beginners di Sol d&#039;Oro: primo e secondo posto alla Toscana, Slovenia terza classificata - Bellunopress - Dolomiti\" \/>\n<meta property=\"og:description\" content=\"Assegnati durante la giornata inaugurale di Sol&amp;Agrifood i Sol d\u2019Oro, d\u2019Argento e di Bronzo della nuova categoria \u201cAbsolute Beginners\u201d del concorso Sol d\u2019Oro Emisfero Nord 2019. Verona, 8 aprile 2019 \u2013 Sono il Monovarietale Raggiola dell&#8217;azienda Felsina di Castelnuovo Berardenga (SI), il Casa Pietraia dell\u2019omonima azienda di Certaldo (FI) e il Kante Cuve\u00e9 della slovena [&hellip;]\" \/>\n<meta property=\"og:url\" content=\"https:\/\/www.bellunopress.it\/fr\/2019\/04\/08\/veronafiere-absolute-beginners-di-sol-doro-primo-e-secondo-posto-alla-toscana-slovenia-terza-classificata\/\" \/>\n<meta property=\"og:site_name\" content=\"Bellunopress - Dolomiti\" \/>\n<meta property=\"article:publisher\" content=\"https:\/\/www.facebook.com\/profile.php?id=100008943462799\" \/>\n<meta property=\"article:published_time\" content=\"2019-04-08T13:00:56+00:00\" \/>\n<meta property=\"article:modified_time\" content=\"2019-04-10T07:10:16+00:00\" \/>\n<meta property=\"og:image\" content=\"http:\/\/www.bellunopress.it\/wp-content\/uploads\/2019\/04\/Sol-Agrifood.jpg\" \/>\n<meta name=\"author\" content=\"redazione\" \/>\n<meta name=\"twitter:card\" content=\"summary_large_image\" \/>\n<meta name=\"twitter:creator\" content=\"@bellunopress\" \/>\n<meta name=\"twitter:site\" content=\"@bellunopress\" \/>\n<meta name=\"twitter:label1\" content=\"\u00c9crit par\" \/>\n\t<meta name=\"twitter:data1\" content=\"redazione\" \/>\n\t<meta name=\"twitter:label2\" content=\"Dur\u00e9e de lecture estim\u00e9e\" \/>\n\t<meta name=\"twitter:data2\" content=\"2 minutes\" \/>\n<script type=\"application\/ld+json\" class=\"yoast-schema-graph\">{\"@context\":\"https:\\\/\\\/schema.org\",\"@graph\":[{\"@type\":\"Article\",\"@id\":\"https:\\\/\\\/www.bellunopress.it\\\/2019\\\/04\\\/08\\\/veronafiere-absolute-beginners-di-sol-doro-primo-e-secondo-posto-alla-toscana-slovenia-terza-classificata\\\/#article\",\"isPartOf\":{\"@id\":\"https:\\\/\\\/www.bellunopress.it\\\/2019\\\/04\\\/08\\\/veronafiere-absolute-beginners-di-sol-doro-primo-e-secondo-posto-alla-toscana-slovenia-terza-classificata\\\/\"},\"author\":{\"name\":\"redazione\",\"@id\":\"https:\\\/\\\/www.bellunopress.it\\\/#\\\/schema\\\/person\\\/79bb06722b37ece1c03d3e94beb30d73\"},\"headline\":\"Veronafiere. Absolute Beginners di Sol d&#8217;Oro: primo e secondo posto alla Toscana, Slovenia terza classificata\",\"datePublished\":\"2019-04-08T13:00:56+00:00\",\"dateModified\":\"2019-04-10T07:10:16+00:00\",\"mainEntityOfPage\":{\"@id\":\"https:\\\/\\\/www.bellunopress.it\\\/2019\\\/04\\\/08\\\/veronafiere-absolute-beginners-di-sol-doro-primo-e-secondo-posto-alla-toscana-slovenia-terza-classificata\\\/\"},\"wordCount\":345,\"publisher\":{\"@id\":\"https:\\\/\\\/www.bellunopress.it\\\/#organization\"},\"image\":{\"@id\":\"https:\\\/\\\/www.bellunopress.it\\\/2019\\\/04\\\/08\\\/veronafiere-absolute-beginners-di-sol-doro-primo-e-secondo-posto-alla-toscana-slovenia-terza-classificata\\\/#primaryimage\"},\"thumbnailUrl\":\"http:\\\/\\\/www.bellunopress.it\\\/wp-content\\\/uploads\\\/2019\\\/04\\\/Sol-Agrifood.jpg\",\"articleSection\":[\"Eventi enogastronomici\"],\"inLanguage\":\"fr-FR\"},{\"@type\":\"WebPage\",\"@id\":\"https:\\\/\\\/www.bellunopress.it\\\/2019\\\/04\\\/08\\\/veronafiere-absolute-beginners-di-sol-doro-primo-e-secondo-posto-alla-toscana-slovenia-terza-classificata\\\/\",\"url\":\"https:\\\/\\\/www.bellunopress.it\\\/2019\\\/04\\\/08\\\/veronafiere-absolute-beginners-di-sol-doro-primo-e-secondo-posto-alla-toscana-slovenia-terza-classificata\\\/\",\"name\":\"Veronafiere. Absolute Beginners di Sol d'Oro: primo e secondo posto alla Toscana, Slovenia terza classificata - Bellunopress - Dolomiti\",\"isPartOf\":{\"@id\":\"https:\\\/\\\/www.bellunopress.it\\\/#website\"},\"primaryImageOfPage\":{\"@id\":\"https:\\\/\\\/www.bellunopress.it\\\/2019\\\/04\\\/08\\\/veronafiere-absolute-beginners-di-sol-doro-primo-e-secondo-posto-alla-toscana-slovenia-terza-classificata\\\/#primaryimage\"},\"image\":{\"@id\":\"https:\\\/\\\/www.bellunopress.it\\\/2019\\\/04\\\/08\\\/veronafiere-absolute-beginners-di-sol-doro-primo-e-secondo-posto-alla-toscana-slovenia-terza-classificata\\\/#primaryimage\"},\"thumbnailUrl\":\"http:\\\/\\\/www.bellunopress.it\\\/wp-content\\\/uploads\\\/2019\\\/04\\\/Sol-Agrifood.jpg\",\"datePublished\":\"2019-04-08T13:00:56+00:00\",\"dateModified\":\"2019-04-10T07:10:16+00:00\",\"breadcrumb\":{\"@id\":\"https:\\\/\\\/www.bellunopress.it\\\/2019\\\/04\\\/08\\\/veronafiere-absolute-beginners-di-sol-doro-primo-e-secondo-posto-alla-toscana-slovenia-terza-classificata\\\/#breadcrumb\"},\"inLanguage\":\"fr-FR\",\"potentialAction\":[{\"@type\":\"ReadAction\",\"target\":[\"https:\\\/\\\/www.bellunopress.it\\\/2019\\\/04\\\/08\\\/veronafiere-absolute-beginners-di-sol-doro-primo-e-secondo-posto-alla-toscana-slovenia-terza-classificata\\\/\"]}]},{\"@type\":\"ImageObject\",\"inLanguage\":\"fr-FR\",\"@id\":\"https:\\\/\\\/www.bellunopress.it\\\/2019\\\/04\\\/08\\\/veronafiere-absolute-beginners-di-sol-doro-primo-e-secondo-posto-alla-toscana-slovenia-terza-classificata\\\/#primaryimage\",\"url\":\"http:\\\/\\\/www.bellunopress.it\\\/wp-content\\\/uploads\\\/2019\\\/04\\\/Sol-Agrifood.jpg\",\"contentUrl\":\"http:\\\/\\\/www.bellunopress.it\\\/wp-content\\\/uploads\\\/2019\\\/04\\\/Sol-Agrifood.jpg\"},{\"@type\":\"BreadcrumbList\",\"@id\":\"https:\\\/\\\/www.bellunopress.it\\\/2019\\\/04\\\/08\\\/veronafiere-absolute-beginners-di-sol-doro-primo-e-secondo-posto-alla-toscana-slovenia-terza-classificata\\\/#breadcrumb\",\"itemListElement\":[{\"@type\":\"ListItem\",\"position\":1,\"name\":\"Home\",\"item\":\"https:\\\/\\\/www.bellunopress.it\\\/\"},{\"@type\":\"ListItem\",\"position\":2,\"name\":\"Veronafiere. Absolute Beginners di Sol d&#8217;Oro: primo e secondo posto alla Toscana, Slovenia terza classificata\"}]},{\"@type\":\"WebSite\",\"@id\":\"https:\\\/\\\/www.bellunopress.it\\\/#website\",\"url\":\"https:\\\/\\\/www.bellunopress.it\\\/\",\"name\":\"Bellunopress - Dolomiti\",\"description\":\"e-mail: redazione@bellunopress.it\",\"publisher\":{\"@id\":\"https:\\\/\\\/www.bellunopress.it\\\/#organization\"},\"potentialAction\":[{\"@type\":\"SearchAction\",\"target\":{\"@type\":\"EntryPoint\",\"urlTemplate\":\"https:\\\/\\\/www.bellunopress.it\\\/?s={search_term_string}\"},\"query-input\":{\"@type\":\"PropertyValueSpecification\",\"valueRequired\":true,\"valueName\":\"search_term_string\"}}],\"inLanguage\":\"fr-FR\"},{\"@type\":\"Organization\",\"@id\":\"https:\\\/\\\/www.bellunopress.it\\\/#organization\",\"name\":\"Bellunopress\",\"url\":\"https:\\\/\\\/www.bellunopress.it\\\/\",\"logo\":{\"@type\":\"ImageObject\",\"inLanguage\":\"fr-FR\",\"@id\":\"https:\\\/\\\/www.bellunopress.it\\\/#\\\/schema\\\/logo\\\/image\\\/\",\"url\":\"https:\\\/\\\/www.bellunopress.it\\\/wp-content\\\/uploads\\\/2011\\\/05\\\/cropped-logo-bellunopress-.jpg\",\"contentUrl\":\"https:\\\/\\\/www.bellunopress.it\\\/wp-content\\\/uploads\\\/2011\\\/05\\\/cropped-logo-bellunopress-.jpg\",\"width\":512,\"height\":512,\"caption\":\"Bellunopress\"},\"image\":{\"@id\":\"https:\\\/\\\/www.bellunopress.it\\\/#\\\/schema\\\/logo\\\/image\\\/\"},\"sameAs\":[\"https:\\\/\\\/www.facebook.com\\\/profile.php?id=100008943462799\",\"https:\\\/\\\/x.com\\\/bellunopress\",\"https:\\\/\\\/www.linkedin.com\\\/hp\\\/?dnr=JBzUWaJfMUw8vbXJJ2tVW5-I3jZKvC4wsoxE&amp;amp;amp;amp;amp;amp;trk=nav_responsive_tab_home\",\"https:\\\/\\\/www.youtube.com\\\/channel\\\/UCxL0wu1uN0_3_7hGG0306cw\"]},{\"@type\":\"Person\",\"@id\":\"https:\\\/\\\/www.bellunopress.it\\\/#\\\/schema\\\/person\\\/79bb06722b37ece1c03d3e94beb30d73\",\"name\":\"redazione\",\"image\":{\"@type\":\"ImageObject\",\"inLanguage\":\"fr-FR\",\"@id\":\"https:\\\/\\\/secure.gravatar.com\\\/avatar\\\/37d968a2e67a6fd04c169c4bdef102d0bc5d31b2546345219e348575eb80e9a0?s=96&d=mm&r=g\",\"url\":\"https:\\\/\\\/secure.gravatar.com\\\/avatar\\\/37d968a2e67a6fd04c169c4bdef102d0bc5d31b2546345219e348575eb80e9a0?s=96&d=mm&r=g\",\"contentUrl\":\"https:\\\/\\\/secure.gravatar.com\\\/avatar\\\/37d968a2e67a6fd04c169c4bdef102d0bc5d31b2546345219e348575eb80e9a0?s=96&d=mm&r=g\",\"caption\":\"redazione\"},\"sameAs\":[\"http:\\\/\\\/www.bellunopress.it\",\"https:\\\/\\\/x.com\\\/bellunopress\"],\"url\":\"https:\\\/\\\/www.bellunopress.it\\\/fr\\\/author\\\/redazione\\\/\"}]}<\/script>\n<!-- \/ Yoast SEO plugin. -->","yoast_head_json":{"title":"Veronafiere. Absolute Beginners di Sol d'Oro: primo e secondo posto alla Toscana, Slovenia terza classificata - Bellunopress - Dolomiti","robots":{"index":"index","follow":"follow","max-snippet":"max-snippet:-1","max-image-preview":"max-image-preview:large","max-video-preview":"max-video-preview:-1"},"canonical":"https:\/\/www.bellunopress.it\/fr\/2019\/04\/08\/veronafiere-absolute-beginners-di-sol-doro-primo-e-secondo-posto-alla-toscana-slovenia-terza-classificata\/","og_locale":"fr_FR","og_type":"article","og_title":"Veronafiere. Absolute Beginners di Sol d'Oro: primo e secondo posto alla Toscana, Slovenia terza classificata - Bellunopress - Dolomiti","og_description":"Assegnati durante la giornata inaugurale di Sol&amp;Agrifood i Sol d\u2019Oro, d\u2019Argento e di Bronzo della nuova categoria \u201cAbsolute Beginners\u201d del concorso Sol d\u2019Oro Emisfero Nord 2019. Verona, 8 aprile 2019 \u2013 Sono il Monovarietale Raggiola dell&#8217;azienda Felsina di Castelnuovo Berardenga (SI), il Casa Pietraia dell\u2019omonima azienda di Certaldo (FI) e il Kante Cuve\u00e9 della slovena [&hellip;]","og_url":"https:\/\/www.bellunopress.it\/fr\/2019\/04\/08\/veronafiere-absolute-beginners-di-sol-doro-primo-e-secondo-posto-alla-toscana-slovenia-terza-classificata\/","og_site_name":"Bellunopress - Dolomiti","article_publisher":"https:\/\/www.facebook.com\/profile.php?id=100008943462799","article_published_time":"2019-04-08T13:00:56+00:00","article_modified_time":"2019-04-10T07:10:16+00:00","og_image":[{"url":"http:\/\/www.bellunopress.it\/wp-content\/uploads\/2019\/04\/Sol-Agrifood.jpg","type":"","width":"","height":""}],"author":"redazione","twitter_card":"summary_large_image","twitter_creator":"@bellunopress","twitter_site":"@bellunopress","twitter_misc":{"\u00c9crit par":"redazione","Dur\u00e9e de lecture estim\u00e9e":"2 minutes"},"schema":{"@context":"https:\/\/schema.org","@graph":[{"@type":"Article","@id":"https:\/\/www.bellunopress.it\/2019\/04\/08\/veronafiere-absolute-beginners-di-sol-doro-primo-e-secondo-posto-alla-toscana-slovenia-terza-classificata\/#article","isPartOf":{"@id":"https:\/\/www.bellunopress.it\/2019\/04\/08\/veronafiere-absolute-beginners-di-sol-doro-primo-e-secondo-posto-alla-toscana-slovenia-terza-classificata\/"},"author":{"name":"redazione","@id":"https:\/\/www.bellunopress.it\/#\/schema\/person\/79bb06722b37ece1c03d3e94beb30d73"},"headline":"Veronafiere. Absolute Beginners di Sol d&#8217;Oro: primo e secondo posto alla Toscana, Slovenia terza classificata","datePublished":"2019-04-08T13:00:56+00:00","dateModified":"2019-04-10T07:10:16+00:00","mainEntityOfPage":{"@id":"https:\/\/www.bellunopress.it\/2019\/04\/08\/veronafiere-absolute-beginners-di-sol-doro-primo-e-secondo-posto-alla-toscana-slovenia-terza-classificata\/"},"wordCount":345,"publisher":{"@id":"https:\/\/www.bellunopress.it\/#organization"},"image":{"@id":"https:\/\/www.bellunopress.it\/2019\/04\/08\/veronafiere-absolute-beginners-di-sol-doro-primo-e-secondo-posto-alla-toscana-slovenia-terza-classificata\/#primaryimage"},"thumbnailUrl":"http:\/\/www.bellunopress.it\/wp-content\/uploads\/2019\/04\/Sol-Agrifood.jpg","articleSection":["Eventi enogastronomici"],"inLanguage":"fr-FR"},{"@type":"WebPage","@id":"https:\/\/www.bellunopress.it\/2019\/04\/08\/veronafiere-absolute-beginners-di-sol-doro-primo-e-secondo-posto-alla-toscana-slovenia-terza-classificata\/","url":"https:\/\/www.bellunopress.it\/2019\/04\/08\/veronafiere-absolute-beginners-di-sol-doro-primo-e-secondo-posto-alla-toscana-slovenia-terza-classificata\/","name":"Veronafiere. Absolute Beginners di Sol d'Oro: primo e secondo posto alla Toscana, Slovenia terza classificata - Bellunopress - Dolomiti","isPartOf":{"@id":"https:\/\/www.bellunopress.it\/#website"},"primaryImageOfPage":{"@id":"https:\/\/www.bellunopress.it\/2019\/04\/08\/veronafiere-absolute-beginners-di-sol-doro-primo-e-secondo-posto-alla-toscana-slovenia-terza-classificata\/#primaryimage"},"image":{"@id":"https:\/\/www.bellunopress.it\/2019\/04\/08\/veronafiere-absolute-beginners-di-sol-doro-primo-e-secondo-posto-alla-toscana-slovenia-terza-classificata\/#primaryimage"},"thumbnailUrl":"http:\/\/www.bellunopress.it\/wp-content\/uploads\/2019\/04\/Sol-Agrifood.jpg","datePublished":"2019-04-08T13:00:56+00:00","dateModified":"2019-04-10T07:10:16+00:00","breadcrumb":{"@id":"https:\/\/www.bellunopress.it\/2019\/04\/08\/veronafiere-absolute-beginners-di-sol-doro-primo-e-secondo-posto-alla-toscana-slovenia-terza-classificata\/#breadcrumb"},"inLanguage":"fr-FR","potentialAction":[{"@type":"ReadAction","target":["https:\/\/www.bellunopress.it\/2019\/04\/08\/veronafiere-absolute-beginners-di-sol-doro-primo-e-secondo-posto-alla-toscana-slovenia-terza-classificata\/"]}]},{"@type":"ImageObject","inLanguage":"fr-FR","@id":"https:\/\/www.bellunopress.it\/2019\/04\/08\/veronafiere-absolute-beginners-di-sol-doro-primo-e-secondo-posto-alla-toscana-slovenia-terza-classificata\/#primaryimage","url":"http:\/\/www.bellunopress.it\/wp-content\/uploads\/2019\/04\/Sol-Agrifood.jpg","contentUrl":"http:\/\/www.bellunopress.it\/wp-content\/uploads\/2019\/04\/Sol-Agrifood.jpg"},{"@type":"BreadcrumbList","@id":"https:\/\/www.bellunopress.it\/2019\/04\/08\/veronafiere-absolute-beginners-di-sol-doro-primo-e-secondo-posto-alla-toscana-slovenia-terza-classificata\/#breadcrumb","itemListElement":[{"@type":"ListItem","position":1,"name":"Home","item":"https:\/\/www.bellunopress.it\/"},{"@type":"ListItem","position":2,"name":"Veronafiere. Absolute Beginners di Sol d&#8217;Oro: primo e secondo posto alla Toscana, Slovenia terza classificata"}]},{"@type":"WebSite","@id":"https:\/\/www.bellunopress.it\/#website","url":"https:\/\/www.bellunopress.it\/","name":"Bellunopress - Dolomiti","description":"e-mail: redazione@bellunopress.it","publisher":{"@id":"https:\/\/www.bellunopress.it\/#organization"},"potentialAction":[{"@type":"SearchAction","target":{"@type":"EntryPoint","urlTemplate":"https:\/\/www.bellunopress.it\/?s={search_term_string}"},"query-input":{"@type":"PropertyValueSpecification","valueRequired":true,"valueName":"search_term_string"}}],"inLanguage":"fr-FR"},{"@type":"Organization","@id":"https:\/\/www.bellunopress.it\/#organization","name":"Bellunopress","url":"https:\/\/www.bellunopress.it\/","logo":{"@type":"ImageObject","inLanguage":"fr-FR","@id":"https:\/\/www.bellunopress.it\/#\/schema\/logo\/image\/","url":"https:\/\/www.bellunopress.it\/wp-content\/uploads\/2011\/05\/cropped-logo-bellunopress-.jpg","contentUrl":"https:\/\/www.bellunopress.it\/wp-content\/uploads\/2011\/05\/cropped-logo-bellunopress-.jpg","width":512,"height":512,"caption":"Bellunopress"},"image":{"@id":"https:\/\/www.bellunopress.it\/#\/schema\/logo\/image\/"},"sameAs":["https:\/\/www.facebook.com\/profile.php?id=100008943462799","https:\/\/x.com\/bellunopress","https:\/\/www.linkedin.com\/hp\/?dnr=JBzUWaJfMUw8vbXJJ2tVW5-I3jZKvC4wsoxE&amp;amp;amp;amp;amp;amp;trk=nav_responsive_tab_home","https:\/\/www.youtube.com\/channel\/UCxL0wu1uN0_3_7hGG0306cw"]},{"@type":"Person","@id":"https:\/\/www.bellunopress.it\/#\/schema\/person\/79bb06722b37ece1c03d3e94beb30d73","name":"r\u00e9daction","image":{"@type":"ImageObject","inLanguage":"fr-FR","@id":"https:\/\/secure.gravatar.com\/avatar\/37d968a2e67a6fd04c169c4bdef102d0bc5d31b2546345219e348575eb80e9a0?s=96&d=mm&r=g","url":"https:\/\/secure.gravatar.com\/avatar\/37d968a2e67a6fd04c169c4bdef102d0bc5d31b2546345219e348575eb80e9a0?s=96&d=mm&r=g","contentUrl":"https:\/\/secure.gravatar.com\/avatar\/37d968a2e67a6fd04c169c4bdef102d0bc5d31b2546345219e348575eb80e9a0?s=96&d=mm&r=g","caption":"redazione"},"sameAs":["http:\/\/www.bellunopress.it","https:\/\/x.com\/bellunopress"],"url":"https:\/\/www.bellunopress.it\/fr\/author\/redazione\/"}]}},"_links":{"self":[{"href":"https:\/\/www.bellunopress.it\/fr\/wp-json\/wp\/v2\/posts\/103677","targetHints":{"allow":["GET"]}}],"collection":[{"href":"https:\/\/www.bellunopress.it\/fr\/wp-json\/wp\/v2\/posts"}],"about":[{"href":"https:\/\/www.bellunopress.it\/fr\/wp-json\/wp\/v2\/types\/post"}],"author":[{"embeddable":true,"href":"https:\/\/www.bellunopress.it\/fr\/wp-json\/wp\/v2\/users\/2"}],"replies":[{"embeddable":true,"href":"https:\/\/www.bellunopress.it\/fr\/wp-json\/wp\/v2\/comments?post=103677"}],"version-history":[{"count":2,"href":"https:\/\/www.bellunopress.it\/fr\/wp-json\/wp\/v2\/posts\/103677\/revisions"}],"predecessor-version":[{"id":103680,"href":"https:\/\/www.bellunopress.it\/fr\/wp-json\/wp\/v2\/posts\/103677\/revisions\/103680"}],"wp:attachment":[{"href":"https:\/\/www.bellunopress.it\/fr\/wp-json\/wp\/v2\/media?parent=103677"}],"wp:term":[{"taxonomy":"category","embeddable":true,"href":"https:\/\/www.bellunopress.it\/fr\/wp-json\/wp\/v2\/categories?post=103677"},{"taxonomy":"post_tag","embeddable":true,"href":"https:\/\/www.bellunopress.it\/fr\/wp-json\/wp\/v2\/tags?post=103677"}],"curies":[{"name":"wp","href":"https:\/\/api.w.org\/{rel}","templated":true}]}}