{"id":10366,"date":"2009-12-05T17:33:04","date_gmt":"2009-12-05T16:33:04","guid":{"rendered":"http:\/\/www.bellunopress.it\/?p=10366"},"modified":"2009-12-05T17:39:20","modified_gmt":"2009-12-05T16:39:20","slug":"ritrovato-il-corpo-di-don-claudio-sacco-sul-monte-pore","status":"publish","type":"post","link":"https:\/\/www.bellunopress.it\/fr\/2009\/12\/05\/ritrovato-il-corpo-di-don-claudio-sacco-sul-monte-pore\/","title":{"rendered":"Ritrovato il corpo di don Claudio Sacco sul Monte Pore"},"content":{"rendered":"<p><a href=\"http:\/\/www.bellunopress.it\/wp-content\/uploads\/2009\/12\/don-sacco-leggera.jpg\"><img loading=\"lazy\" decoding=\"async\" class=\"alignleft size-medium wp-image-10368\" title=\"don-sacco-leggera\" src=\"http:\/\/www.bellunopress.it\/wp-content\/uploads\/2009\/12\/don-sacco-leggera.jpg\" alt=\"\" width=\"270\" height=\"187\" \/><\/a><\/p>\n<p><a href=\"http:\/\/www.bellunopress.it\/wp-content\/uploads\/2009\/12\/valanga-leggera.jpg\"><img loading=\"lazy\" decoding=\"async\" class=\"alignright size-medium wp-image-10369\" title=\"valanga-leggera\" src=\"http:\/\/www.bellunopress.it\/wp-content\/uploads\/2009\/12\/valanga-leggera.jpg\" alt=\"\" width=\"270\" height=\"187\" \/><\/a><\/p>\n<p>Livinallongo del Col di Lana. Il corpo di don Claudio Sacco Sonador, 65 anni, parroco di Mas-Peron, \u00e8 stato trovato dai soccorritori poco dopo le 11 lungo uno linea di sondaggio nel centro della valanga del Pore, non distante dalla zona dove ieri erano stati fatti altri controlli e dal punto in cui un&#8217;unit\u00e0 cinofila aveva marcato la neve. L&#8217;uomo aveva ancora gli sci ai piedi e lo zaino sulle spalle. Una volta ottenuto il nulla osta per la rimozione dalla magistratura, la salma \u00e8 stata trasportata al rifugio Fedare dal nuovo elicottero del Suem di Pieve di Cadore, che di fatto oggi ha compiuto la prima missione di soccorso, anche con la perlustrazione dell&#8217;area in mattinata.\u00a0 Alla ricerca, coordinata dalla Stazione del Soccorso alpino della Val Fiorentina e dalla Delegazione bellunese, hanno preso parte 131 persone, 105 solo del Soccorso alpino. Hanno partecipato 16 delle 20 Stazioni, con una decina di unit\u00e0 cinofile da ricerca in valanga, e i ragazzi che stanno seguendo il corso da aspiranti soccorritori.<\/p>\n<p>(foto Corriere delle Alpi)<\/p>","protected":false},"excerpt":{"rendered":"<p>Livinallongo del Col di Lana. Il corpo di don Claudio Sacco Sonador, 65 anni, parroco di Mas-Peron, \u00e8 stato trovato dai soccorritori poco dopo le 11 lungo uno linea di sondaggio nel centro della valanga del Pore, non distante dalla zona dove ieri erano stati fatti altri controlli e dal punto in cui un&#8217;unit\u00e0 cinofila [&hellip;]<\/p>\n","protected":false},"author":2,"featured_media":0,"comment_status":"closed","ping_status":"open","sticky":false,"template":"","format":"standard","meta":{"footnotes":""},"categories":[5,38],"tags":[139,151],"class_list":["post-10366","post","type-post","status-publish","format-standard","category-cronaca","category-natura-ambiente","tag-belluno","tag-cadore"],"yoast_head":"<!-- This site is optimized with the Yoast SEO plugin v28.4 - https:\/\/yoast.com\/product\/yoast-seo-wordpress\/ -->\n<title>Ritrovato il corpo di don Claudio Sacco sul Monte Pore - Bellunopress - Dolomiti<\/title>\n<meta name=\"robots\" content=\"index, follow, max-snippet:-1, max-image-preview:large, max-video-preview:-1\" \/>\n<link rel=\"canonical\" href=\"https:\/\/www.bellunopress.it\/fr\/2009\/12\/05\/ritrovato-il-corpo-di-don-claudio-sacco-sul-monte-pore\/\" \/>\n<meta property=\"og:locale\" content=\"fr_FR\" \/>\n<meta property=\"og:type\" content=\"article\" \/>\n<meta property=\"og:title\" content=\"Ritrovato il corpo di don Claudio Sacco sul Monte Pore - Bellunopress - Dolomiti\" \/>\n<meta property=\"og:description\" content=\"Livinallongo del Col di Lana. Il corpo di don Claudio Sacco Sonador, 65 anni, parroco di Mas-Peron, \u00e8 stato trovato dai soccorritori poco dopo le 11 lungo uno linea di sondaggio nel centro della valanga del Pore, non distante dalla zona dove ieri erano stati fatti altri controlli e dal punto in cui un&#8217;unit\u00e0 cinofila [&hellip;]\" \/>\n<meta property=\"og:url\" content=\"https:\/\/www.bellunopress.it\/fr\/2009\/12\/05\/ritrovato-il-corpo-di-don-claudio-sacco-sul-monte-pore\/\" \/>\n<meta property=\"og:site_name\" content=\"Bellunopress - Dolomiti\" \/>\n<meta property=\"article:publisher\" content=\"https:\/\/www.facebook.com\/profile.php?id=100008943462799\" \/>\n<meta property=\"article:published_time\" content=\"2009-12-05T16:33:04+00:00\" \/>\n<meta property=\"article:modified_time\" content=\"2009-12-05T16:39:20+00:00\" \/>\n<meta property=\"og:image\" content=\"http:\/\/www.bellunopress.it\/wp-content\/uploads\/2009\/12\/don-sacco-leggera.jpg\" \/>\n<meta name=\"author\" content=\"redazione\" \/>\n<meta name=\"twitter:card\" content=\"summary_large_image\" \/>\n<meta name=\"twitter:creator\" content=\"@bellunopress\" \/>\n<meta name=\"twitter:site\" content=\"@bellunopress\" \/>\n<meta name=\"twitter:label1\" content=\"\u00c9crit par\" \/>\n\t<meta name=\"twitter:data1\" content=\"redazione\" \/>\n\t<meta name=\"twitter:label2\" content=\"Dur\u00e9e de lecture estim\u00e9e\" \/>\n\t<meta name=\"twitter:data2\" content=\"1 minute\" \/>\n<script type=\"application\/ld+json\" class=\"yoast-schema-graph\">{\"@context\":\"https:\\\/\\\/schema.org\",\"@graph\":[{\"@type\":\"Article\",\"@id\":\"https:\\\/\\\/www.bellunopress.it\\\/2009\\\/12\\\/05\\\/ritrovato-il-corpo-di-don-claudio-sacco-sul-monte-pore\\\/#article\",\"isPartOf\":{\"@id\":\"https:\\\/\\\/www.bellunopress.it\\\/2009\\\/12\\\/05\\\/ritrovato-il-corpo-di-don-claudio-sacco-sul-monte-pore\\\/\"},\"author\":{\"name\":\"redazione\",\"@id\":\"https:\\\/\\\/www.bellunopress.it\\\/#\\\/schema\\\/person\\\/79bb06722b37ece1c03d3e94beb30d73\"},\"headline\":\"Ritrovato il corpo di don Claudio Sacco sul Monte Pore\",\"datePublished\":\"2009-12-05T16:33:04+00:00\",\"dateModified\":\"2009-12-05T16:39:20+00:00\",\"mainEntityOfPage\":{\"@id\":\"https:\\\/\\\/www.bellunopress.it\\\/2009\\\/12\\\/05\\\/ritrovato-il-corpo-di-don-claudio-sacco-sul-monte-pore\\\/\"},\"wordCount\":178,\"publisher\":{\"@id\":\"https:\\\/\\\/www.bellunopress.it\\\/#organization\"},\"image\":{\"@id\":\"https:\\\/\\\/www.bellunopress.it\\\/2009\\\/12\\\/05\\\/ritrovato-il-corpo-di-don-claudio-sacco-sul-monte-pore\\\/#primaryimage\"},\"thumbnailUrl\":\"http:\\\/\\\/www.bellunopress.it\\\/wp-content\\\/uploads\\\/2009\\\/12\\\/don-sacco-leggera.jpg\",\"keywords\":[\"Belluno\",\"Cadore\"],\"articleSection\":[\"Cronaca\\\/Politica\",\"Meteo, natura, ambiente, animali\"],\"inLanguage\":\"fr-FR\"},{\"@type\":\"WebPage\",\"@id\":\"https:\\\/\\\/www.bellunopress.it\\\/2009\\\/12\\\/05\\\/ritrovato-il-corpo-di-don-claudio-sacco-sul-monte-pore\\\/\",\"url\":\"https:\\\/\\\/www.bellunopress.it\\\/2009\\\/12\\\/05\\\/ritrovato-il-corpo-di-don-claudio-sacco-sul-monte-pore\\\/\",\"name\":\"Ritrovato il corpo di don Claudio Sacco sul Monte Pore - Bellunopress - Dolomiti\",\"isPartOf\":{\"@id\":\"https:\\\/\\\/www.bellunopress.it\\\/#website\"},\"primaryImageOfPage\":{\"@id\":\"https:\\\/\\\/www.bellunopress.it\\\/2009\\\/12\\\/05\\\/ritrovato-il-corpo-di-don-claudio-sacco-sul-monte-pore\\\/#primaryimage\"},\"image\":{\"@id\":\"https:\\\/\\\/www.bellunopress.it\\\/2009\\\/12\\\/05\\\/ritrovato-il-corpo-di-don-claudio-sacco-sul-monte-pore\\\/#primaryimage\"},\"thumbnailUrl\":\"http:\\\/\\\/www.bellunopress.it\\\/wp-content\\\/uploads\\\/2009\\\/12\\\/don-sacco-leggera.jpg\",\"datePublished\":\"2009-12-05T16:33:04+00:00\",\"dateModified\":\"2009-12-05T16:39:20+00:00\",\"breadcrumb\":{\"@id\":\"https:\\\/\\\/www.bellunopress.it\\\/2009\\\/12\\\/05\\\/ritrovato-il-corpo-di-don-claudio-sacco-sul-monte-pore\\\/#breadcrumb\"},\"inLanguage\":\"fr-FR\",\"potentialAction\":[{\"@type\":\"ReadAction\",\"target\":[\"https:\\\/\\\/www.bellunopress.it\\\/2009\\\/12\\\/05\\\/ritrovato-il-corpo-di-don-claudio-sacco-sul-monte-pore\\\/\"]}]},{\"@type\":\"ImageObject\",\"inLanguage\":\"fr-FR\",\"@id\":\"https:\\\/\\\/www.bellunopress.it\\\/2009\\\/12\\\/05\\\/ritrovato-il-corpo-di-don-claudio-sacco-sul-monte-pore\\\/#primaryimage\",\"url\":\"http:\\\/\\\/www.bellunopress.it\\\/wp-content\\\/uploads\\\/2009\\\/12\\\/don-sacco-leggera.jpg\",\"contentUrl\":\"http:\\\/\\\/www.bellunopress.it\\\/wp-content\\\/uploads\\\/2009\\\/12\\\/don-sacco-leggera.jpg\"},{\"@type\":\"BreadcrumbList\",\"@id\":\"https:\\\/\\\/www.bellunopress.it\\\/2009\\\/12\\\/05\\\/ritrovato-il-corpo-di-don-claudio-sacco-sul-monte-pore\\\/#breadcrumb\",\"itemListElement\":[{\"@type\":\"ListItem\",\"position\":1,\"name\":\"Home\",\"item\":\"https:\\\/\\\/www.bellunopress.it\\\/\"},{\"@type\":\"ListItem\",\"position\":2,\"name\":\"Ritrovato il corpo di don Claudio Sacco sul Monte Pore\"}]},{\"@type\":\"WebSite\",\"@id\":\"https:\\\/\\\/www.bellunopress.it\\\/#website\",\"url\":\"https:\\\/\\\/www.bellunopress.it\\\/\",\"name\":\"Bellunopress - Dolomiti\",\"description\":\"e-mail: redazione@bellunopress.it\",\"publisher\":{\"@id\":\"https:\\\/\\\/www.bellunopress.it\\\/#organization\"},\"potentialAction\":[{\"@type\":\"SearchAction\",\"target\":{\"@type\":\"EntryPoint\",\"urlTemplate\":\"https:\\\/\\\/www.bellunopress.it\\\/?s={search_term_string}\"},\"query-input\":{\"@type\":\"PropertyValueSpecification\",\"valueRequired\":true,\"valueName\":\"search_term_string\"}}],\"inLanguage\":\"fr-FR\"},{\"@type\":\"Organization\",\"@id\":\"https:\\\/\\\/www.bellunopress.it\\\/#organization\",\"name\":\"Bellunopress\",\"url\":\"https:\\\/\\\/www.bellunopress.it\\\/\",\"logo\":{\"@type\":\"ImageObject\",\"inLanguage\":\"fr-FR\",\"@id\":\"https:\\\/\\\/www.bellunopress.it\\\/#\\\/schema\\\/logo\\\/image\\\/\",\"url\":\"https:\\\/\\\/www.bellunopress.it\\\/wp-content\\\/uploads\\\/2011\\\/05\\\/cropped-logo-bellunopress-.jpg\",\"contentUrl\":\"https:\\\/\\\/www.bellunopress.it\\\/wp-content\\\/uploads\\\/2011\\\/05\\\/cropped-logo-bellunopress-.jpg\",\"width\":512,\"height\":512,\"caption\":\"Bellunopress\"},\"image\":{\"@id\":\"https:\\\/\\\/www.bellunopress.it\\\/#\\\/schema\\\/logo\\\/image\\\/\"},\"sameAs\":[\"https:\\\/\\\/www.facebook.com\\\/profile.php?id=100008943462799\",\"https:\\\/\\\/x.com\\\/bellunopress\",\"https:\\\/\\\/www.linkedin.com\\\/hp\\\/?dnr=JBzUWaJfMUw8vbXJJ2tVW5-I3jZKvC4wsoxE&amp;amp;amp;amp;amp;amp;trk=nav_responsive_tab_home\",\"https:\\\/\\\/www.youtube.com\\\/channel\\\/UCxL0wu1uN0_3_7hGG0306cw\"]},{\"@type\":\"Person\",\"@id\":\"https:\\\/\\\/www.bellunopress.it\\\/#\\\/schema\\\/person\\\/79bb06722b37ece1c03d3e94beb30d73\",\"name\":\"redazione\",\"image\":{\"@type\":\"ImageObject\",\"inLanguage\":\"fr-FR\",\"@id\":\"https:\\\/\\\/secure.gravatar.com\\\/avatar\\\/37d968a2e67a6fd04c169c4bdef102d0bc5d31b2546345219e348575eb80e9a0?s=96&d=mm&r=g\",\"url\":\"https:\\\/\\\/secure.gravatar.com\\\/avatar\\\/37d968a2e67a6fd04c169c4bdef102d0bc5d31b2546345219e348575eb80e9a0?s=96&d=mm&r=g\",\"contentUrl\":\"https:\\\/\\\/secure.gravatar.com\\\/avatar\\\/37d968a2e67a6fd04c169c4bdef102d0bc5d31b2546345219e348575eb80e9a0?s=96&d=mm&r=g\",\"caption\":\"redazione\"},\"sameAs\":[\"http:\\\/\\\/www.bellunopress.it\",\"https:\\\/\\\/x.com\\\/bellunopress\"],\"url\":\"https:\\\/\\\/www.bellunopress.it\\\/fr\\\/author\\\/redazione\\\/\"}]}<\/script>\n<!-- \/ Yoast SEO plugin. -->","yoast_head_json":{"title":"Ritrovato il corpo di don Claudio Sacco sul Monte Pore - Bellunopress - Dolomiti","robots":{"index":"index","follow":"follow","max-snippet":"max-snippet:-1","max-image-preview":"max-image-preview:large","max-video-preview":"max-video-preview:-1"},"canonical":"https:\/\/www.bellunopress.it\/fr\/2009\/12\/05\/ritrovato-il-corpo-di-don-claudio-sacco-sul-monte-pore\/","og_locale":"fr_FR","og_type":"article","og_title":"Ritrovato il corpo di don Claudio Sacco sul Monte Pore - Bellunopress - Dolomiti","og_description":"Livinallongo del Col di Lana. Il corpo di don Claudio Sacco Sonador, 65 anni, parroco di Mas-Peron, \u00e8 stato trovato dai soccorritori poco dopo le 11 lungo uno linea di sondaggio nel centro della valanga del Pore, non distante dalla zona dove ieri erano stati fatti altri controlli e dal punto in cui un&#8217;unit\u00e0 cinofila [&hellip;]","og_url":"https:\/\/www.bellunopress.it\/fr\/2009\/12\/05\/ritrovato-il-corpo-di-don-claudio-sacco-sul-monte-pore\/","og_site_name":"Bellunopress - Dolomiti","article_publisher":"https:\/\/www.facebook.com\/profile.php?id=100008943462799","article_published_time":"2009-12-05T16:33:04+00:00","article_modified_time":"2009-12-05T16:39:20+00:00","og_image":[{"url":"http:\/\/www.bellunopress.it\/wp-content\/uploads\/2009\/12\/don-sacco-leggera.jpg","type":"","width":"","height":""}],"author":"redazione","twitter_card":"summary_large_image","twitter_creator":"@bellunopress","twitter_site":"@bellunopress","twitter_misc":{"\u00c9crit par":"redazione","Dur\u00e9e de lecture estim\u00e9e":"1 minute"},"schema":{"@context":"https:\/\/schema.org","@graph":[{"@type":"Article","@id":"https:\/\/www.bellunopress.it\/2009\/12\/05\/ritrovato-il-corpo-di-don-claudio-sacco-sul-monte-pore\/#article","isPartOf":{"@id":"https:\/\/www.bellunopress.it\/2009\/12\/05\/ritrovato-il-corpo-di-don-claudio-sacco-sul-monte-pore\/"},"author":{"name":"redazione","@id":"https:\/\/www.bellunopress.it\/#\/schema\/person\/79bb06722b37ece1c03d3e94beb30d73"},"headline":"Ritrovato il corpo di don Claudio Sacco sul Monte Pore","datePublished":"2009-12-05T16:33:04+00:00","dateModified":"2009-12-05T16:39:20+00:00","mainEntityOfPage":{"@id":"https:\/\/www.bellunopress.it\/2009\/12\/05\/ritrovato-il-corpo-di-don-claudio-sacco-sul-monte-pore\/"},"wordCount":178,"publisher":{"@id":"https:\/\/www.bellunopress.it\/#organization"},"image":{"@id":"https:\/\/www.bellunopress.it\/2009\/12\/05\/ritrovato-il-corpo-di-don-claudio-sacco-sul-monte-pore\/#primaryimage"},"thumbnailUrl":"http:\/\/www.bellunopress.it\/wp-content\/uploads\/2009\/12\/don-sacco-leggera.jpg","keywords":["Belluno","Cadore"],"articleSection":["Cronaca\/Politica","Meteo, natura, ambiente, animali"],"inLanguage":"fr-FR"},{"@type":"WebPage","@id":"https:\/\/www.bellunopress.it\/2009\/12\/05\/ritrovato-il-corpo-di-don-claudio-sacco-sul-monte-pore\/","url":"https:\/\/www.bellunopress.it\/2009\/12\/05\/ritrovato-il-corpo-di-don-claudio-sacco-sul-monte-pore\/","name":"Ritrovato il corpo di don Claudio Sacco sul Monte Pore - Bellunopress - Dolomiti","isPartOf":{"@id":"https:\/\/www.bellunopress.it\/#website"},"primaryImageOfPage":{"@id":"https:\/\/www.bellunopress.it\/2009\/12\/05\/ritrovato-il-corpo-di-don-claudio-sacco-sul-monte-pore\/#primaryimage"},"image":{"@id":"https:\/\/www.bellunopress.it\/2009\/12\/05\/ritrovato-il-corpo-di-don-claudio-sacco-sul-monte-pore\/#primaryimage"},"thumbnailUrl":"http:\/\/www.bellunopress.it\/wp-content\/uploads\/2009\/12\/don-sacco-leggera.jpg","datePublished":"2009-12-05T16:33:04+00:00","dateModified":"2009-12-05T16:39:20+00:00","breadcrumb":{"@id":"https:\/\/www.bellunopress.it\/2009\/12\/05\/ritrovato-il-corpo-di-don-claudio-sacco-sul-monte-pore\/#breadcrumb"},"inLanguage":"fr-FR","potentialAction":[{"@type":"ReadAction","target":["https:\/\/www.bellunopress.it\/2009\/12\/05\/ritrovato-il-corpo-di-don-claudio-sacco-sul-monte-pore\/"]}]},{"@type":"ImageObject","inLanguage":"fr-FR","@id":"https:\/\/www.bellunopress.it\/2009\/12\/05\/ritrovato-il-corpo-di-don-claudio-sacco-sul-monte-pore\/#primaryimage","url":"http:\/\/www.bellunopress.it\/wp-content\/uploads\/2009\/12\/don-sacco-leggera.jpg","contentUrl":"http:\/\/www.bellunopress.it\/wp-content\/uploads\/2009\/12\/don-sacco-leggera.jpg"},{"@type":"BreadcrumbList","@id":"https:\/\/www.bellunopress.it\/2009\/12\/05\/ritrovato-il-corpo-di-don-claudio-sacco-sul-monte-pore\/#breadcrumb","itemListElement":[{"@type":"ListItem","position":1,"name":"Home","item":"https:\/\/www.bellunopress.it\/"},{"@type":"ListItem","position":2,"name":"Ritrovato il corpo di don Claudio Sacco sul Monte Pore"}]},{"@type":"WebSite","@id":"https:\/\/www.bellunopress.it\/#website","url":"https:\/\/www.bellunopress.it\/","name":"Bellunopress - Dolomiti","description":"e-mail: redazione@bellunopress.it","publisher":{"@id":"https:\/\/www.bellunopress.it\/#organization"},"potentialAction":[{"@type":"SearchAction","target":{"@type":"EntryPoint","urlTemplate":"https:\/\/www.bellunopress.it\/?s={search_term_string}"},"query-input":{"@type":"PropertyValueSpecification","valueRequired":true,"valueName":"search_term_string"}}],"inLanguage":"fr-FR"},{"@type":"Organization","@id":"https:\/\/www.bellunopress.it\/#organization","name":"Bellunopress","url":"https:\/\/www.bellunopress.it\/","logo":{"@type":"ImageObject","inLanguage":"fr-FR","@id":"https:\/\/www.bellunopress.it\/#\/schema\/logo\/image\/","url":"https:\/\/www.bellunopress.it\/wp-content\/uploads\/2011\/05\/cropped-logo-bellunopress-.jpg","contentUrl":"https:\/\/www.bellunopress.it\/wp-content\/uploads\/2011\/05\/cropped-logo-bellunopress-.jpg","width":512,"height":512,"caption":"Bellunopress"},"image":{"@id":"https:\/\/www.bellunopress.it\/#\/schema\/logo\/image\/"},"sameAs":["https:\/\/www.facebook.com\/profile.php?id=100008943462799","https:\/\/x.com\/bellunopress","https:\/\/www.linkedin.com\/hp\/?dnr=JBzUWaJfMUw8vbXJJ2tVW5-I3jZKvC4wsoxE&amp;amp;amp;amp;amp;amp;trk=nav_responsive_tab_home","https:\/\/www.youtube.com\/channel\/UCxL0wu1uN0_3_7hGG0306cw"]},{"@type":"Person","@id":"https:\/\/www.bellunopress.it\/#\/schema\/person\/79bb06722b37ece1c03d3e94beb30d73","name":"r\u00e9daction","image":{"@type":"ImageObject","inLanguage":"fr-FR","@id":"https:\/\/secure.gravatar.com\/avatar\/37d968a2e67a6fd04c169c4bdef102d0bc5d31b2546345219e348575eb80e9a0?s=96&d=mm&r=g","url":"https:\/\/secure.gravatar.com\/avatar\/37d968a2e67a6fd04c169c4bdef102d0bc5d31b2546345219e348575eb80e9a0?s=96&d=mm&r=g","contentUrl":"https:\/\/secure.gravatar.com\/avatar\/37d968a2e67a6fd04c169c4bdef102d0bc5d31b2546345219e348575eb80e9a0?s=96&d=mm&r=g","caption":"redazione"},"sameAs":["http:\/\/www.bellunopress.it","https:\/\/x.com\/bellunopress"],"url":"https:\/\/www.bellunopress.it\/fr\/author\/redazione\/"}]}},"_links":{"self":[{"href":"https:\/\/www.bellunopress.it\/fr\/wp-json\/wp\/v2\/posts\/10366","targetHints":{"allow":["GET"]}}],"collection":[{"href":"https:\/\/www.bellunopress.it\/fr\/wp-json\/wp\/v2\/posts"}],"about":[{"href":"https:\/\/www.bellunopress.it\/fr\/wp-json\/wp\/v2\/types\/post"}],"author":[{"embeddable":true,"href":"https:\/\/www.bellunopress.it\/fr\/wp-json\/wp\/v2\/users\/2"}],"replies":[{"embeddable":true,"href":"https:\/\/www.bellunopress.it\/fr\/wp-json\/wp\/v2\/comments?post=10366"}],"version-history":[{"count":5,"href":"https:\/\/www.bellunopress.it\/fr\/wp-json\/wp\/v2\/posts\/10366\/revisions"}],"predecessor-version":[{"id":10374,"href":"https:\/\/www.bellunopress.it\/fr\/wp-json\/wp\/v2\/posts\/10366\/revisions\/10374"}],"wp:attachment":[{"href":"https:\/\/www.bellunopress.it\/fr\/wp-json\/wp\/v2\/media?parent=10366"}],"wp:term":[{"taxonomy":"category","embeddable":true,"href":"https:\/\/www.bellunopress.it\/fr\/wp-json\/wp\/v2\/categories?post=10366"},{"taxonomy":"post_tag","embeddable":true,"href":"https:\/\/www.bellunopress.it\/fr\/wp-json\/wp\/v2\/tags?post=10366"}],"curies":[{"name":"wp","href":"https:\/\/api.w.org\/{rel}","templated":true}]}}