{"id":103613,"date":"2019-04-08T17:11:59","date_gmt":"2019-04-08T15:11:59","guid":{"rendered":"http:\/\/www.bellunopress.it\/?p=103613"},"modified":"2019-04-11T18:54:57","modified_gmt":"2019-04-11T16:54:57","slug":"103613","status":"publish","type":"post","link":"https:\/\/www.bellunopress.it\/fr\/2019\/04\/08\/103613\/","title":{"rendered":"Gioved\u00ec in Taverna appuntamento con Massimo Nava editorialista del Corriere della Sera"},"content":{"rendered":"<p>Gioved\u00ec 11 aprile alle ore 18.30 al ristorante Taverna in via Cipro 7 a Belluno, torna l&#8217;appuntamento con la cultura della rassegna \u201cConversazioni in Taverna\u201d dell&#8217;Associazione Liberal Belluno presieduta da Rosalba Schenal. Ospite della serata Massimo Nava, editorialista da Parigi del Corriere della Sera che parler\u00e0 dei rapporti passati e presenti tra Francia e Italia. A condurre l&#8217;incontro sar\u00e0 Daniela De Don\u00e0, giornalista del Gazzettino.<br \/>\n<a href=\"http:\/\/www.bellunopress.it\/fr\/2019\/04\/08\/103613\/massimo-nava-il-boss-e-immortale\/\" rel=\"attachment wp-att-103614\"><img loading=\"lazy\" decoding=\"async\" class=\"alignleft size-full wp-image-103614\" src=\"http:\/\/www.bellunopress.it\/wp-content\/uploads\/2019\/04\/massimo-nava-il-boss-\u00e8-immortale.jpg\" alt=\"\" width=\"195\" height=\"300\" \/><\/a>Massimo Nava, che ha recentemente pubblicato per Mondadori il romanzo \u201cIl boss \u00e8 immortale\u201d, un thriller pieno di colpi di scena, ambientato nei bassifondi di Napoli, a Belluno parler\u00e0 delle questioni tra Italia e Francia, dei gilet gialli, di Macron, delle elezioni europee.<\/p>\n<p>Lo abbiamo contattato per sentire, dal suo osservatorio privilegiato, cosa ne pensa sulle relazioni Italia-Francia innanzitutto sulla delicata questione del progetto Tav, partito una trentina d&#8217;anni fa e ancora in corso d&#8217;opera. Con una bilancia commerciale che pende a nostro favore con un saldo di 11 miliardi, posto che le esportazioni verso la Francia nel 2018 sono state di circa 47 miliardi, mentre le importazioni pari a 36 miliardi.<\/p>\n<p>\u201cSi tratta di un&#8217;opera finanziata in larga misura dall&#8217;Unione europea e dalla Francia, e non so se sia conveniente per noi fermarla &#8211; sottolinea Massimo Nava &#8211; . Soprattutto ora che si parla della Via della seta con l&#8217;Oriente, sarebbe come mettere un tappo tra la Francia e l&#8217;Italia. Qualcosa del genere &#8211; prosegue Nava &#8211; lo state vivendo anche voi a Belluno con lo sbocco a Nord di cui si parla in questi giorni. In Alto Adige la questione con i partner viennesi e con la popolazione venne improntata al dialogo, mentre nel caso della Tav questo non \u00e8 successo. Ma non c&#8217;\u00e8 solo l&#8217;aspetto economico commerciale da tener presente &#8211; sostiene Massimo Nava &#8211; perch\u00e9 vi sono anche dati non quantificabili, parametri non monetizzabili. Perch\u00e9 una linea ferroviaria ad alta velocit\u00e0 che collega Venezia-Milano-Parigi crea scambi culturali e in prospettiva anche vantaggi in ambito ecologico\u201d.<\/p>\n<p>Dottor Nava, cosa pensa dei rapporti tra francesi e italiani, nel 1940 li abbiamo pugnalati alle spalle con l&#8217;aggressione e l&#8217;entrata in guerra dell&#8217;Italia. Tant&#8217;\u00e8 che poi il generale De Gaulle nel &#8217;45 ipotizzava l&#8217;annessione alla Francia di Aosta, Imperia e Cuneo. Ma nel 2011 a destabilizzare in Nord Africa con l&#8217;attacco alla Libia e l&#8217;uccisione di Gheddafi sono stati i francesi e la Nato.<\/p>\n<p>\u201cVi sono innanzitutto incomprensioni legate a stereotipi popolari, con complessi di superiorit\u00e0 e di inferiorit\u00e0. Noi subiamo l&#8217;influenza dei francesi e ci autodenigriamo e i francesi ci guardano con sufficienza. Tuttavia i francesi amano la cucina e la moda italiana. E poi vi sono le polemiche generate dalla politica, per fortuna ricucite, che fanno molto male ai rapporti tra i due stati. Mi riferisco ai contatti del vicepremier Di Maio con esponenti dei gilet gialli. Sulla questione della Libia e l&#8217;uccisione di Gheddafi, non c&#8217;\u00e8 dubbio, la Francia ha destabilizzato il Mediterraneo creando situazioni non ancora risolte, le ondate migratorie e la partita aperta sul petrolio\u201d.\u00a0 (rdn)<\/p>\n<p>&nbsp;<\/p>\n<p><strong>Massimo Nava\u00a0<\/strong> \u00e8 editorialista del &#8220;Corriere della Sera&#8221; da Parigi, dopo essere stato inviato speciale e corrispondente di guerra. Ha pubblicato Germania Germania (Mondadori, 1990) sulla caduta del Muro di Berlino, Carovane d&#8217;Europa (Rizzoli, 1992), Kosovo c&#8217;ero anch&#8217;io (Rizzoli, 1999), Milo\u0161evic, la tragedia di un popolo (Rizzoli, 2000), Imputato Milo\u0161evic (Fazi, 2002), Vittime, storie di guerra sul fronte della pace (Fazi, 2005), Sarkozy l&#8217;uomo di ferro (Einaudi, 2007). Nel 2009 ha pubblicato il romanzo La gloria \u00e8 il sole dei morti (Ponte alle Grazie). Nel 2010, per Rizzoli, Il garibaldino che fece il &#8220;Corriere della Sera&#8221;, sulla vita di Eugenio Torelli Viollier, fondatore del &#8220;Corriere&#8221;. Nel 2014 \u00e8 uscito per Mondadori Infinito amore, la passione segreta di Napoleone, nel 2016 Il mercante di quadri scomparsi, la prima indagine dell&#8217;ispettore Bastiani.<\/p>","protected":false},"excerpt":{"rendered":"<p>Gioved\u00ec 11 aprile alle ore 18.30 al ristorante Taverna in via Cipro 7 a Belluno, torna l&#8217;appuntamento con la cultura della rassegna \u201cConversazioni in Taverna\u201d dell&#8217;Associazione Liberal Belluno presieduta da Rosalba Schenal. Ospite della serata Massimo Nava, editorialista da Parigi del Corriere della Sera che parler\u00e0 dei rapporti passati e presenti tra Francia e Italia. [&hellip;]<\/p>\n","protected":false},"author":2,"featured_media":0,"comment_status":"closed","ping_status":"open","sticky":false,"template":"","format":"standard","meta":{"footnotes":""},"categories":[27,3],"tags":[1011,3405],"class_list":["post-103613","post","type-post","status-publish","format-standard","category-appuntamenti","category-arte-cultura-spettacoli-scienza-archivi","tag-liberal-belluno","tag-massimo-nava"],"yoast_head":"<!-- This site is optimized with the Yoast SEO plugin v28.4 - https:\/\/yoast.com\/product\/yoast-seo-wordpress\/ -->\n<title>Gioved\u00ec in Taverna appuntamento con Massimo Nava editorialista del Corriere della Sera - Bellunopress - Dolomiti<\/title>\n<meta name=\"robots\" content=\"index, follow, max-snippet:-1, max-image-preview:large, max-video-preview:-1\" \/>\n<link rel=\"canonical\" href=\"https:\/\/www.bellunopress.it\/fr\/2019\/04\/08\/103613\/\" \/>\n<meta property=\"og:locale\" content=\"fr_FR\" \/>\n<meta property=\"og:type\" content=\"article\" \/>\n<meta property=\"og:title\" content=\"Gioved\u00ec in Taverna appuntamento con Massimo Nava editorialista del Corriere della Sera - Bellunopress - Dolomiti\" \/>\n<meta property=\"og:description\" content=\"Gioved\u00ec 11 aprile alle ore 18.30 al ristorante Taverna in via Cipro 7 a Belluno, torna l&#8217;appuntamento con la cultura della rassegna \u201cConversazioni in Taverna\u201d dell&#8217;Associazione Liberal Belluno presieduta da Rosalba Schenal. Ospite della serata Massimo Nava, editorialista da Parigi del Corriere della Sera che parler\u00e0 dei rapporti passati e presenti tra Francia e Italia. [&hellip;]\" \/>\n<meta property=\"og:url\" content=\"https:\/\/www.bellunopress.it\/fr\/2019\/04\/08\/103613\/\" \/>\n<meta property=\"og:site_name\" content=\"Bellunopress - Dolomiti\" \/>\n<meta property=\"article:publisher\" content=\"https:\/\/www.facebook.com\/profile.php?id=100008943462799\" \/>\n<meta property=\"article:published_time\" content=\"2019-04-08T15:11:59+00:00\" \/>\n<meta property=\"article:modified_time\" content=\"2019-04-11T16:54:57+00:00\" \/>\n<meta property=\"og:image\" content=\"http:\/\/www.bellunopress.it\/wp-content\/uploads\/2019\/04\/massimo-nava-il-boss-\u00e8-immortale.jpg\" \/>\n<meta name=\"author\" content=\"redazione\" \/>\n<meta name=\"twitter:card\" content=\"summary_large_image\" \/>\n<meta name=\"twitter:creator\" content=\"@bellunopress\" \/>\n<meta name=\"twitter:site\" content=\"@bellunopress\" \/>\n<meta name=\"twitter:label1\" content=\"\u00c9crit par\" \/>\n\t<meta name=\"twitter:data1\" content=\"redazione\" \/>\n\t<meta name=\"twitter:label2\" content=\"Dur\u00e9e de lecture estim\u00e9e\" \/>\n\t<meta name=\"twitter:data2\" content=\"3 minutes\" \/>\n<script type=\"application\/ld+json\" class=\"yoast-schema-graph\">{\"@context\":\"https:\\\/\\\/schema.org\",\"@graph\":[{\"@type\":\"Article\",\"@id\":\"https:\\\/\\\/www.bellunopress.it\\\/2019\\\/04\\\/08\\\/103613\\\/#article\",\"isPartOf\":{\"@id\":\"https:\\\/\\\/www.bellunopress.it\\\/2019\\\/04\\\/08\\\/103613\\\/\"},\"author\":{\"name\":\"redazione\",\"@id\":\"https:\\\/\\\/www.bellunopress.it\\\/#\\\/schema\\\/person\\\/79bb06722b37ece1c03d3e94beb30d73\"},\"headline\":\"Gioved\u00ec in Taverna appuntamento con Massimo Nava editorialista del Corriere della Sera\",\"datePublished\":\"2019-04-08T15:11:59+00:00\",\"dateModified\":\"2019-04-11T16:54:57+00:00\",\"mainEntityOfPage\":{\"@id\":\"https:\\\/\\\/www.bellunopress.it\\\/2019\\\/04\\\/08\\\/103613\\\/\"},\"wordCount\":637,\"publisher\":{\"@id\":\"https:\\\/\\\/www.bellunopress.it\\\/#organization\"},\"keywords\":[\"Liberal Belluno\",\"Massimo Nava\"],\"articleSection\":[\"Appuntamenti, Eventi\",\"Arte, Cultura, Spettacoli, Scienza\"],\"inLanguage\":\"fr-FR\"},{\"@type\":\"WebPage\",\"@id\":\"https:\\\/\\\/www.bellunopress.it\\\/2019\\\/04\\\/08\\\/103613\\\/\",\"url\":\"https:\\\/\\\/www.bellunopress.it\\\/2019\\\/04\\\/08\\\/103613\\\/\",\"name\":\"Gioved\u00ec in Taverna appuntamento con Massimo Nava editorialista del Corriere della Sera - Bellunopress - Dolomiti\",\"isPartOf\":{\"@id\":\"https:\\\/\\\/www.bellunopress.it\\\/#website\"},\"datePublished\":\"2019-04-08T15:11:59+00:00\",\"dateModified\":\"2019-04-11T16:54:57+00:00\",\"breadcrumb\":{\"@id\":\"https:\\\/\\\/www.bellunopress.it\\\/2019\\\/04\\\/08\\\/103613\\\/#breadcrumb\"},\"inLanguage\":\"fr-FR\",\"potentialAction\":[{\"@type\":\"ReadAction\",\"target\":[\"https:\\\/\\\/www.bellunopress.it\\\/2019\\\/04\\\/08\\\/103613\\\/\"]}]},{\"@type\":\"BreadcrumbList\",\"@id\":\"https:\\\/\\\/www.bellunopress.it\\\/2019\\\/04\\\/08\\\/103613\\\/#breadcrumb\",\"itemListElement\":[{\"@type\":\"ListItem\",\"position\":1,\"name\":\"Home\",\"item\":\"https:\\\/\\\/www.bellunopress.it\\\/\"},{\"@type\":\"ListItem\",\"position\":2,\"name\":\"Gioved\u00ec in Taverna appuntamento con Massimo Nava editorialista del Corriere della Sera\"}]},{\"@type\":\"WebSite\",\"@id\":\"https:\\\/\\\/www.bellunopress.it\\\/#website\",\"url\":\"https:\\\/\\\/www.bellunopress.it\\\/\",\"name\":\"Bellunopress - Dolomiti\",\"description\":\"e-mail: redazione@bellunopress.it\",\"publisher\":{\"@id\":\"https:\\\/\\\/www.bellunopress.it\\\/#organization\"},\"potentialAction\":[{\"@type\":\"SearchAction\",\"target\":{\"@type\":\"EntryPoint\",\"urlTemplate\":\"https:\\\/\\\/www.bellunopress.it\\\/?s={search_term_string}\"},\"query-input\":{\"@type\":\"PropertyValueSpecification\",\"valueRequired\":true,\"valueName\":\"search_term_string\"}}],\"inLanguage\":\"fr-FR\"},{\"@type\":\"Organization\",\"@id\":\"https:\\\/\\\/www.bellunopress.it\\\/#organization\",\"name\":\"Bellunopress\",\"url\":\"https:\\\/\\\/www.bellunopress.it\\\/\",\"logo\":{\"@type\":\"ImageObject\",\"inLanguage\":\"fr-FR\",\"@id\":\"https:\\\/\\\/www.bellunopress.it\\\/#\\\/schema\\\/logo\\\/image\\\/\",\"url\":\"https:\\\/\\\/www.bellunopress.it\\\/wp-content\\\/uploads\\\/2011\\\/05\\\/cropped-logo-bellunopress-.jpg\",\"contentUrl\":\"https:\\\/\\\/www.bellunopress.it\\\/wp-content\\\/uploads\\\/2011\\\/05\\\/cropped-logo-bellunopress-.jpg\",\"width\":512,\"height\":512,\"caption\":\"Bellunopress\"},\"image\":{\"@id\":\"https:\\\/\\\/www.bellunopress.it\\\/#\\\/schema\\\/logo\\\/image\\\/\"},\"sameAs\":[\"https:\\\/\\\/www.facebook.com\\\/profile.php?id=100008943462799\",\"https:\\\/\\\/x.com\\\/bellunopress\",\"https:\\\/\\\/www.linkedin.com\\\/hp\\\/?dnr=JBzUWaJfMUw8vbXJJ2tVW5-I3jZKvC4wsoxE&amp;amp;amp;amp;amp;amp;trk=nav_responsive_tab_home\",\"https:\\\/\\\/www.youtube.com\\\/channel\\\/UCxL0wu1uN0_3_7hGG0306cw\"]},{\"@type\":\"Person\",\"@id\":\"https:\\\/\\\/www.bellunopress.it\\\/#\\\/schema\\\/person\\\/79bb06722b37ece1c03d3e94beb30d73\",\"name\":\"redazione\",\"image\":{\"@type\":\"ImageObject\",\"inLanguage\":\"fr-FR\",\"@id\":\"https:\\\/\\\/secure.gravatar.com\\\/avatar\\\/37d968a2e67a6fd04c169c4bdef102d0bc5d31b2546345219e348575eb80e9a0?s=96&d=mm&r=g\",\"url\":\"https:\\\/\\\/secure.gravatar.com\\\/avatar\\\/37d968a2e67a6fd04c169c4bdef102d0bc5d31b2546345219e348575eb80e9a0?s=96&d=mm&r=g\",\"contentUrl\":\"https:\\\/\\\/secure.gravatar.com\\\/avatar\\\/37d968a2e67a6fd04c169c4bdef102d0bc5d31b2546345219e348575eb80e9a0?s=96&d=mm&r=g\",\"caption\":\"redazione\"},\"sameAs\":[\"http:\\\/\\\/www.bellunopress.it\",\"https:\\\/\\\/x.com\\\/bellunopress\"],\"url\":\"https:\\\/\\\/www.bellunopress.it\\\/fr\\\/author\\\/redazione\\\/\"}]}<\/script>\n<!-- \/ Yoast SEO plugin. -->","yoast_head_json":{"title":"Gioved\u00ec in Taverna appuntamento con Massimo Nava editorialista del Corriere della Sera - Bellunopress - Dolomiti","robots":{"index":"index","follow":"follow","max-snippet":"max-snippet:-1","max-image-preview":"max-image-preview:large","max-video-preview":"max-video-preview:-1"},"canonical":"https:\/\/www.bellunopress.it\/fr\/2019\/04\/08\/103613\/","og_locale":"fr_FR","og_type":"article","og_title":"Gioved\u00ec in Taverna appuntamento con Massimo Nava editorialista del Corriere della Sera - Bellunopress - Dolomiti","og_description":"Gioved\u00ec 11 aprile alle ore 18.30 al ristorante Taverna in via Cipro 7 a Belluno, torna l&#8217;appuntamento con la cultura della rassegna \u201cConversazioni in Taverna\u201d dell&#8217;Associazione Liberal Belluno presieduta da Rosalba Schenal. Ospite della serata Massimo Nava, editorialista da Parigi del Corriere della Sera che parler\u00e0 dei rapporti passati e presenti tra Francia e Italia. [&hellip;]","og_url":"https:\/\/www.bellunopress.it\/fr\/2019\/04\/08\/103613\/","og_site_name":"Bellunopress - Dolomiti","article_publisher":"https:\/\/www.facebook.com\/profile.php?id=100008943462799","article_published_time":"2019-04-08T15:11:59+00:00","article_modified_time":"2019-04-11T16:54:57+00:00","og_image":[{"url":"http:\/\/www.bellunopress.it\/wp-content\/uploads\/2019\/04\/massimo-nava-il-boss-\u00e8-immortale.jpg","type":"","width":"","height":""}],"author":"redazione","twitter_card":"summary_large_image","twitter_creator":"@bellunopress","twitter_site":"@bellunopress","twitter_misc":{"\u00c9crit par":"redazione","Dur\u00e9e de lecture estim\u00e9e":"3 minutes"},"schema":{"@context":"https:\/\/schema.org","@graph":[{"@type":"Article","@id":"https:\/\/www.bellunopress.it\/2019\/04\/08\/103613\/#article","isPartOf":{"@id":"https:\/\/www.bellunopress.it\/2019\/04\/08\/103613\/"},"author":{"name":"redazione","@id":"https:\/\/www.bellunopress.it\/#\/schema\/person\/79bb06722b37ece1c03d3e94beb30d73"},"headline":"Gioved\u00ec in Taverna appuntamento con Massimo Nava editorialista del Corriere della Sera","datePublished":"2019-04-08T15:11:59+00:00","dateModified":"2019-04-11T16:54:57+00:00","mainEntityOfPage":{"@id":"https:\/\/www.bellunopress.it\/2019\/04\/08\/103613\/"},"wordCount":637,"publisher":{"@id":"https:\/\/www.bellunopress.it\/#organization"},"keywords":["Liberal Belluno","Massimo Nava"],"articleSection":["Appuntamenti, Eventi","Arte, Cultura, Spettacoli, Scienza"],"inLanguage":"fr-FR"},{"@type":"WebPage","@id":"https:\/\/www.bellunopress.it\/2019\/04\/08\/103613\/","url":"https:\/\/www.bellunopress.it\/2019\/04\/08\/103613\/","name":"Gioved\u00ec in Taverna appuntamento con Massimo Nava editorialista del Corriere della Sera - Bellunopress - Dolomiti","isPartOf":{"@id":"https:\/\/www.bellunopress.it\/#website"},"datePublished":"2019-04-08T15:11:59+00:00","dateModified":"2019-04-11T16:54:57+00:00","breadcrumb":{"@id":"https:\/\/www.bellunopress.it\/2019\/04\/08\/103613\/#breadcrumb"},"inLanguage":"fr-FR","potentialAction":[{"@type":"ReadAction","target":["https:\/\/www.bellunopress.it\/2019\/04\/08\/103613\/"]}]},{"@type":"BreadcrumbList","@id":"https:\/\/www.bellunopress.it\/2019\/04\/08\/103613\/#breadcrumb","itemListElement":[{"@type":"ListItem","position":1,"name":"Home","item":"https:\/\/www.bellunopress.it\/"},{"@type":"ListItem","position":2,"name":"Gioved\u00ec in Taverna appuntamento con Massimo Nava editorialista del Corriere della Sera"}]},{"@type":"WebSite","@id":"https:\/\/www.bellunopress.it\/#website","url":"https:\/\/www.bellunopress.it\/","name":"Bellunopress - Dolomiti","description":"e-mail: redazione@bellunopress.it","publisher":{"@id":"https:\/\/www.bellunopress.it\/#organization"},"potentialAction":[{"@type":"SearchAction","target":{"@type":"EntryPoint","urlTemplate":"https:\/\/www.bellunopress.it\/?s={search_term_string}"},"query-input":{"@type":"PropertyValueSpecification","valueRequired":true,"valueName":"search_term_string"}}],"inLanguage":"fr-FR"},{"@type":"Organization","@id":"https:\/\/www.bellunopress.it\/#organization","name":"Bellunopress","url":"https:\/\/www.bellunopress.it\/","logo":{"@type":"ImageObject","inLanguage":"fr-FR","@id":"https:\/\/www.bellunopress.it\/#\/schema\/logo\/image\/","url":"https:\/\/www.bellunopress.it\/wp-content\/uploads\/2011\/05\/cropped-logo-bellunopress-.jpg","contentUrl":"https:\/\/www.bellunopress.it\/wp-content\/uploads\/2011\/05\/cropped-logo-bellunopress-.jpg","width":512,"height":512,"caption":"Bellunopress"},"image":{"@id":"https:\/\/www.bellunopress.it\/#\/schema\/logo\/image\/"},"sameAs":["https:\/\/www.facebook.com\/profile.php?id=100008943462799","https:\/\/x.com\/bellunopress","https:\/\/www.linkedin.com\/hp\/?dnr=JBzUWaJfMUw8vbXJJ2tVW5-I3jZKvC4wsoxE&amp;amp;amp;amp;amp;amp;trk=nav_responsive_tab_home","https:\/\/www.youtube.com\/channel\/UCxL0wu1uN0_3_7hGG0306cw"]},{"@type":"Person","@id":"https:\/\/www.bellunopress.it\/#\/schema\/person\/79bb06722b37ece1c03d3e94beb30d73","name":"r\u00e9daction","image":{"@type":"ImageObject","inLanguage":"fr-FR","@id":"https:\/\/secure.gravatar.com\/avatar\/37d968a2e67a6fd04c169c4bdef102d0bc5d31b2546345219e348575eb80e9a0?s=96&d=mm&r=g","url":"https:\/\/secure.gravatar.com\/avatar\/37d968a2e67a6fd04c169c4bdef102d0bc5d31b2546345219e348575eb80e9a0?s=96&d=mm&r=g","contentUrl":"https:\/\/secure.gravatar.com\/avatar\/37d968a2e67a6fd04c169c4bdef102d0bc5d31b2546345219e348575eb80e9a0?s=96&d=mm&r=g","caption":"redazione"},"sameAs":["http:\/\/www.bellunopress.it","https:\/\/x.com\/bellunopress"],"url":"https:\/\/www.bellunopress.it\/fr\/author\/redazione\/"}]}},"_links":{"self":[{"href":"https:\/\/www.bellunopress.it\/fr\/wp-json\/wp\/v2\/posts\/103613","targetHints":{"allow":["GET"]}}],"collection":[{"href":"https:\/\/www.bellunopress.it\/fr\/wp-json\/wp\/v2\/posts"}],"about":[{"href":"https:\/\/www.bellunopress.it\/fr\/wp-json\/wp\/v2\/types\/post"}],"author":[{"embeddable":true,"href":"https:\/\/www.bellunopress.it\/fr\/wp-json\/wp\/v2\/users\/2"}],"replies":[{"embeddable":true,"href":"https:\/\/www.bellunopress.it\/fr\/wp-json\/wp\/v2\/comments?post=103613"}],"version-history":[{"count":5,"href":"https:\/\/www.bellunopress.it\/fr\/wp-json\/wp\/v2\/posts\/103613\/revisions"}],"predecessor-version":[{"id":103619,"href":"https:\/\/www.bellunopress.it\/fr\/wp-json\/wp\/v2\/posts\/103613\/revisions\/103619"}],"wp:attachment":[{"href":"https:\/\/www.bellunopress.it\/fr\/wp-json\/wp\/v2\/media?parent=103613"}],"wp:term":[{"taxonomy":"category","embeddable":true,"href":"https:\/\/www.bellunopress.it\/fr\/wp-json\/wp\/v2\/categories?post=103613"},{"taxonomy":"post_tag","embeddable":true,"href":"https:\/\/www.bellunopress.it\/fr\/wp-json\/wp\/v2\/tags?post=103613"}],"curies":[{"name":"wp","href":"https:\/\/api.w.org\/{rel}","templated":true}]}}