{"id":103607,"date":"2019-04-08T14:25:45","date_gmt":"2019-04-08T12:25:45","guid":{"rendered":"http:\/\/www.bellunopress.it\/?p=103607"},"modified":"2019-04-08T14:25:46","modified_gmt":"2019-04-08T12:25:46","slug":"anche-di-maio-oggi-al-vinitaly-di-verona-zaia-grato-al-vicepremier-per-le-garanzie-sullautonomia","status":"publish","type":"post","link":"https:\/\/www.bellunopress.it\/fr\/2019\/04\/08\/anche-di-maio-oggi-al-vinitaly-di-verona-zaia-grato-al-vicepremier-per-le-garanzie-sullautonomia\/","title":{"rendered":"Anche Di Maio oggi al Vinitaly di Verona. Zaia: &#8220;Grato al vicepremier per le garanzie sull&#8217;autonomia&#8221;"},"content":{"rendered":"<p><a href=\"http:\/\/www.bellunopress.it\/fr\/2019\/04\/08\/anche-di-maio-oggi-al-vinitaly-di-verona-zaia-grato-al-vicepremier-per-le-garanzie-sullautonomia\/vinitaly-zaia-di-maio\/\" rel=\"attachment wp-att-103608\"><img loading=\"lazy\" decoding=\"async\" class=\"alignleft size-full wp-image-103608\" src=\"http:\/\/www.bellunopress.it\/wp-content\/uploads\/2019\/04\/vinitaly-zaia-di-maio.jpg\" alt=\"\" width=\"300\" height=\"186\" \/><\/a>Venezia, 8 aprile 2019 \u00a0&#8211; \u00a0Altra presenza significativa, e non priva di contenuto, oggi allo Stand del Veneto al Vinitaly in corso a Verona. A visitare la vetrina del primo produttore vinicolo e primo esportatore d\u2019Italia \u00e8 infatti arrivato il Vicepremier e Ministro delle Attivit\u00e0 Produttive, Luigi Di Maio, accolto dal Presidente della Regione.<\/p>\n<p>Il Governatore ha donato a Di Maio la bandiera del Veneto, affrontando con lui il tema dell\u2019autonomia, non prima di averlo ringraziato, come ieri nel caso del Premier Conte e del Vicepremier Salvini, per la vicinanza concreta e l\u2019impegno profuso dal Governo in occasione della devastante tempesta \u201cVaia\u201d, che ha colpito il Veneto in autunno.<\/p>\n<p>\u201cA Di Maio \u2013 riferisce il Presidente della Regione \u2013 ho ricordato che la richiesta di autonomia non \u00e8 un semplice fatto identitario, ma qualcosa di ancora pi\u00f9 profondo, qualcosa che ha portato a votare 2 milioni 328 mila veneti, che credo meriti una risposta, anche perch\u00e9, per noi, \u00e8 la madre di tutte le battaglie. Cos\u00ec come ieri il Presidente del Consiglio, anche Di Maio ha detto che i veneti avranno la loro autonomia, e di questo impegno l\u2019ho ringraziato. Del Vicepremier \u2013 prosegue il Governatore \u2013 mi \u00e8 molto piaciuto il riferimento alla necessit\u00e0 di rispettare la volont\u00e0 popolare espressa con il referendum. Una frase di cui gli sono grato, un impegno che mettiamo in cornice\u201d.<\/p>\n<p>Riferendosi al Vinitaly e alla produzione vitivinicola, il Presidente del Veneto ha evidenziato al Ministro delle Attivit\u00e0 Produttive che \u201cqui si trova nell\u2019epicentro di uno dei pi\u00f9 grandi business mondiali, legato anche al concetto di ecosostenibilit\u00e0 e delle massime garanzie di qualit\u00e0 per il consumatore. Questo stand \u2013 ha concluso \u2013 rappresenta il Veneto dei record: prima regione d\u2019Italia con 16,5 milioni di quintali di uva prodotta e 13,5 milioni di ettolitri, con 1 miliardo e 600 milioni di export, con 53 denominazioni presenti, con imprenditori di successo gi\u00e0 proiettati al futuro, che si chiama sostenibilit\u00e0, certificazione ambientale del prodotto, del vigneto e dell\u2019intero processo\u201d.<\/p>","protected":false},"excerpt":{"rendered":"<p>Venezia, 8 aprile 2019 \u00a0&#8211; \u00a0Altra presenza significativa, e non priva di contenuto, oggi allo Stand del Veneto al Vinitaly in corso a Verona. A visitare la vetrina del primo produttore vinicolo e primo esportatore d\u2019Italia \u00e8 infatti arrivato il Vicepremier e Ministro delle Attivit\u00e0 Produttive, Luigi Di Maio, accolto dal Presidente della Regione. Il [&hellip;]<\/p>\n","protected":false},"author":2,"featured_media":0,"comment_status":"closed","ping_status":"open","sticky":false,"template":"","format":"standard","meta":{"footnotes":""},"categories":[5,26],"tags":[],"class_list":["post-103607","post","type-post","status-publish","format-standard","category-cronaca","category-prima-pagina"],"yoast_head":"<!-- This site is optimized with the Yoast SEO plugin v28.4 - https:\/\/yoast.com\/product\/yoast-seo-wordpress\/ -->\n<title>Anche Di Maio oggi al Vinitaly di Verona. Zaia: &quot;Grato al vicepremier per le garanzie sull&#039;autonomia&quot; - Bellunopress - Dolomiti<\/title>\n<meta name=\"robots\" content=\"index, follow, max-snippet:-1, max-image-preview:large, max-video-preview:-1\" \/>\n<link rel=\"canonical\" href=\"https:\/\/www.bellunopress.it\/fr\/2019\/04\/08\/anche-di-maio-oggi-al-vinitaly-di-verona-zaia-grato-al-vicepremier-per-le-garanzie-sullautonomia\/\" \/>\n<meta property=\"og:locale\" content=\"fr_FR\" \/>\n<meta property=\"og:type\" content=\"article\" \/>\n<meta property=\"og:title\" content=\"Anche Di Maio oggi al Vinitaly di Verona. Zaia: &quot;Grato al vicepremier per le garanzie sull&#039;autonomia&quot; - Bellunopress - Dolomiti\" \/>\n<meta property=\"og:description\" content=\"Venezia, 8 aprile 2019 \u00a0&#8211; \u00a0Altra presenza significativa, e non priva di contenuto, oggi allo Stand del Veneto al Vinitaly in corso a Verona. A visitare la vetrina del primo produttore vinicolo e primo esportatore d\u2019Italia \u00e8 infatti arrivato il Vicepremier e Ministro delle Attivit\u00e0 Produttive, Luigi Di Maio, accolto dal Presidente della Regione. Il [&hellip;]\" \/>\n<meta property=\"og:url\" content=\"https:\/\/www.bellunopress.it\/fr\/2019\/04\/08\/anche-di-maio-oggi-al-vinitaly-di-verona-zaia-grato-al-vicepremier-per-le-garanzie-sullautonomia\/\" \/>\n<meta property=\"og:site_name\" content=\"Bellunopress - Dolomiti\" \/>\n<meta property=\"article:publisher\" content=\"https:\/\/www.facebook.com\/profile.php?id=100008943462799\" \/>\n<meta property=\"article:published_time\" content=\"2019-04-08T12:25:45+00:00\" \/>\n<meta property=\"article:modified_time\" content=\"2019-04-08T12:25:46+00:00\" \/>\n<meta property=\"og:image\" content=\"http:\/\/www.bellunopress.it\/wp-content\/uploads\/2019\/04\/vinitaly-zaia-di-maio.jpg\" \/>\n<meta name=\"author\" content=\"redazione\" \/>\n<meta name=\"twitter:card\" content=\"summary_large_image\" \/>\n<meta name=\"twitter:creator\" content=\"@bellunopress\" \/>\n<meta name=\"twitter:site\" content=\"@bellunopress\" \/>\n<meta name=\"twitter:label1\" content=\"\u00c9crit par\" \/>\n\t<meta name=\"twitter:data1\" content=\"redazione\" \/>\n\t<meta name=\"twitter:label2\" content=\"Dur\u00e9e de lecture estim\u00e9e\" \/>\n\t<meta name=\"twitter:data2\" content=\"2 minutes\" \/>\n<script type=\"application\/ld+json\" class=\"yoast-schema-graph\">{\"@context\":\"https:\\\/\\\/schema.org\",\"@graph\":[{\"@type\":\"Article\",\"@id\":\"https:\\\/\\\/www.bellunopress.it\\\/2019\\\/04\\\/08\\\/anche-di-maio-oggi-al-vinitaly-di-verona-zaia-grato-al-vicepremier-per-le-garanzie-sullautonomia\\\/#article\",\"isPartOf\":{\"@id\":\"https:\\\/\\\/www.bellunopress.it\\\/2019\\\/04\\\/08\\\/anche-di-maio-oggi-al-vinitaly-di-verona-zaia-grato-al-vicepremier-per-le-garanzie-sullautonomia\\\/\"},\"author\":{\"name\":\"redazione\",\"@id\":\"https:\\\/\\\/www.bellunopress.it\\\/#\\\/schema\\\/person\\\/79bb06722b37ece1c03d3e94beb30d73\"},\"headline\":\"Anche Di Maio oggi al Vinitaly di Verona. Zaia: &#8220;Grato al vicepremier per le garanzie sull&#8217;autonomia&#8221;\",\"datePublished\":\"2019-04-08T12:25:45+00:00\",\"dateModified\":\"2019-04-08T12:25:46+00:00\",\"mainEntityOfPage\":{\"@id\":\"https:\\\/\\\/www.bellunopress.it\\\/2019\\\/04\\\/08\\\/anche-di-maio-oggi-al-vinitaly-di-verona-zaia-grato-al-vicepremier-per-le-garanzie-sullautonomia\\\/\"},\"wordCount\":337,\"publisher\":{\"@id\":\"https:\\\/\\\/www.bellunopress.it\\\/#organization\"},\"image\":{\"@id\":\"https:\\\/\\\/www.bellunopress.it\\\/2019\\\/04\\\/08\\\/anche-di-maio-oggi-al-vinitaly-di-verona-zaia-grato-al-vicepremier-per-le-garanzie-sullautonomia\\\/#primaryimage\"},\"thumbnailUrl\":\"http:\\\/\\\/www.bellunopress.it\\\/wp-content\\\/uploads\\\/2019\\\/04\\\/vinitaly-zaia-di-maio.jpg\",\"articleSection\":[\"Cronaca\\\/Politica\",\"Prima Pagina\"],\"inLanguage\":\"fr-FR\"},{\"@type\":\"WebPage\",\"@id\":\"https:\\\/\\\/www.bellunopress.it\\\/2019\\\/04\\\/08\\\/anche-di-maio-oggi-al-vinitaly-di-verona-zaia-grato-al-vicepremier-per-le-garanzie-sullautonomia\\\/\",\"url\":\"https:\\\/\\\/www.bellunopress.it\\\/2019\\\/04\\\/08\\\/anche-di-maio-oggi-al-vinitaly-di-verona-zaia-grato-al-vicepremier-per-le-garanzie-sullautonomia\\\/\",\"name\":\"Anche Di Maio oggi al Vinitaly di Verona. Zaia: \\\"Grato al vicepremier per le garanzie sull'autonomia\\\" - Bellunopress - Dolomiti\",\"isPartOf\":{\"@id\":\"https:\\\/\\\/www.bellunopress.it\\\/#website\"},\"primaryImageOfPage\":{\"@id\":\"https:\\\/\\\/www.bellunopress.it\\\/2019\\\/04\\\/08\\\/anche-di-maio-oggi-al-vinitaly-di-verona-zaia-grato-al-vicepremier-per-le-garanzie-sullautonomia\\\/#primaryimage\"},\"image\":{\"@id\":\"https:\\\/\\\/www.bellunopress.it\\\/2019\\\/04\\\/08\\\/anche-di-maio-oggi-al-vinitaly-di-verona-zaia-grato-al-vicepremier-per-le-garanzie-sullautonomia\\\/#primaryimage\"},\"thumbnailUrl\":\"http:\\\/\\\/www.bellunopress.it\\\/wp-content\\\/uploads\\\/2019\\\/04\\\/vinitaly-zaia-di-maio.jpg\",\"datePublished\":\"2019-04-08T12:25:45+00:00\",\"dateModified\":\"2019-04-08T12:25:46+00:00\",\"breadcrumb\":{\"@id\":\"https:\\\/\\\/www.bellunopress.it\\\/2019\\\/04\\\/08\\\/anche-di-maio-oggi-al-vinitaly-di-verona-zaia-grato-al-vicepremier-per-le-garanzie-sullautonomia\\\/#breadcrumb\"},\"inLanguage\":\"fr-FR\",\"potentialAction\":[{\"@type\":\"ReadAction\",\"target\":[\"https:\\\/\\\/www.bellunopress.it\\\/2019\\\/04\\\/08\\\/anche-di-maio-oggi-al-vinitaly-di-verona-zaia-grato-al-vicepremier-per-le-garanzie-sullautonomia\\\/\"]}]},{\"@type\":\"ImageObject\",\"inLanguage\":\"fr-FR\",\"@id\":\"https:\\\/\\\/www.bellunopress.it\\\/2019\\\/04\\\/08\\\/anche-di-maio-oggi-al-vinitaly-di-verona-zaia-grato-al-vicepremier-per-le-garanzie-sullautonomia\\\/#primaryimage\",\"url\":\"http:\\\/\\\/www.bellunopress.it\\\/wp-content\\\/uploads\\\/2019\\\/04\\\/vinitaly-zaia-di-maio.jpg\",\"contentUrl\":\"http:\\\/\\\/www.bellunopress.it\\\/wp-content\\\/uploads\\\/2019\\\/04\\\/vinitaly-zaia-di-maio.jpg\"},{\"@type\":\"BreadcrumbList\",\"@id\":\"https:\\\/\\\/www.bellunopress.it\\\/2019\\\/04\\\/08\\\/anche-di-maio-oggi-al-vinitaly-di-verona-zaia-grato-al-vicepremier-per-le-garanzie-sullautonomia\\\/#breadcrumb\",\"itemListElement\":[{\"@type\":\"ListItem\",\"position\":1,\"name\":\"Home\",\"item\":\"https:\\\/\\\/www.bellunopress.it\\\/\"},{\"@type\":\"ListItem\",\"position\":2,\"name\":\"Anche Di Maio oggi al Vinitaly di Verona. Zaia: &#8220;Grato al vicepremier per le garanzie sull&#8217;autonomia&#8221;\"}]},{\"@type\":\"WebSite\",\"@id\":\"https:\\\/\\\/www.bellunopress.it\\\/#website\",\"url\":\"https:\\\/\\\/www.bellunopress.it\\\/\",\"name\":\"Bellunopress - Dolomiti\",\"description\":\"e-mail: redazione@bellunopress.it\",\"publisher\":{\"@id\":\"https:\\\/\\\/www.bellunopress.it\\\/#organization\"},\"potentialAction\":[{\"@type\":\"SearchAction\",\"target\":{\"@type\":\"EntryPoint\",\"urlTemplate\":\"https:\\\/\\\/www.bellunopress.it\\\/?s={search_term_string}\"},\"query-input\":{\"@type\":\"PropertyValueSpecification\",\"valueRequired\":true,\"valueName\":\"search_term_string\"}}],\"inLanguage\":\"fr-FR\"},{\"@type\":\"Organization\",\"@id\":\"https:\\\/\\\/www.bellunopress.it\\\/#organization\",\"name\":\"Bellunopress\",\"url\":\"https:\\\/\\\/www.bellunopress.it\\\/\",\"logo\":{\"@type\":\"ImageObject\",\"inLanguage\":\"fr-FR\",\"@id\":\"https:\\\/\\\/www.bellunopress.it\\\/#\\\/schema\\\/logo\\\/image\\\/\",\"url\":\"https:\\\/\\\/www.bellunopress.it\\\/wp-content\\\/uploads\\\/2011\\\/05\\\/cropped-logo-bellunopress-.jpg\",\"contentUrl\":\"https:\\\/\\\/www.bellunopress.it\\\/wp-content\\\/uploads\\\/2011\\\/05\\\/cropped-logo-bellunopress-.jpg\",\"width\":512,\"height\":512,\"caption\":\"Bellunopress\"},\"image\":{\"@id\":\"https:\\\/\\\/www.bellunopress.it\\\/#\\\/schema\\\/logo\\\/image\\\/\"},\"sameAs\":[\"https:\\\/\\\/www.facebook.com\\\/profile.php?id=100008943462799\",\"https:\\\/\\\/x.com\\\/bellunopress\",\"https:\\\/\\\/www.linkedin.com\\\/hp\\\/?dnr=JBzUWaJfMUw8vbXJJ2tVW5-I3jZKvC4wsoxE&amp;amp;amp;amp;amp;amp;trk=nav_responsive_tab_home\",\"https:\\\/\\\/www.youtube.com\\\/channel\\\/UCxL0wu1uN0_3_7hGG0306cw\"]},{\"@type\":\"Person\",\"@id\":\"https:\\\/\\\/www.bellunopress.it\\\/#\\\/schema\\\/person\\\/79bb06722b37ece1c03d3e94beb30d73\",\"name\":\"redazione\",\"image\":{\"@type\":\"ImageObject\",\"inLanguage\":\"fr-FR\",\"@id\":\"https:\\\/\\\/secure.gravatar.com\\\/avatar\\\/37d968a2e67a6fd04c169c4bdef102d0bc5d31b2546345219e348575eb80e9a0?s=96&d=mm&r=g\",\"url\":\"https:\\\/\\\/secure.gravatar.com\\\/avatar\\\/37d968a2e67a6fd04c169c4bdef102d0bc5d31b2546345219e348575eb80e9a0?s=96&d=mm&r=g\",\"contentUrl\":\"https:\\\/\\\/secure.gravatar.com\\\/avatar\\\/37d968a2e67a6fd04c169c4bdef102d0bc5d31b2546345219e348575eb80e9a0?s=96&d=mm&r=g\",\"caption\":\"redazione\"},\"sameAs\":[\"http:\\\/\\\/www.bellunopress.it\",\"https:\\\/\\\/x.com\\\/bellunopress\"],\"url\":\"https:\\\/\\\/www.bellunopress.it\\\/fr\\\/author\\\/redazione\\\/\"}]}<\/script>\n<!-- \/ Yoast SEO plugin. -->","yoast_head_json":{"title":"Anche Di Maio oggi al Vinitaly di Verona. Zaia: \"Grato al vicepremier per le garanzie sull'autonomia\" - Bellunopress - Dolomiti","robots":{"index":"index","follow":"follow","max-snippet":"max-snippet:-1","max-image-preview":"max-image-preview:large","max-video-preview":"max-video-preview:-1"},"canonical":"https:\/\/www.bellunopress.it\/fr\/2019\/04\/08\/anche-di-maio-oggi-al-vinitaly-di-verona-zaia-grato-al-vicepremier-per-le-garanzie-sullautonomia\/","og_locale":"fr_FR","og_type":"article","og_title":"Anche Di Maio oggi al Vinitaly di Verona. Zaia: \"Grato al vicepremier per le garanzie sull'autonomia\" - Bellunopress - Dolomiti","og_description":"Venezia, 8 aprile 2019 \u00a0&#8211; \u00a0Altra presenza significativa, e non priva di contenuto, oggi allo Stand del Veneto al Vinitaly in corso a Verona. A visitare la vetrina del primo produttore vinicolo e primo esportatore d\u2019Italia \u00e8 infatti arrivato il Vicepremier e Ministro delle Attivit\u00e0 Produttive, Luigi Di Maio, accolto dal Presidente della Regione. Il [&hellip;]","og_url":"https:\/\/www.bellunopress.it\/fr\/2019\/04\/08\/anche-di-maio-oggi-al-vinitaly-di-verona-zaia-grato-al-vicepremier-per-le-garanzie-sullautonomia\/","og_site_name":"Bellunopress - Dolomiti","article_publisher":"https:\/\/www.facebook.com\/profile.php?id=100008943462799","article_published_time":"2019-04-08T12:25:45+00:00","article_modified_time":"2019-04-08T12:25:46+00:00","og_image":[{"url":"http:\/\/www.bellunopress.it\/wp-content\/uploads\/2019\/04\/vinitaly-zaia-di-maio.jpg","type":"","width":"","height":""}],"author":"redazione","twitter_card":"summary_large_image","twitter_creator":"@bellunopress","twitter_site":"@bellunopress","twitter_misc":{"\u00c9crit par":"redazione","Dur\u00e9e de lecture estim\u00e9e":"2 minutes"},"schema":{"@context":"https:\/\/schema.org","@graph":[{"@type":"Article","@id":"https:\/\/www.bellunopress.it\/2019\/04\/08\/anche-di-maio-oggi-al-vinitaly-di-verona-zaia-grato-al-vicepremier-per-le-garanzie-sullautonomia\/#article","isPartOf":{"@id":"https:\/\/www.bellunopress.it\/2019\/04\/08\/anche-di-maio-oggi-al-vinitaly-di-verona-zaia-grato-al-vicepremier-per-le-garanzie-sullautonomia\/"},"author":{"name":"redazione","@id":"https:\/\/www.bellunopress.it\/#\/schema\/person\/79bb06722b37ece1c03d3e94beb30d73"},"headline":"Anche Di Maio oggi al Vinitaly di Verona. Zaia: &#8220;Grato al vicepremier per le garanzie sull&#8217;autonomia&#8221;","datePublished":"2019-04-08T12:25:45+00:00","dateModified":"2019-04-08T12:25:46+00:00","mainEntityOfPage":{"@id":"https:\/\/www.bellunopress.it\/2019\/04\/08\/anche-di-maio-oggi-al-vinitaly-di-verona-zaia-grato-al-vicepremier-per-le-garanzie-sullautonomia\/"},"wordCount":337,"publisher":{"@id":"https:\/\/www.bellunopress.it\/#organization"},"image":{"@id":"https:\/\/www.bellunopress.it\/2019\/04\/08\/anche-di-maio-oggi-al-vinitaly-di-verona-zaia-grato-al-vicepremier-per-le-garanzie-sullautonomia\/#primaryimage"},"thumbnailUrl":"http:\/\/www.bellunopress.it\/wp-content\/uploads\/2019\/04\/vinitaly-zaia-di-maio.jpg","articleSection":["Cronaca\/Politica","Prima Pagina"],"inLanguage":"fr-FR"},{"@type":"WebPage","@id":"https:\/\/www.bellunopress.it\/2019\/04\/08\/anche-di-maio-oggi-al-vinitaly-di-verona-zaia-grato-al-vicepremier-per-le-garanzie-sullautonomia\/","url":"https:\/\/www.bellunopress.it\/2019\/04\/08\/anche-di-maio-oggi-al-vinitaly-di-verona-zaia-grato-al-vicepremier-per-le-garanzie-sullautonomia\/","name":"Anche Di Maio oggi al Vinitaly di Verona. Zaia: \"Grato al vicepremier per le garanzie sull'autonomia\" - Bellunopress - Dolomiti","isPartOf":{"@id":"https:\/\/www.bellunopress.it\/#website"},"primaryImageOfPage":{"@id":"https:\/\/www.bellunopress.it\/2019\/04\/08\/anche-di-maio-oggi-al-vinitaly-di-verona-zaia-grato-al-vicepremier-per-le-garanzie-sullautonomia\/#primaryimage"},"image":{"@id":"https:\/\/www.bellunopress.it\/2019\/04\/08\/anche-di-maio-oggi-al-vinitaly-di-verona-zaia-grato-al-vicepremier-per-le-garanzie-sullautonomia\/#primaryimage"},"thumbnailUrl":"http:\/\/www.bellunopress.it\/wp-content\/uploads\/2019\/04\/vinitaly-zaia-di-maio.jpg","datePublished":"2019-04-08T12:25:45+00:00","dateModified":"2019-04-08T12:25:46+00:00","breadcrumb":{"@id":"https:\/\/www.bellunopress.it\/2019\/04\/08\/anche-di-maio-oggi-al-vinitaly-di-verona-zaia-grato-al-vicepremier-per-le-garanzie-sullautonomia\/#breadcrumb"},"inLanguage":"fr-FR","potentialAction":[{"@type":"ReadAction","target":["https:\/\/www.bellunopress.it\/2019\/04\/08\/anche-di-maio-oggi-al-vinitaly-di-verona-zaia-grato-al-vicepremier-per-le-garanzie-sullautonomia\/"]}]},{"@type":"ImageObject","inLanguage":"fr-FR","@id":"https:\/\/www.bellunopress.it\/2019\/04\/08\/anche-di-maio-oggi-al-vinitaly-di-verona-zaia-grato-al-vicepremier-per-le-garanzie-sullautonomia\/#primaryimage","url":"http:\/\/www.bellunopress.it\/wp-content\/uploads\/2019\/04\/vinitaly-zaia-di-maio.jpg","contentUrl":"http:\/\/www.bellunopress.it\/wp-content\/uploads\/2019\/04\/vinitaly-zaia-di-maio.jpg"},{"@type":"BreadcrumbList","@id":"https:\/\/www.bellunopress.it\/2019\/04\/08\/anche-di-maio-oggi-al-vinitaly-di-verona-zaia-grato-al-vicepremier-per-le-garanzie-sullautonomia\/#breadcrumb","itemListElement":[{"@type":"ListItem","position":1,"name":"Home","item":"https:\/\/www.bellunopress.it\/"},{"@type":"ListItem","position":2,"name":"Anche Di Maio oggi al Vinitaly di Verona. Zaia: &#8220;Grato al vicepremier per le garanzie sull&#8217;autonomia&#8221;"}]},{"@type":"WebSite","@id":"https:\/\/www.bellunopress.it\/#website","url":"https:\/\/www.bellunopress.it\/","name":"Bellunopress - Dolomiti","description":"e-mail: redazione@bellunopress.it","publisher":{"@id":"https:\/\/www.bellunopress.it\/#organization"},"potentialAction":[{"@type":"SearchAction","target":{"@type":"EntryPoint","urlTemplate":"https:\/\/www.bellunopress.it\/?s={search_term_string}"},"query-input":{"@type":"PropertyValueSpecification","valueRequired":true,"valueName":"search_term_string"}}],"inLanguage":"fr-FR"},{"@type":"Organization","@id":"https:\/\/www.bellunopress.it\/#organization","name":"Bellunopress","url":"https:\/\/www.bellunopress.it\/","logo":{"@type":"ImageObject","inLanguage":"fr-FR","@id":"https:\/\/www.bellunopress.it\/#\/schema\/logo\/image\/","url":"https:\/\/www.bellunopress.it\/wp-content\/uploads\/2011\/05\/cropped-logo-bellunopress-.jpg","contentUrl":"https:\/\/www.bellunopress.it\/wp-content\/uploads\/2011\/05\/cropped-logo-bellunopress-.jpg","width":512,"height":512,"caption":"Bellunopress"},"image":{"@id":"https:\/\/www.bellunopress.it\/#\/schema\/logo\/image\/"},"sameAs":["https:\/\/www.facebook.com\/profile.php?id=100008943462799","https:\/\/x.com\/bellunopress","https:\/\/www.linkedin.com\/hp\/?dnr=JBzUWaJfMUw8vbXJJ2tVW5-I3jZKvC4wsoxE&amp;amp;amp;amp;amp;amp;trk=nav_responsive_tab_home","https:\/\/www.youtube.com\/channel\/UCxL0wu1uN0_3_7hGG0306cw"]},{"@type":"Person","@id":"https:\/\/www.bellunopress.it\/#\/schema\/person\/79bb06722b37ece1c03d3e94beb30d73","name":"r\u00e9daction","image":{"@type":"ImageObject","inLanguage":"fr-FR","@id":"https:\/\/secure.gravatar.com\/avatar\/37d968a2e67a6fd04c169c4bdef102d0bc5d31b2546345219e348575eb80e9a0?s=96&d=mm&r=g","url":"https:\/\/secure.gravatar.com\/avatar\/37d968a2e67a6fd04c169c4bdef102d0bc5d31b2546345219e348575eb80e9a0?s=96&d=mm&r=g","contentUrl":"https:\/\/secure.gravatar.com\/avatar\/37d968a2e67a6fd04c169c4bdef102d0bc5d31b2546345219e348575eb80e9a0?s=96&d=mm&r=g","caption":"redazione"},"sameAs":["http:\/\/www.bellunopress.it","https:\/\/x.com\/bellunopress"],"url":"https:\/\/www.bellunopress.it\/fr\/author\/redazione\/"}]}},"_links":{"self":[{"href":"https:\/\/www.bellunopress.it\/fr\/wp-json\/wp\/v2\/posts\/103607","targetHints":{"allow":["GET"]}}],"collection":[{"href":"https:\/\/www.bellunopress.it\/fr\/wp-json\/wp\/v2\/posts"}],"about":[{"href":"https:\/\/www.bellunopress.it\/fr\/wp-json\/wp\/v2\/types\/post"}],"author":[{"embeddable":true,"href":"https:\/\/www.bellunopress.it\/fr\/wp-json\/wp\/v2\/users\/2"}],"replies":[{"embeddable":true,"href":"https:\/\/www.bellunopress.it\/fr\/wp-json\/wp\/v2\/comments?post=103607"}],"version-history":[{"count":2,"href":"https:\/\/www.bellunopress.it\/fr\/wp-json\/wp\/v2\/posts\/103607\/revisions"}],"predecessor-version":[{"id":103610,"href":"https:\/\/www.bellunopress.it\/fr\/wp-json\/wp\/v2\/posts\/103607\/revisions\/103610"}],"wp:attachment":[{"href":"https:\/\/www.bellunopress.it\/fr\/wp-json\/wp\/v2\/media?parent=103607"}],"wp:term":[{"taxonomy":"category","embeddable":true,"href":"https:\/\/www.bellunopress.it\/fr\/wp-json\/wp\/v2\/categories?post=103607"},{"taxonomy":"post_tag","embeddable":true,"href":"https:\/\/www.bellunopress.it\/fr\/wp-json\/wp\/v2\/tags?post=103607"}],"curies":[{"name":"wp","href":"https:\/\/api.w.org\/{rel}","templated":true}]}}