{"id":103605,"date":"2019-04-08T13:47:59","date_gmt":"2019-04-08T11:47:59","guid":{"rendered":"http:\/\/www.bellunopress.it\/?p=103605"},"modified":"2019-04-08T13:47:59","modified_gmt":"2019-04-08T11:47:59","slug":"venezia-monaco-e-fondi-ue-sernagiotto-prima-di-essere-travolti-dalla-via-della-seta-progettiamo-la-via-delle-dolomiti","status":"publish","type":"post","link":"https:\/\/www.bellunopress.it\/fr\/2019\/04\/08\/venezia-monaco-e-fondi-ue-sernagiotto-prima-di-essere-travolti-dalla-via-della-seta-progettiamo-la-via-delle-dolomiti\/","title":{"rendered":"Venezia &#8211; Monaco e Fondi Ue. Sernagiotto: &#8220;Prima di essere travolti dalla Via della seta, progettiamo la Via delle Dolomiti&#8221;"},"content":{"rendered":"<figure id=\"attachment_15524\" aria-describedby=\"caption-attachment-15524\" style=\"width: 130px\" class=\"wp-caption alignleft\"><a href=\"http:\/\/www.bellunopress.it\/fr\/2010\/05\/24\/l%e2%80%99assessore-sernagiotto-visita-le-strutture-sociosanitarie-del-bellunese-questarea-montana-e-lunica-vera-specificita-veneta%e2%80%9d\/remo-sernagiotto\/\" rel=\"attachment wp-att-15524\"><img loading=\"lazy\" decoding=\"async\" class=\"size-full wp-image-15524\" src=\"http:\/\/www.bellunopress.it\/wp-content\/uploads\/2010\/05\/remo-sernagiotto.jpg\" alt=\"\" width=\"130\" height=\"130\" \/><\/a><figcaption id=\"caption-attachment-15524\" class=\"wp-caption-text\">Remo Sernagiotto<\/figcaption><\/figure>\n<p>\u201cSono felice che il territorio si stia mobilitando a favore del corridoio Venezia-Monaco e che il fronte sia trasversale. Dobbiamo avere la forza necessaria in Europa per ribadire che il territorio veneto ha bisogno di uno sbocco a nord, in particolare il Bellunese, che ha come sua priorit\u00e0 la lotta allo spopolamento\u201d.<\/p>\n<p>A dirlo \u00e8 l\u2019europarlamentare del Gruppo Conservatori e Riformisti-Fratelli d\u2019Italia Remo Sernagiotto, che nei giorni scorsi aveva segnalato l\u2019esistenza di un bando UE da 100 milioni di euro a favore di studi di fattibilit\u00e0 in materia di mobilit\u00e0 transnazionale, esortando le Istituzioni \u2013 Regione in primis \u2013 a fare presto.<\/p>\n<p>\u201cLe rassicurazioni arrivate dall\u2019assessore regionale De Berti sono importanti: significa che la Regione \u00e8 sulla strada giusta. Mi auguro riesca a concretizzare entro il 24 aprile, data ultima per la presentazione dei progetti\u201d, afferma Sernagiotto. \u201cIo mi metto fin da ora a disposizione per fare da ponte tra Venezia e Bruxelles se necessario. L\u2019occasione, torno a ripetere, \u00e8 di quelle storiche. Accolgo con favore le voci che si sono levate a favore dello studio di fattibilit\u00e0, da destra a sinistra, passando per la societ\u00e0 civile con Vivaio Dolomiti e compreso il Presidente della Provincia, Padrin che, da sindaco di Longarone, ben conosce i disagi del traffico sull\u2019Alemagna\u201d, sottolinea Sernagiotto. \u201cSono visioni pragmatiche e lungimiranti. Basta con i pregiudizi\u201d.<\/p>\n<p>\u201cSta aumentando la consapevolezza che non parliamo pi\u00f9 di un mero prolungamento autostradale. Questa visione appartiene al passato. Parliamo di un autentico corridoio tecnologico a basso impatto dove incanalare tutte le infrastrutture idrauliche, energetiche, digitali. Oggi pi\u00f9 che mai possiamo progettare il futuro\u201d, conclude Sernagiotto. \u201cDobbiamo essere noi i fautori di una via delle Dolomiti prima che altri ci impongano in tutto per tutto la loro \u201cvia della Seta\u201d, nome poetico ma dalle mille insidie\u201d.<\/p>","protected":false},"excerpt":{"rendered":"<p>\u201cSono felice che il territorio si stia mobilitando a favore del corridoio Venezia-Monaco e che il fronte sia trasversale. Dobbiamo avere la forza necessaria in Europa per ribadire che il territorio veneto ha bisogno di uno sbocco a nord, in particolare il Bellunese, che ha come sua priorit\u00e0 la lotta allo spopolamento\u201d. A dirlo \u00e8 [&hellip;]<\/p>\n","protected":false},"author":2,"featured_media":0,"comment_status":"closed","ping_status":"open","sticky":false,"template":"","format":"standard","meta":{"footnotes":""},"categories":[1],"tags":[],"class_list":["post-103605","post","type-post","status-publish","format-standard","category-leo"],"yoast_head":"<!-- This site is optimized with the Yoast SEO plugin v28.4 - https:\/\/yoast.com\/product\/yoast-seo-wordpress\/ -->\n<title>Venezia - Monaco e Fondi Ue. Sernagiotto: &quot;Prima di essere travolti dalla Via della seta, progettiamo la Via delle Dolomiti&quot; - Bellunopress - Dolomiti<\/title>\n<meta name=\"robots\" content=\"index, follow, max-snippet:-1, max-image-preview:large, max-video-preview:-1\" \/>\n<link rel=\"canonical\" href=\"https:\/\/www.bellunopress.it\/fr\/2019\/04\/08\/venezia-monaco-e-fondi-ue-sernagiotto-prima-di-essere-travolti-dalla-via-della-seta-progettiamo-la-via-delle-dolomiti\/\" \/>\n<meta property=\"og:locale\" content=\"fr_FR\" \/>\n<meta property=\"og:type\" content=\"article\" \/>\n<meta property=\"og:title\" content=\"Venezia - Monaco e Fondi Ue. Sernagiotto: &quot;Prima di essere travolti dalla Via della seta, progettiamo la Via delle Dolomiti&quot; - Bellunopress - Dolomiti\" \/>\n<meta property=\"og:description\" content=\"\u201cSono felice che il territorio si stia mobilitando a favore del corridoio Venezia-Monaco e che il fronte sia trasversale. Dobbiamo avere la forza necessaria in Europa per ribadire che il territorio veneto ha bisogno di uno sbocco a nord, in particolare il Bellunese, che ha come sua priorit\u00e0 la lotta allo spopolamento\u201d. A dirlo \u00e8 [&hellip;]\" \/>\n<meta property=\"og:url\" content=\"https:\/\/www.bellunopress.it\/fr\/2019\/04\/08\/venezia-monaco-e-fondi-ue-sernagiotto-prima-di-essere-travolti-dalla-via-della-seta-progettiamo-la-via-delle-dolomiti\/\" \/>\n<meta property=\"og:site_name\" content=\"Bellunopress - Dolomiti\" \/>\n<meta property=\"article:publisher\" content=\"https:\/\/www.facebook.com\/profile.php?id=100008943462799\" \/>\n<meta property=\"article:published_time\" content=\"2019-04-08T11:47:59+00:00\" \/>\n<meta property=\"og:image\" content=\"http:\/\/www.bellunopress.it\/wp-content\/uploads\/2010\/05\/remo-sernagiotto.jpg\" \/>\n<meta name=\"author\" content=\"redazione\" \/>\n<meta name=\"twitter:card\" content=\"summary_large_image\" \/>\n<meta name=\"twitter:creator\" content=\"@bellunopress\" \/>\n<meta name=\"twitter:site\" content=\"@bellunopress\" \/>\n<meta name=\"twitter:label1\" content=\"\u00c9crit par\" \/>\n\t<meta name=\"twitter:data1\" content=\"redazione\" \/>\n\t<meta name=\"twitter:label2\" content=\"Dur\u00e9e de lecture estim\u00e9e\" \/>\n\t<meta name=\"twitter:data2\" content=\"2 minutes\" \/>\n<script type=\"application\/ld+json\" class=\"yoast-schema-graph\">{\"@context\":\"https:\\\/\\\/schema.org\",\"@graph\":[{\"@type\":\"Article\",\"@id\":\"https:\\\/\\\/www.bellunopress.it\\\/2019\\\/04\\\/08\\\/venezia-monaco-e-fondi-ue-sernagiotto-prima-di-essere-travolti-dalla-via-della-seta-progettiamo-la-via-delle-dolomiti\\\/#article\",\"isPartOf\":{\"@id\":\"https:\\\/\\\/www.bellunopress.it\\\/2019\\\/04\\\/08\\\/venezia-monaco-e-fondi-ue-sernagiotto-prima-di-essere-travolti-dalla-via-della-seta-progettiamo-la-via-delle-dolomiti\\\/\"},\"author\":{\"name\":\"redazione\",\"@id\":\"https:\\\/\\\/www.bellunopress.it\\\/#\\\/schema\\\/person\\\/79bb06722b37ece1c03d3e94beb30d73\"},\"headline\":\"Venezia &#8211; Monaco e Fondi Ue. Sernagiotto: &#8220;Prima di essere travolti dalla Via della seta, progettiamo la Via delle Dolomiti&#8221;\",\"datePublished\":\"2019-04-08T11:47:59+00:00\",\"mainEntityOfPage\":{\"@id\":\"https:\\\/\\\/www.bellunopress.it\\\/2019\\\/04\\\/08\\\/venezia-monaco-e-fondi-ue-sernagiotto-prima-di-essere-travolti-dalla-via-della-seta-progettiamo-la-via-delle-dolomiti\\\/\"},\"wordCount\":323,\"publisher\":{\"@id\":\"https:\\\/\\\/www.bellunopress.it\\\/#organization\"},\"image\":{\"@id\":\"https:\\\/\\\/www.bellunopress.it\\\/2019\\\/04\\\/08\\\/venezia-monaco-e-fondi-ue-sernagiotto-prima-di-essere-travolti-dalla-via-della-seta-progettiamo-la-via-delle-dolomiti\\\/#primaryimage\"},\"thumbnailUrl\":\"http:\\\/\\\/www.bellunopress.it\\\/wp-content\\\/uploads\\\/2010\\\/05\\\/remo-sernagiotto.jpg\",\"articleSection\":[\"Lettere Opinioni\"],\"inLanguage\":\"fr-FR\"},{\"@type\":\"WebPage\",\"@id\":\"https:\\\/\\\/www.bellunopress.it\\\/2019\\\/04\\\/08\\\/venezia-monaco-e-fondi-ue-sernagiotto-prima-di-essere-travolti-dalla-via-della-seta-progettiamo-la-via-delle-dolomiti\\\/\",\"url\":\"https:\\\/\\\/www.bellunopress.it\\\/2019\\\/04\\\/08\\\/venezia-monaco-e-fondi-ue-sernagiotto-prima-di-essere-travolti-dalla-via-della-seta-progettiamo-la-via-delle-dolomiti\\\/\",\"name\":\"Venezia - Monaco e Fondi Ue. Sernagiotto: \\\"Prima di essere travolti dalla Via della seta, progettiamo la Via delle Dolomiti\\\" - Bellunopress - Dolomiti\",\"isPartOf\":{\"@id\":\"https:\\\/\\\/www.bellunopress.it\\\/#website\"},\"primaryImageOfPage\":{\"@id\":\"https:\\\/\\\/www.bellunopress.it\\\/2019\\\/04\\\/08\\\/venezia-monaco-e-fondi-ue-sernagiotto-prima-di-essere-travolti-dalla-via-della-seta-progettiamo-la-via-delle-dolomiti\\\/#primaryimage\"},\"image\":{\"@id\":\"https:\\\/\\\/www.bellunopress.it\\\/2019\\\/04\\\/08\\\/venezia-monaco-e-fondi-ue-sernagiotto-prima-di-essere-travolti-dalla-via-della-seta-progettiamo-la-via-delle-dolomiti\\\/#primaryimage\"},\"thumbnailUrl\":\"http:\\\/\\\/www.bellunopress.it\\\/wp-content\\\/uploads\\\/2010\\\/05\\\/remo-sernagiotto.jpg\",\"datePublished\":\"2019-04-08T11:47:59+00:00\",\"breadcrumb\":{\"@id\":\"https:\\\/\\\/www.bellunopress.it\\\/2019\\\/04\\\/08\\\/venezia-monaco-e-fondi-ue-sernagiotto-prima-di-essere-travolti-dalla-via-della-seta-progettiamo-la-via-delle-dolomiti\\\/#breadcrumb\"},\"inLanguage\":\"fr-FR\",\"potentialAction\":[{\"@type\":\"ReadAction\",\"target\":[\"https:\\\/\\\/www.bellunopress.it\\\/2019\\\/04\\\/08\\\/venezia-monaco-e-fondi-ue-sernagiotto-prima-di-essere-travolti-dalla-via-della-seta-progettiamo-la-via-delle-dolomiti\\\/\"]}]},{\"@type\":\"ImageObject\",\"inLanguage\":\"fr-FR\",\"@id\":\"https:\\\/\\\/www.bellunopress.it\\\/2019\\\/04\\\/08\\\/venezia-monaco-e-fondi-ue-sernagiotto-prima-di-essere-travolti-dalla-via-della-seta-progettiamo-la-via-delle-dolomiti\\\/#primaryimage\",\"url\":\"http:\\\/\\\/www.bellunopress.it\\\/wp-content\\\/uploads\\\/2010\\\/05\\\/remo-sernagiotto.jpg\",\"contentUrl\":\"http:\\\/\\\/www.bellunopress.it\\\/wp-content\\\/uploads\\\/2010\\\/05\\\/remo-sernagiotto.jpg\"},{\"@type\":\"BreadcrumbList\",\"@id\":\"https:\\\/\\\/www.bellunopress.it\\\/2019\\\/04\\\/08\\\/venezia-monaco-e-fondi-ue-sernagiotto-prima-di-essere-travolti-dalla-via-della-seta-progettiamo-la-via-delle-dolomiti\\\/#breadcrumb\",\"itemListElement\":[{\"@type\":\"ListItem\",\"position\":1,\"name\":\"Home\",\"item\":\"https:\\\/\\\/www.bellunopress.it\\\/\"},{\"@type\":\"ListItem\",\"position\":2,\"name\":\"Venezia &#8211; Monaco e Fondi Ue. Sernagiotto: &#8220;Prima di essere travolti dalla Via della seta, progettiamo la Via delle Dolomiti&#8221;\"}]},{\"@type\":\"WebSite\",\"@id\":\"https:\\\/\\\/www.bellunopress.it\\\/#website\",\"url\":\"https:\\\/\\\/www.bellunopress.it\\\/\",\"name\":\"Bellunopress - Dolomiti\",\"description\":\"e-mail: redazione@bellunopress.it\",\"publisher\":{\"@id\":\"https:\\\/\\\/www.bellunopress.it\\\/#organization\"},\"potentialAction\":[{\"@type\":\"SearchAction\",\"target\":{\"@type\":\"EntryPoint\",\"urlTemplate\":\"https:\\\/\\\/www.bellunopress.it\\\/?s={search_term_string}\"},\"query-input\":{\"@type\":\"PropertyValueSpecification\",\"valueRequired\":true,\"valueName\":\"search_term_string\"}}],\"inLanguage\":\"fr-FR\"},{\"@type\":\"Organization\",\"@id\":\"https:\\\/\\\/www.bellunopress.it\\\/#organization\",\"name\":\"Bellunopress\",\"url\":\"https:\\\/\\\/www.bellunopress.it\\\/\",\"logo\":{\"@type\":\"ImageObject\",\"inLanguage\":\"fr-FR\",\"@id\":\"https:\\\/\\\/www.bellunopress.it\\\/#\\\/schema\\\/logo\\\/image\\\/\",\"url\":\"https:\\\/\\\/www.bellunopress.it\\\/wp-content\\\/uploads\\\/2011\\\/05\\\/cropped-logo-bellunopress-.jpg\",\"contentUrl\":\"https:\\\/\\\/www.bellunopress.it\\\/wp-content\\\/uploads\\\/2011\\\/05\\\/cropped-logo-bellunopress-.jpg\",\"width\":512,\"height\":512,\"caption\":\"Bellunopress\"},\"image\":{\"@id\":\"https:\\\/\\\/www.bellunopress.it\\\/#\\\/schema\\\/logo\\\/image\\\/\"},\"sameAs\":[\"https:\\\/\\\/www.facebook.com\\\/profile.php?id=100008943462799\",\"https:\\\/\\\/x.com\\\/bellunopress\",\"https:\\\/\\\/www.linkedin.com\\\/hp\\\/?dnr=JBzUWaJfMUw8vbXJJ2tVW5-I3jZKvC4wsoxE&amp;amp;amp;amp;amp;amp;trk=nav_responsive_tab_home\",\"https:\\\/\\\/www.youtube.com\\\/channel\\\/UCxL0wu1uN0_3_7hGG0306cw\"]},{\"@type\":\"Person\",\"@id\":\"https:\\\/\\\/www.bellunopress.it\\\/#\\\/schema\\\/person\\\/79bb06722b37ece1c03d3e94beb30d73\",\"name\":\"redazione\",\"image\":{\"@type\":\"ImageObject\",\"inLanguage\":\"fr-FR\",\"@id\":\"https:\\\/\\\/secure.gravatar.com\\\/avatar\\\/37d968a2e67a6fd04c169c4bdef102d0bc5d31b2546345219e348575eb80e9a0?s=96&d=mm&r=g\",\"url\":\"https:\\\/\\\/secure.gravatar.com\\\/avatar\\\/37d968a2e67a6fd04c169c4bdef102d0bc5d31b2546345219e348575eb80e9a0?s=96&d=mm&r=g\",\"contentUrl\":\"https:\\\/\\\/secure.gravatar.com\\\/avatar\\\/37d968a2e67a6fd04c169c4bdef102d0bc5d31b2546345219e348575eb80e9a0?s=96&d=mm&r=g\",\"caption\":\"redazione\"},\"sameAs\":[\"http:\\\/\\\/www.bellunopress.it\",\"https:\\\/\\\/x.com\\\/bellunopress\"],\"url\":\"https:\\\/\\\/www.bellunopress.it\\\/fr\\\/author\\\/redazione\\\/\"}]}<\/script>\n<!-- \/ Yoast SEO plugin. -->","yoast_head_json":{"title":"Venezia - Monaco e Fondi Ue. Sernagiotto: \"Prima di essere travolti dalla Via della seta, progettiamo la Via delle Dolomiti\" - Bellunopress - Dolomiti","robots":{"index":"index","follow":"follow","max-snippet":"max-snippet:-1","max-image-preview":"max-image-preview:large","max-video-preview":"max-video-preview:-1"},"canonical":"https:\/\/www.bellunopress.it\/fr\/2019\/04\/08\/venezia-monaco-e-fondi-ue-sernagiotto-prima-di-essere-travolti-dalla-via-della-seta-progettiamo-la-via-delle-dolomiti\/","og_locale":"fr_FR","og_type":"article","og_title":"Venezia - Monaco e Fondi Ue. Sernagiotto: \"Prima di essere travolti dalla Via della seta, progettiamo la Via delle Dolomiti\" - Bellunopress - Dolomiti","og_description":"\u201cSono felice che il territorio si stia mobilitando a favore del corridoio Venezia-Monaco e che il fronte sia trasversale. Dobbiamo avere la forza necessaria in Europa per ribadire che il territorio veneto ha bisogno di uno sbocco a nord, in particolare il Bellunese, che ha come sua priorit\u00e0 la lotta allo spopolamento\u201d. A dirlo \u00e8 [&hellip;]","og_url":"https:\/\/www.bellunopress.it\/fr\/2019\/04\/08\/venezia-monaco-e-fondi-ue-sernagiotto-prima-di-essere-travolti-dalla-via-della-seta-progettiamo-la-via-delle-dolomiti\/","og_site_name":"Bellunopress - Dolomiti","article_publisher":"https:\/\/www.facebook.com\/profile.php?id=100008943462799","article_published_time":"2019-04-08T11:47:59+00:00","og_image":[{"url":"http:\/\/www.bellunopress.it\/wp-content\/uploads\/2010\/05\/remo-sernagiotto.jpg","type":"","width":"","height":""}],"author":"redazione","twitter_card":"summary_large_image","twitter_creator":"@bellunopress","twitter_site":"@bellunopress","twitter_misc":{"\u00c9crit par":"redazione","Dur\u00e9e de lecture estim\u00e9e":"2 minutes"},"schema":{"@context":"https:\/\/schema.org","@graph":[{"@type":"Article","@id":"https:\/\/www.bellunopress.it\/2019\/04\/08\/venezia-monaco-e-fondi-ue-sernagiotto-prima-di-essere-travolti-dalla-via-della-seta-progettiamo-la-via-delle-dolomiti\/#article","isPartOf":{"@id":"https:\/\/www.bellunopress.it\/2019\/04\/08\/venezia-monaco-e-fondi-ue-sernagiotto-prima-di-essere-travolti-dalla-via-della-seta-progettiamo-la-via-delle-dolomiti\/"},"author":{"name":"redazione","@id":"https:\/\/www.bellunopress.it\/#\/schema\/person\/79bb06722b37ece1c03d3e94beb30d73"},"headline":"Venezia &#8211; Monaco e Fondi Ue. Sernagiotto: &#8220;Prima di essere travolti dalla Via della seta, progettiamo la Via delle Dolomiti&#8221;","datePublished":"2019-04-08T11:47:59+00:00","mainEntityOfPage":{"@id":"https:\/\/www.bellunopress.it\/2019\/04\/08\/venezia-monaco-e-fondi-ue-sernagiotto-prima-di-essere-travolti-dalla-via-della-seta-progettiamo-la-via-delle-dolomiti\/"},"wordCount":323,"publisher":{"@id":"https:\/\/www.bellunopress.it\/#organization"},"image":{"@id":"https:\/\/www.bellunopress.it\/2019\/04\/08\/venezia-monaco-e-fondi-ue-sernagiotto-prima-di-essere-travolti-dalla-via-della-seta-progettiamo-la-via-delle-dolomiti\/#primaryimage"},"thumbnailUrl":"http:\/\/www.bellunopress.it\/wp-content\/uploads\/2010\/05\/remo-sernagiotto.jpg","articleSection":["Lettere Opinioni"],"inLanguage":"fr-FR"},{"@type":"WebPage","@id":"https:\/\/www.bellunopress.it\/2019\/04\/08\/venezia-monaco-e-fondi-ue-sernagiotto-prima-di-essere-travolti-dalla-via-della-seta-progettiamo-la-via-delle-dolomiti\/","url":"https:\/\/www.bellunopress.it\/2019\/04\/08\/venezia-monaco-e-fondi-ue-sernagiotto-prima-di-essere-travolti-dalla-via-della-seta-progettiamo-la-via-delle-dolomiti\/","name":"Venezia - Monaco e Fondi Ue. Sernagiotto: \"Prima di essere travolti dalla Via della seta, progettiamo la Via delle Dolomiti\" - Bellunopress - Dolomiti","isPartOf":{"@id":"https:\/\/www.bellunopress.it\/#website"},"primaryImageOfPage":{"@id":"https:\/\/www.bellunopress.it\/2019\/04\/08\/venezia-monaco-e-fondi-ue-sernagiotto-prima-di-essere-travolti-dalla-via-della-seta-progettiamo-la-via-delle-dolomiti\/#primaryimage"},"image":{"@id":"https:\/\/www.bellunopress.it\/2019\/04\/08\/venezia-monaco-e-fondi-ue-sernagiotto-prima-di-essere-travolti-dalla-via-della-seta-progettiamo-la-via-delle-dolomiti\/#primaryimage"},"thumbnailUrl":"http:\/\/www.bellunopress.it\/wp-content\/uploads\/2010\/05\/remo-sernagiotto.jpg","datePublished":"2019-04-08T11:47:59+00:00","breadcrumb":{"@id":"https:\/\/www.bellunopress.it\/2019\/04\/08\/venezia-monaco-e-fondi-ue-sernagiotto-prima-di-essere-travolti-dalla-via-della-seta-progettiamo-la-via-delle-dolomiti\/#breadcrumb"},"inLanguage":"fr-FR","potentialAction":[{"@type":"ReadAction","target":["https:\/\/www.bellunopress.it\/2019\/04\/08\/venezia-monaco-e-fondi-ue-sernagiotto-prima-di-essere-travolti-dalla-via-della-seta-progettiamo-la-via-delle-dolomiti\/"]}]},{"@type":"ImageObject","inLanguage":"fr-FR","@id":"https:\/\/www.bellunopress.it\/2019\/04\/08\/venezia-monaco-e-fondi-ue-sernagiotto-prima-di-essere-travolti-dalla-via-della-seta-progettiamo-la-via-delle-dolomiti\/#primaryimage","url":"http:\/\/www.bellunopress.it\/wp-content\/uploads\/2010\/05\/remo-sernagiotto.jpg","contentUrl":"http:\/\/www.bellunopress.it\/wp-content\/uploads\/2010\/05\/remo-sernagiotto.jpg"},{"@type":"BreadcrumbList","@id":"https:\/\/www.bellunopress.it\/2019\/04\/08\/venezia-monaco-e-fondi-ue-sernagiotto-prima-di-essere-travolti-dalla-via-della-seta-progettiamo-la-via-delle-dolomiti\/#breadcrumb","itemListElement":[{"@type":"ListItem","position":1,"name":"Home","item":"https:\/\/www.bellunopress.it\/"},{"@type":"ListItem","position":2,"name":"Venezia &#8211; Monaco e Fondi Ue. Sernagiotto: &#8220;Prima di essere travolti dalla Via della seta, progettiamo la Via delle Dolomiti&#8221;"}]},{"@type":"WebSite","@id":"https:\/\/www.bellunopress.it\/#website","url":"https:\/\/www.bellunopress.it\/","name":"Bellunopress - Dolomiti","description":"e-mail: redazione@bellunopress.it","publisher":{"@id":"https:\/\/www.bellunopress.it\/#organization"},"potentialAction":[{"@type":"SearchAction","target":{"@type":"EntryPoint","urlTemplate":"https:\/\/www.bellunopress.it\/?s={search_term_string}"},"query-input":{"@type":"PropertyValueSpecification","valueRequired":true,"valueName":"search_term_string"}}],"inLanguage":"fr-FR"},{"@type":"Organization","@id":"https:\/\/www.bellunopress.it\/#organization","name":"Bellunopress","url":"https:\/\/www.bellunopress.it\/","logo":{"@type":"ImageObject","inLanguage":"fr-FR","@id":"https:\/\/www.bellunopress.it\/#\/schema\/logo\/image\/","url":"https:\/\/www.bellunopress.it\/wp-content\/uploads\/2011\/05\/cropped-logo-bellunopress-.jpg","contentUrl":"https:\/\/www.bellunopress.it\/wp-content\/uploads\/2011\/05\/cropped-logo-bellunopress-.jpg","width":512,"height":512,"caption":"Bellunopress"},"image":{"@id":"https:\/\/www.bellunopress.it\/#\/schema\/logo\/image\/"},"sameAs":["https:\/\/www.facebook.com\/profile.php?id=100008943462799","https:\/\/x.com\/bellunopress","https:\/\/www.linkedin.com\/hp\/?dnr=JBzUWaJfMUw8vbXJJ2tVW5-I3jZKvC4wsoxE&amp;amp;amp;amp;amp;amp;trk=nav_responsive_tab_home","https:\/\/www.youtube.com\/channel\/UCxL0wu1uN0_3_7hGG0306cw"]},{"@type":"Person","@id":"https:\/\/www.bellunopress.it\/#\/schema\/person\/79bb06722b37ece1c03d3e94beb30d73","name":"r\u00e9daction","image":{"@type":"ImageObject","inLanguage":"fr-FR","@id":"https:\/\/secure.gravatar.com\/avatar\/37d968a2e67a6fd04c169c4bdef102d0bc5d31b2546345219e348575eb80e9a0?s=96&d=mm&r=g","url":"https:\/\/secure.gravatar.com\/avatar\/37d968a2e67a6fd04c169c4bdef102d0bc5d31b2546345219e348575eb80e9a0?s=96&d=mm&r=g","contentUrl":"https:\/\/secure.gravatar.com\/avatar\/37d968a2e67a6fd04c169c4bdef102d0bc5d31b2546345219e348575eb80e9a0?s=96&d=mm&r=g","caption":"redazione"},"sameAs":["http:\/\/www.bellunopress.it","https:\/\/x.com\/bellunopress"],"url":"https:\/\/www.bellunopress.it\/fr\/author\/redazione\/"}]}},"_links":{"self":[{"href":"https:\/\/www.bellunopress.it\/fr\/wp-json\/wp\/v2\/posts\/103605","targetHints":{"allow":["GET"]}}],"collection":[{"href":"https:\/\/www.bellunopress.it\/fr\/wp-json\/wp\/v2\/posts"}],"about":[{"href":"https:\/\/www.bellunopress.it\/fr\/wp-json\/wp\/v2\/types\/post"}],"author":[{"embeddable":true,"href":"https:\/\/www.bellunopress.it\/fr\/wp-json\/wp\/v2\/users\/2"}],"replies":[{"embeddable":true,"href":"https:\/\/www.bellunopress.it\/fr\/wp-json\/wp\/v2\/comments?post=103605"}],"version-history":[{"count":1,"href":"https:\/\/www.bellunopress.it\/fr\/wp-json\/wp\/v2\/posts\/103605\/revisions"}],"predecessor-version":[{"id":103606,"href":"https:\/\/www.bellunopress.it\/fr\/wp-json\/wp\/v2\/posts\/103605\/revisions\/103606"}],"wp:attachment":[{"href":"https:\/\/www.bellunopress.it\/fr\/wp-json\/wp\/v2\/media?parent=103605"}],"wp:term":[{"taxonomy":"category","embeddable":true,"href":"https:\/\/www.bellunopress.it\/fr\/wp-json\/wp\/v2\/categories?post=103605"},{"taxonomy":"post_tag","embeddable":true,"href":"https:\/\/www.bellunopress.it\/fr\/wp-json\/wp\/v2\/tags?post=103605"}],"curies":[{"name":"wp","href":"https:\/\/api.w.org\/{rel}","templated":true}]}}