{"id":103595,"date":"2019-04-07T22:32:04","date_gmt":"2019-04-07T20:32:04","guid":{"rendered":"http:\/\/www.bellunopress.it\/?p=103595"},"modified":"2019-04-07T22:32:04","modified_gmt":"2019-04-07T20:32:04","slug":"sbocco-a-nord-rubinato-dopo-la-rassicurazione-dellassessore-de-berti-ora-tocca-a-zaia-dimostrare-di-crederci-davvero","status":"publish","type":"post","link":"https:\/\/www.bellunopress.it\/fr\/2019\/04\/07\/sbocco-a-nord-rubinato-dopo-la-rassicurazione-dellassessore-de-berti-ora-tocca-a-zaia-dimostrare-di-crederci-davvero\/","title":{"rendered":"Sbocco a Nord. Rubinato: &#8220;Dopo la rassicurazione dell&#8217;assessore De Berti, ora tocca a Zaia dimostrare di crederci davvero&#8221;"},"content":{"rendered":"<figure id=\"attachment_42912\" aria-describedby=\"caption-attachment-42912\" style=\"width: 124px\" class=\"wp-caption alignleft\"><a href=\"http:\/\/www.bellunopress.it\/fr\/2012\/10\/11\/scuole-bellunesi-rubinato-pd-in-corso-liter-per-lassegnazione-dei-contributi\/simonetta-rubinato-pd\/\" rel=\"attachment wp-att-42912\"><img loading=\"lazy\" decoding=\"async\" class=\"size-full wp-image-42912\" src=\"http:\/\/www.bellunopress.it\/wp-content\/uploads\/2012\/10\/simonetta-rubinato-pd.jpg\" alt=\"\" width=\"124\" height=\"150\" \/><\/a><figcaption id=\"caption-attachment-42912\" class=\"wp-caption-text\">Simonetta Rubinato<\/figcaption><\/figure>\n<p>\u201cIl completamento della A27, attraverso un corridoio tecnologico che finalmente consenta anche al Veneto uno sbocco diretto verso Nord, in Europa, \u00e8 un&#8217;opportunit\u00e0 che non si deve perdere. Anzi, \u00e8 una necessit\u00e0, per rilanciare<br \/>\nnon solo l&#8217;area bellunese, ma tutto il sistema socio-economico veneto, completando la rete logistica regionale a servizio del sistema manifatturiero veneto, quello del subfornitura tedesca (ma non solo, si pensi al turismo), il<br \/>\nquale oggi deve attraversare tutta la regione in direzione est-ovest per risalire in Europa attraverso il Brennero o in direzione ovest-est per passare attraverso il Tarvisio. Con costi economici, ambientali e sociali non pi\u00f9 sostenibili. Perci\u00f2 bene ha fatto Vivaio Dolomiti a incalzare la Regione per non perdere l&#8217;occasione del bando europeo in Eusalp e finanziare questo progetto strategico\u201d. A sostenerlo \u00e8 Veneto Vivo, l\u2019associazione autonomista presieduta<br \/>\nda Simonetta Rubinato.<br \/>\n\u201cPrendiamo atto \u2013 commenta l\u2019ex parlamentare dem &#8211; delle rassicurazioni dell&#8217;assessore veronese De Berti, ma \u00e8 tempo che il Presidente del Veneto dimostri di crederci sul serio. Il termine per la scadenza del bando \u00e8 alle porte:<br \/>\nattendiamo i fatti concreti. Caro Zaia, come ci insegnano gli amici del Trentino Alto Adige, che hanno sempre difeso con le unghie e con i denti la loro autonomia infrastrutturale e il corridoio del Brennero, una governance pi\u00f9<br \/>\nefficiente grazie all&#8217;autonomia \u00e8 condizione necessaria, ma non sufficiente per lo sviluppo se non si dispone delle infrastrutture necessarie alla mobilit\u00e0 del nostro territorio e a collegarci con l&#8217;Europa\u201d.<\/p>","protected":false},"excerpt":{"rendered":"<p>\u201cIl completamento della A27, attraverso un corridoio tecnologico che finalmente consenta anche al Veneto uno sbocco diretto verso Nord, in Europa, \u00e8 un&#8217;opportunit\u00e0 che non si deve perdere. Anzi, \u00e8 una necessit\u00e0, per rilanciare non solo l&#8217;area bellunese, ma tutto il sistema socio-economico veneto, completando la rete logistica regionale a servizio del sistema manifatturiero veneto, [&hellip;]<\/p>\n","protected":false},"author":2,"featured_media":0,"comment_status":"closed","ping_status":"open","sticky":false,"template":"","format":"standard","meta":{"footnotes":""},"categories":[5,26],"tags":[],"class_list":["post-103595","post","type-post","status-publish","format-standard","category-cronaca","category-prima-pagina"],"yoast_head":"<!-- This site is optimized with the Yoast SEO plugin v28.4 - https:\/\/yoast.com\/product\/yoast-seo-wordpress\/ -->\n<title>Sbocco a Nord. Rubinato: &quot;Dopo la rassicurazione dell&#039;assessore De Berti, ora tocca a Zaia dimostrare di crederci davvero&quot; - Bellunopress - Dolomiti<\/title>\n<meta name=\"robots\" content=\"index, follow, max-snippet:-1, max-image-preview:large, max-video-preview:-1\" \/>\n<link rel=\"canonical\" href=\"https:\/\/www.bellunopress.it\/fr\/2019\/04\/07\/sbocco-a-nord-rubinato-dopo-la-rassicurazione-dellassessore-de-berti-ora-tocca-a-zaia-dimostrare-di-crederci-davvero\/\" \/>\n<meta property=\"og:locale\" content=\"fr_FR\" \/>\n<meta property=\"og:type\" content=\"article\" \/>\n<meta property=\"og:title\" content=\"Sbocco a Nord. Rubinato: &quot;Dopo la rassicurazione dell&#039;assessore De Berti, ora tocca a Zaia dimostrare di crederci davvero&quot; - Bellunopress - Dolomiti\" \/>\n<meta property=\"og:description\" content=\"\u201cIl completamento della A27, attraverso un corridoio tecnologico che finalmente consenta anche al Veneto uno sbocco diretto verso Nord, in Europa, \u00e8 un&#8217;opportunit\u00e0 che non si deve perdere. Anzi, \u00e8 una necessit\u00e0, per rilanciare non solo l&#8217;area bellunese, ma tutto il sistema socio-economico veneto, completando la rete logistica regionale a servizio del sistema manifatturiero veneto, [&hellip;]\" \/>\n<meta property=\"og:url\" content=\"https:\/\/www.bellunopress.it\/fr\/2019\/04\/07\/sbocco-a-nord-rubinato-dopo-la-rassicurazione-dellassessore-de-berti-ora-tocca-a-zaia-dimostrare-di-crederci-davvero\/\" \/>\n<meta property=\"og:site_name\" content=\"Bellunopress - Dolomiti\" \/>\n<meta property=\"article:publisher\" content=\"https:\/\/www.facebook.com\/profile.php?id=100008943462799\" \/>\n<meta property=\"article:published_time\" content=\"2019-04-07T20:32:04+00:00\" \/>\n<meta property=\"og:image\" content=\"http:\/\/www.bellunopress.it\/wp-content\/uploads\/2012\/10\/simonetta-rubinato-pd.jpg\" \/>\n<meta name=\"author\" content=\"redazione\" \/>\n<meta name=\"twitter:card\" content=\"summary_large_image\" \/>\n<meta name=\"twitter:creator\" content=\"@bellunopress\" \/>\n<meta name=\"twitter:site\" content=\"@bellunopress\" \/>\n<meta name=\"twitter:label1\" content=\"\u00c9crit par\" \/>\n\t<meta name=\"twitter:data1\" content=\"redazione\" \/>\n\t<meta name=\"twitter:label2\" content=\"Dur\u00e9e de lecture estim\u00e9e\" \/>\n\t<meta name=\"twitter:data2\" content=\"1 minute\" \/>\n<script type=\"application\/ld+json\" class=\"yoast-schema-graph\">{\"@context\":\"https:\\\/\\\/schema.org\",\"@graph\":[{\"@type\":\"Article\",\"@id\":\"https:\\\/\\\/www.bellunopress.it\\\/2019\\\/04\\\/07\\\/sbocco-a-nord-rubinato-dopo-la-rassicurazione-dellassessore-de-berti-ora-tocca-a-zaia-dimostrare-di-crederci-davvero\\\/#article\",\"isPartOf\":{\"@id\":\"https:\\\/\\\/www.bellunopress.it\\\/2019\\\/04\\\/07\\\/sbocco-a-nord-rubinato-dopo-la-rassicurazione-dellassessore-de-berti-ora-tocca-a-zaia-dimostrare-di-crederci-davvero\\\/\"},\"author\":{\"name\":\"redazione\",\"@id\":\"https:\\\/\\\/www.bellunopress.it\\\/#\\\/schema\\\/person\\\/79bb06722b37ece1c03d3e94beb30d73\"},\"headline\":\"Sbocco a Nord. Rubinato: &#8220;Dopo la rassicurazione dell&#8217;assessore De Berti, ora tocca a Zaia dimostrare di crederci davvero&#8221;\",\"datePublished\":\"2019-04-07T20:32:04+00:00\",\"mainEntityOfPage\":{\"@id\":\"https:\\\/\\\/www.bellunopress.it\\\/2019\\\/04\\\/07\\\/sbocco-a-nord-rubinato-dopo-la-rassicurazione-dellassessore-de-berti-ora-tocca-a-zaia-dimostrare-di-crederci-davvero\\\/\"},\"wordCount\":270,\"publisher\":{\"@id\":\"https:\\\/\\\/www.bellunopress.it\\\/#organization\"},\"image\":{\"@id\":\"https:\\\/\\\/www.bellunopress.it\\\/2019\\\/04\\\/07\\\/sbocco-a-nord-rubinato-dopo-la-rassicurazione-dellassessore-de-berti-ora-tocca-a-zaia-dimostrare-di-crederci-davvero\\\/#primaryimage\"},\"thumbnailUrl\":\"http:\\\/\\\/www.bellunopress.it\\\/wp-content\\\/uploads\\\/2012\\\/10\\\/simonetta-rubinato-pd.jpg\",\"articleSection\":[\"Cronaca\\\/Politica\",\"Prima Pagina\"],\"inLanguage\":\"fr-FR\"},{\"@type\":\"WebPage\",\"@id\":\"https:\\\/\\\/www.bellunopress.it\\\/2019\\\/04\\\/07\\\/sbocco-a-nord-rubinato-dopo-la-rassicurazione-dellassessore-de-berti-ora-tocca-a-zaia-dimostrare-di-crederci-davvero\\\/\",\"url\":\"https:\\\/\\\/www.bellunopress.it\\\/2019\\\/04\\\/07\\\/sbocco-a-nord-rubinato-dopo-la-rassicurazione-dellassessore-de-berti-ora-tocca-a-zaia-dimostrare-di-crederci-davvero\\\/\",\"name\":\"Sbocco a Nord. Rubinato: \\\"Dopo la rassicurazione dell'assessore De Berti, ora tocca a Zaia dimostrare di crederci davvero\\\" - Bellunopress - Dolomiti\",\"isPartOf\":{\"@id\":\"https:\\\/\\\/www.bellunopress.it\\\/#website\"},\"primaryImageOfPage\":{\"@id\":\"https:\\\/\\\/www.bellunopress.it\\\/2019\\\/04\\\/07\\\/sbocco-a-nord-rubinato-dopo-la-rassicurazione-dellassessore-de-berti-ora-tocca-a-zaia-dimostrare-di-crederci-davvero\\\/#primaryimage\"},\"image\":{\"@id\":\"https:\\\/\\\/www.bellunopress.it\\\/2019\\\/04\\\/07\\\/sbocco-a-nord-rubinato-dopo-la-rassicurazione-dellassessore-de-berti-ora-tocca-a-zaia-dimostrare-di-crederci-davvero\\\/#primaryimage\"},\"thumbnailUrl\":\"http:\\\/\\\/www.bellunopress.it\\\/wp-content\\\/uploads\\\/2012\\\/10\\\/simonetta-rubinato-pd.jpg\",\"datePublished\":\"2019-04-07T20:32:04+00:00\",\"breadcrumb\":{\"@id\":\"https:\\\/\\\/www.bellunopress.it\\\/2019\\\/04\\\/07\\\/sbocco-a-nord-rubinato-dopo-la-rassicurazione-dellassessore-de-berti-ora-tocca-a-zaia-dimostrare-di-crederci-davvero\\\/#breadcrumb\"},\"inLanguage\":\"fr-FR\",\"potentialAction\":[{\"@type\":\"ReadAction\",\"target\":[\"https:\\\/\\\/www.bellunopress.it\\\/2019\\\/04\\\/07\\\/sbocco-a-nord-rubinato-dopo-la-rassicurazione-dellassessore-de-berti-ora-tocca-a-zaia-dimostrare-di-crederci-davvero\\\/\"]}]},{\"@type\":\"ImageObject\",\"inLanguage\":\"fr-FR\",\"@id\":\"https:\\\/\\\/www.bellunopress.it\\\/2019\\\/04\\\/07\\\/sbocco-a-nord-rubinato-dopo-la-rassicurazione-dellassessore-de-berti-ora-tocca-a-zaia-dimostrare-di-crederci-davvero\\\/#primaryimage\",\"url\":\"http:\\\/\\\/www.bellunopress.it\\\/wp-content\\\/uploads\\\/2012\\\/10\\\/simonetta-rubinato-pd.jpg\",\"contentUrl\":\"http:\\\/\\\/www.bellunopress.it\\\/wp-content\\\/uploads\\\/2012\\\/10\\\/simonetta-rubinato-pd.jpg\"},{\"@type\":\"BreadcrumbList\",\"@id\":\"https:\\\/\\\/www.bellunopress.it\\\/2019\\\/04\\\/07\\\/sbocco-a-nord-rubinato-dopo-la-rassicurazione-dellassessore-de-berti-ora-tocca-a-zaia-dimostrare-di-crederci-davvero\\\/#breadcrumb\",\"itemListElement\":[{\"@type\":\"ListItem\",\"position\":1,\"name\":\"Home\",\"item\":\"https:\\\/\\\/www.bellunopress.it\\\/\"},{\"@type\":\"ListItem\",\"position\":2,\"name\":\"Sbocco a Nord. Rubinato: &#8220;Dopo la rassicurazione dell&#8217;assessore De Berti, ora tocca a Zaia dimostrare di crederci davvero&#8221;\"}]},{\"@type\":\"WebSite\",\"@id\":\"https:\\\/\\\/www.bellunopress.it\\\/#website\",\"url\":\"https:\\\/\\\/www.bellunopress.it\\\/\",\"name\":\"Bellunopress - Dolomiti\",\"description\":\"e-mail: redazione@bellunopress.it\",\"publisher\":{\"@id\":\"https:\\\/\\\/www.bellunopress.it\\\/#organization\"},\"potentialAction\":[{\"@type\":\"SearchAction\",\"target\":{\"@type\":\"EntryPoint\",\"urlTemplate\":\"https:\\\/\\\/www.bellunopress.it\\\/?s={search_term_string}\"},\"query-input\":{\"@type\":\"PropertyValueSpecification\",\"valueRequired\":true,\"valueName\":\"search_term_string\"}}],\"inLanguage\":\"fr-FR\"},{\"@type\":\"Organization\",\"@id\":\"https:\\\/\\\/www.bellunopress.it\\\/#organization\",\"name\":\"Bellunopress\",\"url\":\"https:\\\/\\\/www.bellunopress.it\\\/\",\"logo\":{\"@type\":\"ImageObject\",\"inLanguage\":\"fr-FR\",\"@id\":\"https:\\\/\\\/www.bellunopress.it\\\/#\\\/schema\\\/logo\\\/image\\\/\",\"url\":\"https:\\\/\\\/www.bellunopress.it\\\/wp-content\\\/uploads\\\/2011\\\/05\\\/cropped-logo-bellunopress-.jpg\",\"contentUrl\":\"https:\\\/\\\/www.bellunopress.it\\\/wp-content\\\/uploads\\\/2011\\\/05\\\/cropped-logo-bellunopress-.jpg\",\"width\":512,\"height\":512,\"caption\":\"Bellunopress\"},\"image\":{\"@id\":\"https:\\\/\\\/www.bellunopress.it\\\/#\\\/schema\\\/logo\\\/image\\\/\"},\"sameAs\":[\"https:\\\/\\\/www.facebook.com\\\/profile.php?id=100008943462799\",\"https:\\\/\\\/x.com\\\/bellunopress\",\"https:\\\/\\\/www.linkedin.com\\\/hp\\\/?dnr=JBzUWaJfMUw8vbXJJ2tVW5-I3jZKvC4wsoxE&amp;amp;amp;amp;amp;amp;trk=nav_responsive_tab_home\",\"https:\\\/\\\/www.youtube.com\\\/channel\\\/UCxL0wu1uN0_3_7hGG0306cw\"]},{\"@type\":\"Person\",\"@id\":\"https:\\\/\\\/www.bellunopress.it\\\/#\\\/schema\\\/person\\\/79bb06722b37ece1c03d3e94beb30d73\",\"name\":\"redazione\",\"image\":{\"@type\":\"ImageObject\",\"inLanguage\":\"fr-FR\",\"@id\":\"https:\\\/\\\/secure.gravatar.com\\\/avatar\\\/37d968a2e67a6fd04c169c4bdef102d0bc5d31b2546345219e348575eb80e9a0?s=96&d=mm&r=g\",\"url\":\"https:\\\/\\\/secure.gravatar.com\\\/avatar\\\/37d968a2e67a6fd04c169c4bdef102d0bc5d31b2546345219e348575eb80e9a0?s=96&d=mm&r=g\",\"contentUrl\":\"https:\\\/\\\/secure.gravatar.com\\\/avatar\\\/37d968a2e67a6fd04c169c4bdef102d0bc5d31b2546345219e348575eb80e9a0?s=96&d=mm&r=g\",\"caption\":\"redazione\"},\"sameAs\":[\"http:\\\/\\\/www.bellunopress.it\",\"https:\\\/\\\/x.com\\\/bellunopress\"],\"url\":\"https:\\\/\\\/www.bellunopress.it\\\/fr\\\/author\\\/redazione\\\/\"}]}<\/script>\n<!-- \/ Yoast SEO plugin. -->","yoast_head_json":{"title":"Sbocco a Nord. Rubinato: \"Dopo la rassicurazione dell'assessore De Berti, ora tocca a Zaia dimostrare di crederci davvero\" - Bellunopress - Dolomiti","robots":{"index":"index","follow":"follow","max-snippet":"max-snippet:-1","max-image-preview":"max-image-preview:large","max-video-preview":"max-video-preview:-1"},"canonical":"https:\/\/www.bellunopress.it\/fr\/2019\/04\/07\/sbocco-a-nord-rubinato-dopo-la-rassicurazione-dellassessore-de-berti-ora-tocca-a-zaia-dimostrare-di-crederci-davvero\/","og_locale":"fr_FR","og_type":"article","og_title":"Sbocco a Nord. Rubinato: \"Dopo la rassicurazione dell'assessore De Berti, ora tocca a Zaia dimostrare di crederci davvero\" - Bellunopress - Dolomiti","og_description":"\u201cIl completamento della A27, attraverso un corridoio tecnologico che finalmente consenta anche al Veneto uno sbocco diretto verso Nord, in Europa, \u00e8 un&#8217;opportunit\u00e0 che non si deve perdere. Anzi, \u00e8 una necessit\u00e0, per rilanciare non solo l&#8217;area bellunese, ma tutto il sistema socio-economico veneto, completando la rete logistica regionale a servizio del sistema manifatturiero veneto, [&hellip;]","og_url":"https:\/\/www.bellunopress.it\/fr\/2019\/04\/07\/sbocco-a-nord-rubinato-dopo-la-rassicurazione-dellassessore-de-berti-ora-tocca-a-zaia-dimostrare-di-crederci-davvero\/","og_site_name":"Bellunopress - Dolomiti","article_publisher":"https:\/\/www.facebook.com\/profile.php?id=100008943462799","article_published_time":"2019-04-07T20:32:04+00:00","og_image":[{"url":"http:\/\/www.bellunopress.it\/wp-content\/uploads\/2012\/10\/simonetta-rubinato-pd.jpg","type":"","width":"","height":""}],"author":"redazione","twitter_card":"summary_large_image","twitter_creator":"@bellunopress","twitter_site":"@bellunopress","twitter_misc":{"\u00c9crit par":"redazione","Dur\u00e9e de lecture estim\u00e9e":"1 minute"},"schema":{"@context":"https:\/\/schema.org","@graph":[{"@type":"Article","@id":"https:\/\/www.bellunopress.it\/2019\/04\/07\/sbocco-a-nord-rubinato-dopo-la-rassicurazione-dellassessore-de-berti-ora-tocca-a-zaia-dimostrare-di-crederci-davvero\/#article","isPartOf":{"@id":"https:\/\/www.bellunopress.it\/2019\/04\/07\/sbocco-a-nord-rubinato-dopo-la-rassicurazione-dellassessore-de-berti-ora-tocca-a-zaia-dimostrare-di-crederci-davvero\/"},"author":{"name":"redazione","@id":"https:\/\/www.bellunopress.it\/#\/schema\/person\/79bb06722b37ece1c03d3e94beb30d73"},"headline":"Sbocco a Nord. Rubinato: &#8220;Dopo la rassicurazione dell&#8217;assessore De Berti, ora tocca a Zaia dimostrare di crederci davvero&#8221;","datePublished":"2019-04-07T20:32:04+00:00","mainEntityOfPage":{"@id":"https:\/\/www.bellunopress.it\/2019\/04\/07\/sbocco-a-nord-rubinato-dopo-la-rassicurazione-dellassessore-de-berti-ora-tocca-a-zaia-dimostrare-di-crederci-davvero\/"},"wordCount":270,"publisher":{"@id":"https:\/\/www.bellunopress.it\/#organization"},"image":{"@id":"https:\/\/www.bellunopress.it\/2019\/04\/07\/sbocco-a-nord-rubinato-dopo-la-rassicurazione-dellassessore-de-berti-ora-tocca-a-zaia-dimostrare-di-crederci-davvero\/#primaryimage"},"thumbnailUrl":"http:\/\/www.bellunopress.it\/wp-content\/uploads\/2012\/10\/simonetta-rubinato-pd.jpg","articleSection":["Cronaca\/Politica","Prima Pagina"],"inLanguage":"fr-FR"},{"@type":"WebPage","@id":"https:\/\/www.bellunopress.it\/2019\/04\/07\/sbocco-a-nord-rubinato-dopo-la-rassicurazione-dellassessore-de-berti-ora-tocca-a-zaia-dimostrare-di-crederci-davvero\/","url":"https:\/\/www.bellunopress.it\/2019\/04\/07\/sbocco-a-nord-rubinato-dopo-la-rassicurazione-dellassessore-de-berti-ora-tocca-a-zaia-dimostrare-di-crederci-davvero\/","name":"Sbocco a Nord. Rubinato: \"Dopo la rassicurazione dell'assessore De Berti, ora tocca a Zaia dimostrare di crederci davvero\" - Bellunopress - Dolomiti","isPartOf":{"@id":"https:\/\/www.bellunopress.it\/#website"},"primaryImageOfPage":{"@id":"https:\/\/www.bellunopress.it\/2019\/04\/07\/sbocco-a-nord-rubinato-dopo-la-rassicurazione-dellassessore-de-berti-ora-tocca-a-zaia-dimostrare-di-crederci-davvero\/#primaryimage"},"image":{"@id":"https:\/\/www.bellunopress.it\/2019\/04\/07\/sbocco-a-nord-rubinato-dopo-la-rassicurazione-dellassessore-de-berti-ora-tocca-a-zaia-dimostrare-di-crederci-davvero\/#primaryimage"},"thumbnailUrl":"http:\/\/www.bellunopress.it\/wp-content\/uploads\/2012\/10\/simonetta-rubinato-pd.jpg","datePublished":"2019-04-07T20:32:04+00:00","breadcrumb":{"@id":"https:\/\/www.bellunopress.it\/2019\/04\/07\/sbocco-a-nord-rubinato-dopo-la-rassicurazione-dellassessore-de-berti-ora-tocca-a-zaia-dimostrare-di-crederci-davvero\/#breadcrumb"},"inLanguage":"fr-FR","potentialAction":[{"@type":"ReadAction","target":["https:\/\/www.bellunopress.it\/2019\/04\/07\/sbocco-a-nord-rubinato-dopo-la-rassicurazione-dellassessore-de-berti-ora-tocca-a-zaia-dimostrare-di-crederci-davvero\/"]}]},{"@type":"ImageObject","inLanguage":"fr-FR","@id":"https:\/\/www.bellunopress.it\/2019\/04\/07\/sbocco-a-nord-rubinato-dopo-la-rassicurazione-dellassessore-de-berti-ora-tocca-a-zaia-dimostrare-di-crederci-davvero\/#primaryimage","url":"http:\/\/www.bellunopress.it\/wp-content\/uploads\/2012\/10\/simonetta-rubinato-pd.jpg","contentUrl":"http:\/\/www.bellunopress.it\/wp-content\/uploads\/2012\/10\/simonetta-rubinato-pd.jpg"},{"@type":"BreadcrumbList","@id":"https:\/\/www.bellunopress.it\/2019\/04\/07\/sbocco-a-nord-rubinato-dopo-la-rassicurazione-dellassessore-de-berti-ora-tocca-a-zaia-dimostrare-di-crederci-davvero\/#breadcrumb","itemListElement":[{"@type":"ListItem","position":1,"name":"Home","item":"https:\/\/www.bellunopress.it\/"},{"@type":"ListItem","position":2,"name":"Sbocco a Nord. Rubinato: &#8220;Dopo la rassicurazione dell&#8217;assessore De Berti, ora tocca a Zaia dimostrare di crederci davvero&#8221;"}]},{"@type":"WebSite","@id":"https:\/\/www.bellunopress.it\/#website","url":"https:\/\/www.bellunopress.it\/","name":"Bellunopress - Dolomiti","description":"e-mail: redazione@bellunopress.it","publisher":{"@id":"https:\/\/www.bellunopress.it\/#organization"},"potentialAction":[{"@type":"SearchAction","target":{"@type":"EntryPoint","urlTemplate":"https:\/\/www.bellunopress.it\/?s={search_term_string}"},"query-input":{"@type":"PropertyValueSpecification","valueRequired":true,"valueName":"search_term_string"}}],"inLanguage":"fr-FR"},{"@type":"Organization","@id":"https:\/\/www.bellunopress.it\/#organization","name":"Bellunopress","url":"https:\/\/www.bellunopress.it\/","logo":{"@type":"ImageObject","inLanguage":"fr-FR","@id":"https:\/\/www.bellunopress.it\/#\/schema\/logo\/image\/","url":"https:\/\/www.bellunopress.it\/wp-content\/uploads\/2011\/05\/cropped-logo-bellunopress-.jpg","contentUrl":"https:\/\/www.bellunopress.it\/wp-content\/uploads\/2011\/05\/cropped-logo-bellunopress-.jpg","width":512,"height":512,"caption":"Bellunopress"},"image":{"@id":"https:\/\/www.bellunopress.it\/#\/schema\/logo\/image\/"},"sameAs":["https:\/\/www.facebook.com\/profile.php?id=100008943462799","https:\/\/x.com\/bellunopress","https:\/\/www.linkedin.com\/hp\/?dnr=JBzUWaJfMUw8vbXJJ2tVW5-I3jZKvC4wsoxE&amp;amp;amp;amp;amp;amp;trk=nav_responsive_tab_home","https:\/\/www.youtube.com\/channel\/UCxL0wu1uN0_3_7hGG0306cw"]},{"@type":"Person","@id":"https:\/\/www.bellunopress.it\/#\/schema\/person\/79bb06722b37ece1c03d3e94beb30d73","name":"r\u00e9daction","image":{"@type":"ImageObject","inLanguage":"fr-FR","@id":"https:\/\/secure.gravatar.com\/avatar\/37d968a2e67a6fd04c169c4bdef102d0bc5d31b2546345219e348575eb80e9a0?s=96&d=mm&r=g","url":"https:\/\/secure.gravatar.com\/avatar\/37d968a2e67a6fd04c169c4bdef102d0bc5d31b2546345219e348575eb80e9a0?s=96&d=mm&r=g","contentUrl":"https:\/\/secure.gravatar.com\/avatar\/37d968a2e67a6fd04c169c4bdef102d0bc5d31b2546345219e348575eb80e9a0?s=96&d=mm&r=g","caption":"redazione"},"sameAs":["http:\/\/www.bellunopress.it","https:\/\/x.com\/bellunopress"],"url":"https:\/\/www.bellunopress.it\/fr\/author\/redazione\/"}]}},"_links":{"self":[{"href":"https:\/\/www.bellunopress.it\/fr\/wp-json\/wp\/v2\/posts\/103595","targetHints":{"allow":["GET"]}}],"collection":[{"href":"https:\/\/www.bellunopress.it\/fr\/wp-json\/wp\/v2\/posts"}],"about":[{"href":"https:\/\/www.bellunopress.it\/fr\/wp-json\/wp\/v2\/types\/post"}],"author":[{"embeddable":true,"href":"https:\/\/www.bellunopress.it\/fr\/wp-json\/wp\/v2\/users\/2"}],"replies":[{"embeddable":true,"href":"https:\/\/www.bellunopress.it\/fr\/wp-json\/wp\/v2\/comments?post=103595"}],"version-history":[{"count":1,"href":"https:\/\/www.bellunopress.it\/fr\/wp-json\/wp\/v2\/posts\/103595\/revisions"}],"predecessor-version":[{"id":103596,"href":"https:\/\/www.bellunopress.it\/fr\/wp-json\/wp\/v2\/posts\/103595\/revisions\/103596"}],"wp:attachment":[{"href":"https:\/\/www.bellunopress.it\/fr\/wp-json\/wp\/v2\/media?parent=103595"}],"wp:term":[{"taxonomy":"category","embeddable":true,"href":"https:\/\/www.bellunopress.it\/fr\/wp-json\/wp\/v2\/categories?post=103595"},{"taxonomy":"post_tag","embeddable":true,"href":"https:\/\/www.bellunopress.it\/fr\/wp-json\/wp\/v2\/tags?post=103595"}],"curies":[{"name":"wp","href":"https:\/\/api.w.org\/{rel}","templated":true}]}}