{"id":103572,"date":"2019-04-06T19:42:11","date_gmt":"2019-04-06T17:42:11","guid":{"rendered":"http:\/\/www.bellunopress.it\/?p=103572"},"modified":"2019-04-06T19:42:11","modified_gmt":"2019-04-06T17:42:11","slug":"la-lezione-ai-manager-di-paolo-crepet-a-treviso-il-convegno-condottieri-valorosi-organizzato-da-federmanager-treviso-e-belluno","status":"publish","type":"post","link":"https:\/\/www.bellunopress.it\/fr\/2019\/04\/06\/la-lezione-ai-manager-di-paolo-crepet-a-treviso-il-convegno-condottieri-valorosi-organizzato-da-federmanager-treviso-e-belluno\/","title":{"rendered":"La lezione ai manager di Paolo Crepet.\u00a0A Treviso il convegno \u201cCondottieri valorosi\u201d organizzato da Federmanager Treviso e Belluno"},"content":{"rendered":"<figure id=\"attachment_103573\" aria-describedby=\"caption-attachment-103573\" style=\"width: 262px\" class=\"wp-caption alignleft\"><a href=\"http:\/\/www.bellunopress.it\/fr\/2019\/04\/06\/la-lezione-ai-manager-di-paolo-crepet-a-treviso-il-convegno-condottieri-valorosi-organizzato-da-federmanager-treviso-e-belluno\/paolo-crepet\/\" rel=\"attachment wp-att-103573\"><img loading=\"lazy\" decoding=\"async\" class=\"size-full wp-image-103573\" src=\"http:\/\/www.bellunopress.it\/wp-content\/uploads\/2019\/04\/paolo-crepet.jpg\" alt=\"\" width=\"262\" height=\"300\" \/><\/a><figcaption id=\"caption-attachment-103573\" class=\"wp-caption-text\">Paolo Crepet<\/figcaption><\/figure>\n<p>Treviso, 6 aprile 2019\u00a0 &#8211;\u00a0 Rischio, coraggio, passione. Sono questi i tre valori da seguire per crescere ed affrontare le sfide di un mondo sempre pi\u00f9 complesso e caotico. Lo ha raccontato oggi all\u2019Auditorium Fondazione Cassamarca di Treviso lo psichiatra e scrittore Paolo Crepet ai dirigenti trevigiani e bellunesi nel corso del convegno \u201cCondottieri valorosi\u201d organizzato da Federmanager Treviso e Belluno, l\u2019associazione dei dirigenti d\u2019azienda che conta 1200 associati fra le due province (prima per consistenza del Nordest).<\/p>\n<p>\u201cCi sono gli imprenditori e ci sono gli intraprenditori \u2013 ha detto Crepet \u2013 ed i secondi solo molto pi\u00f9 rari. Perch\u00e9 oggi viviamo in un mondo facilitato, che di fronte alla crisi del 2008 ha preferito restare fermo, non capendo che non di crisi si trattava, ma di cambiamento, che ci pone nella condizione straordinaria di avere una visione per il futuro. E questo \u00e8 l\u2019intraprenditore, colui che sa affrontare il rischio, che quando naviga in mare aperto cerca la tempesta, non la bonaccia, perch\u00e9 solo l\u00ec c\u2019\u00e8 il vento buono. Dove c\u2019\u00e8 il rischio, si vede il coraggio e la passione, e dove ci stanno questi valori c\u2019\u00e8 anche la libert\u00e0. E dove c\u2019\u00e8 la liberta c\u2019\u00e8 il futuro. Ed il futuro lo si affronta con i valori della curiosit\u00e0, dell\u2019umilt\u00e0 e della capacit\u00e0 di imparare sempre dagli altri\u201d.<\/p>\n<p>Per Silvio Campara, Ceo di Golden Goose, l\u2019azienda veneziana leader delle sneakers d\u2019alta gamma, il valore che ha portato l\u2019azienda a cresce del 40% negli ultimi cinque anni, \u00e8 stato soprattutto l\u2019entusiasmo. \u201cSolo con l\u2019entusiasmo, assieme alla competenza e alla gentilezza, si crea valore. Il nostro approccio aziendale, inoltre, \u00e8 sempre stato fortemente legato alla tradizione artigiana ed al territorio. L\u2019obiettivo \u00e8 quello di emozionare sul prodotto. I nostri competitors, infatti, non solo altri produttori di sneakers, ma chi sa creare emozioni\u201d.<\/p>\n<p>Ottimismo e coraggio sono invece i due valori fondamentali per Marco Grazioli, presidente dello Studio Ambrosetti, che ha presentato lo studio sul Management Efficace e Responsabile \u201cBravi Manager Bravi\u201d, condotto in collaborazione con Federmanager. Nel quale tra i comportamenti pi\u00f9 importanti e meno adottati dai manager emergono la semplificazione, la comunicazione e l\u2019ascolto dedito e profondo, anche dei propri clienti. \u201cLa risposta del nostro studio \u2013 ha spiegato Grazioli \u2013 \u00e8 che in Italia dal punto di vista manageriale siamo bravi ma non abbastanza. Siamo deboli soprattutto in alcune competenze manageriale come la soluzione dei problemi, le competenze tecniche, cio\u00e8 il saper fare le cose nel miglior modo possibile, che funziona oggi solo nelle piccole e medie aziende, e nell\u2019imprenditorialit\u00e0, che per il manager vuol dire avere una cultura del business e il saper decidere in contesti limitati\u201d.<\/p>","protected":false},"excerpt":{"rendered":"<p>Treviso, 6 aprile 2019\u00a0 &#8211;\u00a0 Rischio, coraggio, passione. Sono questi i tre valori da seguire per crescere ed affrontare le sfide di un mondo sempre pi\u00f9 complesso e caotico. Lo ha raccontato oggi all\u2019Auditorium Fondazione Cassamarca di Treviso lo psichiatra e scrittore Paolo Crepet ai dirigenti trevigiani e bellunesi nel corso del convegno \u201cCondottieri valorosi\u201d [&hellip;]<\/p>\n","protected":false},"author":2,"featured_media":0,"comment_status":"closed","ping_status":"open","sticky":false,"template":"","format":"standard","meta":{"footnotes":""},"categories":[36,26],"tags":[],"class_list":["post-103572","post","type-post","status-publish","format-standard","category-lavoro-economia","category-prima-pagina"],"yoast_head":"<!-- This site is optimized with the Yoast SEO plugin v28.4 - https:\/\/yoast.com\/product\/yoast-seo-wordpress\/ -->\n<title>La lezione ai manager di Paolo Crepet.\u00a0A Treviso il convegno \u201cCondottieri valorosi\u201d organizzato da Federmanager Treviso e Belluno - Bellunopress - Dolomiti<\/title>\n<meta name=\"robots\" content=\"index, follow, max-snippet:-1, max-image-preview:large, max-video-preview:-1\" \/>\n<link rel=\"canonical\" href=\"https:\/\/www.bellunopress.it\/fr\/2019\/04\/06\/la-lezione-ai-manager-di-paolo-crepet-a-treviso-il-convegno-condottieri-valorosi-organizzato-da-federmanager-treviso-e-belluno\/\" \/>\n<meta property=\"og:locale\" content=\"fr_FR\" \/>\n<meta property=\"og:type\" content=\"article\" \/>\n<meta property=\"og:title\" content=\"La lezione ai manager di Paolo Crepet.\u00a0A Treviso il convegno \u201cCondottieri valorosi\u201d organizzato da Federmanager Treviso e Belluno - Bellunopress - Dolomiti\" \/>\n<meta property=\"og:description\" content=\"Treviso, 6 aprile 2019\u00a0 &#8211;\u00a0 Rischio, coraggio, passione. Sono questi i tre valori da seguire per crescere ed affrontare le sfide di un mondo sempre pi\u00f9 complesso e caotico. Lo ha raccontato oggi all\u2019Auditorium Fondazione Cassamarca di Treviso lo psichiatra e scrittore Paolo Crepet ai dirigenti trevigiani e bellunesi nel corso del convegno \u201cCondottieri valorosi\u201d [&hellip;]\" \/>\n<meta property=\"og:url\" content=\"https:\/\/www.bellunopress.it\/fr\/2019\/04\/06\/la-lezione-ai-manager-di-paolo-crepet-a-treviso-il-convegno-condottieri-valorosi-organizzato-da-federmanager-treviso-e-belluno\/\" \/>\n<meta property=\"og:site_name\" content=\"Bellunopress - Dolomiti\" \/>\n<meta property=\"article:publisher\" content=\"https:\/\/www.facebook.com\/profile.php?id=100008943462799\" \/>\n<meta property=\"article:published_time\" content=\"2019-04-06T17:42:11+00:00\" \/>\n<meta property=\"og:image\" content=\"http:\/\/www.bellunopress.it\/wp-content\/uploads\/2019\/04\/paolo-crepet.jpg\" \/>\n<meta name=\"author\" content=\"redazione\" \/>\n<meta name=\"twitter:card\" content=\"summary_large_image\" \/>\n<meta name=\"twitter:creator\" content=\"@bellunopress\" \/>\n<meta name=\"twitter:site\" content=\"@bellunopress\" \/>\n<meta name=\"twitter:label1\" content=\"\u00c9crit par\" \/>\n\t<meta name=\"twitter:data1\" content=\"redazione\" \/>\n\t<meta name=\"twitter:label2\" content=\"Dur\u00e9e de lecture estim\u00e9e\" \/>\n\t<meta name=\"twitter:data2\" content=\"2 minutes\" \/>\n<script type=\"application\/ld+json\" class=\"yoast-schema-graph\">{\"@context\":\"https:\\\/\\\/schema.org\",\"@graph\":[{\"@type\":\"Article\",\"@id\":\"https:\\\/\\\/www.bellunopress.it\\\/2019\\\/04\\\/06\\\/la-lezione-ai-manager-di-paolo-crepet-a-treviso-il-convegno-condottieri-valorosi-organizzato-da-federmanager-treviso-e-belluno\\\/#article\",\"isPartOf\":{\"@id\":\"https:\\\/\\\/www.bellunopress.it\\\/2019\\\/04\\\/06\\\/la-lezione-ai-manager-di-paolo-crepet-a-treviso-il-convegno-condottieri-valorosi-organizzato-da-federmanager-treviso-e-belluno\\\/\"},\"author\":{\"name\":\"redazione\",\"@id\":\"https:\\\/\\\/www.bellunopress.it\\\/#\\\/schema\\\/person\\\/79bb06722b37ece1c03d3e94beb30d73\"},\"headline\":\"La lezione ai manager di Paolo Crepet.\u00a0A Treviso il convegno \u201cCondottieri valorosi\u201d organizzato da Federmanager Treviso e Belluno\",\"datePublished\":\"2019-04-06T17:42:11+00:00\",\"mainEntityOfPage\":{\"@id\":\"https:\\\/\\\/www.bellunopress.it\\\/2019\\\/04\\\/06\\\/la-lezione-ai-manager-di-paolo-crepet-a-treviso-il-convegno-condottieri-valorosi-organizzato-da-federmanager-treviso-e-belluno\\\/\"},\"wordCount\":466,\"publisher\":{\"@id\":\"https:\\\/\\\/www.bellunopress.it\\\/#organization\"},\"image\":{\"@id\":\"https:\\\/\\\/www.bellunopress.it\\\/2019\\\/04\\\/06\\\/la-lezione-ai-manager-di-paolo-crepet-a-treviso-il-convegno-condottieri-valorosi-organizzato-da-federmanager-treviso-e-belluno\\\/#primaryimage\"},\"thumbnailUrl\":\"http:\\\/\\\/www.bellunopress.it\\\/wp-content\\\/uploads\\\/2019\\\/04\\\/paolo-crepet.jpg\",\"articleSection\":[\"Lavoro, Economia, Turismo\",\"Prima Pagina\"],\"inLanguage\":\"fr-FR\"},{\"@type\":\"WebPage\",\"@id\":\"https:\\\/\\\/www.bellunopress.it\\\/2019\\\/04\\\/06\\\/la-lezione-ai-manager-di-paolo-crepet-a-treviso-il-convegno-condottieri-valorosi-organizzato-da-federmanager-treviso-e-belluno\\\/\",\"url\":\"https:\\\/\\\/www.bellunopress.it\\\/2019\\\/04\\\/06\\\/la-lezione-ai-manager-di-paolo-crepet-a-treviso-il-convegno-condottieri-valorosi-organizzato-da-federmanager-treviso-e-belluno\\\/\",\"name\":\"La lezione ai manager di Paolo Crepet.\u00a0A Treviso il convegno \u201cCondottieri valorosi\u201d organizzato da Federmanager Treviso e Belluno - Bellunopress - Dolomiti\",\"isPartOf\":{\"@id\":\"https:\\\/\\\/www.bellunopress.it\\\/#website\"},\"primaryImageOfPage\":{\"@id\":\"https:\\\/\\\/www.bellunopress.it\\\/2019\\\/04\\\/06\\\/la-lezione-ai-manager-di-paolo-crepet-a-treviso-il-convegno-condottieri-valorosi-organizzato-da-federmanager-treviso-e-belluno\\\/#primaryimage\"},\"image\":{\"@id\":\"https:\\\/\\\/www.bellunopress.it\\\/2019\\\/04\\\/06\\\/la-lezione-ai-manager-di-paolo-crepet-a-treviso-il-convegno-condottieri-valorosi-organizzato-da-federmanager-treviso-e-belluno\\\/#primaryimage\"},\"thumbnailUrl\":\"http:\\\/\\\/www.bellunopress.it\\\/wp-content\\\/uploads\\\/2019\\\/04\\\/paolo-crepet.jpg\",\"datePublished\":\"2019-04-06T17:42:11+00:00\",\"breadcrumb\":{\"@id\":\"https:\\\/\\\/www.bellunopress.it\\\/2019\\\/04\\\/06\\\/la-lezione-ai-manager-di-paolo-crepet-a-treviso-il-convegno-condottieri-valorosi-organizzato-da-federmanager-treviso-e-belluno\\\/#breadcrumb\"},\"inLanguage\":\"fr-FR\",\"potentialAction\":[{\"@type\":\"ReadAction\",\"target\":[\"https:\\\/\\\/www.bellunopress.it\\\/2019\\\/04\\\/06\\\/la-lezione-ai-manager-di-paolo-crepet-a-treviso-il-convegno-condottieri-valorosi-organizzato-da-federmanager-treviso-e-belluno\\\/\"]}]},{\"@type\":\"ImageObject\",\"inLanguage\":\"fr-FR\",\"@id\":\"https:\\\/\\\/www.bellunopress.it\\\/2019\\\/04\\\/06\\\/la-lezione-ai-manager-di-paolo-crepet-a-treviso-il-convegno-condottieri-valorosi-organizzato-da-federmanager-treviso-e-belluno\\\/#primaryimage\",\"url\":\"http:\\\/\\\/www.bellunopress.it\\\/wp-content\\\/uploads\\\/2019\\\/04\\\/paolo-crepet.jpg\",\"contentUrl\":\"http:\\\/\\\/www.bellunopress.it\\\/wp-content\\\/uploads\\\/2019\\\/04\\\/paolo-crepet.jpg\"},{\"@type\":\"BreadcrumbList\",\"@id\":\"https:\\\/\\\/www.bellunopress.it\\\/2019\\\/04\\\/06\\\/la-lezione-ai-manager-di-paolo-crepet-a-treviso-il-convegno-condottieri-valorosi-organizzato-da-federmanager-treviso-e-belluno\\\/#breadcrumb\",\"itemListElement\":[{\"@type\":\"ListItem\",\"position\":1,\"name\":\"Home\",\"item\":\"https:\\\/\\\/www.bellunopress.it\\\/\"},{\"@type\":\"ListItem\",\"position\":2,\"name\":\"La lezione ai manager di Paolo Crepet.\u00a0A Treviso il convegno \u201cCondottieri valorosi\u201d organizzato da Federmanager Treviso e Belluno\"}]},{\"@type\":\"WebSite\",\"@id\":\"https:\\\/\\\/www.bellunopress.it\\\/#website\",\"url\":\"https:\\\/\\\/www.bellunopress.it\\\/\",\"name\":\"Bellunopress - Dolomiti\",\"description\":\"e-mail: redazione@bellunopress.it\",\"publisher\":{\"@id\":\"https:\\\/\\\/www.bellunopress.it\\\/#organization\"},\"potentialAction\":[{\"@type\":\"SearchAction\",\"target\":{\"@type\":\"EntryPoint\",\"urlTemplate\":\"https:\\\/\\\/www.bellunopress.it\\\/?s={search_term_string}\"},\"query-input\":{\"@type\":\"PropertyValueSpecification\",\"valueRequired\":true,\"valueName\":\"search_term_string\"}}],\"inLanguage\":\"fr-FR\"},{\"@type\":\"Organization\",\"@id\":\"https:\\\/\\\/www.bellunopress.it\\\/#organization\",\"name\":\"Bellunopress\",\"url\":\"https:\\\/\\\/www.bellunopress.it\\\/\",\"logo\":{\"@type\":\"ImageObject\",\"inLanguage\":\"fr-FR\",\"@id\":\"https:\\\/\\\/www.bellunopress.it\\\/#\\\/schema\\\/logo\\\/image\\\/\",\"url\":\"https:\\\/\\\/www.bellunopress.it\\\/wp-content\\\/uploads\\\/2011\\\/05\\\/cropped-logo-bellunopress-.jpg\",\"contentUrl\":\"https:\\\/\\\/www.bellunopress.it\\\/wp-content\\\/uploads\\\/2011\\\/05\\\/cropped-logo-bellunopress-.jpg\",\"width\":512,\"height\":512,\"caption\":\"Bellunopress\"},\"image\":{\"@id\":\"https:\\\/\\\/www.bellunopress.it\\\/#\\\/schema\\\/logo\\\/image\\\/\"},\"sameAs\":[\"https:\\\/\\\/www.facebook.com\\\/profile.php?id=100008943462799\",\"https:\\\/\\\/x.com\\\/bellunopress\",\"https:\\\/\\\/www.linkedin.com\\\/hp\\\/?dnr=JBzUWaJfMUw8vbXJJ2tVW5-I3jZKvC4wsoxE&amp;amp;amp;amp;amp;amp;trk=nav_responsive_tab_home\",\"https:\\\/\\\/www.youtube.com\\\/channel\\\/UCxL0wu1uN0_3_7hGG0306cw\"]},{\"@type\":\"Person\",\"@id\":\"https:\\\/\\\/www.bellunopress.it\\\/#\\\/schema\\\/person\\\/79bb06722b37ece1c03d3e94beb30d73\",\"name\":\"redazione\",\"image\":{\"@type\":\"ImageObject\",\"inLanguage\":\"fr-FR\",\"@id\":\"https:\\\/\\\/secure.gravatar.com\\\/avatar\\\/37d968a2e67a6fd04c169c4bdef102d0bc5d31b2546345219e348575eb80e9a0?s=96&d=mm&r=g\",\"url\":\"https:\\\/\\\/secure.gravatar.com\\\/avatar\\\/37d968a2e67a6fd04c169c4bdef102d0bc5d31b2546345219e348575eb80e9a0?s=96&d=mm&r=g\",\"contentUrl\":\"https:\\\/\\\/secure.gravatar.com\\\/avatar\\\/37d968a2e67a6fd04c169c4bdef102d0bc5d31b2546345219e348575eb80e9a0?s=96&d=mm&r=g\",\"caption\":\"redazione\"},\"sameAs\":[\"http:\\\/\\\/www.bellunopress.it\",\"https:\\\/\\\/x.com\\\/bellunopress\"],\"url\":\"https:\\\/\\\/www.bellunopress.it\\\/fr\\\/author\\\/redazione\\\/\"}]}<\/script>\n<!-- \/ Yoast SEO plugin. -->","yoast_head_json":{"title":"La lezione ai manager di Paolo Crepet.\u00a0A Treviso il convegno \u201cCondottieri valorosi\u201d organizzato da Federmanager Treviso e Belluno - Bellunopress - Dolomiti","robots":{"index":"index","follow":"follow","max-snippet":"max-snippet:-1","max-image-preview":"max-image-preview:large","max-video-preview":"max-video-preview:-1"},"canonical":"https:\/\/www.bellunopress.it\/fr\/2019\/04\/06\/la-lezione-ai-manager-di-paolo-crepet-a-treviso-il-convegno-condottieri-valorosi-organizzato-da-federmanager-treviso-e-belluno\/","og_locale":"fr_FR","og_type":"article","og_title":"La lezione ai manager di Paolo Crepet.\u00a0A Treviso il convegno \u201cCondottieri valorosi\u201d organizzato da Federmanager Treviso e Belluno - Bellunopress - Dolomiti","og_description":"Treviso, 6 aprile 2019\u00a0 &#8211;\u00a0 Rischio, coraggio, passione. Sono questi i tre valori da seguire per crescere ed affrontare le sfide di un mondo sempre pi\u00f9 complesso e caotico. Lo ha raccontato oggi all\u2019Auditorium Fondazione Cassamarca di Treviso lo psichiatra e scrittore Paolo Crepet ai dirigenti trevigiani e bellunesi nel corso del convegno \u201cCondottieri valorosi\u201d [&hellip;]","og_url":"https:\/\/www.bellunopress.it\/fr\/2019\/04\/06\/la-lezione-ai-manager-di-paolo-crepet-a-treviso-il-convegno-condottieri-valorosi-organizzato-da-federmanager-treviso-e-belluno\/","og_site_name":"Bellunopress - Dolomiti","article_publisher":"https:\/\/www.facebook.com\/profile.php?id=100008943462799","article_published_time":"2019-04-06T17:42:11+00:00","og_image":[{"url":"http:\/\/www.bellunopress.it\/wp-content\/uploads\/2019\/04\/paolo-crepet.jpg","type":"","width":"","height":""}],"author":"redazione","twitter_card":"summary_large_image","twitter_creator":"@bellunopress","twitter_site":"@bellunopress","twitter_misc":{"\u00c9crit par":"redazione","Dur\u00e9e de lecture estim\u00e9e":"2 minutes"},"schema":{"@context":"https:\/\/schema.org","@graph":[{"@type":"Article","@id":"https:\/\/www.bellunopress.it\/2019\/04\/06\/la-lezione-ai-manager-di-paolo-crepet-a-treviso-il-convegno-condottieri-valorosi-organizzato-da-federmanager-treviso-e-belluno\/#article","isPartOf":{"@id":"https:\/\/www.bellunopress.it\/2019\/04\/06\/la-lezione-ai-manager-di-paolo-crepet-a-treviso-il-convegno-condottieri-valorosi-organizzato-da-federmanager-treviso-e-belluno\/"},"author":{"name":"redazione","@id":"https:\/\/www.bellunopress.it\/#\/schema\/person\/79bb06722b37ece1c03d3e94beb30d73"},"headline":"La lezione ai manager di Paolo Crepet.\u00a0A Treviso il convegno \u201cCondottieri valorosi\u201d organizzato da Federmanager Treviso e Belluno","datePublished":"2019-04-06T17:42:11+00:00","mainEntityOfPage":{"@id":"https:\/\/www.bellunopress.it\/2019\/04\/06\/la-lezione-ai-manager-di-paolo-crepet-a-treviso-il-convegno-condottieri-valorosi-organizzato-da-federmanager-treviso-e-belluno\/"},"wordCount":466,"publisher":{"@id":"https:\/\/www.bellunopress.it\/#organization"},"image":{"@id":"https:\/\/www.bellunopress.it\/2019\/04\/06\/la-lezione-ai-manager-di-paolo-crepet-a-treviso-il-convegno-condottieri-valorosi-organizzato-da-federmanager-treviso-e-belluno\/#primaryimage"},"thumbnailUrl":"http:\/\/www.bellunopress.it\/wp-content\/uploads\/2019\/04\/paolo-crepet.jpg","articleSection":["Lavoro, Economia, Turismo","Prima Pagina"],"inLanguage":"fr-FR"},{"@type":"WebPage","@id":"https:\/\/www.bellunopress.it\/2019\/04\/06\/la-lezione-ai-manager-di-paolo-crepet-a-treviso-il-convegno-condottieri-valorosi-organizzato-da-federmanager-treviso-e-belluno\/","url":"https:\/\/www.bellunopress.it\/2019\/04\/06\/la-lezione-ai-manager-di-paolo-crepet-a-treviso-il-convegno-condottieri-valorosi-organizzato-da-federmanager-treviso-e-belluno\/","name":"La lezione ai manager di Paolo Crepet.\u00a0A Treviso il convegno \u201cCondottieri valorosi\u201d organizzato da Federmanager Treviso e Belluno - Bellunopress - Dolomiti","isPartOf":{"@id":"https:\/\/www.bellunopress.it\/#website"},"primaryImageOfPage":{"@id":"https:\/\/www.bellunopress.it\/2019\/04\/06\/la-lezione-ai-manager-di-paolo-crepet-a-treviso-il-convegno-condottieri-valorosi-organizzato-da-federmanager-treviso-e-belluno\/#primaryimage"},"image":{"@id":"https:\/\/www.bellunopress.it\/2019\/04\/06\/la-lezione-ai-manager-di-paolo-crepet-a-treviso-il-convegno-condottieri-valorosi-organizzato-da-federmanager-treviso-e-belluno\/#primaryimage"},"thumbnailUrl":"http:\/\/www.bellunopress.it\/wp-content\/uploads\/2019\/04\/paolo-crepet.jpg","datePublished":"2019-04-06T17:42:11+00:00","breadcrumb":{"@id":"https:\/\/www.bellunopress.it\/2019\/04\/06\/la-lezione-ai-manager-di-paolo-crepet-a-treviso-il-convegno-condottieri-valorosi-organizzato-da-federmanager-treviso-e-belluno\/#breadcrumb"},"inLanguage":"fr-FR","potentialAction":[{"@type":"ReadAction","target":["https:\/\/www.bellunopress.it\/2019\/04\/06\/la-lezione-ai-manager-di-paolo-crepet-a-treviso-il-convegno-condottieri-valorosi-organizzato-da-federmanager-treviso-e-belluno\/"]}]},{"@type":"ImageObject","inLanguage":"fr-FR","@id":"https:\/\/www.bellunopress.it\/2019\/04\/06\/la-lezione-ai-manager-di-paolo-crepet-a-treviso-il-convegno-condottieri-valorosi-organizzato-da-federmanager-treviso-e-belluno\/#primaryimage","url":"http:\/\/www.bellunopress.it\/wp-content\/uploads\/2019\/04\/paolo-crepet.jpg","contentUrl":"http:\/\/www.bellunopress.it\/wp-content\/uploads\/2019\/04\/paolo-crepet.jpg"},{"@type":"BreadcrumbList","@id":"https:\/\/www.bellunopress.it\/2019\/04\/06\/la-lezione-ai-manager-di-paolo-crepet-a-treviso-il-convegno-condottieri-valorosi-organizzato-da-federmanager-treviso-e-belluno\/#breadcrumb","itemListElement":[{"@type":"ListItem","position":1,"name":"Home","item":"https:\/\/www.bellunopress.it\/"},{"@type":"ListItem","position":2,"name":"La lezione ai manager di Paolo Crepet.\u00a0A Treviso il convegno \u201cCondottieri valorosi\u201d organizzato da Federmanager Treviso e Belluno"}]},{"@type":"WebSite","@id":"https:\/\/www.bellunopress.it\/#website","url":"https:\/\/www.bellunopress.it\/","name":"Bellunopress - Dolomiti","description":"e-mail: redazione@bellunopress.it","publisher":{"@id":"https:\/\/www.bellunopress.it\/#organization"},"potentialAction":[{"@type":"SearchAction","target":{"@type":"EntryPoint","urlTemplate":"https:\/\/www.bellunopress.it\/?s={search_term_string}"},"query-input":{"@type":"PropertyValueSpecification","valueRequired":true,"valueName":"search_term_string"}}],"inLanguage":"fr-FR"},{"@type":"Organization","@id":"https:\/\/www.bellunopress.it\/#organization","name":"Bellunopress","url":"https:\/\/www.bellunopress.it\/","logo":{"@type":"ImageObject","inLanguage":"fr-FR","@id":"https:\/\/www.bellunopress.it\/#\/schema\/logo\/image\/","url":"https:\/\/www.bellunopress.it\/wp-content\/uploads\/2011\/05\/cropped-logo-bellunopress-.jpg","contentUrl":"https:\/\/www.bellunopress.it\/wp-content\/uploads\/2011\/05\/cropped-logo-bellunopress-.jpg","width":512,"height":512,"caption":"Bellunopress"},"image":{"@id":"https:\/\/www.bellunopress.it\/#\/schema\/logo\/image\/"},"sameAs":["https:\/\/www.facebook.com\/profile.php?id=100008943462799","https:\/\/x.com\/bellunopress","https:\/\/www.linkedin.com\/hp\/?dnr=JBzUWaJfMUw8vbXJJ2tVW5-I3jZKvC4wsoxE&amp;amp;amp;amp;amp;amp;trk=nav_responsive_tab_home","https:\/\/www.youtube.com\/channel\/UCxL0wu1uN0_3_7hGG0306cw"]},{"@type":"Person","@id":"https:\/\/www.bellunopress.it\/#\/schema\/person\/79bb06722b37ece1c03d3e94beb30d73","name":"r\u00e9daction","image":{"@type":"ImageObject","inLanguage":"fr-FR","@id":"https:\/\/secure.gravatar.com\/avatar\/37d968a2e67a6fd04c169c4bdef102d0bc5d31b2546345219e348575eb80e9a0?s=96&d=mm&r=g","url":"https:\/\/secure.gravatar.com\/avatar\/37d968a2e67a6fd04c169c4bdef102d0bc5d31b2546345219e348575eb80e9a0?s=96&d=mm&r=g","contentUrl":"https:\/\/secure.gravatar.com\/avatar\/37d968a2e67a6fd04c169c4bdef102d0bc5d31b2546345219e348575eb80e9a0?s=96&d=mm&r=g","caption":"redazione"},"sameAs":["http:\/\/www.bellunopress.it","https:\/\/x.com\/bellunopress"],"url":"https:\/\/www.bellunopress.it\/fr\/author\/redazione\/"}]}},"_links":{"self":[{"href":"https:\/\/www.bellunopress.it\/fr\/wp-json\/wp\/v2\/posts\/103572","targetHints":{"allow":["GET"]}}],"collection":[{"href":"https:\/\/www.bellunopress.it\/fr\/wp-json\/wp\/v2\/posts"}],"about":[{"href":"https:\/\/www.bellunopress.it\/fr\/wp-json\/wp\/v2\/types\/post"}],"author":[{"embeddable":true,"href":"https:\/\/www.bellunopress.it\/fr\/wp-json\/wp\/v2\/users\/2"}],"replies":[{"embeddable":true,"href":"https:\/\/www.bellunopress.it\/fr\/wp-json\/wp\/v2\/comments?post=103572"}],"version-history":[{"count":2,"href":"https:\/\/www.bellunopress.it\/fr\/wp-json\/wp\/v2\/posts\/103572\/revisions"}],"predecessor-version":[{"id":103575,"href":"https:\/\/www.bellunopress.it\/fr\/wp-json\/wp\/v2\/posts\/103572\/revisions\/103575"}],"wp:attachment":[{"href":"https:\/\/www.bellunopress.it\/fr\/wp-json\/wp\/v2\/media?parent=103572"}],"wp:term":[{"taxonomy":"category","embeddable":true,"href":"https:\/\/www.bellunopress.it\/fr\/wp-json\/wp\/v2\/categories?post=103572"},{"taxonomy":"post_tag","embeddable":true,"href":"https:\/\/www.bellunopress.it\/fr\/wp-json\/wp\/v2\/tags?post=103572"}],"curies":[{"name":"wp","href":"https:\/\/api.w.org\/{rel}","templated":true}]}}