{"id":103556,"date":"2019-04-05T22:46:02","date_gmt":"2019-04-05T20:46:02","guid":{"rendered":"http:\/\/www.bellunopress.it\/?p=103556"},"modified":"2019-04-05T22:46:02","modified_gmt":"2019-04-05T20:46:02","slug":"domenica-dalle-9-alle-18-porte-aperte-alloficina-pollicino","status":"publish","type":"post","link":"https:\/\/www.bellunopress.it\/fr\/2019\/04\/05\/domenica-dalle-9-alle-18-porte-aperte-alloficina-pollicino\/","title":{"rendered":"Domenica dalle 9 alle 18 porte aperte all&#8217;Oficina Pollicino"},"content":{"rendered":"<p>Appuntamento domenica 7 aprile con &#8220;Oficina Pollicino porte aperte&#8221; presso la sede dell&#8217;associazione in via XXX Aprile a Belluno. Una giornata dedicata ai prodotti realizzati dalle splendide volontarie del Comitato Pollicino. Un momento per scoprire non solamente gli oggetti, ma soprattutto la macchina che opera nella vera realizzazione.<\/p>\n<p>Per la prima volta sar\u00e0 possibile vedere le volontarie all&#8217;opera con ago, filo e macchina da cucire.<\/p>\n<p>\u00abNel dietro le quinte siamo in tanti, circa una quindicina di persone che donano il proprio tempo per la realizzazione dei prodotti\u00bb prosegue Gioia Merini, coordinatrice delle attivit\u00e0 dell&#8217;Oficina Pollicino. \u00abProdotti splendidi, fatti a mano da volontarie che non mettono solamente la propria professionalit\u00e0, ma soprattutto il proprio cuore. Signore di et\u00e0 diverse che hanno deciso di donare il proprio tempo mettendolo a disposizione della nostra associazione, a favore di Casa Pollicino.\u00bb<\/p>\n<p>E la grande forza del Comitato Pollicino \u00e8 proprio generata dalle tante persone che scoprono il meccanismo con il quale l&#8217;associazione fa del bene, donandosi personalmente a favore di chi ne ha pi\u00f9 bisogno.<\/p>\n<figure id=\"attachment_102356\" aria-describedby=\"caption-attachment-102356\" style=\"width: 234px\" class=\"wp-caption alignleft\"><a href=\"http:\/\/www.bellunopress.it\/fr\/2019\/02\/24\/comitato-pollicino-confermata-morena-pavei-alla-presidenza-nuova-linfa-giovane-per-proseguire-il-nostro-operato-che-da-quasi-20-anni-ci-vede-impegnati-nellaiutare-i-bambini-rumeni\/morena-pavei\/\" rel=\"attachment wp-att-102356\"><img loading=\"lazy\" decoding=\"async\" class=\"size-full wp-image-102356\" src=\"http:\/\/www.bellunopress.it\/wp-content\/uploads\/2019\/02\/Morena-Pavei.jpg\" alt=\"\" width=\"234\" height=\"300\" \/><\/a><figcaption id=\"caption-attachment-102356\" class=\"wp-caption-text\">Morena Pavei<\/figcaption><\/figure>\n<p>\u00abL&#8217;Oficina Pollicino non ha et\u00e0\u00bb, commenta la presidente Morena Pavei, \u00abma da spazio a tutti, perch\u00e9 con Pollicino non c&#8217;\u00e8 et\u00e0! Abbiamo come esempio &#8220;nonna Emilia&#8221; che con i suoi 87 anni \u00e8 una delle nostre volontarie pi\u00f9 anziane ed allo stesso tempo pedina fondamentale per la creazione della linea &#8220;neonati&#8221; dell&#8217;Oficina.\u00bb<\/p>\n<p>Emilia, classe 1931, non dona a Pollicino solamente il proprio tempo, ma anche la propria esperienza che ne aumenta la qualit\u00e0 dei prodotti dell&#8217;Oficina. \u00abHo sempre realizzato prodotti in lana e cotone per neonati, dedicati principalmente ai miei nipoti, ma poi con il tempo sono cresciuti. Da quando sono rimasta sola, il tempo era sempre pi\u00f9 lungo e interminabile, proprio non passava mai, quindi ho cercato di rendermi utile per l&#8217;associazione Comitato Pollicino. Ho ripreso a realizzare prodotti per neonati con la qualit\u00e0 di una volta ed il poter aiutare l&#8217;Oficina Pollicino mi da sempre una grande gioia, perch\u00e9 mi permette di essere utile.\u00bb<\/p>\n<p>L&#8217;Oficina Pollicino sar\u00e0 aperta domenica dalle ore 9.00 alle ore 18.00.<\/p>\n<p>L&#8217;appuntamento \u00e8 utile anche per potersi avvicinare al mondo dell&#8217;Associazione Pollicino e, perch\u00e9 no, per rendersi utili e donare un p\u00f2 del proprio tempo.<\/p>","protected":false},"excerpt":{"rendered":"<p>Appuntamento domenica 7 aprile con &#8220;Oficina Pollicino porte aperte&#8221; presso la sede dell&#8217;associazione in via XXX Aprile a Belluno. Una giornata dedicata ai prodotti realizzati dalle splendide volontarie del Comitato Pollicino. Un momento per scoprire non solamente gli oggetti, ma soprattutto la macchina che opera nella vera realizzazione. Per la prima volta sar\u00e0 possibile vedere [&hellip;]<\/p>\n","protected":false},"author":2,"featured_media":0,"comment_status":"closed","ping_status":"open","sticky":false,"template":"","format":"standard","meta":{"footnotes":""},"categories":[27,25,8],"tags":[],"class_list":["post-103556","post","type-post","status-publish","format-standard","category-appuntamenti","category-pausa-caffe","category-societa-istituzioni"],"yoast_head":"<!-- This site is optimized with the Yoast SEO plugin v28.4 - https:\/\/yoast.com\/product\/yoast-seo-wordpress\/ -->\n<title>Domenica dalle 9 alle 18 porte aperte all&#039;Oficina Pollicino - Bellunopress - Dolomiti<\/title>\n<meta name=\"robots\" content=\"index, follow, max-snippet:-1, max-image-preview:large, max-video-preview:-1\" \/>\n<link rel=\"canonical\" href=\"https:\/\/www.bellunopress.it\/fr\/2019\/04\/05\/domenica-dalle-9-alle-18-porte-aperte-alloficina-pollicino\/\" \/>\n<meta property=\"og:locale\" content=\"fr_FR\" \/>\n<meta property=\"og:type\" content=\"article\" \/>\n<meta property=\"og:title\" content=\"Domenica dalle 9 alle 18 porte aperte all&#039;Oficina Pollicino - Bellunopress - Dolomiti\" \/>\n<meta property=\"og:description\" content=\"Appuntamento domenica 7 aprile con &#8220;Oficina Pollicino porte aperte&#8221; presso la sede dell&#8217;associazione in via XXX Aprile a Belluno. Una giornata dedicata ai prodotti realizzati dalle splendide volontarie del Comitato Pollicino. Un momento per scoprire non solamente gli oggetti, ma soprattutto la macchina che opera nella vera realizzazione. Per la prima volta sar\u00e0 possibile vedere [&hellip;]\" \/>\n<meta property=\"og:url\" content=\"https:\/\/www.bellunopress.it\/fr\/2019\/04\/05\/domenica-dalle-9-alle-18-porte-aperte-alloficina-pollicino\/\" \/>\n<meta property=\"og:site_name\" content=\"Bellunopress - Dolomiti\" \/>\n<meta property=\"article:publisher\" content=\"https:\/\/www.facebook.com\/profile.php?id=100008943462799\" \/>\n<meta property=\"article:published_time\" content=\"2019-04-05T20:46:02+00:00\" \/>\n<meta property=\"og:image\" content=\"http:\/\/www.bellunopress.it\/wp-content\/uploads\/2019\/02\/Morena-Pavei.jpg\" \/>\n<meta name=\"author\" content=\"redazione\" \/>\n<meta name=\"twitter:card\" content=\"summary_large_image\" \/>\n<meta name=\"twitter:creator\" content=\"@bellunopress\" \/>\n<meta name=\"twitter:site\" content=\"@bellunopress\" \/>\n<meta name=\"twitter:label1\" content=\"\u00c9crit par\" \/>\n\t<meta name=\"twitter:data1\" content=\"redazione\" \/>\n\t<meta name=\"twitter:label2\" content=\"Dur\u00e9e de lecture estim\u00e9e\" \/>\n\t<meta name=\"twitter:data2\" content=\"2 minutes\" \/>\n<script type=\"application\/ld+json\" class=\"yoast-schema-graph\">{\"@context\":\"https:\\\/\\\/schema.org\",\"@graph\":[{\"@type\":\"Article\",\"@id\":\"https:\\\/\\\/www.bellunopress.it\\\/2019\\\/04\\\/05\\\/domenica-dalle-9-alle-18-porte-aperte-alloficina-pollicino\\\/#article\",\"isPartOf\":{\"@id\":\"https:\\\/\\\/www.bellunopress.it\\\/2019\\\/04\\\/05\\\/domenica-dalle-9-alle-18-porte-aperte-alloficina-pollicino\\\/\"},\"author\":{\"name\":\"redazione\",\"@id\":\"https:\\\/\\\/www.bellunopress.it\\\/#\\\/schema\\\/person\\\/79bb06722b37ece1c03d3e94beb30d73\"},\"headline\":\"Domenica dalle 9 alle 18 porte aperte all&#8217;Oficina Pollicino\",\"datePublished\":\"2019-04-05T20:46:02+00:00\",\"mainEntityOfPage\":{\"@id\":\"https:\\\/\\\/www.bellunopress.it\\\/2019\\\/04\\\/05\\\/domenica-dalle-9-alle-18-porte-aperte-alloficina-pollicino\\\/\"},\"wordCount\":383,\"publisher\":{\"@id\":\"https:\\\/\\\/www.bellunopress.it\\\/#organization\"},\"image\":{\"@id\":\"https:\\\/\\\/www.bellunopress.it\\\/2019\\\/04\\\/05\\\/domenica-dalle-9-alle-18-porte-aperte-alloficina-pollicino\\\/#primaryimage\"},\"thumbnailUrl\":\"http:\\\/\\\/www.bellunopress.it\\\/wp-content\\\/uploads\\\/2019\\\/02\\\/Morena-Pavei.jpg\",\"articleSection\":[\"Appuntamenti, Eventi\",\"Pausa Caff\u00e8\",\"Societ\u00e0, Associazioni, Istituzioni\"],\"inLanguage\":\"fr-FR\"},{\"@type\":\"WebPage\",\"@id\":\"https:\\\/\\\/www.bellunopress.it\\\/2019\\\/04\\\/05\\\/domenica-dalle-9-alle-18-porte-aperte-alloficina-pollicino\\\/\",\"url\":\"https:\\\/\\\/www.bellunopress.it\\\/2019\\\/04\\\/05\\\/domenica-dalle-9-alle-18-porte-aperte-alloficina-pollicino\\\/\",\"name\":\"Domenica dalle 9 alle 18 porte aperte all'Oficina Pollicino - Bellunopress - Dolomiti\",\"isPartOf\":{\"@id\":\"https:\\\/\\\/www.bellunopress.it\\\/#website\"},\"primaryImageOfPage\":{\"@id\":\"https:\\\/\\\/www.bellunopress.it\\\/2019\\\/04\\\/05\\\/domenica-dalle-9-alle-18-porte-aperte-alloficina-pollicino\\\/#primaryimage\"},\"image\":{\"@id\":\"https:\\\/\\\/www.bellunopress.it\\\/2019\\\/04\\\/05\\\/domenica-dalle-9-alle-18-porte-aperte-alloficina-pollicino\\\/#primaryimage\"},\"thumbnailUrl\":\"http:\\\/\\\/www.bellunopress.it\\\/wp-content\\\/uploads\\\/2019\\\/02\\\/Morena-Pavei.jpg\",\"datePublished\":\"2019-04-05T20:46:02+00:00\",\"breadcrumb\":{\"@id\":\"https:\\\/\\\/www.bellunopress.it\\\/2019\\\/04\\\/05\\\/domenica-dalle-9-alle-18-porte-aperte-alloficina-pollicino\\\/#breadcrumb\"},\"inLanguage\":\"fr-FR\",\"potentialAction\":[{\"@type\":\"ReadAction\",\"target\":[\"https:\\\/\\\/www.bellunopress.it\\\/2019\\\/04\\\/05\\\/domenica-dalle-9-alle-18-porte-aperte-alloficina-pollicino\\\/\"]}]},{\"@type\":\"ImageObject\",\"inLanguage\":\"fr-FR\",\"@id\":\"https:\\\/\\\/www.bellunopress.it\\\/2019\\\/04\\\/05\\\/domenica-dalle-9-alle-18-porte-aperte-alloficina-pollicino\\\/#primaryimage\",\"url\":\"http:\\\/\\\/www.bellunopress.it\\\/wp-content\\\/uploads\\\/2019\\\/02\\\/Morena-Pavei.jpg\",\"contentUrl\":\"http:\\\/\\\/www.bellunopress.it\\\/wp-content\\\/uploads\\\/2019\\\/02\\\/Morena-Pavei.jpg\"},{\"@type\":\"BreadcrumbList\",\"@id\":\"https:\\\/\\\/www.bellunopress.it\\\/2019\\\/04\\\/05\\\/domenica-dalle-9-alle-18-porte-aperte-alloficina-pollicino\\\/#breadcrumb\",\"itemListElement\":[{\"@type\":\"ListItem\",\"position\":1,\"name\":\"Home\",\"item\":\"https:\\\/\\\/www.bellunopress.it\\\/\"},{\"@type\":\"ListItem\",\"position\":2,\"name\":\"Domenica dalle 9 alle 18 porte aperte all&#8217;Oficina Pollicino\"}]},{\"@type\":\"WebSite\",\"@id\":\"https:\\\/\\\/www.bellunopress.it\\\/#website\",\"url\":\"https:\\\/\\\/www.bellunopress.it\\\/\",\"name\":\"Bellunopress - Dolomiti\",\"description\":\"e-mail: redazione@bellunopress.it\",\"publisher\":{\"@id\":\"https:\\\/\\\/www.bellunopress.it\\\/#organization\"},\"potentialAction\":[{\"@type\":\"SearchAction\",\"target\":{\"@type\":\"EntryPoint\",\"urlTemplate\":\"https:\\\/\\\/www.bellunopress.it\\\/?s={search_term_string}\"},\"query-input\":{\"@type\":\"PropertyValueSpecification\",\"valueRequired\":true,\"valueName\":\"search_term_string\"}}],\"inLanguage\":\"fr-FR\"},{\"@type\":\"Organization\",\"@id\":\"https:\\\/\\\/www.bellunopress.it\\\/#organization\",\"name\":\"Bellunopress\",\"url\":\"https:\\\/\\\/www.bellunopress.it\\\/\",\"logo\":{\"@type\":\"ImageObject\",\"inLanguage\":\"fr-FR\",\"@id\":\"https:\\\/\\\/www.bellunopress.it\\\/#\\\/schema\\\/logo\\\/image\\\/\",\"url\":\"https:\\\/\\\/www.bellunopress.it\\\/wp-content\\\/uploads\\\/2011\\\/05\\\/cropped-logo-bellunopress-.jpg\",\"contentUrl\":\"https:\\\/\\\/www.bellunopress.it\\\/wp-content\\\/uploads\\\/2011\\\/05\\\/cropped-logo-bellunopress-.jpg\",\"width\":512,\"height\":512,\"caption\":\"Bellunopress\"},\"image\":{\"@id\":\"https:\\\/\\\/www.bellunopress.it\\\/#\\\/schema\\\/logo\\\/image\\\/\"},\"sameAs\":[\"https:\\\/\\\/www.facebook.com\\\/profile.php?id=100008943462799\",\"https:\\\/\\\/x.com\\\/bellunopress\",\"https:\\\/\\\/www.linkedin.com\\\/hp\\\/?dnr=JBzUWaJfMUw8vbXJJ2tVW5-I3jZKvC4wsoxE&amp;amp;amp;amp;amp;amp;trk=nav_responsive_tab_home\",\"https:\\\/\\\/www.youtube.com\\\/channel\\\/UCxL0wu1uN0_3_7hGG0306cw\"]},{\"@type\":\"Person\",\"@id\":\"https:\\\/\\\/www.bellunopress.it\\\/#\\\/schema\\\/person\\\/79bb06722b37ece1c03d3e94beb30d73\",\"name\":\"redazione\",\"image\":{\"@type\":\"ImageObject\",\"inLanguage\":\"fr-FR\",\"@id\":\"https:\\\/\\\/secure.gravatar.com\\\/avatar\\\/37d968a2e67a6fd04c169c4bdef102d0bc5d31b2546345219e348575eb80e9a0?s=96&d=mm&r=g\",\"url\":\"https:\\\/\\\/secure.gravatar.com\\\/avatar\\\/37d968a2e67a6fd04c169c4bdef102d0bc5d31b2546345219e348575eb80e9a0?s=96&d=mm&r=g\",\"contentUrl\":\"https:\\\/\\\/secure.gravatar.com\\\/avatar\\\/37d968a2e67a6fd04c169c4bdef102d0bc5d31b2546345219e348575eb80e9a0?s=96&d=mm&r=g\",\"caption\":\"redazione\"},\"sameAs\":[\"http:\\\/\\\/www.bellunopress.it\",\"https:\\\/\\\/x.com\\\/bellunopress\"],\"url\":\"https:\\\/\\\/www.bellunopress.it\\\/fr\\\/author\\\/redazione\\\/\"}]}<\/script>\n<!-- \/ Yoast SEO plugin. -->","yoast_head_json":{"title":"Domenica dalle 9 alle 18 porte aperte all'Oficina Pollicino - Bellunopress - Dolomiti","robots":{"index":"index","follow":"follow","max-snippet":"max-snippet:-1","max-image-preview":"max-image-preview:large","max-video-preview":"max-video-preview:-1"},"canonical":"https:\/\/www.bellunopress.it\/fr\/2019\/04\/05\/domenica-dalle-9-alle-18-porte-aperte-alloficina-pollicino\/","og_locale":"fr_FR","og_type":"article","og_title":"Domenica dalle 9 alle 18 porte aperte all'Oficina Pollicino - Bellunopress - Dolomiti","og_description":"Appuntamento domenica 7 aprile con &#8220;Oficina Pollicino porte aperte&#8221; presso la sede dell&#8217;associazione in via XXX Aprile a Belluno. Una giornata dedicata ai prodotti realizzati dalle splendide volontarie del Comitato Pollicino. Un momento per scoprire non solamente gli oggetti, ma soprattutto la macchina che opera nella vera realizzazione. Per la prima volta sar\u00e0 possibile vedere [&hellip;]","og_url":"https:\/\/www.bellunopress.it\/fr\/2019\/04\/05\/domenica-dalle-9-alle-18-porte-aperte-alloficina-pollicino\/","og_site_name":"Bellunopress - Dolomiti","article_publisher":"https:\/\/www.facebook.com\/profile.php?id=100008943462799","article_published_time":"2019-04-05T20:46:02+00:00","og_image":[{"url":"http:\/\/www.bellunopress.it\/wp-content\/uploads\/2019\/02\/Morena-Pavei.jpg","type":"","width":"","height":""}],"author":"redazione","twitter_card":"summary_large_image","twitter_creator":"@bellunopress","twitter_site":"@bellunopress","twitter_misc":{"\u00c9crit par":"redazione","Dur\u00e9e de lecture estim\u00e9e":"2 minutes"},"schema":{"@context":"https:\/\/schema.org","@graph":[{"@type":"Article","@id":"https:\/\/www.bellunopress.it\/2019\/04\/05\/domenica-dalle-9-alle-18-porte-aperte-alloficina-pollicino\/#article","isPartOf":{"@id":"https:\/\/www.bellunopress.it\/2019\/04\/05\/domenica-dalle-9-alle-18-porte-aperte-alloficina-pollicino\/"},"author":{"name":"redazione","@id":"https:\/\/www.bellunopress.it\/#\/schema\/person\/79bb06722b37ece1c03d3e94beb30d73"},"headline":"Domenica dalle 9 alle 18 porte aperte all&#8217;Oficina Pollicino","datePublished":"2019-04-05T20:46:02+00:00","mainEntityOfPage":{"@id":"https:\/\/www.bellunopress.it\/2019\/04\/05\/domenica-dalle-9-alle-18-porte-aperte-alloficina-pollicino\/"},"wordCount":383,"publisher":{"@id":"https:\/\/www.bellunopress.it\/#organization"},"image":{"@id":"https:\/\/www.bellunopress.it\/2019\/04\/05\/domenica-dalle-9-alle-18-porte-aperte-alloficina-pollicino\/#primaryimage"},"thumbnailUrl":"http:\/\/www.bellunopress.it\/wp-content\/uploads\/2019\/02\/Morena-Pavei.jpg","articleSection":["Appuntamenti, Eventi","Pausa Caff\u00e8","Societ\u00e0, Associazioni, Istituzioni"],"inLanguage":"fr-FR"},{"@type":"WebPage","@id":"https:\/\/www.bellunopress.it\/2019\/04\/05\/domenica-dalle-9-alle-18-porte-aperte-alloficina-pollicino\/","url":"https:\/\/www.bellunopress.it\/2019\/04\/05\/domenica-dalle-9-alle-18-porte-aperte-alloficina-pollicino\/","name":"Domenica dalle 9 alle 18 porte aperte all'Oficina Pollicino - Bellunopress - Dolomiti","isPartOf":{"@id":"https:\/\/www.bellunopress.it\/#website"},"primaryImageOfPage":{"@id":"https:\/\/www.bellunopress.it\/2019\/04\/05\/domenica-dalle-9-alle-18-porte-aperte-alloficina-pollicino\/#primaryimage"},"image":{"@id":"https:\/\/www.bellunopress.it\/2019\/04\/05\/domenica-dalle-9-alle-18-porte-aperte-alloficina-pollicino\/#primaryimage"},"thumbnailUrl":"http:\/\/www.bellunopress.it\/wp-content\/uploads\/2019\/02\/Morena-Pavei.jpg","datePublished":"2019-04-05T20:46:02+00:00","breadcrumb":{"@id":"https:\/\/www.bellunopress.it\/2019\/04\/05\/domenica-dalle-9-alle-18-porte-aperte-alloficina-pollicino\/#breadcrumb"},"inLanguage":"fr-FR","potentialAction":[{"@type":"ReadAction","target":["https:\/\/www.bellunopress.it\/2019\/04\/05\/domenica-dalle-9-alle-18-porte-aperte-alloficina-pollicino\/"]}]},{"@type":"ImageObject","inLanguage":"fr-FR","@id":"https:\/\/www.bellunopress.it\/2019\/04\/05\/domenica-dalle-9-alle-18-porte-aperte-alloficina-pollicino\/#primaryimage","url":"http:\/\/www.bellunopress.it\/wp-content\/uploads\/2019\/02\/Morena-Pavei.jpg","contentUrl":"http:\/\/www.bellunopress.it\/wp-content\/uploads\/2019\/02\/Morena-Pavei.jpg"},{"@type":"BreadcrumbList","@id":"https:\/\/www.bellunopress.it\/2019\/04\/05\/domenica-dalle-9-alle-18-porte-aperte-alloficina-pollicino\/#breadcrumb","itemListElement":[{"@type":"ListItem","position":1,"name":"Home","item":"https:\/\/www.bellunopress.it\/"},{"@type":"ListItem","position":2,"name":"Domenica dalle 9 alle 18 porte aperte all&#8217;Oficina Pollicino"}]},{"@type":"WebSite","@id":"https:\/\/www.bellunopress.it\/#website","url":"https:\/\/www.bellunopress.it\/","name":"Bellunopress - Dolomiti","description":"e-mail: redazione@bellunopress.it","publisher":{"@id":"https:\/\/www.bellunopress.it\/#organization"},"potentialAction":[{"@type":"SearchAction","target":{"@type":"EntryPoint","urlTemplate":"https:\/\/www.bellunopress.it\/?s={search_term_string}"},"query-input":{"@type":"PropertyValueSpecification","valueRequired":true,"valueName":"search_term_string"}}],"inLanguage":"fr-FR"},{"@type":"Organization","@id":"https:\/\/www.bellunopress.it\/#organization","name":"Bellunopress","url":"https:\/\/www.bellunopress.it\/","logo":{"@type":"ImageObject","inLanguage":"fr-FR","@id":"https:\/\/www.bellunopress.it\/#\/schema\/logo\/image\/","url":"https:\/\/www.bellunopress.it\/wp-content\/uploads\/2011\/05\/cropped-logo-bellunopress-.jpg","contentUrl":"https:\/\/www.bellunopress.it\/wp-content\/uploads\/2011\/05\/cropped-logo-bellunopress-.jpg","width":512,"height":512,"caption":"Bellunopress"},"image":{"@id":"https:\/\/www.bellunopress.it\/#\/schema\/logo\/image\/"},"sameAs":["https:\/\/www.facebook.com\/profile.php?id=100008943462799","https:\/\/x.com\/bellunopress","https:\/\/www.linkedin.com\/hp\/?dnr=JBzUWaJfMUw8vbXJJ2tVW5-I3jZKvC4wsoxE&amp;amp;amp;amp;amp;amp;trk=nav_responsive_tab_home","https:\/\/www.youtube.com\/channel\/UCxL0wu1uN0_3_7hGG0306cw"]},{"@type":"Person","@id":"https:\/\/www.bellunopress.it\/#\/schema\/person\/79bb06722b37ece1c03d3e94beb30d73","name":"r\u00e9daction","image":{"@type":"ImageObject","inLanguage":"fr-FR","@id":"https:\/\/secure.gravatar.com\/avatar\/37d968a2e67a6fd04c169c4bdef102d0bc5d31b2546345219e348575eb80e9a0?s=96&d=mm&r=g","url":"https:\/\/secure.gravatar.com\/avatar\/37d968a2e67a6fd04c169c4bdef102d0bc5d31b2546345219e348575eb80e9a0?s=96&d=mm&r=g","contentUrl":"https:\/\/secure.gravatar.com\/avatar\/37d968a2e67a6fd04c169c4bdef102d0bc5d31b2546345219e348575eb80e9a0?s=96&d=mm&r=g","caption":"redazione"},"sameAs":["http:\/\/www.bellunopress.it","https:\/\/x.com\/bellunopress"],"url":"https:\/\/www.bellunopress.it\/fr\/author\/redazione\/"}]}},"_links":{"self":[{"href":"https:\/\/www.bellunopress.it\/fr\/wp-json\/wp\/v2\/posts\/103556","targetHints":{"allow":["GET"]}}],"collection":[{"href":"https:\/\/www.bellunopress.it\/fr\/wp-json\/wp\/v2\/posts"}],"about":[{"href":"https:\/\/www.bellunopress.it\/fr\/wp-json\/wp\/v2\/types\/post"}],"author":[{"embeddable":true,"href":"https:\/\/www.bellunopress.it\/fr\/wp-json\/wp\/v2\/users\/2"}],"replies":[{"embeddable":true,"href":"https:\/\/www.bellunopress.it\/fr\/wp-json\/wp\/v2\/comments?post=103556"}],"version-history":[{"count":1,"href":"https:\/\/www.bellunopress.it\/fr\/wp-json\/wp\/v2\/posts\/103556\/revisions"}],"predecessor-version":[{"id":103557,"href":"https:\/\/www.bellunopress.it\/fr\/wp-json\/wp\/v2\/posts\/103556\/revisions\/103557"}],"wp:attachment":[{"href":"https:\/\/www.bellunopress.it\/fr\/wp-json\/wp\/v2\/media?parent=103556"}],"wp:term":[{"taxonomy":"category","embeddable":true,"href":"https:\/\/www.bellunopress.it\/fr\/wp-json\/wp\/v2\/categories?post=103556"},{"taxonomy":"post_tag","embeddable":true,"href":"https:\/\/www.bellunopress.it\/fr\/wp-json\/wp\/v2\/tags?post=103556"}],"curies":[{"name":"wp","href":"https:\/\/api.w.org\/{rel}","templated":true}]}}