{"id":103546,"date":"2019-04-05T16:54:23","date_gmt":"2019-04-05T14:54:23","guid":{"rendered":"http:\/\/www.bellunopress.it\/?p=103546"},"modified":"2019-04-05T16:54:24","modified_gmt":"2019-04-05T14:54:24","slug":"universo-prosecco-le-tre-denominazioni-insieme-al-vinitaly-dal-7-al-10-aprile-2019-pad-4-stand-b4-si-parlera-anche-di-temi-legati-alla-storia-alla-tutela-e-alla-sostenibilita-del-territorio","status":"publish","type":"post","link":"https:\/\/www.bellunopress.it\/fr\/2019\/04\/05\/universo-prosecco-le-tre-denominazioni-insieme-al-vinitaly-dal-7-al-10-aprile-2019-pad-4-stand-b4-si-parlera-anche-di-temi-legati-alla-storia-alla-tutela-e-alla-sostenibilita-del-territorio\/","title":{"rendered":"Universo prosecco: le tre denominazioni insieme al Vinitaly dal 7 al 10 aprile 2019 Pad 4, Stand B4. Si parler\u00e0 anche di temi legati alla storia, alla tutela e alla sostenibilit\u00e0 del territorio"},"content":{"rendered":"<p>Consorzio Vini Asolo Montello, Consorzio Tutela del Vino Conegliano Valdobbiadene Prosecco Docg e Consorzio di Tutela Prosecco DOC si presentano insieme nel nuovo stand Universo Prosecco (pad. 4 stand B4).<\/p>\n<p><a href=\"http:\/\/www.bellunopress.it\/fr\/2019\/04\/05\/universo-prosecco-le-tre-denominazioni-insieme-al-vinitaly-dal-7-al-10-aprile-2019-pad-4-stand-b4-si-parlera-anche-di-temi-legati-alla-storia-alla-tutela-e-alla-sostenibilita-del-territorio\/vino-calici-di-stelle-cortina\/\" rel=\"attachment wp-att-103547\"><img loading=\"lazy\" decoding=\"async\" class=\"alignleft size-full wp-image-103547\" src=\"http:\/\/www.bellunopress.it\/wp-content\/uploads\/2019\/04\/vino-calici-di-stelle-cortina.jpg\" alt=\"\" width=\"300\" height=\"293\" \/><\/a>Anche quest\u2019anno le tre Denominazioni hanno scelto Vinitaly per celebrare i traguardi raggiunti, che per quanto riguarda il 2018 sono andati ben oltre le attese permettendo alle tre Denominazioni di affermarsi sempre di pi\u00f9 in Italia e sui mercati internazionali, e per lanciare nuove sfide future. Per il secondo anno consecutivo, quindi, oltre alle singole e tradizionali aree espositive, sar\u00e0 allestito anche un unico spazio esperienziale comune, con l\u2019obiettivo di presentare le peculiarit\u00e0 delle tre Denominazioni, che grazie alla loro attivit\u00e0 di tutela e promozione hanno alimentato ed arricchito il successo dell\u2019eccellenza italiana.<\/p>\n<p><strong>GLI OBIETTIVI<\/strong><br \/>\nGli obiettivi della presenza in fiera di Universo Prosecco sono di continuare a narrare la complessit\u00e0 delle tre Denominazioni di origine, capace da sola di mantenere vivo l\u2019interesse degli interlocutori attraverso la ricchezza derivante dalle peculiarit\u00e0 dei territori d\u2019appartenenza, la storia, le tradizioni, l\u2019ingegno ed il saper fare delle loro popolazioni.<\/p>\n<p><strong>LO SPAZIO ESPOSITIVO<\/strong><br \/>\nUn progetto nato per raccontare le diverse strategie di posizionamento delle tre Denominazioni, delineate attraverso gli elementi valoriali che contraddistinguono le tre realt\u00e0.<br \/>\nUniverso Prosecco \u00e8 uno spazio \u201cquadri polare\u201d: tre delle quattro sezioni sono dedicate a ciascuna Denominazione, mentre la quarta, condivisa e quindi collettiva, esprime la sintesi universale.<\/p>\n<p><strong>IL PROGRAMMA<\/strong><br \/>\nNel nuovo stand si discuter\u00e0 di arte, storia e territorio, ma anche di fake news, tutela e sostenibilit\u00e0. Quattro in tutto gli incontri: tre curati da ciascun Consorzio e uno, l\u2019ultimo, che vedr\u00e0, per la seconda volta, la partecipazione di tutti e tre i Presidenti.<br \/>\nIl primo talk, in programma domenica 7 aprile alle 15.45, sar\u00e0 a cura del Consorzio Vini Asolo Montello: il giornalista del Corriere del Veneto Mauro Pigozzo indagher\u00e0 assieme al professor Marzio Favero e al Presidente di Federcultura Andrea Cancellato sul tema del mecenatismo in epoca moderna nei territori del Prosecco.<br \/>\nAlle ore 11 di luned\u00ec 8 aprile, invece, durante l\u2019incontro a cura del Consorzio di Tutela del Conegliano Valdobbiadene Prosecco Docg, si parler\u00e0 di fake news nel mondo del vino: definizione del fenomeno, come nasce e si diffonde nell\u2019epoca di internet e dei social media e quali sono gli strumenti utili per combatterlo. Interverranno Barbara Sgarzi, referente dell\u2019Associazione Parole Ostili ed esperta della tematica, Franco Carlo Guzzi e Rossella Daverio, entrambi manager e professionisti della comunicazione.<br \/>\nMarted\u00ec 9 aprile, alle ore 15.45, i Presidenti si rincontreranno e discuteranno di tutela, tema fondamentale per tutte e tre le realt\u00e0 del Sistema Prosecco, assieme al Capo Dipartimento dell\u2019ICQRF Stefano Vaccari e Giovanni Galimberti dello studio legale Bird&amp; Bird.<br \/>\nMercoled\u00ec 10 aprile alle ore 11.00 sar\u00e0 la volta del Consorzio Tutela Prosecco DOC, che interverr\u00e0 sul tema della sostenibilit\u00e0. L\u2019incontro verr\u00e0 introdotto dal responsabile Agricoltura di Legambiente Angelo Gentile. Vi parteciperanno i tre Presidenti dei Consorzi: Armando Serena, Presidente del Consorzio Vini Asolo Montello; Innocente Nardi, Presidente del Consorzio Tutela Vino Conegliano Valdobbiadene Prosecco Docg; Stefano Zanette, Presidente del Consorzio Tutela Prosecco DOC.<\/p>\n<p>&nbsp;<\/p>\n<p style=\"text-align: left;\"><strong>SLE TRE DENOMINAZIONI<\/strong><br \/>\n<strong>CONSORZIO DI TUTELA PROSECCO DOC<\/strong><br \/>\nIl Prosecco DOC, con l\u2019approvazione dei disciplinari del 2009, nasce in quattro province del Friuli Venezia Giulia: Gorizia, Pordenone, Trieste e Udine e in cinque province del Veneto, ovvero, Belluno, Vicenza, Venezia, Padova e Treviso, dove si concentra la maggiore produzione e la pi\u00f9 lunga tradizione spumantistica.<br \/>\nUna terra unica, quella del Veneto e Friuli Venezia Giulia, che, grazie al Prosecco DOC, esprime le sue eccellenze come la bellezza, il talento, l\u2019arte, il design, la storia, la creativit\u00e0 e il saper godere pienamente la vita: tutte peculiarit\u00e0, connesse allo stile di vita italiano. Una terra unica come la sua gente che si distingue per ingegno, competenza, talento e per quel \u201cmade in Italy\u201d di qualit\u00e0 grazie al quale il nostro Prosecco \u00e8 riconosciuto nel mondo come una delle migliori espressioni del genio italiano. Il Prosecco DOC, a dieci anni dal suo riconoscimento, ma con una storia produttiva ben pi\u00f9 antica, \u00e8 oggi la prima Denominazione di Origine Italiana sia a volume che a valore.<\/p>\n<p><strong>CONSORZIO VINI ASOLO MONTELLO<\/strong><br \/>\nI vini prodotti ad Asolo e sul Montello sono veri tesori da scoprire; tra essi spicca il sapido e strutturato Asolo Superiore DOCG, il pi\u00f9 raro tra le appellazioni dell\u2019Universo Prosecco. Su queste colline, accanto al vigneto prosperano ulivi, ciliegi e pascoli che parlano di integrit\u00e0 dell\u2019ambiente e di ricerca del buono; la vite cresce affondando le radici nelle marne, conglomerati argillosi dal tipico colore rosso che, modellate da millenni di erosione naturale, hanno formato doline, dolci o profonde, e forniscono il substrato in cui le viti trovano abbondanza di minerali e sostanze con cui arricchire i loro grappoli.La citt\u00e0 di Asolo, uno tra i borghi pi\u00f9 belli d\u2019Italia, \u00e8 un patrimonio di eleganza, arte, cultura e tradizione che, a seguito della frequentazione da parte di tante personalit\u00e0 di spicco da tutto il mondo, nel tempo ha assunto un suo distinto stile cosmopolita. L\u2019equilibrio di proporzioni delle numerose ville venete, inserite in armonia con la natura circostante e la loro grazia hanno permeato il gusto, non solo estetico, dei propri cittadini.<br \/>\nProprio in questo ambiente, dove l\u2019eccellenza si respira quotidianamente, i produttori dell&#8217;Asolo hanno fatto scelte coraggiose e controcorrente salvando dall\u2019estinzione alcune variet\u00e0 e vigneti storici. In tutto ci\u00f2 si inserisce dal 1985 il Consorzio Vini Asolo Montello, con obiettivi primari la salvaguardia, la promozione e la valorizzazione non solo dei propri vini bens\u00ec dell\u2019intero territorio in cui questi vengono prodotti.<\/p>\n<p><strong>CONSORZIO TUTELA DEL VINO CONEGLIANO VALDOBBIADENE<\/strong><br \/>\nA Conegliano Valdobbiadene la cultura del Prosecco Superiore \u00e8 storia, da pi\u00f9 di tre secoli consolidata nei 15 Comuni di origine della denominazione. In questo territorio vocato ed interamente collinare, il paesaggio \u00e8 caratterizzato da ripidi pendii che si alternano a dolci declivi. Le viti sono coltivate tra i 50 e i 500 metri d\u2019altitudine, sui versanti sud della fascia collinare: inverni lunghi ma non eccessivamente freddi, estati calde ma non afose. Le viti curate spesso a mano, sapientemente, dato che la natura dei terreni, con pendenze che possono arrivare al 70%, li rende inaccessibili ai mezzi meccanici. Proprio dove le colline sono pi\u00f9 ripide vengono coltivati i famosi vigneti \u201ceroici\u201d ; fino ad arrivare all\u2019apice dell\u2019eccellenza, le \u2018Rive\u2019 ed il celeberrimo Cartizze. Il Conegliano Valdobbiadene Prosecco \u00e8 una delle Denominazioni Garantite d\u2019Italia, riconoscimento riservato ai vini pi\u00f9 qualitativi e di pi\u00f9 antiche tradizioni: il Consorzio \u00e8 nato nel 1962, mentre nel 1969 veniva riconosciuta la Denominazione di Origine Controllata Prosecco di Conegliano Valdobbiadene, innalzata poi a DOCG nel 2009. A Conegliano \u00e8 attiva la pi\u00f9 antica Scuola di Enologia italiana (1876) , mentre \u00e8 la pi\u00f9 antica Strada del Vino (1966) a collegare Conegliano e Valdobbiadene<\/p>","protected":false},"excerpt":{"rendered":"<p>Consorzio Vini Asolo Montello, Consorzio Tutela del Vino Conegliano Valdobbiadene Prosecco Docg e Consorzio di Tutela Prosecco DOC si presentano insieme nel nuovo stand Universo Prosecco (pad. 4 stand B4). Anche quest\u2019anno le tre Denominazioni hanno scelto Vinitaly per celebrare i traguardi raggiunti, che per quanto riguarda il 2018 sono andati ben oltre le attese [&hellip;]<\/p>\n","protected":false},"author":2,"featured_media":0,"comment_status":"closed","ping_status":"open","sticky":false,"template":"","format":"standard","meta":{"footnotes":""},"categories":[27,3393],"tags":[],"class_list":["post-103546","post","type-post","status-publish","format-standard","category-appuntamenti","category-eventi-enogastronomici"],"yoast_head":"<!-- This site is optimized with the Yoast SEO plugin v28.4 - https:\/\/yoast.com\/product\/yoast-seo-wordpress\/ -->\n<title>Universo prosecco: le tre denominazioni insieme al Vinitaly dal 7 al 10 aprile 2019 Pad 4, Stand B4. Si parler\u00e0 anche di temi legati alla storia, alla tutela e alla sostenibilit\u00e0 del territorio - Bellunopress - Dolomiti<\/title>\n<meta name=\"robots\" content=\"index, follow, max-snippet:-1, max-image-preview:large, max-video-preview:-1\" \/>\n<link rel=\"canonical\" href=\"https:\/\/www.bellunopress.it\/fr\/2019\/04\/05\/universo-prosecco-le-tre-denominazioni-insieme-al-vinitaly-dal-7-al-10-aprile-2019-pad-4-stand-b4-si-parlera-anche-di-temi-legati-alla-storia-alla-tutela-e-alla-sostenibilita-del-territorio\/\" \/>\n<meta property=\"og:locale\" content=\"fr_FR\" \/>\n<meta property=\"og:type\" content=\"article\" \/>\n<meta property=\"og:title\" content=\"Universo prosecco: le tre denominazioni insieme al Vinitaly dal 7 al 10 aprile 2019 Pad 4, Stand B4. Si parler\u00e0 anche di temi legati alla storia, alla tutela e alla sostenibilit\u00e0 del territorio - Bellunopress - Dolomiti\" \/>\n<meta property=\"og:description\" content=\"Consorzio Vini Asolo Montello, Consorzio Tutela del Vino Conegliano Valdobbiadene Prosecco Docg e Consorzio di Tutela Prosecco DOC si presentano insieme nel nuovo stand Universo Prosecco (pad. 4 stand B4). Anche quest\u2019anno le tre Denominazioni hanno scelto Vinitaly per celebrare i traguardi raggiunti, che per quanto riguarda il 2018 sono andati ben oltre le attese [&hellip;]\" \/>\n<meta property=\"og:url\" content=\"https:\/\/www.bellunopress.it\/fr\/2019\/04\/05\/universo-prosecco-le-tre-denominazioni-insieme-al-vinitaly-dal-7-al-10-aprile-2019-pad-4-stand-b4-si-parlera-anche-di-temi-legati-alla-storia-alla-tutela-e-alla-sostenibilita-del-territorio\/\" \/>\n<meta property=\"og:site_name\" content=\"Bellunopress - Dolomiti\" \/>\n<meta property=\"article:publisher\" content=\"https:\/\/www.facebook.com\/profile.php?id=100008943462799\" \/>\n<meta property=\"article:published_time\" content=\"2019-04-05T14:54:23+00:00\" \/>\n<meta property=\"article:modified_time\" content=\"2019-04-05T14:54:24+00:00\" \/>\n<meta property=\"og:image\" content=\"http:\/\/www.bellunopress.it\/wp-content\/uploads\/2019\/04\/vino-calici-di-stelle-cortina.jpg\" \/>\n<meta name=\"author\" content=\"redazione\" \/>\n<meta name=\"twitter:card\" content=\"summary_large_image\" \/>\n<meta name=\"twitter:creator\" content=\"@bellunopress\" \/>\n<meta name=\"twitter:site\" content=\"@bellunopress\" \/>\n<meta name=\"twitter:label1\" content=\"Written by\" \/>\n\t<meta name=\"twitter:data1\" content=\"redazione\" \/>\n\t<meta name=\"twitter:label2\" content=\"Est. reading time\" \/>\n\t<meta name=\"twitter:data2\" content=\"6 minutes\" \/>\n<script type=\"application\/ld+json\" class=\"yoast-schema-graph\">{\"@context\":\"https:\\\/\\\/schema.org\",\"@graph\":[{\"@type\":\"Article\",\"@id\":\"https:\\\/\\\/www.bellunopress.it\\\/2019\\\/04\\\/05\\\/universo-prosecco-le-tre-denominazioni-insieme-al-vinitaly-dal-7-al-10-aprile-2019-pad-4-stand-b4-si-parlera-anche-di-temi-legati-alla-storia-alla-tutela-e-alla-sostenibilita-del-territorio\\\/#article\",\"isPartOf\":{\"@id\":\"https:\\\/\\\/www.bellunopress.it\\\/2019\\\/04\\\/05\\\/universo-prosecco-le-tre-denominazioni-insieme-al-vinitaly-dal-7-al-10-aprile-2019-pad-4-stand-b4-si-parlera-anche-di-temi-legati-alla-storia-alla-tutela-e-alla-sostenibilita-del-territorio\\\/\"},\"author\":{\"name\":\"redazione\",\"@id\":\"https:\\\/\\\/www.bellunopress.it\\\/#\\\/schema\\\/person\\\/79bb06722b37ece1c03d3e94beb30d73\"},\"headline\":\"Universo prosecco: le tre denominazioni insieme al Vinitaly dal 7 al 10 aprile 2019 Pad 4, Stand B4. Si parler\u00e0 anche di temi legati alla storia, alla tutela e alla sostenibilit\u00e0 del territorio\",\"datePublished\":\"2019-04-05T14:54:23+00:00\",\"dateModified\":\"2019-04-05T14:54:24+00:00\",\"mainEntityOfPage\":{\"@id\":\"https:\\\/\\\/www.bellunopress.it\\\/2019\\\/04\\\/05\\\/universo-prosecco-le-tre-denominazioni-insieme-al-vinitaly-dal-7-al-10-aprile-2019-pad-4-stand-b4-si-parlera-anche-di-temi-legati-alla-storia-alla-tutela-e-alla-sostenibilita-del-territorio\\\/\"},\"wordCount\":1141,\"publisher\":{\"@id\":\"https:\\\/\\\/www.bellunopress.it\\\/#organization\"},\"image\":{\"@id\":\"https:\\\/\\\/www.bellunopress.it\\\/2019\\\/04\\\/05\\\/universo-prosecco-le-tre-denominazioni-insieme-al-vinitaly-dal-7-al-10-aprile-2019-pad-4-stand-b4-si-parlera-anche-di-temi-legati-alla-storia-alla-tutela-e-alla-sostenibilita-del-territorio\\\/#primaryimage\"},\"thumbnailUrl\":\"http:\\\/\\\/www.bellunopress.it\\\/wp-content\\\/uploads\\\/2019\\\/04\\\/vino-calici-di-stelle-cortina.jpg\",\"articleSection\":[\"Appuntamenti, Eventi\",\"Eventi enogastronomici\"],\"inLanguage\":\"fr-FR\"},{\"@type\":\"WebPage\",\"@id\":\"https:\\\/\\\/www.bellunopress.it\\\/2019\\\/04\\\/05\\\/universo-prosecco-le-tre-denominazioni-insieme-al-vinitaly-dal-7-al-10-aprile-2019-pad-4-stand-b4-si-parlera-anche-di-temi-legati-alla-storia-alla-tutela-e-alla-sostenibilita-del-territorio\\\/\",\"url\":\"https:\\\/\\\/www.bellunopress.it\\\/2019\\\/04\\\/05\\\/universo-prosecco-le-tre-denominazioni-insieme-al-vinitaly-dal-7-al-10-aprile-2019-pad-4-stand-b4-si-parlera-anche-di-temi-legati-alla-storia-alla-tutela-e-alla-sostenibilita-del-territorio\\\/\",\"name\":\"Universo prosecco: le tre denominazioni insieme al Vinitaly dal 7 al 10 aprile 2019 Pad 4, Stand B4. Si parler\u00e0 anche di temi legati alla storia, alla tutela e alla sostenibilit\u00e0 del territorio - Bellunopress - Dolomiti\",\"isPartOf\":{\"@id\":\"https:\\\/\\\/www.bellunopress.it\\\/#website\"},\"primaryImageOfPage\":{\"@id\":\"https:\\\/\\\/www.bellunopress.it\\\/2019\\\/04\\\/05\\\/universo-prosecco-le-tre-denominazioni-insieme-al-vinitaly-dal-7-al-10-aprile-2019-pad-4-stand-b4-si-parlera-anche-di-temi-legati-alla-storia-alla-tutela-e-alla-sostenibilita-del-territorio\\\/#primaryimage\"},\"image\":{\"@id\":\"https:\\\/\\\/www.bellunopress.it\\\/2019\\\/04\\\/05\\\/universo-prosecco-le-tre-denominazioni-insieme-al-vinitaly-dal-7-al-10-aprile-2019-pad-4-stand-b4-si-parlera-anche-di-temi-legati-alla-storia-alla-tutela-e-alla-sostenibilita-del-territorio\\\/#primaryimage\"},\"thumbnailUrl\":\"http:\\\/\\\/www.bellunopress.it\\\/wp-content\\\/uploads\\\/2019\\\/04\\\/vino-calici-di-stelle-cortina.jpg\",\"datePublished\":\"2019-04-05T14:54:23+00:00\",\"dateModified\":\"2019-04-05T14:54:24+00:00\",\"breadcrumb\":{\"@id\":\"https:\\\/\\\/www.bellunopress.it\\\/2019\\\/04\\\/05\\\/universo-prosecco-le-tre-denominazioni-insieme-al-vinitaly-dal-7-al-10-aprile-2019-pad-4-stand-b4-si-parlera-anche-di-temi-legati-alla-storia-alla-tutela-e-alla-sostenibilita-del-territorio\\\/#breadcrumb\"},\"inLanguage\":\"fr-FR\",\"potentialAction\":[{\"@type\":\"ReadAction\",\"target\":[\"https:\\\/\\\/www.bellunopress.it\\\/2019\\\/04\\\/05\\\/universo-prosecco-le-tre-denominazioni-insieme-al-vinitaly-dal-7-al-10-aprile-2019-pad-4-stand-b4-si-parlera-anche-di-temi-legati-alla-storia-alla-tutela-e-alla-sostenibilita-del-territorio\\\/\"]}]},{\"@type\":\"ImageObject\",\"inLanguage\":\"fr-FR\",\"@id\":\"https:\\\/\\\/www.bellunopress.it\\\/2019\\\/04\\\/05\\\/universo-prosecco-le-tre-denominazioni-insieme-al-vinitaly-dal-7-al-10-aprile-2019-pad-4-stand-b4-si-parlera-anche-di-temi-legati-alla-storia-alla-tutela-e-alla-sostenibilita-del-territorio\\\/#primaryimage\",\"url\":\"http:\\\/\\\/www.bellunopress.it\\\/wp-content\\\/uploads\\\/2019\\\/04\\\/vino-calici-di-stelle-cortina.jpg\",\"contentUrl\":\"http:\\\/\\\/www.bellunopress.it\\\/wp-content\\\/uploads\\\/2019\\\/04\\\/vino-calici-di-stelle-cortina.jpg\"},{\"@type\":\"BreadcrumbList\",\"@id\":\"https:\\\/\\\/www.bellunopress.it\\\/2019\\\/04\\\/05\\\/universo-prosecco-le-tre-denominazioni-insieme-al-vinitaly-dal-7-al-10-aprile-2019-pad-4-stand-b4-si-parlera-anche-di-temi-legati-alla-storia-alla-tutela-e-alla-sostenibilita-del-territorio\\\/#breadcrumb\",\"itemListElement\":[{\"@type\":\"ListItem\",\"position\":1,\"name\":\"Home\",\"item\":\"https:\\\/\\\/www.bellunopress.it\\\/\"},{\"@type\":\"ListItem\",\"position\":2,\"name\":\"Universo prosecco: le tre denominazioni insieme al Vinitaly dal 7 al 10 aprile 2019 Pad 4, Stand B4. Si parler\u00e0 anche di temi legati alla storia, alla tutela e alla sostenibilit\u00e0 del territorio\"}]},{\"@type\":\"WebSite\",\"@id\":\"https:\\\/\\\/www.bellunopress.it\\\/#website\",\"url\":\"https:\\\/\\\/www.bellunopress.it\\\/\",\"name\":\"Bellunopress - Dolomiti\",\"description\":\"e-mail: redazione@bellunopress.it\",\"publisher\":{\"@id\":\"https:\\\/\\\/www.bellunopress.it\\\/#organization\"},\"potentialAction\":[{\"@type\":\"SearchAction\",\"target\":{\"@type\":\"EntryPoint\",\"urlTemplate\":\"https:\\\/\\\/www.bellunopress.it\\\/?s={search_term_string}\"},\"query-input\":{\"@type\":\"PropertyValueSpecification\",\"valueRequired\":true,\"valueName\":\"search_term_string\"}}],\"inLanguage\":\"fr-FR\"},{\"@type\":\"Organization\",\"@id\":\"https:\\\/\\\/www.bellunopress.it\\\/#organization\",\"name\":\"Bellunopress\",\"url\":\"https:\\\/\\\/www.bellunopress.it\\\/\",\"logo\":{\"@type\":\"ImageObject\",\"inLanguage\":\"fr-FR\",\"@id\":\"https:\\\/\\\/www.bellunopress.it\\\/#\\\/schema\\\/logo\\\/image\\\/\",\"url\":\"https:\\\/\\\/www.bellunopress.it\\\/wp-content\\\/uploads\\\/2011\\\/05\\\/cropped-logo-bellunopress-.jpg\",\"contentUrl\":\"https:\\\/\\\/www.bellunopress.it\\\/wp-content\\\/uploads\\\/2011\\\/05\\\/cropped-logo-bellunopress-.jpg\",\"width\":512,\"height\":512,\"caption\":\"Bellunopress\"},\"image\":{\"@id\":\"https:\\\/\\\/www.bellunopress.it\\\/#\\\/schema\\\/logo\\\/image\\\/\"},\"sameAs\":[\"https:\\\/\\\/www.facebook.com\\\/profile.php?id=100008943462799\",\"https:\\\/\\\/x.com\\\/bellunopress\",\"https:\\\/\\\/www.linkedin.com\\\/hp\\\/?dnr=JBzUWaJfMUw8vbXJJ2tVW5-I3jZKvC4wsoxE&amp;amp;amp;amp;amp;amp;trk=nav_responsive_tab_home\",\"https:\\\/\\\/www.youtube.com\\\/channel\\\/UCxL0wu1uN0_3_7hGG0306cw\"]},{\"@type\":\"Person\",\"@id\":\"https:\\\/\\\/www.bellunopress.it\\\/#\\\/schema\\\/person\\\/79bb06722b37ece1c03d3e94beb30d73\",\"name\":\"redazione\",\"image\":{\"@type\":\"ImageObject\",\"inLanguage\":\"fr-FR\",\"@id\":\"https:\\\/\\\/secure.gravatar.com\\\/avatar\\\/37d968a2e67a6fd04c169c4bdef102d0bc5d31b2546345219e348575eb80e9a0?s=96&d=mm&r=g\",\"url\":\"https:\\\/\\\/secure.gravatar.com\\\/avatar\\\/37d968a2e67a6fd04c169c4bdef102d0bc5d31b2546345219e348575eb80e9a0?s=96&d=mm&r=g\",\"contentUrl\":\"https:\\\/\\\/secure.gravatar.com\\\/avatar\\\/37d968a2e67a6fd04c169c4bdef102d0bc5d31b2546345219e348575eb80e9a0?s=96&d=mm&r=g\",\"caption\":\"redazione\"},\"sameAs\":[\"http:\\\/\\\/www.bellunopress.it\",\"https:\\\/\\\/x.com\\\/bellunopress\"],\"url\":\"https:\\\/\\\/www.bellunopress.it\\\/fr\\\/author\\\/redazione\\\/\"}]}<\/script>\n<!-- \/ Yoast SEO plugin. -->","yoast_head_json":{"title":"Universo prosecco: le tre denominazioni insieme al Vinitaly dal 7 al 10 aprile 2019 Pad 4, Stand B4. Si parler\u00e0 anche di temi legati alla storia, alla tutela e alla sostenibilit\u00e0 del territorio - Bellunopress - Dolomiti","robots":{"index":"index","follow":"follow","max-snippet":"max-snippet:-1","max-image-preview":"max-image-preview:large","max-video-preview":"max-video-preview:-1"},"canonical":"https:\/\/www.bellunopress.it\/fr\/2019\/04\/05\/universo-prosecco-le-tre-denominazioni-insieme-al-vinitaly-dal-7-al-10-aprile-2019-pad-4-stand-b4-si-parlera-anche-di-temi-legati-alla-storia-alla-tutela-e-alla-sostenibilita-del-territorio\/","og_locale":"fr_FR","og_type":"article","og_title":"Universo prosecco: le tre denominazioni insieme al Vinitaly dal 7 al 10 aprile 2019 Pad 4, Stand B4. Si parler\u00e0 anche di temi legati alla storia, alla tutela e alla sostenibilit\u00e0 del territorio - Bellunopress - Dolomiti","og_description":"Consorzio Vini Asolo Montello, Consorzio Tutela del Vino Conegliano Valdobbiadene Prosecco Docg e Consorzio di Tutela Prosecco DOC si presentano insieme nel nuovo stand Universo Prosecco (pad. 4 stand B4). Anche quest\u2019anno le tre Denominazioni hanno scelto Vinitaly per celebrare i traguardi raggiunti, che per quanto riguarda il 2018 sono andati ben oltre le attese [&hellip;]","og_url":"https:\/\/www.bellunopress.it\/fr\/2019\/04\/05\/universo-prosecco-le-tre-denominazioni-insieme-al-vinitaly-dal-7-al-10-aprile-2019-pad-4-stand-b4-si-parlera-anche-di-temi-legati-alla-storia-alla-tutela-e-alla-sostenibilita-del-territorio\/","og_site_name":"Bellunopress - Dolomiti","article_publisher":"https:\/\/www.facebook.com\/profile.php?id=100008943462799","article_published_time":"2019-04-05T14:54:23+00:00","article_modified_time":"2019-04-05T14:54:24+00:00","og_image":[{"url":"http:\/\/www.bellunopress.it\/wp-content\/uploads\/2019\/04\/vino-calici-di-stelle-cortina.jpg","type":"","width":"","height":""}],"author":"redazione","twitter_card":"summary_large_image","twitter_creator":"@bellunopress","twitter_site":"@bellunopress","twitter_misc":{"Written by":"redazione","Est. reading time":"6 minutes"},"schema":{"@context":"https:\/\/schema.org","@graph":[{"@type":"Article","@id":"https:\/\/www.bellunopress.it\/2019\/04\/05\/universo-prosecco-le-tre-denominazioni-insieme-al-vinitaly-dal-7-al-10-aprile-2019-pad-4-stand-b4-si-parlera-anche-di-temi-legati-alla-storia-alla-tutela-e-alla-sostenibilita-del-territorio\/#article","isPartOf":{"@id":"https:\/\/www.bellunopress.it\/2019\/04\/05\/universo-prosecco-le-tre-denominazioni-insieme-al-vinitaly-dal-7-al-10-aprile-2019-pad-4-stand-b4-si-parlera-anche-di-temi-legati-alla-storia-alla-tutela-e-alla-sostenibilita-del-territorio\/"},"author":{"name":"redazione","@id":"https:\/\/www.bellunopress.it\/#\/schema\/person\/79bb06722b37ece1c03d3e94beb30d73"},"headline":"Universo prosecco: le tre denominazioni insieme al Vinitaly dal 7 al 10 aprile 2019 Pad 4, Stand B4. Si parler\u00e0 anche di temi legati alla storia, alla tutela e alla sostenibilit\u00e0 del territorio","datePublished":"2019-04-05T14:54:23+00:00","dateModified":"2019-04-05T14:54:24+00:00","mainEntityOfPage":{"@id":"https:\/\/www.bellunopress.it\/2019\/04\/05\/universo-prosecco-le-tre-denominazioni-insieme-al-vinitaly-dal-7-al-10-aprile-2019-pad-4-stand-b4-si-parlera-anche-di-temi-legati-alla-storia-alla-tutela-e-alla-sostenibilita-del-territorio\/"},"wordCount":1141,"publisher":{"@id":"https:\/\/www.bellunopress.it\/#organization"},"image":{"@id":"https:\/\/www.bellunopress.it\/2019\/04\/05\/universo-prosecco-le-tre-denominazioni-insieme-al-vinitaly-dal-7-al-10-aprile-2019-pad-4-stand-b4-si-parlera-anche-di-temi-legati-alla-storia-alla-tutela-e-alla-sostenibilita-del-territorio\/#primaryimage"},"thumbnailUrl":"http:\/\/www.bellunopress.it\/wp-content\/uploads\/2019\/04\/vino-calici-di-stelle-cortina.jpg","articleSection":["Appuntamenti, Eventi","Eventi enogastronomici"],"inLanguage":"fr-FR"},{"@type":"WebPage","@id":"https:\/\/www.bellunopress.it\/2019\/04\/05\/universo-prosecco-le-tre-denominazioni-insieme-al-vinitaly-dal-7-al-10-aprile-2019-pad-4-stand-b4-si-parlera-anche-di-temi-legati-alla-storia-alla-tutela-e-alla-sostenibilita-del-territorio\/","url":"https:\/\/www.bellunopress.it\/2019\/04\/05\/universo-prosecco-le-tre-denominazioni-insieme-al-vinitaly-dal-7-al-10-aprile-2019-pad-4-stand-b4-si-parlera-anche-di-temi-legati-alla-storia-alla-tutela-e-alla-sostenibilita-del-territorio\/","name":"Universo prosecco: le tre denominazioni insieme al Vinitaly dal 7 al 10 aprile 2019 Pad 4, Stand B4. Si parler\u00e0 anche di temi legati alla storia, alla tutela e alla sostenibilit\u00e0 del territorio - Bellunopress - Dolomiti","isPartOf":{"@id":"https:\/\/www.bellunopress.it\/#website"},"primaryImageOfPage":{"@id":"https:\/\/www.bellunopress.it\/2019\/04\/05\/universo-prosecco-le-tre-denominazioni-insieme-al-vinitaly-dal-7-al-10-aprile-2019-pad-4-stand-b4-si-parlera-anche-di-temi-legati-alla-storia-alla-tutela-e-alla-sostenibilita-del-territorio\/#primaryimage"},"image":{"@id":"https:\/\/www.bellunopress.it\/2019\/04\/05\/universo-prosecco-le-tre-denominazioni-insieme-al-vinitaly-dal-7-al-10-aprile-2019-pad-4-stand-b4-si-parlera-anche-di-temi-legati-alla-storia-alla-tutela-e-alla-sostenibilita-del-territorio\/#primaryimage"},"thumbnailUrl":"http:\/\/www.bellunopress.it\/wp-content\/uploads\/2019\/04\/vino-calici-di-stelle-cortina.jpg","datePublished":"2019-04-05T14:54:23+00:00","dateModified":"2019-04-05T14:54:24+00:00","breadcrumb":{"@id":"https:\/\/www.bellunopress.it\/2019\/04\/05\/universo-prosecco-le-tre-denominazioni-insieme-al-vinitaly-dal-7-al-10-aprile-2019-pad-4-stand-b4-si-parlera-anche-di-temi-legati-alla-storia-alla-tutela-e-alla-sostenibilita-del-territorio\/#breadcrumb"},"inLanguage":"fr-FR","potentialAction":[{"@type":"ReadAction","target":["https:\/\/www.bellunopress.it\/2019\/04\/05\/universo-prosecco-le-tre-denominazioni-insieme-al-vinitaly-dal-7-al-10-aprile-2019-pad-4-stand-b4-si-parlera-anche-di-temi-legati-alla-storia-alla-tutela-e-alla-sostenibilita-del-territorio\/"]}]},{"@type":"ImageObject","inLanguage":"fr-FR","@id":"https:\/\/www.bellunopress.it\/2019\/04\/05\/universo-prosecco-le-tre-denominazioni-insieme-al-vinitaly-dal-7-al-10-aprile-2019-pad-4-stand-b4-si-parlera-anche-di-temi-legati-alla-storia-alla-tutela-e-alla-sostenibilita-del-territorio\/#primaryimage","url":"http:\/\/www.bellunopress.it\/wp-content\/uploads\/2019\/04\/vino-calici-di-stelle-cortina.jpg","contentUrl":"http:\/\/www.bellunopress.it\/wp-content\/uploads\/2019\/04\/vino-calici-di-stelle-cortina.jpg"},{"@type":"BreadcrumbList","@id":"https:\/\/www.bellunopress.it\/2019\/04\/05\/universo-prosecco-le-tre-denominazioni-insieme-al-vinitaly-dal-7-al-10-aprile-2019-pad-4-stand-b4-si-parlera-anche-di-temi-legati-alla-storia-alla-tutela-e-alla-sostenibilita-del-territorio\/#breadcrumb","itemListElement":[{"@type":"ListItem","position":1,"name":"Home","item":"https:\/\/www.bellunopress.it\/"},{"@type":"ListItem","position":2,"name":"Universo prosecco: le tre denominazioni insieme al Vinitaly dal 7 al 10 aprile 2019 Pad 4, Stand B4. Si parler\u00e0 anche di temi legati alla storia, alla tutela e alla sostenibilit\u00e0 del territorio"}]},{"@type":"WebSite","@id":"https:\/\/www.bellunopress.it\/#website","url":"https:\/\/www.bellunopress.it\/","name":"Bellunopress - Dolomiti","description":"e-mail: redazione@bellunopress.it","publisher":{"@id":"https:\/\/www.bellunopress.it\/#organization"},"potentialAction":[{"@type":"SearchAction","target":{"@type":"EntryPoint","urlTemplate":"https:\/\/www.bellunopress.it\/?s={search_term_string}"},"query-input":{"@type":"PropertyValueSpecification","valueRequired":true,"valueName":"search_term_string"}}],"inLanguage":"fr-FR"},{"@type":"Organization","@id":"https:\/\/www.bellunopress.it\/#organization","name":"Bellunopress","url":"https:\/\/www.bellunopress.it\/","logo":{"@type":"ImageObject","inLanguage":"fr-FR","@id":"https:\/\/www.bellunopress.it\/#\/schema\/logo\/image\/","url":"https:\/\/www.bellunopress.it\/wp-content\/uploads\/2011\/05\/cropped-logo-bellunopress-.jpg","contentUrl":"https:\/\/www.bellunopress.it\/wp-content\/uploads\/2011\/05\/cropped-logo-bellunopress-.jpg","width":512,"height":512,"caption":"Bellunopress"},"image":{"@id":"https:\/\/www.bellunopress.it\/#\/schema\/logo\/image\/"},"sameAs":["https:\/\/www.facebook.com\/profile.php?id=100008943462799","https:\/\/x.com\/bellunopress","https:\/\/www.linkedin.com\/hp\/?dnr=JBzUWaJfMUw8vbXJJ2tVW5-I3jZKvC4wsoxE&amp;amp;amp;amp;amp;amp;trk=nav_responsive_tab_home","https:\/\/www.youtube.com\/channel\/UCxL0wu1uN0_3_7hGG0306cw"]},{"@type":"Person","@id":"https:\/\/www.bellunopress.it\/#\/schema\/person\/79bb06722b37ece1c03d3e94beb30d73","name":"r\u00e9daction","image":{"@type":"ImageObject","inLanguage":"fr-FR","@id":"https:\/\/secure.gravatar.com\/avatar\/37d968a2e67a6fd04c169c4bdef102d0bc5d31b2546345219e348575eb80e9a0?s=96&d=mm&r=g","url":"https:\/\/secure.gravatar.com\/avatar\/37d968a2e67a6fd04c169c4bdef102d0bc5d31b2546345219e348575eb80e9a0?s=96&d=mm&r=g","contentUrl":"https:\/\/secure.gravatar.com\/avatar\/37d968a2e67a6fd04c169c4bdef102d0bc5d31b2546345219e348575eb80e9a0?s=96&d=mm&r=g","caption":"redazione"},"sameAs":["http:\/\/www.bellunopress.it","https:\/\/x.com\/bellunopress"],"url":"https:\/\/www.bellunopress.it\/fr\/author\/redazione\/"}]}},"_links":{"self":[{"href":"https:\/\/www.bellunopress.it\/fr\/wp-json\/wp\/v2\/posts\/103546","targetHints":{"allow":["GET"]}}],"collection":[{"href":"https:\/\/www.bellunopress.it\/fr\/wp-json\/wp\/v2\/posts"}],"about":[{"href":"https:\/\/www.bellunopress.it\/fr\/wp-json\/wp\/v2\/types\/post"}],"author":[{"embeddable":true,"href":"https:\/\/www.bellunopress.it\/fr\/wp-json\/wp\/v2\/users\/2"}],"replies":[{"embeddable":true,"href":"https:\/\/www.bellunopress.it\/fr\/wp-json\/wp\/v2\/comments?post=103546"}],"version-history":[{"count":2,"href":"https:\/\/www.bellunopress.it\/fr\/wp-json\/wp\/v2\/posts\/103546\/revisions"}],"predecessor-version":[{"id":103549,"href":"https:\/\/www.bellunopress.it\/fr\/wp-json\/wp\/v2\/posts\/103546\/revisions\/103549"}],"wp:attachment":[{"href":"https:\/\/www.bellunopress.it\/fr\/wp-json\/wp\/v2\/media?parent=103546"}],"wp:term":[{"taxonomy":"category","embeddable":true,"href":"https:\/\/www.bellunopress.it\/fr\/wp-json\/wp\/v2\/categories?post=103546"},{"taxonomy":"post_tag","embeddable":true,"href":"https:\/\/www.bellunopress.it\/fr\/wp-json\/wp\/v2\/tags?post=103546"}],"curies":[{"name":"wp","href":"https:\/\/api.w.org\/{rel}","templated":true}]}}