{"id":103538,"date":"2019-04-05T12:09:29","date_gmt":"2019-04-05T10:09:29","guid":{"rendered":"http:\/\/www.bellunopress.it\/?p=103538"},"modified":"2019-04-05T12:09:29","modified_gmt":"2019-04-05T10:09:29","slug":"intervista-a-roberto-padrin-candidato-sindaco-a-longarone","status":"publish","type":"post","link":"https:\/\/www.bellunopress.it\/fr\/2019\/04\/05\/intervista-a-roberto-padrin-candidato-sindaco-a-longarone\/","title":{"rendered":"Intervista a Roberto Padrin, candidato sindaco a Longarone"},"content":{"rendered":"<figure id=\"attachment_100912\" aria-describedby=\"caption-attachment-100912\" style=\"width: 243px\" class=\"wp-caption alignleft\"><a href=\"http:\/\/www.bellunopress.it\/fr\/2019\/01\/03\/la-valle-del-grisol-non-si-tocca-padrin-la-cassazione-ha-deciso-lannullamento-totale-della-concessione-di-prelievo-idrico-per-fini-idroelettrici\/roberto-padrin-3\/\" rel=\"attachment wp-att-100912\"><img loading=\"lazy\" decoding=\"async\" class=\"size-full wp-image-100912\" src=\"http:\/\/www.bellunopress.it\/wp-content\/uploads\/2019\/01\/roberto-padrin.jpg\" alt=\"\" width=\"243\" height=\"300\" \/><\/a><figcaption id=\"caption-attachment-100912\" class=\"wp-caption-text\">Roberto Padrin, sindaco di Longarone e presidente della Provincia<\/figcaption><\/figure>\n<p align=\"LEFT\">Mancano meno di due mesi alla tornata elettorale amministrativa nella quale \u00e8 chiamato al rinnovo del Consiglio Comunale e all&#8217;elezione del sindaco anche il Comune di Longarone, che ci arriva dopo aver sperimentato, per primo nella nostra Provincia insieme a Quero-Vas, un percorso post fusione con il Comune di Castellavazzo.<\/p>\n<p align=\"LEFT\">Ne parliamo con il primo sindaco del nuovo Comune di Longarone, Roberto Padrin.<\/p>\n<p align=\"LEFT\"><strong>Come ha vissuto questa esperienza e, se emerse, quali sono state le maggiori positivit\u00e0 rilevate e le difficolt\u00e0 incontrate?<\/strong><\/p>\n<p align=\"LEFT\">\u201cPi\u00f9 che di difficolt\u00e0 parlerei di impegno. Il percorso \u00e8 stato lungo e complesso dato che era stato avviato gi\u00e0 nel 2007 dagli allora Sindaci, De Cesero, Roccon e Sacchet, con un\u2019eccellente preparazione del progetto. Alla fine Ospitale si \u00e8 defilato, ma credo che col tempo comprender\u00e0 la virtuosit\u00e0 offerta dalla partecipazione ad una aggregazione pi\u00f9 ampia. La comunit\u00e0 ha ormai compreso il valore dell&#8217;opportunit\u00e0 che ha saputo cogliere con un voto plebiscitario al referendum del 2014, e per me \u00e8 stata un&#8217;esperienza straordinaria che ancora sto vivendo quando mi si chiede di portare un contributo in altre realt\u00e0 che stanno preparando, analogamente a noi, una fusione costruttiva per storia e affinit\u00e0 sociali e culturali\u201d.<\/p>\n<p align=\"LEFT\"><strong>Dunque lei consiglierebbe anche ad altri Comuni dei processi di aggregazione, di fusione. Nel qual caso in quale ottica di miglioramento dell&#8217;attivit\u00e0 amministrativa e della resa dei servizi, in particolare?<\/strong><\/p>\n<p align=\"LEFT\">\u201cCerto che s\u00ec. L&#8217;attivit\u00e0 amministrativa ne guadagna attraverso economie di scala, maggior peso politico e, soprattutto, di questi tempi, risorse che permettono di affrontare la \u201cstretta\u201d finanziaria, ormai strutturale, dei trasferimenti statali verso gli enti locali. Un percorso di valutazione di questa scelta che ho sempre definito una grande opportunit\u00e0, va fatto\u201d.<\/p>\n<p align=\"LEFT\"><strong>Lei si ricandida?<\/strong><\/p>\n<p align=\"LEFT\">\u201cS\u00ec. Non posso tirarmi indietro, anche se la fatica \u00e8 tanta, ma \u00e8 tanta anche la soddisfazione quando riusciamo a cogliere gli obiettivi messi in programma. Lo esprimo al plurale perch\u00e9 \u00e8 frutto di un \u201cgioco di squadra\u201d e, per questo ho trovato degli eccellenti compagni che mi hanno accompagnato, collegialmente, in ogni decisione. Una squadra che mi chiede di continuare nel mio impegno verso la comunit\u00e0. C&#8217;\u00e8 da completare la realizzazione di opere pubbliche gi\u00e0 finanziate che solo la burocrazia, ormai, ci impedisce di cantierare come vorremmo. C&#8217;\u00e8 da assicurare il raggiungimento della omogeneit\u00e0 territoriale in termini di servizi, ancora da uguagliare tra prima e dopo fusione\u201d.<\/p>\n<p align=\"LEFT\"><strong>Quali sono gli stimoli che percepisce ancora dopo aver dato prova di una cos\u00ec intensa attivit\u00e0 amministrativa?<\/strong><\/p>\n<p align=\"LEFT\">\u201cLa continuit\u00e0 nel perseguimento di obiettivi che fanno parte di una pianificazione partita dal coraggio del mio predecessore, Pierluigi De Cesero, che ha avviato, a Longarone, il cambiamento con molta determinazione. Il nostro \u00e8 stato un progetto nel lungo periodo e, come sempre, quando c&#8217;\u00e8 continuit\u00e0 i risultati, poi, arrivano. Inoltre, fare il Sindaco del proprio paese \u00e8 anche una grande soddisfazione personale e io ci metto impegno ed entusiasmo in ogni ambito che affronto: fa parte del mio carattere. Pur rendendomi conto delle responsabilit\u00e0, ho ormai acquisito un&#8217;esperienza che mi permette di gestire bene anche le situazioni pi\u00f9 critiche, come mi \u00e8 capitato in occasione dell&#8217;emergenza dovuta alle piogge devastanti di fine ottobre, l\u00e0 dove, da Presidente della Provincia, ho avuto l&#8217;opportunit\u00e0 di mettere a frutto il ruolo a favore del nostro territorio e di coordinare le criticit\u00e0 vissute dai nostri cittadini minuto per minuto, con decisioni condivise e indifferibili quali la chiusura degli stabilimenti durante quel pauroso pomeriggio del 29 ottobre. Un&#8217;esperienza forte, anche emotivamente, nella quale ho potuto apprezzare ancora una volta la partecipazione, la concretezza e la solidariet\u00e0 dei longaronesi, tutte \u201ccuore e carattere\u201d. No, non posso abbandonare, ci sono ancora troppi obiettivi da raggiungere!\u201d<\/p>\n<p align=\"LEFT\"><strong>Per questo le facciamo tanti auguri, ma cosa pu\u00f2 aspettarsi ancora la comunit\u00e0 di Longarone dal sindaco Padrin?<\/strong><\/p>\n<p align=\"LEFT\">\u201cIl consueto impegno, ma soprattutto la concretizzazione di alcuni punti programmatici estremamente importanti: una nuova casa di riposo, in linea con le esigenze richieste dagli standard pi\u00f9 moderni; solo per\u00f2 passando attraverso la riqualificazione di quella esistente; l&#8217;affermazione di un \u201csistema commercio\u201d, innovativo nel nostro Comune, a partire dal capoluogo; spingere ancora pi\u00f9 in alto l&#8217;asticella della capacit\u00e0 di rendere servizi di eccellenza in ambito sociale e sanitario (l\u2019Utap e il nuovo distretto sanitario sono un progetto virtuoso unico e apprezzato); superare i \u201cnodi\u201d critici della viabilit\u00e0; migliorare la mobilit\u00e0 comunale interna; avviare un politica contributiva e di tassazione pi\u00f9 selettiva a favore di una maggiore equit\u00e0 fiscale; sostenere i giovani nella formazione e assicurare l&#8217;apertura del territorio a nuovi arrivi residenziali che Longarone pu\u00f2 offrire a pi\u00f9 di 5.300 abitanti<span style=\"color: #000000;\"><span style=\"font-family: Arial, serif;\">\u201d.<\/span><\/span><\/p>\n<p align=\"LEFT\"><strong>Squadra che vince non si cambia o ritiene di promuovere un rinnovamento nel gruppo che sta definendo?<\/strong><\/p>\n<p align=\"LEFT\">\u201cPurtroppo ci tocca ripartire con un abbandono importante. Ci mancher\u00e0 Sonia Salvador, che nel suo incarico di Vice Sindaco ha svolto un ruolo di equilibrio e di raccordo con la comunit\u00e0 di Castellavazzo, della quale era stata Sindaco prima della costituzione del nuovo Comune. D&#8217;altronde, Sonia, ha altre attivit\u00e0 da seguire a cui \u00e8 comprensibile vi si debba dedicare. La sua mancanza si far\u00e0 sentire. Resto convinto, tuttavia, che non mancher\u00e0 nello starci vicino. Per quanto riguarda un possibile rinnovamento, questo, \u00e8 nell&#8217;ordine delle cose, ma in senso estensivo. Non ci saranno abbandoni per stanchezza. Le new entry porteranno nuova linfa, non c&#8217;\u00e8 dubbio\u201d.<\/p>\n<p align=\"LEFT\"><strong>Ultima domanda, Sindaco, continua sotto il segno della civicit\u00e0 o accoglie le richieste dei soggetti politici che, a quanto ci risulta, ambirebbero a sostenerla?<\/strong><\/p>\n<p align=\"LEFT\">\u201cHo sempre ritenuto il \u201csenso civico\u201d e quindi la sua rappresentazione pubblica, un valore importantissimo. Oggi sempre pi\u00f9 raro, purtroppo. Non ci sono pi\u00f9 ideologie alla base dell&#8217;iniziativa politica per quanto riguarda schieramenti precostituiti, per cui credo che il coinvolgimento civico, fondato su un concetto di \u201cpolitica concreta\u201d sviluppi meglio le risposte da parte di chi si interessa dell&#8217;amministrazione pubblica\u201d.<\/p>","protected":false},"excerpt":{"rendered":"<p>Mancano meno di due mesi alla tornata elettorale amministrativa nella quale \u00e8 chiamato al rinnovo del Consiglio Comunale e all&#8217;elezione del sindaco anche il Comune di Longarone, che ci arriva dopo aver sperimentato, per primo nella nostra Provincia insieme a Quero-Vas, un percorso post fusione con il Comune di Castellavazzo. Ne parliamo con il primo [&hellip;]<\/p>\n","protected":false},"author":2,"featured_media":0,"comment_status":"closed","ping_status":"open","sticky":false,"template":"","format":"standard","meta":{"footnotes":""},"categories":[1],"tags":[],"class_list":["post-103538","post","type-post","status-publish","format-standard","category-leo"],"yoast_head":"<!-- This site is optimized with the Yoast SEO plugin v28.4 - https:\/\/yoast.com\/product\/yoast-seo-wordpress\/ -->\n<title>Intervista a Roberto Padrin, candidato sindaco a Longarone - Bellunopress - Dolomiti<\/title>\n<meta name=\"robots\" content=\"index, follow, max-snippet:-1, max-image-preview:large, max-video-preview:-1\" \/>\n<link rel=\"canonical\" href=\"https:\/\/www.bellunopress.it\/fr\/2019\/04\/05\/intervista-a-roberto-padrin-candidato-sindaco-a-longarone\/\" \/>\n<meta property=\"og:locale\" content=\"fr_FR\" \/>\n<meta property=\"og:type\" content=\"article\" \/>\n<meta property=\"og:title\" content=\"Intervista a Roberto Padrin, candidato sindaco a Longarone - Bellunopress - Dolomiti\" \/>\n<meta property=\"og:description\" content=\"Mancano meno di due mesi alla tornata elettorale amministrativa nella quale \u00e8 chiamato al rinnovo del Consiglio Comunale e all&#8217;elezione del sindaco anche il Comune di Longarone, che ci arriva dopo aver sperimentato, per primo nella nostra Provincia insieme a Quero-Vas, un percorso post fusione con il Comune di Castellavazzo. Ne parliamo con il primo [&hellip;]\" \/>\n<meta property=\"og:url\" content=\"https:\/\/www.bellunopress.it\/fr\/2019\/04\/05\/intervista-a-roberto-padrin-candidato-sindaco-a-longarone\/\" \/>\n<meta property=\"og:site_name\" content=\"Bellunopress - Dolomiti\" \/>\n<meta property=\"article:publisher\" content=\"https:\/\/www.facebook.com\/profile.php?id=100008943462799\" \/>\n<meta property=\"article:published_time\" content=\"2019-04-05T10:09:29+00:00\" \/>\n<meta property=\"og:image\" content=\"http:\/\/www.bellunopress.it\/wp-content\/uploads\/2019\/01\/roberto-padrin.jpg\" \/>\n<meta name=\"author\" content=\"redazione\" \/>\n<meta name=\"twitter:card\" content=\"summary_large_image\" \/>\n<meta name=\"twitter:creator\" content=\"@bellunopress\" \/>\n<meta name=\"twitter:site\" content=\"@bellunopress\" \/>\n<meta name=\"twitter:label1\" content=\"\u00c9crit par\" \/>\n\t<meta name=\"twitter:data1\" content=\"redazione\" \/>\n\t<meta name=\"twitter:label2\" content=\"Dur\u00e9e de lecture estim\u00e9e\" \/>\n\t<meta name=\"twitter:data2\" content=\"5 minutes\" \/>\n<script type=\"application\/ld+json\" class=\"yoast-schema-graph\">{\"@context\":\"https:\\\/\\\/schema.org\",\"@graph\":[{\"@type\":\"Article\",\"@id\":\"https:\\\/\\\/www.bellunopress.it\\\/2019\\\/04\\\/05\\\/intervista-a-roberto-padrin-candidato-sindaco-a-longarone\\\/#article\",\"isPartOf\":{\"@id\":\"https:\\\/\\\/www.bellunopress.it\\\/2019\\\/04\\\/05\\\/intervista-a-roberto-padrin-candidato-sindaco-a-longarone\\\/\"},\"author\":{\"name\":\"redazione\",\"@id\":\"https:\\\/\\\/www.bellunopress.it\\\/#\\\/schema\\\/person\\\/79bb06722b37ece1c03d3e94beb30d73\"},\"headline\":\"Intervista a Roberto Padrin, candidato sindaco a Longarone\",\"datePublished\":\"2019-04-05T10:09:29+00:00\",\"mainEntityOfPage\":{\"@id\":\"https:\\\/\\\/www.bellunopress.it\\\/2019\\\/04\\\/05\\\/intervista-a-roberto-padrin-candidato-sindaco-a-longarone\\\/\"},\"wordCount\":986,\"publisher\":{\"@id\":\"https:\\\/\\\/www.bellunopress.it\\\/#organization\"},\"image\":{\"@id\":\"https:\\\/\\\/www.bellunopress.it\\\/2019\\\/04\\\/05\\\/intervista-a-roberto-padrin-candidato-sindaco-a-longarone\\\/#primaryimage\"},\"thumbnailUrl\":\"http:\\\/\\\/www.bellunopress.it\\\/wp-content\\\/uploads\\\/2019\\\/01\\\/roberto-padrin.jpg\",\"articleSection\":[\"Lettere Opinioni\"],\"inLanguage\":\"fr-FR\"},{\"@type\":\"WebPage\",\"@id\":\"https:\\\/\\\/www.bellunopress.it\\\/2019\\\/04\\\/05\\\/intervista-a-roberto-padrin-candidato-sindaco-a-longarone\\\/\",\"url\":\"https:\\\/\\\/www.bellunopress.it\\\/2019\\\/04\\\/05\\\/intervista-a-roberto-padrin-candidato-sindaco-a-longarone\\\/\",\"name\":\"Intervista a Roberto Padrin, candidato sindaco a Longarone - Bellunopress - Dolomiti\",\"isPartOf\":{\"@id\":\"https:\\\/\\\/www.bellunopress.it\\\/#website\"},\"primaryImageOfPage\":{\"@id\":\"https:\\\/\\\/www.bellunopress.it\\\/2019\\\/04\\\/05\\\/intervista-a-roberto-padrin-candidato-sindaco-a-longarone\\\/#primaryimage\"},\"image\":{\"@id\":\"https:\\\/\\\/www.bellunopress.it\\\/2019\\\/04\\\/05\\\/intervista-a-roberto-padrin-candidato-sindaco-a-longarone\\\/#primaryimage\"},\"thumbnailUrl\":\"http:\\\/\\\/www.bellunopress.it\\\/wp-content\\\/uploads\\\/2019\\\/01\\\/roberto-padrin.jpg\",\"datePublished\":\"2019-04-05T10:09:29+00:00\",\"breadcrumb\":{\"@id\":\"https:\\\/\\\/www.bellunopress.it\\\/2019\\\/04\\\/05\\\/intervista-a-roberto-padrin-candidato-sindaco-a-longarone\\\/#breadcrumb\"},\"inLanguage\":\"fr-FR\",\"potentialAction\":[{\"@type\":\"ReadAction\",\"target\":[\"https:\\\/\\\/www.bellunopress.it\\\/2019\\\/04\\\/05\\\/intervista-a-roberto-padrin-candidato-sindaco-a-longarone\\\/\"]}]},{\"@type\":\"ImageObject\",\"inLanguage\":\"fr-FR\",\"@id\":\"https:\\\/\\\/www.bellunopress.it\\\/2019\\\/04\\\/05\\\/intervista-a-roberto-padrin-candidato-sindaco-a-longarone\\\/#primaryimage\",\"url\":\"http:\\\/\\\/www.bellunopress.it\\\/wp-content\\\/uploads\\\/2019\\\/01\\\/roberto-padrin.jpg\",\"contentUrl\":\"http:\\\/\\\/www.bellunopress.it\\\/wp-content\\\/uploads\\\/2019\\\/01\\\/roberto-padrin.jpg\"},{\"@type\":\"BreadcrumbList\",\"@id\":\"https:\\\/\\\/www.bellunopress.it\\\/2019\\\/04\\\/05\\\/intervista-a-roberto-padrin-candidato-sindaco-a-longarone\\\/#breadcrumb\",\"itemListElement\":[{\"@type\":\"ListItem\",\"position\":1,\"name\":\"Home\",\"item\":\"https:\\\/\\\/www.bellunopress.it\\\/\"},{\"@type\":\"ListItem\",\"position\":2,\"name\":\"Intervista a Roberto Padrin, candidato sindaco a Longarone\"}]},{\"@type\":\"WebSite\",\"@id\":\"https:\\\/\\\/www.bellunopress.it\\\/#website\",\"url\":\"https:\\\/\\\/www.bellunopress.it\\\/\",\"name\":\"Bellunopress - Dolomiti\",\"description\":\"e-mail: redazione@bellunopress.it\",\"publisher\":{\"@id\":\"https:\\\/\\\/www.bellunopress.it\\\/#organization\"},\"potentialAction\":[{\"@type\":\"SearchAction\",\"target\":{\"@type\":\"EntryPoint\",\"urlTemplate\":\"https:\\\/\\\/www.bellunopress.it\\\/?s={search_term_string}\"},\"query-input\":{\"@type\":\"PropertyValueSpecification\",\"valueRequired\":true,\"valueName\":\"search_term_string\"}}],\"inLanguage\":\"fr-FR\"},{\"@type\":\"Organization\",\"@id\":\"https:\\\/\\\/www.bellunopress.it\\\/#organization\",\"name\":\"Bellunopress\",\"url\":\"https:\\\/\\\/www.bellunopress.it\\\/\",\"logo\":{\"@type\":\"ImageObject\",\"inLanguage\":\"fr-FR\",\"@id\":\"https:\\\/\\\/www.bellunopress.it\\\/#\\\/schema\\\/logo\\\/image\\\/\",\"url\":\"https:\\\/\\\/www.bellunopress.it\\\/wp-content\\\/uploads\\\/2011\\\/05\\\/cropped-logo-bellunopress-.jpg\",\"contentUrl\":\"https:\\\/\\\/www.bellunopress.it\\\/wp-content\\\/uploads\\\/2011\\\/05\\\/cropped-logo-bellunopress-.jpg\",\"width\":512,\"height\":512,\"caption\":\"Bellunopress\"},\"image\":{\"@id\":\"https:\\\/\\\/www.bellunopress.it\\\/#\\\/schema\\\/logo\\\/image\\\/\"},\"sameAs\":[\"https:\\\/\\\/www.facebook.com\\\/profile.php?id=100008943462799\",\"https:\\\/\\\/x.com\\\/bellunopress\",\"https:\\\/\\\/www.linkedin.com\\\/hp\\\/?dnr=JBzUWaJfMUw8vbXJJ2tVW5-I3jZKvC4wsoxE&amp;amp;amp;amp;amp;amp;trk=nav_responsive_tab_home\",\"https:\\\/\\\/www.youtube.com\\\/channel\\\/UCxL0wu1uN0_3_7hGG0306cw\"]},{\"@type\":\"Person\",\"@id\":\"https:\\\/\\\/www.bellunopress.it\\\/#\\\/schema\\\/person\\\/79bb06722b37ece1c03d3e94beb30d73\",\"name\":\"redazione\",\"image\":{\"@type\":\"ImageObject\",\"inLanguage\":\"fr-FR\",\"@id\":\"https:\\\/\\\/secure.gravatar.com\\\/avatar\\\/37d968a2e67a6fd04c169c4bdef102d0bc5d31b2546345219e348575eb80e9a0?s=96&d=mm&r=g\",\"url\":\"https:\\\/\\\/secure.gravatar.com\\\/avatar\\\/37d968a2e67a6fd04c169c4bdef102d0bc5d31b2546345219e348575eb80e9a0?s=96&d=mm&r=g\",\"contentUrl\":\"https:\\\/\\\/secure.gravatar.com\\\/avatar\\\/37d968a2e67a6fd04c169c4bdef102d0bc5d31b2546345219e348575eb80e9a0?s=96&d=mm&r=g\",\"caption\":\"redazione\"},\"sameAs\":[\"http:\\\/\\\/www.bellunopress.it\",\"https:\\\/\\\/x.com\\\/bellunopress\"],\"url\":\"https:\\\/\\\/www.bellunopress.it\\\/fr\\\/author\\\/redazione\\\/\"}]}<\/script>\n<!-- \/ Yoast SEO plugin. -->","yoast_head_json":{"title":"Intervista a Roberto Padrin, candidato sindaco a Longarone - Bellunopress - Dolomiti","robots":{"index":"index","follow":"follow","max-snippet":"max-snippet:-1","max-image-preview":"max-image-preview:large","max-video-preview":"max-video-preview:-1"},"canonical":"https:\/\/www.bellunopress.it\/fr\/2019\/04\/05\/intervista-a-roberto-padrin-candidato-sindaco-a-longarone\/","og_locale":"fr_FR","og_type":"article","og_title":"Intervista a Roberto Padrin, candidato sindaco a Longarone - Bellunopress - Dolomiti","og_description":"Mancano meno di due mesi alla tornata elettorale amministrativa nella quale \u00e8 chiamato al rinnovo del Consiglio Comunale e all&#8217;elezione del sindaco anche il Comune di Longarone, che ci arriva dopo aver sperimentato, per primo nella nostra Provincia insieme a Quero-Vas, un percorso post fusione con il Comune di Castellavazzo. Ne parliamo con il primo [&hellip;]","og_url":"https:\/\/www.bellunopress.it\/fr\/2019\/04\/05\/intervista-a-roberto-padrin-candidato-sindaco-a-longarone\/","og_site_name":"Bellunopress - Dolomiti","article_publisher":"https:\/\/www.facebook.com\/profile.php?id=100008943462799","article_published_time":"2019-04-05T10:09:29+00:00","og_image":[{"url":"http:\/\/www.bellunopress.it\/wp-content\/uploads\/2019\/01\/roberto-padrin.jpg","type":"","width":"","height":""}],"author":"redazione","twitter_card":"summary_large_image","twitter_creator":"@bellunopress","twitter_site":"@bellunopress","twitter_misc":{"\u00c9crit par":"redazione","Dur\u00e9e de lecture estim\u00e9e":"5 minutes"},"schema":{"@context":"https:\/\/schema.org","@graph":[{"@type":"Article","@id":"https:\/\/www.bellunopress.it\/2019\/04\/05\/intervista-a-roberto-padrin-candidato-sindaco-a-longarone\/#article","isPartOf":{"@id":"https:\/\/www.bellunopress.it\/2019\/04\/05\/intervista-a-roberto-padrin-candidato-sindaco-a-longarone\/"},"author":{"name":"redazione","@id":"https:\/\/www.bellunopress.it\/#\/schema\/person\/79bb06722b37ece1c03d3e94beb30d73"},"headline":"Intervista a Roberto Padrin, candidato sindaco a Longarone","datePublished":"2019-04-05T10:09:29+00:00","mainEntityOfPage":{"@id":"https:\/\/www.bellunopress.it\/2019\/04\/05\/intervista-a-roberto-padrin-candidato-sindaco-a-longarone\/"},"wordCount":986,"publisher":{"@id":"https:\/\/www.bellunopress.it\/#organization"},"image":{"@id":"https:\/\/www.bellunopress.it\/2019\/04\/05\/intervista-a-roberto-padrin-candidato-sindaco-a-longarone\/#primaryimage"},"thumbnailUrl":"http:\/\/www.bellunopress.it\/wp-content\/uploads\/2019\/01\/roberto-padrin.jpg","articleSection":["Lettere Opinioni"],"inLanguage":"fr-FR"},{"@type":"WebPage","@id":"https:\/\/www.bellunopress.it\/2019\/04\/05\/intervista-a-roberto-padrin-candidato-sindaco-a-longarone\/","url":"https:\/\/www.bellunopress.it\/2019\/04\/05\/intervista-a-roberto-padrin-candidato-sindaco-a-longarone\/","name":"Intervista a Roberto Padrin, candidato sindaco a Longarone - Bellunopress - Dolomiti","isPartOf":{"@id":"https:\/\/www.bellunopress.it\/#website"},"primaryImageOfPage":{"@id":"https:\/\/www.bellunopress.it\/2019\/04\/05\/intervista-a-roberto-padrin-candidato-sindaco-a-longarone\/#primaryimage"},"image":{"@id":"https:\/\/www.bellunopress.it\/2019\/04\/05\/intervista-a-roberto-padrin-candidato-sindaco-a-longarone\/#primaryimage"},"thumbnailUrl":"http:\/\/www.bellunopress.it\/wp-content\/uploads\/2019\/01\/roberto-padrin.jpg","datePublished":"2019-04-05T10:09:29+00:00","breadcrumb":{"@id":"https:\/\/www.bellunopress.it\/2019\/04\/05\/intervista-a-roberto-padrin-candidato-sindaco-a-longarone\/#breadcrumb"},"inLanguage":"fr-FR","potentialAction":[{"@type":"ReadAction","target":["https:\/\/www.bellunopress.it\/2019\/04\/05\/intervista-a-roberto-padrin-candidato-sindaco-a-longarone\/"]}]},{"@type":"ImageObject","inLanguage":"fr-FR","@id":"https:\/\/www.bellunopress.it\/2019\/04\/05\/intervista-a-roberto-padrin-candidato-sindaco-a-longarone\/#primaryimage","url":"http:\/\/www.bellunopress.it\/wp-content\/uploads\/2019\/01\/roberto-padrin.jpg","contentUrl":"http:\/\/www.bellunopress.it\/wp-content\/uploads\/2019\/01\/roberto-padrin.jpg"},{"@type":"BreadcrumbList","@id":"https:\/\/www.bellunopress.it\/2019\/04\/05\/intervista-a-roberto-padrin-candidato-sindaco-a-longarone\/#breadcrumb","itemListElement":[{"@type":"ListItem","position":1,"name":"Home","item":"https:\/\/www.bellunopress.it\/"},{"@type":"ListItem","position":2,"name":"Intervista a Roberto Padrin, candidato sindaco a Longarone"}]},{"@type":"WebSite","@id":"https:\/\/www.bellunopress.it\/#website","url":"https:\/\/www.bellunopress.it\/","name":"Bellunopress - Dolomiti","description":"e-mail: redazione@bellunopress.it","publisher":{"@id":"https:\/\/www.bellunopress.it\/#organization"},"potentialAction":[{"@type":"SearchAction","target":{"@type":"EntryPoint","urlTemplate":"https:\/\/www.bellunopress.it\/?s={search_term_string}"},"query-input":{"@type":"PropertyValueSpecification","valueRequired":true,"valueName":"search_term_string"}}],"inLanguage":"fr-FR"},{"@type":"Organization","@id":"https:\/\/www.bellunopress.it\/#organization","name":"Bellunopress","url":"https:\/\/www.bellunopress.it\/","logo":{"@type":"ImageObject","inLanguage":"fr-FR","@id":"https:\/\/www.bellunopress.it\/#\/schema\/logo\/image\/","url":"https:\/\/www.bellunopress.it\/wp-content\/uploads\/2011\/05\/cropped-logo-bellunopress-.jpg","contentUrl":"https:\/\/www.bellunopress.it\/wp-content\/uploads\/2011\/05\/cropped-logo-bellunopress-.jpg","width":512,"height":512,"caption":"Bellunopress"},"image":{"@id":"https:\/\/www.bellunopress.it\/#\/schema\/logo\/image\/"},"sameAs":["https:\/\/www.facebook.com\/profile.php?id=100008943462799","https:\/\/x.com\/bellunopress","https:\/\/www.linkedin.com\/hp\/?dnr=JBzUWaJfMUw8vbXJJ2tVW5-I3jZKvC4wsoxE&amp;amp;amp;amp;amp;amp;trk=nav_responsive_tab_home","https:\/\/www.youtube.com\/channel\/UCxL0wu1uN0_3_7hGG0306cw"]},{"@type":"Person","@id":"https:\/\/www.bellunopress.it\/#\/schema\/person\/79bb06722b37ece1c03d3e94beb30d73","name":"r\u00e9daction","image":{"@type":"ImageObject","inLanguage":"fr-FR","@id":"https:\/\/secure.gravatar.com\/avatar\/37d968a2e67a6fd04c169c4bdef102d0bc5d31b2546345219e348575eb80e9a0?s=96&d=mm&r=g","url":"https:\/\/secure.gravatar.com\/avatar\/37d968a2e67a6fd04c169c4bdef102d0bc5d31b2546345219e348575eb80e9a0?s=96&d=mm&r=g","contentUrl":"https:\/\/secure.gravatar.com\/avatar\/37d968a2e67a6fd04c169c4bdef102d0bc5d31b2546345219e348575eb80e9a0?s=96&d=mm&r=g","caption":"redazione"},"sameAs":["http:\/\/www.bellunopress.it","https:\/\/x.com\/bellunopress"],"url":"https:\/\/www.bellunopress.it\/fr\/author\/redazione\/"}]}},"_links":{"self":[{"href":"https:\/\/www.bellunopress.it\/fr\/wp-json\/wp\/v2\/posts\/103538","targetHints":{"allow":["GET"]}}],"collection":[{"href":"https:\/\/www.bellunopress.it\/fr\/wp-json\/wp\/v2\/posts"}],"about":[{"href":"https:\/\/www.bellunopress.it\/fr\/wp-json\/wp\/v2\/types\/post"}],"author":[{"embeddable":true,"href":"https:\/\/www.bellunopress.it\/fr\/wp-json\/wp\/v2\/users\/2"}],"replies":[{"embeddable":true,"href":"https:\/\/www.bellunopress.it\/fr\/wp-json\/wp\/v2\/comments?post=103538"}],"version-history":[{"count":1,"href":"https:\/\/www.bellunopress.it\/fr\/wp-json\/wp\/v2\/posts\/103538\/revisions"}],"predecessor-version":[{"id":103539,"href":"https:\/\/www.bellunopress.it\/fr\/wp-json\/wp\/v2\/posts\/103538\/revisions\/103539"}],"wp:attachment":[{"href":"https:\/\/www.bellunopress.it\/fr\/wp-json\/wp\/v2\/media?parent=103538"}],"wp:term":[{"taxonomy":"category","embeddable":true,"href":"https:\/\/www.bellunopress.it\/fr\/wp-json\/wp\/v2\/categories?post=103538"},{"taxonomy":"post_tag","embeddable":true,"href":"https:\/\/www.bellunopress.it\/fr\/wp-json\/wp\/v2\/tags?post=103538"}],"curies":[{"name":"wp","href":"https:\/\/api.w.org\/{rel}","templated":true}]}}