{"id":103536,"date":"2019-04-05T11:52:03","date_gmt":"2019-04-05T09:52:03","guid":{"rendered":"http:\/\/www.bellunopress.it\/?p=103536"},"modified":"2019-04-05T11:52:03","modified_gmt":"2019-04-05T09:52:03","slug":"collegamento-comelico-pusteria-de-carlo-a-saviane-basta-polemiche-lavoriamo-tutti-per-il-territorio","status":"publish","type":"post","link":"https:\/\/www.bellunopress.it\/fr\/2019\/04\/05\/collegamento-comelico-pusteria-de-carlo-a-saviane-basta-polemiche-lavoriamo-tutti-per-il-territorio\/","title":{"rendered":"Collegamento Comelico-Pusteria. De Carlo a Saviane: \u201cBasta polemiche, lavoriamo tutti per il territorio\u201d"},"content":{"rendered":"<figure id=\"attachment_94339\" aria-describedby=\"caption-attachment-94339\" style=\"width: 227px\" class=\"wp-caption alignleft\"><a href=\"http:\/\/www.bellunopress.it\/fr\/2018\/04\/15\/il-gazzettino-riduce-gli-stipendi-dei-collaboratori-de-carlo-una-decisione-inammissibile-che-lede-la-dignita-umana-e-professionale-e-mette-a-rischio-la-qualita-dellinformazione\/luca-de-carlo-3\/\" rel=\"attachment wp-att-94339\"><img loading=\"lazy\" decoding=\"async\" class=\"size-full wp-image-94339\" src=\"http:\/\/www.bellunopress.it\/wp-content\/uploads\/2018\/04\/Luca-De-Carlo.jpg\" alt=\"\" width=\"227\" height=\"271\" \/><\/a><figcaption id=\"caption-attachment-94339\" class=\"wp-caption-text\">Luca De Carlo, deputato<\/figcaption><\/figure>\n<p>\u201cVorrei tranquillizzare il senatore Saviane: qui nessuno vuole farsi bello o prendersi meriti di altri. Stiamo tutti lavorando per arrivare a un risultato fondamentale per il territorio del Comelico e della provincia di Belluno, e credo non sia il tempo delle polemiche, ma di lavorare tutti insieme per questo scopo\u201d.<\/p>\n<p>Cos\u00ec il deputato di Fratelli d&#8217;Italia, Luca De Carlo, risponde al senatore leghista Paolo Saviane, che ieri ha attaccato i \u201ccolleghi intervenuti solo a livello mediatico, senza aver concretizzato nulla\u201d sulla questione del collegamento sciistico Comelico-Pusteria.<\/p>\n<p>\u201cSe Saviane intendeva rivolgersi a me, vorrei evidenziargli come, dal mio ruolo di parlamentare di opposizione, mi sono sempre messo a disposizione di tutti, senza criticare il lavoro degli altri\u201d, sottolinea De Carlo. \u201cIo non faccio politica contro qualcuno, ma il mio unico scopo \u00e8 il bene del mio territorio. In questo spirito, Saviane deve ammettere che ho sostenuto in Parlamento anche le iniziative della Lega che erano nell&#8217;accordo di coalizione e che ritengo possano avere effetti positivi per il Bellunese\u201d.<\/p>\n<p>\u201cA inizio mandato, si era costituito un gruppo di lavoro bellunese, per portare avanti le proposte utili al territorio\u201d, ricorda De Carlo. \u201cIniziativa accolta benissimo a Belluno, ma poi evidentemente dispersa tra le stanze romane: a me, per fare il bene della mia montagna, poco interessa del colore politico. Nei limiti del mio ruolo, ho collaborato benissimo con Federico D&#8217;Inc\u00e0, che \u00e8 stato l&#8217;unico a raccogliere l&#8217;appello alla collaborazione che avevo lanciato, senza mai cercare di sopravanzarlo od oscurarlo\u201d.<\/p>\n<p>\u201cSe qualcuno\u201d conclude De Carlo \u201cpensa che solo perch\u00e9 non sono al governo dovrei attaccare la maggioranza, pensa male. La politica, per me, quando \u00e8 possibile, deve puntare ad includere, mai ad escludere. Su questa questione mi sono sempre posto in maniera propositiva e positiva: nei miei incontri, nei miei interventi, nei miei scritti, nei miei discorsi al bar con i comeliani, non si trover\u00e0 una sola accusa verso le forze di governo. Se poi la mia colpa \u00e8 quella di stare vicino alla gente del Comelico, al territorio bellunese, all&#8217;economia turistica della nostre montagne, beh&#8230; mi dichiaro subito e con piacere colpevole di questi reati\u201d.<\/p>","protected":false},"excerpt":{"rendered":"<p>\u201cVorrei tranquillizzare il senatore Saviane: qui nessuno vuole farsi bello o prendersi meriti di altri. Stiamo tutti lavorando per arrivare a un risultato fondamentale per il territorio del Comelico e della provincia di Belluno, e credo non sia il tempo delle polemiche, ma di lavorare tutti insieme per questo scopo\u201d. Cos\u00ec il deputato di Fratelli [&hellip;]<\/p>\n","protected":false},"author":2,"featured_media":0,"comment_status":"closed","ping_status":"open","sticky":false,"template":"","format":"standard","meta":{"footnotes":""},"categories":[5,26],"tags":[],"class_list":["post-103536","post","type-post","status-publish","format-standard","category-cronaca","category-prima-pagina"],"yoast_head":"<!-- This site is optimized with the Yoast SEO plugin v28.4 - https:\/\/yoast.com\/product\/yoast-seo-wordpress\/ -->\n<title>Collegamento Comelico-Pusteria. De Carlo a Saviane: \u201cBasta polemiche, lavoriamo tutti per il territorio\u201d - Bellunopress - Dolomiti<\/title>\n<meta name=\"robots\" content=\"index, follow, max-snippet:-1, max-image-preview:large, max-video-preview:-1\" \/>\n<link rel=\"canonical\" href=\"https:\/\/www.bellunopress.it\/fr\/2019\/04\/05\/collegamento-comelico-pusteria-de-carlo-a-saviane-basta-polemiche-lavoriamo-tutti-per-il-territorio\/\" \/>\n<meta property=\"og:locale\" content=\"fr_FR\" \/>\n<meta property=\"og:type\" content=\"article\" \/>\n<meta property=\"og:title\" content=\"Collegamento Comelico-Pusteria. De Carlo a Saviane: \u201cBasta polemiche, lavoriamo tutti per il territorio\u201d - Bellunopress - Dolomiti\" \/>\n<meta property=\"og:description\" content=\"\u201cVorrei tranquillizzare il senatore Saviane: qui nessuno vuole farsi bello o prendersi meriti di altri. Stiamo tutti lavorando per arrivare a un risultato fondamentale per il territorio del Comelico e della provincia di Belluno, e credo non sia il tempo delle polemiche, ma di lavorare tutti insieme per questo scopo\u201d. Cos\u00ec il deputato di Fratelli [&hellip;]\" \/>\n<meta property=\"og:url\" content=\"https:\/\/www.bellunopress.it\/fr\/2019\/04\/05\/collegamento-comelico-pusteria-de-carlo-a-saviane-basta-polemiche-lavoriamo-tutti-per-il-territorio\/\" \/>\n<meta property=\"og:site_name\" content=\"Bellunopress - Dolomiti\" \/>\n<meta property=\"article:publisher\" content=\"https:\/\/www.facebook.com\/profile.php?id=100008943462799\" \/>\n<meta property=\"article:published_time\" content=\"2019-04-05T09:52:03+00:00\" \/>\n<meta property=\"og:image\" content=\"http:\/\/www.bellunopress.it\/wp-content\/uploads\/2018\/04\/Luca-De-Carlo.jpg\" \/>\n<meta name=\"author\" content=\"redazione\" \/>\n<meta name=\"twitter:card\" content=\"summary_large_image\" \/>\n<meta name=\"twitter:creator\" content=\"@bellunopress\" \/>\n<meta name=\"twitter:site\" content=\"@bellunopress\" \/>\n<meta name=\"twitter:label1\" content=\"\u00c9crit par\" \/>\n\t<meta name=\"twitter:data1\" content=\"redazione\" \/>\n\t<meta name=\"twitter:label2\" content=\"Dur\u00e9e de lecture estim\u00e9e\" \/>\n\t<meta name=\"twitter:data2\" content=\"2 minutes\" \/>\n<script type=\"application\/ld+json\" class=\"yoast-schema-graph\">{\"@context\":\"https:\\\/\\\/schema.org\",\"@graph\":[{\"@type\":\"Article\",\"@id\":\"https:\\\/\\\/www.bellunopress.it\\\/2019\\\/04\\\/05\\\/collegamento-comelico-pusteria-de-carlo-a-saviane-basta-polemiche-lavoriamo-tutti-per-il-territorio\\\/#article\",\"isPartOf\":{\"@id\":\"https:\\\/\\\/www.bellunopress.it\\\/2019\\\/04\\\/05\\\/collegamento-comelico-pusteria-de-carlo-a-saviane-basta-polemiche-lavoriamo-tutti-per-il-territorio\\\/\"},\"author\":{\"name\":\"redazione\",\"@id\":\"https:\\\/\\\/www.bellunopress.it\\\/#\\\/schema\\\/person\\\/79bb06722b37ece1c03d3e94beb30d73\"},\"headline\":\"Collegamento Comelico-Pusteria. De Carlo a Saviane: \u201cBasta polemiche, lavoriamo tutti per il territorio\u201d\",\"datePublished\":\"2019-04-05T09:52:03+00:00\",\"mainEntityOfPage\":{\"@id\":\"https:\\\/\\\/www.bellunopress.it\\\/2019\\\/04\\\/05\\\/collegamento-comelico-pusteria-de-carlo-a-saviane-basta-polemiche-lavoriamo-tutti-per-il-territorio\\\/\"},\"wordCount\":378,\"publisher\":{\"@id\":\"https:\\\/\\\/www.bellunopress.it\\\/#organization\"},\"image\":{\"@id\":\"https:\\\/\\\/www.bellunopress.it\\\/2019\\\/04\\\/05\\\/collegamento-comelico-pusteria-de-carlo-a-saviane-basta-polemiche-lavoriamo-tutti-per-il-territorio\\\/#primaryimage\"},\"thumbnailUrl\":\"http:\\\/\\\/www.bellunopress.it\\\/wp-content\\\/uploads\\\/2018\\\/04\\\/Luca-De-Carlo.jpg\",\"articleSection\":[\"Cronaca\\\/Politica\",\"Prima Pagina\"],\"inLanguage\":\"fr-FR\"},{\"@type\":\"WebPage\",\"@id\":\"https:\\\/\\\/www.bellunopress.it\\\/2019\\\/04\\\/05\\\/collegamento-comelico-pusteria-de-carlo-a-saviane-basta-polemiche-lavoriamo-tutti-per-il-territorio\\\/\",\"url\":\"https:\\\/\\\/www.bellunopress.it\\\/2019\\\/04\\\/05\\\/collegamento-comelico-pusteria-de-carlo-a-saviane-basta-polemiche-lavoriamo-tutti-per-il-territorio\\\/\",\"name\":\"Collegamento Comelico-Pusteria. De Carlo a Saviane: \u201cBasta polemiche, lavoriamo tutti per il territorio\u201d - Bellunopress - Dolomiti\",\"isPartOf\":{\"@id\":\"https:\\\/\\\/www.bellunopress.it\\\/#website\"},\"primaryImageOfPage\":{\"@id\":\"https:\\\/\\\/www.bellunopress.it\\\/2019\\\/04\\\/05\\\/collegamento-comelico-pusteria-de-carlo-a-saviane-basta-polemiche-lavoriamo-tutti-per-il-territorio\\\/#primaryimage\"},\"image\":{\"@id\":\"https:\\\/\\\/www.bellunopress.it\\\/2019\\\/04\\\/05\\\/collegamento-comelico-pusteria-de-carlo-a-saviane-basta-polemiche-lavoriamo-tutti-per-il-territorio\\\/#primaryimage\"},\"thumbnailUrl\":\"http:\\\/\\\/www.bellunopress.it\\\/wp-content\\\/uploads\\\/2018\\\/04\\\/Luca-De-Carlo.jpg\",\"datePublished\":\"2019-04-05T09:52:03+00:00\",\"breadcrumb\":{\"@id\":\"https:\\\/\\\/www.bellunopress.it\\\/2019\\\/04\\\/05\\\/collegamento-comelico-pusteria-de-carlo-a-saviane-basta-polemiche-lavoriamo-tutti-per-il-territorio\\\/#breadcrumb\"},\"inLanguage\":\"fr-FR\",\"potentialAction\":[{\"@type\":\"ReadAction\",\"target\":[\"https:\\\/\\\/www.bellunopress.it\\\/2019\\\/04\\\/05\\\/collegamento-comelico-pusteria-de-carlo-a-saviane-basta-polemiche-lavoriamo-tutti-per-il-territorio\\\/\"]}]},{\"@type\":\"ImageObject\",\"inLanguage\":\"fr-FR\",\"@id\":\"https:\\\/\\\/www.bellunopress.it\\\/2019\\\/04\\\/05\\\/collegamento-comelico-pusteria-de-carlo-a-saviane-basta-polemiche-lavoriamo-tutti-per-il-territorio\\\/#primaryimage\",\"url\":\"http:\\\/\\\/www.bellunopress.it\\\/wp-content\\\/uploads\\\/2018\\\/04\\\/Luca-De-Carlo.jpg\",\"contentUrl\":\"http:\\\/\\\/www.bellunopress.it\\\/wp-content\\\/uploads\\\/2018\\\/04\\\/Luca-De-Carlo.jpg\"},{\"@type\":\"BreadcrumbList\",\"@id\":\"https:\\\/\\\/www.bellunopress.it\\\/2019\\\/04\\\/05\\\/collegamento-comelico-pusteria-de-carlo-a-saviane-basta-polemiche-lavoriamo-tutti-per-il-territorio\\\/#breadcrumb\",\"itemListElement\":[{\"@type\":\"ListItem\",\"position\":1,\"name\":\"Home\",\"item\":\"https:\\\/\\\/www.bellunopress.it\\\/\"},{\"@type\":\"ListItem\",\"position\":2,\"name\":\"Collegamento Comelico-Pusteria. De Carlo a Saviane: \u201cBasta polemiche, lavoriamo tutti per il territorio\u201d\"}]},{\"@type\":\"WebSite\",\"@id\":\"https:\\\/\\\/www.bellunopress.it\\\/#website\",\"url\":\"https:\\\/\\\/www.bellunopress.it\\\/\",\"name\":\"Bellunopress - Dolomiti\",\"description\":\"e-mail: redazione@bellunopress.it\",\"publisher\":{\"@id\":\"https:\\\/\\\/www.bellunopress.it\\\/#organization\"},\"potentialAction\":[{\"@type\":\"SearchAction\",\"target\":{\"@type\":\"EntryPoint\",\"urlTemplate\":\"https:\\\/\\\/www.bellunopress.it\\\/?s={search_term_string}\"},\"query-input\":{\"@type\":\"PropertyValueSpecification\",\"valueRequired\":true,\"valueName\":\"search_term_string\"}}],\"inLanguage\":\"fr-FR\"},{\"@type\":\"Organization\",\"@id\":\"https:\\\/\\\/www.bellunopress.it\\\/#organization\",\"name\":\"Bellunopress\",\"url\":\"https:\\\/\\\/www.bellunopress.it\\\/\",\"logo\":{\"@type\":\"ImageObject\",\"inLanguage\":\"fr-FR\",\"@id\":\"https:\\\/\\\/www.bellunopress.it\\\/#\\\/schema\\\/logo\\\/image\\\/\",\"url\":\"https:\\\/\\\/www.bellunopress.it\\\/wp-content\\\/uploads\\\/2011\\\/05\\\/cropped-logo-bellunopress-.jpg\",\"contentUrl\":\"https:\\\/\\\/www.bellunopress.it\\\/wp-content\\\/uploads\\\/2011\\\/05\\\/cropped-logo-bellunopress-.jpg\",\"width\":512,\"height\":512,\"caption\":\"Bellunopress\"},\"image\":{\"@id\":\"https:\\\/\\\/www.bellunopress.it\\\/#\\\/schema\\\/logo\\\/image\\\/\"},\"sameAs\":[\"https:\\\/\\\/www.facebook.com\\\/profile.php?id=100008943462799\",\"https:\\\/\\\/x.com\\\/bellunopress\",\"https:\\\/\\\/www.linkedin.com\\\/hp\\\/?dnr=JBzUWaJfMUw8vbXJJ2tVW5-I3jZKvC4wsoxE&amp;amp;amp;amp;amp;amp;trk=nav_responsive_tab_home\",\"https:\\\/\\\/www.youtube.com\\\/channel\\\/UCxL0wu1uN0_3_7hGG0306cw\"]},{\"@type\":\"Person\",\"@id\":\"https:\\\/\\\/www.bellunopress.it\\\/#\\\/schema\\\/person\\\/79bb06722b37ece1c03d3e94beb30d73\",\"name\":\"redazione\",\"image\":{\"@type\":\"ImageObject\",\"inLanguage\":\"fr-FR\",\"@id\":\"https:\\\/\\\/secure.gravatar.com\\\/avatar\\\/37d968a2e67a6fd04c169c4bdef102d0bc5d31b2546345219e348575eb80e9a0?s=96&d=mm&r=g\",\"url\":\"https:\\\/\\\/secure.gravatar.com\\\/avatar\\\/37d968a2e67a6fd04c169c4bdef102d0bc5d31b2546345219e348575eb80e9a0?s=96&d=mm&r=g\",\"contentUrl\":\"https:\\\/\\\/secure.gravatar.com\\\/avatar\\\/37d968a2e67a6fd04c169c4bdef102d0bc5d31b2546345219e348575eb80e9a0?s=96&d=mm&r=g\",\"caption\":\"redazione\"},\"sameAs\":[\"http:\\\/\\\/www.bellunopress.it\",\"https:\\\/\\\/x.com\\\/bellunopress\"],\"url\":\"https:\\\/\\\/www.bellunopress.it\\\/fr\\\/author\\\/redazione\\\/\"}]}<\/script>\n<!-- \/ Yoast SEO plugin. -->","yoast_head_json":{"title":"Collegamento Comelico-Pusteria. De Carlo a Saviane: \u201cBasta polemiche, lavoriamo tutti per il territorio\u201d - Bellunopress - Dolomiti","robots":{"index":"index","follow":"follow","max-snippet":"max-snippet:-1","max-image-preview":"max-image-preview:large","max-video-preview":"max-video-preview:-1"},"canonical":"https:\/\/www.bellunopress.it\/fr\/2019\/04\/05\/collegamento-comelico-pusteria-de-carlo-a-saviane-basta-polemiche-lavoriamo-tutti-per-il-territorio\/","og_locale":"fr_FR","og_type":"article","og_title":"Collegamento Comelico-Pusteria. De Carlo a Saviane: \u201cBasta polemiche, lavoriamo tutti per il territorio\u201d - Bellunopress - Dolomiti","og_description":"\u201cVorrei tranquillizzare il senatore Saviane: qui nessuno vuole farsi bello o prendersi meriti di altri. Stiamo tutti lavorando per arrivare a un risultato fondamentale per il territorio del Comelico e della provincia di Belluno, e credo non sia il tempo delle polemiche, ma di lavorare tutti insieme per questo scopo\u201d. Cos\u00ec il deputato di Fratelli [&hellip;]","og_url":"https:\/\/www.bellunopress.it\/fr\/2019\/04\/05\/collegamento-comelico-pusteria-de-carlo-a-saviane-basta-polemiche-lavoriamo-tutti-per-il-territorio\/","og_site_name":"Bellunopress - Dolomiti","article_publisher":"https:\/\/www.facebook.com\/profile.php?id=100008943462799","article_published_time":"2019-04-05T09:52:03+00:00","og_image":[{"url":"http:\/\/www.bellunopress.it\/wp-content\/uploads\/2018\/04\/Luca-De-Carlo.jpg","type":"","width":"","height":""}],"author":"redazione","twitter_card":"summary_large_image","twitter_creator":"@bellunopress","twitter_site":"@bellunopress","twitter_misc":{"\u00c9crit par":"redazione","Dur\u00e9e de lecture estim\u00e9e":"2 minutes"},"schema":{"@context":"https:\/\/schema.org","@graph":[{"@type":"Article","@id":"https:\/\/www.bellunopress.it\/2019\/04\/05\/collegamento-comelico-pusteria-de-carlo-a-saviane-basta-polemiche-lavoriamo-tutti-per-il-territorio\/#article","isPartOf":{"@id":"https:\/\/www.bellunopress.it\/2019\/04\/05\/collegamento-comelico-pusteria-de-carlo-a-saviane-basta-polemiche-lavoriamo-tutti-per-il-territorio\/"},"author":{"name":"redazione","@id":"https:\/\/www.bellunopress.it\/#\/schema\/person\/79bb06722b37ece1c03d3e94beb30d73"},"headline":"Collegamento Comelico-Pusteria. De Carlo a Saviane: \u201cBasta polemiche, lavoriamo tutti per il territorio\u201d","datePublished":"2019-04-05T09:52:03+00:00","mainEntityOfPage":{"@id":"https:\/\/www.bellunopress.it\/2019\/04\/05\/collegamento-comelico-pusteria-de-carlo-a-saviane-basta-polemiche-lavoriamo-tutti-per-il-territorio\/"},"wordCount":378,"publisher":{"@id":"https:\/\/www.bellunopress.it\/#organization"},"image":{"@id":"https:\/\/www.bellunopress.it\/2019\/04\/05\/collegamento-comelico-pusteria-de-carlo-a-saviane-basta-polemiche-lavoriamo-tutti-per-il-territorio\/#primaryimage"},"thumbnailUrl":"http:\/\/www.bellunopress.it\/wp-content\/uploads\/2018\/04\/Luca-De-Carlo.jpg","articleSection":["Cronaca\/Politica","Prima Pagina"],"inLanguage":"fr-FR"},{"@type":"WebPage","@id":"https:\/\/www.bellunopress.it\/2019\/04\/05\/collegamento-comelico-pusteria-de-carlo-a-saviane-basta-polemiche-lavoriamo-tutti-per-il-territorio\/","url":"https:\/\/www.bellunopress.it\/2019\/04\/05\/collegamento-comelico-pusteria-de-carlo-a-saviane-basta-polemiche-lavoriamo-tutti-per-il-territorio\/","name":"Collegamento Comelico-Pusteria. De Carlo a Saviane: \u201cBasta polemiche, lavoriamo tutti per il territorio\u201d - Bellunopress - Dolomiti","isPartOf":{"@id":"https:\/\/www.bellunopress.it\/#website"},"primaryImageOfPage":{"@id":"https:\/\/www.bellunopress.it\/2019\/04\/05\/collegamento-comelico-pusteria-de-carlo-a-saviane-basta-polemiche-lavoriamo-tutti-per-il-territorio\/#primaryimage"},"image":{"@id":"https:\/\/www.bellunopress.it\/2019\/04\/05\/collegamento-comelico-pusteria-de-carlo-a-saviane-basta-polemiche-lavoriamo-tutti-per-il-territorio\/#primaryimage"},"thumbnailUrl":"http:\/\/www.bellunopress.it\/wp-content\/uploads\/2018\/04\/Luca-De-Carlo.jpg","datePublished":"2019-04-05T09:52:03+00:00","breadcrumb":{"@id":"https:\/\/www.bellunopress.it\/2019\/04\/05\/collegamento-comelico-pusteria-de-carlo-a-saviane-basta-polemiche-lavoriamo-tutti-per-il-territorio\/#breadcrumb"},"inLanguage":"fr-FR","potentialAction":[{"@type":"ReadAction","target":["https:\/\/www.bellunopress.it\/2019\/04\/05\/collegamento-comelico-pusteria-de-carlo-a-saviane-basta-polemiche-lavoriamo-tutti-per-il-territorio\/"]}]},{"@type":"ImageObject","inLanguage":"fr-FR","@id":"https:\/\/www.bellunopress.it\/2019\/04\/05\/collegamento-comelico-pusteria-de-carlo-a-saviane-basta-polemiche-lavoriamo-tutti-per-il-territorio\/#primaryimage","url":"http:\/\/www.bellunopress.it\/wp-content\/uploads\/2018\/04\/Luca-De-Carlo.jpg","contentUrl":"http:\/\/www.bellunopress.it\/wp-content\/uploads\/2018\/04\/Luca-De-Carlo.jpg"},{"@type":"BreadcrumbList","@id":"https:\/\/www.bellunopress.it\/2019\/04\/05\/collegamento-comelico-pusteria-de-carlo-a-saviane-basta-polemiche-lavoriamo-tutti-per-il-territorio\/#breadcrumb","itemListElement":[{"@type":"ListItem","position":1,"name":"Home","item":"https:\/\/www.bellunopress.it\/"},{"@type":"ListItem","position":2,"name":"Collegamento Comelico-Pusteria. De Carlo a Saviane: \u201cBasta polemiche, lavoriamo tutti per il territorio\u201d"}]},{"@type":"WebSite","@id":"https:\/\/www.bellunopress.it\/#website","url":"https:\/\/www.bellunopress.it\/","name":"Bellunopress - Dolomiti","description":"e-mail: redazione@bellunopress.it","publisher":{"@id":"https:\/\/www.bellunopress.it\/#organization"},"potentialAction":[{"@type":"SearchAction","target":{"@type":"EntryPoint","urlTemplate":"https:\/\/www.bellunopress.it\/?s={search_term_string}"},"query-input":{"@type":"PropertyValueSpecification","valueRequired":true,"valueName":"search_term_string"}}],"inLanguage":"fr-FR"},{"@type":"Organization","@id":"https:\/\/www.bellunopress.it\/#organization","name":"Bellunopress","url":"https:\/\/www.bellunopress.it\/","logo":{"@type":"ImageObject","inLanguage":"fr-FR","@id":"https:\/\/www.bellunopress.it\/#\/schema\/logo\/image\/","url":"https:\/\/www.bellunopress.it\/wp-content\/uploads\/2011\/05\/cropped-logo-bellunopress-.jpg","contentUrl":"https:\/\/www.bellunopress.it\/wp-content\/uploads\/2011\/05\/cropped-logo-bellunopress-.jpg","width":512,"height":512,"caption":"Bellunopress"},"image":{"@id":"https:\/\/www.bellunopress.it\/#\/schema\/logo\/image\/"},"sameAs":["https:\/\/www.facebook.com\/profile.php?id=100008943462799","https:\/\/x.com\/bellunopress","https:\/\/www.linkedin.com\/hp\/?dnr=JBzUWaJfMUw8vbXJJ2tVW5-I3jZKvC4wsoxE&amp;amp;amp;amp;amp;amp;trk=nav_responsive_tab_home","https:\/\/www.youtube.com\/channel\/UCxL0wu1uN0_3_7hGG0306cw"]},{"@type":"Person","@id":"https:\/\/www.bellunopress.it\/#\/schema\/person\/79bb06722b37ece1c03d3e94beb30d73","name":"r\u00e9daction","image":{"@type":"ImageObject","inLanguage":"fr-FR","@id":"https:\/\/secure.gravatar.com\/avatar\/37d968a2e67a6fd04c169c4bdef102d0bc5d31b2546345219e348575eb80e9a0?s=96&d=mm&r=g","url":"https:\/\/secure.gravatar.com\/avatar\/37d968a2e67a6fd04c169c4bdef102d0bc5d31b2546345219e348575eb80e9a0?s=96&d=mm&r=g","contentUrl":"https:\/\/secure.gravatar.com\/avatar\/37d968a2e67a6fd04c169c4bdef102d0bc5d31b2546345219e348575eb80e9a0?s=96&d=mm&r=g","caption":"redazione"},"sameAs":["http:\/\/www.bellunopress.it","https:\/\/x.com\/bellunopress"],"url":"https:\/\/www.bellunopress.it\/fr\/author\/redazione\/"}]}},"_links":{"self":[{"href":"https:\/\/www.bellunopress.it\/fr\/wp-json\/wp\/v2\/posts\/103536","targetHints":{"allow":["GET"]}}],"collection":[{"href":"https:\/\/www.bellunopress.it\/fr\/wp-json\/wp\/v2\/posts"}],"about":[{"href":"https:\/\/www.bellunopress.it\/fr\/wp-json\/wp\/v2\/types\/post"}],"author":[{"embeddable":true,"href":"https:\/\/www.bellunopress.it\/fr\/wp-json\/wp\/v2\/users\/2"}],"replies":[{"embeddable":true,"href":"https:\/\/www.bellunopress.it\/fr\/wp-json\/wp\/v2\/comments?post=103536"}],"version-history":[{"count":1,"href":"https:\/\/www.bellunopress.it\/fr\/wp-json\/wp\/v2\/posts\/103536\/revisions"}],"predecessor-version":[{"id":103537,"href":"https:\/\/www.bellunopress.it\/fr\/wp-json\/wp\/v2\/posts\/103536\/revisions\/103537"}],"wp:attachment":[{"href":"https:\/\/www.bellunopress.it\/fr\/wp-json\/wp\/v2\/media?parent=103536"}],"wp:term":[{"taxonomy":"category","embeddable":true,"href":"https:\/\/www.bellunopress.it\/fr\/wp-json\/wp\/v2\/categories?post=103536"},{"taxonomy":"post_tag","embeddable":true,"href":"https:\/\/www.bellunopress.it\/fr\/wp-json\/wp\/v2\/tags?post=103536"}],"curies":[{"name":"wp","href":"https:\/\/api.w.org\/{rel}","templated":true}]}}