{"id":103526,"date":"2019-04-04T18:56:43","date_gmt":"2019-04-04T16:56:43","guid":{"rendered":"http:\/\/www.bellunopress.it\/?p=103526"},"modified":"2019-04-04T18:56:43","modified_gmt":"2019-04-04T16:56:43","slug":"maltempo-evitare-gli-spostamenti-se-non-necessari-attivata-in-prefettura-la-sala-operativa-integrata-di-protezione-civile-provinciale","status":"publish","type":"post","link":"https:\/\/www.bellunopress.it\/fr\/2019\/04\/04\/maltempo-evitare-gli-spostamenti-se-non-necessari-attivata-in-prefettura-la-sala-operativa-integrata-di-protezione-civile-provinciale\/","title":{"rendered":"Maltempo: evitare gli spostamenti se non necessari. Attivata in Prefettura la Sala operativa integrata di protezione civile provinciale."},"content":{"rendered":"<figure id=\"attachment_28084\" aria-describedby=\"caption-attachment-28084\" style=\"width: 300px\" class=\"wp-caption alignleft\"><a href=\"http:\/\/www.bellunopress.it\/fr\/2011\/06\/24\/gli-studenti-di-intercultura-ricevuti-ieri-dal-prefetto\/prefettura\/\" rel=\"attachment wp-att-28084\"><img loading=\"lazy\" decoding=\"async\" class=\"size-full wp-image-28084\" src=\"http:\/\/www.bellunopress.it\/wp-content\/uploads\/2011\/06\/prefettura.jpg\" alt=\"\" width=\"300\" height=\"200\" \/><\/a><figcaption id=\"caption-attachment-28084\" class=\"wp-caption-text\">Palazzo dei Rettori sede della Prefettura<\/figcaption><\/figure>\n<p>In ragione dello stato di allerta meteo in provincia \u00e8 stata attivata dalle ore 16:00 di oggi e fino a cessate esigenze presso la Prefettura di Belluno la sala operativa integrata di protezione civile provinciale per monitorare l\u2019evolversi della situazione e approntare immediatamente eventuali interventi di soccorso che si rendessero necessari.<\/p>\n<p>La fase acuta dell\u2019evento meteorologico avverso \u00e8 attualmente in corso sulla parte meridionale della provincia, e successivamente sulle dolomiti, con durata stimata sino alla tarda mattinata di venerd\u00ec 5 aprile.<\/p>\n<p>Sono infatti attese nel territorio provinciale precipitazioni particolarmente abbondanti e, specie in quota (1500\/1800 m e dalla sera il limite scende localmente a 1000\/1200 m), nevicate copiose, di entit\u00e0 via via minore a quote inferiori, tali da determinare un possibile aumento del rischio valanghivo.<\/p>\n<p>Sono inoltre previsti raffiche di vento forte in corrispondenza dei fenomeni temporaleschi attesi.<\/p>\n<figure id=\"attachment_93964\" aria-describedby=\"caption-attachment-93964\" style=\"width: 280px\" class=\"wp-caption alignleft\"><a href=\"http:\/\/www.bellunopress.it\/fr\/2018\/03\/29\/festivita-pasquali-definito-in-prefettura-un-piano-di-sicurezza\/francesco-esposito-prefetto-3\/\" rel=\"attachment wp-att-93964\"><img loading=\"lazy\" decoding=\"async\" class=\"size-full wp-image-93964\" src=\"http:\/\/www.bellunopress.it\/wp-content\/uploads\/2018\/03\/Francesco-Esposito-prefetto.jpg\" alt=\"\" width=\"280\" height=\"300\" \/><\/a><figcaption id=\"caption-attachment-93964\" class=\"wp-caption-text\">Francesco Esposito &#8211; Prefetto<\/figcaption><\/figure>\n<p>Alla luce del peggioramento delle condizioni meteorologiche preannunciato, il Prefetto di Belluno rinnova l&#8217;invito alla popolazione ad evitare gli spostamenti, laddove non strettamente necessari, a non effettuare escursioni in quota e a non transitare e sostare presso ponti, cavalcavia, zone non antropizzate e in prossimit\u00e0 degli alberi, in particolare durante la fase pi\u00f9 intensa del maltempo.<\/p>\n<p>Si raccomanda, in ogni caso, di prestare la massima attenzione sia in caso di transito lungo la viabilit\u00e0 che in caso di spostamenti pedonali, per la possibile presenza e\/o caduta di alberi e materiali in strada.<\/p>\n<p>Si ricorda, inoltre, che \u00e8 tuttora in vigore l\u2019obbligo di circolare muniti di pneumatici invernali o con catene da neve a bordo.<\/p>\n<p>&nbsp;<\/p>\n<p><strong>Per quanto riguarda la viabilit\u00e0 si segnala:<\/strong><\/p>\n<p>la limitazione al transito ai mezzi pesanti superiori alle 3,5 t. lungo la SS. 51 di Alemagna: dal km 108+000 in loc. Fiames al Km 118 + 150 loc. Cimabanche; e lungo la SS 52 Carnica: dal km 102 + 350 loc. Valgrande al km 110+100 loc. Passo M. Croce; dal km 71+600 loc. Lorenzago al km. 64+200 loc. Passo Mauria;<\/p>\n<p>la chiusura dalle 18.30 dei seguenti passi stradali:<br \/>\n&#8211; S.R. 48 \u201cdelle Dolomiti\u201d dalla progressiva km 76+280 (Passo Pordoi) al km 82+100 (localit\u00e0 ponte Vauz);<\/p>\n<p>&#8211; S.R. 48 \u201cdelle Dolomiti\u201d dalla progressiva km 104+000 (localit\u00e0 Pian di Falzarego) al km 116+500 (localit\u00e0 Pocol);<\/p>\n<p>&#8211; S.R. 48 \u201cdelle Dolomiti\u201d dal km 124+300 (localit\u00e0 Alver\u00e0) al km 134+800 (bivio Misurina);<\/p>\n<p>&#8211; S.P. 49 \u201cdi Misurina\u201d dalla progressiva km 2+500 (localit\u00e0 Misurina) al km 7+800 (localit\u00e0 Carbonin);<\/p>\n<p>&#8211; S.P. 148 \u201cCadorna\u201d dalla progressiva km 26+500 (Bivio Grappa S.P. 149) al km 33+720 (localit\u00e0 Forcelletto);<\/p>\n<p>&#8211; S.P. 346 \u201cdel Passo S. Pellegrino\u201d dalla progressiva km 17+500 (localit\u00e0 bivio Passo Valles) al km 14+200 (localit\u00e0 Zingari);<\/p>\n<p>&#8211; S.P. 619 \u201cdi Vigo di Cadore\u201d (Casera Razzo) dalla progressiva km 12+000 (localit\u00e0 Antoia) alla progressiva 23+550 (confine Provincia di Udine);<\/p>\n<p>&#8211; S.P. 638 \u201cdel Passo Giau\u201d dalla progressiva km 0+000 (localit\u00e0 Pocol) al km 18+900 (localit\u00e0 bivio Posalf);<\/p>\n<p>&#8211; S.P. 641 \u201cdel passo Fedaia\u201d dalla progressiva km 16+950 (localit\u00e0 Capanna Bill) 14+210 (confine con Provincia di Trento);<\/p>\n<p>Si comunica che permangono chiusi i seguenti passi:<\/p>\n<p>&#8211; S.P. 25 \u201cdel Passo Valles\u201d dalla progressiva km 0+000 (innesto S.P. 346) al km 7+100 (localit\u00e0 Passo Valles);<\/p>\n<p>&#8211; S.P. 24 \u201cdel passo Val Parola\u201d dalla progressiva km 0+000 (Passo Falzarego) al km 5+217 (confine Provincia di Bolzano).<\/p>\n<p>Si ricorda inoltre che la S.P. 33 \u201cdi Sauris\u201d rimane non transitabile per chiusura invernale.<\/p>\n<p>I gestori delle strade assicureranno, anche attraverso i rispettivi siti internet (www.stradeanas.it; www.venetostrade.it), l\u2019informazione relativa ad eventuali, ulteriori, provvedimenti di chiusura delle strade che dovessero rendersi necessari in considerazione dell\u2019evolversi dell\u2019evento.<\/p>\n<p>In ogni caso, anche nei prossimi giorni, prima di fare un\u2019escursione \u00e8 bene controllare sempre il bollettino meteorologico (www.arpa.veneto.it) e nivologico (www.arpa.veneto.it; www.meteomont.gov.it; www.meteomont.org), rinunciando in caso di previsioni avverse o di elevato pericolo.<\/p>\n<p>&nbsp;<\/p>","protected":false},"excerpt":{"rendered":"<p>In ragione dello stato di allerta meteo in provincia \u00e8 stata attivata dalle ore 16:00 di oggi e fino a cessate esigenze presso la Prefettura di Belluno la sala operativa integrata di protezione civile provinciale per monitorare l\u2019evolversi della situazione e approntare immediatamente eventuali interventi di soccorso che si rendessero necessari. La fase acuta dell\u2019evento [&hellip;]<\/p>\n","protected":false},"author":2,"featured_media":0,"comment_status":"closed","ping_status":"open","sticky":false,"template":"","format":"standard","meta":{"footnotes":""},"categories":[5,8],"tags":[],"class_list":["post-103526","post","type-post","status-publish","format-standard","category-cronaca","category-societa-istituzioni"],"yoast_head":"<!-- This site is optimized with the Yoast SEO plugin v28.4 - https:\/\/yoast.com\/product\/yoast-seo-wordpress\/ -->\n<title>Maltempo: evitare gli spostamenti se non necessari. Attivata in Prefettura la Sala operativa integrata di protezione civile provinciale. - Bellunopress - Dolomiti<\/title>\n<meta name=\"robots\" content=\"index, follow, max-snippet:-1, max-image-preview:large, max-video-preview:-1\" \/>\n<link rel=\"canonical\" href=\"https:\/\/www.bellunopress.it\/fr\/2019\/04\/04\/maltempo-evitare-gli-spostamenti-se-non-necessari-attivata-in-prefettura-la-sala-operativa-integrata-di-protezione-civile-provinciale\/\" \/>\n<meta property=\"og:locale\" content=\"fr_FR\" \/>\n<meta property=\"og:type\" content=\"article\" \/>\n<meta property=\"og:title\" content=\"Maltempo: evitare gli spostamenti se non necessari. Attivata in Prefettura la Sala operativa integrata di protezione civile provinciale. - Bellunopress - Dolomiti\" \/>\n<meta property=\"og:description\" content=\"In ragione dello stato di allerta meteo in provincia \u00e8 stata attivata dalle ore 16:00 di oggi e fino a cessate esigenze presso la Prefettura di Belluno la sala operativa integrata di protezione civile provinciale per monitorare l\u2019evolversi della situazione e approntare immediatamente eventuali interventi di soccorso che si rendessero necessari. La fase acuta dell\u2019evento [&hellip;]\" \/>\n<meta property=\"og:url\" content=\"https:\/\/www.bellunopress.it\/fr\/2019\/04\/04\/maltempo-evitare-gli-spostamenti-se-non-necessari-attivata-in-prefettura-la-sala-operativa-integrata-di-protezione-civile-provinciale\/\" \/>\n<meta property=\"og:site_name\" content=\"Bellunopress - Dolomiti\" \/>\n<meta property=\"article:publisher\" content=\"https:\/\/www.facebook.com\/profile.php?id=100008943462799\" \/>\n<meta property=\"article:published_time\" content=\"2019-04-04T16:56:43+00:00\" \/>\n<meta property=\"og:image\" content=\"http:\/\/www.bellunopress.it\/wp-content\/uploads\/2011\/06\/prefettura.jpg\" \/>\n<meta name=\"author\" content=\"redazione\" \/>\n<meta name=\"twitter:card\" content=\"summary_large_image\" \/>\n<meta name=\"twitter:creator\" content=\"@bellunopress\" \/>\n<meta name=\"twitter:site\" content=\"@bellunopress\" \/>\n<meta name=\"twitter:label1\" content=\"\u00c9crit par\" \/>\n\t<meta name=\"twitter:data1\" content=\"redazione\" \/>\n\t<meta name=\"twitter:label2\" content=\"Dur\u00e9e de lecture estim\u00e9e\" \/>\n\t<meta name=\"twitter:data2\" content=\"3 minutes\" \/>\n<script type=\"application\/ld+json\" class=\"yoast-schema-graph\">{\"@context\":\"https:\\\/\\\/schema.org\",\"@graph\":[{\"@type\":\"Article\",\"@id\":\"https:\\\/\\\/www.bellunopress.it\\\/2019\\\/04\\\/04\\\/maltempo-evitare-gli-spostamenti-se-non-necessari-attivata-in-prefettura-la-sala-operativa-integrata-di-protezione-civile-provinciale\\\/#article\",\"isPartOf\":{\"@id\":\"https:\\\/\\\/www.bellunopress.it\\\/2019\\\/04\\\/04\\\/maltempo-evitare-gli-spostamenti-se-non-necessari-attivata-in-prefettura-la-sala-operativa-integrata-di-protezione-civile-provinciale\\\/\"},\"author\":{\"name\":\"redazione\",\"@id\":\"https:\\\/\\\/www.bellunopress.it\\\/#\\\/schema\\\/person\\\/79bb06722b37ece1c03d3e94beb30d73\"},\"headline\":\"Maltempo: evitare gli spostamenti se non necessari. Attivata in Prefettura la Sala operativa integrata di protezione civile provinciale.\",\"datePublished\":\"2019-04-04T16:56:43+00:00\",\"mainEntityOfPage\":{\"@id\":\"https:\\\/\\\/www.bellunopress.it\\\/2019\\\/04\\\/04\\\/maltempo-evitare-gli-spostamenti-se-non-necessari-attivata-in-prefettura-la-sala-operativa-integrata-di-protezione-civile-provinciale\\\/\"},\"wordCount\":641,\"publisher\":{\"@id\":\"https:\\\/\\\/www.bellunopress.it\\\/#organization\"},\"image\":{\"@id\":\"https:\\\/\\\/www.bellunopress.it\\\/2019\\\/04\\\/04\\\/maltempo-evitare-gli-spostamenti-se-non-necessari-attivata-in-prefettura-la-sala-operativa-integrata-di-protezione-civile-provinciale\\\/#primaryimage\"},\"thumbnailUrl\":\"http:\\\/\\\/www.bellunopress.it\\\/wp-content\\\/uploads\\\/2011\\\/06\\\/prefettura.jpg\",\"articleSection\":[\"Cronaca\\\/Politica\",\"Societ\u00e0, Associazioni, Istituzioni\"],\"inLanguage\":\"fr-FR\"},{\"@type\":\"WebPage\",\"@id\":\"https:\\\/\\\/www.bellunopress.it\\\/2019\\\/04\\\/04\\\/maltempo-evitare-gli-spostamenti-se-non-necessari-attivata-in-prefettura-la-sala-operativa-integrata-di-protezione-civile-provinciale\\\/\",\"url\":\"https:\\\/\\\/www.bellunopress.it\\\/2019\\\/04\\\/04\\\/maltempo-evitare-gli-spostamenti-se-non-necessari-attivata-in-prefettura-la-sala-operativa-integrata-di-protezione-civile-provinciale\\\/\",\"name\":\"Maltempo: evitare gli spostamenti se non necessari. Attivata in Prefettura la Sala operativa integrata di protezione civile provinciale. - Bellunopress - Dolomiti\",\"isPartOf\":{\"@id\":\"https:\\\/\\\/www.bellunopress.it\\\/#website\"},\"primaryImageOfPage\":{\"@id\":\"https:\\\/\\\/www.bellunopress.it\\\/2019\\\/04\\\/04\\\/maltempo-evitare-gli-spostamenti-se-non-necessari-attivata-in-prefettura-la-sala-operativa-integrata-di-protezione-civile-provinciale\\\/#primaryimage\"},\"image\":{\"@id\":\"https:\\\/\\\/www.bellunopress.it\\\/2019\\\/04\\\/04\\\/maltempo-evitare-gli-spostamenti-se-non-necessari-attivata-in-prefettura-la-sala-operativa-integrata-di-protezione-civile-provinciale\\\/#primaryimage\"},\"thumbnailUrl\":\"http:\\\/\\\/www.bellunopress.it\\\/wp-content\\\/uploads\\\/2011\\\/06\\\/prefettura.jpg\",\"datePublished\":\"2019-04-04T16:56:43+00:00\",\"breadcrumb\":{\"@id\":\"https:\\\/\\\/www.bellunopress.it\\\/2019\\\/04\\\/04\\\/maltempo-evitare-gli-spostamenti-se-non-necessari-attivata-in-prefettura-la-sala-operativa-integrata-di-protezione-civile-provinciale\\\/#breadcrumb\"},\"inLanguage\":\"fr-FR\",\"potentialAction\":[{\"@type\":\"ReadAction\",\"target\":[\"https:\\\/\\\/www.bellunopress.it\\\/2019\\\/04\\\/04\\\/maltempo-evitare-gli-spostamenti-se-non-necessari-attivata-in-prefettura-la-sala-operativa-integrata-di-protezione-civile-provinciale\\\/\"]}]},{\"@type\":\"ImageObject\",\"inLanguage\":\"fr-FR\",\"@id\":\"https:\\\/\\\/www.bellunopress.it\\\/2019\\\/04\\\/04\\\/maltempo-evitare-gli-spostamenti-se-non-necessari-attivata-in-prefettura-la-sala-operativa-integrata-di-protezione-civile-provinciale\\\/#primaryimage\",\"url\":\"http:\\\/\\\/www.bellunopress.it\\\/wp-content\\\/uploads\\\/2011\\\/06\\\/prefettura.jpg\",\"contentUrl\":\"http:\\\/\\\/www.bellunopress.it\\\/wp-content\\\/uploads\\\/2011\\\/06\\\/prefettura.jpg\"},{\"@type\":\"BreadcrumbList\",\"@id\":\"https:\\\/\\\/www.bellunopress.it\\\/2019\\\/04\\\/04\\\/maltempo-evitare-gli-spostamenti-se-non-necessari-attivata-in-prefettura-la-sala-operativa-integrata-di-protezione-civile-provinciale\\\/#breadcrumb\",\"itemListElement\":[{\"@type\":\"ListItem\",\"position\":1,\"name\":\"Home\",\"item\":\"https:\\\/\\\/www.bellunopress.it\\\/\"},{\"@type\":\"ListItem\",\"position\":2,\"name\":\"Maltempo: evitare gli spostamenti se non necessari. Attivata in Prefettura la Sala operativa integrata di protezione civile provinciale.\"}]},{\"@type\":\"WebSite\",\"@id\":\"https:\\\/\\\/www.bellunopress.it\\\/#website\",\"url\":\"https:\\\/\\\/www.bellunopress.it\\\/\",\"name\":\"Bellunopress - Dolomiti\",\"description\":\"e-mail: redazione@bellunopress.it\",\"publisher\":{\"@id\":\"https:\\\/\\\/www.bellunopress.it\\\/#organization\"},\"potentialAction\":[{\"@type\":\"SearchAction\",\"target\":{\"@type\":\"EntryPoint\",\"urlTemplate\":\"https:\\\/\\\/www.bellunopress.it\\\/?s={search_term_string}\"},\"query-input\":{\"@type\":\"PropertyValueSpecification\",\"valueRequired\":true,\"valueName\":\"search_term_string\"}}],\"inLanguage\":\"fr-FR\"},{\"@type\":\"Organization\",\"@id\":\"https:\\\/\\\/www.bellunopress.it\\\/#organization\",\"name\":\"Bellunopress\",\"url\":\"https:\\\/\\\/www.bellunopress.it\\\/\",\"logo\":{\"@type\":\"ImageObject\",\"inLanguage\":\"fr-FR\",\"@id\":\"https:\\\/\\\/www.bellunopress.it\\\/#\\\/schema\\\/logo\\\/image\\\/\",\"url\":\"https:\\\/\\\/www.bellunopress.it\\\/wp-content\\\/uploads\\\/2011\\\/05\\\/cropped-logo-bellunopress-.jpg\",\"contentUrl\":\"https:\\\/\\\/www.bellunopress.it\\\/wp-content\\\/uploads\\\/2011\\\/05\\\/cropped-logo-bellunopress-.jpg\",\"width\":512,\"height\":512,\"caption\":\"Bellunopress\"},\"image\":{\"@id\":\"https:\\\/\\\/www.bellunopress.it\\\/#\\\/schema\\\/logo\\\/image\\\/\"},\"sameAs\":[\"https:\\\/\\\/www.facebook.com\\\/profile.php?id=100008943462799\",\"https:\\\/\\\/x.com\\\/bellunopress\",\"https:\\\/\\\/www.linkedin.com\\\/hp\\\/?dnr=JBzUWaJfMUw8vbXJJ2tVW5-I3jZKvC4wsoxE&amp;amp;amp;amp;amp;amp;trk=nav_responsive_tab_home\",\"https:\\\/\\\/www.youtube.com\\\/channel\\\/UCxL0wu1uN0_3_7hGG0306cw\"]},{\"@type\":\"Person\",\"@id\":\"https:\\\/\\\/www.bellunopress.it\\\/#\\\/schema\\\/person\\\/79bb06722b37ece1c03d3e94beb30d73\",\"name\":\"redazione\",\"image\":{\"@type\":\"ImageObject\",\"inLanguage\":\"fr-FR\",\"@id\":\"https:\\\/\\\/secure.gravatar.com\\\/avatar\\\/37d968a2e67a6fd04c169c4bdef102d0bc5d31b2546345219e348575eb80e9a0?s=96&d=mm&r=g\",\"url\":\"https:\\\/\\\/secure.gravatar.com\\\/avatar\\\/37d968a2e67a6fd04c169c4bdef102d0bc5d31b2546345219e348575eb80e9a0?s=96&d=mm&r=g\",\"contentUrl\":\"https:\\\/\\\/secure.gravatar.com\\\/avatar\\\/37d968a2e67a6fd04c169c4bdef102d0bc5d31b2546345219e348575eb80e9a0?s=96&d=mm&r=g\",\"caption\":\"redazione\"},\"sameAs\":[\"http:\\\/\\\/www.bellunopress.it\",\"https:\\\/\\\/x.com\\\/bellunopress\"],\"url\":\"https:\\\/\\\/www.bellunopress.it\\\/fr\\\/author\\\/redazione\\\/\"}]}<\/script>\n<!-- \/ Yoast SEO plugin. -->","yoast_head_json":{"title":"Maltempo: evitare gli spostamenti se non necessari. Attivata in Prefettura la Sala operativa integrata di protezione civile provinciale. - Bellunopress - Dolomiti","robots":{"index":"index","follow":"follow","max-snippet":"max-snippet:-1","max-image-preview":"max-image-preview:large","max-video-preview":"max-video-preview:-1"},"canonical":"https:\/\/www.bellunopress.it\/fr\/2019\/04\/04\/maltempo-evitare-gli-spostamenti-se-non-necessari-attivata-in-prefettura-la-sala-operativa-integrata-di-protezione-civile-provinciale\/","og_locale":"fr_FR","og_type":"article","og_title":"Maltempo: evitare gli spostamenti se non necessari. Attivata in Prefettura la Sala operativa integrata di protezione civile provinciale. - Bellunopress - Dolomiti","og_description":"In ragione dello stato di allerta meteo in provincia \u00e8 stata attivata dalle ore 16:00 di oggi e fino a cessate esigenze presso la Prefettura di Belluno la sala operativa integrata di protezione civile provinciale per monitorare l\u2019evolversi della situazione e approntare immediatamente eventuali interventi di soccorso che si rendessero necessari. La fase acuta dell\u2019evento [&hellip;]","og_url":"https:\/\/www.bellunopress.it\/fr\/2019\/04\/04\/maltempo-evitare-gli-spostamenti-se-non-necessari-attivata-in-prefettura-la-sala-operativa-integrata-di-protezione-civile-provinciale\/","og_site_name":"Bellunopress - Dolomiti","article_publisher":"https:\/\/www.facebook.com\/profile.php?id=100008943462799","article_published_time":"2019-04-04T16:56:43+00:00","og_image":[{"url":"http:\/\/www.bellunopress.it\/wp-content\/uploads\/2011\/06\/prefettura.jpg","type":"","width":"","height":""}],"author":"redazione","twitter_card":"summary_large_image","twitter_creator":"@bellunopress","twitter_site":"@bellunopress","twitter_misc":{"\u00c9crit par":"redazione","Dur\u00e9e de lecture estim\u00e9e":"3 minutes"},"schema":{"@context":"https:\/\/schema.org","@graph":[{"@type":"Article","@id":"https:\/\/www.bellunopress.it\/2019\/04\/04\/maltempo-evitare-gli-spostamenti-se-non-necessari-attivata-in-prefettura-la-sala-operativa-integrata-di-protezione-civile-provinciale\/#article","isPartOf":{"@id":"https:\/\/www.bellunopress.it\/2019\/04\/04\/maltempo-evitare-gli-spostamenti-se-non-necessari-attivata-in-prefettura-la-sala-operativa-integrata-di-protezione-civile-provinciale\/"},"author":{"name":"redazione","@id":"https:\/\/www.bellunopress.it\/#\/schema\/person\/79bb06722b37ece1c03d3e94beb30d73"},"headline":"Maltempo: evitare gli spostamenti se non necessari. Attivata in Prefettura la Sala operativa integrata di protezione civile provinciale.","datePublished":"2019-04-04T16:56:43+00:00","mainEntityOfPage":{"@id":"https:\/\/www.bellunopress.it\/2019\/04\/04\/maltempo-evitare-gli-spostamenti-se-non-necessari-attivata-in-prefettura-la-sala-operativa-integrata-di-protezione-civile-provinciale\/"},"wordCount":641,"publisher":{"@id":"https:\/\/www.bellunopress.it\/#organization"},"image":{"@id":"https:\/\/www.bellunopress.it\/2019\/04\/04\/maltempo-evitare-gli-spostamenti-se-non-necessari-attivata-in-prefettura-la-sala-operativa-integrata-di-protezione-civile-provinciale\/#primaryimage"},"thumbnailUrl":"http:\/\/www.bellunopress.it\/wp-content\/uploads\/2011\/06\/prefettura.jpg","articleSection":["Cronaca\/Politica","Societ\u00e0, Associazioni, Istituzioni"],"inLanguage":"fr-FR"},{"@type":"WebPage","@id":"https:\/\/www.bellunopress.it\/2019\/04\/04\/maltempo-evitare-gli-spostamenti-se-non-necessari-attivata-in-prefettura-la-sala-operativa-integrata-di-protezione-civile-provinciale\/","url":"https:\/\/www.bellunopress.it\/2019\/04\/04\/maltempo-evitare-gli-spostamenti-se-non-necessari-attivata-in-prefettura-la-sala-operativa-integrata-di-protezione-civile-provinciale\/","name":"Maltempo: evitare gli spostamenti se non necessari. Attivata in Prefettura la Sala operativa integrata di protezione civile provinciale. - Bellunopress - Dolomiti","isPartOf":{"@id":"https:\/\/www.bellunopress.it\/#website"},"primaryImageOfPage":{"@id":"https:\/\/www.bellunopress.it\/2019\/04\/04\/maltempo-evitare-gli-spostamenti-se-non-necessari-attivata-in-prefettura-la-sala-operativa-integrata-di-protezione-civile-provinciale\/#primaryimage"},"image":{"@id":"https:\/\/www.bellunopress.it\/2019\/04\/04\/maltempo-evitare-gli-spostamenti-se-non-necessari-attivata-in-prefettura-la-sala-operativa-integrata-di-protezione-civile-provinciale\/#primaryimage"},"thumbnailUrl":"http:\/\/www.bellunopress.it\/wp-content\/uploads\/2011\/06\/prefettura.jpg","datePublished":"2019-04-04T16:56:43+00:00","breadcrumb":{"@id":"https:\/\/www.bellunopress.it\/2019\/04\/04\/maltempo-evitare-gli-spostamenti-se-non-necessari-attivata-in-prefettura-la-sala-operativa-integrata-di-protezione-civile-provinciale\/#breadcrumb"},"inLanguage":"fr-FR","potentialAction":[{"@type":"ReadAction","target":["https:\/\/www.bellunopress.it\/2019\/04\/04\/maltempo-evitare-gli-spostamenti-se-non-necessari-attivata-in-prefettura-la-sala-operativa-integrata-di-protezione-civile-provinciale\/"]}]},{"@type":"ImageObject","inLanguage":"fr-FR","@id":"https:\/\/www.bellunopress.it\/2019\/04\/04\/maltempo-evitare-gli-spostamenti-se-non-necessari-attivata-in-prefettura-la-sala-operativa-integrata-di-protezione-civile-provinciale\/#primaryimage","url":"http:\/\/www.bellunopress.it\/wp-content\/uploads\/2011\/06\/prefettura.jpg","contentUrl":"http:\/\/www.bellunopress.it\/wp-content\/uploads\/2011\/06\/prefettura.jpg"},{"@type":"BreadcrumbList","@id":"https:\/\/www.bellunopress.it\/2019\/04\/04\/maltempo-evitare-gli-spostamenti-se-non-necessari-attivata-in-prefettura-la-sala-operativa-integrata-di-protezione-civile-provinciale\/#breadcrumb","itemListElement":[{"@type":"ListItem","position":1,"name":"Home","item":"https:\/\/www.bellunopress.it\/"},{"@type":"ListItem","position":2,"name":"Maltempo: evitare gli spostamenti se non necessari. Attivata in Prefettura la Sala operativa integrata di protezione civile provinciale."}]},{"@type":"WebSite","@id":"https:\/\/www.bellunopress.it\/#website","url":"https:\/\/www.bellunopress.it\/","name":"Bellunopress - Dolomiti","description":"e-mail: redazione@bellunopress.it","publisher":{"@id":"https:\/\/www.bellunopress.it\/#organization"},"potentialAction":[{"@type":"SearchAction","target":{"@type":"EntryPoint","urlTemplate":"https:\/\/www.bellunopress.it\/?s={search_term_string}"},"query-input":{"@type":"PropertyValueSpecification","valueRequired":true,"valueName":"search_term_string"}}],"inLanguage":"fr-FR"},{"@type":"Organization","@id":"https:\/\/www.bellunopress.it\/#organization","name":"Bellunopress","url":"https:\/\/www.bellunopress.it\/","logo":{"@type":"ImageObject","inLanguage":"fr-FR","@id":"https:\/\/www.bellunopress.it\/#\/schema\/logo\/image\/","url":"https:\/\/www.bellunopress.it\/wp-content\/uploads\/2011\/05\/cropped-logo-bellunopress-.jpg","contentUrl":"https:\/\/www.bellunopress.it\/wp-content\/uploads\/2011\/05\/cropped-logo-bellunopress-.jpg","width":512,"height":512,"caption":"Bellunopress"},"image":{"@id":"https:\/\/www.bellunopress.it\/#\/schema\/logo\/image\/"},"sameAs":["https:\/\/www.facebook.com\/profile.php?id=100008943462799","https:\/\/x.com\/bellunopress","https:\/\/www.linkedin.com\/hp\/?dnr=JBzUWaJfMUw8vbXJJ2tVW5-I3jZKvC4wsoxE&amp;amp;amp;amp;amp;amp;trk=nav_responsive_tab_home","https:\/\/www.youtube.com\/channel\/UCxL0wu1uN0_3_7hGG0306cw"]},{"@type":"Person","@id":"https:\/\/www.bellunopress.it\/#\/schema\/person\/79bb06722b37ece1c03d3e94beb30d73","name":"r\u00e9daction","image":{"@type":"ImageObject","inLanguage":"fr-FR","@id":"https:\/\/secure.gravatar.com\/avatar\/37d968a2e67a6fd04c169c4bdef102d0bc5d31b2546345219e348575eb80e9a0?s=96&d=mm&r=g","url":"https:\/\/secure.gravatar.com\/avatar\/37d968a2e67a6fd04c169c4bdef102d0bc5d31b2546345219e348575eb80e9a0?s=96&d=mm&r=g","contentUrl":"https:\/\/secure.gravatar.com\/avatar\/37d968a2e67a6fd04c169c4bdef102d0bc5d31b2546345219e348575eb80e9a0?s=96&d=mm&r=g","caption":"redazione"},"sameAs":["http:\/\/www.bellunopress.it","https:\/\/x.com\/bellunopress"],"url":"https:\/\/www.bellunopress.it\/fr\/author\/redazione\/"}]}},"_links":{"self":[{"href":"https:\/\/www.bellunopress.it\/fr\/wp-json\/wp\/v2\/posts\/103526","targetHints":{"allow":["GET"]}}],"collection":[{"href":"https:\/\/www.bellunopress.it\/fr\/wp-json\/wp\/v2\/posts"}],"about":[{"href":"https:\/\/www.bellunopress.it\/fr\/wp-json\/wp\/v2\/types\/post"}],"author":[{"embeddable":true,"href":"https:\/\/www.bellunopress.it\/fr\/wp-json\/wp\/v2\/users\/2"}],"replies":[{"embeddable":true,"href":"https:\/\/www.bellunopress.it\/fr\/wp-json\/wp\/v2\/comments?post=103526"}],"version-history":[{"count":1,"href":"https:\/\/www.bellunopress.it\/fr\/wp-json\/wp\/v2\/posts\/103526\/revisions"}],"predecessor-version":[{"id":103527,"href":"https:\/\/www.bellunopress.it\/fr\/wp-json\/wp\/v2\/posts\/103526\/revisions\/103527"}],"wp:attachment":[{"href":"https:\/\/www.bellunopress.it\/fr\/wp-json\/wp\/v2\/media?parent=103526"}],"wp:term":[{"taxonomy":"category","embeddable":true,"href":"https:\/\/www.bellunopress.it\/fr\/wp-json\/wp\/v2\/categories?post=103526"},{"taxonomy":"post_tag","embeddable":true,"href":"https:\/\/www.bellunopress.it\/fr\/wp-json\/wp\/v2\/tags?post=103526"}],"curies":[{"name":"wp","href":"https:\/\/api.w.org\/{rel}","templated":true}]}}