{"id":103522,"date":"2019-04-04T17:38:56","date_gmt":"2019-04-04T15:38:56","guid":{"rendered":"http:\/\/www.bellunopress.it\/?p=103522"},"modified":"2019-04-04T17:38:56","modified_gmt":"2019-04-04T15:38:56","slug":"danni-maltempo-ottobre-2018-commissario-zaia-a-giorni-nelle-casse-regionali-la-prima-parte-dei-232-milioni-disponibili-per-il-2019","status":"publish","type":"post","link":"https:\/\/www.bellunopress.it\/fr\/2019\/04\/04\/danni-maltempo-ottobre-2018-commissario-zaia-a-giorni-nelle-casse-regionali-la-prima-parte-dei-232-milioni-disponibili-per-il-2019\/","title":{"rendered":"Danni maltempo ottobre 2018. Commissario Zaia: &#8220;A giorni nelle casse regionali la prima parte dei 232 milioni disponibili per il 2019&#8221;"},"content":{"rendered":"<p><a href=\"http:\/\/www.bellunopress.it\/fr\/2019\/03\/26\/sanita-giunta-veneta-autorizza-contratti-a-medici-pensionati-zaia-risposta-allemergenza\/luca-zaia-3\/\" rel=\"attachment wp-att-103218\"><img loading=\"lazy\" decoding=\"async\" class=\"alignleft size-full wp-image-103218\" src=\"http:\/\/www.bellunopress.it\/wp-content\/uploads\/2019\/03\/Luca-Zaia.jpg\" alt=\"\" width=\"182\" height=\"231\" \/><\/a>Venezia, 4 aprile 2019 &#8211; \u201cApprendo con soddisfazione della pubblicazione in Gazzetta Ufficiale del Decreto del Presidente del Consiglio dei Ministri, che assegna le risorse finanziarie relative a tutti i danni provocati dalla tempesta Vaia \u2013 sottolinea il Presidente della Regione del Veneto in veste di Commissario per il maltempo di fine ottobre 2018 \u2013 questo si traduce nel fatto che, formalmente, 232 milioni di euro stanno per entrare nelle casse regionali. Il primo 30 per cento \u00e8 atteso a giorni, direttamente dal Dipartimento di Protezione Civile. Risorse che daranno respiro ai 350 cantieri che abbiamo previsto di attivare da qui a fine settembre, come previsto nel Piano del Commissario approvato dalla Protezione Civile nazionale la scorsa settimana\u201d.<\/p>\n<p>I primi interventi attesi riguardano la viabilit\u00e0, la difesa dei centri abitati dal rischio valanghivo e idrogeologico, interventi alle reti infrastrutturali e sui singoli Comuni come nel caso del lago di Alleghe per il quale, complessivamente, sono previsti interventi per 8 milioni di euro. Con la pubblicazione del DPCM decorrono i termini per avviare le iniziative destinate a privati e imprese, per le quali sono previsti, all\u2019interno del Piano del Commissario 2019, accantonamenti per 25 milioni di euro di interventi.<\/p>\n<p>\u201cNelle casse commissariali \u2013 precisa il Commissario per il maltempo di fine autunno 2018 &#8211; sono, comunque, gi\u00e0 arrivati e disponibili circa 7 milioni di euro dei 13 previsti per il primo sostegno gi\u00e0 approvato dal Presidente del Consiglio dei Ministri con Decreto del 21 febbraio scorso. Si tratta di risarcimenti relativi a danni fino a 5.000 euro per i privati e 20 mila per le imprese, che servono a far fronte a lavori urgenti. Con tali risorse daremo risposte a quei cittadini che hanno presentato la domanda per i primi sostegni alle abitazioni principali e alle aziende. Ci\u00f2 significa poter anticipare risorse direttamente a cittadini e imprese danneggiati dagli effetti della tempesta Vaia anche qualche mese prima della conclusione dell\u2019iter burocratico necessario ai contributi pi\u00f9 sostanziosi\u201d.<\/p>\n<p>\u201cQuando sar\u00e0 approvato il decreto attuativo da 150milioni di euro relativo alla legge 119 del 2018 \u2013 chiude il Commissario \u2013 avremo completato il quadro 2019 delle risorse per la ricostruzione. I cantieri, tra cui sar\u00e0 ricompreso anche quello relativo ai Serrai di Sottoguda per circa 7 milioni di euro, stanno partendo e la macchina \u00e8 attivata con il massimo impegno e sforzo da parte delle strutture regionali. Il mio impegno personale \u00e8 di vigilare e di essere al fianco dei cittadini e di supportarli in tutto perch\u00e9 la ricostruzione possa realizzarsi al pi\u00f9 presto e che la nostra montagna torni a risplendere\u201d.<\/p>","protected":false},"excerpt":{"rendered":"<p>Venezia, 4 aprile 2019 &#8211; \u201cApprendo con soddisfazione della pubblicazione in Gazzetta Ufficiale del Decreto del Presidente del Consiglio dei Ministri, che assegna le risorse finanziarie relative a tutti i danni provocati dalla tempesta Vaia \u2013 sottolinea il Presidente della Regione del Veneto in veste di Commissario per il maltempo di fine ottobre 2018 \u2013 [&hellip;]<\/p>\n","protected":false},"author":2,"featured_media":0,"comment_status":"closed","ping_status":"open","sticky":false,"template":"","format":"standard","meta":{"footnotes":""},"categories":[5,26],"tags":[],"class_list":["post-103522","post","type-post","status-publish","format-standard","category-cronaca","category-prima-pagina"],"yoast_head":"<!-- This site is optimized with the Yoast SEO plugin v28.4 - https:\/\/yoast.com\/product\/yoast-seo-wordpress\/ -->\n<title>Danni maltempo ottobre 2018. Commissario Zaia: &quot;A giorni nelle casse regionali la prima parte dei 232 milioni disponibili per il 2019&quot; - Bellunopress - Dolomiti<\/title>\n<meta name=\"robots\" content=\"index, follow, max-snippet:-1, max-image-preview:large, max-video-preview:-1\" \/>\n<link rel=\"canonical\" href=\"https:\/\/www.bellunopress.it\/fr\/2019\/04\/04\/danni-maltempo-ottobre-2018-commissario-zaia-a-giorni-nelle-casse-regionali-la-prima-parte-dei-232-milioni-disponibili-per-il-2019\/\" \/>\n<meta property=\"og:locale\" content=\"fr_FR\" \/>\n<meta property=\"og:type\" content=\"article\" \/>\n<meta property=\"og:title\" content=\"Danni maltempo ottobre 2018. Commissario Zaia: &quot;A giorni nelle casse regionali la prima parte dei 232 milioni disponibili per il 2019&quot; - Bellunopress - Dolomiti\" \/>\n<meta property=\"og:description\" content=\"Venezia, 4 aprile 2019 &#8211; \u201cApprendo con soddisfazione della pubblicazione in Gazzetta Ufficiale del Decreto del Presidente del Consiglio dei Ministri, che assegna le risorse finanziarie relative a tutti i danni provocati dalla tempesta Vaia \u2013 sottolinea il Presidente della Regione del Veneto in veste di Commissario per il maltempo di fine ottobre 2018 \u2013 [&hellip;]\" \/>\n<meta property=\"og:url\" content=\"https:\/\/www.bellunopress.it\/fr\/2019\/04\/04\/danni-maltempo-ottobre-2018-commissario-zaia-a-giorni-nelle-casse-regionali-la-prima-parte-dei-232-milioni-disponibili-per-il-2019\/\" \/>\n<meta property=\"og:site_name\" content=\"Bellunopress - Dolomiti\" \/>\n<meta property=\"article:publisher\" content=\"https:\/\/www.facebook.com\/profile.php?id=100008943462799\" \/>\n<meta property=\"article:published_time\" content=\"2019-04-04T15:38:56+00:00\" \/>\n<meta property=\"og:image\" content=\"http:\/\/www.bellunopress.it\/wp-content\/uploads\/2019\/03\/Luca-Zaia.jpg\" \/>\n<meta name=\"author\" content=\"redazione\" \/>\n<meta name=\"twitter:card\" content=\"summary_large_image\" \/>\n<meta name=\"twitter:creator\" content=\"@bellunopress\" \/>\n<meta name=\"twitter:site\" content=\"@bellunopress\" \/>\n<meta name=\"twitter:label1\" content=\"\u00c9crit par\" \/>\n\t<meta name=\"twitter:data1\" content=\"redazione\" \/>\n\t<meta name=\"twitter:label2\" content=\"Dur\u00e9e de lecture estim\u00e9e\" \/>\n\t<meta name=\"twitter:data2\" content=\"2 minutes\" \/>\n<script type=\"application\/ld+json\" class=\"yoast-schema-graph\">{\"@context\":\"https:\\\/\\\/schema.org\",\"@graph\":[{\"@type\":\"Article\",\"@id\":\"https:\\\/\\\/www.bellunopress.it\\\/2019\\\/04\\\/04\\\/danni-maltempo-ottobre-2018-commissario-zaia-a-giorni-nelle-casse-regionali-la-prima-parte-dei-232-milioni-disponibili-per-il-2019\\\/#article\",\"isPartOf\":{\"@id\":\"https:\\\/\\\/www.bellunopress.it\\\/2019\\\/04\\\/04\\\/danni-maltempo-ottobre-2018-commissario-zaia-a-giorni-nelle-casse-regionali-la-prima-parte-dei-232-milioni-disponibili-per-il-2019\\\/\"},\"author\":{\"name\":\"redazione\",\"@id\":\"https:\\\/\\\/www.bellunopress.it\\\/#\\\/schema\\\/person\\\/79bb06722b37ece1c03d3e94beb30d73\"},\"headline\":\"Danni maltempo ottobre 2018. Commissario Zaia: &#8220;A giorni nelle casse regionali la prima parte dei 232 milioni disponibili per il 2019&#8221;\",\"datePublished\":\"2019-04-04T15:38:56+00:00\",\"mainEntityOfPage\":{\"@id\":\"https:\\\/\\\/www.bellunopress.it\\\/2019\\\/04\\\/04\\\/danni-maltempo-ottobre-2018-commissario-zaia-a-giorni-nelle-casse-regionali-la-prima-parte-dei-232-milioni-disponibili-per-il-2019\\\/\"},\"wordCount\":421,\"publisher\":{\"@id\":\"https:\\\/\\\/www.bellunopress.it\\\/#organization\"},\"image\":{\"@id\":\"https:\\\/\\\/www.bellunopress.it\\\/2019\\\/04\\\/04\\\/danni-maltempo-ottobre-2018-commissario-zaia-a-giorni-nelle-casse-regionali-la-prima-parte-dei-232-milioni-disponibili-per-il-2019\\\/#primaryimage\"},\"thumbnailUrl\":\"http:\\\/\\\/www.bellunopress.it\\\/wp-content\\\/uploads\\\/2019\\\/03\\\/Luca-Zaia.jpg\",\"articleSection\":[\"Cronaca\\\/Politica\",\"Prima Pagina\"],\"inLanguage\":\"fr-FR\"},{\"@type\":\"WebPage\",\"@id\":\"https:\\\/\\\/www.bellunopress.it\\\/2019\\\/04\\\/04\\\/danni-maltempo-ottobre-2018-commissario-zaia-a-giorni-nelle-casse-regionali-la-prima-parte-dei-232-milioni-disponibili-per-il-2019\\\/\",\"url\":\"https:\\\/\\\/www.bellunopress.it\\\/2019\\\/04\\\/04\\\/danni-maltempo-ottobre-2018-commissario-zaia-a-giorni-nelle-casse-regionali-la-prima-parte-dei-232-milioni-disponibili-per-il-2019\\\/\",\"name\":\"Danni maltempo ottobre 2018. Commissario Zaia: \\\"A giorni nelle casse regionali la prima parte dei 232 milioni disponibili per il 2019\\\" - Bellunopress - Dolomiti\",\"isPartOf\":{\"@id\":\"https:\\\/\\\/www.bellunopress.it\\\/#website\"},\"primaryImageOfPage\":{\"@id\":\"https:\\\/\\\/www.bellunopress.it\\\/2019\\\/04\\\/04\\\/danni-maltempo-ottobre-2018-commissario-zaia-a-giorni-nelle-casse-regionali-la-prima-parte-dei-232-milioni-disponibili-per-il-2019\\\/#primaryimage\"},\"image\":{\"@id\":\"https:\\\/\\\/www.bellunopress.it\\\/2019\\\/04\\\/04\\\/danni-maltempo-ottobre-2018-commissario-zaia-a-giorni-nelle-casse-regionali-la-prima-parte-dei-232-milioni-disponibili-per-il-2019\\\/#primaryimage\"},\"thumbnailUrl\":\"http:\\\/\\\/www.bellunopress.it\\\/wp-content\\\/uploads\\\/2019\\\/03\\\/Luca-Zaia.jpg\",\"datePublished\":\"2019-04-04T15:38:56+00:00\",\"breadcrumb\":{\"@id\":\"https:\\\/\\\/www.bellunopress.it\\\/2019\\\/04\\\/04\\\/danni-maltempo-ottobre-2018-commissario-zaia-a-giorni-nelle-casse-regionali-la-prima-parte-dei-232-milioni-disponibili-per-il-2019\\\/#breadcrumb\"},\"inLanguage\":\"fr-FR\",\"potentialAction\":[{\"@type\":\"ReadAction\",\"target\":[\"https:\\\/\\\/www.bellunopress.it\\\/2019\\\/04\\\/04\\\/danni-maltempo-ottobre-2018-commissario-zaia-a-giorni-nelle-casse-regionali-la-prima-parte-dei-232-milioni-disponibili-per-il-2019\\\/\"]}]},{\"@type\":\"ImageObject\",\"inLanguage\":\"fr-FR\",\"@id\":\"https:\\\/\\\/www.bellunopress.it\\\/2019\\\/04\\\/04\\\/danni-maltempo-ottobre-2018-commissario-zaia-a-giorni-nelle-casse-regionali-la-prima-parte-dei-232-milioni-disponibili-per-il-2019\\\/#primaryimage\",\"url\":\"http:\\\/\\\/www.bellunopress.it\\\/wp-content\\\/uploads\\\/2019\\\/03\\\/Luca-Zaia.jpg\",\"contentUrl\":\"http:\\\/\\\/www.bellunopress.it\\\/wp-content\\\/uploads\\\/2019\\\/03\\\/Luca-Zaia.jpg\"},{\"@type\":\"BreadcrumbList\",\"@id\":\"https:\\\/\\\/www.bellunopress.it\\\/2019\\\/04\\\/04\\\/danni-maltempo-ottobre-2018-commissario-zaia-a-giorni-nelle-casse-regionali-la-prima-parte-dei-232-milioni-disponibili-per-il-2019\\\/#breadcrumb\",\"itemListElement\":[{\"@type\":\"ListItem\",\"position\":1,\"name\":\"Home\",\"item\":\"https:\\\/\\\/www.bellunopress.it\\\/\"},{\"@type\":\"ListItem\",\"position\":2,\"name\":\"Danni maltempo ottobre 2018. Commissario Zaia: &#8220;A giorni nelle casse regionali la prima parte dei 232 milioni disponibili per il 2019&#8221;\"}]},{\"@type\":\"WebSite\",\"@id\":\"https:\\\/\\\/www.bellunopress.it\\\/#website\",\"url\":\"https:\\\/\\\/www.bellunopress.it\\\/\",\"name\":\"Bellunopress - Dolomiti\",\"description\":\"e-mail: redazione@bellunopress.it\",\"publisher\":{\"@id\":\"https:\\\/\\\/www.bellunopress.it\\\/#organization\"},\"potentialAction\":[{\"@type\":\"SearchAction\",\"target\":{\"@type\":\"EntryPoint\",\"urlTemplate\":\"https:\\\/\\\/www.bellunopress.it\\\/?s={search_term_string}\"},\"query-input\":{\"@type\":\"PropertyValueSpecification\",\"valueRequired\":true,\"valueName\":\"search_term_string\"}}],\"inLanguage\":\"fr-FR\"},{\"@type\":\"Organization\",\"@id\":\"https:\\\/\\\/www.bellunopress.it\\\/#organization\",\"name\":\"Bellunopress\",\"url\":\"https:\\\/\\\/www.bellunopress.it\\\/\",\"logo\":{\"@type\":\"ImageObject\",\"inLanguage\":\"fr-FR\",\"@id\":\"https:\\\/\\\/www.bellunopress.it\\\/#\\\/schema\\\/logo\\\/image\\\/\",\"url\":\"https:\\\/\\\/www.bellunopress.it\\\/wp-content\\\/uploads\\\/2011\\\/05\\\/cropped-logo-bellunopress-.jpg\",\"contentUrl\":\"https:\\\/\\\/www.bellunopress.it\\\/wp-content\\\/uploads\\\/2011\\\/05\\\/cropped-logo-bellunopress-.jpg\",\"width\":512,\"height\":512,\"caption\":\"Bellunopress\"},\"image\":{\"@id\":\"https:\\\/\\\/www.bellunopress.it\\\/#\\\/schema\\\/logo\\\/image\\\/\"},\"sameAs\":[\"https:\\\/\\\/www.facebook.com\\\/profile.php?id=100008943462799\",\"https:\\\/\\\/x.com\\\/bellunopress\",\"https:\\\/\\\/www.linkedin.com\\\/hp\\\/?dnr=JBzUWaJfMUw8vbXJJ2tVW5-I3jZKvC4wsoxE&amp;amp;amp;amp;amp;amp;trk=nav_responsive_tab_home\",\"https:\\\/\\\/www.youtube.com\\\/channel\\\/UCxL0wu1uN0_3_7hGG0306cw\"]},{\"@type\":\"Person\",\"@id\":\"https:\\\/\\\/www.bellunopress.it\\\/#\\\/schema\\\/person\\\/79bb06722b37ece1c03d3e94beb30d73\",\"name\":\"redazione\",\"image\":{\"@type\":\"ImageObject\",\"inLanguage\":\"fr-FR\",\"@id\":\"https:\\\/\\\/secure.gravatar.com\\\/avatar\\\/37d968a2e67a6fd04c169c4bdef102d0bc5d31b2546345219e348575eb80e9a0?s=96&d=mm&r=g\",\"url\":\"https:\\\/\\\/secure.gravatar.com\\\/avatar\\\/37d968a2e67a6fd04c169c4bdef102d0bc5d31b2546345219e348575eb80e9a0?s=96&d=mm&r=g\",\"contentUrl\":\"https:\\\/\\\/secure.gravatar.com\\\/avatar\\\/37d968a2e67a6fd04c169c4bdef102d0bc5d31b2546345219e348575eb80e9a0?s=96&d=mm&r=g\",\"caption\":\"redazione\"},\"sameAs\":[\"http:\\\/\\\/www.bellunopress.it\",\"https:\\\/\\\/x.com\\\/bellunopress\"],\"url\":\"https:\\\/\\\/www.bellunopress.it\\\/fr\\\/author\\\/redazione\\\/\"}]}<\/script>\n<!-- \/ Yoast SEO plugin. -->","yoast_head_json":{"title":"Danni maltempo ottobre 2018. Commissario Zaia: \"A giorni nelle casse regionali la prima parte dei 232 milioni disponibili per il 2019\" - Bellunopress - Dolomiti","robots":{"index":"index","follow":"follow","max-snippet":"max-snippet:-1","max-image-preview":"max-image-preview:large","max-video-preview":"max-video-preview:-1"},"canonical":"https:\/\/www.bellunopress.it\/fr\/2019\/04\/04\/danni-maltempo-ottobre-2018-commissario-zaia-a-giorni-nelle-casse-regionali-la-prima-parte-dei-232-milioni-disponibili-per-il-2019\/","og_locale":"fr_FR","og_type":"article","og_title":"Danni maltempo ottobre 2018. Commissario Zaia: \"A giorni nelle casse regionali la prima parte dei 232 milioni disponibili per il 2019\" - Bellunopress - Dolomiti","og_description":"Venezia, 4 aprile 2019 &#8211; \u201cApprendo con soddisfazione della pubblicazione in Gazzetta Ufficiale del Decreto del Presidente del Consiglio dei Ministri, che assegna le risorse finanziarie relative a tutti i danni provocati dalla tempesta Vaia \u2013 sottolinea il Presidente della Regione del Veneto in veste di Commissario per il maltempo di fine ottobre 2018 \u2013 [&hellip;]","og_url":"https:\/\/www.bellunopress.it\/fr\/2019\/04\/04\/danni-maltempo-ottobre-2018-commissario-zaia-a-giorni-nelle-casse-regionali-la-prima-parte-dei-232-milioni-disponibili-per-il-2019\/","og_site_name":"Bellunopress - Dolomiti","article_publisher":"https:\/\/www.facebook.com\/profile.php?id=100008943462799","article_published_time":"2019-04-04T15:38:56+00:00","og_image":[{"url":"http:\/\/www.bellunopress.it\/wp-content\/uploads\/2019\/03\/Luca-Zaia.jpg","type":"","width":"","height":""}],"author":"redazione","twitter_card":"summary_large_image","twitter_creator":"@bellunopress","twitter_site":"@bellunopress","twitter_misc":{"\u00c9crit par":"redazione","Dur\u00e9e de lecture estim\u00e9e":"2 minutes"},"schema":{"@context":"https:\/\/schema.org","@graph":[{"@type":"Article","@id":"https:\/\/www.bellunopress.it\/2019\/04\/04\/danni-maltempo-ottobre-2018-commissario-zaia-a-giorni-nelle-casse-regionali-la-prima-parte-dei-232-milioni-disponibili-per-il-2019\/#article","isPartOf":{"@id":"https:\/\/www.bellunopress.it\/2019\/04\/04\/danni-maltempo-ottobre-2018-commissario-zaia-a-giorni-nelle-casse-regionali-la-prima-parte-dei-232-milioni-disponibili-per-il-2019\/"},"author":{"name":"redazione","@id":"https:\/\/www.bellunopress.it\/#\/schema\/person\/79bb06722b37ece1c03d3e94beb30d73"},"headline":"Danni maltempo ottobre 2018. Commissario Zaia: &#8220;A giorni nelle casse regionali la prima parte dei 232 milioni disponibili per il 2019&#8221;","datePublished":"2019-04-04T15:38:56+00:00","mainEntityOfPage":{"@id":"https:\/\/www.bellunopress.it\/2019\/04\/04\/danni-maltempo-ottobre-2018-commissario-zaia-a-giorni-nelle-casse-regionali-la-prima-parte-dei-232-milioni-disponibili-per-il-2019\/"},"wordCount":421,"publisher":{"@id":"https:\/\/www.bellunopress.it\/#organization"},"image":{"@id":"https:\/\/www.bellunopress.it\/2019\/04\/04\/danni-maltempo-ottobre-2018-commissario-zaia-a-giorni-nelle-casse-regionali-la-prima-parte-dei-232-milioni-disponibili-per-il-2019\/#primaryimage"},"thumbnailUrl":"http:\/\/www.bellunopress.it\/wp-content\/uploads\/2019\/03\/Luca-Zaia.jpg","articleSection":["Cronaca\/Politica","Prima Pagina"],"inLanguage":"fr-FR"},{"@type":"WebPage","@id":"https:\/\/www.bellunopress.it\/2019\/04\/04\/danni-maltempo-ottobre-2018-commissario-zaia-a-giorni-nelle-casse-regionali-la-prima-parte-dei-232-milioni-disponibili-per-il-2019\/","url":"https:\/\/www.bellunopress.it\/2019\/04\/04\/danni-maltempo-ottobre-2018-commissario-zaia-a-giorni-nelle-casse-regionali-la-prima-parte-dei-232-milioni-disponibili-per-il-2019\/","name":"Danni maltempo ottobre 2018. Commissario Zaia: \"A giorni nelle casse regionali la prima parte dei 232 milioni disponibili per il 2019\" - Bellunopress - Dolomiti","isPartOf":{"@id":"https:\/\/www.bellunopress.it\/#website"},"primaryImageOfPage":{"@id":"https:\/\/www.bellunopress.it\/2019\/04\/04\/danni-maltempo-ottobre-2018-commissario-zaia-a-giorni-nelle-casse-regionali-la-prima-parte-dei-232-milioni-disponibili-per-il-2019\/#primaryimage"},"image":{"@id":"https:\/\/www.bellunopress.it\/2019\/04\/04\/danni-maltempo-ottobre-2018-commissario-zaia-a-giorni-nelle-casse-regionali-la-prima-parte-dei-232-milioni-disponibili-per-il-2019\/#primaryimage"},"thumbnailUrl":"http:\/\/www.bellunopress.it\/wp-content\/uploads\/2019\/03\/Luca-Zaia.jpg","datePublished":"2019-04-04T15:38:56+00:00","breadcrumb":{"@id":"https:\/\/www.bellunopress.it\/2019\/04\/04\/danni-maltempo-ottobre-2018-commissario-zaia-a-giorni-nelle-casse-regionali-la-prima-parte-dei-232-milioni-disponibili-per-il-2019\/#breadcrumb"},"inLanguage":"fr-FR","potentialAction":[{"@type":"ReadAction","target":["https:\/\/www.bellunopress.it\/2019\/04\/04\/danni-maltempo-ottobre-2018-commissario-zaia-a-giorni-nelle-casse-regionali-la-prima-parte-dei-232-milioni-disponibili-per-il-2019\/"]}]},{"@type":"ImageObject","inLanguage":"fr-FR","@id":"https:\/\/www.bellunopress.it\/2019\/04\/04\/danni-maltempo-ottobre-2018-commissario-zaia-a-giorni-nelle-casse-regionali-la-prima-parte-dei-232-milioni-disponibili-per-il-2019\/#primaryimage","url":"http:\/\/www.bellunopress.it\/wp-content\/uploads\/2019\/03\/Luca-Zaia.jpg","contentUrl":"http:\/\/www.bellunopress.it\/wp-content\/uploads\/2019\/03\/Luca-Zaia.jpg"},{"@type":"BreadcrumbList","@id":"https:\/\/www.bellunopress.it\/2019\/04\/04\/danni-maltempo-ottobre-2018-commissario-zaia-a-giorni-nelle-casse-regionali-la-prima-parte-dei-232-milioni-disponibili-per-il-2019\/#breadcrumb","itemListElement":[{"@type":"ListItem","position":1,"name":"Home","item":"https:\/\/www.bellunopress.it\/"},{"@type":"ListItem","position":2,"name":"Danni maltempo ottobre 2018. Commissario Zaia: &#8220;A giorni nelle casse regionali la prima parte dei 232 milioni disponibili per il 2019&#8221;"}]},{"@type":"WebSite","@id":"https:\/\/www.bellunopress.it\/#website","url":"https:\/\/www.bellunopress.it\/","name":"Bellunopress - Dolomiti","description":"e-mail: redazione@bellunopress.it","publisher":{"@id":"https:\/\/www.bellunopress.it\/#organization"},"potentialAction":[{"@type":"SearchAction","target":{"@type":"EntryPoint","urlTemplate":"https:\/\/www.bellunopress.it\/?s={search_term_string}"},"query-input":{"@type":"PropertyValueSpecification","valueRequired":true,"valueName":"search_term_string"}}],"inLanguage":"fr-FR"},{"@type":"Organization","@id":"https:\/\/www.bellunopress.it\/#organization","name":"Bellunopress","url":"https:\/\/www.bellunopress.it\/","logo":{"@type":"ImageObject","inLanguage":"fr-FR","@id":"https:\/\/www.bellunopress.it\/#\/schema\/logo\/image\/","url":"https:\/\/www.bellunopress.it\/wp-content\/uploads\/2011\/05\/cropped-logo-bellunopress-.jpg","contentUrl":"https:\/\/www.bellunopress.it\/wp-content\/uploads\/2011\/05\/cropped-logo-bellunopress-.jpg","width":512,"height":512,"caption":"Bellunopress"},"image":{"@id":"https:\/\/www.bellunopress.it\/#\/schema\/logo\/image\/"},"sameAs":["https:\/\/www.facebook.com\/profile.php?id=100008943462799","https:\/\/x.com\/bellunopress","https:\/\/www.linkedin.com\/hp\/?dnr=JBzUWaJfMUw8vbXJJ2tVW5-I3jZKvC4wsoxE&amp;amp;amp;amp;amp;amp;trk=nav_responsive_tab_home","https:\/\/www.youtube.com\/channel\/UCxL0wu1uN0_3_7hGG0306cw"]},{"@type":"Person","@id":"https:\/\/www.bellunopress.it\/#\/schema\/person\/79bb06722b37ece1c03d3e94beb30d73","name":"r\u00e9daction","image":{"@type":"ImageObject","inLanguage":"fr-FR","@id":"https:\/\/secure.gravatar.com\/avatar\/37d968a2e67a6fd04c169c4bdef102d0bc5d31b2546345219e348575eb80e9a0?s=96&d=mm&r=g","url":"https:\/\/secure.gravatar.com\/avatar\/37d968a2e67a6fd04c169c4bdef102d0bc5d31b2546345219e348575eb80e9a0?s=96&d=mm&r=g","contentUrl":"https:\/\/secure.gravatar.com\/avatar\/37d968a2e67a6fd04c169c4bdef102d0bc5d31b2546345219e348575eb80e9a0?s=96&d=mm&r=g","caption":"redazione"},"sameAs":["http:\/\/www.bellunopress.it","https:\/\/x.com\/bellunopress"],"url":"https:\/\/www.bellunopress.it\/fr\/author\/redazione\/"}]}},"_links":{"self":[{"href":"https:\/\/www.bellunopress.it\/fr\/wp-json\/wp\/v2\/posts\/103522","targetHints":{"allow":["GET"]}}],"collection":[{"href":"https:\/\/www.bellunopress.it\/fr\/wp-json\/wp\/v2\/posts"}],"about":[{"href":"https:\/\/www.bellunopress.it\/fr\/wp-json\/wp\/v2\/types\/post"}],"author":[{"embeddable":true,"href":"https:\/\/www.bellunopress.it\/fr\/wp-json\/wp\/v2\/users\/2"}],"replies":[{"embeddable":true,"href":"https:\/\/www.bellunopress.it\/fr\/wp-json\/wp\/v2\/comments?post=103522"}],"version-history":[{"count":1,"href":"https:\/\/www.bellunopress.it\/fr\/wp-json\/wp\/v2\/posts\/103522\/revisions"}],"predecessor-version":[{"id":103523,"href":"https:\/\/www.bellunopress.it\/fr\/wp-json\/wp\/v2\/posts\/103522\/revisions\/103523"}],"wp:attachment":[{"href":"https:\/\/www.bellunopress.it\/fr\/wp-json\/wp\/v2\/media?parent=103522"}],"wp:term":[{"taxonomy":"category","embeddable":true,"href":"https:\/\/www.bellunopress.it\/fr\/wp-json\/wp\/v2\/categories?post=103522"},{"taxonomy":"post_tag","embeddable":true,"href":"https:\/\/www.bellunopress.it\/fr\/wp-json\/wp\/v2\/tags?post=103522"}],"curies":[{"name":"wp","href":"https:\/\/api.w.org\/{rel}","templated":true}]}}