{"id":103518,"date":"2019-04-04T16:39:57","date_gmt":"2019-04-04T14:39:57","guid":{"rendered":"http:\/\/www.bellunopress.it\/?p=103518"},"modified":"2019-04-04T16:39:57","modified_gmt":"2019-04-04T14:39:57","slug":"azzalin-pd-lautonomia-e-sempre-piu-lontana-ma-a-zaia-va-bene-firmare-qualsiasi-cosa-per-poter-fare-propaganda-elettorale","status":"publish","type":"post","link":"https:\/\/www.bellunopress.it\/fr\/2019\/04\/04\/azzalin-pd-lautonomia-e-sempre-piu-lontana-ma-a-zaia-va-bene-firmare-qualsiasi-cosa-per-poter-fare-propaganda-elettorale\/","title":{"rendered":"Azzalin (PD): &#8220;L&#8217;autonomia \u00e8 sempre pi\u00f9 lontana, ma a Zaia va bene firmare qualsiasi cosa per poter fare propaganda elettorale&#8221;"},"content":{"rendered":"<figure id=\"attachment_88813\" aria-describedby=\"caption-attachment-88813\" style=\"width: 209px\" class=\"wp-caption alignleft\"><a href=\"http:\/\/www.bellunopress.it\/fr\/2017\/08\/29\/autonomia-azzalin-ciambetti-ha-poca-memoria-a-sbarrare-le-porte-allautonomia-a-roma-fu-il-ministro-zaia\/graziano-azzalin\/\" rel=\"attachment wp-att-88813\"><img loading=\"lazy\" decoding=\"async\" class=\"size-full wp-image-88813\" src=\"http:\/\/www.bellunopress.it\/wp-content\/uploads\/2017\/08\/Graziano-Azzalin.jpg\" alt=\"\" width=\"209\" height=\"300\" \/><\/a><figcaption id=\"caption-attachment-88813\" class=\"wp-caption-text\">Graziano Azzalin &#8211; consigliere regionale Pd<\/figcaption><\/figure>\n<p>Venezia, 4 aprile 2019 \u00a0&#8211; \u00a0&#8220;La madre di tutte le battaglie rischia di trasformarsi nella nuova Guerra dei cent&#8217;anni e allora Zaia fa retromarcia. Non accordo definitivo tra Governo e Regioni, ma una pre intesa da sottoporre poi al Parlamento. Anche se i tempi si allungano ancora. L&#8217;urlo bellicoso dell&#8217;ottobre 2017 \u00e8 diventata una timida supplica: firmiamo qualcosa giusto perch\u00e9 ci sono le elezioni e pu\u00f2 tornare utile per fare propaganda&#8221;.<\/p>\n<p>Graziano Azzalin, consigliere del Partito Democratico interviene all&#8217;indomani dell&#8217;incontro tra il ministro per gli Affari regionali Erika Stefani e i governatori, non risparmiando critiche al presidente del Veneto Luca Zaia. &#8220;La pre intesa, inoltre, c&#8217;era gi\u00e0 ed era stata siglata con il sottosegretario del Governo Gentiloni, Bressa, a inizio 2018. Eppure la firma era sempre di Zaia&#8221;.<\/p>\n<p>&#8220;\u00c8 ancora tutto in alto mare, ma era fin troppo prevedibile. C&#8217;\u00e8 chi ha provato a fare il furbo, con scorciatoie assolutamente non coerenti con quanto stabilito in Consiglio regionale. In aula, infatti, era stato approvato un Pdl statale che prevedeva un percorso preciso che impegnava Zaia a trattare con il Governo e informare l&#8217;aula. Anche perch\u00e9 il testo del referendum-truffa era un quesito generico: si chiedeva un parere favorevole all&#8217;attribuzione di ulteriori forme e condizioni particolari di autonomia, senza specificare niente. Inoltre &#8211; ricorda Azzalin &#8211; sempre il Pdl 43, stabiliva l&#8217;oggetto dei negoziati sulla cui base il Governo avrebbe dovuto predisporre una legge da sottoporre poi all&#8217;approvazione di Camera e Senato.<\/p>\n<p>La Lega con i suoi governatori e i suoi ministri ha provato ad aggirare il Parlamento, ma l&#8217;operazione \u00e8 naufragata. Dopo essersi rimangiato i nove decimi e il residuo fiscale, adesso Zaia \u00e8 costretto a un altro passo indietro. Almeno chiedesse scusa ai veneti per i 16 milioni spesi in una consultazione che si rivela ogni giorno sempre pi\u00f9 inutile, visto che altre Regioni si sono mosse per chiedere pure loro nuove competenze allo Stato, senza aver sborsato un euro&#8221;.<\/p>","protected":false},"excerpt":{"rendered":"<p>Venezia, 4 aprile 2019 \u00a0&#8211; \u00a0&#8220;La madre di tutte le battaglie rischia di trasformarsi nella nuova Guerra dei cent&#8217;anni e allora Zaia fa retromarcia. Non accordo definitivo tra Governo e Regioni, ma una pre intesa da sottoporre poi al Parlamento. Anche se i tempi si allungano ancora. L&#8217;urlo bellicoso dell&#8217;ottobre 2017 \u00e8 diventata una timida [&hellip;]<\/p>\n","protected":false},"author":2,"featured_media":0,"comment_status":"closed","ping_status":"open","sticky":false,"template":"","format":"standard","meta":{"footnotes":""},"categories":[5,26],"tags":[],"class_list":["post-103518","post","type-post","status-publish","format-standard","category-cronaca","category-prima-pagina"],"yoast_head":"<!-- This site is optimized with the Yoast SEO plugin v28.4 - https:\/\/yoast.com\/product\/yoast-seo-wordpress\/ -->\n<title>Azzalin (PD): &quot;L&#039;autonomia \u00e8 sempre pi\u00f9 lontana, ma a Zaia va bene firmare qualsiasi cosa per poter fare propaganda elettorale&quot; - Bellunopress - Dolomiti<\/title>\n<meta name=\"robots\" content=\"index, follow, max-snippet:-1, max-image-preview:large, max-video-preview:-1\" \/>\n<link rel=\"canonical\" href=\"https:\/\/www.bellunopress.it\/fr\/2019\/04\/04\/azzalin-pd-lautonomia-e-sempre-piu-lontana-ma-a-zaia-va-bene-firmare-qualsiasi-cosa-per-poter-fare-propaganda-elettorale\/\" \/>\n<meta property=\"og:locale\" content=\"fr_FR\" \/>\n<meta property=\"og:type\" content=\"article\" \/>\n<meta property=\"og:title\" content=\"Azzalin (PD): &quot;L&#039;autonomia \u00e8 sempre pi\u00f9 lontana, ma a Zaia va bene firmare qualsiasi cosa per poter fare propaganda elettorale&quot; - Bellunopress - Dolomiti\" \/>\n<meta property=\"og:description\" content=\"Venezia, 4 aprile 2019 \u00a0&#8211; \u00a0&#8220;La madre di tutte le battaglie rischia di trasformarsi nella nuova Guerra dei cent&#8217;anni e allora Zaia fa retromarcia. Non accordo definitivo tra Governo e Regioni, ma una pre intesa da sottoporre poi al Parlamento. Anche se i tempi si allungano ancora. L&#8217;urlo bellicoso dell&#8217;ottobre 2017 \u00e8 diventata una timida [&hellip;]\" \/>\n<meta property=\"og:url\" content=\"https:\/\/www.bellunopress.it\/fr\/2019\/04\/04\/azzalin-pd-lautonomia-e-sempre-piu-lontana-ma-a-zaia-va-bene-firmare-qualsiasi-cosa-per-poter-fare-propaganda-elettorale\/\" \/>\n<meta property=\"og:site_name\" content=\"Bellunopress - Dolomiti\" \/>\n<meta property=\"article:publisher\" content=\"https:\/\/www.facebook.com\/profile.php?id=100008943462799\" \/>\n<meta property=\"article:published_time\" content=\"2019-04-04T14:39:57+00:00\" \/>\n<meta property=\"og:image\" content=\"http:\/\/www.bellunopress.it\/wp-content\/uploads\/2017\/08\/Graziano-Azzalin.jpg\" \/>\n<meta name=\"author\" content=\"redazione\" \/>\n<meta name=\"twitter:card\" content=\"summary_large_image\" \/>\n<meta name=\"twitter:creator\" content=\"@bellunopress\" \/>\n<meta name=\"twitter:site\" content=\"@bellunopress\" \/>\n<meta name=\"twitter:label1\" content=\"\u00c9crit par\" \/>\n\t<meta name=\"twitter:data1\" content=\"redazione\" \/>\n\t<meta name=\"twitter:label2\" content=\"Dur\u00e9e de lecture estim\u00e9e\" \/>\n\t<meta name=\"twitter:data2\" content=\"2 minutes\" \/>\n<script type=\"application\/ld+json\" class=\"yoast-schema-graph\">{\"@context\":\"https:\\\/\\\/schema.org\",\"@graph\":[{\"@type\":\"Article\",\"@id\":\"https:\\\/\\\/www.bellunopress.it\\\/2019\\\/04\\\/04\\\/azzalin-pd-lautonomia-e-sempre-piu-lontana-ma-a-zaia-va-bene-firmare-qualsiasi-cosa-per-poter-fare-propaganda-elettorale\\\/#article\",\"isPartOf\":{\"@id\":\"https:\\\/\\\/www.bellunopress.it\\\/2019\\\/04\\\/04\\\/azzalin-pd-lautonomia-e-sempre-piu-lontana-ma-a-zaia-va-bene-firmare-qualsiasi-cosa-per-poter-fare-propaganda-elettorale\\\/\"},\"author\":{\"name\":\"redazione\",\"@id\":\"https:\\\/\\\/www.bellunopress.it\\\/#\\\/schema\\\/person\\\/79bb06722b37ece1c03d3e94beb30d73\"},\"headline\":\"Azzalin (PD): &#8220;L&#8217;autonomia \u00e8 sempre pi\u00f9 lontana, ma a Zaia va bene firmare qualsiasi cosa per poter fare propaganda elettorale&#8221;\",\"datePublished\":\"2019-04-04T14:39:57+00:00\",\"mainEntityOfPage\":{\"@id\":\"https:\\\/\\\/www.bellunopress.it\\\/2019\\\/04\\\/04\\\/azzalin-pd-lautonomia-e-sempre-piu-lontana-ma-a-zaia-va-bene-firmare-qualsiasi-cosa-per-poter-fare-propaganda-elettorale\\\/\"},\"wordCount\":355,\"publisher\":{\"@id\":\"https:\\\/\\\/www.bellunopress.it\\\/#organization\"},\"image\":{\"@id\":\"https:\\\/\\\/www.bellunopress.it\\\/2019\\\/04\\\/04\\\/azzalin-pd-lautonomia-e-sempre-piu-lontana-ma-a-zaia-va-bene-firmare-qualsiasi-cosa-per-poter-fare-propaganda-elettorale\\\/#primaryimage\"},\"thumbnailUrl\":\"http:\\\/\\\/www.bellunopress.it\\\/wp-content\\\/uploads\\\/2017\\\/08\\\/Graziano-Azzalin.jpg\",\"articleSection\":[\"Cronaca\\\/Politica\",\"Prima Pagina\"],\"inLanguage\":\"fr-FR\"},{\"@type\":\"WebPage\",\"@id\":\"https:\\\/\\\/www.bellunopress.it\\\/2019\\\/04\\\/04\\\/azzalin-pd-lautonomia-e-sempre-piu-lontana-ma-a-zaia-va-bene-firmare-qualsiasi-cosa-per-poter-fare-propaganda-elettorale\\\/\",\"url\":\"https:\\\/\\\/www.bellunopress.it\\\/2019\\\/04\\\/04\\\/azzalin-pd-lautonomia-e-sempre-piu-lontana-ma-a-zaia-va-bene-firmare-qualsiasi-cosa-per-poter-fare-propaganda-elettorale\\\/\",\"name\":\"Azzalin (PD): \\\"L'autonomia \u00e8 sempre pi\u00f9 lontana, ma a Zaia va bene firmare qualsiasi cosa per poter fare propaganda elettorale\\\" - Bellunopress - Dolomiti\",\"isPartOf\":{\"@id\":\"https:\\\/\\\/www.bellunopress.it\\\/#website\"},\"primaryImageOfPage\":{\"@id\":\"https:\\\/\\\/www.bellunopress.it\\\/2019\\\/04\\\/04\\\/azzalin-pd-lautonomia-e-sempre-piu-lontana-ma-a-zaia-va-bene-firmare-qualsiasi-cosa-per-poter-fare-propaganda-elettorale\\\/#primaryimage\"},\"image\":{\"@id\":\"https:\\\/\\\/www.bellunopress.it\\\/2019\\\/04\\\/04\\\/azzalin-pd-lautonomia-e-sempre-piu-lontana-ma-a-zaia-va-bene-firmare-qualsiasi-cosa-per-poter-fare-propaganda-elettorale\\\/#primaryimage\"},\"thumbnailUrl\":\"http:\\\/\\\/www.bellunopress.it\\\/wp-content\\\/uploads\\\/2017\\\/08\\\/Graziano-Azzalin.jpg\",\"datePublished\":\"2019-04-04T14:39:57+00:00\",\"breadcrumb\":{\"@id\":\"https:\\\/\\\/www.bellunopress.it\\\/2019\\\/04\\\/04\\\/azzalin-pd-lautonomia-e-sempre-piu-lontana-ma-a-zaia-va-bene-firmare-qualsiasi-cosa-per-poter-fare-propaganda-elettorale\\\/#breadcrumb\"},\"inLanguage\":\"fr-FR\",\"potentialAction\":[{\"@type\":\"ReadAction\",\"target\":[\"https:\\\/\\\/www.bellunopress.it\\\/2019\\\/04\\\/04\\\/azzalin-pd-lautonomia-e-sempre-piu-lontana-ma-a-zaia-va-bene-firmare-qualsiasi-cosa-per-poter-fare-propaganda-elettorale\\\/\"]}]},{\"@type\":\"ImageObject\",\"inLanguage\":\"fr-FR\",\"@id\":\"https:\\\/\\\/www.bellunopress.it\\\/2019\\\/04\\\/04\\\/azzalin-pd-lautonomia-e-sempre-piu-lontana-ma-a-zaia-va-bene-firmare-qualsiasi-cosa-per-poter-fare-propaganda-elettorale\\\/#primaryimage\",\"url\":\"http:\\\/\\\/www.bellunopress.it\\\/wp-content\\\/uploads\\\/2017\\\/08\\\/Graziano-Azzalin.jpg\",\"contentUrl\":\"http:\\\/\\\/www.bellunopress.it\\\/wp-content\\\/uploads\\\/2017\\\/08\\\/Graziano-Azzalin.jpg\"},{\"@type\":\"BreadcrumbList\",\"@id\":\"https:\\\/\\\/www.bellunopress.it\\\/2019\\\/04\\\/04\\\/azzalin-pd-lautonomia-e-sempre-piu-lontana-ma-a-zaia-va-bene-firmare-qualsiasi-cosa-per-poter-fare-propaganda-elettorale\\\/#breadcrumb\",\"itemListElement\":[{\"@type\":\"ListItem\",\"position\":1,\"name\":\"Home\",\"item\":\"https:\\\/\\\/www.bellunopress.it\\\/\"},{\"@type\":\"ListItem\",\"position\":2,\"name\":\"Azzalin (PD): &#8220;L&#8217;autonomia \u00e8 sempre pi\u00f9 lontana, ma a Zaia va bene firmare qualsiasi cosa per poter fare propaganda elettorale&#8221;\"}]},{\"@type\":\"WebSite\",\"@id\":\"https:\\\/\\\/www.bellunopress.it\\\/#website\",\"url\":\"https:\\\/\\\/www.bellunopress.it\\\/\",\"name\":\"Bellunopress - Dolomiti\",\"description\":\"e-mail: redazione@bellunopress.it\",\"publisher\":{\"@id\":\"https:\\\/\\\/www.bellunopress.it\\\/#organization\"},\"potentialAction\":[{\"@type\":\"SearchAction\",\"target\":{\"@type\":\"EntryPoint\",\"urlTemplate\":\"https:\\\/\\\/www.bellunopress.it\\\/?s={search_term_string}\"},\"query-input\":{\"@type\":\"PropertyValueSpecification\",\"valueRequired\":true,\"valueName\":\"search_term_string\"}}],\"inLanguage\":\"fr-FR\"},{\"@type\":\"Organization\",\"@id\":\"https:\\\/\\\/www.bellunopress.it\\\/#organization\",\"name\":\"Bellunopress\",\"url\":\"https:\\\/\\\/www.bellunopress.it\\\/\",\"logo\":{\"@type\":\"ImageObject\",\"inLanguage\":\"fr-FR\",\"@id\":\"https:\\\/\\\/www.bellunopress.it\\\/#\\\/schema\\\/logo\\\/image\\\/\",\"url\":\"https:\\\/\\\/www.bellunopress.it\\\/wp-content\\\/uploads\\\/2011\\\/05\\\/cropped-logo-bellunopress-.jpg\",\"contentUrl\":\"https:\\\/\\\/www.bellunopress.it\\\/wp-content\\\/uploads\\\/2011\\\/05\\\/cropped-logo-bellunopress-.jpg\",\"width\":512,\"height\":512,\"caption\":\"Bellunopress\"},\"image\":{\"@id\":\"https:\\\/\\\/www.bellunopress.it\\\/#\\\/schema\\\/logo\\\/image\\\/\"},\"sameAs\":[\"https:\\\/\\\/www.facebook.com\\\/profile.php?id=100008943462799\",\"https:\\\/\\\/x.com\\\/bellunopress\",\"https:\\\/\\\/www.linkedin.com\\\/hp\\\/?dnr=JBzUWaJfMUw8vbXJJ2tVW5-I3jZKvC4wsoxE&amp;amp;amp;amp;amp;amp;trk=nav_responsive_tab_home\",\"https:\\\/\\\/www.youtube.com\\\/channel\\\/UCxL0wu1uN0_3_7hGG0306cw\"]},{\"@type\":\"Person\",\"@id\":\"https:\\\/\\\/www.bellunopress.it\\\/#\\\/schema\\\/person\\\/79bb06722b37ece1c03d3e94beb30d73\",\"name\":\"redazione\",\"image\":{\"@type\":\"ImageObject\",\"inLanguage\":\"fr-FR\",\"@id\":\"https:\\\/\\\/secure.gravatar.com\\\/avatar\\\/37d968a2e67a6fd04c169c4bdef102d0bc5d31b2546345219e348575eb80e9a0?s=96&d=mm&r=g\",\"url\":\"https:\\\/\\\/secure.gravatar.com\\\/avatar\\\/37d968a2e67a6fd04c169c4bdef102d0bc5d31b2546345219e348575eb80e9a0?s=96&d=mm&r=g\",\"contentUrl\":\"https:\\\/\\\/secure.gravatar.com\\\/avatar\\\/37d968a2e67a6fd04c169c4bdef102d0bc5d31b2546345219e348575eb80e9a0?s=96&d=mm&r=g\",\"caption\":\"redazione\"},\"sameAs\":[\"http:\\\/\\\/www.bellunopress.it\",\"https:\\\/\\\/x.com\\\/bellunopress\"],\"url\":\"https:\\\/\\\/www.bellunopress.it\\\/fr\\\/author\\\/redazione\\\/\"}]}<\/script>\n<!-- \/ Yoast SEO plugin. -->","yoast_head_json":{"title":"Azzalin (PD): \"L'autonomia \u00e8 sempre pi\u00f9 lontana, ma a Zaia va bene firmare qualsiasi cosa per poter fare propaganda elettorale\" - Bellunopress - Dolomiti","robots":{"index":"index","follow":"follow","max-snippet":"max-snippet:-1","max-image-preview":"max-image-preview:large","max-video-preview":"max-video-preview:-1"},"canonical":"https:\/\/www.bellunopress.it\/fr\/2019\/04\/04\/azzalin-pd-lautonomia-e-sempre-piu-lontana-ma-a-zaia-va-bene-firmare-qualsiasi-cosa-per-poter-fare-propaganda-elettorale\/","og_locale":"fr_FR","og_type":"article","og_title":"Azzalin (PD): \"L'autonomia \u00e8 sempre pi\u00f9 lontana, ma a Zaia va bene firmare qualsiasi cosa per poter fare propaganda elettorale\" - Bellunopress - Dolomiti","og_description":"Venezia, 4 aprile 2019 \u00a0&#8211; \u00a0&#8220;La madre di tutte le battaglie rischia di trasformarsi nella nuova Guerra dei cent&#8217;anni e allora Zaia fa retromarcia. Non accordo definitivo tra Governo e Regioni, ma una pre intesa da sottoporre poi al Parlamento. Anche se i tempi si allungano ancora. L&#8217;urlo bellicoso dell&#8217;ottobre 2017 \u00e8 diventata una timida [&hellip;]","og_url":"https:\/\/www.bellunopress.it\/fr\/2019\/04\/04\/azzalin-pd-lautonomia-e-sempre-piu-lontana-ma-a-zaia-va-bene-firmare-qualsiasi-cosa-per-poter-fare-propaganda-elettorale\/","og_site_name":"Bellunopress - Dolomiti","article_publisher":"https:\/\/www.facebook.com\/profile.php?id=100008943462799","article_published_time":"2019-04-04T14:39:57+00:00","og_image":[{"url":"http:\/\/www.bellunopress.it\/wp-content\/uploads\/2017\/08\/Graziano-Azzalin.jpg","type":"","width":"","height":""}],"author":"redazione","twitter_card":"summary_large_image","twitter_creator":"@bellunopress","twitter_site":"@bellunopress","twitter_misc":{"\u00c9crit par":"redazione","Dur\u00e9e de lecture estim\u00e9e":"2 minutes"},"schema":{"@context":"https:\/\/schema.org","@graph":[{"@type":"Article","@id":"https:\/\/www.bellunopress.it\/2019\/04\/04\/azzalin-pd-lautonomia-e-sempre-piu-lontana-ma-a-zaia-va-bene-firmare-qualsiasi-cosa-per-poter-fare-propaganda-elettorale\/#article","isPartOf":{"@id":"https:\/\/www.bellunopress.it\/2019\/04\/04\/azzalin-pd-lautonomia-e-sempre-piu-lontana-ma-a-zaia-va-bene-firmare-qualsiasi-cosa-per-poter-fare-propaganda-elettorale\/"},"author":{"name":"redazione","@id":"https:\/\/www.bellunopress.it\/#\/schema\/person\/79bb06722b37ece1c03d3e94beb30d73"},"headline":"Azzalin (PD): &#8220;L&#8217;autonomia \u00e8 sempre pi\u00f9 lontana, ma a Zaia va bene firmare qualsiasi cosa per poter fare propaganda elettorale&#8221;","datePublished":"2019-04-04T14:39:57+00:00","mainEntityOfPage":{"@id":"https:\/\/www.bellunopress.it\/2019\/04\/04\/azzalin-pd-lautonomia-e-sempre-piu-lontana-ma-a-zaia-va-bene-firmare-qualsiasi-cosa-per-poter-fare-propaganda-elettorale\/"},"wordCount":355,"publisher":{"@id":"https:\/\/www.bellunopress.it\/#organization"},"image":{"@id":"https:\/\/www.bellunopress.it\/2019\/04\/04\/azzalin-pd-lautonomia-e-sempre-piu-lontana-ma-a-zaia-va-bene-firmare-qualsiasi-cosa-per-poter-fare-propaganda-elettorale\/#primaryimage"},"thumbnailUrl":"http:\/\/www.bellunopress.it\/wp-content\/uploads\/2017\/08\/Graziano-Azzalin.jpg","articleSection":["Cronaca\/Politica","Prima Pagina"],"inLanguage":"fr-FR"},{"@type":"WebPage","@id":"https:\/\/www.bellunopress.it\/2019\/04\/04\/azzalin-pd-lautonomia-e-sempre-piu-lontana-ma-a-zaia-va-bene-firmare-qualsiasi-cosa-per-poter-fare-propaganda-elettorale\/","url":"https:\/\/www.bellunopress.it\/2019\/04\/04\/azzalin-pd-lautonomia-e-sempre-piu-lontana-ma-a-zaia-va-bene-firmare-qualsiasi-cosa-per-poter-fare-propaganda-elettorale\/","name":"Azzalin (PD): \"L'autonomia \u00e8 sempre pi\u00f9 lontana, ma a Zaia va bene firmare qualsiasi cosa per poter fare propaganda elettorale\" - Bellunopress - Dolomiti","isPartOf":{"@id":"https:\/\/www.bellunopress.it\/#website"},"primaryImageOfPage":{"@id":"https:\/\/www.bellunopress.it\/2019\/04\/04\/azzalin-pd-lautonomia-e-sempre-piu-lontana-ma-a-zaia-va-bene-firmare-qualsiasi-cosa-per-poter-fare-propaganda-elettorale\/#primaryimage"},"image":{"@id":"https:\/\/www.bellunopress.it\/2019\/04\/04\/azzalin-pd-lautonomia-e-sempre-piu-lontana-ma-a-zaia-va-bene-firmare-qualsiasi-cosa-per-poter-fare-propaganda-elettorale\/#primaryimage"},"thumbnailUrl":"http:\/\/www.bellunopress.it\/wp-content\/uploads\/2017\/08\/Graziano-Azzalin.jpg","datePublished":"2019-04-04T14:39:57+00:00","breadcrumb":{"@id":"https:\/\/www.bellunopress.it\/2019\/04\/04\/azzalin-pd-lautonomia-e-sempre-piu-lontana-ma-a-zaia-va-bene-firmare-qualsiasi-cosa-per-poter-fare-propaganda-elettorale\/#breadcrumb"},"inLanguage":"fr-FR","potentialAction":[{"@type":"ReadAction","target":["https:\/\/www.bellunopress.it\/2019\/04\/04\/azzalin-pd-lautonomia-e-sempre-piu-lontana-ma-a-zaia-va-bene-firmare-qualsiasi-cosa-per-poter-fare-propaganda-elettorale\/"]}]},{"@type":"ImageObject","inLanguage":"fr-FR","@id":"https:\/\/www.bellunopress.it\/2019\/04\/04\/azzalin-pd-lautonomia-e-sempre-piu-lontana-ma-a-zaia-va-bene-firmare-qualsiasi-cosa-per-poter-fare-propaganda-elettorale\/#primaryimage","url":"http:\/\/www.bellunopress.it\/wp-content\/uploads\/2017\/08\/Graziano-Azzalin.jpg","contentUrl":"http:\/\/www.bellunopress.it\/wp-content\/uploads\/2017\/08\/Graziano-Azzalin.jpg"},{"@type":"BreadcrumbList","@id":"https:\/\/www.bellunopress.it\/2019\/04\/04\/azzalin-pd-lautonomia-e-sempre-piu-lontana-ma-a-zaia-va-bene-firmare-qualsiasi-cosa-per-poter-fare-propaganda-elettorale\/#breadcrumb","itemListElement":[{"@type":"ListItem","position":1,"name":"Home","item":"https:\/\/www.bellunopress.it\/"},{"@type":"ListItem","position":2,"name":"Azzalin (PD): &#8220;L&#8217;autonomia \u00e8 sempre pi\u00f9 lontana, ma a Zaia va bene firmare qualsiasi cosa per poter fare propaganda elettorale&#8221;"}]},{"@type":"WebSite","@id":"https:\/\/www.bellunopress.it\/#website","url":"https:\/\/www.bellunopress.it\/","name":"Bellunopress - Dolomiti","description":"e-mail: redazione@bellunopress.it","publisher":{"@id":"https:\/\/www.bellunopress.it\/#organization"},"potentialAction":[{"@type":"SearchAction","target":{"@type":"EntryPoint","urlTemplate":"https:\/\/www.bellunopress.it\/?s={search_term_string}"},"query-input":{"@type":"PropertyValueSpecification","valueRequired":true,"valueName":"search_term_string"}}],"inLanguage":"fr-FR"},{"@type":"Organization","@id":"https:\/\/www.bellunopress.it\/#organization","name":"Bellunopress","url":"https:\/\/www.bellunopress.it\/","logo":{"@type":"ImageObject","inLanguage":"fr-FR","@id":"https:\/\/www.bellunopress.it\/#\/schema\/logo\/image\/","url":"https:\/\/www.bellunopress.it\/wp-content\/uploads\/2011\/05\/cropped-logo-bellunopress-.jpg","contentUrl":"https:\/\/www.bellunopress.it\/wp-content\/uploads\/2011\/05\/cropped-logo-bellunopress-.jpg","width":512,"height":512,"caption":"Bellunopress"},"image":{"@id":"https:\/\/www.bellunopress.it\/#\/schema\/logo\/image\/"},"sameAs":["https:\/\/www.facebook.com\/profile.php?id=100008943462799","https:\/\/x.com\/bellunopress","https:\/\/www.linkedin.com\/hp\/?dnr=JBzUWaJfMUw8vbXJJ2tVW5-I3jZKvC4wsoxE&amp;amp;amp;amp;amp;amp;trk=nav_responsive_tab_home","https:\/\/www.youtube.com\/channel\/UCxL0wu1uN0_3_7hGG0306cw"]},{"@type":"Person","@id":"https:\/\/www.bellunopress.it\/#\/schema\/person\/79bb06722b37ece1c03d3e94beb30d73","name":"r\u00e9daction","image":{"@type":"ImageObject","inLanguage":"fr-FR","@id":"https:\/\/secure.gravatar.com\/avatar\/37d968a2e67a6fd04c169c4bdef102d0bc5d31b2546345219e348575eb80e9a0?s=96&d=mm&r=g","url":"https:\/\/secure.gravatar.com\/avatar\/37d968a2e67a6fd04c169c4bdef102d0bc5d31b2546345219e348575eb80e9a0?s=96&d=mm&r=g","contentUrl":"https:\/\/secure.gravatar.com\/avatar\/37d968a2e67a6fd04c169c4bdef102d0bc5d31b2546345219e348575eb80e9a0?s=96&d=mm&r=g","caption":"redazione"},"sameAs":["http:\/\/www.bellunopress.it","https:\/\/x.com\/bellunopress"],"url":"https:\/\/www.bellunopress.it\/fr\/author\/redazione\/"}]}},"_links":{"self":[{"href":"https:\/\/www.bellunopress.it\/fr\/wp-json\/wp\/v2\/posts\/103518","targetHints":{"allow":["GET"]}}],"collection":[{"href":"https:\/\/www.bellunopress.it\/fr\/wp-json\/wp\/v2\/posts"}],"about":[{"href":"https:\/\/www.bellunopress.it\/fr\/wp-json\/wp\/v2\/types\/post"}],"author":[{"embeddable":true,"href":"https:\/\/www.bellunopress.it\/fr\/wp-json\/wp\/v2\/users\/2"}],"replies":[{"embeddable":true,"href":"https:\/\/www.bellunopress.it\/fr\/wp-json\/wp\/v2\/comments?post=103518"}],"version-history":[{"count":1,"href":"https:\/\/www.bellunopress.it\/fr\/wp-json\/wp\/v2\/posts\/103518\/revisions"}],"predecessor-version":[{"id":103519,"href":"https:\/\/www.bellunopress.it\/fr\/wp-json\/wp\/v2\/posts\/103518\/revisions\/103519"}],"wp:attachment":[{"href":"https:\/\/www.bellunopress.it\/fr\/wp-json\/wp\/v2\/media?parent=103518"}],"wp:term":[{"taxonomy":"category","embeddable":true,"href":"https:\/\/www.bellunopress.it\/fr\/wp-json\/wp\/v2\/categories?post=103518"},{"taxonomy":"post_tag","embeddable":true,"href":"https:\/\/www.bellunopress.it\/fr\/wp-json\/wp\/v2\/tags?post=103518"}],"curies":[{"name":"wp","href":"https:\/\/api.w.org\/{rel}","templated":true}]}}