{"id":103516,"date":"2019-04-04T16:35:32","date_gmt":"2019-04-04T14:35:32","guid":{"rendered":"http:\/\/www.bellunopress.it\/?p=103516"},"modified":"2019-04-06T11:04:00","modified_gmt":"2019-04-06T09:04:00","slug":"sabato-6-aprile-alle-15-30-a-sedico-matteo-renzi-presenta-il-suo-libro","status":"publish","type":"post","link":"https:\/\/www.bellunopress.it\/fr\/2019\/04\/04\/sabato-6-aprile-alle-15-30-a-sedico-matteo-renzi-presenta-il-suo-libro\/","title":{"rendered":"Sabato 6 aprile alle 15.30 a Sedico Matteo Renzi presenta il suo libro"},"content":{"rendered":"<p>Sabato 6 aprile a villa Patt di Sedico, Matteo Renzi presenta il suo ultimo libro, &#8220;Un&#8217;altra strada. Idee per l&#8217;Italia di domani&#8221;, edito da Marsilio.<\/p>\n<p><a href=\"http:\/\/www.bellunopress.it\/fr\/2017\/11\/09\/lincontro-massaro-a-renzi-rivedere-il-patto-di-stabilita-e-il-turnover\/renzi-massaro\/\" rel=\"attachment wp-att-90627\"><img loading=\"lazy\" decoding=\"async\" class=\"alignleft size-full wp-image-90627\" src=\"http:\/\/www.bellunopress.it\/wp-content\/uploads\/2017\/11\/renzi-massaro.jpg\" alt=\"\" width=\"278\" height=\"216\" \/><\/a>L\u2019ex presidente del Consiglio dei ministri sar\u00e0 accompagnato dal deputato bellunese Roger De Menech.<\/p>\n<p>Il libro nasce come tentativo di individuare alcune scelte di campo necessarie e urgenti, parole chiave che siano opzioni culturali, prima ancora che politiche, cantieri su cui rifondare una proposta per l\u2019Italia dotata di un respiro e una visione pi\u00f9 ampi di un tweet o di una diretta Facebook.<\/p>\n<p>La visione che ne emerge \u00e8 all\u2019insegna di un riformismo radicale nei valori, in grado di guardare al passato per offrire un orizzonte futuro. La necessit\u00e0, afferma Renzi, \u00e8 oggi di costruire luoghi in comune contro il prevalere dei luoghi comuni che hanno alimentato il mostro insaziabile del populismo.<\/p>\n<p>\u00abLe vicissitudini politiche quotidiane, della sinistra e del Partito democratico\u00bb, spiega De Menech, \u00abci fanno talvolta perdere di vista il bisogno di ribadire e sostenere apertamente lo schema di valori per cui noi ci battiamo. La presentazione del libro rientra in questo contesto e fa parte di un percorso che porter\u00e0 a prendere posizioni nette e pubbliche sui temi che ci contraddistinguono e il tentativo di ritrovare la verit\u00e0 dei fatti rispetto alle troppe fake news che inquinano il dibattito pubblico\u00bb.<\/p>\n<p>____________<\/p>","protected":false},"excerpt":{"rendered":"<p>Sabato 6 aprile a villa Patt di Sedico, Matteo Renzi presenta il suo ultimo libro, &#8220;Un&#8217;altra strada. Idee per l&#8217;Italia di domani&#8221;, edito da Marsilio. L\u2019ex presidente del Consiglio dei ministri sar\u00e0 accompagnato dal deputato bellunese Roger De Menech. Il libro nasce come tentativo di individuare alcune scelte di campo necessarie e urgenti, parole chiave [&hellip;]<\/p>\n","protected":false},"author":2,"featured_media":0,"comment_status":"closed","ping_status":"open","sticky":false,"template":"","format":"standard","meta":{"footnotes":""},"categories":[27,3,5],"tags":[],"class_list":["post-103516","post","type-post","status-publish","format-standard","category-appuntamenti","category-arte-cultura-spettacoli-scienza-archivi","category-cronaca"],"yoast_head":"<!-- This site is optimized with the Yoast SEO plugin v28.4 - https:\/\/yoast.com\/product\/yoast-seo-wordpress\/ -->\n<title>Sabato 6 aprile alle 15.30 a Sedico Matteo Renzi presenta il suo libro - Bellunopress - Dolomiti<\/title>\n<meta name=\"robots\" content=\"index, follow, max-snippet:-1, max-image-preview:large, max-video-preview:-1\" \/>\n<link rel=\"canonical\" href=\"https:\/\/www.bellunopress.it\/fr\/2019\/04\/04\/sabato-6-aprile-alle-15-30-a-sedico-matteo-renzi-presenta-il-suo-libro\/\" \/>\n<meta property=\"og:locale\" content=\"fr_FR\" \/>\n<meta property=\"og:type\" content=\"article\" \/>\n<meta property=\"og:title\" content=\"Sabato 6 aprile alle 15.30 a Sedico Matteo Renzi presenta il suo libro - Bellunopress - Dolomiti\" \/>\n<meta property=\"og:description\" content=\"Sabato 6 aprile a villa Patt di Sedico, Matteo Renzi presenta il suo ultimo libro, &#8220;Un&#8217;altra strada. Idee per l&#8217;Italia di domani&#8221;, edito da Marsilio. L\u2019ex presidente del Consiglio dei ministri sar\u00e0 accompagnato dal deputato bellunese Roger De Menech. Il libro nasce come tentativo di individuare alcune scelte di campo necessarie e urgenti, parole chiave [&hellip;]\" \/>\n<meta property=\"og:url\" content=\"https:\/\/www.bellunopress.it\/fr\/2019\/04\/04\/sabato-6-aprile-alle-15-30-a-sedico-matteo-renzi-presenta-il-suo-libro\/\" \/>\n<meta property=\"og:site_name\" content=\"Bellunopress - Dolomiti\" \/>\n<meta property=\"article:publisher\" content=\"https:\/\/www.facebook.com\/profile.php?id=100008943462799\" \/>\n<meta property=\"article:published_time\" content=\"2019-04-04T14:35:32+00:00\" \/>\n<meta property=\"article:modified_time\" content=\"2019-04-06T09:04:00+00:00\" \/>\n<meta property=\"og:image\" content=\"http:\/\/www.bellunopress.it\/wp-content\/uploads\/2017\/11\/renzi-massaro.jpg\" \/>\n<meta name=\"author\" content=\"redazione\" \/>\n<meta name=\"twitter:card\" content=\"summary_large_image\" \/>\n<meta name=\"twitter:creator\" content=\"@bellunopress\" \/>\n<meta name=\"twitter:site\" content=\"@bellunopress\" \/>\n<meta name=\"twitter:label1\" content=\"\u00c9crit par\" \/>\n\t<meta name=\"twitter:data1\" content=\"redazione\" \/>\n\t<meta name=\"twitter:label2\" content=\"Dur\u00e9e de lecture estim\u00e9e\" \/>\n\t<meta name=\"twitter:data2\" content=\"1 minute\" \/>\n<script type=\"application\/ld+json\" class=\"yoast-schema-graph\">{\"@context\":\"https:\\\/\\\/schema.org\",\"@graph\":[{\"@type\":\"Article\",\"@id\":\"https:\\\/\\\/www.bellunopress.it\\\/2019\\\/04\\\/04\\\/sabato-6-aprile-alle-15-30-a-sedico-matteo-renzi-presenta-il-suo-libro\\\/#article\",\"isPartOf\":{\"@id\":\"https:\\\/\\\/www.bellunopress.it\\\/2019\\\/04\\\/04\\\/sabato-6-aprile-alle-15-30-a-sedico-matteo-renzi-presenta-il-suo-libro\\\/\"},\"author\":{\"name\":\"redazione\",\"@id\":\"https:\\\/\\\/www.bellunopress.it\\\/#\\\/schema\\\/person\\\/79bb06722b37ece1c03d3e94beb30d73\"},\"headline\":\"Sabato 6 aprile alle 15.30 a Sedico Matteo Renzi presenta il suo libro\",\"datePublished\":\"2019-04-04T14:35:32+00:00\",\"dateModified\":\"2019-04-06T09:04:00+00:00\",\"mainEntityOfPage\":{\"@id\":\"https:\\\/\\\/www.bellunopress.it\\\/2019\\\/04\\\/04\\\/sabato-6-aprile-alle-15-30-a-sedico-matteo-renzi-presenta-il-suo-libro\\\/\"},\"wordCount\":231,\"publisher\":{\"@id\":\"https:\\\/\\\/www.bellunopress.it\\\/#organization\"},\"image\":{\"@id\":\"https:\\\/\\\/www.bellunopress.it\\\/2019\\\/04\\\/04\\\/sabato-6-aprile-alle-15-30-a-sedico-matteo-renzi-presenta-il-suo-libro\\\/#primaryimage\"},\"thumbnailUrl\":\"http:\\\/\\\/www.bellunopress.it\\\/wp-content\\\/uploads\\\/2017\\\/11\\\/renzi-massaro.jpg\",\"articleSection\":[\"Appuntamenti, Eventi\",\"Arte, Cultura, Spettacoli, Scienza\",\"Cronaca\\\/Politica\"],\"inLanguage\":\"fr-FR\"},{\"@type\":\"WebPage\",\"@id\":\"https:\\\/\\\/www.bellunopress.it\\\/2019\\\/04\\\/04\\\/sabato-6-aprile-alle-15-30-a-sedico-matteo-renzi-presenta-il-suo-libro\\\/\",\"url\":\"https:\\\/\\\/www.bellunopress.it\\\/2019\\\/04\\\/04\\\/sabato-6-aprile-alle-15-30-a-sedico-matteo-renzi-presenta-il-suo-libro\\\/\",\"name\":\"Sabato 6 aprile alle 15.30 a Sedico Matteo Renzi presenta il suo libro - Bellunopress - Dolomiti\",\"isPartOf\":{\"@id\":\"https:\\\/\\\/www.bellunopress.it\\\/#website\"},\"primaryImageOfPage\":{\"@id\":\"https:\\\/\\\/www.bellunopress.it\\\/2019\\\/04\\\/04\\\/sabato-6-aprile-alle-15-30-a-sedico-matteo-renzi-presenta-il-suo-libro\\\/#primaryimage\"},\"image\":{\"@id\":\"https:\\\/\\\/www.bellunopress.it\\\/2019\\\/04\\\/04\\\/sabato-6-aprile-alle-15-30-a-sedico-matteo-renzi-presenta-il-suo-libro\\\/#primaryimage\"},\"thumbnailUrl\":\"http:\\\/\\\/www.bellunopress.it\\\/wp-content\\\/uploads\\\/2017\\\/11\\\/renzi-massaro.jpg\",\"datePublished\":\"2019-04-04T14:35:32+00:00\",\"dateModified\":\"2019-04-06T09:04:00+00:00\",\"breadcrumb\":{\"@id\":\"https:\\\/\\\/www.bellunopress.it\\\/2019\\\/04\\\/04\\\/sabato-6-aprile-alle-15-30-a-sedico-matteo-renzi-presenta-il-suo-libro\\\/#breadcrumb\"},\"inLanguage\":\"fr-FR\",\"potentialAction\":[{\"@type\":\"ReadAction\",\"target\":[\"https:\\\/\\\/www.bellunopress.it\\\/2019\\\/04\\\/04\\\/sabato-6-aprile-alle-15-30-a-sedico-matteo-renzi-presenta-il-suo-libro\\\/\"]}]},{\"@type\":\"ImageObject\",\"inLanguage\":\"fr-FR\",\"@id\":\"https:\\\/\\\/www.bellunopress.it\\\/2019\\\/04\\\/04\\\/sabato-6-aprile-alle-15-30-a-sedico-matteo-renzi-presenta-il-suo-libro\\\/#primaryimage\",\"url\":\"http:\\\/\\\/www.bellunopress.it\\\/wp-content\\\/uploads\\\/2017\\\/11\\\/renzi-massaro.jpg\",\"contentUrl\":\"http:\\\/\\\/www.bellunopress.it\\\/wp-content\\\/uploads\\\/2017\\\/11\\\/renzi-massaro.jpg\"},{\"@type\":\"BreadcrumbList\",\"@id\":\"https:\\\/\\\/www.bellunopress.it\\\/2019\\\/04\\\/04\\\/sabato-6-aprile-alle-15-30-a-sedico-matteo-renzi-presenta-il-suo-libro\\\/#breadcrumb\",\"itemListElement\":[{\"@type\":\"ListItem\",\"position\":1,\"name\":\"Home\",\"item\":\"https:\\\/\\\/www.bellunopress.it\\\/\"},{\"@type\":\"ListItem\",\"position\":2,\"name\":\"Sabato 6 aprile alle 15.30 a Sedico Matteo Renzi presenta il suo libro\"}]},{\"@type\":\"WebSite\",\"@id\":\"https:\\\/\\\/www.bellunopress.it\\\/#website\",\"url\":\"https:\\\/\\\/www.bellunopress.it\\\/\",\"name\":\"Bellunopress - Dolomiti\",\"description\":\"e-mail: redazione@bellunopress.it\",\"publisher\":{\"@id\":\"https:\\\/\\\/www.bellunopress.it\\\/#organization\"},\"potentialAction\":[{\"@type\":\"SearchAction\",\"target\":{\"@type\":\"EntryPoint\",\"urlTemplate\":\"https:\\\/\\\/www.bellunopress.it\\\/?s={search_term_string}\"},\"query-input\":{\"@type\":\"PropertyValueSpecification\",\"valueRequired\":true,\"valueName\":\"search_term_string\"}}],\"inLanguage\":\"fr-FR\"},{\"@type\":\"Organization\",\"@id\":\"https:\\\/\\\/www.bellunopress.it\\\/#organization\",\"name\":\"Bellunopress\",\"url\":\"https:\\\/\\\/www.bellunopress.it\\\/\",\"logo\":{\"@type\":\"ImageObject\",\"inLanguage\":\"fr-FR\",\"@id\":\"https:\\\/\\\/www.bellunopress.it\\\/#\\\/schema\\\/logo\\\/image\\\/\",\"url\":\"https:\\\/\\\/www.bellunopress.it\\\/wp-content\\\/uploads\\\/2011\\\/05\\\/cropped-logo-bellunopress-.jpg\",\"contentUrl\":\"https:\\\/\\\/www.bellunopress.it\\\/wp-content\\\/uploads\\\/2011\\\/05\\\/cropped-logo-bellunopress-.jpg\",\"width\":512,\"height\":512,\"caption\":\"Bellunopress\"},\"image\":{\"@id\":\"https:\\\/\\\/www.bellunopress.it\\\/#\\\/schema\\\/logo\\\/image\\\/\"},\"sameAs\":[\"https:\\\/\\\/www.facebook.com\\\/profile.php?id=100008943462799\",\"https:\\\/\\\/x.com\\\/bellunopress\",\"https:\\\/\\\/www.linkedin.com\\\/hp\\\/?dnr=JBzUWaJfMUw8vbXJJ2tVW5-I3jZKvC4wsoxE&amp;amp;amp;amp;amp;amp;trk=nav_responsive_tab_home\",\"https:\\\/\\\/www.youtube.com\\\/channel\\\/UCxL0wu1uN0_3_7hGG0306cw\"]},{\"@type\":\"Person\",\"@id\":\"https:\\\/\\\/www.bellunopress.it\\\/#\\\/schema\\\/person\\\/79bb06722b37ece1c03d3e94beb30d73\",\"name\":\"redazione\",\"image\":{\"@type\":\"ImageObject\",\"inLanguage\":\"fr-FR\",\"@id\":\"https:\\\/\\\/secure.gravatar.com\\\/avatar\\\/37d968a2e67a6fd04c169c4bdef102d0bc5d31b2546345219e348575eb80e9a0?s=96&d=mm&r=g\",\"url\":\"https:\\\/\\\/secure.gravatar.com\\\/avatar\\\/37d968a2e67a6fd04c169c4bdef102d0bc5d31b2546345219e348575eb80e9a0?s=96&d=mm&r=g\",\"contentUrl\":\"https:\\\/\\\/secure.gravatar.com\\\/avatar\\\/37d968a2e67a6fd04c169c4bdef102d0bc5d31b2546345219e348575eb80e9a0?s=96&d=mm&r=g\",\"caption\":\"redazione\"},\"sameAs\":[\"http:\\\/\\\/www.bellunopress.it\",\"https:\\\/\\\/x.com\\\/bellunopress\"],\"url\":\"https:\\\/\\\/www.bellunopress.it\\\/fr\\\/author\\\/redazione\\\/\"}]}<\/script>\n<!-- \/ Yoast SEO plugin. -->","yoast_head_json":{"title":"Sabato 6 aprile alle 15.30 a Sedico Matteo Renzi presenta il suo libro - Bellunopress - Dolomiti","robots":{"index":"index","follow":"follow","max-snippet":"max-snippet:-1","max-image-preview":"max-image-preview:large","max-video-preview":"max-video-preview:-1"},"canonical":"https:\/\/www.bellunopress.it\/fr\/2019\/04\/04\/sabato-6-aprile-alle-15-30-a-sedico-matteo-renzi-presenta-il-suo-libro\/","og_locale":"fr_FR","og_type":"article","og_title":"Sabato 6 aprile alle 15.30 a Sedico Matteo Renzi presenta il suo libro - Bellunopress - Dolomiti","og_description":"Sabato 6 aprile a villa Patt di Sedico, Matteo Renzi presenta il suo ultimo libro, &#8220;Un&#8217;altra strada. Idee per l&#8217;Italia di domani&#8221;, edito da Marsilio. L\u2019ex presidente del Consiglio dei ministri sar\u00e0 accompagnato dal deputato bellunese Roger De Menech. Il libro nasce come tentativo di individuare alcune scelte di campo necessarie e urgenti, parole chiave [&hellip;]","og_url":"https:\/\/www.bellunopress.it\/fr\/2019\/04\/04\/sabato-6-aprile-alle-15-30-a-sedico-matteo-renzi-presenta-il-suo-libro\/","og_site_name":"Bellunopress - Dolomiti","article_publisher":"https:\/\/www.facebook.com\/profile.php?id=100008943462799","article_published_time":"2019-04-04T14:35:32+00:00","article_modified_time":"2019-04-06T09:04:00+00:00","og_image":[{"url":"http:\/\/www.bellunopress.it\/wp-content\/uploads\/2017\/11\/renzi-massaro.jpg","type":"","width":"","height":""}],"author":"redazione","twitter_card":"summary_large_image","twitter_creator":"@bellunopress","twitter_site":"@bellunopress","twitter_misc":{"\u00c9crit par":"redazione","Dur\u00e9e de lecture estim\u00e9e":"1 minute"},"schema":{"@context":"https:\/\/schema.org","@graph":[{"@type":"Article","@id":"https:\/\/www.bellunopress.it\/2019\/04\/04\/sabato-6-aprile-alle-15-30-a-sedico-matteo-renzi-presenta-il-suo-libro\/#article","isPartOf":{"@id":"https:\/\/www.bellunopress.it\/2019\/04\/04\/sabato-6-aprile-alle-15-30-a-sedico-matteo-renzi-presenta-il-suo-libro\/"},"author":{"name":"redazione","@id":"https:\/\/www.bellunopress.it\/#\/schema\/person\/79bb06722b37ece1c03d3e94beb30d73"},"headline":"Sabato 6 aprile alle 15.30 a Sedico Matteo Renzi presenta il suo libro","datePublished":"2019-04-04T14:35:32+00:00","dateModified":"2019-04-06T09:04:00+00:00","mainEntityOfPage":{"@id":"https:\/\/www.bellunopress.it\/2019\/04\/04\/sabato-6-aprile-alle-15-30-a-sedico-matteo-renzi-presenta-il-suo-libro\/"},"wordCount":231,"publisher":{"@id":"https:\/\/www.bellunopress.it\/#organization"},"image":{"@id":"https:\/\/www.bellunopress.it\/2019\/04\/04\/sabato-6-aprile-alle-15-30-a-sedico-matteo-renzi-presenta-il-suo-libro\/#primaryimage"},"thumbnailUrl":"http:\/\/www.bellunopress.it\/wp-content\/uploads\/2017\/11\/renzi-massaro.jpg","articleSection":["Appuntamenti, Eventi","Arte, Cultura, Spettacoli, Scienza","Cronaca\/Politica"],"inLanguage":"fr-FR"},{"@type":"WebPage","@id":"https:\/\/www.bellunopress.it\/2019\/04\/04\/sabato-6-aprile-alle-15-30-a-sedico-matteo-renzi-presenta-il-suo-libro\/","url":"https:\/\/www.bellunopress.it\/2019\/04\/04\/sabato-6-aprile-alle-15-30-a-sedico-matteo-renzi-presenta-il-suo-libro\/","name":"Sabato 6 aprile alle 15.30 a Sedico Matteo Renzi presenta il suo libro - Bellunopress - Dolomiti","isPartOf":{"@id":"https:\/\/www.bellunopress.it\/#website"},"primaryImageOfPage":{"@id":"https:\/\/www.bellunopress.it\/2019\/04\/04\/sabato-6-aprile-alle-15-30-a-sedico-matteo-renzi-presenta-il-suo-libro\/#primaryimage"},"image":{"@id":"https:\/\/www.bellunopress.it\/2019\/04\/04\/sabato-6-aprile-alle-15-30-a-sedico-matteo-renzi-presenta-il-suo-libro\/#primaryimage"},"thumbnailUrl":"http:\/\/www.bellunopress.it\/wp-content\/uploads\/2017\/11\/renzi-massaro.jpg","datePublished":"2019-04-04T14:35:32+00:00","dateModified":"2019-04-06T09:04:00+00:00","breadcrumb":{"@id":"https:\/\/www.bellunopress.it\/2019\/04\/04\/sabato-6-aprile-alle-15-30-a-sedico-matteo-renzi-presenta-il-suo-libro\/#breadcrumb"},"inLanguage":"fr-FR","potentialAction":[{"@type":"ReadAction","target":["https:\/\/www.bellunopress.it\/2019\/04\/04\/sabato-6-aprile-alle-15-30-a-sedico-matteo-renzi-presenta-il-suo-libro\/"]}]},{"@type":"ImageObject","inLanguage":"fr-FR","@id":"https:\/\/www.bellunopress.it\/2019\/04\/04\/sabato-6-aprile-alle-15-30-a-sedico-matteo-renzi-presenta-il-suo-libro\/#primaryimage","url":"http:\/\/www.bellunopress.it\/wp-content\/uploads\/2017\/11\/renzi-massaro.jpg","contentUrl":"http:\/\/www.bellunopress.it\/wp-content\/uploads\/2017\/11\/renzi-massaro.jpg"},{"@type":"BreadcrumbList","@id":"https:\/\/www.bellunopress.it\/2019\/04\/04\/sabato-6-aprile-alle-15-30-a-sedico-matteo-renzi-presenta-il-suo-libro\/#breadcrumb","itemListElement":[{"@type":"ListItem","position":1,"name":"Home","item":"https:\/\/www.bellunopress.it\/"},{"@type":"ListItem","position":2,"name":"Sabato 6 aprile alle 15.30 a Sedico Matteo Renzi presenta il suo libro"}]},{"@type":"WebSite","@id":"https:\/\/www.bellunopress.it\/#website","url":"https:\/\/www.bellunopress.it\/","name":"Bellunopress - Dolomiti","description":"e-mail: redazione@bellunopress.it","publisher":{"@id":"https:\/\/www.bellunopress.it\/#organization"},"potentialAction":[{"@type":"SearchAction","target":{"@type":"EntryPoint","urlTemplate":"https:\/\/www.bellunopress.it\/?s={search_term_string}"},"query-input":{"@type":"PropertyValueSpecification","valueRequired":true,"valueName":"search_term_string"}}],"inLanguage":"fr-FR"},{"@type":"Organization","@id":"https:\/\/www.bellunopress.it\/#organization","name":"Bellunopress","url":"https:\/\/www.bellunopress.it\/","logo":{"@type":"ImageObject","inLanguage":"fr-FR","@id":"https:\/\/www.bellunopress.it\/#\/schema\/logo\/image\/","url":"https:\/\/www.bellunopress.it\/wp-content\/uploads\/2011\/05\/cropped-logo-bellunopress-.jpg","contentUrl":"https:\/\/www.bellunopress.it\/wp-content\/uploads\/2011\/05\/cropped-logo-bellunopress-.jpg","width":512,"height":512,"caption":"Bellunopress"},"image":{"@id":"https:\/\/www.bellunopress.it\/#\/schema\/logo\/image\/"},"sameAs":["https:\/\/www.facebook.com\/profile.php?id=100008943462799","https:\/\/x.com\/bellunopress","https:\/\/www.linkedin.com\/hp\/?dnr=JBzUWaJfMUw8vbXJJ2tVW5-I3jZKvC4wsoxE&amp;amp;amp;amp;amp;amp;trk=nav_responsive_tab_home","https:\/\/www.youtube.com\/channel\/UCxL0wu1uN0_3_7hGG0306cw"]},{"@type":"Person","@id":"https:\/\/www.bellunopress.it\/#\/schema\/person\/79bb06722b37ece1c03d3e94beb30d73","name":"r\u00e9daction","image":{"@type":"ImageObject","inLanguage":"fr-FR","@id":"https:\/\/secure.gravatar.com\/avatar\/37d968a2e67a6fd04c169c4bdef102d0bc5d31b2546345219e348575eb80e9a0?s=96&d=mm&r=g","url":"https:\/\/secure.gravatar.com\/avatar\/37d968a2e67a6fd04c169c4bdef102d0bc5d31b2546345219e348575eb80e9a0?s=96&d=mm&r=g","contentUrl":"https:\/\/secure.gravatar.com\/avatar\/37d968a2e67a6fd04c169c4bdef102d0bc5d31b2546345219e348575eb80e9a0?s=96&d=mm&r=g","caption":"redazione"},"sameAs":["http:\/\/www.bellunopress.it","https:\/\/x.com\/bellunopress"],"url":"https:\/\/www.bellunopress.it\/fr\/author\/redazione\/"}]}},"_links":{"self":[{"href":"https:\/\/www.bellunopress.it\/fr\/wp-json\/wp\/v2\/posts\/103516","targetHints":{"allow":["GET"]}}],"collection":[{"href":"https:\/\/www.bellunopress.it\/fr\/wp-json\/wp\/v2\/posts"}],"about":[{"href":"https:\/\/www.bellunopress.it\/fr\/wp-json\/wp\/v2\/types\/post"}],"author":[{"embeddable":true,"href":"https:\/\/www.bellunopress.it\/fr\/wp-json\/wp\/v2\/users\/2"}],"replies":[{"embeddable":true,"href":"https:\/\/www.bellunopress.it\/fr\/wp-json\/wp\/v2\/comments?post=103516"}],"version-history":[{"count":1,"href":"https:\/\/www.bellunopress.it\/fr\/wp-json\/wp\/v2\/posts\/103516\/revisions"}],"predecessor-version":[{"id":103517,"href":"https:\/\/www.bellunopress.it\/fr\/wp-json\/wp\/v2\/posts\/103516\/revisions\/103517"}],"wp:attachment":[{"href":"https:\/\/www.bellunopress.it\/fr\/wp-json\/wp\/v2\/media?parent=103516"}],"wp:term":[{"taxonomy":"category","embeddable":true,"href":"https:\/\/www.bellunopress.it\/fr\/wp-json\/wp\/v2\/categories?post=103516"},{"taxonomy":"post_tag","embeddable":true,"href":"https:\/\/www.bellunopress.it\/fr\/wp-json\/wp\/v2\/tags?post=103516"}],"curies":[{"name":"wp","href":"https:\/\/api.w.org\/{rel}","templated":true}]}}