{"id":103512,"date":"2019-04-04T14:47:47","date_gmt":"2019-04-04T12:47:47","guid":{"rendered":"http:\/\/www.bellunopress.it\/?p=103512"},"modified":"2019-04-04T14:47:47","modified_gmt":"2019-04-04T12:47:47","slug":"pubblicato-il-decreto-che-assegna-le-risorse-a-privati-e-imprese-colpite-dal-maltempo","status":"publish","type":"post","link":"https:\/\/www.bellunopress.it\/fr\/2019\/04\/04\/pubblicato-il-decreto-che-assegna-le-risorse-a-privati-e-imprese-colpite-dal-maltempo\/","title":{"rendered":"Pubblicato il Decreto che assegna le risorse a privati e imprese colpite dal maltempo"},"content":{"rendered":"<p><a href=\"http:\/\/www.bellunopress.it\/fr\/2010\/11\/26\/sono-328-i-comuni-veneti-coinvolti-nell%e2%80%99alluvione-41-quelli-in-provincia-di-belluno\/regione-veneto\/\" rel=\"attachment wp-att-21561\"><img decoding=\"async\" class=\"alignleft size-full wp-image-21561\" src=\"http:\/\/www.bellunopress.it\/wp-content\/uploads\/2010\/11\/regione-veneto.bmp\" alt=\"\" \/><\/a>Venezia, 4 aprile 2019 \u00a0&#8211; \u00a0\u00c8 stato pubblicato sulla Gazzetta Ufficiale n.79 il Decreto del Presidente del Consiglio dei Ministri che assegna le risorse finanziarie per il maltempo. Dopo i vari passaggi governativi nei diversi uffici ministeriali, la registrazione alla Corte dei Conti e la discussione in Conferenza Stato Regioni, da questo momento le strutture commissariali potranno predisporre i provvedimenti contenenti le indicazioni per la raccolta delle domande e le relative istruttorie. Seguir\u00e0, quindi, il provvedimento di approvazione dell\u2019elenco dei beneficiari con l\u2019indicazione dei contributi assegnati per spese di investimento.<\/p>\n<ul>\n<li>per l\u2019abitazione principale, \u00e8 previsto l\u201980% dell\u2019importo ammesso con un massimale di 150.000 euro;<\/li>\n<li>per le abitazioni diverse della principale fino al 50% dell&#8217;importo ammesso con un massimale di 150.000 euro;<\/li>\n<li>per le attivit\u00e0 produttive, per la ristrutturazione o la delocalizzazione delle strutture fino al 50% con un massimale di 450.000 euro.<\/li>\n<li>per il ripristino o sostituzione degli impianti danneggiati o distrutti il massimale \u00e8 di 450.000 euro e il \u00a0rimborso fino all&#8217;80%.<\/li>\n<\/ul>\n<p>Le domande dovranno essere corredate di specifica perizia asseverata e saranno ammesse a contributo anche le spese tecniche connesse.<\/p>\n<p>Per ogni informazione \u00e8 possibile fare riferimento alla struttura regionale dedicata alla fase post emergenza che risponde al numero di telefono 041.2794737 e all\u2019indirizzo email postemergenzeeventicalamitosi@regione.veneto.it.<\/p>","protected":false},"excerpt":{"rendered":"<p>Venezia, 4 aprile 2019 \u00a0&#8211; \u00a0\u00c8 stato pubblicato sulla Gazzetta Ufficiale n.79 il Decreto del Presidente del Consiglio dei Ministri che assegna le risorse finanziarie per il maltempo. Dopo i vari passaggi governativi nei diversi uffici ministeriali, la registrazione alla Corte dei Conti e la discussione in Conferenza Stato Regioni, da questo momento le strutture [&hellip;]<\/p>\n","protected":false},"author":2,"featured_media":0,"comment_status":"closed","ping_status":"open","sticky":false,"template":"","format":"standard","meta":{"footnotes":""},"categories":[5,26,8],"tags":[],"class_list":["post-103512","post","type-post","status-publish","format-standard","category-cronaca","category-prima-pagina","category-societa-istituzioni"],"yoast_head":"<!-- This site is optimized with the Yoast SEO plugin v28.4 - https:\/\/yoast.com\/product\/yoast-seo-wordpress\/ -->\n<title>Pubblicato il Decreto che assegna le risorse a privati e imprese colpite dal maltempo - Bellunopress - Dolomiti<\/title>\n<meta name=\"robots\" content=\"index, follow, max-snippet:-1, max-image-preview:large, max-video-preview:-1\" \/>\n<link rel=\"canonical\" href=\"https:\/\/www.bellunopress.it\/fr\/2019\/04\/04\/pubblicato-il-decreto-che-assegna-le-risorse-a-privati-e-imprese-colpite-dal-maltempo\/\" \/>\n<meta property=\"og:locale\" content=\"fr_FR\" \/>\n<meta property=\"og:type\" content=\"article\" \/>\n<meta property=\"og:title\" content=\"Pubblicato il Decreto che assegna le risorse a privati e imprese colpite dal maltempo - Bellunopress - Dolomiti\" \/>\n<meta property=\"og:description\" content=\"Venezia, 4 aprile 2019 \u00a0&#8211; \u00a0\u00c8 stato pubblicato sulla Gazzetta Ufficiale n.79 il Decreto del Presidente del Consiglio dei Ministri che assegna le risorse finanziarie per il maltempo. Dopo i vari passaggi governativi nei diversi uffici ministeriali, la registrazione alla Corte dei Conti e la discussione in Conferenza Stato Regioni, da questo momento le strutture [&hellip;]\" \/>\n<meta property=\"og:url\" content=\"https:\/\/www.bellunopress.it\/fr\/2019\/04\/04\/pubblicato-il-decreto-che-assegna-le-risorse-a-privati-e-imprese-colpite-dal-maltempo\/\" \/>\n<meta property=\"og:site_name\" content=\"Bellunopress - Dolomiti\" \/>\n<meta property=\"article:publisher\" content=\"https:\/\/www.facebook.com\/profile.php?id=100008943462799\" \/>\n<meta property=\"article:published_time\" content=\"2019-04-04T12:47:47+00:00\" \/>\n<meta property=\"og:image\" content=\"http:\/\/www.bellunopress.it\/wp-content\/uploads\/2010\/11\/regione-veneto.bmp\" \/>\n<meta name=\"author\" content=\"redazione\" \/>\n<meta name=\"twitter:card\" content=\"summary_large_image\" \/>\n<meta name=\"twitter:creator\" content=\"@bellunopress\" \/>\n<meta name=\"twitter:site\" content=\"@bellunopress\" \/>\n<meta name=\"twitter:label1\" content=\"\u00c9crit par\" \/>\n\t<meta name=\"twitter:data1\" content=\"redazione\" \/>\n\t<meta name=\"twitter:label2\" content=\"Dur\u00e9e de lecture estim\u00e9e\" \/>\n\t<meta name=\"twitter:data2\" content=\"1 minute\" \/>\n<script type=\"application\/ld+json\" class=\"yoast-schema-graph\">{\"@context\":\"https:\\\/\\\/schema.org\",\"@graph\":[{\"@type\":\"Article\",\"@id\":\"https:\\\/\\\/www.bellunopress.it\\\/2019\\\/04\\\/04\\\/pubblicato-il-decreto-che-assegna-le-risorse-a-privati-e-imprese-colpite-dal-maltempo\\\/#article\",\"isPartOf\":{\"@id\":\"https:\\\/\\\/www.bellunopress.it\\\/2019\\\/04\\\/04\\\/pubblicato-il-decreto-che-assegna-le-risorse-a-privati-e-imprese-colpite-dal-maltempo\\\/\"},\"author\":{\"name\":\"redazione\",\"@id\":\"https:\\\/\\\/www.bellunopress.it\\\/#\\\/schema\\\/person\\\/79bb06722b37ece1c03d3e94beb30d73\"},\"headline\":\"Pubblicato il Decreto che assegna le risorse a privati e imprese colpite dal maltempo\",\"datePublished\":\"2019-04-04T12:47:47+00:00\",\"mainEntityOfPage\":{\"@id\":\"https:\\\/\\\/www.bellunopress.it\\\/2019\\\/04\\\/04\\\/pubblicato-il-decreto-che-assegna-le-risorse-a-privati-e-imprese-colpite-dal-maltempo\\\/\"},\"wordCount\":218,\"publisher\":{\"@id\":\"https:\\\/\\\/www.bellunopress.it\\\/#organization\"},\"image\":{\"@id\":\"https:\\\/\\\/www.bellunopress.it\\\/2019\\\/04\\\/04\\\/pubblicato-il-decreto-che-assegna-le-risorse-a-privati-e-imprese-colpite-dal-maltempo\\\/#primaryimage\"},\"thumbnailUrl\":\"http:\\\/\\\/www.bellunopress.it\\\/wp-content\\\/uploads\\\/2010\\\/11\\\/regione-veneto.bmp\",\"articleSection\":[\"Cronaca\\\/Politica\",\"Prima Pagina\",\"Societ\u00e0, Associazioni, Istituzioni\"],\"inLanguage\":\"fr-FR\"},{\"@type\":\"WebPage\",\"@id\":\"https:\\\/\\\/www.bellunopress.it\\\/2019\\\/04\\\/04\\\/pubblicato-il-decreto-che-assegna-le-risorse-a-privati-e-imprese-colpite-dal-maltempo\\\/\",\"url\":\"https:\\\/\\\/www.bellunopress.it\\\/2019\\\/04\\\/04\\\/pubblicato-il-decreto-che-assegna-le-risorse-a-privati-e-imprese-colpite-dal-maltempo\\\/\",\"name\":\"Pubblicato il Decreto che assegna le risorse a privati e imprese colpite dal maltempo - Bellunopress - Dolomiti\",\"isPartOf\":{\"@id\":\"https:\\\/\\\/www.bellunopress.it\\\/#website\"},\"primaryImageOfPage\":{\"@id\":\"https:\\\/\\\/www.bellunopress.it\\\/2019\\\/04\\\/04\\\/pubblicato-il-decreto-che-assegna-le-risorse-a-privati-e-imprese-colpite-dal-maltempo\\\/#primaryimage\"},\"image\":{\"@id\":\"https:\\\/\\\/www.bellunopress.it\\\/2019\\\/04\\\/04\\\/pubblicato-il-decreto-che-assegna-le-risorse-a-privati-e-imprese-colpite-dal-maltempo\\\/#primaryimage\"},\"thumbnailUrl\":\"http:\\\/\\\/www.bellunopress.it\\\/wp-content\\\/uploads\\\/2010\\\/11\\\/regione-veneto.bmp\",\"datePublished\":\"2019-04-04T12:47:47+00:00\",\"breadcrumb\":{\"@id\":\"https:\\\/\\\/www.bellunopress.it\\\/2019\\\/04\\\/04\\\/pubblicato-il-decreto-che-assegna-le-risorse-a-privati-e-imprese-colpite-dal-maltempo\\\/#breadcrumb\"},\"inLanguage\":\"fr-FR\",\"potentialAction\":[{\"@type\":\"ReadAction\",\"target\":[\"https:\\\/\\\/www.bellunopress.it\\\/2019\\\/04\\\/04\\\/pubblicato-il-decreto-che-assegna-le-risorse-a-privati-e-imprese-colpite-dal-maltempo\\\/\"]}]},{\"@type\":\"ImageObject\",\"inLanguage\":\"fr-FR\",\"@id\":\"https:\\\/\\\/www.bellunopress.it\\\/2019\\\/04\\\/04\\\/pubblicato-il-decreto-che-assegna-le-risorse-a-privati-e-imprese-colpite-dal-maltempo\\\/#primaryimage\",\"url\":\"http:\\\/\\\/www.bellunopress.it\\\/wp-content\\\/uploads\\\/2010\\\/11\\\/regione-veneto.bmp\",\"contentUrl\":\"http:\\\/\\\/www.bellunopress.it\\\/wp-content\\\/uploads\\\/2010\\\/11\\\/regione-veneto.bmp\"},{\"@type\":\"BreadcrumbList\",\"@id\":\"https:\\\/\\\/www.bellunopress.it\\\/2019\\\/04\\\/04\\\/pubblicato-il-decreto-che-assegna-le-risorse-a-privati-e-imprese-colpite-dal-maltempo\\\/#breadcrumb\",\"itemListElement\":[{\"@type\":\"ListItem\",\"position\":1,\"name\":\"Home\",\"item\":\"https:\\\/\\\/www.bellunopress.it\\\/\"},{\"@type\":\"ListItem\",\"position\":2,\"name\":\"Pubblicato il Decreto che assegna le risorse a privati e imprese colpite dal maltempo\"}]},{\"@type\":\"WebSite\",\"@id\":\"https:\\\/\\\/www.bellunopress.it\\\/#website\",\"url\":\"https:\\\/\\\/www.bellunopress.it\\\/\",\"name\":\"Bellunopress - Dolomiti\",\"description\":\"e-mail: redazione@bellunopress.it\",\"publisher\":{\"@id\":\"https:\\\/\\\/www.bellunopress.it\\\/#organization\"},\"potentialAction\":[{\"@type\":\"SearchAction\",\"target\":{\"@type\":\"EntryPoint\",\"urlTemplate\":\"https:\\\/\\\/www.bellunopress.it\\\/?s={search_term_string}\"},\"query-input\":{\"@type\":\"PropertyValueSpecification\",\"valueRequired\":true,\"valueName\":\"search_term_string\"}}],\"inLanguage\":\"fr-FR\"},{\"@type\":\"Organization\",\"@id\":\"https:\\\/\\\/www.bellunopress.it\\\/#organization\",\"name\":\"Bellunopress\",\"url\":\"https:\\\/\\\/www.bellunopress.it\\\/\",\"logo\":{\"@type\":\"ImageObject\",\"inLanguage\":\"fr-FR\",\"@id\":\"https:\\\/\\\/www.bellunopress.it\\\/#\\\/schema\\\/logo\\\/image\\\/\",\"url\":\"https:\\\/\\\/www.bellunopress.it\\\/wp-content\\\/uploads\\\/2011\\\/05\\\/cropped-logo-bellunopress-.jpg\",\"contentUrl\":\"https:\\\/\\\/www.bellunopress.it\\\/wp-content\\\/uploads\\\/2011\\\/05\\\/cropped-logo-bellunopress-.jpg\",\"width\":512,\"height\":512,\"caption\":\"Bellunopress\"},\"image\":{\"@id\":\"https:\\\/\\\/www.bellunopress.it\\\/#\\\/schema\\\/logo\\\/image\\\/\"},\"sameAs\":[\"https:\\\/\\\/www.facebook.com\\\/profile.php?id=100008943462799\",\"https:\\\/\\\/x.com\\\/bellunopress\",\"https:\\\/\\\/www.linkedin.com\\\/hp\\\/?dnr=JBzUWaJfMUw8vbXJJ2tVW5-I3jZKvC4wsoxE&amp;amp;amp;amp;amp;amp;trk=nav_responsive_tab_home\",\"https:\\\/\\\/www.youtube.com\\\/channel\\\/UCxL0wu1uN0_3_7hGG0306cw\"]},{\"@type\":\"Person\",\"@id\":\"https:\\\/\\\/www.bellunopress.it\\\/#\\\/schema\\\/person\\\/79bb06722b37ece1c03d3e94beb30d73\",\"name\":\"redazione\",\"image\":{\"@type\":\"ImageObject\",\"inLanguage\":\"fr-FR\",\"@id\":\"https:\\\/\\\/secure.gravatar.com\\\/avatar\\\/37d968a2e67a6fd04c169c4bdef102d0bc5d31b2546345219e348575eb80e9a0?s=96&d=mm&r=g\",\"url\":\"https:\\\/\\\/secure.gravatar.com\\\/avatar\\\/37d968a2e67a6fd04c169c4bdef102d0bc5d31b2546345219e348575eb80e9a0?s=96&d=mm&r=g\",\"contentUrl\":\"https:\\\/\\\/secure.gravatar.com\\\/avatar\\\/37d968a2e67a6fd04c169c4bdef102d0bc5d31b2546345219e348575eb80e9a0?s=96&d=mm&r=g\",\"caption\":\"redazione\"},\"sameAs\":[\"http:\\\/\\\/www.bellunopress.it\",\"https:\\\/\\\/x.com\\\/bellunopress\"],\"url\":\"https:\\\/\\\/www.bellunopress.it\\\/fr\\\/author\\\/redazione\\\/\"}]}<\/script>\n<!-- \/ Yoast SEO plugin. -->","yoast_head_json":{"title":"Pubblicato il Decreto che assegna le risorse a privati e imprese colpite dal maltempo - Bellunopress - Dolomiti","robots":{"index":"index","follow":"follow","max-snippet":"max-snippet:-1","max-image-preview":"max-image-preview:large","max-video-preview":"max-video-preview:-1"},"canonical":"https:\/\/www.bellunopress.it\/fr\/2019\/04\/04\/pubblicato-il-decreto-che-assegna-le-risorse-a-privati-e-imprese-colpite-dal-maltempo\/","og_locale":"fr_FR","og_type":"article","og_title":"Pubblicato il Decreto che assegna le risorse a privati e imprese colpite dal maltempo - Bellunopress - Dolomiti","og_description":"Venezia, 4 aprile 2019 \u00a0&#8211; \u00a0\u00c8 stato pubblicato sulla Gazzetta Ufficiale n.79 il Decreto del Presidente del Consiglio dei Ministri che assegna le risorse finanziarie per il maltempo. Dopo i vari passaggi governativi nei diversi uffici ministeriali, la registrazione alla Corte dei Conti e la discussione in Conferenza Stato Regioni, da questo momento le strutture [&hellip;]","og_url":"https:\/\/www.bellunopress.it\/fr\/2019\/04\/04\/pubblicato-il-decreto-che-assegna-le-risorse-a-privati-e-imprese-colpite-dal-maltempo\/","og_site_name":"Bellunopress - Dolomiti","article_publisher":"https:\/\/www.facebook.com\/profile.php?id=100008943462799","article_published_time":"2019-04-04T12:47:47+00:00","og_image":[{"url":"http:\/\/www.bellunopress.it\/wp-content\/uploads\/2010\/11\/regione-veneto.bmp","type":"","width":"","height":""}],"author":"redazione","twitter_card":"summary_large_image","twitter_creator":"@bellunopress","twitter_site":"@bellunopress","twitter_misc":{"\u00c9crit par":"redazione","Dur\u00e9e de lecture estim\u00e9e":"1 minute"},"schema":{"@context":"https:\/\/schema.org","@graph":[{"@type":"Article","@id":"https:\/\/www.bellunopress.it\/2019\/04\/04\/pubblicato-il-decreto-che-assegna-le-risorse-a-privati-e-imprese-colpite-dal-maltempo\/#article","isPartOf":{"@id":"https:\/\/www.bellunopress.it\/2019\/04\/04\/pubblicato-il-decreto-che-assegna-le-risorse-a-privati-e-imprese-colpite-dal-maltempo\/"},"author":{"name":"redazione","@id":"https:\/\/www.bellunopress.it\/#\/schema\/person\/79bb06722b37ece1c03d3e94beb30d73"},"headline":"Pubblicato il Decreto che assegna le risorse a privati e imprese colpite dal maltempo","datePublished":"2019-04-04T12:47:47+00:00","mainEntityOfPage":{"@id":"https:\/\/www.bellunopress.it\/2019\/04\/04\/pubblicato-il-decreto-che-assegna-le-risorse-a-privati-e-imprese-colpite-dal-maltempo\/"},"wordCount":218,"publisher":{"@id":"https:\/\/www.bellunopress.it\/#organization"},"image":{"@id":"https:\/\/www.bellunopress.it\/2019\/04\/04\/pubblicato-il-decreto-che-assegna-le-risorse-a-privati-e-imprese-colpite-dal-maltempo\/#primaryimage"},"thumbnailUrl":"http:\/\/www.bellunopress.it\/wp-content\/uploads\/2010\/11\/regione-veneto.bmp","articleSection":["Cronaca\/Politica","Prima Pagina","Societ\u00e0, Associazioni, Istituzioni"],"inLanguage":"fr-FR"},{"@type":"WebPage","@id":"https:\/\/www.bellunopress.it\/2019\/04\/04\/pubblicato-il-decreto-che-assegna-le-risorse-a-privati-e-imprese-colpite-dal-maltempo\/","url":"https:\/\/www.bellunopress.it\/2019\/04\/04\/pubblicato-il-decreto-che-assegna-le-risorse-a-privati-e-imprese-colpite-dal-maltempo\/","name":"Pubblicato il Decreto che assegna le risorse a privati e imprese colpite dal maltempo - Bellunopress - Dolomiti","isPartOf":{"@id":"https:\/\/www.bellunopress.it\/#website"},"primaryImageOfPage":{"@id":"https:\/\/www.bellunopress.it\/2019\/04\/04\/pubblicato-il-decreto-che-assegna-le-risorse-a-privati-e-imprese-colpite-dal-maltempo\/#primaryimage"},"image":{"@id":"https:\/\/www.bellunopress.it\/2019\/04\/04\/pubblicato-il-decreto-che-assegna-le-risorse-a-privati-e-imprese-colpite-dal-maltempo\/#primaryimage"},"thumbnailUrl":"http:\/\/www.bellunopress.it\/wp-content\/uploads\/2010\/11\/regione-veneto.bmp","datePublished":"2019-04-04T12:47:47+00:00","breadcrumb":{"@id":"https:\/\/www.bellunopress.it\/2019\/04\/04\/pubblicato-il-decreto-che-assegna-le-risorse-a-privati-e-imprese-colpite-dal-maltempo\/#breadcrumb"},"inLanguage":"fr-FR","potentialAction":[{"@type":"ReadAction","target":["https:\/\/www.bellunopress.it\/2019\/04\/04\/pubblicato-il-decreto-che-assegna-le-risorse-a-privati-e-imprese-colpite-dal-maltempo\/"]}]},{"@type":"ImageObject","inLanguage":"fr-FR","@id":"https:\/\/www.bellunopress.it\/2019\/04\/04\/pubblicato-il-decreto-che-assegna-le-risorse-a-privati-e-imprese-colpite-dal-maltempo\/#primaryimage","url":"http:\/\/www.bellunopress.it\/wp-content\/uploads\/2010\/11\/regione-veneto.bmp","contentUrl":"http:\/\/www.bellunopress.it\/wp-content\/uploads\/2010\/11\/regione-veneto.bmp"},{"@type":"BreadcrumbList","@id":"https:\/\/www.bellunopress.it\/2019\/04\/04\/pubblicato-il-decreto-che-assegna-le-risorse-a-privati-e-imprese-colpite-dal-maltempo\/#breadcrumb","itemListElement":[{"@type":"ListItem","position":1,"name":"Home","item":"https:\/\/www.bellunopress.it\/"},{"@type":"ListItem","position":2,"name":"Pubblicato il Decreto che assegna le risorse a privati e imprese colpite dal maltempo"}]},{"@type":"WebSite","@id":"https:\/\/www.bellunopress.it\/#website","url":"https:\/\/www.bellunopress.it\/","name":"Bellunopress - Dolomiti","description":"e-mail: redazione@bellunopress.it","publisher":{"@id":"https:\/\/www.bellunopress.it\/#organization"},"potentialAction":[{"@type":"SearchAction","target":{"@type":"EntryPoint","urlTemplate":"https:\/\/www.bellunopress.it\/?s={search_term_string}"},"query-input":{"@type":"PropertyValueSpecification","valueRequired":true,"valueName":"search_term_string"}}],"inLanguage":"fr-FR"},{"@type":"Organization","@id":"https:\/\/www.bellunopress.it\/#organization","name":"Bellunopress","url":"https:\/\/www.bellunopress.it\/","logo":{"@type":"ImageObject","inLanguage":"fr-FR","@id":"https:\/\/www.bellunopress.it\/#\/schema\/logo\/image\/","url":"https:\/\/www.bellunopress.it\/wp-content\/uploads\/2011\/05\/cropped-logo-bellunopress-.jpg","contentUrl":"https:\/\/www.bellunopress.it\/wp-content\/uploads\/2011\/05\/cropped-logo-bellunopress-.jpg","width":512,"height":512,"caption":"Bellunopress"},"image":{"@id":"https:\/\/www.bellunopress.it\/#\/schema\/logo\/image\/"},"sameAs":["https:\/\/www.facebook.com\/profile.php?id=100008943462799","https:\/\/x.com\/bellunopress","https:\/\/www.linkedin.com\/hp\/?dnr=JBzUWaJfMUw8vbXJJ2tVW5-I3jZKvC4wsoxE&amp;amp;amp;amp;amp;amp;trk=nav_responsive_tab_home","https:\/\/www.youtube.com\/channel\/UCxL0wu1uN0_3_7hGG0306cw"]},{"@type":"Person","@id":"https:\/\/www.bellunopress.it\/#\/schema\/person\/79bb06722b37ece1c03d3e94beb30d73","name":"r\u00e9daction","image":{"@type":"ImageObject","inLanguage":"fr-FR","@id":"https:\/\/secure.gravatar.com\/avatar\/37d968a2e67a6fd04c169c4bdef102d0bc5d31b2546345219e348575eb80e9a0?s=96&d=mm&r=g","url":"https:\/\/secure.gravatar.com\/avatar\/37d968a2e67a6fd04c169c4bdef102d0bc5d31b2546345219e348575eb80e9a0?s=96&d=mm&r=g","contentUrl":"https:\/\/secure.gravatar.com\/avatar\/37d968a2e67a6fd04c169c4bdef102d0bc5d31b2546345219e348575eb80e9a0?s=96&d=mm&r=g","caption":"redazione"},"sameAs":["http:\/\/www.bellunopress.it","https:\/\/x.com\/bellunopress"],"url":"https:\/\/www.bellunopress.it\/fr\/author\/redazione\/"}]}},"_links":{"self":[{"href":"https:\/\/www.bellunopress.it\/fr\/wp-json\/wp\/v2\/posts\/103512","targetHints":{"allow":["GET"]}}],"collection":[{"href":"https:\/\/www.bellunopress.it\/fr\/wp-json\/wp\/v2\/posts"}],"about":[{"href":"https:\/\/www.bellunopress.it\/fr\/wp-json\/wp\/v2\/types\/post"}],"author":[{"embeddable":true,"href":"https:\/\/www.bellunopress.it\/fr\/wp-json\/wp\/v2\/users\/2"}],"replies":[{"embeddable":true,"href":"https:\/\/www.bellunopress.it\/fr\/wp-json\/wp\/v2\/comments?post=103512"}],"version-history":[{"count":1,"href":"https:\/\/www.bellunopress.it\/fr\/wp-json\/wp\/v2\/posts\/103512\/revisions"}],"predecessor-version":[{"id":103513,"href":"https:\/\/www.bellunopress.it\/fr\/wp-json\/wp\/v2\/posts\/103512\/revisions\/103513"}],"wp:attachment":[{"href":"https:\/\/www.bellunopress.it\/fr\/wp-json\/wp\/v2\/media?parent=103512"}],"wp:term":[{"taxonomy":"category","embeddable":true,"href":"https:\/\/www.bellunopress.it\/fr\/wp-json\/wp\/v2\/categories?post=103512"},{"taxonomy":"post_tag","embeddable":true,"href":"https:\/\/www.bellunopress.it\/fr\/wp-json\/wp\/v2\/tags?post=103512"}],"curies":[{"name":"wp","href":"https:\/\/api.w.org\/{rel}","templated":true}]}}