{"id":103507,"date":"2019-04-04T13:47:45","date_gmt":"2019-04-04T11:47:45","guid":{"rendered":"http:\/\/www.bellunopress.it\/?p=103507"},"modified":"2019-04-04T18:59:05","modified_gmt":"2019-04-04T16:59:05","slug":"100-milioni-dalleuropa-per-studi-sulla-mobilita-sernagiotto-bando-aperto-la-regione-e-il-territorio-riprendano-in-mano-il-corridoio-venezia-monaco","status":"publish","type":"post","link":"https:\/\/www.bellunopress.it\/fr\/2019\/04\/04\/100-milioni-dalleuropa-per-studi-sulla-mobilita-sernagiotto-bando-aperto-la-regione-e-il-territorio-riprendano-in-mano-il-corridoio-venezia-monaco\/","title":{"rendered":"100 milioni dall&#8217;Europa per studi sulla mobilit\u00e0. Sernagiotto: &#8220;Bando aperto. La Regione e il territorio riprendano in mano il corridoio Venezia-Monaco&#8221;"},"content":{"rendered":"<figure id=\"attachment_78407\" aria-describedby=\"caption-attachment-78407\" style=\"width: 274px\" class=\"wp-caption alignleft\"><a href=\"http:\/\/www.bellunopress.it\/fr\/2016\/06\/16\/prolungamento-a27-sernagiotto-dalleuropa-primo-segnale-positivo-approvata-oggi-commissione-regi-la-relazione-sulla-strategia-alpina-comprende-compromesso-apre-la-strada-al-p\/remo-sernagiotto-europarlamentare\/\" rel=\"attachment wp-att-78407\"><img loading=\"lazy\" decoding=\"async\" class=\"size-full wp-image-78407\" src=\"http:\/\/www.bellunopress.it\/wp-content\/uploads\/2016\/06\/remo-sernagiotto-europarlamentare.jpg\" alt=\"\" width=\"274\" height=\"300\" \/><\/a><figcaption id=\"caption-attachment-78407\" class=\"wp-caption-text\">Remo Sernagiotto, europarlamentare<\/figcaption><\/figure>\n<p>\u201cLa Regione del Veneto non pu\u00f2 perdere l\u2019occasione di ridisegnare la mobilit\u00e0 del futuro, partendo dal corridoio tecnologico Venezia-Monaco. Ci sarebbero anche le risorse, serve la volont\u00e0 politica. Spero che il territorio batta un colpo. L\u2019opportunit\u00e0 \u00e8 di quelle storiche\u201d.<\/p>\n<p>\u00c9 un vero e proprio appello quello che arriva dall\u2019europarlamentare del gruppo Conservatori e Riformisti (ECR)-Fratelli d\u2019Italia, Remo Sernagiotto, dopo l\u2019apertura di un bando UE da 100 milioni di euro che va a finanziare studi di fattibilit\u00e0 innovativi e sostenibili sulle nuove vie di comunicazione, tratte ferroviarie, strade e porti. \u201cQueste risorse si collocano all&#8217;interno del programma per reti trans-europee di trasporto (TEN-T) e sono in linea con la macrostrategia dell\u2019Eusalp, quella della Regione Alpina per intenderci\u201d, spiega l\u2019europarlamentare. \u201cL\u2019Europa vuole incentivare nuovi collegamenti tecnologici all\u2019insegna della sostenibilit\u00e0 e dell\u2019innovazione\u201d.<\/p>\n<p>I tempi per\u00f2 sono stretti. Il bando, infatti, scade il prossimo 24 aprile. \u201cCi sono 20 giorni per inoltrare la domanda, ma prima di tutto serve la volont\u00e0 politica, in primis della Regione Veneto che ha la piena titolarit\u00e0 a farne richiesta\u201d prosegue Sernagiotto \u201c\u00c9 il momento giusto per riprendere in mano il progetto della Venezia-Monaco e di declinarlo in chiave attuale con le migliori tecnologie possibili. Non parliamo pi\u00f9 solo di un mero prolungamento autostradale, ma di un autentico corridoio tecnologico dove inserire le infrastrutture energetiche, la banda larga ed extra-larga, le reti idriche. Un corridoio nuovo e dell\u2019ultima generazione, dove circolano auto elettriche e c\u2019\u00e8 lo spazio per tutte le innovazioni di ultima generazione\u201d.<\/p>\n<p>Per Sernagiotto, Regione Veneto e soggetti del territorio devono battere un colpo: \u201cSe c\u2019\u00e8 la volont\u00e0 politica di perseguire questo progetto, allora questo \u00e8 il bando ideale per vedersi finanziato uno studio di fattibilit\u00e0 completo, da portare avanti con il territorio, le Istituzioni, le Associazioni di categoria\u201d, sottolinea l\u2019europarlamentare di ECR-Fratelli d\u2019Italia.<br \/>\n\u201cC\u2019\u00e8 una Commissione Eusalp al lavoro, anche a livello veneto, che ha gi\u00e0 elaborato idee interessanti e sostenibili. Diamoci la possibilit\u00e0 di approfondire il tema e sognare in grande. Il Veneto ha bisogno di uno sbocco a nord, cos\u00ec come il territorio bellunese, alle prese con uno spopolamento cronico dovuto anche alla mancanza di infrastrutture efficienti\u201d, la conclusione di Sernagiotto convinto che non si possano \u201csprecare occasioni del genere\u201d.<\/p>","protected":false},"excerpt":{"rendered":"<p>\u201cLa Regione del Veneto non pu\u00f2 perdere l\u2019occasione di ridisegnare la mobilit\u00e0 del futuro, partendo dal corridoio tecnologico Venezia-Monaco. Ci sarebbero anche le risorse, serve la volont\u00e0 politica. Spero che il territorio batta un colpo. L\u2019opportunit\u00e0 \u00e8 di quelle storiche\u201d. \u00c9 un vero e proprio appello quello che arriva dall\u2019europarlamentare del gruppo Conservatori e Riformisti [&hellip;]<\/p>\n","protected":false},"author":2,"featured_media":0,"comment_status":"closed","ping_status":"open","sticky":false,"template":"","format":"standard","meta":{"footnotes":""},"categories":[5,26],"tags":[],"class_list":["post-103507","post","type-post","status-publish","format-standard","category-cronaca","category-prima-pagina"],"yoast_head":"<!-- This site is optimized with the Yoast SEO plugin v28.4 - https:\/\/yoast.com\/product\/yoast-seo-wordpress\/ -->\n<title>100 milioni dall&#039;Europa per studi sulla mobilit\u00e0. Sernagiotto: &quot;Bando aperto. La Regione e il territorio riprendano in mano il corridoio Venezia-Monaco&quot; - Bellunopress - Dolomiti<\/title>\n<meta name=\"robots\" content=\"index, follow, max-snippet:-1, max-image-preview:large, max-video-preview:-1\" \/>\n<link rel=\"canonical\" href=\"https:\/\/www.bellunopress.it\/fr\/2019\/04\/04\/100-milioni-dalleuropa-per-studi-sulla-mobilita-sernagiotto-bando-aperto-la-regione-e-il-territorio-riprendano-in-mano-il-corridoio-venezia-monaco\/\" \/>\n<meta property=\"og:locale\" content=\"fr_FR\" \/>\n<meta property=\"og:type\" content=\"article\" \/>\n<meta property=\"og:title\" content=\"100 milioni dall&#039;Europa per studi sulla mobilit\u00e0. Sernagiotto: &quot;Bando aperto. La Regione e il territorio riprendano in mano il corridoio Venezia-Monaco&quot; - Bellunopress - Dolomiti\" \/>\n<meta property=\"og:description\" content=\"\u201cLa Regione del Veneto non pu\u00f2 perdere l\u2019occasione di ridisegnare la mobilit\u00e0 del futuro, partendo dal corridoio tecnologico Venezia-Monaco. Ci sarebbero anche le risorse, serve la volont\u00e0 politica. Spero che il territorio batta un colpo. L\u2019opportunit\u00e0 \u00e8 di quelle storiche\u201d. \u00c9 un vero e proprio appello quello che arriva dall\u2019europarlamentare del gruppo Conservatori e Riformisti [&hellip;]\" \/>\n<meta property=\"og:url\" content=\"https:\/\/www.bellunopress.it\/fr\/2019\/04\/04\/100-milioni-dalleuropa-per-studi-sulla-mobilita-sernagiotto-bando-aperto-la-regione-e-il-territorio-riprendano-in-mano-il-corridoio-venezia-monaco\/\" \/>\n<meta property=\"og:site_name\" content=\"Bellunopress - Dolomiti\" \/>\n<meta property=\"article:publisher\" content=\"https:\/\/www.facebook.com\/profile.php?id=100008943462799\" \/>\n<meta property=\"article:published_time\" content=\"2019-04-04T11:47:45+00:00\" \/>\n<meta property=\"article:modified_time\" content=\"2019-04-04T16:59:05+00:00\" \/>\n<meta property=\"og:image\" content=\"http:\/\/www.bellunopress.it\/wp-content\/uploads\/2016\/06\/remo-sernagiotto-europarlamentare.jpg\" \/>\n<meta name=\"author\" content=\"redazione\" \/>\n<meta name=\"twitter:card\" content=\"summary_large_image\" \/>\n<meta name=\"twitter:creator\" content=\"@bellunopress\" \/>\n<meta name=\"twitter:site\" content=\"@bellunopress\" \/>\n<meta name=\"twitter:label1\" content=\"\u00c9crit par\" \/>\n\t<meta name=\"twitter:data1\" content=\"redazione\" \/>\n\t<meta name=\"twitter:label2\" content=\"Dur\u00e9e de lecture estim\u00e9e\" \/>\n\t<meta name=\"twitter:data2\" content=\"2 minutes\" \/>\n<script type=\"application\/ld+json\" class=\"yoast-schema-graph\">{\"@context\":\"https:\\\/\\\/schema.org\",\"@graph\":[{\"@type\":\"Article\",\"@id\":\"https:\\\/\\\/www.bellunopress.it\\\/2019\\\/04\\\/04\\\/100-milioni-dalleuropa-per-studi-sulla-mobilita-sernagiotto-bando-aperto-la-regione-e-il-territorio-riprendano-in-mano-il-corridoio-venezia-monaco\\\/#article\",\"isPartOf\":{\"@id\":\"https:\\\/\\\/www.bellunopress.it\\\/2019\\\/04\\\/04\\\/100-milioni-dalleuropa-per-studi-sulla-mobilita-sernagiotto-bando-aperto-la-regione-e-il-territorio-riprendano-in-mano-il-corridoio-venezia-monaco\\\/\"},\"author\":{\"name\":\"redazione\",\"@id\":\"https:\\\/\\\/www.bellunopress.it\\\/#\\\/schema\\\/person\\\/79bb06722b37ece1c03d3e94beb30d73\"},\"headline\":\"100 milioni dall&#8217;Europa per studi sulla mobilit\u00e0. Sernagiotto: &#8220;Bando aperto. La Regione e il territorio riprendano in mano il corridoio Venezia-Monaco&#8221;\",\"datePublished\":\"2019-04-04T11:47:45+00:00\",\"dateModified\":\"2019-04-04T16:59:05+00:00\",\"mainEntityOfPage\":{\"@id\":\"https:\\\/\\\/www.bellunopress.it\\\/2019\\\/04\\\/04\\\/100-milioni-dalleuropa-per-studi-sulla-mobilita-sernagiotto-bando-aperto-la-regione-e-il-territorio-riprendano-in-mano-il-corridoio-venezia-monaco\\\/\"},\"wordCount\":406,\"publisher\":{\"@id\":\"https:\\\/\\\/www.bellunopress.it\\\/#organization\"},\"image\":{\"@id\":\"https:\\\/\\\/www.bellunopress.it\\\/2019\\\/04\\\/04\\\/100-milioni-dalleuropa-per-studi-sulla-mobilita-sernagiotto-bando-aperto-la-regione-e-il-territorio-riprendano-in-mano-il-corridoio-venezia-monaco\\\/#primaryimage\"},\"thumbnailUrl\":\"http:\\\/\\\/www.bellunopress.it\\\/wp-content\\\/uploads\\\/2016\\\/06\\\/remo-sernagiotto-europarlamentare.jpg\",\"articleSection\":[\"Cronaca\\\/Politica\",\"Prima Pagina\"],\"inLanguage\":\"fr-FR\"},{\"@type\":\"WebPage\",\"@id\":\"https:\\\/\\\/www.bellunopress.it\\\/2019\\\/04\\\/04\\\/100-milioni-dalleuropa-per-studi-sulla-mobilita-sernagiotto-bando-aperto-la-regione-e-il-territorio-riprendano-in-mano-il-corridoio-venezia-monaco\\\/\",\"url\":\"https:\\\/\\\/www.bellunopress.it\\\/2019\\\/04\\\/04\\\/100-milioni-dalleuropa-per-studi-sulla-mobilita-sernagiotto-bando-aperto-la-regione-e-il-territorio-riprendano-in-mano-il-corridoio-venezia-monaco\\\/\",\"name\":\"100 milioni dall'Europa per studi sulla mobilit\u00e0. Sernagiotto: \\\"Bando aperto. La Regione e il territorio riprendano in mano il corridoio Venezia-Monaco\\\" - Bellunopress - Dolomiti\",\"isPartOf\":{\"@id\":\"https:\\\/\\\/www.bellunopress.it\\\/#website\"},\"primaryImageOfPage\":{\"@id\":\"https:\\\/\\\/www.bellunopress.it\\\/2019\\\/04\\\/04\\\/100-milioni-dalleuropa-per-studi-sulla-mobilita-sernagiotto-bando-aperto-la-regione-e-il-territorio-riprendano-in-mano-il-corridoio-venezia-monaco\\\/#primaryimage\"},\"image\":{\"@id\":\"https:\\\/\\\/www.bellunopress.it\\\/2019\\\/04\\\/04\\\/100-milioni-dalleuropa-per-studi-sulla-mobilita-sernagiotto-bando-aperto-la-regione-e-il-territorio-riprendano-in-mano-il-corridoio-venezia-monaco\\\/#primaryimage\"},\"thumbnailUrl\":\"http:\\\/\\\/www.bellunopress.it\\\/wp-content\\\/uploads\\\/2016\\\/06\\\/remo-sernagiotto-europarlamentare.jpg\",\"datePublished\":\"2019-04-04T11:47:45+00:00\",\"dateModified\":\"2019-04-04T16:59:05+00:00\",\"breadcrumb\":{\"@id\":\"https:\\\/\\\/www.bellunopress.it\\\/2019\\\/04\\\/04\\\/100-milioni-dalleuropa-per-studi-sulla-mobilita-sernagiotto-bando-aperto-la-regione-e-il-territorio-riprendano-in-mano-il-corridoio-venezia-monaco\\\/#breadcrumb\"},\"inLanguage\":\"fr-FR\",\"potentialAction\":[{\"@type\":\"ReadAction\",\"target\":[\"https:\\\/\\\/www.bellunopress.it\\\/2019\\\/04\\\/04\\\/100-milioni-dalleuropa-per-studi-sulla-mobilita-sernagiotto-bando-aperto-la-regione-e-il-territorio-riprendano-in-mano-il-corridoio-venezia-monaco\\\/\"]}]},{\"@type\":\"ImageObject\",\"inLanguage\":\"fr-FR\",\"@id\":\"https:\\\/\\\/www.bellunopress.it\\\/2019\\\/04\\\/04\\\/100-milioni-dalleuropa-per-studi-sulla-mobilita-sernagiotto-bando-aperto-la-regione-e-il-territorio-riprendano-in-mano-il-corridoio-venezia-monaco\\\/#primaryimage\",\"url\":\"http:\\\/\\\/www.bellunopress.it\\\/wp-content\\\/uploads\\\/2016\\\/06\\\/remo-sernagiotto-europarlamentare.jpg\",\"contentUrl\":\"http:\\\/\\\/www.bellunopress.it\\\/wp-content\\\/uploads\\\/2016\\\/06\\\/remo-sernagiotto-europarlamentare.jpg\"},{\"@type\":\"BreadcrumbList\",\"@id\":\"https:\\\/\\\/www.bellunopress.it\\\/2019\\\/04\\\/04\\\/100-milioni-dalleuropa-per-studi-sulla-mobilita-sernagiotto-bando-aperto-la-regione-e-il-territorio-riprendano-in-mano-il-corridoio-venezia-monaco\\\/#breadcrumb\",\"itemListElement\":[{\"@type\":\"ListItem\",\"position\":1,\"name\":\"Home\",\"item\":\"https:\\\/\\\/www.bellunopress.it\\\/\"},{\"@type\":\"ListItem\",\"position\":2,\"name\":\"100 milioni dall&#8217;Europa per studi sulla mobilit\u00e0. Sernagiotto: &#8220;Bando aperto. La Regione e il territorio riprendano in mano il corridoio Venezia-Monaco&#8221;\"}]},{\"@type\":\"WebSite\",\"@id\":\"https:\\\/\\\/www.bellunopress.it\\\/#website\",\"url\":\"https:\\\/\\\/www.bellunopress.it\\\/\",\"name\":\"Bellunopress - Dolomiti\",\"description\":\"e-mail: redazione@bellunopress.it\",\"publisher\":{\"@id\":\"https:\\\/\\\/www.bellunopress.it\\\/#organization\"},\"potentialAction\":[{\"@type\":\"SearchAction\",\"target\":{\"@type\":\"EntryPoint\",\"urlTemplate\":\"https:\\\/\\\/www.bellunopress.it\\\/?s={search_term_string}\"},\"query-input\":{\"@type\":\"PropertyValueSpecification\",\"valueRequired\":true,\"valueName\":\"search_term_string\"}}],\"inLanguage\":\"fr-FR\"},{\"@type\":\"Organization\",\"@id\":\"https:\\\/\\\/www.bellunopress.it\\\/#organization\",\"name\":\"Bellunopress\",\"url\":\"https:\\\/\\\/www.bellunopress.it\\\/\",\"logo\":{\"@type\":\"ImageObject\",\"inLanguage\":\"fr-FR\",\"@id\":\"https:\\\/\\\/www.bellunopress.it\\\/#\\\/schema\\\/logo\\\/image\\\/\",\"url\":\"https:\\\/\\\/www.bellunopress.it\\\/wp-content\\\/uploads\\\/2011\\\/05\\\/cropped-logo-bellunopress-.jpg\",\"contentUrl\":\"https:\\\/\\\/www.bellunopress.it\\\/wp-content\\\/uploads\\\/2011\\\/05\\\/cropped-logo-bellunopress-.jpg\",\"width\":512,\"height\":512,\"caption\":\"Bellunopress\"},\"image\":{\"@id\":\"https:\\\/\\\/www.bellunopress.it\\\/#\\\/schema\\\/logo\\\/image\\\/\"},\"sameAs\":[\"https:\\\/\\\/www.facebook.com\\\/profile.php?id=100008943462799\",\"https:\\\/\\\/x.com\\\/bellunopress\",\"https:\\\/\\\/www.linkedin.com\\\/hp\\\/?dnr=JBzUWaJfMUw8vbXJJ2tVW5-I3jZKvC4wsoxE&amp;amp;amp;amp;amp;amp;trk=nav_responsive_tab_home\",\"https:\\\/\\\/www.youtube.com\\\/channel\\\/UCxL0wu1uN0_3_7hGG0306cw\"]},{\"@type\":\"Person\",\"@id\":\"https:\\\/\\\/www.bellunopress.it\\\/#\\\/schema\\\/person\\\/79bb06722b37ece1c03d3e94beb30d73\",\"name\":\"redazione\",\"image\":{\"@type\":\"ImageObject\",\"inLanguage\":\"fr-FR\",\"@id\":\"https:\\\/\\\/secure.gravatar.com\\\/avatar\\\/37d968a2e67a6fd04c169c4bdef102d0bc5d31b2546345219e348575eb80e9a0?s=96&d=mm&r=g\",\"url\":\"https:\\\/\\\/secure.gravatar.com\\\/avatar\\\/37d968a2e67a6fd04c169c4bdef102d0bc5d31b2546345219e348575eb80e9a0?s=96&d=mm&r=g\",\"contentUrl\":\"https:\\\/\\\/secure.gravatar.com\\\/avatar\\\/37d968a2e67a6fd04c169c4bdef102d0bc5d31b2546345219e348575eb80e9a0?s=96&d=mm&r=g\",\"caption\":\"redazione\"},\"sameAs\":[\"http:\\\/\\\/www.bellunopress.it\",\"https:\\\/\\\/x.com\\\/bellunopress\"],\"url\":\"https:\\\/\\\/www.bellunopress.it\\\/fr\\\/author\\\/redazione\\\/\"}]}<\/script>\n<!-- \/ Yoast SEO plugin. -->","yoast_head_json":{"title":"100 milioni dall'Europa per studi sulla mobilit\u00e0. Sernagiotto: \"Bando aperto. La Regione e il territorio riprendano in mano il corridoio Venezia-Monaco\" - Bellunopress - Dolomiti","robots":{"index":"index","follow":"follow","max-snippet":"max-snippet:-1","max-image-preview":"max-image-preview:large","max-video-preview":"max-video-preview:-1"},"canonical":"https:\/\/www.bellunopress.it\/fr\/2019\/04\/04\/100-milioni-dalleuropa-per-studi-sulla-mobilita-sernagiotto-bando-aperto-la-regione-e-il-territorio-riprendano-in-mano-il-corridoio-venezia-monaco\/","og_locale":"fr_FR","og_type":"article","og_title":"100 milioni dall'Europa per studi sulla mobilit\u00e0. Sernagiotto: \"Bando aperto. La Regione e il territorio riprendano in mano il corridoio Venezia-Monaco\" - Bellunopress - Dolomiti","og_description":"\u201cLa Regione del Veneto non pu\u00f2 perdere l\u2019occasione di ridisegnare la mobilit\u00e0 del futuro, partendo dal corridoio tecnologico Venezia-Monaco. Ci sarebbero anche le risorse, serve la volont\u00e0 politica. Spero che il territorio batta un colpo. L\u2019opportunit\u00e0 \u00e8 di quelle storiche\u201d. \u00c9 un vero e proprio appello quello che arriva dall\u2019europarlamentare del gruppo Conservatori e Riformisti [&hellip;]","og_url":"https:\/\/www.bellunopress.it\/fr\/2019\/04\/04\/100-milioni-dalleuropa-per-studi-sulla-mobilita-sernagiotto-bando-aperto-la-regione-e-il-territorio-riprendano-in-mano-il-corridoio-venezia-monaco\/","og_site_name":"Bellunopress - Dolomiti","article_publisher":"https:\/\/www.facebook.com\/profile.php?id=100008943462799","article_published_time":"2019-04-04T11:47:45+00:00","article_modified_time":"2019-04-04T16:59:05+00:00","og_image":[{"url":"http:\/\/www.bellunopress.it\/wp-content\/uploads\/2016\/06\/remo-sernagiotto-europarlamentare.jpg","type":"","width":"","height":""}],"author":"redazione","twitter_card":"summary_large_image","twitter_creator":"@bellunopress","twitter_site":"@bellunopress","twitter_misc":{"\u00c9crit par":"redazione","Dur\u00e9e de lecture estim\u00e9e":"2 minutes"},"schema":{"@context":"https:\/\/schema.org","@graph":[{"@type":"Article","@id":"https:\/\/www.bellunopress.it\/2019\/04\/04\/100-milioni-dalleuropa-per-studi-sulla-mobilita-sernagiotto-bando-aperto-la-regione-e-il-territorio-riprendano-in-mano-il-corridoio-venezia-monaco\/#article","isPartOf":{"@id":"https:\/\/www.bellunopress.it\/2019\/04\/04\/100-milioni-dalleuropa-per-studi-sulla-mobilita-sernagiotto-bando-aperto-la-regione-e-il-territorio-riprendano-in-mano-il-corridoio-venezia-monaco\/"},"author":{"name":"redazione","@id":"https:\/\/www.bellunopress.it\/#\/schema\/person\/79bb06722b37ece1c03d3e94beb30d73"},"headline":"100 milioni dall&#8217;Europa per studi sulla mobilit\u00e0. Sernagiotto: &#8220;Bando aperto. La Regione e il territorio riprendano in mano il corridoio Venezia-Monaco&#8221;","datePublished":"2019-04-04T11:47:45+00:00","dateModified":"2019-04-04T16:59:05+00:00","mainEntityOfPage":{"@id":"https:\/\/www.bellunopress.it\/2019\/04\/04\/100-milioni-dalleuropa-per-studi-sulla-mobilita-sernagiotto-bando-aperto-la-regione-e-il-territorio-riprendano-in-mano-il-corridoio-venezia-monaco\/"},"wordCount":406,"publisher":{"@id":"https:\/\/www.bellunopress.it\/#organization"},"image":{"@id":"https:\/\/www.bellunopress.it\/2019\/04\/04\/100-milioni-dalleuropa-per-studi-sulla-mobilita-sernagiotto-bando-aperto-la-regione-e-il-territorio-riprendano-in-mano-il-corridoio-venezia-monaco\/#primaryimage"},"thumbnailUrl":"http:\/\/www.bellunopress.it\/wp-content\/uploads\/2016\/06\/remo-sernagiotto-europarlamentare.jpg","articleSection":["Cronaca\/Politica","Prima Pagina"],"inLanguage":"fr-FR"},{"@type":"WebPage","@id":"https:\/\/www.bellunopress.it\/2019\/04\/04\/100-milioni-dalleuropa-per-studi-sulla-mobilita-sernagiotto-bando-aperto-la-regione-e-il-territorio-riprendano-in-mano-il-corridoio-venezia-monaco\/","url":"https:\/\/www.bellunopress.it\/2019\/04\/04\/100-milioni-dalleuropa-per-studi-sulla-mobilita-sernagiotto-bando-aperto-la-regione-e-il-territorio-riprendano-in-mano-il-corridoio-venezia-monaco\/","name":"100 milioni dall'Europa per studi sulla mobilit\u00e0. Sernagiotto: \"Bando aperto. La Regione e il territorio riprendano in mano il corridoio Venezia-Monaco\" - Bellunopress - Dolomiti","isPartOf":{"@id":"https:\/\/www.bellunopress.it\/#website"},"primaryImageOfPage":{"@id":"https:\/\/www.bellunopress.it\/2019\/04\/04\/100-milioni-dalleuropa-per-studi-sulla-mobilita-sernagiotto-bando-aperto-la-regione-e-il-territorio-riprendano-in-mano-il-corridoio-venezia-monaco\/#primaryimage"},"image":{"@id":"https:\/\/www.bellunopress.it\/2019\/04\/04\/100-milioni-dalleuropa-per-studi-sulla-mobilita-sernagiotto-bando-aperto-la-regione-e-il-territorio-riprendano-in-mano-il-corridoio-venezia-monaco\/#primaryimage"},"thumbnailUrl":"http:\/\/www.bellunopress.it\/wp-content\/uploads\/2016\/06\/remo-sernagiotto-europarlamentare.jpg","datePublished":"2019-04-04T11:47:45+00:00","dateModified":"2019-04-04T16:59:05+00:00","breadcrumb":{"@id":"https:\/\/www.bellunopress.it\/2019\/04\/04\/100-milioni-dalleuropa-per-studi-sulla-mobilita-sernagiotto-bando-aperto-la-regione-e-il-territorio-riprendano-in-mano-il-corridoio-venezia-monaco\/#breadcrumb"},"inLanguage":"fr-FR","potentialAction":[{"@type":"ReadAction","target":["https:\/\/www.bellunopress.it\/2019\/04\/04\/100-milioni-dalleuropa-per-studi-sulla-mobilita-sernagiotto-bando-aperto-la-regione-e-il-territorio-riprendano-in-mano-il-corridoio-venezia-monaco\/"]}]},{"@type":"ImageObject","inLanguage":"fr-FR","@id":"https:\/\/www.bellunopress.it\/2019\/04\/04\/100-milioni-dalleuropa-per-studi-sulla-mobilita-sernagiotto-bando-aperto-la-regione-e-il-territorio-riprendano-in-mano-il-corridoio-venezia-monaco\/#primaryimage","url":"http:\/\/www.bellunopress.it\/wp-content\/uploads\/2016\/06\/remo-sernagiotto-europarlamentare.jpg","contentUrl":"http:\/\/www.bellunopress.it\/wp-content\/uploads\/2016\/06\/remo-sernagiotto-europarlamentare.jpg"},{"@type":"BreadcrumbList","@id":"https:\/\/www.bellunopress.it\/2019\/04\/04\/100-milioni-dalleuropa-per-studi-sulla-mobilita-sernagiotto-bando-aperto-la-regione-e-il-territorio-riprendano-in-mano-il-corridoio-venezia-monaco\/#breadcrumb","itemListElement":[{"@type":"ListItem","position":1,"name":"Home","item":"https:\/\/www.bellunopress.it\/"},{"@type":"ListItem","position":2,"name":"100 milioni dall&#8217;Europa per studi sulla mobilit\u00e0. Sernagiotto: &#8220;Bando aperto. La Regione e il territorio riprendano in mano il corridoio Venezia-Monaco&#8221;"}]},{"@type":"WebSite","@id":"https:\/\/www.bellunopress.it\/#website","url":"https:\/\/www.bellunopress.it\/","name":"Bellunopress - Dolomiti","description":"e-mail: redazione@bellunopress.it","publisher":{"@id":"https:\/\/www.bellunopress.it\/#organization"},"potentialAction":[{"@type":"SearchAction","target":{"@type":"EntryPoint","urlTemplate":"https:\/\/www.bellunopress.it\/?s={search_term_string}"},"query-input":{"@type":"PropertyValueSpecification","valueRequired":true,"valueName":"search_term_string"}}],"inLanguage":"fr-FR"},{"@type":"Organization","@id":"https:\/\/www.bellunopress.it\/#organization","name":"Bellunopress","url":"https:\/\/www.bellunopress.it\/","logo":{"@type":"ImageObject","inLanguage":"fr-FR","@id":"https:\/\/www.bellunopress.it\/#\/schema\/logo\/image\/","url":"https:\/\/www.bellunopress.it\/wp-content\/uploads\/2011\/05\/cropped-logo-bellunopress-.jpg","contentUrl":"https:\/\/www.bellunopress.it\/wp-content\/uploads\/2011\/05\/cropped-logo-bellunopress-.jpg","width":512,"height":512,"caption":"Bellunopress"},"image":{"@id":"https:\/\/www.bellunopress.it\/#\/schema\/logo\/image\/"},"sameAs":["https:\/\/www.facebook.com\/profile.php?id=100008943462799","https:\/\/x.com\/bellunopress","https:\/\/www.linkedin.com\/hp\/?dnr=JBzUWaJfMUw8vbXJJ2tVW5-I3jZKvC4wsoxE&amp;amp;amp;amp;amp;amp;trk=nav_responsive_tab_home","https:\/\/www.youtube.com\/channel\/UCxL0wu1uN0_3_7hGG0306cw"]},{"@type":"Person","@id":"https:\/\/www.bellunopress.it\/#\/schema\/person\/79bb06722b37ece1c03d3e94beb30d73","name":"r\u00e9daction","image":{"@type":"ImageObject","inLanguage":"fr-FR","@id":"https:\/\/secure.gravatar.com\/avatar\/37d968a2e67a6fd04c169c4bdef102d0bc5d31b2546345219e348575eb80e9a0?s=96&d=mm&r=g","url":"https:\/\/secure.gravatar.com\/avatar\/37d968a2e67a6fd04c169c4bdef102d0bc5d31b2546345219e348575eb80e9a0?s=96&d=mm&r=g","contentUrl":"https:\/\/secure.gravatar.com\/avatar\/37d968a2e67a6fd04c169c4bdef102d0bc5d31b2546345219e348575eb80e9a0?s=96&d=mm&r=g","caption":"redazione"},"sameAs":["http:\/\/www.bellunopress.it","https:\/\/x.com\/bellunopress"],"url":"https:\/\/www.bellunopress.it\/fr\/author\/redazione\/"}]}},"_links":{"self":[{"href":"https:\/\/www.bellunopress.it\/fr\/wp-json\/wp\/v2\/posts\/103507","targetHints":{"allow":["GET"]}}],"collection":[{"href":"https:\/\/www.bellunopress.it\/fr\/wp-json\/wp\/v2\/posts"}],"about":[{"href":"https:\/\/www.bellunopress.it\/fr\/wp-json\/wp\/v2\/types\/post"}],"author":[{"embeddable":true,"href":"https:\/\/www.bellunopress.it\/fr\/wp-json\/wp\/v2\/users\/2"}],"replies":[{"embeddable":true,"href":"https:\/\/www.bellunopress.it\/fr\/wp-json\/wp\/v2\/comments?post=103507"}],"version-history":[{"count":1,"href":"https:\/\/www.bellunopress.it\/fr\/wp-json\/wp\/v2\/posts\/103507\/revisions"}],"predecessor-version":[{"id":103508,"href":"https:\/\/www.bellunopress.it\/fr\/wp-json\/wp\/v2\/posts\/103507\/revisions\/103508"}],"wp:attachment":[{"href":"https:\/\/www.bellunopress.it\/fr\/wp-json\/wp\/v2\/media?parent=103507"}],"wp:term":[{"taxonomy":"category","embeddable":true,"href":"https:\/\/www.bellunopress.it\/fr\/wp-json\/wp\/v2\/categories?post=103507"},{"taxonomy":"post_tag","embeddable":true,"href":"https:\/\/www.bellunopress.it\/fr\/wp-json\/wp\/v2\/tags?post=103507"}],"curies":[{"name":"wp","href":"https:\/\/api.w.org\/{rel}","templated":true}]}}