{"id":103503,"date":"2019-04-04T13:08:43","date_gmt":"2019-04-04T11:08:43","guid":{"rendered":"http:\/\/www.bellunopress.it\/?p=103503"},"modified":"2019-04-04T13:08:43","modified_gmt":"2019-04-04T11:08:43","slug":"grazie-al-calendario-i-3-masci-donano-1400-euro-allassociazione-margherita","status":"publish","type":"post","link":"https:\/\/www.bellunopress.it\/fr\/2019\/04\/04\/grazie-al-calendario-i-3-masci-donano-1400-euro-allassociazione-margherita\/","title":{"rendered":"Grazie al calendario i 3 Mas&#8217;ci donano 1400 euro all&#8217;Associazione Margherita"},"content":{"rendered":"<figure id=\"attachment_103504\" aria-describedby=\"caption-attachment-103504\" style=\"width: 300px\" class=\"wp-caption alignleft\"><a href=\"http:\/\/www.bellunopress.it\/fr\/2019\/04\/04\/grazie-al-calendario-i-3-masci-donano-1400-euro-allassociazione-margherita\/dav-5\/\" rel=\"attachment wp-att-103504\"><img loading=\"lazy\" decoding=\"async\" class=\"size-full wp-image-103504\" src=\"http:\/\/www.bellunopress.it\/wp-content\/uploads\/2019\/04\/Associazione-Margherita-donazione-3-Masci.jpeg\" alt=\"\" width=\"300\" height=\"101\" \/><\/a><figcaption id=\"caption-attachment-103504\" class=\"wp-caption-text\">dav<\/figcaption><\/figure>\n<p>Un importante gesto solidale dei 3 Mas&#8217;ci nei confronti dell&#8217;associazione Margherita Fenice.<br \/>\nUn contribuito tutto al maschile, in questo caso, in cui la prestanza fisica l&#8217;ha fatta da padrona, unita al buon cuore dei protagonisti.<br \/>\nSi tratta di tre amici &#8211; Adalberto Da Boit, Enrico Dal Farra e Fausto Lucchetta \u2013 in bella mostra sul calendario 2019 dell&#8217;associazione, grazie alla cui vendita sono stati ricavati ben 1400 euro, interamente devoluti all&#8217;associazione bellunese.<\/p>\n<p>La consegna ufficiale dell&#8217;assegno \u00e8 avvenuta lo scorso 21 marzo. Quel giorno i 3 Mas&#8217;ci hanno dato il benvenuto alla primavera, incontrando genitori e psicologhe dell&#8217;associazione durante uno dei loro incontri quindicinali.<br \/>\nI tre amici sono dediti alla montagna e a vari sport annessi, come lo sci, l&#8217;arrampicata, la corsa e, proprio durante queste attivit\u00e0, si dilettano a scattare parecchie foto pi\u00f9 o meno serie.<br \/>\n\u00c8 nata cos\u00ec l&#8217;idea di utilizzare alcuni scatti per la realizzazione di un calendario diverso dal solito, finalizzato alla raccolta di fondi da destinare ad una realt\u00e0 del territorio. Da qui il sodalizio con l&#8217;associazione Margherita che da dieci anni promuove attivit\u00e0 di auto mutuo aiuto per genitori e familiari di persone affette da disturbi del comportamento alimentare.<\/p>\n<p>Il ricavato verr\u00e0 ora impiegato nei tanti progetti del sodalizio. Tra di essi il percorso psicoeducativo per compredere e affrontare il disturbo alimentare, rivolto a genitori di ragazze in cura, che prosegue alacremente presso l&#8217;ospedale San Martino di Belluno. Continua poi a Feltre il progetto \u201cNoi per loro\u201d, in convenzione con l\u2019Ulss, con la presenza di uno psicologo due ore alla settimana a disposizione del centro sul tema dei disturbi alimentari.<br \/>\nAncora, avanzano i progetti che vedono coinvolte le scuole provinciali. A Feltre vi saranno due incontri con insegnanti di una scuola media per sensibilizzare al tema.<br \/>\nProseguono, come di consueto, gli incontri quindicinali con gli psicologi, rivolti ai familiari.<\/p>","protected":false},"excerpt":{"rendered":"<p>Un importante gesto solidale dei 3 Mas&#8217;ci nei confronti dell&#8217;associazione Margherita Fenice. Un contribuito tutto al maschile, in questo caso, in cui la prestanza fisica l&#8217;ha fatta da padrona, unita al buon cuore dei protagonisti. Si tratta di tre amici &#8211; Adalberto Da Boit, Enrico Dal Farra e Fausto Lucchetta \u2013 in bella mostra sul [&hellip;]<\/p>\n","protected":false},"author":2,"featured_media":0,"comment_status":"closed","ping_status":"open","sticky":false,"template":"","format":"standard","meta":{"footnotes":""},"categories":[26,8],"tags":[],"class_list":["post-103503","post","type-post","status-publish","format-standard","category-prima-pagina","category-societa-istituzioni"],"yoast_head":"<!-- This site is optimized with the Yoast SEO plugin v28.4 - https:\/\/yoast.com\/product\/yoast-seo-wordpress\/ -->\n<title>Grazie al calendario i 3 Mas&#039;ci donano 1400 euro all&#039;Associazione Margherita - Bellunopress - Dolomiti<\/title>\n<meta name=\"robots\" content=\"index, follow, max-snippet:-1, max-image-preview:large, max-video-preview:-1\" \/>\n<link rel=\"canonical\" href=\"https:\/\/www.bellunopress.it\/fr\/2019\/04\/04\/grazie-al-calendario-i-3-masci-donano-1400-euro-allassociazione-margherita\/\" \/>\n<meta property=\"og:locale\" content=\"fr_FR\" \/>\n<meta property=\"og:type\" content=\"article\" \/>\n<meta property=\"og:title\" content=\"Grazie al calendario i 3 Mas&#039;ci donano 1400 euro all&#039;Associazione Margherita - Bellunopress - Dolomiti\" \/>\n<meta property=\"og:description\" content=\"Un importante gesto solidale dei 3 Mas&#8217;ci nei confronti dell&#8217;associazione Margherita Fenice. Un contribuito tutto al maschile, in questo caso, in cui la prestanza fisica l&#8217;ha fatta da padrona, unita al buon cuore dei protagonisti. Si tratta di tre amici &#8211; Adalberto Da Boit, Enrico Dal Farra e Fausto Lucchetta \u2013 in bella mostra sul [&hellip;]\" \/>\n<meta property=\"og:url\" content=\"https:\/\/www.bellunopress.it\/fr\/2019\/04\/04\/grazie-al-calendario-i-3-masci-donano-1400-euro-allassociazione-margherita\/\" \/>\n<meta property=\"og:site_name\" content=\"Bellunopress - Dolomiti\" \/>\n<meta property=\"article:publisher\" content=\"https:\/\/www.facebook.com\/profile.php?id=100008943462799\" \/>\n<meta property=\"article:published_time\" content=\"2019-04-04T11:08:43+00:00\" \/>\n<meta property=\"og:image\" content=\"http:\/\/www.bellunopress.it\/wp-content\/uploads\/2019\/04\/Associazione-Margherita-donazione-3-Masci.jpeg\" \/>\n<meta name=\"author\" content=\"redazione\" \/>\n<meta name=\"twitter:card\" content=\"summary_large_image\" \/>\n<meta name=\"twitter:creator\" content=\"@bellunopress\" \/>\n<meta name=\"twitter:site\" content=\"@bellunopress\" \/>\n<meta name=\"twitter:label1\" content=\"\u00c9crit par\" \/>\n\t<meta name=\"twitter:data1\" content=\"redazione\" \/>\n\t<meta name=\"twitter:label2\" content=\"Dur\u00e9e de lecture estim\u00e9e\" \/>\n\t<meta name=\"twitter:data2\" content=\"2 minutes\" \/>\n<script type=\"application\/ld+json\" class=\"yoast-schema-graph\">{\"@context\":\"https:\\\/\\\/schema.org\",\"@graph\":[{\"@type\":\"Article\",\"@id\":\"https:\\\/\\\/www.bellunopress.it\\\/2019\\\/04\\\/04\\\/grazie-al-calendario-i-3-masci-donano-1400-euro-allassociazione-margherita\\\/#article\",\"isPartOf\":{\"@id\":\"https:\\\/\\\/www.bellunopress.it\\\/2019\\\/04\\\/04\\\/grazie-al-calendario-i-3-masci-donano-1400-euro-allassociazione-margherita\\\/\"},\"author\":{\"name\":\"redazione\",\"@id\":\"https:\\\/\\\/www.bellunopress.it\\\/#\\\/schema\\\/person\\\/79bb06722b37ece1c03d3e94beb30d73\"},\"headline\":\"Grazie al calendario i 3 Mas&#8217;ci donano 1400 euro all&#8217;Associazione Margherita\",\"datePublished\":\"2019-04-04T11:08:43+00:00\",\"mainEntityOfPage\":{\"@id\":\"https:\\\/\\\/www.bellunopress.it\\\/2019\\\/04\\\/04\\\/grazie-al-calendario-i-3-masci-donano-1400-euro-allassociazione-margherita\\\/\"},\"wordCount\":329,\"publisher\":{\"@id\":\"https:\\\/\\\/www.bellunopress.it\\\/#organization\"},\"image\":{\"@id\":\"https:\\\/\\\/www.bellunopress.it\\\/2019\\\/04\\\/04\\\/grazie-al-calendario-i-3-masci-donano-1400-euro-allassociazione-margherita\\\/#primaryimage\"},\"thumbnailUrl\":\"http:\\\/\\\/www.bellunopress.it\\\/wp-content\\\/uploads\\\/2019\\\/04\\\/Associazione-Margherita-donazione-3-Masci.jpeg\",\"articleSection\":[\"Prima Pagina\",\"Societ\u00e0, Associazioni, Istituzioni\"],\"inLanguage\":\"fr-FR\"},{\"@type\":\"WebPage\",\"@id\":\"https:\\\/\\\/www.bellunopress.it\\\/2019\\\/04\\\/04\\\/grazie-al-calendario-i-3-masci-donano-1400-euro-allassociazione-margherita\\\/\",\"url\":\"https:\\\/\\\/www.bellunopress.it\\\/2019\\\/04\\\/04\\\/grazie-al-calendario-i-3-masci-donano-1400-euro-allassociazione-margherita\\\/\",\"name\":\"Grazie al calendario i 3 Mas'ci donano 1400 euro all'Associazione Margherita - Bellunopress - Dolomiti\",\"isPartOf\":{\"@id\":\"https:\\\/\\\/www.bellunopress.it\\\/#website\"},\"primaryImageOfPage\":{\"@id\":\"https:\\\/\\\/www.bellunopress.it\\\/2019\\\/04\\\/04\\\/grazie-al-calendario-i-3-masci-donano-1400-euro-allassociazione-margherita\\\/#primaryimage\"},\"image\":{\"@id\":\"https:\\\/\\\/www.bellunopress.it\\\/2019\\\/04\\\/04\\\/grazie-al-calendario-i-3-masci-donano-1400-euro-allassociazione-margherita\\\/#primaryimage\"},\"thumbnailUrl\":\"http:\\\/\\\/www.bellunopress.it\\\/wp-content\\\/uploads\\\/2019\\\/04\\\/Associazione-Margherita-donazione-3-Masci.jpeg\",\"datePublished\":\"2019-04-04T11:08:43+00:00\",\"breadcrumb\":{\"@id\":\"https:\\\/\\\/www.bellunopress.it\\\/2019\\\/04\\\/04\\\/grazie-al-calendario-i-3-masci-donano-1400-euro-allassociazione-margherita\\\/#breadcrumb\"},\"inLanguage\":\"fr-FR\",\"potentialAction\":[{\"@type\":\"ReadAction\",\"target\":[\"https:\\\/\\\/www.bellunopress.it\\\/2019\\\/04\\\/04\\\/grazie-al-calendario-i-3-masci-donano-1400-euro-allassociazione-margherita\\\/\"]}]},{\"@type\":\"ImageObject\",\"inLanguage\":\"fr-FR\",\"@id\":\"https:\\\/\\\/www.bellunopress.it\\\/2019\\\/04\\\/04\\\/grazie-al-calendario-i-3-masci-donano-1400-euro-allassociazione-margherita\\\/#primaryimage\",\"url\":\"http:\\\/\\\/www.bellunopress.it\\\/wp-content\\\/uploads\\\/2019\\\/04\\\/Associazione-Margherita-donazione-3-Masci.jpeg\",\"contentUrl\":\"http:\\\/\\\/www.bellunopress.it\\\/wp-content\\\/uploads\\\/2019\\\/04\\\/Associazione-Margherita-donazione-3-Masci.jpeg\"},{\"@type\":\"BreadcrumbList\",\"@id\":\"https:\\\/\\\/www.bellunopress.it\\\/2019\\\/04\\\/04\\\/grazie-al-calendario-i-3-masci-donano-1400-euro-allassociazione-margherita\\\/#breadcrumb\",\"itemListElement\":[{\"@type\":\"ListItem\",\"position\":1,\"name\":\"Home\",\"item\":\"https:\\\/\\\/www.bellunopress.it\\\/\"},{\"@type\":\"ListItem\",\"position\":2,\"name\":\"Grazie al calendario i 3 Mas&#8217;ci donano 1400 euro all&#8217;Associazione Margherita\"}]},{\"@type\":\"WebSite\",\"@id\":\"https:\\\/\\\/www.bellunopress.it\\\/#website\",\"url\":\"https:\\\/\\\/www.bellunopress.it\\\/\",\"name\":\"Bellunopress - Dolomiti\",\"description\":\"e-mail: redazione@bellunopress.it\",\"publisher\":{\"@id\":\"https:\\\/\\\/www.bellunopress.it\\\/#organization\"},\"potentialAction\":[{\"@type\":\"SearchAction\",\"target\":{\"@type\":\"EntryPoint\",\"urlTemplate\":\"https:\\\/\\\/www.bellunopress.it\\\/?s={search_term_string}\"},\"query-input\":{\"@type\":\"PropertyValueSpecification\",\"valueRequired\":true,\"valueName\":\"search_term_string\"}}],\"inLanguage\":\"fr-FR\"},{\"@type\":\"Organization\",\"@id\":\"https:\\\/\\\/www.bellunopress.it\\\/#organization\",\"name\":\"Bellunopress\",\"url\":\"https:\\\/\\\/www.bellunopress.it\\\/\",\"logo\":{\"@type\":\"ImageObject\",\"inLanguage\":\"fr-FR\",\"@id\":\"https:\\\/\\\/www.bellunopress.it\\\/#\\\/schema\\\/logo\\\/image\\\/\",\"url\":\"https:\\\/\\\/www.bellunopress.it\\\/wp-content\\\/uploads\\\/2011\\\/05\\\/cropped-logo-bellunopress-.jpg\",\"contentUrl\":\"https:\\\/\\\/www.bellunopress.it\\\/wp-content\\\/uploads\\\/2011\\\/05\\\/cropped-logo-bellunopress-.jpg\",\"width\":512,\"height\":512,\"caption\":\"Bellunopress\"},\"image\":{\"@id\":\"https:\\\/\\\/www.bellunopress.it\\\/#\\\/schema\\\/logo\\\/image\\\/\"},\"sameAs\":[\"https:\\\/\\\/www.facebook.com\\\/profile.php?id=100008943462799\",\"https:\\\/\\\/x.com\\\/bellunopress\",\"https:\\\/\\\/www.linkedin.com\\\/hp\\\/?dnr=JBzUWaJfMUw8vbXJJ2tVW5-I3jZKvC4wsoxE&amp;amp;amp;amp;amp;amp;trk=nav_responsive_tab_home\",\"https:\\\/\\\/www.youtube.com\\\/channel\\\/UCxL0wu1uN0_3_7hGG0306cw\"]},{\"@type\":\"Person\",\"@id\":\"https:\\\/\\\/www.bellunopress.it\\\/#\\\/schema\\\/person\\\/79bb06722b37ece1c03d3e94beb30d73\",\"name\":\"redazione\",\"image\":{\"@type\":\"ImageObject\",\"inLanguage\":\"fr-FR\",\"@id\":\"https:\\\/\\\/secure.gravatar.com\\\/avatar\\\/37d968a2e67a6fd04c169c4bdef102d0bc5d31b2546345219e348575eb80e9a0?s=96&d=mm&r=g\",\"url\":\"https:\\\/\\\/secure.gravatar.com\\\/avatar\\\/37d968a2e67a6fd04c169c4bdef102d0bc5d31b2546345219e348575eb80e9a0?s=96&d=mm&r=g\",\"contentUrl\":\"https:\\\/\\\/secure.gravatar.com\\\/avatar\\\/37d968a2e67a6fd04c169c4bdef102d0bc5d31b2546345219e348575eb80e9a0?s=96&d=mm&r=g\",\"caption\":\"redazione\"},\"sameAs\":[\"http:\\\/\\\/www.bellunopress.it\",\"https:\\\/\\\/x.com\\\/bellunopress\"],\"url\":\"https:\\\/\\\/www.bellunopress.it\\\/fr\\\/author\\\/redazione\\\/\"}]}<\/script>\n<!-- \/ Yoast SEO plugin. -->","yoast_head_json":{"title":"Grazie al calendario i 3 Mas'ci donano 1400 euro all'Associazione Margherita - Bellunopress - Dolomiti","robots":{"index":"index","follow":"follow","max-snippet":"max-snippet:-1","max-image-preview":"max-image-preview:large","max-video-preview":"max-video-preview:-1"},"canonical":"https:\/\/www.bellunopress.it\/fr\/2019\/04\/04\/grazie-al-calendario-i-3-masci-donano-1400-euro-allassociazione-margherita\/","og_locale":"fr_FR","og_type":"article","og_title":"Grazie al calendario i 3 Mas'ci donano 1400 euro all'Associazione Margherita - Bellunopress - Dolomiti","og_description":"Un importante gesto solidale dei 3 Mas&#8217;ci nei confronti dell&#8217;associazione Margherita Fenice. Un contribuito tutto al maschile, in questo caso, in cui la prestanza fisica l&#8217;ha fatta da padrona, unita al buon cuore dei protagonisti. Si tratta di tre amici &#8211; Adalberto Da Boit, Enrico Dal Farra e Fausto Lucchetta \u2013 in bella mostra sul [&hellip;]","og_url":"https:\/\/www.bellunopress.it\/fr\/2019\/04\/04\/grazie-al-calendario-i-3-masci-donano-1400-euro-allassociazione-margherita\/","og_site_name":"Bellunopress - Dolomiti","article_publisher":"https:\/\/www.facebook.com\/profile.php?id=100008943462799","article_published_time":"2019-04-04T11:08:43+00:00","og_image":[{"url":"http:\/\/www.bellunopress.it\/wp-content\/uploads\/2019\/04\/Associazione-Margherita-donazione-3-Masci.jpeg","type":"","width":"","height":""}],"author":"redazione","twitter_card":"summary_large_image","twitter_creator":"@bellunopress","twitter_site":"@bellunopress","twitter_misc":{"\u00c9crit par":"redazione","Dur\u00e9e de lecture estim\u00e9e":"2 minutes"},"schema":{"@context":"https:\/\/schema.org","@graph":[{"@type":"Article","@id":"https:\/\/www.bellunopress.it\/2019\/04\/04\/grazie-al-calendario-i-3-masci-donano-1400-euro-allassociazione-margherita\/#article","isPartOf":{"@id":"https:\/\/www.bellunopress.it\/2019\/04\/04\/grazie-al-calendario-i-3-masci-donano-1400-euro-allassociazione-margherita\/"},"author":{"name":"redazione","@id":"https:\/\/www.bellunopress.it\/#\/schema\/person\/79bb06722b37ece1c03d3e94beb30d73"},"headline":"Grazie al calendario i 3 Mas&#8217;ci donano 1400 euro all&#8217;Associazione Margherita","datePublished":"2019-04-04T11:08:43+00:00","mainEntityOfPage":{"@id":"https:\/\/www.bellunopress.it\/2019\/04\/04\/grazie-al-calendario-i-3-masci-donano-1400-euro-allassociazione-margherita\/"},"wordCount":329,"publisher":{"@id":"https:\/\/www.bellunopress.it\/#organization"},"image":{"@id":"https:\/\/www.bellunopress.it\/2019\/04\/04\/grazie-al-calendario-i-3-masci-donano-1400-euro-allassociazione-margherita\/#primaryimage"},"thumbnailUrl":"http:\/\/www.bellunopress.it\/wp-content\/uploads\/2019\/04\/Associazione-Margherita-donazione-3-Masci.jpeg","articleSection":["Prima Pagina","Societ\u00e0, Associazioni, Istituzioni"],"inLanguage":"fr-FR"},{"@type":"WebPage","@id":"https:\/\/www.bellunopress.it\/2019\/04\/04\/grazie-al-calendario-i-3-masci-donano-1400-euro-allassociazione-margherita\/","url":"https:\/\/www.bellunopress.it\/2019\/04\/04\/grazie-al-calendario-i-3-masci-donano-1400-euro-allassociazione-margherita\/","name":"Grazie al calendario i 3 Mas'ci donano 1400 euro all'Associazione Margherita - Bellunopress - Dolomiti","isPartOf":{"@id":"https:\/\/www.bellunopress.it\/#website"},"primaryImageOfPage":{"@id":"https:\/\/www.bellunopress.it\/2019\/04\/04\/grazie-al-calendario-i-3-masci-donano-1400-euro-allassociazione-margherita\/#primaryimage"},"image":{"@id":"https:\/\/www.bellunopress.it\/2019\/04\/04\/grazie-al-calendario-i-3-masci-donano-1400-euro-allassociazione-margherita\/#primaryimage"},"thumbnailUrl":"http:\/\/www.bellunopress.it\/wp-content\/uploads\/2019\/04\/Associazione-Margherita-donazione-3-Masci.jpeg","datePublished":"2019-04-04T11:08:43+00:00","breadcrumb":{"@id":"https:\/\/www.bellunopress.it\/2019\/04\/04\/grazie-al-calendario-i-3-masci-donano-1400-euro-allassociazione-margherita\/#breadcrumb"},"inLanguage":"fr-FR","potentialAction":[{"@type":"ReadAction","target":["https:\/\/www.bellunopress.it\/2019\/04\/04\/grazie-al-calendario-i-3-masci-donano-1400-euro-allassociazione-margherita\/"]}]},{"@type":"ImageObject","inLanguage":"fr-FR","@id":"https:\/\/www.bellunopress.it\/2019\/04\/04\/grazie-al-calendario-i-3-masci-donano-1400-euro-allassociazione-margherita\/#primaryimage","url":"http:\/\/www.bellunopress.it\/wp-content\/uploads\/2019\/04\/Associazione-Margherita-donazione-3-Masci.jpeg","contentUrl":"http:\/\/www.bellunopress.it\/wp-content\/uploads\/2019\/04\/Associazione-Margherita-donazione-3-Masci.jpeg"},{"@type":"BreadcrumbList","@id":"https:\/\/www.bellunopress.it\/2019\/04\/04\/grazie-al-calendario-i-3-masci-donano-1400-euro-allassociazione-margherita\/#breadcrumb","itemListElement":[{"@type":"ListItem","position":1,"name":"Home","item":"https:\/\/www.bellunopress.it\/"},{"@type":"ListItem","position":2,"name":"Grazie al calendario i 3 Mas&#8217;ci donano 1400 euro all&#8217;Associazione Margherita"}]},{"@type":"WebSite","@id":"https:\/\/www.bellunopress.it\/#website","url":"https:\/\/www.bellunopress.it\/","name":"Bellunopress - Dolomiti","description":"e-mail: redazione@bellunopress.it","publisher":{"@id":"https:\/\/www.bellunopress.it\/#organization"},"potentialAction":[{"@type":"SearchAction","target":{"@type":"EntryPoint","urlTemplate":"https:\/\/www.bellunopress.it\/?s={search_term_string}"},"query-input":{"@type":"PropertyValueSpecification","valueRequired":true,"valueName":"search_term_string"}}],"inLanguage":"fr-FR"},{"@type":"Organization","@id":"https:\/\/www.bellunopress.it\/#organization","name":"Bellunopress","url":"https:\/\/www.bellunopress.it\/","logo":{"@type":"ImageObject","inLanguage":"fr-FR","@id":"https:\/\/www.bellunopress.it\/#\/schema\/logo\/image\/","url":"https:\/\/www.bellunopress.it\/wp-content\/uploads\/2011\/05\/cropped-logo-bellunopress-.jpg","contentUrl":"https:\/\/www.bellunopress.it\/wp-content\/uploads\/2011\/05\/cropped-logo-bellunopress-.jpg","width":512,"height":512,"caption":"Bellunopress"},"image":{"@id":"https:\/\/www.bellunopress.it\/#\/schema\/logo\/image\/"},"sameAs":["https:\/\/www.facebook.com\/profile.php?id=100008943462799","https:\/\/x.com\/bellunopress","https:\/\/www.linkedin.com\/hp\/?dnr=JBzUWaJfMUw8vbXJJ2tVW5-I3jZKvC4wsoxE&amp;amp;amp;amp;amp;amp;trk=nav_responsive_tab_home","https:\/\/www.youtube.com\/channel\/UCxL0wu1uN0_3_7hGG0306cw"]},{"@type":"Person","@id":"https:\/\/www.bellunopress.it\/#\/schema\/person\/79bb06722b37ece1c03d3e94beb30d73","name":"r\u00e9daction","image":{"@type":"ImageObject","inLanguage":"fr-FR","@id":"https:\/\/secure.gravatar.com\/avatar\/37d968a2e67a6fd04c169c4bdef102d0bc5d31b2546345219e348575eb80e9a0?s=96&d=mm&r=g","url":"https:\/\/secure.gravatar.com\/avatar\/37d968a2e67a6fd04c169c4bdef102d0bc5d31b2546345219e348575eb80e9a0?s=96&d=mm&r=g","contentUrl":"https:\/\/secure.gravatar.com\/avatar\/37d968a2e67a6fd04c169c4bdef102d0bc5d31b2546345219e348575eb80e9a0?s=96&d=mm&r=g","caption":"redazione"},"sameAs":["http:\/\/www.bellunopress.it","https:\/\/x.com\/bellunopress"],"url":"https:\/\/www.bellunopress.it\/fr\/author\/redazione\/"}]}},"_links":{"self":[{"href":"https:\/\/www.bellunopress.it\/fr\/wp-json\/wp\/v2\/posts\/103503","targetHints":{"allow":["GET"]}}],"collection":[{"href":"https:\/\/www.bellunopress.it\/fr\/wp-json\/wp\/v2\/posts"}],"about":[{"href":"https:\/\/www.bellunopress.it\/fr\/wp-json\/wp\/v2\/types\/post"}],"author":[{"embeddable":true,"href":"https:\/\/www.bellunopress.it\/fr\/wp-json\/wp\/v2\/users\/2"}],"replies":[{"embeddable":true,"href":"https:\/\/www.bellunopress.it\/fr\/wp-json\/wp\/v2\/comments?post=103503"}],"version-history":[{"count":2,"href":"https:\/\/www.bellunopress.it\/fr\/wp-json\/wp\/v2\/posts\/103503\/revisions"}],"predecessor-version":[{"id":103506,"href":"https:\/\/www.bellunopress.it\/fr\/wp-json\/wp\/v2\/posts\/103503\/revisions\/103506"}],"wp:attachment":[{"href":"https:\/\/www.bellunopress.it\/fr\/wp-json\/wp\/v2\/media?parent=103503"}],"wp:term":[{"taxonomy":"category","embeddable":true,"href":"https:\/\/www.bellunopress.it\/fr\/wp-json\/wp\/v2\/categories?post=103503"},{"taxonomy":"post_tag","embeddable":true,"href":"https:\/\/www.bellunopress.it\/fr\/wp-json\/wp\/v2\/tags?post=103503"}],"curies":[{"name":"wp","href":"https:\/\/api.w.org\/{rel}","templated":true}]}}