{"id":103499,"date":"2019-04-04T13:02:02","date_gmt":"2019-04-04T11:02:02","guid":{"rendered":"http:\/\/www.bellunopress.it\/?p=103499"},"modified":"2019-04-04T13:02:02","modified_gmt":"2019-04-04T11:02:02","slug":"cibus-connect-500-nuovi-prodotti-alla-fiera-di-parma-esperti-e-retailer-internazionali-ai-convegni-due-grandi-aree-showcooking-vicine-alle-buyers-lounge-il-cibus-innovation-corne","status":"publish","type":"post","link":"https:\/\/www.bellunopress.it\/fr\/2019\/04\/04\/cibus-connect-500-nuovi-prodotti-alla-fiera-di-parma-esperti-e-retailer-internazionali-ai-convegni-due-grandi-aree-showcooking-vicine-alle-buyers-lounge-il-cibus-innovation-corne\/","title":{"rendered":"Cibus Connect: 500 nuovi prodotti alla fiera di Parma. Esperti e retailer internazionali ai convegni \u2013 Due grandi aree showcooking vicine alle Buyers Lounge \u2013 Il Cibus Innovation Corner e lo Start Up Lab"},"content":{"rendered":"<p>Aprir\u00e0 mercoled\u00ec 10 aprile la fiera Cibus Connect, che rimarr\u00e0 allestita fino all\u201911 aprile. 900 marchi, 700 espositori, 10.000 operatori e buyer attesi, di cui 3.000 dall\u2019estero, 500 nuovi prodotti in esposizione. Alla conferenza di apertura interverranno Gian Domenico Auricchio, Presidente di Fiere di Parma e Ivano Vacondio, Presidente di Federalimentare, e sono attesi Gian Marco Centinaio, Ministro delle politiche agricole e alimentari e Dario Galli, Vice Ministro del Ministero dello Sviluppo Economico.<\/p>\n<p><a href=\"http:\/\/www.bellunopress.it\/fr\/2019\/04\/04\/cibus-connect-500-nuovi-prodotti-alla-fiera-di-parma-esperti-e-retailer-internazionali-ai-convegni-due-grandi-aree-showcooking-vicine-alle-buyers-lounge-il-cibus-innovation-corne\/cibus-2\/\" rel=\"attachment wp-att-103500\"><img loading=\"lazy\" decoding=\"async\" class=\"alignleft size-full wp-image-103500\" src=\"http:\/\/www.bellunopress.it\/wp-content\/uploads\/2019\/04\/cibus.jpg\" alt=\"\" width=\"300\" height=\"259\" \/><\/a>In fiera verranno esposti 500 nuovi prodotti, la cui lista completa sar\u00e0 pubblicata sul sito Cibus.it e sulla App Cibus, a partire dall\u20198 aprile. I Top 100 Prodotti Premium, selezionati da una giuria tecnica, saranno esposti nello spazio Cibus Innovation Corner, all\u2019interno del Padiglione 6. Qui verranno esposti anche i prodotti premium a marchio del distributore delle maggiori insegne distributive: Coop, Conad, Esselunga, Auchan, Carrefour, Selex, Despar, Pam, Crai, D.It, SUN.<\/p>\n<p>La rilevante quantit\u00e0 di nuovi prodotti in esposizione a Cibus Connect conferma l\u2019impegno dell\u2019industria alimentare italiana a reinterpretare la tradizione gastronomica del Paese, adattandola alle richieste dei consumatori, di prodotti attenti alla salute ma anche di gran gusto.<\/p>\n<p>Nel comparto pasta \u00e8 possibile citare, come esempio: la pasta senza glutine con farina di lenticchie e riso (Dialcos); i fusilli con farina di piselli verdi (Newlat); la pasta di riso e cavolo verde riccio (Farmo); i tortelli con foie gras e fichi caramellati (Canuti); i paccherini al bergamotto (Rustichella d\u2019Abruzzo); la pasta integrale bio (Del Verde); i ravioli con pancetta e Grana Padano (Fini).<\/p>\n<p>Tante le novit\u00e0 nel settore dei condimenti: il sugo al gambero rosso di Mazzara (Campo d\u2019Oro); il pesto bio al chili (Polli); il pesto di zucchine (Costa Ligure); il nero di seppia (Men\u00f9); la polvere di funghi porcini secchi da versare sui piatti (Oliveri); le verdure fruttate, come peperoni all\u2019arancia o cetriolini alla mela (Coelsanus); l\u2019aceto di melograno (De Nigris); le olive Nocellara del Belice con zenzero (Coppini).<\/p>\n<p>Nel dolciario: i wafer senza zuccheri, con maltivolo (Lago); i biscotti bio con melagrana (Di Leo); il panettone con cioccolato fondente e crema al caramello salato (Loison); il cioccolato fondente con lampone e mandorla (Elah Dufour); il cornetto con farina di legumi (Forno d\u2019Asolo); il gelato bio con miele di acacia (Conapi).<\/p>\n<p>Numerose le novit\u00e0 anche nei settori del lattiero caseario e dei salumi: lo yogurt vegetale bio da riso integrale (Frescolat); i formaggi con curcuma (Botalla); la burrata affumicata (Delizia); l\u2019erborinato con caff\u00e8 in crosta (Guffanti); la crema di pecorino spalmabile con zafferano e pepe (Si.For.); il latte di mandorla bio (Poli.Com); il salame con finocchietto e cumino (Levoni); il prosciutto antibiotic free (Coati); il prosciutto di Parma da allevamenti senza antibiotici (Devodier).<\/p>\n<p>E ancora: la farina di goji e la farina di moringa (Sud Energy); la piadina funzionale con Beta-glucani dell\u2019avena che riducono il colesterolo (Ruggeri); la pizza al cavolfiore biologico (Galati); il puree di frutta (Alce Nero); la birra ambrata al tartufo (Birrificio C&amp;C); i filetti di tonno con curcuma e pepe nero (L\u2019isola d\u2019oro).<\/p>\n<p>Cibus Connect non \u00e8 solo esposizione di prodotti: qui si incontra tutta la filiera agroalimentare per approfondire le tematiche d\u2019interesse e delineare le strategie commerciali future.<br \/>\nAlla opening session del 10 aprile verr\u00e0 presentato il \u201cRapporto sulla competitivit\u00e0 dell\u2019agroalimentare nel Mezzogiorno\u201d, realizzato da Ismea e Cibus in collaborazione con Federalimentare. Saranno analizzati gli scenari che si aprono per le imprese agroalimentari del Mezzogiorno rispetto al mercato interno ed estero.<br \/>\nNel pomeriggio del 10 si terr\u00e0 il workshop &#8220;Dal category management al supply chain management: i best case internazionali di collaborazione tra distribuzione e industria agroalimentare&#8221;, co-organizzato con PwC, primaria societ\u00e0 di consulenza, e i periodici Mark Up e Gdoweek, con gli interventi di autorevoli esperti internazionali. PwC presenter\u00e0 il punto di vista di 1.378 Ceo e 250 Retailer in 91 Paesi nel mondo sul livello di fiducia nella crescita globale e del proprio business, insieme alle principali sfide che li attendono nel prossimo futuro e le strategie per affrontarle, con focus sull&#8217;internazionalizzazione. Saranno inoltre presentate le abitudini d&#8217;acquisto dei consumatori in ambito grocery emerse dalla 10\u00b0 Global Consumer Insight Survey di PwC condotta su oltre 21.000 consumatori in 27 Paesi.<br \/>\nNella mattina dell\u201911 aprile il workshop \u201cPremium brand e premium store brand: drivers di sviluppo del retail food\u201d, in collaborazione con il Gruppo Food.<br \/>\nNel pomeriggio il convegno, organizzato da Deloitte, su \u201cLa promozione dei prodotti italiani nella grande distribuzione internazionale\u201d. Dallo scaffale al carrello: le promozioni combinate e \u201ccross-category\u201d di successo dei prodotti italiani per lo sviluppo delle vendite nei punti di vendita della grande distribuzione internazionale. Nel parterre tecnici e retailers.<\/p>\n<p>Dentro il quartiere fieristico sono diverse le aree speciali: come quella dedicata ai produttori di Slow Food; la Cibus Buyers Lounge dove si svolgono gli incontri business tra buyer ed espositori; le due grandi aree showcooking; lo Start Up Lab. In quest\u2019ultimo spazio sar\u00e0 possibile incontrare 9 start up che operano nel campo della \u201cfood revolution\u201d per una relazione tra uomo, tecnologia e cibo, come motore di cambiamento e strumento chiave per creare un mondo pi\u00f9 sano e sostenibile. Star Up Lab \u00e8 curato da Future Food Institute in collaborazione con Federalimentare, ICE Agenzia e Cr\u00e9dit Agricole.<\/p>\n<p>I visitatori di Cibus Connect potranno anche partecipare al fuori Salone \u201cCibus Off\u201d, promosso dalla citt\u00e0 di Parma, Creative City of Gastronomy per l&#8217;Unesco, dal 6 al 14 aprile<br \/>\n2019. Cibus Off prevede degustazioni delle eccellenze eno-gastronomiche di Parma ed iniziative culturali nelle strade e nelle piazze della citt\u00e0.<\/p>","protected":false},"excerpt":{"rendered":"<p>Aprir\u00e0 mercoled\u00ec 10 aprile la fiera Cibus Connect, che rimarr\u00e0 allestita fino all\u201911 aprile. 900 marchi, 700 espositori, 10.000 operatori e buyer attesi, di cui 3.000 dall\u2019estero, 500 nuovi prodotti in esposizione. Alla conferenza di apertura interverranno Gian Domenico Auricchio, Presidente di Fiere di Parma e Ivano Vacondio, Presidente di Federalimentare, e sono attesi Gian [&hellip;]<\/p>\n","protected":false},"author":2,"featured_media":0,"comment_status":"closed","ping_status":"open","sticky":false,"template":"","format":"standard","meta":{"footnotes":""},"categories":[3393],"tags":[3400],"class_list":["post-103499","post","type-post","status-publish","format-standard","category-eventi-enogastronomici","tag-cibus-2019"],"yoast_head":"<!-- This site is optimized with the Yoast SEO plugin v28.4 - https:\/\/yoast.com\/product\/yoast-seo-wordpress\/ -->\n<title>Cibus Connect: 500 nuovi prodotti alla fiera di Parma. Esperti e retailer internazionali ai convegni \u2013 Due grandi aree showcooking vicine alle Buyers Lounge \u2013 Il Cibus Innovation Corner e lo Start Up Lab - Bellunopress - Dolomiti<\/title>\n<meta name=\"robots\" content=\"index, follow, max-snippet:-1, max-image-preview:large, max-video-preview:-1\" \/>\n<link rel=\"canonical\" href=\"https:\/\/www.bellunopress.it\/fr\/2019\/04\/04\/cibus-connect-500-nuovi-prodotti-alla-fiera-di-parma-esperti-e-retailer-internazionali-ai-convegni-due-grandi-aree-showcooking-vicine-alle-buyers-lounge-il-cibus-innovation-corne\/\" \/>\n<meta property=\"og:locale\" content=\"fr_FR\" \/>\n<meta property=\"og:type\" content=\"article\" \/>\n<meta property=\"og:title\" content=\"Cibus Connect: 500 nuovi prodotti alla fiera di Parma. Esperti e retailer internazionali ai convegni \u2013 Due grandi aree showcooking vicine alle Buyers Lounge \u2013 Il Cibus Innovation Corner e lo Start Up Lab - Bellunopress - Dolomiti\" \/>\n<meta property=\"og:description\" content=\"Aprir\u00e0 mercoled\u00ec 10 aprile la fiera Cibus Connect, che rimarr\u00e0 allestita fino all\u201911 aprile. 900 marchi, 700 espositori, 10.000 operatori e buyer attesi, di cui 3.000 dall\u2019estero, 500 nuovi prodotti in esposizione. Alla conferenza di apertura interverranno Gian Domenico Auricchio, Presidente di Fiere di Parma e Ivano Vacondio, Presidente di Federalimentare, e sono attesi Gian [&hellip;]\" \/>\n<meta property=\"og:url\" content=\"https:\/\/www.bellunopress.it\/fr\/2019\/04\/04\/cibus-connect-500-nuovi-prodotti-alla-fiera-di-parma-esperti-e-retailer-internazionali-ai-convegni-due-grandi-aree-showcooking-vicine-alle-buyers-lounge-il-cibus-innovation-corne\/\" \/>\n<meta property=\"og:site_name\" content=\"Bellunopress - Dolomiti\" \/>\n<meta property=\"article:publisher\" content=\"https:\/\/www.facebook.com\/profile.php?id=100008943462799\" \/>\n<meta property=\"article:published_time\" content=\"2019-04-04T11:02:02+00:00\" \/>\n<meta property=\"og:image\" content=\"http:\/\/www.bellunopress.it\/wp-content\/uploads\/2019\/04\/cibus.jpg\" \/>\n<meta name=\"author\" content=\"redazione\" \/>\n<meta name=\"twitter:card\" content=\"summary_large_image\" \/>\n<meta name=\"twitter:creator\" content=\"@bellunopress\" \/>\n<meta name=\"twitter:site\" content=\"@bellunopress\" \/>\n<meta name=\"twitter:label1\" content=\"Written by\" \/>\n\t<meta name=\"twitter:data1\" content=\"redazione\" \/>\n\t<meta name=\"twitter:label2\" content=\"Est. reading time\" \/>\n\t<meta name=\"twitter:data2\" content=\"5 minutes\" \/>\n<script type=\"application\/ld+json\" class=\"yoast-schema-graph\">{\"@context\":\"https:\\\/\\\/schema.org\",\"@graph\":[{\"@type\":\"Article\",\"@id\":\"https:\\\/\\\/www.bellunopress.it\\\/2019\\\/04\\\/04\\\/cibus-connect-500-nuovi-prodotti-alla-fiera-di-parma-esperti-e-retailer-internazionali-ai-convegni-due-grandi-aree-showcooking-vicine-alle-buyers-lounge-il-cibus-innovation-corne\\\/#article\",\"isPartOf\":{\"@id\":\"https:\\\/\\\/www.bellunopress.it\\\/2019\\\/04\\\/04\\\/cibus-connect-500-nuovi-prodotti-alla-fiera-di-parma-esperti-e-retailer-internazionali-ai-convegni-due-grandi-aree-showcooking-vicine-alle-buyers-lounge-il-cibus-innovation-corne\\\/\"},\"author\":{\"name\":\"redazione\",\"@id\":\"https:\\\/\\\/www.bellunopress.it\\\/#\\\/schema\\\/person\\\/79bb06722b37ece1c03d3e94beb30d73\"},\"headline\":\"Cibus Connect: 500 nuovi prodotti alla fiera di Parma. Esperti e retailer internazionali ai convegni \u2013 Due grandi aree showcooking vicine alle Buyers Lounge \u2013 Il Cibus Innovation Corner e lo Start Up Lab\",\"datePublished\":\"2019-04-04T11:02:02+00:00\",\"mainEntityOfPage\":{\"@id\":\"https:\\\/\\\/www.bellunopress.it\\\/2019\\\/04\\\/04\\\/cibus-connect-500-nuovi-prodotti-alla-fiera-di-parma-esperti-e-retailer-internazionali-ai-convegni-due-grandi-aree-showcooking-vicine-alle-buyers-lounge-il-cibus-innovation-corne\\\/\"},\"wordCount\":935,\"publisher\":{\"@id\":\"https:\\\/\\\/www.bellunopress.it\\\/#organization\"},\"image\":{\"@id\":\"https:\\\/\\\/www.bellunopress.it\\\/2019\\\/04\\\/04\\\/cibus-connect-500-nuovi-prodotti-alla-fiera-di-parma-esperti-e-retailer-internazionali-ai-convegni-due-grandi-aree-showcooking-vicine-alle-buyers-lounge-il-cibus-innovation-corne\\\/#primaryimage\"},\"thumbnailUrl\":\"http:\\\/\\\/www.bellunopress.it\\\/wp-content\\\/uploads\\\/2019\\\/04\\\/cibus.jpg\",\"keywords\":[\"Cibus 2019\"],\"articleSection\":[\"Eventi enogastronomici\"],\"inLanguage\":\"fr-FR\"},{\"@type\":\"WebPage\",\"@id\":\"https:\\\/\\\/www.bellunopress.it\\\/2019\\\/04\\\/04\\\/cibus-connect-500-nuovi-prodotti-alla-fiera-di-parma-esperti-e-retailer-internazionali-ai-convegni-due-grandi-aree-showcooking-vicine-alle-buyers-lounge-il-cibus-innovation-corne\\\/\",\"url\":\"https:\\\/\\\/www.bellunopress.it\\\/2019\\\/04\\\/04\\\/cibus-connect-500-nuovi-prodotti-alla-fiera-di-parma-esperti-e-retailer-internazionali-ai-convegni-due-grandi-aree-showcooking-vicine-alle-buyers-lounge-il-cibus-innovation-corne\\\/\",\"name\":\"Cibus Connect: 500 nuovi prodotti alla fiera di Parma. Esperti e retailer internazionali ai convegni \u2013 Due grandi aree showcooking vicine alle Buyers Lounge \u2013 Il Cibus Innovation Corner e lo Start Up Lab - Bellunopress - Dolomiti\",\"isPartOf\":{\"@id\":\"https:\\\/\\\/www.bellunopress.it\\\/#website\"},\"primaryImageOfPage\":{\"@id\":\"https:\\\/\\\/www.bellunopress.it\\\/2019\\\/04\\\/04\\\/cibus-connect-500-nuovi-prodotti-alla-fiera-di-parma-esperti-e-retailer-internazionali-ai-convegni-due-grandi-aree-showcooking-vicine-alle-buyers-lounge-il-cibus-innovation-corne\\\/#primaryimage\"},\"image\":{\"@id\":\"https:\\\/\\\/www.bellunopress.it\\\/2019\\\/04\\\/04\\\/cibus-connect-500-nuovi-prodotti-alla-fiera-di-parma-esperti-e-retailer-internazionali-ai-convegni-due-grandi-aree-showcooking-vicine-alle-buyers-lounge-il-cibus-innovation-corne\\\/#primaryimage\"},\"thumbnailUrl\":\"http:\\\/\\\/www.bellunopress.it\\\/wp-content\\\/uploads\\\/2019\\\/04\\\/cibus.jpg\",\"datePublished\":\"2019-04-04T11:02:02+00:00\",\"breadcrumb\":{\"@id\":\"https:\\\/\\\/www.bellunopress.it\\\/2019\\\/04\\\/04\\\/cibus-connect-500-nuovi-prodotti-alla-fiera-di-parma-esperti-e-retailer-internazionali-ai-convegni-due-grandi-aree-showcooking-vicine-alle-buyers-lounge-il-cibus-innovation-corne\\\/#breadcrumb\"},\"inLanguage\":\"fr-FR\",\"potentialAction\":[{\"@type\":\"ReadAction\",\"target\":[\"https:\\\/\\\/www.bellunopress.it\\\/2019\\\/04\\\/04\\\/cibus-connect-500-nuovi-prodotti-alla-fiera-di-parma-esperti-e-retailer-internazionali-ai-convegni-due-grandi-aree-showcooking-vicine-alle-buyers-lounge-il-cibus-innovation-corne\\\/\"]}]},{\"@type\":\"ImageObject\",\"inLanguage\":\"fr-FR\",\"@id\":\"https:\\\/\\\/www.bellunopress.it\\\/2019\\\/04\\\/04\\\/cibus-connect-500-nuovi-prodotti-alla-fiera-di-parma-esperti-e-retailer-internazionali-ai-convegni-due-grandi-aree-showcooking-vicine-alle-buyers-lounge-il-cibus-innovation-corne\\\/#primaryimage\",\"url\":\"http:\\\/\\\/www.bellunopress.it\\\/wp-content\\\/uploads\\\/2019\\\/04\\\/cibus.jpg\",\"contentUrl\":\"http:\\\/\\\/www.bellunopress.it\\\/wp-content\\\/uploads\\\/2019\\\/04\\\/cibus.jpg\"},{\"@type\":\"BreadcrumbList\",\"@id\":\"https:\\\/\\\/www.bellunopress.it\\\/2019\\\/04\\\/04\\\/cibus-connect-500-nuovi-prodotti-alla-fiera-di-parma-esperti-e-retailer-internazionali-ai-convegni-due-grandi-aree-showcooking-vicine-alle-buyers-lounge-il-cibus-innovation-corne\\\/#breadcrumb\",\"itemListElement\":[{\"@type\":\"ListItem\",\"position\":1,\"name\":\"Home\",\"item\":\"https:\\\/\\\/www.bellunopress.it\\\/\"},{\"@type\":\"ListItem\",\"position\":2,\"name\":\"Cibus Connect: 500 nuovi prodotti alla fiera di Parma. Esperti e retailer internazionali ai convegni \u2013 Due grandi aree showcooking vicine alle Buyers Lounge \u2013 Il Cibus Innovation Corner e lo Start Up Lab\"}]},{\"@type\":\"WebSite\",\"@id\":\"https:\\\/\\\/www.bellunopress.it\\\/#website\",\"url\":\"https:\\\/\\\/www.bellunopress.it\\\/\",\"name\":\"Bellunopress - Dolomiti\",\"description\":\"e-mail: redazione@bellunopress.it\",\"publisher\":{\"@id\":\"https:\\\/\\\/www.bellunopress.it\\\/#organization\"},\"potentialAction\":[{\"@type\":\"SearchAction\",\"target\":{\"@type\":\"EntryPoint\",\"urlTemplate\":\"https:\\\/\\\/www.bellunopress.it\\\/?s={search_term_string}\"},\"query-input\":{\"@type\":\"PropertyValueSpecification\",\"valueRequired\":true,\"valueName\":\"search_term_string\"}}],\"inLanguage\":\"fr-FR\"},{\"@type\":\"Organization\",\"@id\":\"https:\\\/\\\/www.bellunopress.it\\\/#organization\",\"name\":\"Bellunopress\",\"url\":\"https:\\\/\\\/www.bellunopress.it\\\/\",\"logo\":{\"@type\":\"ImageObject\",\"inLanguage\":\"fr-FR\",\"@id\":\"https:\\\/\\\/www.bellunopress.it\\\/#\\\/schema\\\/logo\\\/image\\\/\",\"url\":\"https:\\\/\\\/www.bellunopress.it\\\/wp-content\\\/uploads\\\/2011\\\/05\\\/cropped-logo-bellunopress-.jpg\",\"contentUrl\":\"https:\\\/\\\/www.bellunopress.it\\\/wp-content\\\/uploads\\\/2011\\\/05\\\/cropped-logo-bellunopress-.jpg\",\"width\":512,\"height\":512,\"caption\":\"Bellunopress\"},\"image\":{\"@id\":\"https:\\\/\\\/www.bellunopress.it\\\/#\\\/schema\\\/logo\\\/image\\\/\"},\"sameAs\":[\"https:\\\/\\\/www.facebook.com\\\/profile.php?id=100008943462799\",\"https:\\\/\\\/x.com\\\/bellunopress\",\"https:\\\/\\\/www.linkedin.com\\\/hp\\\/?dnr=JBzUWaJfMUw8vbXJJ2tVW5-I3jZKvC4wsoxE&amp;amp;amp;amp;amp;amp;trk=nav_responsive_tab_home\",\"https:\\\/\\\/www.youtube.com\\\/channel\\\/UCxL0wu1uN0_3_7hGG0306cw\"]},{\"@type\":\"Person\",\"@id\":\"https:\\\/\\\/www.bellunopress.it\\\/#\\\/schema\\\/person\\\/79bb06722b37ece1c03d3e94beb30d73\",\"name\":\"redazione\",\"image\":{\"@type\":\"ImageObject\",\"inLanguage\":\"fr-FR\",\"@id\":\"https:\\\/\\\/secure.gravatar.com\\\/avatar\\\/37d968a2e67a6fd04c169c4bdef102d0bc5d31b2546345219e348575eb80e9a0?s=96&d=mm&r=g\",\"url\":\"https:\\\/\\\/secure.gravatar.com\\\/avatar\\\/37d968a2e67a6fd04c169c4bdef102d0bc5d31b2546345219e348575eb80e9a0?s=96&d=mm&r=g\",\"contentUrl\":\"https:\\\/\\\/secure.gravatar.com\\\/avatar\\\/37d968a2e67a6fd04c169c4bdef102d0bc5d31b2546345219e348575eb80e9a0?s=96&d=mm&r=g\",\"caption\":\"redazione\"},\"sameAs\":[\"http:\\\/\\\/www.bellunopress.it\",\"https:\\\/\\\/x.com\\\/bellunopress\"],\"url\":\"https:\\\/\\\/www.bellunopress.it\\\/fr\\\/author\\\/redazione\\\/\"}]}<\/script>\n<!-- \/ Yoast SEO plugin. -->","yoast_head_json":{"title":"Cibus Connect: 500 nuovi prodotti alla fiera di Parma. Esperti e retailer internazionali ai convegni \u2013 Due grandi aree showcooking vicine alle Buyers Lounge \u2013 Il Cibus Innovation Corner e lo Start Up Lab - Bellunopress - Dolomiti","robots":{"index":"index","follow":"follow","max-snippet":"max-snippet:-1","max-image-preview":"max-image-preview:large","max-video-preview":"max-video-preview:-1"},"canonical":"https:\/\/www.bellunopress.it\/fr\/2019\/04\/04\/cibus-connect-500-nuovi-prodotti-alla-fiera-di-parma-esperti-e-retailer-internazionali-ai-convegni-due-grandi-aree-showcooking-vicine-alle-buyers-lounge-il-cibus-innovation-corne\/","og_locale":"fr_FR","og_type":"article","og_title":"Cibus Connect: 500 nuovi prodotti alla fiera di Parma. Esperti e retailer internazionali ai convegni \u2013 Due grandi aree showcooking vicine alle Buyers Lounge \u2013 Il Cibus Innovation Corner e lo Start Up Lab - Bellunopress - Dolomiti","og_description":"Aprir\u00e0 mercoled\u00ec 10 aprile la fiera Cibus Connect, che rimarr\u00e0 allestita fino all\u201911 aprile. 900 marchi, 700 espositori, 10.000 operatori e buyer attesi, di cui 3.000 dall\u2019estero, 500 nuovi prodotti in esposizione. Alla conferenza di apertura interverranno Gian Domenico Auricchio, Presidente di Fiere di Parma e Ivano Vacondio, Presidente di Federalimentare, e sono attesi Gian [&hellip;]","og_url":"https:\/\/www.bellunopress.it\/fr\/2019\/04\/04\/cibus-connect-500-nuovi-prodotti-alla-fiera-di-parma-esperti-e-retailer-internazionali-ai-convegni-due-grandi-aree-showcooking-vicine-alle-buyers-lounge-il-cibus-innovation-corne\/","og_site_name":"Bellunopress - Dolomiti","article_publisher":"https:\/\/www.facebook.com\/profile.php?id=100008943462799","article_published_time":"2019-04-04T11:02:02+00:00","og_image":[{"url":"http:\/\/www.bellunopress.it\/wp-content\/uploads\/2019\/04\/cibus.jpg","type":"","width":"","height":""}],"author":"redazione","twitter_card":"summary_large_image","twitter_creator":"@bellunopress","twitter_site":"@bellunopress","twitter_misc":{"Written by":"redazione","Est. reading time":"5 minutes"},"schema":{"@context":"https:\/\/schema.org","@graph":[{"@type":"Article","@id":"https:\/\/www.bellunopress.it\/2019\/04\/04\/cibus-connect-500-nuovi-prodotti-alla-fiera-di-parma-esperti-e-retailer-internazionali-ai-convegni-due-grandi-aree-showcooking-vicine-alle-buyers-lounge-il-cibus-innovation-corne\/#article","isPartOf":{"@id":"https:\/\/www.bellunopress.it\/2019\/04\/04\/cibus-connect-500-nuovi-prodotti-alla-fiera-di-parma-esperti-e-retailer-internazionali-ai-convegni-due-grandi-aree-showcooking-vicine-alle-buyers-lounge-il-cibus-innovation-corne\/"},"author":{"name":"redazione","@id":"https:\/\/www.bellunopress.it\/#\/schema\/person\/79bb06722b37ece1c03d3e94beb30d73"},"headline":"Cibus Connect: 500 nuovi prodotti alla fiera di Parma. Esperti e retailer internazionali ai convegni \u2013 Due grandi aree showcooking vicine alle Buyers Lounge \u2013 Il Cibus Innovation Corner e lo Start Up Lab","datePublished":"2019-04-04T11:02:02+00:00","mainEntityOfPage":{"@id":"https:\/\/www.bellunopress.it\/2019\/04\/04\/cibus-connect-500-nuovi-prodotti-alla-fiera-di-parma-esperti-e-retailer-internazionali-ai-convegni-due-grandi-aree-showcooking-vicine-alle-buyers-lounge-il-cibus-innovation-corne\/"},"wordCount":935,"publisher":{"@id":"https:\/\/www.bellunopress.it\/#organization"},"image":{"@id":"https:\/\/www.bellunopress.it\/2019\/04\/04\/cibus-connect-500-nuovi-prodotti-alla-fiera-di-parma-esperti-e-retailer-internazionali-ai-convegni-due-grandi-aree-showcooking-vicine-alle-buyers-lounge-il-cibus-innovation-corne\/#primaryimage"},"thumbnailUrl":"http:\/\/www.bellunopress.it\/wp-content\/uploads\/2019\/04\/cibus.jpg","keywords":["Cibus 2019"],"articleSection":["Eventi enogastronomici"],"inLanguage":"fr-FR"},{"@type":"WebPage","@id":"https:\/\/www.bellunopress.it\/2019\/04\/04\/cibus-connect-500-nuovi-prodotti-alla-fiera-di-parma-esperti-e-retailer-internazionali-ai-convegni-due-grandi-aree-showcooking-vicine-alle-buyers-lounge-il-cibus-innovation-corne\/","url":"https:\/\/www.bellunopress.it\/2019\/04\/04\/cibus-connect-500-nuovi-prodotti-alla-fiera-di-parma-esperti-e-retailer-internazionali-ai-convegni-due-grandi-aree-showcooking-vicine-alle-buyers-lounge-il-cibus-innovation-corne\/","name":"Cibus Connect: 500 nuovi prodotti alla fiera di Parma. Esperti e retailer internazionali ai convegni \u2013 Due grandi aree showcooking vicine alle Buyers Lounge \u2013 Il Cibus Innovation Corner e lo Start Up Lab - Bellunopress - Dolomiti","isPartOf":{"@id":"https:\/\/www.bellunopress.it\/#website"},"primaryImageOfPage":{"@id":"https:\/\/www.bellunopress.it\/2019\/04\/04\/cibus-connect-500-nuovi-prodotti-alla-fiera-di-parma-esperti-e-retailer-internazionali-ai-convegni-due-grandi-aree-showcooking-vicine-alle-buyers-lounge-il-cibus-innovation-corne\/#primaryimage"},"image":{"@id":"https:\/\/www.bellunopress.it\/2019\/04\/04\/cibus-connect-500-nuovi-prodotti-alla-fiera-di-parma-esperti-e-retailer-internazionali-ai-convegni-due-grandi-aree-showcooking-vicine-alle-buyers-lounge-il-cibus-innovation-corne\/#primaryimage"},"thumbnailUrl":"http:\/\/www.bellunopress.it\/wp-content\/uploads\/2019\/04\/cibus.jpg","datePublished":"2019-04-04T11:02:02+00:00","breadcrumb":{"@id":"https:\/\/www.bellunopress.it\/2019\/04\/04\/cibus-connect-500-nuovi-prodotti-alla-fiera-di-parma-esperti-e-retailer-internazionali-ai-convegni-due-grandi-aree-showcooking-vicine-alle-buyers-lounge-il-cibus-innovation-corne\/#breadcrumb"},"inLanguage":"fr-FR","potentialAction":[{"@type":"ReadAction","target":["https:\/\/www.bellunopress.it\/2019\/04\/04\/cibus-connect-500-nuovi-prodotti-alla-fiera-di-parma-esperti-e-retailer-internazionali-ai-convegni-due-grandi-aree-showcooking-vicine-alle-buyers-lounge-il-cibus-innovation-corne\/"]}]},{"@type":"ImageObject","inLanguage":"fr-FR","@id":"https:\/\/www.bellunopress.it\/2019\/04\/04\/cibus-connect-500-nuovi-prodotti-alla-fiera-di-parma-esperti-e-retailer-internazionali-ai-convegni-due-grandi-aree-showcooking-vicine-alle-buyers-lounge-il-cibus-innovation-corne\/#primaryimage","url":"http:\/\/www.bellunopress.it\/wp-content\/uploads\/2019\/04\/cibus.jpg","contentUrl":"http:\/\/www.bellunopress.it\/wp-content\/uploads\/2019\/04\/cibus.jpg"},{"@type":"BreadcrumbList","@id":"https:\/\/www.bellunopress.it\/2019\/04\/04\/cibus-connect-500-nuovi-prodotti-alla-fiera-di-parma-esperti-e-retailer-internazionali-ai-convegni-due-grandi-aree-showcooking-vicine-alle-buyers-lounge-il-cibus-innovation-corne\/#breadcrumb","itemListElement":[{"@type":"ListItem","position":1,"name":"Home","item":"https:\/\/www.bellunopress.it\/"},{"@type":"ListItem","position":2,"name":"Cibus Connect: 500 nuovi prodotti alla fiera di Parma. Esperti e retailer internazionali ai convegni \u2013 Due grandi aree showcooking vicine alle Buyers Lounge \u2013 Il Cibus Innovation Corner e lo Start Up Lab"}]},{"@type":"WebSite","@id":"https:\/\/www.bellunopress.it\/#website","url":"https:\/\/www.bellunopress.it\/","name":"Bellunopress - Dolomiti","description":"e-mail: redazione@bellunopress.it","publisher":{"@id":"https:\/\/www.bellunopress.it\/#organization"},"potentialAction":[{"@type":"SearchAction","target":{"@type":"EntryPoint","urlTemplate":"https:\/\/www.bellunopress.it\/?s={search_term_string}"},"query-input":{"@type":"PropertyValueSpecification","valueRequired":true,"valueName":"search_term_string"}}],"inLanguage":"fr-FR"},{"@type":"Organization","@id":"https:\/\/www.bellunopress.it\/#organization","name":"Bellunopress","url":"https:\/\/www.bellunopress.it\/","logo":{"@type":"ImageObject","inLanguage":"fr-FR","@id":"https:\/\/www.bellunopress.it\/#\/schema\/logo\/image\/","url":"https:\/\/www.bellunopress.it\/wp-content\/uploads\/2011\/05\/cropped-logo-bellunopress-.jpg","contentUrl":"https:\/\/www.bellunopress.it\/wp-content\/uploads\/2011\/05\/cropped-logo-bellunopress-.jpg","width":512,"height":512,"caption":"Bellunopress"},"image":{"@id":"https:\/\/www.bellunopress.it\/#\/schema\/logo\/image\/"},"sameAs":["https:\/\/www.facebook.com\/profile.php?id=100008943462799","https:\/\/x.com\/bellunopress","https:\/\/www.linkedin.com\/hp\/?dnr=JBzUWaJfMUw8vbXJJ2tVW5-I3jZKvC4wsoxE&amp;amp;amp;amp;amp;amp;trk=nav_responsive_tab_home","https:\/\/www.youtube.com\/channel\/UCxL0wu1uN0_3_7hGG0306cw"]},{"@type":"Person","@id":"https:\/\/www.bellunopress.it\/#\/schema\/person\/79bb06722b37ece1c03d3e94beb30d73","name":"r\u00e9daction","image":{"@type":"ImageObject","inLanguage":"fr-FR","@id":"https:\/\/secure.gravatar.com\/avatar\/37d968a2e67a6fd04c169c4bdef102d0bc5d31b2546345219e348575eb80e9a0?s=96&d=mm&r=g","url":"https:\/\/secure.gravatar.com\/avatar\/37d968a2e67a6fd04c169c4bdef102d0bc5d31b2546345219e348575eb80e9a0?s=96&d=mm&r=g","contentUrl":"https:\/\/secure.gravatar.com\/avatar\/37d968a2e67a6fd04c169c4bdef102d0bc5d31b2546345219e348575eb80e9a0?s=96&d=mm&r=g","caption":"redazione"},"sameAs":["http:\/\/www.bellunopress.it","https:\/\/x.com\/bellunopress"],"url":"https:\/\/www.bellunopress.it\/fr\/author\/redazione\/"}]}},"_links":{"self":[{"href":"https:\/\/www.bellunopress.it\/fr\/wp-json\/wp\/v2\/posts\/103499","targetHints":{"allow":["GET"]}}],"collection":[{"href":"https:\/\/www.bellunopress.it\/fr\/wp-json\/wp\/v2\/posts"}],"about":[{"href":"https:\/\/www.bellunopress.it\/fr\/wp-json\/wp\/v2\/types\/post"}],"author":[{"embeddable":true,"href":"https:\/\/www.bellunopress.it\/fr\/wp-json\/wp\/v2\/users\/2"}],"replies":[{"embeddable":true,"href":"https:\/\/www.bellunopress.it\/fr\/wp-json\/wp\/v2\/comments?post=103499"}],"version-history":[{"count":2,"href":"https:\/\/www.bellunopress.it\/fr\/wp-json\/wp\/v2\/posts\/103499\/revisions"}],"predecessor-version":[{"id":103502,"href":"https:\/\/www.bellunopress.it\/fr\/wp-json\/wp\/v2\/posts\/103499\/revisions\/103502"}],"wp:attachment":[{"href":"https:\/\/www.bellunopress.it\/fr\/wp-json\/wp\/v2\/media?parent=103499"}],"wp:term":[{"taxonomy":"category","embeddable":true,"href":"https:\/\/www.bellunopress.it\/fr\/wp-json\/wp\/v2\/categories?post=103499"},{"taxonomy":"post_tag","embeddable":true,"href":"https:\/\/www.bellunopress.it\/fr\/wp-json\/wp\/v2\/tags?post=103499"}],"curies":[{"name":"wp","href":"https:\/\/api.w.org\/{rel}","templated":true}]}}