{"id":103497,"date":"2019-04-04T12:10:55","date_gmt":"2019-04-04T10:10:55","guid":{"rendered":"http:\/\/www.bellunopress.it\/?p=103497"},"modified":"2019-04-04T12:10:55","modified_gmt":"2019-04-04T10:10:55","slug":"elezioni-europee-ancora-sconosciuto-lammontare-del-fondo-per-i-rimborsi-alle-emittenti-de-carlo-nuovo-attacco-alla-liberta-di-stampa","status":"publish","type":"post","link":"https:\/\/www.bellunopress.it\/fr\/2019\/04\/04\/elezioni-europee-ancora-sconosciuto-lammontare-del-fondo-per-i-rimborsi-alle-emittenti-de-carlo-nuovo-attacco-alla-liberta-di-stampa\/","title":{"rendered":"Elezioni europee, ancora sconosciuto l&#8217;ammontare del fondo per i rimborsi alle emittenti. De Carlo: \u201cNuovo attacco alla libert\u00e0 di stampa\u201d"},"content":{"rendered":"<p><a href=\"http:\/\/www.bellunopress.it\/fr\/2018\/07\/18\/sicurezza-de-carlo-vittoria-fratelli-ditalia-su-modifica-alla-circolare-gabrielli\/luca-de-carlo-fratelli-ditalia\/\" rel=\"attachment wp-att-96471\"><img loading=\"lazy\" decoding=\"async\" class=\"alignleft size-full wp-image-96471\" src=\"http:\/\/www.bellunopress.it\/wp-content\/uploads\/2018\/07\/luca-de-carlo-Fratelli-dItalia.jpg\" alt=\"\" width=\"260\" height=\"300\" \/><\/a>\u201cTrovo sconcertante che, a un mese e mezzo dalle elezioni europee e a oltre due mesi dal termine ultimo fissato per legge, il Ministero dello Sviluppo Economico e quello dell&#8217;Economia e Finanze non abbiano ancora comunicato a quanto ammonti il fondo regionale per i rimborsi alle emittenti radio e TV per l&#8217;emissione gratuita dei messaggi elettorali. \u00c8 un nuovo attacco alla libert\u00e0 di stampa\u201d: il nuovo commissario regionale veneto e deputato di Fratelli d&#8217;Italia, Luca De Carlo, cos\u00ec raccoglie e rilancia gli appelli ricevuti dal territorio.<\/p>\n<p>In occasione di ogni tornata elettorale, le emittenti possono rendersi disponibili ad ospitare messaggi gratuiti, il cui costo viene poi rimborsato dallo Stato: \u201cGi\u00e0 negli anni scorsi, il rimborso non arrivava a coprire l&#8217;intero costo per l&#8217;emittente\u201d, ricorda De Carlo: nel 2018, in Veneto per le elezioni politiche e comunali i rimborsi sono stati pari al 38% del costo stimato per le emittenti televisive e al 48% per quelle radiofoniche . \u201cSi chiede la sottoscrizione di un modulo nel quale si preannuncia e si mette nero su bianco anche la possibilit\u00e0 di non vedere alcun rimborso, se il fondo non venisse assegnato o fosse insufficiente a rimborsare tutti i messaggi: questo perch\u00e9 i ministeri competenti non hanno ancora reso noto il decreto che assegna alle regioni le risorse per il rimborso spese, decreto da adottarsi entro il 31 gennaio di ogni anno. Ci sono emittenti che, in nome del rispetto della democrazia, hanno accettato di ospitare messaggi gratuiti, accettando il rischio di vederseli pagare poco o nulla. \u00c8 inaccettabile, credo che questo sia l&#8217;ennesimo attacco alla libert\u00e0 di stampa\u201d.<\/p>\n<p>De Carlo sottolinea comunque la correttezza e trasparenza del Corecom Veneto, che mette gi\u00e0 in chiaro i possibili scenari, dagli eventuali ritardi nei pagamenti fino alla formula proposta per il riconoscimento dei possibili rimborsi, e mette sotto accusa il Governo: \u201cNella maggior parte dei casi, stiamo parlando di piccole emittenti, delle voci e dei volti che ci raccontano delle nostre valli e dei nostri paesi. Lo Stato non pu\u00f2 prenderli in giro, chiedendo loro di offrire un servizio che poi non \u00e8 in grado di pagare. L&#8217;emittenza radio-televisiva, cos\u00ec come il settore della carta stampata, sono da tempo sotto attacco, tra il percorso verso l&#8217;azzeramento dei fondi all&#8217;editoria, che andr\u00e0 a colpire solo le piccole realt\u00e0 aumentando ancora di pi\u00f9 il precariato e la disoccupazione, pesanti ritardi nel pagamento dei contributi a radio e TV e ora questo\u201d, continua il deputato calaltino.<br \/>\n\u201cL&#8217;emittenza e la stampa locale sono una risorsa economica e sociale per i territori, noi non vogliamo la concentrazione dell&#8217;informazione nelle mani di pochi, e per questo ci attiveremo affinch\u00e9 gli attacchi alla libera stampa cessino al pi\u00f9 presto e si faccia chiarezza sull&#8217;ammontare, e sulla reale esistenza, dei fondi per i rimborsi\u201d, conclude De Carlo.<\/p>","protected":false},"excerpt":{"rendered":"<p>\u201cTrovo sconcertante che, a un mese e mezzo dalle elezioni europee e a oltre due mesi dal termine ultimo fissato per legge, il Ministero dello Sviluppo Economico e quello dell&#8217;Economia e Finanze non abbiano ancora comunicato a quanto ammonti il fondo regionale per i rimborsi alle emittenti radio e TV per l&#8217;emissione gratuita dei messaggi [&hellip;]<\/p>\n","protected":false},"author":2,"featured_media":0,"comment_status":"closed","ping_status":"open","sticky":false,"template":"","format":"standard","meta":{"footnotes":""},"categories":[5,26],"tags":[],"class_list":["post-103497","post","type-post","status-publish","format-standard","category-cronaca","category-prima-pagina"],"yoast_head":"<!-- This site is optimized with the Yoast SEO plugin v28.4 - https:\/\/yoast.com\/product\/yoast-seo-wordpress\/ -->\n<title>Elezioni europee, ancora sconosciuto l&#039;ammontare del fondo per i rimborsi alle emittenti. De Carlo: \u201cNuovo attacco alla libert\u00e0 di stampa\u201d - Bellunopress - Dolomiti<\/title>\n<meta name=\"robots\" content=\"index, follow, max-snippet:-1, max-image-preview:large, max-video-preview:-1\" \/>\n<link rel=\"canonical\" href=\"https:\/\/www.bellunopress.it\/fr\/2019\/04\/04\/elezioni-europee-ancora-sconosciuto-lammontare-del-fondo-per-i-rimborsi-alle-emittenti-de-carlo-nuovo-attacco-alla-liberta-di-stampa\/\" \/>\n<meta property=\"og:locale\" content=\"fr_FR\" \/>\n<meta property=\"og:type\" content=\"article\" \/>\n<meta property=\"og:title\" content=\"Elezioni europee, ancora sconosciuto l&#039;ammontare del fondo per i rimborsi alle emittenti. De Carlo: \u201cNuovo attacco alla libert\u00e0 di stampa\u201d - Bellunopress - Dolomiti\" \/>\n<meta property=\"og:description\" content=\"\u201cTrovo sconcertante che, a un mese e mezzo dalle elezioni europee e a oltre due mesi dal termine ultimo fissato per legge, il Ministero dello Sviluppo Economico e quello dell&#8217;Economia e Finanze non abbiano ancora comunicato a quanto ammonti il fondo regionale per i rimborsi alle emittenti radio e TV per l&#8217;emissione gratuita dei messaggi [&hellip;]\" \/>\n<meta property=\"og:url\" content=\"https:\/\/www.bellunopress.it\/fr\/2019\/04\/04\/elezioni-europee-ancora-sconosciuto-lammontare-del-fondo-per-i-rimborsi-alle-emittenti-de-carlo-nuovo-attacco-alla-liberta-di-stampa\/\" \/>\n<meta property=\"og:site_name\" content=\"Bellunopress - Dolomiti\" \/>\n<meta property=\"article:publisher\" content=\"https:\/\/www.facebook.com\/profile.php?id=100008943462799\" \/>\n<meta property=\"article:published_time\" content=\"2019-04-04T10:10:55+00:00\" \/>\n<meta property=\"og:image\" content=\"http:\/\/www.bellunopress.it\/wp-content\/uploads\/2018\/07\/luca-de-carlo-Fratelli-dItalia.jpg\" \/>\n<meta name=\"author\" content=\"redazione\" \/>\n<meta name=\"twitter:card\" content=\"summary_large_image\" \/>\n<meta name=\"twitter:creator\" content=\"@bellunopress\" \/>\n<meta name=\"twitter:site\" content=\"@bellunopress\" \/>\n<meta name=\"twitter:label1\" content=\"\u00c9crit par\" \/>\n\t<meta name=\"twitter:data1\" content=\"redazione\" \/>\n\t<meta name=\"twitter:label2\" content=\"Dur\u00e9e de lecture estim\u00e9e\" \/>\n\t<meta name=\"twitter:data2\" content=\"2 minutes\" \/>\n<script type=\"application\/ld+json\" class=\"yoast-schema-graph\">{\"@context\":\"https:\\\/\\\/schema.org\",\"@graph\":[{\"@type\":\"Article\",\"@id\":\"https:\\\/\\\/www.bellunopress.it\\\/2019\\\/04\\\/04\\\/elezioni-europee-ancora-sconosciuto-lammontare-del-fondo-per-i-rimborsi-alle-emittenti-de-carlo-nuovo-attacco-alla-liberta-di-stampa\\\/#article\",\"isPartOf\":{\"@id\":\"https:\\\/\\\/www.bellunopress.it\\\/2019\\\/04\\\/04\\\/elezioni-europee-ancora-sconosciuto-lammontare-del-fondo-per-i-rimborsi-alle-emittenti-de-carlo-nuovo-attacco-alla-liberta-di-stampa\\\/\"},\"author\":{\"name\":\"redazione\",\"@id\":\"https:\\\/\\\/www.bellunopress.it\\\/#\\\/schema\\\/person\\\/79bb06722b37ece1c03d3e94beb30d73\"},\"headline\":\"Elezioni europee, ancora sconosciuto l&#8217;ammontare del fondo per i rimborsi alle emittenti. De Carlo: \u201cNuovo attacco alla libert\u00e0 di stampa\u201d\",\"datePublished\":\"2019-04-04T10:10:55+00:00\",\"mainEntityOfPage\":{\"@id\":\"https:\\\/\\\/www.bellunopress.it\\\/2019\\\/04\\\/04\\\/elezioni-europee-ancora-sconosciuto-lammontare-del-fondo-per-i-rimborsi-alle-emittenti-de-carlo-nuovo-attacco-alla-liberta-di-stampa\\\/\"},\"wordCount\":488,\"publisher\":{\"@id\":\"https:\\\/\\\/www.bellunopress.it\\\/#organization\"},\"image\":{\"@id\":\"https:\\\/\\\/www.bellunopress.it\\\/2019\\\/04\\\/04\\\/elezioni-europee-ancora-sconosciuto-lammontare-del-fondo-per-i-rimborsi-alle-emittenti-de-carlo-nuovo-attacco-alla-liberta-di-stampa\\\/#primaryimage\"},\"thumbnailUrl\":\"http:\\\/\\\/www.bellunopress.it\\\/wp-content\\\/uploads\\\/2018\\\/07\\\/luca-de-carlo-Fratelli-dItalia.jpg\",\"articleSection\":[\"Cronaca\\\/Politica\",\"Prima Pagina\"],\"inLanguage\":\"fr-FR\"},{\"@type\":\"WebPage\",\"@id\":\"https:\\\/\\\/www.bellunopress.it\\\/2019\\\/04\\\/04\\\/elezioni-europee-ancora-sconosciuto-lammontare-del-fondo-per-i-rimborsi-alle-emittenti-de-carlo-nuovo-attacco-alla-liberta-di-stampa\\\/\",\"url\":\"https:\\\/\\\/www.bellunopress.it\\\/2019\\\/04\\\/04\\\/elezioni-europee-ancora-sconosciuto-lammontare-del-fondo-per-i-rimborsi-alle-emittenti-de-carlo-nuovo-attacco-alla-liberta-di-stampa\\\/\",\"name\":\"Elezioni europee, ancora sconosciuto l'ammontare del fondo per i rimborsi alle emittenti. De Carlo: \u201cNuovo attacco alla libert\u00e0 di stampa\u201d - Bellunopress - Dolomiti\",\"isPartOf\":{\"@id\":\"https:\\\/\\\/www.bellunopress.it\\\/#website\"},\"primaryImageOfPage\":{\"@id\":\"https:\\\/\\\/www.bellunopress.it\\\/2019\\\/04\\\/04\\\/elezioni-europee-ancora-sconosciuto-lammontare-del-fondo-per-i-rimborsi-alle-emittenti-de-carlo-nuovo-attacco-alla-liberta-di-stampa\\\/#primaryimage\"},\"image\":{\"@id\":\"https:\\\/\\\/www.bellunopress.it\\\/2019\\\/04\\\/04\\\/elezioni-europee-ancora-sconosciuto-lammontare-del-fondo-per-i-rimborsi-alle-emittenti-de-carlo-nuovo-attacco-alla-liberta-di-stampa\\\/#primaryimage\"},\"thumbnailUrl\":\"http:\\\/\\\/www.bellunopress.it\\\/wp-content\\\/uploads\\\/2018\\\/07\\\/luca-de-carlo-Fratelli-dItalia.jpg\",\"datePublished\":\"2019-04-04T10:10:55+00:00\",\"breadcrumb\":{\"@id\":\"https:\\\/\\\/www.bellunopress.it\\\/2019\\\/04\\\/04\\\/elezioni-europee-ancora-sconosciuto-lammontare-del-fondo-per-i-rimborsi-alle-emittenti-de-carlo-nuovo-attacco-alla-liberta-di-stampa\\\/#breadcrumb\"},\"inLanguage\":\"fr-FR\",\"potentialAction\":[{\"@type\":\"ReadAction\",\"target\":[\"https:\\\/\\\/www.bellunopress.it\\\/2019\\\/04\\\/04\\\/elezioni-europee-ancora-sconosciuto-lammontare-del-fondo-per-i-rimborsi-alle-emittenti-de-carlo-nuovo-attacco-alla-liberta-di-stampa\\\/\"]}]},{\"@type\":\"ImageObject\",\"inLanguage\":\"fr-FR\",\"@id\":\"https:\\\/\\\/www.bellunopress.it\\\/2019\\\/04\\\/04\\\/elezioni-europee-ancora-sconosciuto-lammontare-del-fondo-per-i-rimborsi-alle-emittenti-de-carlo-nuovo-attacco-alla-liberta-di-stampa\\\/#primaryimage\",\"url\":\"http:\\\/\\\/www.bellunopress.it\\\/wp-content\\\/uploads\\\/2018\\\/07\\\/luca-de-carlo-Fratelli-dItalia.jpg\",\"contentUrl\":\"http:\\\/\\\/www.bellunopress.it\\\/wp-content\\\/uploads\\\/2018\\\/07\\\/luca-de-carlo-Fratelli-dItalia.jpg\"},{\"@type\":\"BreadcrumbList\",\"@id\":\"https:\\\/\\\/www.bellunopress.it\\\/2019\\\/04\\\/04\\\/elezioni-europee-ancora-sconosciuto-lammontare-del-fondo-per-i-rimborsi-alle-emittenti-de-carlo-nuovo-attacco-alla-liberta-di-stampa\\\/#breadcrumb\",\"itemListElement\":[{\"@type\":\"ListItem\",\"position\":1,\"name\":\"Home\",\"item\":\"https:\\\/\\\/www.bellunopress.it\\\/\"},{\"@type\":\"ListItem\",\"position\":2,\"name\":\"Elezioni europee, ancora sconosciuto l&#8217;ammontare del fondo per i rimborsi alle emittenti. De Carlo: \u201cNuovo attacco alla libert\u00e0 di stampa\u201d\"}]},{\"@type\":\"WebSite\",\"@id\":\"https:\\\/\\\/www.bellunopress.it\\\/#website\",\"url\":\"https:\\\/\\\/www.bellunopress.it\\\/\",\"name\":\"Bellunopress - Dolomiti\",\"description\":\"e-mail: redazione@bellunopress.it\",\"publisher\":{\"@id\":\"https:\\\/\\\/www.bellunopress.it\\\/#organization\"},\"potentialAction\":[{\"@type\":\"SearchAction\",\"target\":{\"@type\":\"EntryPoint\",\"urlTemplate\":\"https:\\\/\\\/www.bellunopress.it\\\/?s={search_term_string}\"},\"query-input\":{\"@type\":\"PropertyValueSpecification\",\"valueRequired\":true,\"valueName\":\"search_term_string\"}}],\"inLanguage\":\"fr-FR\"},{\"@type\":\"Organization\",\"@id\":\"https:\\\/\\\/www.bellunopress.it\\\/#organization\",\"name\":\"Bellunopress\",\"url\":\"https:\\\/\\\/www.bellunopress.it\\\/\",\"logo\":{\"@type\":\"ImageObject\",\"inLanguage\":\"fr-FR\",\"@id\":\"https:\\\/\\\/www.bellunopress.it\\\/#\\\/schema\\\/logo\\\/image\\\/\",\"url\":\"https:\\\/\\\/www.bellunopress.it\\\/wp-content\\\/uploads\\\/2011\\\/05\\\/cropped-logo-bellunopress-.jpg\",\"contentUrl\":\"https:\\\/\\\/www.bellunopress.it\\\/wp-content\\\/uploads\\\/2011\\\/05\\\/cropped-logo-bellunopress-.jpg\",\"width\":512,\"height\":512,\"caption\":\"Bellunopress\"},\"image\":{\"@id\":\"https:\\\/\\\/www.bellunopress.it\\\/#\\\/schema\\\/logo\\\/image\\\/\"},\"sameAs\":[\"https:\\\/\\\/www.facebook.com\\\/profile.php?id=100008943462799\",\"https:\\\/\\\/x.com\\\/bellunopress\",\"https:\\\/\\\/www.linkedin.com\\\/hp\\\/?dnr=JBzUWaJfMUw8vbXJJ2tVW5-I3jZKvC4wsoxE&amp;amp;amp;amp;amp;amp;trk=nav_responsive_tab_home\",\"https:\\\/\\\/www.youtube.com\\\/channel\\\/UCxL0wu1uN0_3_7hGG0306cw\"]},{\"@type\":\"Person\",\"@id\":\"https:\\\/\\\/www.bellunopress.it\\\/#\\\/schema\\\/person\\\/79bb06722b37ece1c03d3e94beb30d73\",\"name\":\"redazione\",\"image\":{\"@type\":\"ImageObject\",\"inLanguage\":\"fr-FR\",\"@id\":\"https:\\\/\\\/secure.gravatar.com\\\/avatar\\\/37d968a2e67a6fd04c169c4bdef102d0bc5d31b2546345219e348575eb80e9a0?s=96&d=mm&r=g\",\"url\":\"https:\\\/\\\/secure.gravatar.com\\\/avatar\\\/37d968a2e67a6fd04c169c4bdef102d0bc5d31b2546345219e348575eb80e9a0?s=96&d=mm&r=g\",\"contentUrl\":\"https:\\\/\\\/secure.gravatar.com\\\/avatar\\\/37d968a2e67a6fd04c169c4bdef102d0bc5d31b2546345219e348575eb80e9a0?s=96&d=mm&r=g\",\"caption\":\"redazione\"},\"sameAs\":[\"http:\\\/\\\/www.bellunopress.it\",\"https:\\\/\\\/x.com\\\/bellunopress\"],\"url\":\"https:\\\/\\\/www.bellunopress.it\\\/fr\\\/author\\\/redazione\\\/\"}]}<\/script>\n<!-- \/ Yoast SEO plugin. -->","yoast_head_json":{"title":"Elezioni europee, ancora sconosciuto l'ammontare del fondo per i rimborsi alle emittenti. De Carlo: \u201cNuovo attacco alla libert\u00e0 di stampa\u201d - Bellunopress - Dolomiti","robots":{"index":"index","follow":"follow","max-snippet":"max-snippet:-1","max-image-preview":"max-image-preview:large","max-video-preview":"max-video-preview:-1"},"canonical":"https:\/\/www.bellunopress.it\/fr\/2019\/04\/04\/elezioni-europee-ancora-sconosciuto-lammontare-del-fondo-per-i-rimborsi-alle-emittenti-de-carlo-nuovo-attacco-alla-liberta-di-stampa\/","og_locale":"fr_FR","og_type":"article","og_title":"Elezioni europee, ancora sconosciuto l'ammontare del fondo per i rimborsi alle emittenti. De Carlo: \u201cNuovo attacco alla libert\u00e0 di stampa\u201d - Bellunopress - Dolomiti","og_description":"\u201cTrovo sconcertante che, a un mese e mezzo dalle elezioni europee e a oltre due mesi dal termine ultimo fissato per legge, il Ministero dello Sviluppo Economico e quello dell&#8217;Economia e Finanze non abbiano ancora comunicato a quanto ammonti il fondo regionale per i rimborsi alle emittenti radio e TV per l&#8217;emissione gratuita dei messaggi [&hellip;]","og_url":"https:\/\/www.bellunopress.it\/fr\/2019\/04\/04\/elezioni-europee-ancora-sconosciuto-lammontare-del-fondo-per-i-rimborsi-alle-emittenti-de-carlo-nuovo-attacco-alla-liberta-di-stampa\/","og_site_name":"Bellunopress - Dolomiti","article_publisher":"https:\/\/www.facebook.com\/profile.php?id=100008943462799","article_published_time":"2019-04-04T10:10:55+00:00","og_image":[{"url":"http:\/\/www.bellunopress.it\/wp-content\/uploads\/2018\/07\/luca-de-carlo-Fratelli-dItalia.jpg","type":"","width":"","height":""}],"author":"redazione","twitter_card":"summary_large_image","twitter_creator":"@bellunopress","twitter_site":"@bellunopress","twitter_misc":{"\u00c9crit par":"redazione","Dur\u00e9e de lecture estim\u00e9e":"2 minutes"},"schema":{"@context":"https:\/\/schema.org","@graph":[{"@type":"Article","@id":"https:\/\/www.bellunopress.it\/2019\/04\/04\/elezioni-europee-ancora-sconosciuto-lammontare-del-fondo-per-i-rimborsi-alle-emittenti-de-carlo-nuovo-attacco-alla-liberta-di-stampa\/#article","isPartOf":{"@id":"https:\/\/www.bellunopress.it\/2019\/04\/04\/elezioni-europee-ancora-sconosciuto-lammontare-del-fondo-per-i-rimborsi-alle-emittenti-de-carlo-nuovo-attacco-alla-liberta-di-stampa\/"},"author":{"name":"redazione","@id":"https:\/\/www.bellunopress.it\/#\/schema\/person\/79bb06722b37ece1c03d3e94beb30d73"},"headline":"Elezioni europee, ancora sconosciuto l&#8217;ammontare del fondo per i rimborsi alle emittenti. De Carlo: \u201cNuovo attacco alla libert\u00e0 di stampa\u201d","datePublished":"2019-04-04T10:10:55+00:00","mainEntityOfPage":{"@id":"https:\/\/www.bellunopress.it\/2019\/04\/04\/elezioni-europee-ancora-sconosciuto-lammontare-del-fondo-per-i-rimborsi-alle-emittenti-de-carlo-nuovo-attacco-alla-liberta-di-stampa\/"},"wordCount":488,"publisher":{"@id":"https:\/\/www.bellunopress.it\/#organization"},"image":{"@id":"https:\/\/www.bellunopress.it\/2019\/04\/04\/elezioni-europee-ancora-sconosciuto-lammontare-del-fondo-per-i-rimborsi-alle-emittenti-de-carlo-nuovo-attacco-alla-liberta-di-stampa\/#primaryimage"},"thumbnailUrl":"http:\/\/www.bellunopress.it\/wp-content\/uploads\/2018\/07\/luca-de-carlo-Fratelli-dItalia.jpg","articleSection":["Cronaca\/Politica","Prima Pagina"],"inLanguage":"fr-FR"},{"@type":"WebPage","@id":"https:\/\/www.bellunopress.it\/2019\/04\/04\/elezioni-europee-ancora-sconosciuto-lammontare-del-fondo-per-i-rimborsi-alle-emittenti-de-carlo-nuovo-attacco-alla-liberta-di-stampa\/","url":"https:\/\/www.bellunopress.it\/2019\/04\/04\/elezioni-europee-ancora-sconosciuto-lammontare-del-fondo-per-i-rimborsi-alle-emittenti-de-carlo-nuovo-attacco-alla-liberta-di-stampa\/","name":"Elezioni europee, ancora sconosciuto l'ammontare del fondo per i rimborsi alle emittenti. De Carlo: \u201cNuovo attacco alla libert\u00e0 di stampa\u201d - Bellunopress - Dolomiti","isPartOf":{"@id":"https:\/\/www.bellunopress.it\/#website"},"primaryImageOfPage":{"@id":"https:\/\/www.bellunopress.it\/2019\/04\/04\/elezioni-europee-ancora-sconosciuto-lammontare-del-fondo-per-i-rimborsi-alle-emittenti-de-carlo-nuovo-attacco-alla-liberta-di-stampa\/#primaryimage"},"image":{"@id":"https:\/\/www.bellunopress.it\/2019\/04\/04\/elezioni-europee-ancora-sconosciuto-lammontare-del-fondo-per-i-rimborsi-alle-emittenti-de-carlo-nuovo-attacco-alla-liberta-di-stampa\/#primaryimage"},"thumbnailUrl":"http:\/\/www.bellunopress.it\/wp-content\/uploads\/2018\/07\/luca-de-carlo-Fratelli-dItalia.jpg","datePublished":"2019-04-04T10:10:55+00:00","breadcrumb":{"@id":"https:\/\/www.bellunopress.it\/2019\/04\/04\/elezioni-europee-ancora-sconosciuto-lammontare-del-fondo-per-i-rimborsi-alle-emittenti-de-carlo-nuovo-attacco-alla-liberta-di-stampa\/#breadcrumb"},"inLanguage":"fr-FR","potentialAction":[{"@type":"ReadAction","target":["https:\/\/www.bellunopress.it\/2019\/04\/04\/elezioni-europee-ancora-sconosciuto-lammontare-del-fondo-per-i-rimborsi-alle-emittenti-de-carlo-nuovo-attacco-alla-liberta-di-stampa\/"]}]},{"@type":"ImageObject","inLanguage":"fr-FR","@id":"https:\/\/www.bellunopress.it\/2019\/04\/04\/elezioni-europee-ancora-sconosciuto-lammontare-del-fondo-per-i-rimborsi-alle-emittenti-de-carlo-nuovo-attacco-alla-liberta-di-stampa\/#primaryimage","url":"http:\/\/www.bellunopress.it\/wp-content\/uploads\/2018\/07\/luca-de-carlo-Fratelli-dItalia.jpg","contentUrl":"http:\/\/www.bellunopress.it\/wp-content\/uploads\/2018\/07\/luca-de-carlo-Fratelli-dItalia.jpg"},{"@type":"BreadcrumbList","@id":"https:\/\/www.bellunopress.it\/2019\/04\/04\/elezioni-europee-ancora-sconosciuto-lammontare-del-fondo-per-i-rimborsi-alle-emittenti-de-carlo-nuovo-attacco-alla-liberta-di-stampa\/#breadcrumb","itemListElement":[{"@type":"ListItem","position":1,"name":"Home","item":"https:\/\/www.bellunopress.it\/"},{"@type":"ListItem","position":2,"name":"Elezioni europee, ancora sconosciuto l&#8217;ammontare del fondo per i rimborsi alle emittenti. De Carlo: \u201cNuovo attacco alla libert\u00e0 di stampa\u201d"}]},{"@type":"WebSite","@id":"https:\/\/www.bellunopress.it\/#website","url":"https:\/\/www.bellunopress.it\/","name":"Bellunopress - Dolomiti","description":"e-mail: redazione@bellunopress.it","publisher":{"@id":"https:\/\/www.bellunopress.it\/#organization"},"potentialAction":[{"@type":"SearchAction","target":{"@type":"EntryPoint","urlTemplate":"https:\/\/www.bellunopress.it\/?s={search_term_string}"},"query-input":{"@type":"PropertyValueSpecification","valueRequired":true,"valueName":"search_term_string"}}],"inLanguage":"fr-FR"},{"@type":"Organization","@id":"https:\/\/www.bellunopress.it\/#organization","name":"Bellunopress","url":"https:\/\/www.bellunopress.it\/","logo":{"@type":"ImageObject","inLanguage":"fr-FR","@id":"https:\/\/www.bellunopress.it\/#\/schema\/logo\/image\/","url":"https:\/\/www.bellunopress.it\/wp-content\/uploads\/2011\/05\/cropped-logo-bellunopress-.jpg","contentUrl":"https:\/\/www.bellunopress.it\/wp-content\/uploads\/2011\/05\/cropped-logo-bellunopress-.jpg","width":512,"height":512,"caption":"Bellunopress"},"image":{"@id":"https:\/\/www.bellunopress.it\/#\/schema\/logo\/image\/"},"sameAs":["https:\/\/www.facebook.com\/profile.php?id=100008943462799","https:\/\/x.com\/bellunopress","https:\/\/www.linkedin.com\/hp\/?dnr=JBzUWaJfMUw8vbXJJ2tVW5-I3jZKvC4wsoxE&amp;amp;amp;amp;amp;amp;trk=nav_responsive_tab_home","https:\/\/www.youtube.com\/channel\/UCxL0wu1uN0_3_7hGG0306cw"]},{"@type":"Person","@id":"https:\/\/www.bellunopress.it\/#\/schema\/person\/79bb06722b37ece1c03d3e94beb30d73","name":"r\u00e9daction","image":{"@type":"ImageObject","inLanguage":"fr-FR","@id":"https:\/\/secure.gravatar.com\/avatar\/37d968a2e67a6fd04c169c4bdef102d0bc5d31b2546345219e348575eb80e9a0?s=96&d=mm&r=g","url":"https:\/\/secure.gravatar.com\/avatar\/37d968a2e67a6fd04c169c4bdef102d0bc5d31b2546345219e348575eb80e9a0?s=96&d=mm&r=g","contentUrl":"https:\/\/secure.gravatar.com\/avatar\/37d968a2e67a6fd04c169c4bdef102d0bc5d31b2546345219e348575eb80e9a0?s=96&d=mm&r=g","caption":"redazione"},"sameAs":["http:\/\/www.bellunopress.it","https:\/\/x.com\/bellunopress"],"url":"https:\/\/www.bellunopress.it\/fr\/author\/redazione\/"}]}},"_links":{"self":[{"href":"https:\/\/www.bellunopress.it\/fr\/wp-json\/wp\/v2\/posts\/103497","targetHints":{"allow":["GET"]}}],"collection":[{"href":"https:\/\/www.bellunopress.it\/fr\/wp-json\/wp\/v2\/posts"}],"about":[{"href":"https:\/\/www.bellunopress.it\/fr\/wp-json\/wp\/v2\/types\/post"}],"author":[{"embeddable":true,"href":"https:\/\/www.bellunopress.it\/fr\/wp-json\/wp\/v2\/users\/2"}],"replies":[{"embeddable":true,"href":"https:\/\/www.bellunopress.it\/fr\/wp-json\/wp\/v2\/comments?post=103497"}],"version-history":[{"count":1,"href":"https:\/\/www.bellunopress.it\/fr\/wp-json\/wp\/v2\/posts\/103497\/revisions"}],"predecessor-version":[{"id":103498,"href":"https:\/\/www.bellunopress.it\/fr\/wp-json\/wp\/v2\/posts\/103497\/revisions\/103498"}],"wp:attachment":[{"href":"https:\/\/www.bellunopress.it\/fr\/wp-json\/wp\/v2\/media?parent=103497"}],"wp:term":[{"taxonomy":"category","embeddable":true,"href":"https:\/\/www.bellunopress.it\/fr\/wp-json\/wp\/v2\/categories?post=103497"},{"taxonomy":"post_tag","embeddable":true,"href":"https:\/\/www.bellunopress.it\/fr\/wp-json\/wp\/v2\/tags?post=103497"}],"curies":[{"name":"wp","href":"https:\/\/api.w.org\/{rel}","templated":true}]}}