{"id":103494,"date":"2019-04-07T18:21:54","date_gmt":"2019-04-07T16:21:54","guid":{"rendered":"http:\/\/www.bellunopress.it\/?p=103494"},"modified":"2019-04-04T10:15:30","modified_gmt":"2019-04-04T08:15:30","slug":"il-ciclo-della-vita-personale-di-paolo-tesser-in-crepadona-sabato-linaugurazione","status":"publish","type":"post","link":"https:\/\/www.bellunopress.it\/fr\/2019\/04\/07\/il-ciclo-della-vita-personale-di-paolo-tesser-in-crepadona-sabato-linaugurazione\/","title":{"rendered":"&#8220;Il ciclo della vita&#8221; personale di Paolo Tesser in Crepadona, sabato l&#8217;inaugurazione"},"content":{"rendered":"<p>Sabato 13 Aprile alle ore 18,00, presso gli spazi espositivi di Palazzo Crepadona, via Ripa 3, Belluno (BL), inaugurer\u00e0 la mostra \u201cIl Ciclo della Vita\u201d, personale del pittore Paolo Tesser.<\/p>\n<figure id=\"attachment_103495\" aria-describedby=\"caption-attachment-103495\" style=\"width: 300px\" class=\"wp-caption alignleft\"><a href=\"http:\/\/www.bellunopress.it\/fr\/?attachment_id=103495\" rel=\"attachment wp-att-103495\"><img loading=\"lazy\" decoding=\"async\" class=\"size-full wp-image-103495\" src=\"http:\/\/www.bellunopress.it\/wp-content\/uploads\/2019\/04\/Paolo-Tesser-corteggiamento-al-mare.jpg\" alt=\"\" width=\"300\" height=\"225\" \/><\/a><figcaption id=\"caption-attachment-103495\" class=\"wp-caption-text\">Paolo Tesser &#8211; corteggiamento al mare<\/figcaption><\/figure>\n<p>L\u2019opera di Paolo Tesser descrive un\u2019evoluzione stilistica e tematica coerente, che si esprime nell\u2019energia del gesto, in armoniche volute circolari, abbinate a un solido impianto compositivo pur nelle irregolarit\u00e0 descrittive e analitiche di stampo cubista, senso di sospensione metafisica, poesia degli affetti e concitato ritmo di danza. Il tutto a produrre un\u2019impressione uniforme di movimento cadenzato e costante, accentuato da cromatismi vibranti che sposano tonalit\u00e0 quasi pure, con poche declinazioni e con una componente calda dominante.<br \/>\nI soggetti raffigurati sono soprattutto figure umane, rappresentate sovente in \u201cabbracci\u201d, \u201cbaci\u201d, viluppi di membra in cui corpi e volti sembrano fondersi, in mutuo rispecchiamento, quasi smaterializzandosi, evocando presenze ectoplasmatiche prive di identit\u00e0 definita che si riassumono in puro dinamismo.<br \/>\nSi tratta della volont\u00e0 di arrivare ad una sintesi che \u00e8 ricerca delle radici dell\u2019esperienza umana, arte polidimensionale: non soltanto nella fusione, giustapposizione e rovesciamento dei piani prospettici ma genesi di un\u2019amalgama percettiva che apra alla mente una nuova concezione dell\u2019essere.<br \/>\nE\u2019 una pittura organica, che esprime il senso biologico, imprescindibile, del divenire, la \u201cgioia di vivere\u201d di matissiana memoria, esperimenti visivi e coloristici d\u2019impronta c\u00e9zanniana, ma anche frenesia futurista, forza del colore espressionista e fauve, volont\u00e0 di ritorno alle origini di stampo primitivista, poesia chagalliana che dissolve le fisionomie fino a renderle entit\u00e0 spirituali evanescenti eppur carnali, strette in amorevoli avvolgimenti.<br \/>\nIl tutto comunque mirato alla conquista di un linguaggio personale e unitario che esprima appieno il proprio sentire e che si manifesti in una modalit\u00e0 rappresentativa di confine fra il vissuto e il provato, l\u2019informale e la forma, cos\u00ec come per rendere palesi ed oggettivi i meccanismi attraverso cui la conoscenza umana elabora impressioni ed emozioni.<\/p>\n<p>Maria Palladino \u00a0&#8211; curatrice della mostra<\/p>\n<p>La mostra rester\u00e0 visitabile fino al 27 Aprile. Orari di apertura: Marted\u00ec e Gioved\u00ec 14:30 &#8211; 18:00. Mercoled\u00ec e Venerd\u00ec 9:00 &#8211; 12:30 e 14:30 &#8211; 18:00. Sabato 9:00 &#8211; 12:30\/ Domenica 15:30 &#8211; 18:00. Gioved\u00ec 25 Aprile 15:30 &#8211; 18:00. Ingresso libero. Per informazioni: https:\/\/www.facebook.com\/paolotesserartspace\/ https:\/\/www.paolotesser.it\/ Maria Palladino: 3341695479 audramsa@outlook.it<\/p>\n<p>Paolo Tesser nasce nel 1955 a Tai di Cadore in provincia di Belluno da genitori trevigiani.<br \/>\nDal padre, Paolo impara ad amare la musica e ad apprezzare quella che sar\u00e0 la sua futura attivit\u00e0 professionale.<br \/>\nIl percorso scolastico lo porta a scoprire una particolare inclinazione per il disegno che gli permette di indagare le forme naturali e la figura umana attraverso le tracce dei segni sul foglio come un vero e peculiare strumento d&#8217;indagine introspettiva, cos\u00ec importante negli anni dell&#8217;adolescenza. Contemporaneamente completa gli studi superiori e, nel 1974, si diploma con il massimo dei voti.<br \/>\nSar\u00e0 subito dopo l&#8217;esperienza scolastica che Paolo Tesser inizier\u00e0 il suo percorso pittorico, avvicinandosi spontaneamente alla pittura ad olio, che apprende ed affronta con passione frequentando associazioni locali, e attraverso il confronto con altri artisti.<br \/>\nNel 1976 presso la \u201ctavolozza cadorina\u201d espone la sua prima mostra personale, presentando una serie di opere ispirate all\u2019inferno dantesco.<br \/>\nNel 1978 espone a Belluno presso la galleria \u201cLa cornice\u201d.<br \/>\nNel 1980 a Pieve di Cento (Ferrara) partecipa ad una collettiva assieme agli artisti Vico Calabr\u00f2 e Romano Tabacchi.<br \/>\nNel 1981, presso la \u201ctavolozza cadorina\u201d, presenta i suoi lavori in una mostra personale e, in questo contesto, esprime e racconta la sua identit\u00e0 pittorica ormai in fase di maturazione e di sviluppo. Attraverso un colore, animato e ricco, le forme delle figure e dei visi trovano e raggiungono nei suoi quadri un inesauribile serbatoio di energie in cui, ogni pennellata, identifica un diverso stato d&#8217;animo.<br \/>\nIl ventennio 1980-2000 \u00e8 dedicato alla ricerca di un\u2019identit\u00e0 artistica, che cresce e si consolida attraverso lo sviluppo di un genere pittorico particolarmente ponderato e laborioso. E&#8217; un momento di ricerca verso la messa a punto di un linguaggio di tendenza espressionista, dove la figura e la forma nascono e si costruiscono dentro un accordo cromatico deciso e molto intenso.<br \/>\nL\u2019ultimo ventennio dal 2000 al 2017, \u00e8 caratterizzato da opere di intensa forza espressiva, cromatismi estremi, anche se pur sempre armonici, a rappresentare uno stato d\u2019animo dinamico e dai sentimenti tensivi.<br \/>\nE\u2019 di estrema rilevanza l\u2019opera svolta nel periodo 2004-2012 che l&#8217;artista definisce con il tema \u201cil ciclo della vita\u201d, un insieme di 30 tele per una superficie complessiva di 14 mq, in cui viene raccontato, in modo molto introspettivo ed attraverso un percorso di immagini concentriche, il cammino vitale dell\u2019essere umano, dalla genesi alla morte.<br \/>\nAttualmente Paolo Tesser sta sviluppando l\u2019attivit\u00e0 artistica con molto impegno e produttivit\u00e0, ispirato da un entusiasmo rinnovato e carico di energia espressiva che si augura potr\u00e0 produrre opere di sempre maggior interesse e qualit\u00e0.<br \/>\nESPOSIZIONI E COLLETTIVE<br \/>\nDicembre 2017 \u2013 \u201cVISION INTERNATIONAL\u201d &#8211; galleria DEM (Mestre VE) con presentazione del dott. Vittorio Sgarbi.<br \/>\nLuglio 2018 \u2013 \u201cRACCONTI DI PENSIERI, SENTIMENTI, SENSAZIONI\u201d \u2013 miramonti majestic grand hotel Cortina<br \/>\nd\u2019Ampezzo (41\u00b0 coll.circolo artistico M.Morales)<br \/>\nSettembre 2018 \u2013 \u201cMOSTRA ITINERANTE ANNO INT. DEL CIBO ITALIANO\u201d \u2013 (coll.circolo artistico M.Morales)<br \/>\nDicembre 2018 \u2013 \u201cRACCONTI DI PENSIERI, SENTIMENTI, SENSAZIONI\u201d \u2013 miramonti majestic grand hotel Cortina d\u2019Ampezzo (42\u00b0 coll.circolo artistico M.Morales)<br \/>\nFebbraio 2019 \u2013 ARTEFIERA LONGARONE &#8211; \u201cEMOTIONAL SHAPES\u201d<\/p>","protected":false},"excerpt":{"rendered":"<p>Sabato 13 Aprile alle ore 18,00, presso gli spazi espositivi di Palazzo Crepadona, via Ripa 3, Belluno (BL), inaugurer\u00e0 la mostra \u201cIl Ciclo della Vita\u201d, personale del pittore Paolo Tesser. L\u2019opera di Paolo Tesser descrive un\u2019evoluzione stilistica e tematica coerente, che si esprime nell\u2019energia del gesto, in armoniche volute circolari, abbinate a un solido impianto [&hellip;]<\/p>\n","protected":false},"author":2,"featured_media":0,"comment_status":"closed","ping_status":"open","sticky":false,"template":"","format":"standard","meta":{"footnotes":""},"categories":[27,3,25],"tags":[],"class_list":["post-103494","post","type-post","status-publish","format-standard","category-appuntamenti","category-arte-cultura-spettacoli-scienza-archivi","category-pausa-caffe"],"yoast_head":"<!-- This site is optimized with the Yoast SEO plugin v28.4 - https:\/\/yoast.com\/product\/yoast-seo-wordpress\/ -->\n<title>&quot;Il ciclo della vita&quot; personale di Paolo Tesser in Crepadona, sabato l&#039;inaugurazione - Bellunopress - Dolomiti<\/title>\n<meta name=\"robots\" content=\"index, follow, max-snippet:-1, max-image-preview:large, max-video-preview:-1\" \/>\n<link rel=\"canonical\" href=\"https:\/\/www.bellunopress.it\/fr\/2019\/04\/07\/il-ciclo-della-vita-personale-di-paolo-tesser-in-crepadona-sabato-linaugurazione\/\" \/>\n<meta property=\"og:locale\" content=\"fr_FR\" \/>\n<meta property=\"og:type\" content=\"article\" \/>\n<meta property=\"og:title\" content=\"&quot;Il ciclo della vita&quot; personale di Paolo Tesser in Crepadona, sabato l&#039;inaugurazione - Bellunopress - Dolomiti\" \/>\n<meta property=\"og:description\" content=\"Sabato 13 Aprile alle ore 18,00, presso gli spazi espositivi di Palazzo Crepadona, via Ripa 3, Belluno (BL), inaugurer\u00e0 la mostra \u201cIl Ciclo della Vita\u201d, personale del pittore Paolo Tesser. L\u2019opera di Paolo Tesser descrive un\u2019evoluzione stilistica e tematica coerente, che si esprime nell\u2019energia del gesto, in armoniche volute circolari, abbinate a un solido impianto [&hellip;]\" \/>\n<meta property=\"og:url\" content=\"https:\/\/www.bellunopress.it\/fr\/2019\/04\/07\/il-ciclo-della-vita-personale-di-paolo-tesser-in-crepadona-sabato-linaugurazione\/\" \/>\n<meta property=\"og:site_name\" content=\"Bellunopress - Dolomiti\" \/>\n<meta property=\"article:publisher\" content=\"https:\/\/www.facebook.com\/profile.php?id=100008943462799\" \/>\n<meta property=\"article:published_time\" content=\"2019-04-07T16:21:54+00:00\" \/>\n<meta property=\"og:image\" content=\"http:\/\/www.bellunopress.it\/wp-content\/uploads\/2019\/04\/Paolo-Tesser-corteggiamento-al-mare.jpg\" \/>\n<meta name=\"author\" content=\"redazione\" \/>\n<meta name=\"twitter:card\" content=\"summary_large_image\" \/>\n<meta name=\"twitter:creator\" content=\"@bellunopress\" \/>\n<meta name=\"twitter:site\" content=\"@bellunopress\" \/>\n<meta name=\"twitter:label1\" content=\"\u00c9crit par\" \/>\n\t<meta name=\"twitter:data1\" content=\"redazione\" \/>\n\t<meta name=\"twitter:label2\" content=\"Dur\u00e9e de lecture estim\u00e9e\" \/>\n\t<meta name=\"twitter:data2\" content=\"4 minutes\" \/>\n<script type=\"application\/ld+json\" class=\"yoast-schema-graph\">{\"@context\":\"https:\\\/\\\/schema.org\",\"@graph\":[{\"@type\":\"Article\",\"@id\":\"https:\\\/\\\/www.bellunopress.it\\\/2019\\\/04\\\/07\\\/il-ciclo-della-vita-personale-di-paolo-tesser-in-crepadona-sabato-linaugurazione\\\/#article\",\"isPartOf\":{\"@id\":\"https:\\\/\\\/www.bellunopress.it\\\/2019\\\/04\\\/07\\\/il-ciclo-della-vita-personale-di-paolo-tesser-in-crepadona-sabato-linaugurazione\\\/\"},\"author\":{\"name\":\"redazione\",\"@id\":\"https:\\\/\\\/www.bellunopress.it\\\/#\\\/schema\\\/person\\\/79bb06722b37ece1c03d3e94beb30d73\"},\"headline\":\"&#8220;Il ciclo della vita&#8221; personale di Paolo Tesser in Crepadona, sabato l&#8217;inaugurazione\",\"datePublished\":\"2019-04-07T16:21:54+00:00\",\"mainEntityOfPage\":{\"@id\":\"https:\\\/\\\/www.bellunopress.it\\\/2019\\\/04\\\/07\\\/il-ciclo-della-vita-personale-di-paolo-tesser-in-crepadona-sabato-linaugurazione\\\/\"},\"wordCount\":884,\"publisher\":{\"@id\":\"https:\\\/\\\/www.bellunopress.it\\\/#organization\"},\"image\":{\"@id\":\"https:\\\/\\\/www.bellunopress.it\\\/2019\\\/04\\\/07\\\/il-ciclo-della-vita-personale-di-paolo-tesser-in-crepadona-sabato-linaugurazione\\\/#primaryimage\"},\"thumbnailUrl\":\"http:\\\/\\\/www.bellunopress.it\\\/wp-content\\\/uploads\\\/2019\\\/04\\\/Paolo-Tesser-corteggiamento-al-mare.jpg\",\"articleSection\":[\"Appuntamenti, Eventi\",\"Arte, Cultura, Spettacoli, Scienza\",\"Pausa Caff\u00e8\"],\"inLanguage\":\"fr-FR\"},{\"@type\":\"WebPage\",\"@id\":\"https:\\\/\\\/www.bellunopress.it\\\/2019\\\/04\\\/07\\\/il-ciclo-della-vita-personale-di-paolo-tesser-in-crepadona-sabato-linaugurazione\\\/\",\"url\":\"https:\\\/\\\/www.bellunopress.it\\\/2019\\\/04\\\/07\\\/il-ciclo-della-vita-personale-di-paolo-tesser-in-crepadona-sabato-linaugurazione\\\/\",\"name\":\"\\\"Il ciclo della vita\\\" personale di Paolo Tesser in Crepadona, sabato l'inaugurazione - Bellunopress - Dolomiti\",\"isPartOf\":{\"@id\":\"https:\\\/\\\/www.bellunopress.it\\\/#website\"},\"primaryImageOfPage\":{\"@id\":\"https:\\\/\\\/www.bellunopress.it\\\/2019\\\/04\\\/07\\\/il-ciclo-della-vita-personale-di-paolo-tesser-in-crepadona-sabato-linaugurazione\\\/#primaryimage\"},\"image\":{\"@id\":\"https:\\\/\\\/www.bellunopress.it\\\/2019\\\/04\\\/07\\\/il-ciclo-della-vita-personale-di-paolo-tesser-in-crepadona-sabato-linaugurazione\\\/#primaryimage\"},\"thumbnailUrl\":\"http:\\\/\\\/www.bellunopress.it\\\/wp-content\\\/uploads\\\/2019\\\/04\\\/Paolo-Tesser-corteggiamento-al-mare.jpg\",\"datePublished\":\"2019-04-07T16:21:54+00:00\",\"breadcrumb\":{\"@id\":\"https:\\\/\\\/www.bellunopress.it\\\/2019\\\/04\\\/07\\\/il-ciclo-della-vita-personale-di-paolo-tesser-in-crepadona-sabato-linaugurazione\\\/#breadcrumb\"},\"inLanguage\":\"fr-FR\",\"potentialAction\":[{\"@type\":\"ReadAction\",\"target\":[\"https:\\\/\\\/www.bellunopress.it\\\/2019\\\/04\\\/07\\\/il-ciclo-della-vita-personale-di-paolo-tesser-in-crepadona-sabato-linaugurazione\\\/\"]}]},{\"@type\":\"ImageObject\",\"inLanguage\":\"fr-FR\",\"@id\":\"https:\\\/\\\/www.bellunopress.it\\\/2019\\\/04\\\/07\\\/il-ciclo-della-vita-personale-di-paolo-tesser-in-crepadona-sabato-linaugurazione\\\/#primaryimage\",\"url\":\"http:\\\/\\\/www.bellunopress.it\\\/wp-content\\\/uploads\\\/2019\\\/04\\\/Paolo-Tesser-corteggiamento-al-mare.jpg\",\"contentUrl\":\"http:\\\/\\\/www.bellunopress.it\\\/wp-content\\\/uploads\\\/2019\\\/04\\\/Paolo-Tesser-corteggiamento-al-mare.jpg\"},{\"@type\":\"BreadcrumbList\",\"@id\":\"https:\\\/\\\/www.bellunopress.it\\\/2019\\\/04\\\/07\\\/il-ciclo-della-vita-personale-di-paolo-tesser-in-crepadona-sabato-linaugurazione\\\/#breadcrumb\",\"itemListElement\":[{\"@type\":\"ListItem\",\"position\":1,\"name\":\"Home\",\"item\":\"https:\\\/\\\/www.bellunopress.it\\\/\"},{\"@type\":\"ListItem\",\"position\":2,\"name\":\"&#8220;Il ciclo della vita&#8221; personale di Paolo Tesser in Crepadona, sabato l&#8217;inaugurazione\"}]},{\"@type\":\"WebSite\",\"@id\":\"https:\\\/\\\/www.bellunopress.it\\\/#website\",\"url\":\"https:\\\/\\\/www.bellunopress.it\\\/\",\"name\":\"Bellunopress - Dolomiti\",\"description\":\"e-mail: redazione@bellunopress.it\",\"publisher\":{\"@id\":\"https:\\\/\\\/www.bellunopress.it\\\/#organization\"},\"potentialAction\":[{\"@type\":\"SearchAction\",\"target\":{\"@type\":\"EntryPoint\",\"urlTemplate\":\"https:\\\/\\\/www.bellunopress.it\\\/?s={search_term_string}\"},\"query-input\":{\"@type\":\"PropertyValueSpecification\",\"valueRequired\":true,\"valueName\":\"search_term_string\"}}],\"inLanguage\":\"fr-FR\"},{\"@type\":\"Organization\",\"@id\":\"https:\\\/\\\/www.bellunopress.it\\\/#organization\",\"name\":\"Bellunopress\",\"url\":\"https:\\\/\\\/www.bellunopress.it\\\/\",\"logo\":{\"@type\":\"ImageObject\",\"inLanguage\":\"fr-FR\",\"@id\":\"https:\\\/\\\/www.bellunopress.it\\\/#\\\/schema\\\/logo\\\/image\\\/\",\"url\":\"https:\\\/\\\/www.bellunopress.it\\\/wp-content\\\/uploads\\\/2011\\\/05\\\/cropped-logo-bellunopress-.jpg\",\"contentUrl\":\"https:\\\/\\\/www.bellunopress.it\\\/wp-content\\\/uploads\\\/2011\\\/05\\\/cropped-logo-bellunopress-.jpg\",\"width\":512,\"height\":512,\"caption\":\"Bellunopress\"},\"image\":{\"@id\":\"https:\\\/\\\/www.bellunopress.it\\\/#\\\/schema\\\/logo\\\/image\\\/\"},\"sameAs\":[\"https:\\\/\\\/www.facebook.com\\\/profile.php?id=100008943462799\",\"https:\\\/\\\/x.com\\\/bellunopress\",\"https:\\\/\\\/www.linkedin.com\\\/hp\\\/?dnr=JBzUWaJfMUw8vbXJJ2tVW5-I3jZKvC4wsoxE&amp;amp;amp;amp;amp;amp;trk=nav_responsive_tab_home\",\"https:\\\/\\\/www.youtube.com\\\/channel\\\/UCxL0wu1uN0_3_7hGG0306cw\"]},{\"@type\":\"Person\",\"@id\":\"https:\\\/\\\/www.bellunopress.it\\\/#\\\/schema\\\/person\\\/79bb06722b37ece1c03d3e94beb30d73\",\"name\":\"redazione\",\"image\":{\"@type\":\"ImageObject\",\"inLanguage\":\"fr-FR\",\"@id\":\"https:\\\/\\\/secure.gravatar.com\\\/avatar\\\/37d968a2e67a6fd04c169c4bdef102d0bc5d31b2546345219e348575eb80e9a0?s=96&d=mm&r=g\",\"url\":\"https:\\\/\\\/secure.gravatar.com\\\/avatar\\\/37d968a2e67a6fd04c169c4bdef102d0bc5d31b2546345219e348575eb80e9a0?s=96&d=mm&r=g\",\"contentUrl\":\"https:\\\/\\\/secure.gravatar.com\\\/avatar\\\/37d968a2e67a6fd04c169c4bdef102d0bc5d31b2546345219e348575eb80e9a0?s=96&d=mm&r=g\",\"caption\":\"redazione\"},\"sameAs\":[\"http:\\\/\\\/www.bellunopress.it\",\"https:\\\/\\\/x.com\\\/bellunopress\"],\"url\":\"https:\\\/\\\/www.bellunopress.it\\\/fr\\\/author\\\/redazione\\\/\"}]}<\/script>\n<!-- \/ Yoast SEO plugin. -->","yoast_head_json":{"title":"\"Il ciclo della vita\" personale di Paolo Tesser in Crepadona, sabato l'inaugurazione - Bellunopress - Dolomiti","robots":{"index":"index","follow":"follow","max-snippet":"max-snippet:-1","max-image-preview":"max-image-preview:large","max-video-preview":"max-video-preview:-1"},"canonical":"https:\/\/www.bellunopress.it\/fr\/2019\/04\/07\/il-ciclo-della-vita-personale-di-paolo-tesser-in-crepadona-sabato-linaugurazione\/","og_locale":"fr_FR","og_type":"article","og_title":"\"Il ciclo della vita\" personale di Paolo Tesser in Crepadona, sabato l'inaugurazione - Bellunopress - Dolomiti","og_description":"Sabato 13 Aprile alle ore 18,00, presso gli spazi espositivi di Palazzo Crepadona, via Ripa 3, Belluno (BL), inaugurer\u00e0 la mostra \u201cIl Ciclo della Vita\u201d, personale del pittore Paolo Tesser. L\u2019opera di Paolo Tesser descrive un\u2019evoluzione stilistica e tematica coerente, che si esprime nell\u2019energia del gesto, in armoniche volute circolari, abbinate a un solido impianto [&hellip;]","og_url":"https:\/\/www.bellunopress.it\/fr\/2019\/04\/07\/il-ciclo-della-vita-personale-di-paolo-tesser-in-crepadona-sabato-linaugurazione\/","og_site_name":"Bellunopress - Dolomiti","article_publisher":"https:\/\/www.facebook.com\/profile.php?id=100008943462799","article_published_time":"2019-04-07T16:21:54+00:00","og_image":[{"url":"http:\/\/www.bellunopress.it\/wp-content\/uploads\/2019\/04\/Paolo-Tesser-corteggiamento-al-mare.jpg","type":"","width":"","height":""}],"author":"redazione","twitter_card":"summary_large_image","twitter_creator":"@bellunopress","twitter_site":"@bellunopress","twitter_misc":{"\u00c9crit par":"redazione","Dur\u00e9e de lecture estim\u00e9e":"4 minutes"},"schema":{"@context":"https:\/\/schema.org","@graph":[{"@type":"Article","@id":"https:\/\/www.bellunopress.it\/2019\/04\/07\/il-ciclo-della-vita-personale-di-paolo-tesser-in-crepadona-sabato-linaugurazione\/#article","isPartOf":{"@id":"https:\/\/www.bellunopress.it\/2019\/04\/07\/il-ciclo-della-vita-personale-di-paolo-tesser-in-crepadona-sabato-linaugurazione\/"},"author":{"name":"redazione","@id":"https:\/\/www.bellunopress.it\/#\/schema\/person\/79bb06722b37ece1c03d3e94beb30d73"},"headline":"&#8220;Il ciclo della vita&#8221; personale di Paolo Tesser in Crepadona, sabato l&#8217;inaugurazione","datePublished":"2019-04-07T16:21:54+00:00","mainEntityOfPage":{"@id":"https:\/\/www.bellunopress.it\/2019\/04\/07\/il-ciclo-della-vita-personale-di-paolo-tesser-in-crepadona-sabato-linaugurazione\/"},"wordCount":884,"publisher":{"@id":"https:\/\/www.bellunopress.it\/#organization"},"image":{"@id":"https:\/\/www.bellunopress.it\/2019\/04\/07\/il-ciclo-della-vita-personale-di-paolo-tesser-in-crepadona-sabato-linaugurazione\/#primaryimage"},"thumbnailUrl":"http:\/\/www.bellunopress.it\/wp-content\/uploads\/2019\/04\/Paolo-Tesser-corteggiamento-al-mare.jpg","articleSection":["Appuntamenti, Eventi","Arte, Cultura, Spettacoli, Scienza","Pausa Caff\u00e8"],"inLanguage":"fr-FR"},{"@type":"WebPage","@id":"https:\/\/www.bellunopress.it\/2019\/04\/07\/il-ciclo-della-vita-personale-di-paolo-tesser-in-crepadona-sabato-linaugurazione\/","url":"https:\/\/www.bellunopress.it\/2019\/04\/07\/il-ciclo-della-vita-personale-di-paolo-tesser-in-crepadona-sabato-linaugurazione\/","name":"\"Il ciclo della vita\" personale di Paolo Tesser in Crepadona, sabato l'inaugurazione - Bellunopress - Dolomiti","isPartOf":{"@id":"https:\/\/www.bellunopress.it\/#website"},"primaryImageOfPage":{"@id":"https:\/\/www.bellunopress.it\/2019\/04\/07\/il-ciclo-della-vita-personale-di-paolo-tesser-in-crepadona-sabato-linaugurazione\/#primaryimage"},"image":{"@id":"https:\/\/www.bellunopress.it\/2019\/04\/07\/il-ciclo-della-vita-personale-di-paolo-tesser-in-crepadona-sabato-linaugurazione\/#primaryimage"},"thumbnailUrl":"http:\/\/www.bellunopress.it\/wp-content\/uploads\/2019\/04\/Paolo-Tesser-corteggiamento-al-mare.jpg","datePublished":"2019-04-07T16:21:54+00:00","breadcrumb":{"@id":"https:\/\/www.bellunopress.it\/2019\/04\/07\/il-ciclo-della-vita-personale-di-paolo-tesser-in-crepadona-sabato-linaugurazione\/#breadcrumb"},"inLanguage":"fr-FR","potentialAction":[{"@type":"ReadAction","target":["https:\/\/www.bellunopress.it\/2019\/04\/07\/il-ciclo-della-vita-personale-di-paolo-tesser-in-crepadona-sabato-linaugurazione\/"]}]},{"@type":"ImageObject","inLanguage":"fr-FR","@id":"https:\/\/www.bellunopress.it\/2019\/04\/07\/il-ciclo-della-vita-personale-di-paolo-tesser-in-crepadona-sabato-linaugurazione\/#primaryimage","url":"http:\/\/www.bellunopress.it\/wp-content\/uploads\/2019\/04\/Paolo-Tesser-corteggiamento-al-mare.jpg","contentUrl":"http:\/\/www.bellunopress.it\/wp-content\/uploads\/2019\/04\/Paolo-Tesser-corteggiamento-al-mare.jpg"},{"@type":"BreadcrumbList","@id":"https:\/\/www.bellunopress.it\/2019\/04\/07\/il-ciclo-della-vita-personale-di-paolo-tesser-in-crepadona-sabato-linaugurazione\/#breadcrumb","itemListElement":[{"@type":"ListItem","position":1,"name":"Home","item":"https:\/\/www.bellunopress.it\/"},{"@type":"ListItem","position":2,"name":"&#8220;Il ciclo della vita&#8221; personale di Paolo Tesser in Crepadona, sabato l&#8217;inaugurazione"}]},{"@type":"WebSite","@id":"https:\/\/www.bellunopress.it\/#website","url":"https:\/\/www.bellunopress.it\/","name":"Bellunopress - Dolomiti","description":"e-mail: redazione@bellunopress.it","publisher":{"@id":"https:\/\/www.bellunopress.it\/#organization"},"potentialAction":[{"@type":"SearchAction","target":{"@type":"EntryPoint","urlTemplate":"https:\/\/www.bellunopress.it\/?s={search_term_string}"},"query-input":{"@type":"PropertyValueSpecification","valueRequired":true,"valueName":"search_term_string"}}],"inLanguage":"fr-FR"},{"@type":"Organization","@id":"https:\/\/www.bellunopress.it\/#organization","name":"Bellunopress","url":"https:\/\/www.bellunopress.it\/","logo":{"@type":"ImageObject","inLanguage":"fr-FR","@id":"https:\/\/www.bellunopress.it\/#\/schema\/logo\/image\/","url":"https:\/\/www.bellunopress.it\/wp-content\/uploads\/2011\/05\/cropped-logo-bellunopress-.jpg","contentUrl":"https:\/\/www.bellunopress.it\/wp-content\/uploads\/2011\/05\/cropped-logo-bellunopress-.jpg","width":512,"height":512,"caption":"Bellunopress"},"image":{"@id":"https:\/\/www.bellunopress.it\/#\/schema\/logo\/image\/"},"sameAs":["https:\/\/www.facebook.com\/profile.php?id=100008943462799","https:\/\/x.com\/bellunopress","https:\/\/www.linkedin.com\/hp\/?dnr=JBzUWaJfMUw8vbXJJ2tVW5-I3jZKvC4wsoxE&amp;amp;amp;amp;amp;amp;trk=nav_responsive_tab_home","https:\/\/www.youtube.com\/channel\/UCxL0wu1uN0_3_7hGG0306cw"]},{"@type":"Person","@id":"https:\/\/www.bellunopress.it\/#\/schema\/person\/79bb06722b37ece1c03d3e94beb30d73","name":"r\u00e9daction","image":{"@type":"ImageObject","inLanguage":"fr-FR","@id":"https:\/\/secure.gravatar.com\/avatar\/37d968a2e67a6fd04c169c4bdef102d0bc5d31b2546345219e348575eb80e9a0?s=96&d=mm&r=g","url":"https:\/\/secure.gravatar.com\/avatar\/37d968a2e67a6fd04c169c4bdef102d0bc5d31b2546345219e348575eb80e9a0?s=96&d=mm&r=g","contentUrl":"https:\/\/secure.gravatar.com\/avatar\/37d968a2e67a6fd04c169c4bdef102d0bc5d31b2546345219e348575eb80e9a0?s=96&d=mm&r=g","caption":"redazione"},"sameAs":["http:\/\/www.bellunopress.it","https:\/\/x.com\/bellunopress"],"url":"https:\/\/www.bellunopress.it\/fr\/author\/redazione\/"}]}},"_links":{"self":[{"href":"https:\/\/www.bellunopress.it\/fr\/wp-json\/wp\/v2\/posts\/103494","targetHints":{"allow":["GET"]}}],"collection":[{"href":"https:\/\/www.bellunopress.it\/fr\/wp-json\/wp\/v2\/posts"}],"about":[{"href":"https:\/\/www.bellunopress.it\/fr\/wp-json\/wp\/v2\/types\/post"}],"author":[{"embeddable":true,"href":"https:\/\/www.bellunopress.it\/fr\/wp-json\/wp\/v2\/users\/2"}],"replies":[{"embeddable":true,"href":"https:\/\/www.bellunopress.it\/fr\/wp-json\/wp\/v2\/comments?post=103494"}],"version-history":[{"count":1,"href":"https:\/\/www.bellunopress.it\/fr\/wp-json\/wp\/v2\/posts\/103494\/revisions"}],"predecessor-version":[{"id":103496,"href":"https:\/\/www.bellunopress.it\/fr\/wp-json\/wp\/v2\/posts\/103494\/revisions\/103496"}],"wp:attachment":[{"href":"https:\/\/www.bellunopress.it\/fr\/wp-json\/wp\/v2\/media?parent=103494"}],"wp:term":[{"taxonomy":"category","embeddable":true,"href":"https:\/\/www.bellunopress.it\/fr\/wp-json\/wp\/v2\/categories?post=103494"},{"taxonomy":"post_tag","embeddable":true,"href":"https:\/\/www.bellunopress.it\/fr\/wp-json\/wp\/v2\/tags?post=103494"}],"curies":[{"name":"wp","href":"https:\/\/api.w.org\/{rel}","templated":true}]}}