{"id":103492,"date":"2019-04-07T18:36:29","date_gmt":"2019-04-07T16:36:29","guid":{"rendered":"http:\/\/www.bellunopress.it\/?p=103492"},"modified":"2019-04-04T08:59:36","modified_gmt":"2019-04-04T06:59:36","slug":"due-incontri-per-parlare-di-carcere-e-legalita-con-lassociazione-jabar","status":"publish","type":"post","link":"https:\/\/www.bellunopress.it\/fr\/2019\/04\/07\/due-incontri-per-parlare-di-carcere-e-legalita-con-lassociazione-jabar\/","title":{"rendered":"Due incontri per parlare di carcere e legalit\u00e0 con l&#8217;Associazione Jabar"},"content":{"rendered":"<p align=\"LEFT\">A 5 anni dalla sua costituzione, l\u2019associazione Jabar organizza una serie di incontri pubblici per riflettere sui temi del carcere, della legalit\u00e0 e delle marginalit\u00e0 sociali.<\/p>\n<p align=\"LEFT\"><a href=\"http:\/\/www.bellunopress.it\/fr\/2009\/07\/07\/la-casa-del-volontariato-accoglie-lassociazione-parkinson\/csv-centro-volontariato\/\" rel=\"attachment wp-att-5704\"><img loading=\"lazy\" decoding=\"async\" class=\"alignleft size-full wp-image-5704\" src=\"http:\/\/www.bellunopress.it\/wp-content\/uploads\/2009\/07\/csv-centro-volontariato.jpg\" alt=\"\" width=\"120\" height=\"90\" \/><\/a>Il primo appuntamento \u00e8 in programma <strong>venerd\u00ec 12 aprile alle 18.30 nella sala riunioni al secondo piano della Casa del Volontariato di Belluno (via del Piave, 5)<\/strong>. Interverranno soci e volontari dell\u2019associazione per illustrare l\u2019impegno dentro e fuori il carcere (casa circondariale) di Belluno, nella convinzione che anche l\u2019apporto del volontariato possa contribuire alla funzione rieducativa \u2013 imprescindibile &#8211; della pena inflitta.<\/p>\n<p align=\"LEFT\">Sabato 13 aprile dalle 9 alle 13 in sala Bianchi a Belluno si terr\u00e0 un incontro aperto a tutti, con posti riservati alla formazione continua specifica di avvocati, giornalisti e assistenti sociali, dal titolo \u201cSistema penale e misure alternative\u201d. Dopo una breve introduzione dell\u2019associazione Jabar e il saluto del Garante dei diritti dei detenuti a Belluno Emilio Guerra, spazio alle assistenti sociali Margherita Benazzato (dal 2002 al servizio dell\u2019Uepe, ufficio esecuzione penale esterna di Venezia-Treviso-Belluno), Paola Mastrosimone (ex Uepe), Gino Sperandio (avvocato bellunese) e Chiara Da Ros (cooperativa Societ\u00e0 Nuova). La partecipazione \u00e8 gratuita e libera, fino a esaurimento posti.<\/p>\n<p align=\"LEFT\">Assistenti sociali e <a href=\"file:\/\/aci.local\/Belluno\/documenti\/489140\/Downloads\/bit.ly\/misurealternative\">giornalisti<\/a> possono registrarsi attraverso le loro piattaforme; gli avvocati interessati a partecipare e a conseguire i 2 crediti formativi messi a disposizione dall\u2019Ordine bellunese potranno preiscriversi attraverso questo link: <a href=\"https:\/\/forms.gle\/TFPmBsfqQJddAPhd7\">https:\/\/forms.gle\/TFPmBsfqQJddAPhd7<\/a>).<\/p>\n<p align=\"LEFT\">L&#8217;evento \u00e8 infatti realizzato in convenzione con il Consiglio dell&#8217;Ordine degli Assistenti Sociali del Veneto ed \u00e8 stato richiesto il riconoscimento dei crediti per la Formazione Continua degli Assistenti Sociali; \u00e8 accreditato dall\u2019Ordine degli Avvocati di Belluno con 2 crediti ai fini della formazione permanente degli avvocati. Anche il Consiglio Nazionale dell\u2019Ordine dei giornalisti lo ha riconosciuto come appuntamento utile alla formazione continua obbligatoria, riconoscendo al corso 4 crediti formativi.<\/p>\n<p align=\"LEFT\">Il parcheggio pi\u00f9 comodo e gratuito \u00e8 quello del Palasport. Ecco come arrivare: <a href=\"https:\/\/goo.gl\/maps\/vHpyCxTpHeG2\">https:\/\/goo.gl\/maps\/vHpyCxTpHeG2<\/a>. Il programma formativo \u00e8 finanziato dal Csv di Belluno attraverso il bando Coprogettazione 2017. Per informazioni<br \/>\n<a href=\"mailto:associazione.jabar@gmail.com\">associazione.jabar@gmail.com<\/a> &#8211; 351 8377769<\/p>","protected":false},"excerpt":{"rendered":"<p>A 5 anni dalla sua costituzione, l\u2019associazione Jabar organizza una serie di incontri pubblici per riflettere sui temi del carcere, della legalit\u00e0 e delle marginalit\u00e0 sociali. Il primo appuntamento \u00e8 in programma venerd\u00ec 12 aprile alle 18.30 nella sala riunioni al secondo piano della Casa del Volontariato di Belluno (via del Piave, 5). Interverranno soci [&hellip;]<\/p>\n","protected":false},"author":2,"featured_media":0,"comment_status":"closed","ping_status":"open","sticky":false,"template":"","format":"standard","meta":{"footnotes":""},"categories":[27,36,25],"tags":[],"class_list":["post-103492","post","type-post","status-publish","format-standard","category-appuntamenti","category-lavoro-economia","category-pausa-caffe"],"yoast_head":"<!-- This site is optimized with the Yoast SEO plugin v28.4 - https:\/\/yoast.com\/product\/yoast-seo-wordpress\/ -->\n<title>Due incontri per parlare di carcere e legalit\u00e0 con l&#039;Associazione Jabar - Bellunopress - Dolomiti<\/title>\n<meta name=\"robots\" content=\"index, follow, max-snippet:-1, max-image-preview:large, max-video-preview:-1\" \/>\n<link rel=\"canonical\" href=\"https:\/\/www.bellunopress.it\/fr\/2019\/04\/07\/due-incontri-per-parlare-di-carcere-e-legalita-con-lassociazione-jabar\/\" \/>\n<meta property=\"og:locale\" content=\"fr_FR\" \/>\n<meta property=\"og:type\" content=\"article\" \/>\n<meta property=\"og:title\" content=\"Due incontri per parlare di carcere e legalit\u00e0 con l&#039;Associazione Jabar - Bellunopress - Dolomiti\" \/>\n<meta property=\"og:description\" content=\"A 5 anni dalla sua costituzione, l\u2019associazione Jabar organizza una serie di incontri pubblici per riflettere sui temi del carcere, della legalit\u00e0 e delle marginalit\u00e0 sociali. Il primo appuntamento \u00e8 in programma venerd\u00ec 12 aprile alle 18.30 nella sala riunioni al secondo piano della Casa del Volontariato di Belluno (via del Piave, 5). Interverranno soci [&hellip;]\" \/>\n<meta property=\"og:url\" content=\"https:\/\/www.bellunopress.it\/fr\/2019\/04\/07\/due-incontri-per-parlare-di-carcere-e-legalita-con-lassociazione-jabar\/\" \/>\n<meta property=\"og:site_name\" content=\"Bellunopress - Dolomiti\" \/>\n<meta property=\"article:publisher\" content=\"https:\/\/www.facebook.com\/profile.php?id=100008943462799\" \/>\n<meta property=\"article:published_time\" content=\"2019-04-07T16:36:29+00:00\" \/>\n<meta property=\"og:image\" content=\"http:\/\/www.bellunopress.it\/wp-content\/uploads\/2009\/07\/csv-centro-volontariato.jpg\" \/>\n<meta name=\"author\" content=\"redazione\" \/>\n<meta name=\"twitter:card\" content=\"summary_large_image\" \/>\n<meta name=\"twitter:creator\" content=\"@bellunopress\" \/>\n<meta name=\"twitter:site\" content=\"@bellunopress\" \/>\n<meta name=\"twitter:label1\" content=\"\u00c9crit par\" \/>\n\t<meta name=\"twitter:data1\" content=\"redazione\" \/>\n\t<meta name=\"twitter:label2\" content=\"Dur\u00e9e de lecture estim\u00e9e\" \/>\n\t<meta name=\"twitter:data2\" content=\"2 minutes\" \/>\n<script type=\"application\/ld+json\" class=\"yoast-schema-graph\">{\"@context\":\"https:\\\/\\\/schema.org\",\"@graph\":[{\"@type\":\"Article\",\"@id\":\"https:\\\/\\\/www.bellunopress.it\\\/2019\\\/04\\\/07\\\/due-incontri-per-parlare-di-carcere-e-legalita-con-lassociazione-jabar\\\/#article\",\"isPartOf\":{\"@id\":\"https:\\\/\\\/www.bellunopress.it\\\/2019\\\/04\\\/07\\\/due-incontri-per-parlare-di-carcere-e-legalita-con-lassociazione-jabar\\\/\"},\"author\":{\"name\":\"redazione\",\"@id\":\"https:\\\/\\\/www.bellunopress.it\\\/#\\\/schema\\\/person\\\/79bb06722b37ece1c03d3e94beb30d73\"},\"headline\":\"Due incontri per parlare di carcere e legalit\u00e0 con l&#8217;Associazione Jabar\",\"datePublished\":\"2019-04-07T16:36:29+00:00\",\"mainEntityOfPage\":{\"@id\":\"https:\\\/\\\/www.bellunopress.it\\\/2019\\\/04\\\/07\\\/due-incontri-per-parlare-di-carcere-e-legalita-con-lassociazione-jabar\\\/\"},\"wordCount\":336,\"publisher\":{\"@id\":\"https:\\\/\\\/www.bellunopress.it\\\/#organization\"},\"image\":{\"@id\":\"https:\\\/\\\/www.bellunopress.it\\\/2019\\\/04\\\/07\\\/due-incontri-per-parlare-di-carcere-e-legalita-con-lassociazione-jabar\\\/#primaryimage\"},\"thumbnailUrl\":\"http:\\\/\\\/www.bellunopress.it\\\/wp-content\\\/uploads\\\/2009\\\/07\\\/csv-centro-volontariato.jpg\",\"articleSection\":[\"Appuntamenti, Eventi\",\"Lavoro, Economia, Turismo\",\"Pausa Caff\u00e8\"],\"inLanguage\":\"fr-FR\"},{\"@type\":\"WebPage\",\"@id\":\"https:\\\/\\\/www.bellunopress.it\\\/2019\\\/04\\\/07\\\/due-incontri-per-parlare-di-carcere-e-legalita-con-lassociazione-jabar\\\/\",\"url\":\"https:\\\/\\\/www.bellunopress.it\\\/2019\\\/04\\\/07\\\/due-incontri-per-parlare-di-carcere-e-legalita-con-lassociazione-jabar\\\/\",\"name\":\"Due incontri per parlare di carcere e legalit\u00e0 con l'Associazione Jabar - Bellunopress - Dolomiti\",\"isPartOf\":{\"@id\":\"https:\\\/\\\/www.bellunopress.it\\\/#website\"},\"primaryImageOfPage\":{\"@id\":\"https:\\\/\\\/www.bellunopress.it\\\/2019\\\/04\\\/07\\\/due-incontri-per-parlare-di-carcere-e-legalita-con-lassociazione-jabar\\\/#primaryimage\"},\"image\":{\"@id\":\"https:\\\/\\\/www.bellunopress.it\\\/2019\\\/04\\\/07\\\/due-incontri-per-parlare-di-carcere-e-legalita-con-lassociazione-jabar\\\/#primaryimage\"},\"thumbnailUrl\":\"http:\\\/\\\/www.bellunopress.it\\\/wp-content\\\/uploads\\\/2009\\\/07\\\/csv-centro-volontariato.jpg\",\"datePublished\":\"2019-04-07T16:36:29+00:00\",\"breadcrumb\":{\"@id\":\"https:\\\/\\\/www.bellunopress.it\\\/2019\\\/04\\\/07\\\/due-incontri-per-parlare-di-carcere-e-legalita-con-lassociazione-jabar\\\/#breadcrumb\"},\"inLanguage\":\"fr-FR\",\"potentialAction\":[{\"@type\":\"ReadAction\",\"target\":[\"https:\\\/\\\/www.bellunopress.it\\\/2019\\\/04\\\/07\\\/due-incontri-per-parlare-di-carcere-e-legalita-con-lassociazione-jabar\\\/\"]}]},{\"@type\":\"ImageObject\",\"inLanguage\":\"fr-FR\",\"@id\":\"https:\\\/\\\/www.bellunopress.it\\\/2019\\\/04\\\/07\\\/due-incontri-per-parlare-di-carcere-e-legalita-con-lassociazione-jabar\\\/#primaryimage\",\"url\":\"http:\\\/\\\/www.bellunopress.it\\\/wp-content\\\/uploads\\\/2009\\\/07\\\/csv-centro-volontariato.jpg\",\"contentUrl\":\"http:\\\/\\\/www.bellunopress.it\\\/wp-content\\\/uploads\\\/2009\\\/07\\\/csv-centro-volontariato.jpg\"},{\"@type\":\"BreadcrumbList\",\"@id\":\"https:\\\/\\\/www.bellunopress.it\\\/2019\\\/04\\\/07\\\/due-incontri-per-parlare-di-carcere-e-legalita-con-lassociazione-jabar\\\/#breadcrumb\",\"itemListElement\":[{\"@type\":\"ListItem\",\"position\":1,\"name\":\"Home\",\"item\":\"https:\\\/\\\/www.bellunopress.it\\\/\"},{\"@type\":\"ListItem\",\"position\":2,\"name\":\"Due incontri per parlare di carcere e legalit\u00e0 con l&#8217;Associazione Jabar\"}]},{\"@type\":\"WebSite\",\"@id\":\"https:\\\/\\\/www.bellunopress.it\\\/#website\",\"url\":\"https:\\\/\\\/www.bellunopress.it\\\/\",\"name\":\"Bellunopress - Dolomiti\",\"description\":\"e-mail: redazione@bellunopress.it\",\"publisher\":{\"@id\":\"https:\\\/\\\/www.bellunopress.it\\\/#organization\"},\"potentialAction\":[{\"@type\":\"SearchAction\",\"target\":{\"@type\":\"EntryPoint\",\"urlTemplate\":\"https:\\\/\\\/www.bellunopress.it\\\/?s={search_term_string}\"},\"query-input\":{\"@type\":\"PropertyValueSpecification\",\"valueRequired\":true,\"valueName\":\"search_term_string\"}}],\"inLanguage\":\"fr-FR\"},{\"@type\":\"Organization\",\"@id\":\"https:\\\/\\\/www.bellunopress.it\\\/#organization\",\"name\":\"Bellunopress\",\"url\":\"https:\\\/\\\/www.bellunopress.it\\\/\",\"logo\":{\"@type\":\"ImageObject\",\"inLanguage\":\"fr-FR\",\"@id\":\"https:\\\/\\\/www.bellunopress.it\\\/#\\\/schema\\\/logo\\\/image\\\/\",\"url\":\"https:\\\/\\\/www.bellunopress.it\\\/wp-content\\\/uploads\\\/2011\\\/05\\\/cropped-logo-bellunopress-.jpg\",\"contentUrl\":\"https:\\\/\\\/www.bellunopress.it\\\/wp-content\\\/uploads\\\/2011\\\/05\\\/cropped-logo-bellunopress-.jpg\",\"width\":512,\"height\":512,\"caption\":\"Bellunopress\"},\"image\":{\"@id\":\"https:\\\/\\\/www.bellunopress.it\\\/#\\\/schema\\\/logo\\\/image\\\/\"},\"sameAs\":[\"https:\\\/\\\/www.facebook.com\\\/profile.php?id=100008943462799\",\"https:\\\/\\\/x.com\\\/bellunopress\",\"https:\\\/\\\/www.linkedin.com\\\/hp\\\/?dnr=JBzUWaJfMUw8vbXJJ2tVW5-I3jZKvC4wsoxE&amp;amp;amp;amp;amp;amp;trk=nav_responsive_tab_home\",\"https:\\\/\\\/www.youtube.com\\\/channel\\\/UCxL0wu1uN0_3_7hGG0306cw\"]},{\"@type\":\"Person\",\"@id\":\"https:\\\/\\\/www.bellunopress.it\\\/#\\\/schema\\\/person\\\/79bb06722b37ece1c03d3e94beb30d73\",\"name\":\"redazione\",\"image\":{\"@type\":\"ImageObject\",\"inLanguage\":\"fr-FR\",\"@id\":\"https:\\\/\\\/secure.gravatar.com\\\/avatar\\\/37d968a2e67a6fd04c169c4bdef102d0bc5d31b2546345219e348575eb80e9a0?s=96&d=mm&r=g\",\"url\":\"https:\\\/\\\/secure.gravatar.com\\\/avatar\\\/37d968a2e67a6fd04c169c4bdef102d0bc5d31b2546345219e348575eb80e9a0?s=96&d=mm&r=g\",\"contentUrl\":\"https:\\\/\\\/secure.gravatar.com\\\/avatar\\\/37d968a2e67a6fd04c169c4bdef102d0bc5d31b2546345219e348575eb80e9a0?s=96&d=mm&r=g\",\"caption\":\"redazione\"},\"sameAs\":[\"http:\\\/\\\/www.bellunopress.it\",\"https:\\\/\\\/x.com\\\/bellunopress\"],\"url\":\"https:\\\/\\\/www.bellunopress.it\\\/fr\\\/author\\\/redazione\\\/\"}]}<\/script>\n<!-- \/ Yoast SEO plugin. -->","yoast_head_json":{"title":"Due incontri per parlare di carcere e legalit\u00e0 con l'Associazione Jabar - Bellunopress - Dolomiti","robots":{"index":"index","follow":"follow","max-snippet":"max-snippet:-1","max-image-preview":"max-image-preview:large","max-video-preview":"max-video-preview:-1"},"canonical":"https:\/\/www.bellunopress.it\/fr\/2019\/04\/07\/due-incontri-per-parlare-di-carcere-e-legalita-con-lassociazione-jabar\/","og_locale":"fr_FR","og_type":"article","og_title":"Due incontri per parlare di carcere e legalit\u00e0 con l'Associazione Jabar - Bellunopress - Dolomiti","og_description":"A 5 anni dalla sua costituzione, l\u2019associazione Jabar organizza una serie di incontri pubblici per riflettere sui temi del carcere, della legalit\u00e0 e delle marginalit\u00e0 sociali. Il primo appuntamento \u00e8 in programma venerd\u00ec 12 aprile alle 18.30 nella sala riunioni al secondo piano della Casa del Volontariato di Belluno (via del Piave, 5). Interverranno soci [&hellip;]","og_url":"https:\/\/www.bellunopress.it\/fr\/2019\/04\/07\/due-incontri-per-parlare-di-carcere-e-legalita-con-lassociazione-jabar\/","og_site_name":"Bellunopress - Dolomiti","article_publisher":"https:\/\/www.facebook.com\/profile.php?id=100008943462799","article_published_time":"2019-04-07T16:36:29+00:00","og_image":[{"url":"http:\/\/www.bellunopress.it\/wp-content\/uploads\/2009\/07\/csv-centro-volontariato.jpg","type":"","width":"","height":""}],"author":"redazione","twitter_card":"summary_large_image","twitter_creator":"@bellunopress","twitter_site":"@bellunopress","twitter_misc":{"\u00c9crit par":"redazione","Dur\u00e9e de lecture estim\u00e9e":"2 minutes"},"schema":{"@context":"https:\/\/schema.org","@graph":[{"@type":"Article","@id":"https:\/\/www.bellunopress.it\/2019\/04\/07\/due-incontri-per-parlare-di-carcere-e-legalita-con-lassociazione-jabar\/#article","isPartOf":{"@id":"https:\/\/www.bellunopress.it\/2019\/04\/07\/due-incontri-per-parlare-di-carcere-e-legalita-con-lassociazione-jabar\/"},"author":{"name":"redazione","@id":"https:\/\/www.bellunopress.it\/#\/schema\/person\/79bb06722b37ece1c03d3e94beb30d73"},"headline":"Due incontri per parlare di carcere e legalit\u00e0 con l&#8217;Associazione Jabar","datePublished":"2019-04-07T16:36:29+00:00","mainEntityOfPage":{"@id":"https:\/\/www.bellunopress.it\/2019\/04\/07\/due-incontri-per-parlare-di-carcere-e-legalita-con-lassociazione-jabar\/"},"wordCount":336,"publisher":{"@id":"https:\/\/www.bellunopress.it\/#organization"},"image":{"@id":"https:\/\/www.bellunopress.it\/2019\/04\/07\/due-incontri-per-parlare-di-carcere-e-legalita-con-lassociazione-jabar\/#primaryimage"},"thumbnailUrl":"http:\/\/www.bellunopress.it\/wp-content\/uploads\/2009\/07\/csv-centro-volontariato.jpg","articleSection":["Appuntamenti, Eventi","Lavoro, Economia, Turismo","Pausa Caff\u00e8"],"inLanguage":"fr-FR"},{"@type":"WebPage","@id":"https:\/\/www.bellunopress.it\/2019\/04\/07\/due-incontri-per-parlare-di-carcere-e-legalita-con-lassociazione-jabar\/","url":"https:\/\/www.bellunopress.it\/2019\/04\/07\/due-incontri-per-parlare-di-carcere-e-legalita-con-lassociazione-jabar\/","name":"Due incontri per parlare di carcere e legalit\u00e0 con l'Associazione Jabar - Bellunopress - Dolomiti","isPartOf":{"@id":"https:\/\/www.bellunopress.it\/#website"},"primaryImageOfPage":{"@id":"https:\/\/www.bellunopress.it\/2019\/04\/07\/due-incontri-per-parlare-di-carcere-e-legalita-con-lassociazione-jabar\/#primaryimage"},"image":{"@id":"https:\/\/www.bellunopress.it\/2019\/04\/07\/due-incontri-per-parlare-di-carcere-e-legalita-con-lassociazione-jabar\/#primaryimage"},"thumbnailUrl":"http:\/\/www.bellunopress.it\/wp-content\/uploads\/2009\/07\/csv-centro-volontariato.jpg","datePublished":"2019-04-07T16:36:29+00:00","breadcrumb":{"@id":"https:\/\/www.bellunopress.it\/2019\/04\/07\/due-incontri-per-parlare-di-carcere-e-legalita-con-lassociazione-jabar\/#breadcrumb"},"inLanguage":"fr-FR","potentialAction":[{"@type":"ReadAction","target":["https:\/\/www.bellunopress.it\/2019\/04\/07\/due-incontri-per-parlare-di-carcere-e-legalita-con-lassociazione-jabar\/"]}]},{"@type":"ImageObject","inLanguage":"fr-FR","@id":"https:\/\/www.bellunopress.it\/2019\/04\/07\/due-incontri-per-parlare-di-carcere-e-legalita-con-lassociazione-jabar\/#primaryimage","url":"http:\/\/www.bellunopress.it\/wp-content\/uploads\/2009\/07\/csv-centro-volontariato.jpg","contentUrl":"http:\/\/www.bellunopress.it\/wp-content\/uploads\/2009\/07\/csv-centro-volontariato.jpg"},{"@type":"BreadcrumbList","@id":"https:\/\/www.bellunopress.it\/2019\/04\/07\/due-incontri-per-parlare-di-carcere-e-legalita-con-lassociazione-jabar\/#breadcrumb","itemListElement":[{"@type":"ListItem","position":1,"name":"Home","item":"https:\/\/www.bellunopress.it\/"},{"@type":"ListItem","position":2,"name":"Due incontri per parlare di carcere e legalit\u00e0 con l&#8217;Associazione Jabar"}]},{"@type":"WebSite","@id":"https:\/\/www.bellunopress.it\/#website","url":"https:\/\/www.bellunopress.it\/","name":"Bellunopress - Dolomiti","description":"e-mail: redazione@bellunopress.it","publisher":{"@id":"https:\/\/www.bellunopress.it\/#organization"},"potentialAction":[{"@type":"SearchAction","target":{"@type":"EntryPoint","urlTemplate":"https:\/\/www.bellunopress.it\/?s={search_term_string}"},"query-input":{"@type":"PropertyValueSpecification","valueRequired":true,"valueName":"search_term_string"}}],"inLanguage":"fr-FR"},{"@type":"Organization","@id":"https:\/\/www.bellunopress.it\/#organization","name":"Bellunopress","url":"https:\/\/www.bellunopress.it\/","logo":{"@type":"ImageObject","inLanguage":"fr-FR","@id":"https:\/\/www.bellunopress.it\/#\/schema\/logo\/image\/","url":"https:\/\/www.bellunopress.it\/wp-content\/uploads\/2011\/05\/cropped-logo-bellunopress-.jpg","contentUrl":"https:\/\/www.bellunopress.it\/wp-content\/uploads\/2011\/05\/cropped-logo-bellunopress-.jpg","width":512,"height":512,"caption":"Bellunopress"},"image":{"@id":"https:\/\/www.bellunopress.it\/#\/schema\/logo\/image\/"},"sameAs":["https:\/\/www.facebook.com\/profile.php?id=100008943462799","https:\/\/x.com\/bellunopress","https:\/\/www.linkedin.com\/hp\/?dnr=JBzUWaJfMUw8vbXJJ2tVW5-I3jZKvC4wsoxE&amp;amp;amp;amp;amp;amp;trk=nav_responsive_tab_home","https:\/\/www.youtube.com\/channel\/UCxL0wu1uN0_3_7hGG0306cw"]},{"@type":"Person","@id":"https:\/\/www.bellunopress.it\/#\/schema\/person\/79bb06722b37ece1c03d3e94beb30d73","name":"r\u00e9daction","image":{"@type":"ImageObject","inLanguage":"fr-FR","@id":"https:\/\/secure.gravatar.com\/avatar\/37d968a2e67a6fd04c169c4bdef102d0bc5d31b2546345219e348575eb80e9a0?s=96&d=mm&r=g","url":"https:\/\/secure.gravatar.com\/avatar\/37d968a2e67a6fd04c169c4bdef102d0bc5d31b2546345219e348575eb80e9a0?s=96&d=mm&r=g","contentUrl":"https:\/\/secure.gravatar.com\/avatar\/37d968a2e67a6fd04c169c4bdef102d0bc5d31b2546345219e348575eb80e9a0?s=96&d=mm&r=g","caption":"redazione"},"sameAs":["http:\/\/www.bellunopress.it","https:\/\/x.com\/bellunopress"],"url":"https:\/\/www.bellunopress.it\/fr\/author\/redazione\/"}]}},"_links":{"self":[{"href":"https:\/\/www.bellunopress.it\/fr\/wp-json\/wp\/v2\/posts\/103492","targetHints":{"allow":["GET"]}}],"collection":[{"href":"https:\/\/www.bellunopress.it\/fr\/wp-json\/wp\/v2\/posts"}],"about":[{"href":"https:\/\/www.bellunopress.it\/fr\/wp-json\/wp\/v2\/types\/post"}],"author":[{"embeddable":true,"href":"https:\/\/www.bellunopress.it\/fr\/wp-json\/wp\/v2\/users\/2"}],"replies":[{"embeddable":true,"href":"https:\/\/www.bellunopress.it\/fr\/wp-json\/wp\/v2\/comments?post=103492"}],"version-history":[{"count":1,"href":"https:\/\/www.bellunopress.it\/fr\/wp-json\/wp\/v2\/posts\/103492\/revisions"}],"predecessor-version":[{"id":103493,"href":"https:\/\/www.bellunopress.it\/fr\/wp-json\/wp\/v2\/posts\/103492\/revisions\/103493"}],"wp:attachment":[{"href":"https:\/\/www.bellunopress.it\/fr\/wp-json\/wp\/v2\/media?parent=103492"}],"wp:term":[{"taxonomy":"category","embeddable":true,"href":"https:\/\/www.bellunopress.it\/fr\/wp-json\/wp\/v2\/categories?post=103492"},{"taxonomy":"post_tag","embeddable":true,"href":"https:\/\/www.bellunopress.it\/fr\/wp-json\/wp\/v2\/tags?post=103492"}],"curies":[{"name":"wp","href":"https:\/\/api.w.org\/{rel}","templated":true}]}}