{"id":103463,"date":"2019-04-03T15:55:43","date_gmt":"2019-04-03T13:55:43","guid":{"rendered":"http:\/\/www.bellunopress.it\/?p=103463"},"modified":"2019-04-03T15:55:43","modified_gmt":"2019-04-03T13:55:43","slug":"forte-ondata-di-maltempo-in-arrivo-vento-pioggia-neve-valanghe","status":"publish","type":"post","link":"https:\/\/www.bellunopress.it\/fr\/2019\/04\/03\/forte-ondata-di-maltempo-in-arrivo-vento-pioggia-neve-valanghe\/","title":{"rendered":"Forte ondata di maltempo in arrivo: vento, pioggia, neve, valanghe"},"content":{"rendered":"<p><a href=\"http:\/\/www.bellunopress.it\/fr\/2012\/02\/09\/meteo-veneto-stato-di-attenzione-per-probabili-nevicate-fino-a-domenica-mattina\/protezione-civile-veneto\/\" rel=\"attachment wp-att-34952\"><img loading=\"lazy\" decoding=\"async\" class=\"alignleft size-full wp-image-34952\" src=\"http:\/\/www.bellunopress.it\/wp-content\/uploads\/2012\/02\/protezione-civile-veneto.jpg\" alt=\"\" width=\"140\" height=\"140\" \/><\/a>Venezia, 3 aprile 2019\u00a0 &#8211;\u00a0\u00a0Un\u2019ondata di maltempo di notevole intensit\u00e0 sta per interessare il Veneto. Porter\u00e0 precipitazioni estese, a tratti intense, con quantitativi abbondanti o localmente molto abbondanti; copiose nevicate in alta quota e localmente a quote inferiori; venti forti in quota e, a tratti, sulla costa.<\/p>\n<p>Alla luce di queste previsioni, il Centro Funzionale Decentrato della Protezione Civile della Regione del Veneto ha emesso un avviso di condizioni meteo avverse per criticit\u00e0 idraulica e idrogeologica, per nevicate e per vento forte.<\/p>\n<p>Lo Stato di Attenzione per Criticit\u00e0 Idraulica sulla Rete Principale \u00e8 dichiarato, dalle ore 8.00 di domani, 4 aprile, alle ore 14.00 del 5 aprile, sui Bacini Idrografici Alto Piave, Piave Pedemontano e Alto Brenta-Bacchiglione-Alpone.<\/p>\n<p>Lo Stato di Preallarme per Criticit\u00e0 Idrogeologica, nello stesso lasso di tempo, \u00e8 dichiarato sui Bacini Idrografici Alto Piave, Piave Pedemontano, Alto Brenta-Bacchiglione-Alpone.<\/p>\n<p>Lo Stato di Attenzione per Criticit\u00e0 Idrogeologica \u00e8 dichiarato anche sul Bacino Idrogeologico Adige-Garda-Monti Lessini.<\/p>\n<p>Sempre dalle ore 8.00 di domani alle ore 14.00 di gioved\u00ec 5 aprile \u00e8 dichiarata la Fase Operativa di Attenzione per Vento Forte su tutto il territorio del Veneto.<\/p>\n<p>Emesso anche un Avviso di Criticit\u00e0 Valanghe con Allerta Gialla a partire da domani, gioved\u00ec, sia sulle Dolomiti che sulle Prealpi. La quota neve sar\u00e0 in discesa progressiva fino a 700-800 metri. In alcune aree, gli accumuli potranno raggiungere il metro di spessore.<\/p>","protected":false},"excerpt":{"rendered":"<p>Venezia, 3 aprile 2019\u00a0 &#8211;\u00a0\u00a0Un\u2019ondata di maltempo di notevole intensit\u00e0 sta per interessare il Veneto. Porter\u00e0 precipitazioni estese, a tratti intense, con quantitativi abbondanti o localmente molto abbondanti; copiose nevicate in alta quota e localmente a quote inferiori; venti forti in quota e, a tratti, sulla costa. Alla luce di queste previsioni, il Centro Funzionale [&hellip;]<\/p>\n","protected":false},"author":2,"featured_media":0,"comment_status":"closed","ping_status":"open","sticky":false,"template":"","format":"standard","meta":{"footnotes":""},"categories":[38,26],"tags":[],"class_list":["post-103463","post","type-post","status-publish","format-standard","category-natura-ambiente","category-prima-pagina"],"yoast_head":"<!-- This site is optimized with the Yoast SEO plugin v28.4 - https:\/\/yoast.com\/product\/yoast-seo-wordpress\/ -->\n<title>Forte ondata di maltempo in arrivo: vento, pioggia, neve, valanghe - Bellunopress - Dolomiti<\/title>\n<meta name=\"robots\" content=\"index, follow, max-snippet:-1, max-image-preview:large, max-video-preview:-1\" \/>\n<link rel=\"canonical\" href=\"https:\/\/www.bellunopress.it\/fr\/2019\/04\/03\/forte-ondata-di-maltempo-in-arrivo-vento-pioggia-neve-valanghe\/\" \/>\n<meta property=\"og:locale\" content=\"fr_FR\" \/>\n<meta property=\"og:type\" content=\"article\" \/>\n<meta property=\"og:title\" content=\"Forte ondata di maltempo in arrivo: vento, pioggia, neve, valanghe - Bellunopress - Dolomiti\" \/>\n<meta property=\"og:description\" content=\"Venezia, 3 aprile 2019\u00a0 &#8211;\u00a0\u00a0Un\u2019ondata di maltempo di notevole intensit\u00e0 sta per interessare il Veneto. Porter\u00e0 precipitazioni estese, a tratti intense, con quantitativi abbondanti o localmente molto abbondanti; copiose nevicate in alta quota e localmente a quote inferiori; venti forti in quota e, a tratti, sulla costa. Alla luce di queste previsioni, il Centro Funzionale [&hellip;]\" \/>\n<meta property=\"og:url\" content=\"https:\/\/www.bellunopress.it\/fr\/2019\/04\/03\/forte-ondata-di-maltempo-in-arrivo-vento-pioggia-neve-valanghe\/\" \/>\n<meta property=\"og:site_name\" content=\"Bellunopress - Dolomiti\" \/>\n<meta property=\"article:publisher\" content=\"https:\/\/www.facebook.com\/profile.php?id=100008943462799\" \/>\n<meta property=\"article:published_time\" content=\"2019-04-03T13:55:43+00:00\" \/>\n<meta property=\"og:image\" content=\"http:\/\/www.bellunopress.it\/wp-content\/uploads\/2012\/02\/protezione-civile-veneto.jpg\" \/>\n<meta name=\"author\" content=\"redazione\" \/>\n<meta name=\"twitter:card\" content=\"summary_large_image\" \/>\n<meta name=\"twitter:creator\" content=\"@bellunopress\" \/>\n<meta name=\"twitter:site\" content=\"@bellunopress\" \/>\n<meta name=\"twitter:label1\" content=\"\u00c9crit par\" \/>\n\t<meta name=\"twitter:data1\" content=\"redazione\" \/>\n\t<meta name=\"twitter:label2\" content=\"Dur\u00e9e de lecture estim\u00e9e\" \/>\n\t<meta name=\"twitter:data2\" content=\"1 minute\" \/>\n<script type=\"application\/ld+json\" class=\"yoast-schema-graph\">{\"@context\":\"https:\\\/\\\/schema.org\",\"@graph\":[{\"@type\":\"Article\",\"@id\":\"https:\\\/\\\/www.bellunopress.it\\\/2019\\\/04\\\/03\\\/forte-ondata-di-maltempo-in-arrivo-vento-pioggia-neve-valanghe\\\/#article\",\"isPartOf\":{\"@id\":\"https:\\\/\\\/www.bellunopress.it\\\/2019\\\/04\\\/03\\\/forte-ondata-di-maltempo-in-arrivo-vento-pioggia-neve-valanghe\\\/\"},\"author\":{\"name\":\"redazione\",\"@id\":\"https:\\\/\\\/www.bellunopress.it\\\/#\\\/schema\\\/person\\\/79bb06722b37ece1c03d3e94beb30d73\"},\"headline\":\"Forte ondata di maltempo in arrivo: vento, pioggia, neve, valanghe\",\"datePublished\":\"2019-04-03T13:55:43+00:00\",\"mainEntityOfPage\":{\"@id\":\"https:\\\/\\\/www.bellunopress.it\\\/2019\\\/04\\\/03\\\/forte-ondata-di-maltempo-in-arrivo-vento-pioggia-neve-valanghe\\\/\"},\"wordCount\":226,\"publisher\":{\"@id\":\"https:\\\/\\\/www.bellunopress.it\\\/#organization\"},\"image\":{\"@id\":\"https:\\\/\\\/www.bellunopress.it\\\/2019\\\/04\\\/03\\\/forte-ondata-di-maltempo-in-arrivo-vento-pioggia-neve-valanghe\\\/#primaryimage\"},\"thumbnailUrl\":\"http:\\\/\\\/www.bellunopress.it\\\/wp-content\\\/uploads\\\/2012\\\/02\\\/protezione-civile-veneto.jpg\",\"articleSection\":[\"Meteo, natura, ambiente, animali\",\"Prima Pagina\"],\"inLanguage\":\"fr-FR\"},{\"@type\":\"WebPage\",\"@id\":\"https:\\\/\\\/www.bellunopress.it\\\/2019\\\/04\\\/03\\\/forte-ondata-di-maltempo-in-arrivo-vento-pioggia-neve-valanghe\\\/\",\"url\":\"https:\\\/\\\/www.bellunopress.it\\\/2019\\\/04\\\/03\\\/forte-ondata-di-maltempo-in-arrivo-vento-pioggia-neve-valanghe\\\/\",\"name\":\"Forte ondata di maltempo in arrivo: vento, pioggia, neve, valanghe - Bellunopress - Dolomiti\",\"isPartOf\":{\"@id\":\"https:\\\/\\\/www.bellunopress.it\\\/#website\"},\"primaryImageOfPage\":{\"@id\":\"https:\\\/\\\/www.bellunopress.it\\\/2019\\\/04\\\/03\\\/forte-ondata-di-maltempo-in-arrivo-vento-pioggia-neve-valanghe\\\/#primaryimage\"},\"image\":{\"@id\":\"https:\\\/\\\/www.bellunopress.it\\\/2019\\\/04\\\/03\\\/forte-ondata-di-maltempo-in-arrivo-vento-pioggia-neve-valanghe\\\/#primaryimage\"},\"thumbnailUrl\":\"http:\\\/\\\/www.bellunopress.it\\\/wp-content\\\/uploads\\\/2012\\\/02\\\/protezione-civile-veneto.jpg\",\"datePublished\":\"2019-04-03T13:55:43+00:00\",\"breadcrumb\":{\"@id\":\"https:\\\/\\\/www.bellunopress.it\\\/2019\\\/04\\\/03\\\/forte-ondata-di-maltempo-in-arrivo-vento-pioggia-neve-valanghe\\\/#breadcrumb\"},\"inLanguage\":\"fr-FR\",\"potentialAction\":[{\"@type\":\"ReadAction\",\"target\":[\"https:\\\/\\\/www.bellunopress.it\\\/2019\\\/04\\\/03\\\/forte-ondata-di-maltempo-in-arrivo-vento-pioggia-neve-valanghe\\\/\"]}]},{\"@type\":\"ImageObject\",\"inLanguage\":\"fr-FR\",\"@id\":\"https:\\\/\\\/www.bellunopress.it\\\/2019\\\/04\\\/03\\\/forte-ondata-di-maltempo-in-arrivo-vento-pioggia-neve-valanghe\\\/#primaryimage\",\"url\":\"http:\\\/\\\/www.bellunopress.it\\\/wp-content\\\/uploads\\\/2012\\\/02\\\/protezione-civile-veneto.jpg\",\"contentUrl\":\"http:\\\/\\\/www.bellunopress.it\\\/wp-content\\\/uploads\\\/2012\\\/02\\\/protezione-civile-veneto.jpg\"},{\"@type\":\"BreadcrumbList\",\"@id\":\"https:\\\/\\\/www.bellunopress.it\\\/2019\\\/04\\\/03\\\/forte-ondata-di-maltempo-in-arrivo-vento-pioggia-neve-valanghe\\\/#breadcrumb\",\"itemListElement\":[{\"@type\":\"ListItem\",\"position\":1,\"name\":\"Home\",\"item\":\"https:\\\/\\\/www.bellunopress.it\\\/\"},{\"@type\":\"ListItem\",\"position\":2,\"name\":\"Forte ondata di maltempo in arrivo: vento, pioggia, neve, valanghe\"}]},{\"@type\":\"WebSite\",\"@id\":\"https:\\\/\\\/www.bellunopress.it\\\/#website\",\"url\":\"https:\\\/\\\/www.bellunopress.it\\\/\",\"name\":\"Bellunopress - Dolomiti\",\"description\":\"e-mail: redazione@bellunopress.it\",\"publisher\":{\"@id\":\"https:\\\/\\\/www.bellunopress.it\\\/#organization\"},\"potentialAction\":[{\"@type\":\"SearchAction\",\"target\":{\"@type\":\"EntryPoint\",\"urlTemplate\":\"https:\\\/\\\/www.bellunopress.it\\\/?s={search_term_string}\"},\"query-input\":{\"@type\":\"PropertyValueSpecification\",\"valueRequired\":true,\"valueName\":\"search_term_string\"}}],\"inLanguage\":\"fr-FR\"},{\"@type\":\"Organization\",\"@id\":\"https:\\\/\\\/www.bellunopress.it\\\/#organization\",\"name\":\"Bellunopress\",\"url\":\"https:\\\/\\\/www.bellunopress.it\\\/\",\"logo\":{\"@type\":\"ImageObject\",\"inLanguage\":\"fr-FR\",\"@id\":\"https:\\\/\\\/www.bellunopress.it\\\/#\\\/schema\\\/logo\\\/image\\\/\",\"url\":\"https:\\\/\\\/www.bellunopress.it\\\/wp-content\\\/uploads\\\/2011\\\/05\\\/cropped-logo-bellunopress-.jpg\",\"contentUrl\":\"https:\\\/\\\/www.bellunopress.it\\\/wp-content\\\/uploads\\\/2011\\\/05\\\/cropped-logo-bellunopress-.jpg\",\"width\":512,\"height\":512,\"caption\":\"Bellunopress\"},\"image\":{\"@id\":\"https:\\\/\\\/www.bellunopress.it\\\/#\\\/schema\\\/logo\\\/image\\\/\"},\"sameAs\":[\"https:\\\/\\\/www.facebook.com\\\/profile.php?id=100008943462799\",\"https:\\\/\\\/x.com\\\/bellunopress\",\"https:\\\/\\\/www.linkedin.com\\\/hp\\\/?dnr=JBzUWaJfMUw8vbXJJ2tVW5-I3jZKvC4wsoxE&amp;amp;amp;amp;amp;amp;trk=nav_responsive_tab_home\",\"https:\\\/\\\/www.youtube.com\\\/channel\\\/UCxL0wu1uN0_3_7hGG0306cw\"]},{\"@type\":\"Person\",\"@id\":\"https:\\\/\\\/www.bellunopress.it\\\/#\\\/schema\\\/person\\\/79bb06722b37ece1c03d3e94beb30d73\",\"name\":\"redazione\",\"image\":{\"@type\":\"ImageObject\",\"inLanguage\":\"fr-FR\",\"@id\":\"https:\\\/\\\/secure.gravatar.com\\\/avatar\\\/37d968a2e67a6fd04c169c4bdef102d0bc5d31b2546345219e348575eb80e9a0?s=96&d=mm&r=g\",\"url\":\"https:\\\/\\\/secure.gravatar.com\\\/avatar\\\/37d968a2e67a6fd04c169c4bdef102d0bc5d31b2546345219e348575eb80e9a0?s=96&d=mm&r=g\",\"contentUrl\":\"https:\\\/\\\/secure.gravatar.com\\\/avatar\\\/37d968a2e67a6fd04c169c4bdef102d0bc5d31b2546345219e348575eb80e9a0?s=96&d=mm&r=g\",\"caption\":\"redazione\"},\"sameAs\":[\"http:\\\/\\\/www.bellunopress.it\",\"https:\\\/\\\/x.com\\\/bellunopress\"],\"url\":\"https:\\\/\\\/www.bellunopress.it\\\/fr\\\/author\\\/redazione\\\/\"}]}<\/script>\n<!-- \/ Yoast SEO plugin. -->","yoast_head_json":{"title":"Forte ondata di maltempo in arrivo: vento, pioggia, neve, valanghe - Bellunopress - Dolomiti","robots":{"index":"index","follow":"follow","max-snippet":"max-snippet:-1","max-image-preview":"max-image-preview:large","max-video-preview":"max-video-preview:-1"},"canonical":"https:\/\/www.bellunopress.it\/fr\/2019\/04\/03\/forte-ondata-di-maltempo-in-arrivo-vento-pioggia-neve-valanghe\/","og_locale":"fr_FR","og_type":"article","og_title":"Forte ondata di maltempo in arrivo: vento, pioggia, neve, valanghe - Bellunopress - Dolomiti","og_description":"Venezia, 3 aprile 2019\u00a0 &#8211;\u00a0\u00a0Un\u2019ondata di maltempo di notevole intensit\u00e0 sta per interessare il Veneto. Porter\u00e0 precipitazioni estese, a tratti intense, con quantitativi abbondanti o localmente molto abbondanti; copiose nevicate in alta quota e localmente a quote inferiori; venti forti in quota e, a tratti, sulla costa. Alla luce di queste previsioni, il Centro Funzionale [&hellip;]","og_url":"https:\/\/www.bellunopress.it\/fr\/2019\/04\/03\/forte-ondata-di-maltempo-in-arrivo-vento-pioggia-neve-valanghe\/","og_site_name":"Bellunopress - Dolomiti","article_publisher":"https:\/\/www.facebook.com\/profile.php?id=100008943462799","article_published_time":"2019-04-03T13:55:43+00:00","og_image":[{"url":"http:\/\/www.bellunopress.it\/wp-content\/uploads\/2012\/02\/protezione-civile-veneto.jpg","type":"","width":"","height":""}],"author":"redazione","twitter_card":"summary_large_image","twitter_creator":"@bellunopress","twitter_site":"@bellunopress","twitter_misc":{"\u00c9crit par":"redazione","Dur\u00e9e de lecture estim\u00e9e":"1 minute"},"schema":{"@context":"https:\/\/schema.org","@graph":[{"@type":"Article","@id":"https:\/\/www.bellunopress.it\/2019\/04\/03\/forte-ondata-di-maltempo-in-arrivo-vento-pioggia-neve-valanghe\/#article","isPartOf":{"@id":"https:\/\/www.bellunopress.it\/2019\/04\/03\/forte-ondata-di-maltempo-in-arrivo-vento-pioggia-neve-valanghe\/"},"author":{"name":"redazione","@id":"https:\/\/www.bellunopress.it\/#\/schema\/person\/79bb06722b37ece1c03d3e94beb30d73"},"headline":"Forte ondata di maltempo in arrivo: vento, pioggia, neve, valanghe","datePublished":"2019-04-03T13:55:43+00:00","mainEntityOfPage":{"@id":"https:\/\/www.bellunopress.it\/2019\/04\/03\/forte-ondata-di-maltempo-in-arrivo-vento-pioggia-neve-valanghe\/"},"wordCount":226,"publisher":{"@id":"https:\/\/www.bellunopress.it\/#organization"},"image":{"@id":"https:\/\/www.bellunopress.it\/2019\/04\/03\/forte-ondata-di-maltempo-in-arrivo-vento-pioggia-neve-valanghe\/#primaryimage"},"thumbnailUrl":"http:\/\/www.bellunopress.it\/wp-content\/uploads\/2012\/02\/protezione-civile-veneto.jpg","articleSection":["Meteo, natura, ambiente, animali","Prima Pagina"],"inLanguage":"fr-FR"},{"@type":"WebPage","@id":"https:\/\/www.bellunopress.it\/2019\/04\/03\/forte-ondata-di-maltempo-in-arrivo-vento-pioggia-neve-valanghe\/","url":"https:\/\/www.bellunopress.it\/2019\/04\/03\/forte-ondata-di-maltempo-in-arrivo-vento-pioggia-neve-valanghe\/","name":"Forte ondata di maltempo in arrivo: vento, pioggia, neve, valanghe - Bellunopress - Dolomiti","isPartOf":{"@id":"https:\/\/www.bellunopress.it\/#website"},"primaryImageOfPage":{"@id":"https:\/\/www.bellunopress.it\/2019\/04\/03\/forte-ondata-di-maltempo-in-arrivo-vento-pioggia-neve-valanghe\/#primaryimage"},"image":{"@id":"https:\/\/www.bellunopress.it\/2019\/04\/03\/forte-ondata-di-maltempo-in-arrivo-vento-pioggia-neve-valanghe\/#primaryimage"},"thumbnailUrl":"http:\/\/www.bellunopress.it\/wp-content\/uploads\/2012\/02\/protezione-civile-veneto.jpg","datePublished":"2019-04-03T13:55:43+00:00","breadcrumb":{"@id":"https:\/\/www.bellunopress.it\/2019\/04\/03\/forte-ondata-di-maltempo-in-arrivo-vento-pioggia-neve-valanghe\/#breadcrumb"},"inLanguage":"fr-FR","potentialAction":[{"@type":"ReadAction","target":["https:\/\/www.bellunopress.it\/2019\/04\/03\/forte-ondata-di-maltempo-in-arrivo-vento-pioggia-neve-valanghe\/"]}]},{"@type":"ImageObject","inLanguage":"fr-FR","@id":"https:\/\/www.bellunopress.it\/2019\/04\/03\/forte-ondata-di-maltempo-in-arrivo-vento-pioggia-neve-valanghe\/#primaryimage","url":"http:\/\/www.bellunopress.it\/wp-content\/uploads\/2012\/02\/protezione-civile-veneto.jpg","contentUrl":"http:\/\/www.bellunopress.it\/wp-content\/uploads\/2012\/02\/protezione-civile-veneto.jpg"},{"@type":"BreadcrumbList","@id":"https:\/\/www.bellunopress.it\/2019\/04\/03\/forte-ondata-di-maltempo-in-arrivo-vento-pioggia-neve-valanghe\/#breadcrumb","itemListElement":[{"@type":"ListItem","position":1,"name":"Home","item":"https:\/\/www.bellunopress.it\/"},{"@type":"ListItem","position":2,"name":"Forte ondata di maltempo in arrivo: vento, pioggia, neve, valanghe"}]},{"@type":"WebSite","@id":"https:\/\/www.bellunopress.it\/#website","url":"https:\/\/www.bellunopress.it\/","name":"Bellunopress - Dolomiti","description":"e-mail: redazione@bellunopress.it","publisher":{"@id":"https:\/\/www.bellunopress.it\/#organization"},"potentialAction":[{"@type":"SearchAction","target":{"@type":"EntryPoint","urlTemplate":"https:\/\/www.bellunopress.it\/?s={search_term_string}"},"query-input":{"@type":"PropertyValueSpecification","valueRequired":true,"valueName":"search_term_string"}}],"inLanguage":"fr-FR"},{"@type":"Organization","@id":"https:\/\/www.bellunopress.it\/#organization","name":"Bellunopress","url":"https:\/\/www.bellunopress.it\/","logo":{"@type":"ImageObject","inLanguage":"fr-FR","@id":"https:\/\/www.bellunopress.it\/#\/schema\/logo\/image\/","url":"https:\/\/www.bellunopress.it\/wp-content\/uploads\/2011\/05\/cropped-logo-bellunopress-.jpg","contentUrl":"https:\/\/www.bellunopress.it\/wp-content\/uploads\/2011\/05\/cropped-logo-bellunopress-.jpg","width":512,"height":512,"caption":"Bellunopress"},"image":{"@id":"https:\/\/www.bellunopress.it\/#\/schema\/logo\/image\/"},"sameAs":["https:\/\/www.facebook.com\/profile.php?id=100008943462799","https:\/\/x.com\/bellunopress","https:\/\/www.linkedin.com\/hp\/?dnr=JBzUWaJfMUw8vbXJJ2tVW5-I3jZKvC4wsoxE&amp;amp;amp;amp;amp;amp;trk=nav_responsive_tab_home","https:\/\/www.youtube.com\/channel\/UCxL0wu1uN0_3_7hGG0306cw"]},{"@type":"Person","@id":"https:\/\/www.bellunopress.it\/#\/schema\/person\/79bb06722b37ece1c03d3e94beb30d73","name":"r\u00e9daction","image":{"@type":"ImageObject","inLanguage":"fr-FR","@id":"https:\/\/secure.gravatar.com\/avatar\/37d968a2e67a6fd04c169c4bdef102d0bc5d31b2546345219e348575eb80e9a0?s=96&d=mm&r=g","url":"https:\/\/secure.gravatar.com\/avatar\/37d968a2e67a6fd04c169c4bdef102d0bc5d31b2546345219e348575eb80e9a0?s=96&d=mm&r=g","contentUrl":"https:\/\/secure.gravatar.com\/avatar\/37d968a2e67a6fd04c169c4bdef102d0bc5d31b2546345219e348575eb80e9a0?s=96&d=mm&r=g","caption":"redazione"},"sameAs":["http:\/\/www.bellunopress.it","https:\/\/x.com\/bellunopress"],"url":"https:\/\/www.bellunopress.it\/fr\/author\/redazione\/"}]}},"_links":{"self":[{"href":"https:\/\/www.bellunopress.it\/fr\/wp-json\/wp\/v2\/posts\/103463","targetHints":{"allow":["GET"]}}],"collection":[{"href":"https:\/\/www.bellunopress.it\/fr\/wp-json\/wp\/v2\/posts"}],"about":[{"href":"https:\/\/www.bellunopress.it\/fr\/wp-json\/wp\/v2\/types\/post"}],"author":[{"embeddable":true,"href":"https:\/\/www.bellunopress.it\/fr\/wp-json\/wp\/v2\/users\/2"}],"replies":[{"embeddable":true,"href":"https:\/\/www.bellunopress.it\/fr\/wp-json\/wp\/v2\/comments?post=103463"}],"version-history":[{"count":1,"href":"https:\/\/www.bellunopress.it\/fr\/wp-json\/wp\/v2\/posts\/103463\/revisions"}],"predecessor-version":[{"id":103464,"href":"https:\/\/www.bellunopress.it\/fr\/wp-json\/wp\/v2\/posts\/103463\/revisions\/103464"}],"wp:attachment":[{"href":"https:\/\/www.bellunopress.it\/fr\/wp-json\/wp\/v2\/media?parent=103463"}],"wp:term":[{"taxonomy":"category","embeddable":true,"href":"https:\/\/www.bellunopress.it\/fr\/wp-json\/wp\/v2\/categories?post=103463"},{"taxonomy":"post_tag","embeddable":true,"href":"https:\/\/www.bellunopress.it\/fr\/wp-json\/wp\/v2\/tags?post=103463"}],"curies":[{"name":"wp","href":"https:\/\/api.w.org\/{rel}","templated":true}]}}