{"id":103451,"date":"2019-04-03T13:13:12","date_gmt":"2019-04-03T11:13:12","guid":{"rendered":"http:\/\/www.bellunopress.it\/?p=103451"},"modified":"2019-04-03T20:34:13","modified_gmt":"2019-04-03T18:34:13","slug":"bioetica-tavola-rotonda-e-spettacolo-teatrale-sabato-dalle-18-30-alle-20-30-al-teatro-del-centro-giovanni-23mo-a-belluno","status":"publish","type":"post","link":"https:\/\/www.bellunopress.it\/fr\/2019\/04\/03\/bioetica-tavola-rotonda-e-spettacolo-teatrale-sabato-dalle-18-30-alle-20-30-al-teatro-del-centro-giovanni-23mo-a-belluno\/","title":{"rendered":"Bioetica, tavola rotonda e spettacolo teatrale Orfeo ed Euridice. Sabato dalle 18.30 alle 20.30 al teatro del Centro Giovanni 23mo a Belluno"},"content":{"rendered":"<p>A dieci anni dalla vicenda di Eluana Englaro e ad un anno dall&#8217;approvazione della legge sul consenso informato e disposizioni di fine vita, la Consulta di Bioetica di Belluno propone una riflessione sul tema: &#8220;La cura e i diritti della persona alla fine della vita&#8221;.<\/p>\n<figure id=\"attachment_21840\" aria-describedby=\"caption-attachment-21840\" style=\"width: 280px\" class=\"wp-caption alignleft\"><a href=\"http:\/\/www.bellunopress.it\/fr\/2010\/12\/06\/oltre-300-persone-per-%e2%80%9cthe-wall%e2%80%9d-lo-scorso-sabato-sera-al-giovanni-xxiii-il-tributo-live-ai-pink-floyd-ha-sconfitto-il-muro-dell%e2%80%99indifferenza-admo-e-ail-ringraziano-i-bellun\/giovanni-23\/\" rel=\"attachment wp-att-21840\"><img loading=\"lazy\" decoding=\"async\" class=\"size-full wp-image-21840\" src=\"http:\/\/www.bellunopress.it\/wp-content\/uploads\/2010\/12\/giovanni-23.jpg\" alt=\"\" width=\"280\" height=\"233\" \/><\/a><figcaption id=\"caption-attachment-21840\" class=\"wp-caption-text\">Centro Giovanni 23mo Belluno, piazza Piloni<\/figcaption><\/figure>\n<p>Intervengono:<\/p>\n<ul>\n<li>dott. Luciano Orsi, medico palliativista<\/li>\n<li>dott.ssa Lucia Busatta, giurista<\/li>\n<\/ul>\n<p>moderatore Pierluigi Svaluto Moreolo, giornalista<\/p>\n<p>La conferenza avr\u00e0 inizio alle ore 18.30.<\/p>\n<p>Alle 19.30 seguir\u00e0 lo spettacolo teatrale Orfeo ed Euridice, scritto e diretto da Cesar Brie con Giacomo Ferrau e Giulia Viana. Una produzione Teatro Presente &#8211; Eco di Fondo. Lo spettacolo affronta il tema dell&#8217;eutanasia e dell&#8217;accanimento terapeutico attraverso il mito e la realt\u00e0. la speranza, la disperazione, le sentenze dei giudici e Caronte.<\/p>\n<p>Ingresso libero.<\/p>\n<p>Con il patrocinio del Comune di Belluno e il contributo di Salus.<\/p>\n<p>La Consulta di bioetica onlus \u00e8 un\u2019associazione culturale fondata nel 1989 che riunisce studiosi ed esperti di bioetica italiani, di estrazione sia filosofica che giuridica che medico-infermieristica. Ha sede a Torino e sezioni in numerose regioni e province italiane fra cui Belluno. L\u2019attuale presidente \u00e8 Maurizio Mori, professore ordinario di bioetica all\u2019Universit\u00e0 di Torino e componente del CNB.<\/p>\n<p>La \u201cMission\u201d della Consulta \u00e8 quella di promuovere un dibattito sui problemi etici nel campo della medicina e delle scienze biologiche, in una prospettiva laica, cio\u00e8 senza ispirarsi a dogmi religiosi ma aperta al dialogo fra diverse visioni morali e prospettive professionali. Dall\u2019inizio della sua storia, la Consulta di Bioetica ha fornito contributi culturali di tipo bioetico in alcune vicende che hanno scosso l\u2019opinione pubblica, ad esempio sostenendo le battaglie di Piergiorgio Welby e dei genitori di Eluana Englaro, affinch\u00e8 sia affermato il diritto delle persone a decidere sul proprio fine vita, coerentemente con la propria visione di dignit\u00e0 della vita.<br \/>\nLa sezione di Belluno ha cercato, dal momento in cui si \u00e8 costituita nel 2017, di coinvolgere la cittadinanza su temi di grande attualit\u00e0, vicini alla sensibilit\u00e0 della popolazione e declinati in prima persona dai suoi componenti in ambito didattico, sanitario, giuridico. Ricordiamo i 4 incontri in Sala Bianchi del 2018: sulla legge 219\/2017 sul cosiddetto \u201cTestamento Biologico\u201d; sul rapporto fra Etica, Scienza e Fede; sull\u2019approccio interculturale con cui affrontare i temi sanitari legati ai fenomeni migratori; infine sul contraddittorio rapporto con gli animali non umani, esseri senzienti votati sia a fornirci affetto, sia a entrare nella nostra alimentazione.<\/p>\n<p>L\u2019evento di Sabato 6\/4 alle 18.30 al Teatro Giovanni XXIII ha lo scopo di ricordare in modo sobrio e suggestivo il decennale della morte di Eluana Englaro, che avvenne il 9 Novembre del 2009, dopo che questa ragazza \u00e8 stata \u201corfana della vita ma privata della morte\u201d per i 6233 gg del suo stato di incoscienza. (Per chi non conoscesse la vicenda, ne abbiamo predisposto una sintesi tratta da un\u2019intervista alla Giudice dr.ssa Luccioli che nel 2007 redasse la Sentenza della Corte Costituzionale che stabil\u00ec che ogni persona ha diritto a rifiutare le cure, anche se questo significa morire).<br \/>\nDopo l\u2019intervista al dr. Luciano Orsi, Medico Palliativista, vicepresidente della Soc It di cure palliative e alla dr.ssa Lucia Busatta, giurista, direttrice della rivista \u201cBiolaw\u201d, prestigiosa rivista internazionale di biodiritto, verr\u00e0 proposto lo spettacolo \u201cOrfeo ed Euridice\u201d.<\/p>\n<p>Il mito di Orfeo ed Euridice \u00e8 uno dei pi\u00f9 celebri di tutta la tradizione mitologica greca. Un amore immenso tra due giovani sposi, Orfeo, bravissimo musicista, e la bellissima ninfa Euridice, che viene spezzato troppo presto. E\u2019 una storia commovente che ha da sempre appassionato e ispirato i pi\u00f9 grandi artisti e letterati di tutti i tempi. Da Platone a Virgilio a Ovidio, il mito \u00e8 stato tramandato e riscritto, arrivando nel Novecento fino a Calvino e a Buzzati (che gli dedic\u00f2 un Poema a fumetti).<\/p>\n<p>Il regista dello spettacolo C\u00e9sar Brie, nato a Buenos Aires e attivo fra Argentina, Bolivia, Danimarca ed Italia, lo presenta con queste parole: \u201cLa forza e la poesia del mito si intrecciano in questo lavoro con due temi controversi: l\u2019accanimento terapeutico e l\u2019eutanasia. Senza offrire risposte, lo spettacolo interroga lo spettatore sulla forza e la grandezza del sentimento d\u2019amore. Nella rivisitazione del mito, il moderno Orfeo si volta, come l\u2019Orfeo del mito greco e, proprio nella perdita di Euridice che questo comporta, suggella la sua inconfutabile eternit\u00e0.\u201d<br \/>\nL\u2019interpretazione degli attori Giulia Viana e Giacomo Ferra\u00f9, fondatori della Compagnia \u201cEco di Fondo\u201d \u00e8 coronata da commenti di critici teatrali che la definiscono \u201cmeravigliosa\u201d, \u201cintensa\u201d, \u201clodevole\u201d, \u201cdi graffiante bellezza\u201d.<\/p>\n<p>&nbsp;<\/p>","protected":false},"excerpt":{"rendered":"<p>A dieci anni dalla vicenda di Eluana Englaro e ad un anno dall&#8217;approvazione della legge sul consenso informato e disposizioni di fine vita, la Consulta di Bioetica di Belluno propone una riflessione sul tema: &#8220;La cura e i diritti della persona alla fine della vita&#8221;. Intervengono: dott. Luciano Orsi, medico palliativista dott.ssa Lucia Busatta, giurista [&hellip;]<\/p>\n","protected":false},"author":2,"featured_media":0,"comment_status":"closed","ping_status":"open","sticky":false,"template":"","format":"standard","meta":{"footnotes":""},"categories":[27,3,25],"tags":[],"class_list":["post-103451","post","type-post","status-publish","format-standard","category-appuntamenti","category-arte-cultura-spettacoli-scienza-archivi","category-pausa-caffe"],"yoast_head":"<!-- This site is optimized with the Yoast SEO plugin v28.4 - https:\/\/yoast.com\/product\/yoast-seo-wordpress\/ -->\n<title>Bioetica, tavola rotonda e spettacolo teatrale Orfeo ed Euridice. Sabato dalle 18.30 alle 20.30 al teatro del Centro Giovanni 23mo a Belluno - Bellunopress - Dolomiti<\/title>\n<meta name=\"robots\" content=\"index, follow, max-snippet:-1, max-image-preview:large, max-video-preview:-1\" \/>\n<link rel=\"canonical\" href=\"https:\/\/www.bellunopress.it\/fr\/2019\/04\/03\/bioetica-tavola-rotonda-e-spettacolo-teatrale-sabato-dalle-18-30-alle-20-30-al-teatro-del-centro-giovanni-23mo-a-belluno\/\" \/>\n<meta property=\"og:locale\" content=\"fr_FR\" \/>\n<meta property=\"og:type\" content=\"article\" \/>\n<meta property=\"og:title\" content=\"Bioetica, tavola rotonda e spettacolo teatrale Orfeo ed Euridice. Sabato dalle 18.30 alle 20.30 al teatro del Centro Giovanni 23mo a Belluno - Bellunopress - Dolomiti\" \/>\n<meta property=\"og:description\" content=\"A dieci anni dalla vicenda di Eluana Englaro e ad un anno dall&#8217;approvazione della legge sul consenso informato e disposizioni di fine vita, la Consulta di Bioetica di Belluno propone una riflessione sul tema: &#8220;La cura e i diritti della persona alla fine della vita&#8221;. Intervengono: dott. Luciano Orsi, medico palliativista dott.ssa Lucia Busatta, giurista [&hellip;]\" \/>\n<meta property=\"og:url\" content=\"https:\/\/www.bellunopress.it\/fr\/2019\/04\/03\/bioetica-tavola-rotonda-e-spettacolo-teatrale-sabato-dalle-18-30-alle-20-30-al-teatro-del-centro-giovanni-23mo-a-belluno\/\" \/>\n<meta property=\"og:site_name\" content=\"Bellunopress - Dolomiti\" \/>\n<meta property=\"article:publisher\" content=\"https:\/\/www.facebook.com\/profile.php?id=100008943462799\" \/>\n<meta property=\"article:published_time\" content=\"2019-04-03T11:13:12+00:00\" \/>\n<meta property=\"article:modified_time\" content=\"2019-04-03T18:34:13+00:00\" \/>\n<meta property=\"og:image\" content=\"http:\/\/www.bellunopress.it\/wp-content\/uploads\/2010\/12\/giovanni-23.jpg\" \/>\n<meta name=\"author\" content=\"redazione\" \/>\n<meta name=\"twitter:card\" content=\"summary_large_image\" \/>\n<meta name=\"twitter:creator\" content=\"@bellunopress\" \/>\n<meta name=\"twitter:site\" content=\"@bellunopress\" \/>\n<meta name=\"twitter:label1\" content=\"\u00c9crit par\" \/>\n\t<meta name=\"twitter:data1\" content=\"redazione\" \/>\n\t<meta name=\"twitter:label2\" content=\"Dur\u00e9e de lecture estim\u00e9e\" \/>\n\t<meta name=\"twitter:data2\" content=\"4 minutes\" \/>\n<script type=\"application\/ld+json\" class=\"yoast-schema-graph\">{\"@context\":\"https:\\\/\\\/schema.org\",\"@graph\":[{\"@type\":\"Article\",\"@id\":\"https:\\\/\\\/www.bellunopress.it\\\/2019\\\/04\\\/03\\\/bioetica-tavola-rotonda-e-spettacolo-teatrale-sabato-dalle-18-30-alle-20-30-al-teatro-del-centro-giovanni-23mo-a-belluno\\\/#article\",\"isPartOf\":{\"@id\":\"https:\\\/\\\/www.bellunopress.it\\\/2019\\\/04\\\/03\\\/bioetica-tavola-rotonda-e-spettacolo-teatrale-sabato-dalle-18-30-alle-20-30-al-teatro-del-centro-giovanni-23mo-a-belluno\\\/\"},\"author\":{\"name\":\"redazione\",\"@id\":\"https:\\\/\\\/www.bellunopress.it\\\/#\\\/schema\\\/person\\\/79bb06722b37ece1c03d3e94beb30d73\"},\"headline\":\"Bioetica, tavola rotonda e spettacolo teatrale Orfeo ed Euridice. Sabato dalle 18.30 alle 20.30 al teatro del Centro Giovanni 23mo a Belluno\",\"datePublished\":\"2019-04-03T11:13:12+00:00\",\"dateModified\":\"2019-04-03T18:34:13+00:00\",\"mainEntityOfPage\":{\"@id\":\"https:\\\/\\\/www.bellunopress.it\\\/2019\\\/04\\\/03\\\/bioetica-tavola-rotonda-e-spettacolo-teatrale-sabato-dalle-18-30-alle-20-30-al-teatro-del-centro-giovanni-23mo-a-belluno\\\/\"},\"wordCount\":767,\"publisher\":{\"@id\":\"https:\\\/\\\/www.bellunopress.it\\\/#organization\"},\"image\":{\"@id\":\"https:\\\/\\\/www.bellunopress.it\\\/2019\\\/04\\\/03\\\/bioetica-tavola-rotonda-e-spettacolo-teatrale-sabato-dalle-18-30-alle-20-30-al-teatro-del-centro-giovanni-23mo-a-belluno\\\/#primaryimage\"},\"thumbnailUrl\":\"http:\\\/\\\/www.bellunopress.it\\\/wp-content\\\/uploads\\\/2010\\\/12\\\/giovanni-23.jpg\",\"articleSection\":[\"Appuntamenti, Eventi\",\"Arte, Cultura, Spettacoli, Scienza\",\"Pausa Caff\u00e8\"],\"inLanguage\":\"fr-FR\"},{\"@type\":\"WebPage\",\"@id\":\"https:\\\/\\\/www.bellunopress.it\\\/2019\\\/04\\\/03\\\/bioetica-tavola-rotonda-e-spettacolo-teatrale-sabato-dalle-18-30-alle-20-30-al-teatro-del-centro-giovanni-23mo-a-belluno\\\/\",\"url\":\"https:\\\/\\\/www.bellunopress.it\\\/2019\\\/04\\\/03\\\/bioetica-tavola-rotonda-e-spettacolo-teatrale-sabato-dalle-18-30-alle-20-30-al-teatro-del-centro-giovanni-23mo-a-belluno\\\/\",\"name\":\"Bioetica, tavola rotonda e spettacolo teatrale Orfeo ed Euridice. Sabato dalle 18.30 alle 20.30 al teatro del Centro Giovanni 23mo a Belluno - Bellunopress - Dolomiti\",\"isPartOf\":{\"@id\":\"https:\\\/\\\/www.bellunopress.it\\\/#website\"},\"primaryImageOfPage\":{\"@id\":\"https:\\\/\\\/www.bellunopress.it\\\/2019\\\/04\\\/03\\\/bioetica-tavola-rotonda-e-spettacolo-teatrale-sabato-dalle-18-30-alle-20-30-al-teatro-del-centro-giovanni-23mo-a-belluno\\\/#primaryimage\"},\"image\":{\"@id\":\"https:\\\/\\\/www.bellunopress.it\\\/2019\\\/04\\\/03\\\/bioetica-tavola-rotonda-e-spettacolo-teatrale-sabato-dalle-18-30-alle-20-30-al-teatro-del-centro-giovanni-23mo-a-belluno\\\/#primaryimage\"},\"thumbnailUrl\":\"http:\\\/\\\/www.bellunopress.it\\\/wp-content\\\/uploads\\\/2010\\\/12\\\/giovanni-23.jpg\",\"datePublished\":\"2019-04-03T11:13:12+00:00\",\"dateModified\":\"2019-04-03T18:34:13+00:00\",\"breadcrumb\":{\"@id\":\"https:\\\/\\\/www.bellunopress.it\\\/2019\\\/04\\\/03\\\/bioetica-tavola-rotonda-e-spettacolo-teatrale-sabato-dalle-18-30-alle-20-30-al-teatro-del-centro-giovanni-23mo-a-belluno\\\/#breadcrumb\"},\"inLanguage\":\"fr-FR\",\"potentialAction\":[{\"@type\":\"ReadAction\",\"target\":[\"https:\\\/\\\/www.bellunopress.it\\\/2019\\\/04\\\/03\\\/bioetica-tavola-rotonda-e-spettacolo-teatrale-sabato-dalle-18-30-alle-20-30-al-teatro-del-centro-giovanni-23mo-a-belluno\\\/\"]}]},{\"@type\":\"ImageObject\",\"inLanguage\":\"fr-FR\",\"@id\":\"https:\\\/\\\/www.bellunopress.it\\\/2019\\\/04\\\/03\\\/bioetica-tavola-rotonda-e-spettacolo-teatrale-sabato-dalle-18-30-alle-20-30-al-teatro-del-centro-giovanni-23mo-a-belluno\\\/#primaryimage\",\"url\":\"http:\\\/\\\/www.bellunopress.it\\\/wp-content\\\/uploads\\\/2010\\\/12\\\/giovanni-23.jpg\",\"contentUrl\":\"http:\\\/\\\/www.bellunopress.it\\\/wp-content\\\/uploads\\\/2010\\\/12\\\/giovanni-23.jpg\"},{\"@type\":\"BreadcrumbList\",\"@id\":\"https:\\\/\\\/www.bellunopress.it\\\/2019\\\/04\\\/03\\\/bioetica-tavola-rotonda-e-spettacolo-teatrale-sabato-dalle-18-30-alle-20-30-al-teatro-del-centro-giovanni-23mo-a-belluno\\\/#breadcrumb\",\"itemListElement\":[{\"@type\":\"ListItem\",\"position\":1,\"name\":\"Home\",\"item\":\"https:\\\/\\\/www.bellunopress.it\\\/\"},{\"@type\":\"ListItem\",\"position\":2,\"name\":\"Bioetica, tavola rotonda e spettacolo teatrale Orfeo ed Euridice. Sabato dalle 18.30 alle 20.30 al teatro del Centro Giovanni 23mo a Belluno\"}]},{\"@type\":\"WebSite\",\"@id\":\"https:\\\/\\\/www.bellunopress.it\\\/#website\",\"url\":\"https:\\\/\\\/www.bellunopress.it\\\/\",\"name\":\"Bellunopress - Dolomiti\",\"description\":\"e-mail: redazione@bellunopress.it\",\"publisher\":{\"@id\":\"https:\\\/\\\/www.bellunopress.it\\\/#organization\"},\"potentialAction\":[{\"@type\":\"SearchAction\",\"target\":{\"@type\":\"EntryPoint\",\"urlTemplate\":\"https:\\\/\\\/www.bellunopress.it\\\/?s={search_term_string}\"},\"query-input\":{\"@type\":\"PropertyValueSpecification\",\"valueRequired\":true,\"valueName\":\"search_term_string\"}}],\"inLanguage\":\"fr-FR\"},{\"@type\":\"Organization\",\"@id\":\"https:\\\/\\\/www.bellunopress.it\\\/#organization\",\"name\":\"Bellunopress\",\"url\":\"https:\\\/\\\/www.bellunopress.it\\\/\",\"logo\":{\"@type\":\"ImageObject\",\"inLanguage\":\"fr-FR\",\"@id\":\"https:\\\/\\\/www.bellunopress.it\\\/#\\\/schema\\\/logo\\\/image\\\/\",\"url\":\"https:\\\/\\\/www.bellunopress.it\\\/wp-content\\\/uploads\\\/2011\\\/05\\\/cropped-logo-bellunopress-.jpg\",\"contentUrl\":\"https:\\\/\\\/www.bellunopress.it\\\/wp-content\\\/uploads\\\/2011\\\/05\\\/cropped-logo-bellunopress-.jpg\",\"width\":512,\"height\":512,\"caption\":\"Bellunopress\"},\"image\":{\"@id\":\"https:\\\/\\\/www.bellunopress.it\\\/#\\\/schema\\\/logo\\\/image\\\/\"},\"sameAs\":[\"https:\\\/\\\/www.facebook.com\\\/profile.php?id=100008943462799\",\"https:\\\/\\\/x.com\\\/bellunopress\",\"https:\\\/\\\/www.linkedin.com\\\/hp\\\/?dnr=JBzUWaJfMUw8vbXJJ2tVW5-I3jZKvC4wsoxE&amp;amp;amp;amp;amp;amp;trk=nav_responsive_tab_home\",\"https:\\\/\\\/www.youtube.com\\\/channel\\\/UCxL0wu1uN0_3_7hGG0306cw\"]},{\"@type\":\"Person\",\"@id\":\"https:\\\/\\\/www.bellunopress.it\\\/#\\\/schema\\\/person\\\/79bb06722b37ece1c03d3e94beb30d73\",\"name\":\"redazione\",\"image\":{\"@type\":\"ImageObject\",\"inLanguage\":\"fr-FR\",\"@id\":\"https:\\\/\\\/secure.gravatar.com\\\/avatar\\\/37d968a2e67a6fd04c169c4bdef102d0bc5d31b2546345219e348575eb80e9a0?s=96&d=mm&r=g\",\"url\":\"https:\\\/\\\/secure.gravatar.com\\\/avatar\\\/37d968a2e67a6fd04c169c4bdef102d0bc5d31b2546345219e348575eb80e9a0?s=96&d=mm&r=g\",\"contentUrl\":\"https:\\\/\\\/secure.gravatar.com\\\/avatar\\\/37d968a2e67a6fd04c169c4bdef102d0bc5d31b2546345219e348575eb80e9a0?s=96&d=mm&r=g\",\"caption\":\"redazione\"},\"sameAs\":[\"http:\\\/\\\/www.bellunopress.it\",\"https:\\\/\\\/x.com\\\/bellunopress\"],\"url\":\"https:\\\/\\\/www.bellunopress.it\\\/fr\\\/author\\\/redazione\\\/\"}]}<\/script>\n<!-- \/ Yoast SEO plugin. -->","yoast_head_json":{"title":"Bioetica, tavola rotonda e spettacolo teatrale Orfeo ed Euridice. Sabato dalle 18.30 alle 20.30 al teatro del Centro Giovanni 23mo a Belluno - Bellunopress - Dolomiti","robots":{"index":"index","follow":"follow","max-snippet":"max-snippet:-1","max-image-preview":"max-image-preview:large","max-video-preview":"max-video-preview:-1"},"canonical":"https:\/\/www.bellunopress.it\/fr\/2019\/04\/03\/bioetica-tavola-rotonda-e-spettacolo-teatrale-sabato-dalle-18-30-alle-20-30-al-teatro-del-centro-giovanni-23mo-a-belluno\/","og_locale":"fr_FR","og_type":"article","og_title":"Bioetica, tavola rotonda e spettacolo teatrale Orfeo ed Euridice. Sabato dalle 18.30 alle 20.30 al teatro del Centro Giovanni 23mo a Belluno - Bellunopress - Dolomiti","og_description":"A dieci anni dalla vicenda di Eluana Englaro e ad un anno dall&#8217;approvazione della legge sul consenso informato e disposizioni di fine vita, la Consulta di Bioetica di Belluno propone una riflessione sul tema: &#8220;La cura e i diritti della persona alla fine della vita&#8221;. Intervengono: dott. Luciano Orsi, medico palliativista dott.ssa Lucia Busatta, giurista [&hellip;]","og_url":"https:\/\/www.bellunopress.it\/fr\/2019\/04\/03\/bioetica-tavola-rotonda-e-spettacolo-teatrale-sabato-dalle-18-30-alle-20-30-al-teatro-del-centro-giovanni-23mo-a-belluno\/","og_site_name":"Bellunopress - Dolomiti","article_publisher":"https:\/\/www.facebook.com\/profile.php?id=100008943462799","article_published_time":"2019-04-03T11:13:12+00:00","article_modified_time":"2019-04-03T18:34:13+00:00","og_image":[{"url":"http:\/\/www.bellunopress.it\/wp-content\/uploads\/2010\/12\/giovanni-23.jpg","type":"","width":"","height":""}],"author":"redazione","twitter_card":"summary_large_image","twitter_creator":"@bellunopress","twitter_site":"@bellunopress","twitter_misc":{"\u00c9crit par":"redazione","Dur\u00e9e de lecture estim\u00e9e":"4 minutes"},"schema":{"@context":"https:\/\/schema.org","@graph":[{"@type":"Article","@id":"https:\/\/www.bellunopress.it\/2019\/04\/03\/bioetica-tavola-rotonda-e-spettacolo-teatrale-sabato-dalle-18-30-alle-20-30-al-teatro-del-centro-giovanni-23mo-a-belluno\/#article","isPartOf":{"@id":"https:\/\/www.bellunopress.it\/2019\/04\/03\/bioetica-tavola-rotonda-e-spettacolo-teatrale-sabato-dalle-18-30-alle-20-30-al-teatro-del-centro-giovanni-23mo-a-belluno\/"},"author":{"name":"redazione","@id":"https:\/\/www.bellunopress.it\/#\/schema\/person\/79bb06722b37ece1c03d3e94beb30d73"},"headline":"Bioetica, tavola rotonda e spettacolo teatrale Orfeo ed Euridice. Sabato dalle 18.30 alle 20.30 al teatro del Centro Giovanni 23mo a Belluno","datePublished":"2019-04-03T11:13:12+00:00","dateModified":"2019-04-03T18:34:13+00:00","mainEntityOfPage":{"@id":"https:\/\/www.bellunopress.it\/2019\/04\/03\/bioetica-tavola-rotonda-e-spettacolo-teatrale-sabato-dalle-18-30-alle-20-30-al-teatro-del-centro-giovanni-23mo-a-belluno\/"},"wordCount":767,"publisher":{"@id":"https:\/\/www.bellunopress.it\/#organization"},"image":{"@id":"https:\/\/www.bellunopress.it\/2019\/04\/03\/bioetica-tavola-rotonda-e-spettacolo-teatrale-sabato-dalle-18-30-alle-20-30-al-teatro-del-centro-giovanni-23mo-a-belluno\/#primaryimage"},"thumbnailUrl":"http:\/\/www.bellunopress.it\/wp-content\/uploads\/2010\/12\/giovanni-23.jpg","articleSection":["Appuntamenti, Eventi","Arte, Cultura, Spettacoli, Scienza","Pausa Caff\u00e8"],"inLanguage":"fr-FR"},{"@type":"WebPage","@id":"https:\/\/www.bellunopress.it\/2019\/04\/03\/bioetica-tavola-rotonda-e-spettacolo-teatrale-sabato-dalle-18-30-alle-20-30-al-teatro-del-centro-giovanni-23mo-a-belluno\/","url":"https:\/\/www.bellunopress.it\/2019\/04\/03\/bioetica-tavola-rotonda-e-spettacolo-teatrale-sabato-dalle-18-30-alle-20-30-al-teatro-del-centro-giovanni-23mo-a-belluno\/","name":"Bioetica, tavola rotonda e spettacolo teatrale Orfeo ed Euridice. Sabato dalle 18.30 alle 20.30 al teatro del Centro Giovanni 23mo a Belluno - Bellunopress - Dolomiti","isPartOf":{"@id":"https:\/\/www.bellunopress.it\/#website"},"primaryImageOfPage":{"@id":"https:\/\/www.bellunopress.it\/2019\/04\/03\/bioetica-tavola-rotonda-e-spettacolo-teatrale-sabato-dalle-18-30-alle-20-30-al-teatro-del-centro-giovanni-23mo-a-belluno\/#primaryimage"},"image":{"@id":"https:\/\/www.bellunopress.it\/2019\/04\/03\/bioetica-tavola-rotonda-e-spettacolo-teatrale-sabato-dalle-18-30-alle-20-30-al-teatro-del-centro-giovanni-23mo-a-belluno\/#primaryimage"},"thumbnailUrl":"http:\/\/www.bellunopress.it\/wp-content\/uploads\/2010\/12\/giovanni-23.jpg","datePublished":"2019-04-03T11:13:12+00:00","dateModified":"2019-04-03T18:34:13+00:00","breadcrumb":{"@id":"https:\/\/www.bellunopress.it\/2019\/04\/03\/bioetica-tavola-rotonda-e-spettacolo-teatrale-sabato-dalle-18-30-alle-20-30-al-teatro-del-centro-giovanni-23mo-a-belluno\/#breadcrumb"},"inLanguage":"fr-FR","potentialAction":[{"@type":"ReadAction","target":["https:\/\/www.bellunopress.it\/2019\/04\/03\/bioetica-tavola-rotonda-e-spettacolo-teatrale-sabato-dalle-18-30-alle-20-30-al-teatro-del-centro-giovanni-23mo-a-belluno\/"]}]},{"@type":"ImageObject","inLanguage":"fr-FR","@id":"https:\/\/www.bellunopress.it\/2019\/04\/03\/bioetica-tavola-rotonda-e-spettacolo-teatrale-sabato-dalle-18-30-alle-20-30-al-teatro-del-centro-giovanni-23mo-a-belluno\/#primaryimage","url":"http:\/\/www.bellunopress.it\/wp-content\/uploads\/2010\/12\/giovanni-23.jpg","contentUrl":"http:\/\/www.bellunopress.it\/wp-content\/uploads\/2010\/12\/giovanni-23.jpg"},{"@type":"BreadcrumbList","@id":"https:\/\/www.bellunopress.it\/2019\/04\/03\/bioetica-tavola-rotonda-e-spettacolo-teatrale-sabato-dalle-18-30-alle-20-30-al-teatro-del-centro-giovanni-23mo-a-belluno\/#breadcrumb","itemListElement":[{"@type":"ListItem","position":1,"name":"Home","item":"https:\/\/www.bellunopress.it\/"},{"@type":"ListItem","position":2,"name":"Bioetica, tavola rotonda e spettacolo teatrale Orfeo ed Euridice. Sabato dalle 18.30 alle 20.30 al teatro del Centro Giovanni 23mo a Belluno"}]},{"@type":"WebSite","@id":"https:\/\/www.bellunopress.it\/#website","url":"https:\/\/www.bellunopress.it\/","name":"Bellunopress - Dolomiti","description":"e-mail: redazione@bellunopress.it","publisher":{"@id":"https:\/\/www.bellunopress.it\/#organization"},"potentialAction":[{"@type":"SearchAction","target":{"@type":"EntryPoint","urlTemplate":"https:\/\/www.bellunopress.it\/?s={search_term_string}"},"query-input":{"@type":"PropertyValueSpecification","valueRequired":true,"valueName":"search_term_string"}}],"inLanguage":"fr-FR"},{"@type":"Organization","@id":"https:\/\/www.bellunopress.it\/#organization","name":"Bellunopress","url":"https:\/\/www.bellunopress.it\/","logo":{"@type":"ImageObject","inLanguage":"fr-FR","@id":"https:\/\/www.bellunopress.it\/#\/schema\/logo\/image\/","url":"https:\/\/www.bellunopress.it\/wp-content\/uploads\/2011\/05\/cropped-logo-bellunopress-.jpg","contentUrl":"https:\/\/www.bellunopress.it\/wp-content\/uploads\/2011\/05\/cropped-logo-bellunopress-.jpg","width":512,"height":512,"caption":"Bellunopress"},"image":{"@id":"https:\/\/www.bellunopress.it\/#\/schema\/logo\/image\/"},"sameAs":["https:\/\/www.facebook.com\/profile.php?id=100008943462799","https:\/\/x.com\/bellunopress","https:\/\/www.linkedin.com\/hp\/?dnr=JBzUWaJfMUw8vbXJJ2tVW5-I3jZKvC4wsoxE&amp;amp;amp;amp;amp;amp;trk=nav_responsive_tab_home","https:\/\/www.youtube.com\/channel\/UCxL0wu1uN0_3_7hGG0306cw"]},{"@type":"Person","@id":"https:\/\/www.bellunopress.it\/#\/schema\/person\/79bb06722b37ece1c03d3e94beb30d73","name":"r\u00e9daction","image":{"@type":"ImageObject","inLanguage":"fr-FR","@id":"https:\/\/secure.gravatar.com\/avatar\/37d968a2e67a6fd04c169c4bdef102d0bc5d31b2546345219e348575eb80e9a0?s=96&d=mm&r=g","url":"https:\/\/secure.gravatar.com\/avatar\/37d968a2e67a6fd04c169c4bdef102d0bc5d31b2546345219e348575eb80e9a0?s=96&d=mm&r=g","contentUrl":"https:\/\/secure.gravatar.com\/avatar\/37d968a2e67a6fd04c169c4bdef102d0bc5d31b2546345219e348575eb80e9a0?s=96&d=mm&r=g","caption":"redazione"},"sameAs":["http:\/\/www.bellunopress.it","https:\/\/x.com\/bellunopress"],"url":"https:\/\/www.bellunopress.it\/fr\/author\/redazione\/"}]}},"_links":{"self":[{"href":"https:\/\/www.bellunopress.it\/fr\/wp-json\/wp\/v2\/posts\/103451","targetHints":{"allow":["GET"]}}],"collection":[{"href":"https:\/\/www.bellunopress.it\/fr\/wp-json\/wp\/v2\/posts"}],"about":[{"href":"https:\/\/www.bellunopress.it\/fr\/wp-json\/wp\/v2\/types\/post"}],"author":[{"embeddable":true,"href":"https:\/\/www.bellunopress.it\/fr\/wp-json\/wp\/v2\/users\/2"}],"replies":[{"embeddable":true,"href":"https:\/\/www.bellunopress.it\/fr\/wp-json\/wp\/v2\/comments?post=103451"}],"version-history":[{"count":3,"href":"https:\/\/www.bellunopress.it\/fr\/wp-json\/wp\/v2\/posts\/103451\/revisions"}],"predecessor-version":[{"id":103483,"href":"https:\/\/www.bellunopress.it\/fr\/wp-json\/wp\/v2\/posts\/103451\/revisions\/103483"}],"wp:attachment":[{"href":"https:\/\/www.bellunopress.it\/fr\/wp-json\/wp\/v2\/media?parent=103451"}],"wp:term":[{"taxonomy":"category","embeddable":true,"href":"https:\/\/www.bellunopress.it\/fr\/wp-json\/wp\/v2\/categories?post=103451"},{"taxonomy":"post_tag","embeddable":true,"href":"https:\/\/www.bellunopress.it\/fr\/wp-json\/wp\/v2\/tags?post=103451"}],"curies":[{"name":"wp","href":"https:\/\/api.w.org\/{rel}","templated":true}]}}