{"id":103447,"date":"2019-04-03T08:43:12","date_gmt":"2019-04-03T06:43:12","guid":{"rendered":"http:\/\/www.bellunopress.it\/?p=103447"},"modified":"2019-04-03T08:43:12","modified_gmt":"2019-04-03T06:43:12","slug":"elezioni-europee-del-26-05-2019-nomina-scrutatori-il-comune-di-feltre-privilegia-disoccupati-e-studenti-domande-via-mail-entro-le-ore-12-00-del-26-aprile-2019","status":"publish","type":"post","link":"https:\/\/www.bellunopress.it\/fr\/2019\/04\/03\/elezioni-europee-del-26-05-2019-nomina-scrutatori-il-comune-di-feltre-privilegia-disoccupati-e-studenti-domande-via-mail-entro-le-ore-12-00-del-26-aprile-2019\/","title":{"rendered":"Elezioni europee del 26\/05\/2019. Nomina scrutatori: il Comune di Feltre privilegia disoccupati e studenti. Domande via mail entro le ore 12.00 del 26 aprile 2019"},"content":{"rendered":"<p><a href=\"http:\/\/www.bellunopress.it\/fr\/2010\/10\/11\/feltre-proclamazione-del-lutto-cittadino-domani-martedi-12-ottobre\/feltre-2\/\" rel=\"attachment wp-att-20043\"><img loading=\"lazy\" decoding=\"async\" class=\"alignleft size-full wp-image-20043\" src=\"http:\/\/www.bellunopress.it\/wp-content\/uploads\/2010\/10\/feltre.jpg\" alt=\"\" width=\"140\" height=\"107\" \/><\/a>Chiunque, gi\u00e0 iscritto nell\u2019albo degli scrutatori del Comune di Feltre, studente o disoccupato, sia interessato a svolgere la mansione di scrutatore per le elezioni europee del 26 maggio 2019, potr\u00e0 inviare la propria segnalazione al seguente indirizzo di posta elettronica:<br \/>\n<strong>elettorale@comune.feltre.bl.it<\/strong><\/p>\n<p>La persona interessata dovr\u00e0 indicare nel messaggio il seguente oggetto: &#8220;<strong>Dichiarazione di disponibilit\u00e0 a svolgere il compito di scrutatore per le elezioni europee del 26 maggio 2019<\/strong>&#8221; e copiare nel corpo del messaggio quanto riportato tra virgolette:<br \/>\n&#8220;<strong>Il sottoscritto (inserire cognome, nome, luogo e data di nascita, sesso e codice fiscale) dichiara di:<\/strong><br \/>\n<strong>essere gi\u00e0 inserito nell\u2019albo degli scrutatori del Comune di Feltre;<\/strong><br \/>\n<strong>essere ad oggi disoccupato o studente non lavoratore;<\/strong><br \/>\n<strong>non essere ad oggi percettore di alcun reddito<\/strong><\/p>\n<p>La Commissione Elettorale considerer\u00e0 prioritariamente tali segnalazioni nell&#8217;individuazione degli scrutatori di seggio da impiegare per le ELEZIONI EUROPEE del 26 MAGGIO 2019.<br \/>\nIl dichiarante ricever\u00e0 successivamente una email contenente le informazioni necessarie.<br \/>\nSaranno eseguiti controlli a campione in merito alla veridicit\u00e0 delle dichiarazioni.<\/p>\n<p>In caso di esubero, le dichiarazioni saranno accolte in ordine di arrivo.<br \/>\nEventuali segnalazioni presentate da persone percettrici di reddito saranno tenute in considerazione in via residuale ed in ordine di arrivo. In questo caso nella richiesta dovr\u00e0 essere precisata la condizione lavorativa.<\/p>\n<p>Per informazioni: Ufficio Elettorale del Comune di Feltre, Piazzetta delle biade 1 &#8211; Telefono 0439\/885221, dal luned\u00ec al venerd\u00ec dalle 09,00 alle 13,00 e nei pomeriggi di marted\u00ec dalle 14,30 alle 16,00 e gioved\u00ec dalle 16,00 alle 18.<\/p>\n<p>&nbsp;<\/p>","protected":false},"excerpt":{"rendered":"<p>Chiunque, gi\u00e0 iscritto nell\u2019albo degli scrutatori del Comune di Feltre, studente o disoccupato, sia interessato a svolgere la mansione di scrutatore per le elezioni europee del 26 maggio 2019, potr\u00e0 inviare la propria segnalazione al seguente indirizzo di posta elettronica: elettorale@comune.feltre.bl.it La persona interessata dovr\u00e0 indicare nel messaggio il seguente oggetto: &#8220;Dichiarazione di disponibilit\u00e0 a [&hellip;]<\/p>\n","protected":false},"author":2,"featured_media":0,"comment_status":"closed","ping_status":"open","sticky":false,"template":"","format":"standard","meta":{"footnotes":""},"categories":[36,26,8],"tags":[],"class_list":["post-103447","post","type-post","status-publish","format-standard","category-lavoro-economia","category-prima-pagina","category-societa-istituzioni"],"yoast_head":"<!-- This site is optimized with the Yoast SEO plugin v28.4 - https:\/\/yoast.com\/product\/yoast-seo-wordpress\/ -->\n<title>Elezioni europee del 26\/05\/2019. Nomina scrutatori: il Comune di Feltre privilegia disoccupati e studenti. Domande via mail entro le ore 12.00 del 26 aprile 2019 - Bellunopress - Dolomiti<\/title>\n<meta name=\"robots\" content=\"index, follow, max-snippet:-1, max-image-preview:large, max-video-preview:-1\" \/>\n<link rel=\"canonical\" href=\"https:\/\/www.bellunopress.it\/fr\/2019\/04\/03\/elezioni-europee-del-26-05-2019-nomina-scrutatori-il-comune-di-feltre-privilegia-disoccupati-e-studenti-domande-via-mail-entro-le-ore-12-00-del-26-aprile-2019\/\" \/>\n<meta property=\"og:locale\" content=\"fr_FR\" \/>\n<meta property=\"og:type\" content=\"article\" \/>\n<meta property=\"og:title\" content=\"Elezioni europee del 26\/05\/2019. Nomina scrutatori: il Comune di Feltre privilegia disoccupati e studenti. Domande via mail entro le ore 12.00 del 26 aprile 2019 - Bellunopress - Dolomiti\" \/>\n<meta property=\"og:description\" content=\"Chiunque, gi\u00e0 iscritto nell\u2019albo degli scrutatori del Comune di Feltre, studente o disoccupato, sia interessato a svolgere la mansione di scrutatore per le elezioni europee del 26 maggio 2019, potr\u00e0 inviare la propria segnalazione al seguente indirizzo di posta elettronica: elettorale@comune.feltre.bl.it La persona interessata dovr\u00e0 indicare nel messaggio il seguente oggetto: &#8220;Dichiarazione di disponibilit\u00e0 a [&hellip;]\" \/>\n<meta property=\"og:url\" content=\"https:\/\/www.bellunopress.it\/fr\/2019\/04\/03\/elezioni-europee-del-26-05-2019-nomina-scrutatori-il-comune-di-feltre-privilegia-disoccupati-e-studenti-domande-via-mail-entro-le-ore-12-00-del-26-aprile-2019\/\" \/>\n<meta property=\"og:site_name\" content=\"Bellunopress - Dolomiti\" \/>\n<meta property=\"article:publisher\" content=\"https:\/\/www.facebook.com\/profile.php?id=100008943462799\" \/>\n<meta property=\"article:published_time\" content=\"2019-04-03T06:43:12+00:00\" \/>\n<meta property=\"og:image\" content=\"http:\/\/www.bellunopress.it\/wp-content\/uploads\/2010\/10\/feltre.jpg\" \/>\n<meta name=\"author\" content=\"redazione\" \/>\n<meta name=\"twitter:card\" content=\"summary_large_image\" \/>\n<meta name=\"twitter:creator\" content=\"@bellunopress\" \/>\n<meta name=\"twitter:site\" content=\"@bellunopress\" \/>\n<meta name=\"twitter:label1\" content=\"\u00c9crit par\" \/>\n\t<meta name=\"twitter:data1\" content=\"redazione\" \/>\n\t<meta name=\"twitter:label2\" content=\"Dur\u00e9e de lecture estim\u00e9e\" \/>\n\t<meta name=\"twitter:data2\" content=\"1 minute\" \/>\n<script type=\"application\/ld+json\" class=\"yoast-schema-graph\">{\"@context\":\"https:\\\/\\\/schema.org\",\"@graph\":[{\"@type\":\"Article\",\"@id\":\"https:\\\/\\\/www.bellunopress.it\\\/2019\\\/04\\\/03\\\/elezioni-europee-del-26-05-2019-nomina-scrutatori-il-comune-di-feltre-privilegia-disoccupati-e-studenti-domande-via-mail-entro-le-ore-12-00-del-26-aprile-2019\\\/#article\",\"isPartOf\":{\"@id\":\"https:\\\/\\\/www.bellunopress.it\\\/2019\\\/04\\\/03\\\/elezioni-europee-del-26-05-2019-nomina-scrutatori-il-comune-di-feltre-privilegia-disoccupati-e-studenti-domande-via-mail-entro-le-ore-12-00-del-26-aprile-2019\\\/\"},\"author\":{\"name\":\"redazione\",\"@id\":\"https:\\\/\\\/www.bellunopress.it\\\/#\\\/schema\\\/person\\\/79bb06722b37ece1c03d3e94beb30d73\"},\"headline\":\"Elezioni europee del 26\\\/05\\\/2019. Nomina scrutatori: il Comune di Feltre privilegia disoccupati e studenti. Domande via mail entro le ore 12.00 del 26 aprile 2019\",\"datePublished\":\"2019-04-03T06:43:12+00:00\",\"mainEntityOfPage\":{\"@id\":\"https:\\\/\\\/www.bellunopress.it\\\/2019\\\/04\\\/03\\\/elezioni-europee-del-26-05-2019-nomina-scrutatori-il-comune-di-feltre-privilegia-disoccupati-e-studenti-domande-via-mail-entro-le-ore-12-00-del-26-aprile-2019\\\/\"},\"wordCount\":259,\"publisher\":{\"@id\":\"https:\\\/\\\/www.bellunopress.it\\\/#organization\"},\"image\":{\"@id\":\"https:\\\/\\\/www.bellunopress.it\\\/2019\\\/04\\\/03\\\/elezioni-europee-del-26-05-2019-nomina-scrutatori-il-comune-di-feltre-privilegia-disoccupati-e-studenti-domande-via-mail-entro-le-ore-12-00-del-26-aprile-2019\\\/#primaryimage\"},\"thumbnailUrl\":\"http:\\\/\\\/www.bellunopress.it\\\/wp-content\\\/uploads\\\/2010\\\/10\\\/feltre.jpg\",\"articleSection\":[\"Lavoro, Economia, Turismo\",\"Prima Pagina\",\"Societ\u00e0, Associazioni, Istituzioni\"],\"inLanguage\":\"fr-FR\"},{\"@type\":\"WebPage\",\"@id\":\"https:\\\/\\\/www.bellunopress.it\\\/2019\\\/04\\\/03\\\/elezioni-europee-del-26-05-2019-nomina-scrutatori-il-comune-di-feltre-privilegia-disoccupati-e-studenti-domande-via-mail-entro-le-ore-12-00-del-26-aprile-2019\\\/\",\"url\":\"https:\\\/\\\/www.bellunopress.it\\\/2019\\\/04\\\/03\\\/elezioni-europee-del-26-05-2019-nomina-scrutatori-il-comune-di-feltre-privilegia-disoccupati-e-studenti-domande-via-mail-entro-le-ore-12-00-del-26-aprile-2019\\\/\",\"name\":\"Elezioni europee del 26\\\/05\\\/2019. Nomina scrutatori: il Comune di Feltre privilegia disoccupati e studenti. Domande via mail entro le ore 12.00 del 26 aprile 2019 - Bellunopress - Dolomiti\",\"isPartOf\":{\"@id\":\"https:\\\/\\\/www.bellunopress.it\\\/#website\"},\"primaryImageOfPage\":{\"@id\":\"https:\\\/\\\/www.bellunopress.it\\\/2019\\\/04\\\/03\\\/elezioni-europee-del-26-05-2019-nomina-scrutatori-il-comune-di-feltre-privilegia-disoccupati-e-studenti-domande-via-mail-entro-le-ore-12-00-del-26-aprile-2019\\\/#primaryimage\"},\"image\":{\"@id\":\"https:\\\/\\\/www.bellunopress.it\\\/2019\\\/04\\\/03\\\/elezioni-europee-del-26-05-2019-nomina-scrutatori-il-comune-di-feltre-privilegia-disoccupati-e-studenti-domande-via-mail-entro-le-ore-12-00-del-26-aprile-2019\\\/#primaryimage\"},\"thumbnailUrl\":\"http:\\\/\\\/www.bellunopress.it\\\/wp-content\\\/uploads\\\/2010\\\/10\\\/feltre.jpg\",\"datePublished\":\"2019-04-03T06:43:12+00:00\",\"breadcrumb\":{\"@id\":\"https:\\\/\\\/www.bellunopress.it\\\/2019\\\/04\\\/03\\\/elezioni-europee-del-26-05-2019-nomina-scrutatori-il-comune-di-feltre-privilegia-disoccupati-e-studenti-domande-via-mail-entro-le-ore-12-00-del-26-aprile-2019\\\/#breadcrumb\"},\"inLanguage\":\"fr-FR\",\"potentialAction\":[{\"@type\":\"ReadAction\",\"target\":[\"https:\\\/\\\/www.bellunopress.it\\\/2019\\\/04\\\/03\\\/elezioni-europee-del-26-05-2019-nomina-scrutatori-il-comune-di-feltre-privilegia-disoccupati-e-studenti-domande-via-mail-entro-le-ore-12-00-del-26-aprile-2019\\\/\"]}]},{\"@type\":\"ImageObject\",\"inLanguage\":\"fr-FR\",\"@id\":\"https:\\\/\\\/www.bellunopress.it\\\/2019\\\/04\\\/03\\\/elezioni-europee-del-26-05-2019-nomina-scrutatori-il-comune-di-feltre-privilegia-disoccupati-e-studenti-domande-via-mail-entro-le-ore-12-00-del-26-aprile-2019\\\/#primaryimage\",\"url\":\"http:\\\/\\\/www.bellunopress.it\\\/wp-content\\\/uploads\\\/2010\\\/10\\\/feltre.jpg\",\"contentUrl\":\"http:\\\/\\\/www.bellunopress.it\\\/wp-content\\\/uploads\\\/2010\\\/10\\\/feltre.jpg\"},{\"@type\":\"BreadcrumbList\",\"@id\":\"https:\\\/\\\/www.bellunopress.it\\\/2019\\\/04\\\/03\\\/elezioni-europee-del-26-05-2019-nomina-scrutatori-il-comune-di-feltre-privilegia-disoccupati-e-studenti-domande-via-mail-entro-le-ore-12-00-del-26-aprile-2019\\\/#breadcrumb\",\"itemListElement\":[{\"@type\":\"ListItem\",\"position\":1,\"name\":\"Home\",\"item\":\"https:\\\/\\\/www.bellunopress.it\\\/\"},{\"@type\":\"ListItem\",\"position\":2,\"name\":\"Elezioni europee del 26\\\/05\\\/2019. Nomina scrutatori: il Comune di Feltre privilegia disoccupati e studenti. Domande via mail entro le ore 12.00 del 26 aprile 2019\"}]},{\"@type\":\"WebSite\",\"@id\":\"https:\\\/\\\/www.bellunopress.it\\\/#website\",\"url\":\"https:\\\/\\\/www.bellunopress.it\\\/\",\"name\":\"Bellunopress - Dolomiti\",\"description\":\"e-mail: redazione@bellunopress.it\",\"publisher\":{\"@id\":\"https:\\\/\\\/www.bellunopress.it\\\/#organization\"},\"potentialAction\":[{\"@type\":\"SearchAction\",\"target\":{\"@type\":\"EntryPoint\",\"urlTemplate\":\"https:\\\/\\\/www.bellunopress.it\\\/?s={search_term_string}\"},\"query-input\":{\"@type\":\"PropertyValueSpecification\",\"valueRequired\":true,\"valueName\":\"search_term_string\"}}],\"inLanguage\":\"fr-FR\"},{\"@type\":\"Organization\",\"@id\":\"https:\\\/\\\/www.bellunopress.it\\\/#organization\",\"name\":\"Bellunopress\",\"url\":\"https:\\\/\\\/www.bellunopress.it\\\/\",\"logo\":{\"@type\":\"ImageObject\",\"inLanguage\":\"fr-FR\",\"@id\":\"https:\\\/\\\/www.bellunopress.it\\\/#\\\/schema\\\/logo\\\/image\\\/\",\"url\":\"https:\\\/\\\/www.bellunopress.it\\\/wp-content\\\/uploads\\\/2011\\\/05\\\/cropped-logo-bellunopress-.jpg\",\"contentUrl\":\"https:\\\/\\\/www.bellunopress.it\\\/wp-content\\\/uploads\\\/2011\\\/05\\\/cropped-logo-bellunopress-.jpg\",\"width\":512,\"height\":512,\"caption\":\"Bellunopress\"},\"image\":{\"@id\":\"https:\\\/\\\/www.bellunopress.it\\\/#\\\/schema\\\/logo\\\/image\\\/\"},\"sameAs\":[\"https:\\\/\\\/www.facebook.com\\\/profile.php?id=100008943462799\",\"https:\\\/\\\/x.com\\\/bellunopress\",\"https:\\\/\\\/www.linkedin.com\\\/hp\\\/?dnr=JBzUWaJfMUw8vbXJJ2tVW5-I3jZKvC4wsoxE&amp;amp;amp;amp;amp;amp;trk=nav_responsive_tab_home\",\"https:\\\/\\\/www.youtube.com\\\/channel\\\/UCxL0wu1uN0_3_7hGG0306cw\"]},{\"@type\":\"Person\",\"@id\":\"https:\\\/\\\/www.bellunopress.it\\\/#\\\/schema\\\/person\\\/79bb06722b37ece1c03d3e94beb30d73\",\"name\":\"redazione\",\"image\":{\"@type\":\"ImageObject\",\"inLanguage\":\"fr-FR\",\"@id\":\"https:\\\/\\\/secure.gravatar.com\\\/avatar\\\/37d968a2e67a6fd04c169c4bdef102d0bc5d31b2546345219e348575eb80e9a0?s=96&d=mm&r=g\",\"url\":\"https:\\\/\\\/secure.gravatar.com\\\/avatar\\\/37d968a2e67a6fd04c169c4bdef102d0bc5d31b2546345219e348575eb80e9a0?s=96&d=mm&r=g\",\"contentUrl\":\"https:\\\/\\\/secure.gravatar.com\\\/avatar\\\/37d968a2e67a6fd04c169c4bdef102d0bc5d31b2546345219e348575eb80e9a0?s=96&d=mm&r=g\",\"caption\":\"redazione\"},\"sameAs\":[\"http:\\\/\\\/www.bellunopress.it\",\"https:\\\/\\\/x.com\\\/bellunopress\"],\"url\":\"https:\\\/\\\/www.bellunopress.it\\\/fr\\\/author\\\/redazione\\\/\"}]}<\/script>\n<!-- \/ Yoast SEO plugin. -->","yoast_head_json":{"title":"Elezioni europee del 26\/05\/2019. Nomina scrutatori: il Comune di Feltre privilegia disoccupati e studenti. Domande via mail entro le ore 12.00 del 26 aprile 2019 - Bellunopress - Dolomiti","robots":{"index":"index","follow":"follow","max-snippet":"max-snippet:-1","max-image-preview":"max-image-preview:large","max-video-preview":"max-video-preview:-1"},"canonical":"https:\/\/www.bellunopress.it\/fr\/2019\/04\/03\/elezioni-europee-del-26-05-2019-nomina-scrutatori-il-comune-di-feltre-privilegia-disoccupati-e-studenti-domande-via-mail-entro-le-ore-12-00-del-26-aprile-2019\/","og_locale":"fr_FR","og_type":"article","og_title":"Elezioni europee del 26\/05\/2019. Nomina scrutatori: il Comune di Feltre privilegia disoccupati e studenti. Domande via mail entro le ore 12.00 del 26 aprile 2019 - Bellunopress - Dolomiti","og_description":"Chiunque, gi\u00e0 iscritto nell\u2019albo degli scrutatori del Comune di Feltre, studente o disoccupato, sia interessato a svolgere la mansione di scrutatore per le elezioni europee del 26 maggio 2019, potr\u00e0 inviare la propria segnalazione al seguente indirizzo di posta elettronica: elettorale@comune.feltre.bl.it La persona interessata dovr\u00e0 indicare nel messaggio il seguente oggetto: &#8220;Dichiarazione di disponibilit\u00e0 a [&hellip;]","og_url":"https:\/\/www.bellunopress.it\/fr\/2019\/04\/03\/elezioni-europee-del-26-05-2019-nomina-scrutatori-il-comune-di-feltre-privilegia-disoccupati-e-studenti-domande-via-mail-entro-le-ore-12-00-del-26-aprile-2019\/","og_site_name":"Bellunopress - Dolomiti","article_publisher":"https:\/\/www.facebook.com\/profile.php?id=100008943462799","article_published_time":"2019-04-03T06:43:12+00:00","og_image":[{"url":"http:\/\/www.bellunopress.it\/wp-content\/uploads\/2010\/10\/feltre.jpg","type":"","width":"","height":""}],"author":"redazione","twitter_card":"summary_large_image","twitter_creator":"@bellunopress","twitter_site":"@bellunopress","twitter_misc":{"\u00c9crit par":"redazione","Dur\u00e9e de lecture estim\u00e9e":"1 minute"},"schema":{"@context":"https:\/\/schema.org","@graph":[{"@type":"Article","@id":"https:\/\/www.bellunopress.it\/2019\/04\/03\/elezioni-europee-del-26-05-2019-nomina-scrutatori-il-comune-di-feltre-privilegia-disoccupati-e-studenti-domande-via-mail-entro-le-ore-12-00-del-26-aprile-2019\/#article","isPartOf":{"@id":"https:\/\/www.bellunopress.it\/2019\/04\/03\/elezioni-europee-del-26-05-2019-nomina-scrutatori-il-comune-di-feltre-privilegia-disoccupati-e-studenti-domande-via-mail-entro-le-ore-12-00-del-26-aprile-2019\/"},"author":{"name":"redazione","@id":"https:\/\/www.bellunopress.it\/#\/schema\/person\/79bb06722b37ece1c03d3e94beb30d73"},"headline":"Elezioni europee del 26\/05\/2019. Nomina scrutatori: il Comune di Feltre privilegia disoccupati e studenti. Domande via mail entro le ore 12.00 del 26 aprile 2019","datePublished":"2019-04-03T06:43:12+00:00","mainEntityOfPage":{"@id":"https:\/\/www.bellunopress.it\/2019\/04\/03\/elezioni-europee-del-26-05-2019-nomina-scrutatori-il-comune-di-feltre-privilegia-disoccupati-e-studenti-domande-via-mail-entro-le-ore-12-00-del-26-aprile-2019\/"},"wordCount":259,"publisher":{"@id":"https:\/\/www.bellunopress.it\/#organization"},"image":{"@id":"https:\/\/www.bellunopress.it\/2019\/04\/03\/elezioni-europee-del-26-05-2019-nomina-scrutatori-il-comune-di-feltre-privilegia-disoccupati-e-studenti-domande-via-mail-entro-le-ore-12-00-del-26-aprile-2019\/#primaryimage"},"thumbnailUrl":"http:\/\/www.bellunopress.it\/wp-content\/uploads\/2010\/10\/feltre.jpg","articleSection":["Lavoro, Economia, Turismo","Prima Pagina","Societ\u00e0, Associazioni, Istituzioni"],"inLanguage":"fr-FR"},{"@type":"WebPage","@id":"https:\/\/www.bellunopress.it\/2019\/04\/03\/elezioni-europee-del-26-05-2019-nomina-scrutatori-il-comune-di-feltre-privilegia-disoccupati-e-studenti-domande-via-mail-entro-le-ore-12-00-del-26-aprile-2019\/","url":"https:\/\/www.bellunopress.it\/2019\/04\/03\/elezioni-europee-del-26-05-2019-nomina-scrutatori-il-comune-di-feltre-privilegia-disoccupati-e-studenti-domande-via-mail-entro-le-ore-12-00-del-26-aprile-2019\/","name":"Elezioni europee del 26\/05\/2019. Nomina scrutatori: il Comune di Feltre privilegia disoccupati e studenti. Domande via mail entro le ore 12.00 del 26 aprile 2019 - Bellunopress - Dolomiti","isPartOf":{"@id":"https:\/\/www.bellunopress.it\/#website"},"primaryImageOfPage":{"@id":"https:\/\/www.bellunopress.it\/2019\/04\/03\/elezioni-europee-del-26-05-2019-nomina-scrutatori-il-comune-di-feltre-privilegia-disoccupati-e-studenti-domande-via-mail-entro-le-ore-12-00-del-26-aprile-2019\/#primaryimage"},"image":{"@id":"https:\/\/www.bellunopress.it\/2019\/04\/03\/elezioni-europee-del-26-05-2019-nomina-scrutatori-il-comune-di-feltre-privilegia-disoccupati-e-studenti-domande-via-mail-entro-le-ore-12-00-del-26-aprile-2019\/#primaryimage"},"thumbnailUrl":"http:\/\/www.bellunopress.it\/wp-content\/uploads\/2010\/10\/feltre.jpg","datePublished":"2019-04-03T06:43:12+00:00","breadcrumb":{"@id":"https:\/\/www.bellunopress.it\/2019\/04\/03\/elezioni-europee-del-26-05-2019-nomina-scrutatori-il-comune-di-feltre-privilegia-disoccupati-e-studenti-domande-via-mail-entro-le-ore-12-00-del-26-aprile-2019\/#breadcrumb"},"inLanguage":"fr-FR","potentialAction":[{"@type":"ReadAction","target":["https:\/\/www.bellunopress.it\/2019\/04\/03\/elezioni-europee-del-26-05-2019-nomina-scrutatori-il-comune-di-feltre-privilegia-disoccupati-e-studenti-domande-via-mail-entro-le-ore-12-00-del-26-aprile-2019\/"]}]},{"@type":"ImageObject","inLanguage":"fr-FR","@id":"https:\/\/www.bellunopress.it\/2019\/04\/03\/elezioni-europee-del-26-05-2019-nomina-scrutatori-il-comune-di-feltre-privilegia-disoccupati-e-studenti-domande-via-mail-entro-le-ore-12-00-del-26-aprile-2019\/#primaryimage","url":"http:\/\/www.bellunopress.it\/wp-content\/uploads\/2010\/10\/feltre.jpg","contentUrl":"http:\/\/www.bellunopress.it\/wp-content\/uploads\/2010\/10\/feltre.jpg"},{"@type":"BreadcrumbList","@id":"https:\/\/www.bellunopress.it\/2019\/04\/03\/elezioni-europee-del-26-05-2019-nomina-scrutatori-il-comune-di-feltre-privilegia-disoccupati-e-studenti-domande-via-mail-entro-le-ore-12-00-del-26-aprile-2019\/#breadcrumb","itemListElement":[{"@type":"ListItem","position":1,"name":"Home","item":"https:\/\/www.bellunopress.it\/"},{"@type":"ListItem","position":2,"name":"Elezioni europee del 26\/05\/2019. Nomina scrutatori: il Comune di Feltre privilegia disoccupati e studenti. Domande via mail entro le ore 12.00 del 26 aprile 2019"}]},{"@type":"WebSite","@id":"https:\/\/www.bellunopress.it\/#website","url":"https:\/\/www.bellunopress.it\/","name":"Bellunopress - Dolomiti","description":"e-mail: redazione@bellunopress.it","publisher":{"@id":"https:\/\/www.bellunopress.it\/#organization"},"potentialAction":[{"@type":"SearchAction","target":{"@type":"EntryPoint","urlTemplate":"https:\/\/www.bellunopress.it\/?s={search_term_string}"},"query-input":{"@type":"PropertyValueSpecification","valueRequired":true,"valueName":"search_term_string"}}],"inLanguage":"fr-FR"},{"@type":"Organization","@id":"https:\/\/www.bellunopress.it\/#organization","name":"Bellunopress","url":"https:\/\/www.bellunopress.it\/","logo":{"@type":"ImageObject","inLanguage":"fr-FR","@id":"https:\/\/www.bellunopress.it\/#\/schema\/logo\/image\/","url":"https:\/\/www.bellunopress.it\/wp-content\/uploads\/2011\/05\/cropped-logo-bellunopress-.jpg","contentUrl":"https:\/\/www.bellunopress.it\/wp-content\/uploads\/2011\/05\/cropped-logo-bellunopress-.jpg","width":512,"height":512,"caption":"Bellunopress"},"image":{"@id":"https:\/\/www.bellunopress.it\/#\/schema\/logo\/image\/"},"sameAs":["https:\/\/www.facebook.com\/profile.php?id=100008943462799","https:\/\/x.com\/bellunopress","https:\/\/www.linkedin.com\/hp\/?dnr=JBzUWaJfMUw8vbXJJ2tVW5-I3jZKvC4wsoxE&amp;amp;amp;amp;amp;amp;trk=nav_responsive_tab_home","https:\/\/www.youtube.com\/channel\/UCxL0wu1uN0_3_7hGG0306cw"]},{"@type":"Person","@id":"https:\/\/www.bellunopress.it\/#\/schema\/person\/79bb06722b37ece1c03d3e94beb30d73","name":"r\u00e9daction","image":{"@type":"ImageObject","inLanguage":"fr-FR","@id":"https:\/\/secure.gravatar.com\/avatar\/37d968a2e67a6fd04c169c4bdef102d0bc5d31b2546345219e348575eb80e9a0?s=96&d=mm&r=g","url":"https:\/\/secure.gravatar.com\/avatar\/37d968a2e67a6fd04c169c4bdef102d0bc5d31b2546345219e348575eb80e9a0?s=96&d=mm&r=g","contentUrl":"https:\/\/secure.gravatar.com\/avatar\/37d968a2e67a6fd04c169c4bdef102d0bc5d31b2546345219e348575eb80e9a0?s=96&d=mm&r=g","caption":"redazione"},"sameAs":["http:\/\/www.bellunopress.it","https:\/\/x.com\/bellunopress"],"url":"https:\/\/www.bellunopress.it\/fr\/author\/redazione\/"}]}},"_links":{"self":[{"href":"https:\/\/www.bellunopress.it\/fr\/wp-json\/wp\/v2\/posts\/103447","targetHints":{"allow":["GET"]}}],"collection":[{"href":"https:\/\/www.bellunopress.it\/fr\/wp-json\/wp\/v2\/posts"}],"about":[{"href":"https:\/\/www.bellunopress.it\/fr\/wp-json\/wp\/v2\/types\/post"}],"author":[{"embeddable":true,"href":"https:\/\/www.bellunopress.it\/fr\/wp-json\/wp\/v2\/users\/2"}],"replies":[{"embeddable":true,"href":"https:\/\/www.bellunopress.it\/fr\/wp-json\/wp\/v2\/comments?post=103447"}],"version-history":[{"count":1,"href":"https:\/\/www.bellunopress.it\/fr\/wp-json\/wp\/v2\/posts\/103447\/revisions"}],"predecessor-version":[{"id":103448,"href":"https:\/\/www.bellunopress.it\/fr\/wp-json\/wp\/v2\/posts\/103447\/revisions\/103448"}],"wp:attachment":[{"href":"https:\/\/www.bellunopress.it\/fr\/wp-json\/wp\/v2\/media?parent=103447"}],"wp:term":[{"taxonomy":"category","embeddable":true,"href":"https:\/\/www.bellunopress.it\/fr\/wp-json\/wp\/v2\/categories?post=103447"},{"taxonomy":"post_tag","embeddable":true,"href":"https:\/\/www.bellunopress.it\/fr\/wp-json\/wp\/v2\/tags?post=103447"}],"curies":[{"name":"wp","href":"https:\/\/api.w.org\/{rel}","templated":true}]}}