{"id":103411,"date":"2019-04-02T13:18:52","date_gmt":"2019-04-02T11:18:52","guid":{"rendered":"http:\/\/www.bellunopress.it\/?p=103411"},"modified":"2019-04-02T13:18:52","modified_gmt":"2019-04-02T11:18:52","slug":"vinitaly-2019-kristian-ghedina-testimonial-dei-vini-bellunesi-nello-stand-di-confagricoltura-guarnieri-consorzio-coste-del-feltrino-avviate-le-pratiche-per-chiedere-la-doc","status":"publish","type":"post","link":"https:\/\/www.bellunopress.it\/fr\/2019\/04\/02\/vinitaly-2019-kristian-ghedina-testimonial-dei-vini-bellunesi-nello-stand-di-confagricoltura-guarnieri-consorzio-coste-del-feltrino-avviate-le-pratiche-per-chiedere-la-doc\/","title":{"rendered":"Vinitaly 2019. Kristian Ghedina testimonial dei vini bellunesi nello stand di Confagricoltura.\u00a0Guarnieri, consorzio Coste del Feltrino: \u201cAvviate le pratiche per chiedere la doc\u201d"},"content":{"rendered":"<p>Belluno, 2 aprile 2019 \u2013 Sar\u00e0 Kristian Ghedina il testimonial dei vini bellunesi al Vinitaly che si apre domenica prossima a Verona. Il grande discesista ampezzano sar\u00e0 infatti ospite dello stand di Confagricoltura insieme all\u2019assessore regionale al Turismo, Federico Caner, alla presentazione della \u201cViticoltura eroica nel Bellunese\u201d, che si svolger\u00e0 marted\u00ec 9 aprile alle 12 nello stand E2-E3\/F2-F3 del padiglione della tensostruttura D in fiera.<\/p>\n<p>Ghedina non \u00e8 solo un campione, con il record italiano di vittorie in discesa libera in Coppa del mondo eguagliato in marzo da Dominik Paris, ma \u00e8 anche un grande appassionato di agricoltura. Con la famiglia conduce infatti un\u2019azienda agricola a Cortina, con una stalla di vacche da latte e un agriturismo Jaegerhaus con prodotti biologici. Prima dell\u2019incontro sui vini Ghedina parler\u00e0 alle 11, sempre nello stand di Confagricoltura, anche dei mondiali 2021 e della candidatura per le Olimpiadi 2026 di Cortina, di cui \u00e8 un grande sostenitore.<\/p>\n<p><a href=\"http:\/\/www.bellunopress.it\/fr\/2018\/03\/10\/vinitaly-i-vini-piu-venduti-nel-veneto\/vinitaly\/\" rel=\"attachment wp-att-93408\"><img loading=\"lazy\" decoding=\"async\" class=\"alignleft size-full wp-image-93408\" src=\"http:\/\/www.bellunopress.it\/wp-content\/uploads\/2018\/03\/vinitaly.jpg\" alt=\"\" width=\"300\" height=\"144\" \/><\/a>Dei vini eroici parleranno invece Enzo Guarnieri, presidente del Consorzio di tutela Coste del Feltrino e Diego Donazzolo, presidente di Confagricoltura Belluno, alla presenza del presidente regionale di Confagricoltura Lodovico Giustiniani. Saranno presenti cinque cantine del Feltrino che si contraddistinguono per la cosiddetta viticoltura eroica, cio\u00e8 legata alle forti pendenze e alla manualit\u00e0 delle lavorazioni, che ha lo scopo di recuperare terreni che altrimenti resterebbero incolti e abbandonati. Un\u2019attivit\u00e0 che si sta molto sviluppando in questi anni non solo in Valbelluna, ma anche sulle montagne della sinistra Piave da Mel a Lentiai e sull\u2019altopiano dell\u2019Alpago.<\/p>\n<p>\u201cNon si tratta solo di poesia, ma di vera e propria attivit\u00e0 economica \u2013 spiega Enzo Guarnieri -. C\u2019\u00e8 molto fermento attorno alla viticoltura eroica, sia da parte dei produttori che sono in continua crescita, sia da parte degli esperti e degli addetti ai lavori, che apprezzano la tipicit\u00e0 e la qualit\u00e0 di queste produzioni. Anche i ristoranti di alto livello cominciano a conoscere questo fenomeno di nicchia e a richiedere le nostre bottiglie sulle loro tavole. Noi ci crediamo fortemente. Nel consorzio ci sono 12 aziende, per un totale di 30 ettari e 1.500 ettolitri di vino all\u2019anno, numeri che ci hanno consentito di avviare le pratiche per chiedere la doc, che si chiamer\u00e0 Coste del Feltrino. Un iter complesso, ma abbiamo tutte le carte in regola e puntiamo dritti all\u2019obiettivo\u201d.<\/p>\n<p>Quest\u2019anno al Vinitaly ci saranno alcune cantine nuove rispetto alla scorsa edizione. Ci sar\u00e0 l\u2019azienda Al Tor di Mario Borsa, di Pedavena, che produce un ottimo passito rosso; l\u2019azienda De Bacco di Seren del Grappa, che produce rossi e spumanti ai piedi delle Dolomiti; la Bonan di Fonzaso, che ha tra le sue perle il Puster bianco (bianco sur lie e Pinot bianco); la Guarnieri di Feltre, con vini aromatici e gradazione alcolica a standard elevato; e la Pian delle Vette di Feltre, con Brut e rossi dal sentore di fragoline di bosco. Le aziende recuperano variet\u00e0 autoctone come Bianchetta, Pavana Gata, Turca e alcune variet\u00e0 internazionali che stanno dando buoni risultati nel territorio bellunese, simile al Trentino, come Pinot, Chardonnay, Merlot, Traminer aromatico e Manzoni bianco.<\/p>\n<p>\u201cContinuiamo a lavorare per migliorare sempre di pi\u00f9 le produzioni, anche con vinificazioni differenti \u2013 sottolinea Guarnieri -. Vediamo con favore anche la diffusione delle viti resistenti, che possono facilitare il compito di difendere le viti dagli attacchi dei parassiti dato che, a certe altitudini, i trattamenti sono difficili da effettuare. Nel prossimo futuro cercheremo di integrare sempre di pi\u00f9 le nostre produzioni con l\u2019attivit\u00e0 della sostenibilit\u00e0 ambientale, potenziando il progetto che punta a portare le api nei vigneti e anche aumentando il numero di soci che hanno ottenuto la certificazione Sqnpi, riconoscimento ministeriale dato alle cantine che adottano strategie e soluzioni agronomiche nell\u2019ottica di un minor impatto ambientale\u201d.<\/p>\n<p>Secondo i dati di Veneto Agricoltura relativi alla vendemmia 2018, nel Bellunese la superficie vitata \u00e8 salita a 198,34 ettari rispetto ai 167,67 ettari del 2017, in gran parte a bacca bianca (74,49). Ancora in crescita la variet\u00e0 Glera, con 62,18 ettari (+ 9,51%), lo Chardonnay con 26,73 (+ 4,4%) e il Pinot Grigio con 11,49 (+ 4,24%).<\/p>","protected":false},"excerpt":{"rendered":"<p>Belluno, 2 aprile 2019 \u2013 Sar\u00e0 Kristian Ghedina il testimonial dei vini bellunesi al Vinitaly che si apre domenica prossima a Verona. Il grande discesista ampezzano sar\u00e0 infatti ospite dello stand di Confagricoltura insieme all\u2019assessore regionale al Turismo, Federico Caner, alla presentazione della \u201cViticoltura eroica nel Bellunese\u201d, che si svolger\u00e0 marted\u00ec 9 aprile alle 12 [&hellip;]<\/p>\n","protected":false},"author":2,"featured_media":0,"comment_status":"closed","ping_status":"open","sticky":false,"template":"","format":"standard","meta":{"footnotes":""},"categories":[27,3393,25],"tags":[],"class_list":["post-103411","post","type-post","status-publish","format-standard","category-appuntamenti","category-eventi-enogastronomici","category-pausa-caffe"],"yoast_head":"<!-- This site is optimized with the Yoast SEO plugin v28.4 - https:\/\/yoast.com\/product\/yoast-seo-wordpress\/ -->\n<title>Vinitaly 2019. Kristian Ghedina testimonial dei vini bellunesi nello stand di Confagricoltura.\u00a0Guarnieri, consorzio Coste del Feltrino: \u201cAvviate le pratiche per chiedere la doc\u201d - Bellunopress - Dolomiti<\/title>\n<meta name=\"robots\" content=\"index, follow, max-snippet:-1, max-image-preview:large, max-video-preview:-1\" \/>\n<link rel=\"canonical\" href=\"https:\/\/www.bellunopress.it\/fr\/2019\/04\/02\/vinitaly-2019-kristian-ghedina-testimonial-dei-vini-bellunesi-nello-stand-di-confagricoltura-guarnieri-consorzio-coste-del-feltrino-avviate-le-pratiche-per-chiedere-la-doc\/\" \/>\n<meta property=\"og:locale\" content=\"fr_FR\" \/>\n<meta property=\"og:type\" content=\"article\" \/>\n<meta property=\"og:title\" content=\"Vinitaly 2019. Kristian Ghedina testimonial dei vini bellunesi nello stand di Confagricoltura.\u00a0Guarnieri, consorzio Coste del Feltrino: \u201cAvviate le pratiche per chiedere la doc\u201d - Bellunopress - Dolomiti\" \/>\n<meta property=\"og:description\" content=\"Belluno, 2 aprile 2019 \u2013 Sar\u00e0 Kristian Ghedina il testimonial dei vini bellunesi al Vinitaly che si apre domenica prossima a Verona. Il grande discesista ampezzano sar\u00e0 infatti ospite dello stand di Confagricoltura insieme all\u2019assessore regionale al Turismo, Federico Caner, alla presentazione della \u201cViticoltura eroica nel Bellunese\u201d, che si svolger\u00e0 marted\u00ec 9 aprile alle 12 [&hellip;]\" \/>\n<meta property=\"og:url\" content=\"https:\/\/www.bellunopress.it\/fr\/2019\/04\/02\/vinitaly-2019-kristian-ghedina-testimonial-dei-vini-bellunesi-nello-stand-di-confagricoltura-guarnieri-consorzio-coste-del-feltrino-avviate-le-pratiche-per-chiedere-la-doc\/\" \/>\n<meta property=\"og:site_name\" content=\"Bellunopress - Dolomiti\" \/>\n<meta property=\"article:publisher\" content=\"https:\/\/www.facebook.com\/profile.php?id=100008943462799\" \/>\n<meta property=\"article:published_time\" content=\"2019-04-02T11:18:52+00:00\" \/>\n<meta property=\"og:image\" content=\"http:\/\/www.bellunopress.it\/wp-content\/uploads\/2018\/03\/vinitaly.jpg\" \/>\n<meta name=\"author\" content=\"redazione\" \/>\n<meta name=\"twitter:card\" content=\"summary_large_image\" \/>\n<meta name=\"twitter:creator\" content=\"@bellunopress\" \/>\n<meta name=\"twitter:site\" content=\"@bellunopress\" \/>\n<meta name=\"twitter:label1\" content=\"\u00c9crit par\" \/>\n\t<meta name=\"twitter:data1\" content=\"redazione\" \/>\n\t<meta name=\"twitter:label2\" content=\"Dur\u00e9e de lecture estim\u00e9e\" \/>\n\t<meta name=\"twitter:data2\" content=\"3 minutes\" \/>\n<script type=\"application\/ld+json\" class=\"yoast-schema-graph\">{\"@context\":\"https:\\\/\\\/schema.org\",\"@graph\":[{\"@type\":\"Article\",\"@id\":\"https:\\\/\\\/www.bellunopress.it\\\/2019\\\/04\\\/02\\\/vinitaly-2019-kristian-ghedina-testimonial-dei-vini-bellunesi-nello-stand-di-confagricoltura-guarnieri-consorzio-coste-del-feltrino-avviate-le-pratiche-per-chiedere-la-doc\\\/#article\",\"isPartOf\":{\"@id\":\"https:\\\/\\\/www.bellunopress.it\\\/2019\\\/04\\\/02\\\/vinitaly-2019-kristian-ghedina-testimonial-dei-vini-bellunesi-nello-stand-di-confagricoltura-guarnieri-consorzio-coste-del-feltrino-avviate-le-pratiche-per-chiedere-la-doc\\\/\"},\"author\":{\"name\":\"redazione\",\"@id\":\"https:\\\/\\\/www.bellunopress.it\\\/#\\\/schema\\\/person\\\/79bb06722b37ece1c03d3e94beb30d73\"},\"headline\":\"Vinitaly 2019. Kristian Ghedina testimonial dei vini bellunesi nello stand di Confagricoltura.\u00a0Guarnieri, consorzio Coste del Feltrino: \u201cAvviate le pratiche per chiedere la doc\u201d\",\"datePublished\":\"2019-04-02T11:18:52+00:00\",\"mainEntityOfPage\":{\"@id\":\"https:\\\/\\\/www.bellunopress.it\\\/2019\\\/04\\\/02\\\/vinitaly-2019-kristian-ghedina-testimonial-dei-vini-bellunesi-nello-stand-di-confagricoltura-guarnieri-consorzio-coste-del-feltrino-avviate-le-pratiche-per-chiedere-la-doc\\\/\"},\"wordCount\":682,\"publisher\":{\"@id\":\"https:\\\/\\\/www.bellunopress.it\\\/#organization\"},\"image\":{\"@id\":\"https:\\\/\\\/www.bellunopress.it\\\/2019\\\/04\\\/02\\\/vinitaly-2019-kristian-ghedina-testimonial-dei-vini-bellunesi-nello-stand-di-confagricoltura-guarnieri-consorzio-coste-del-feltrino-avviate-le-pratiche-per-chiedere-la-doc\\\/#primaryimage\"},\"thumbnailUrl\":\"http:\\\/\\\/www.bellunopress.it\\\/wp-content\\\/uploads\\\/2018\\\/03\\\/vinitaly.jpg\",\"articleSection\":[\"Appuntamenti, Eventi\",\"Eventi enogastronomici\",\"Pausa Caff\u00e8\"],\"inLanguage\":\"fr-FR\"},{\"@type\":\"WebPage\",\"@id\":\"https:\\\/\\\/www.bellunopress.it\\\/2019\\\/04\\\/02\\\/vinitaly-2019-kristian-ghedina-testimonial-dei-vini-bellunesi-nello-stand-di-confagricoltura-guarnieri-consorzio-coste-del-feltrino-avviate-le-pratiche-per-chiedere-la-doc\\\/\",\"url\":\"https:\\\/\\\/www.bellunopress.it\\\/2019\\\/04\\\/02\\\/vinitaly-2019-kristian-ghedina-testimonial-dei-vini-bellunesi-nello-stand-di-confagricoltura-guarnieri-consorzio-coste-del-feltrino-avviate-le-pratiche-per-chiedere-la-doc\\\/\",\"name\":\"Vinitaly 2019. Kristian Ghedina testimonial dei vini bellunesi nello stand di Confagricoltura.\u00a0Guarnieri, consorzio Coste del Feltrino: \u201cAvviate le pratiche per chiedere la doc\u201d - Bellunopress - Dolomiti\",\"isPartOf\":{\"@id\":\"https:\\\/\\\/www.bellunopress.it\\\/#website\"},\"primaryImageOfPage\":{\"@id\":\"https:\\\/\\\/www.bellunopress.it\\\/2019\\\/04\\\/02\\\/vinitaly-2019-kristian-ghedina-testimonial-dei-vini-bellunesi-nello-stand-di-confagricoltura-guarnieri-consorzio-coste-del-feltrino-avviate-le-pratiche-per-chiedere-la-doc\\\/#primaryimage\"},\"image\":{\"@id\":\"https:\\\/\\\/www.bellunopress.it\\\/2019\\\/04\\\/02\\\/vinitaly-2019-kristian-ghedina-testimonial-dei-vini-bellunesi-nello-stand-di-confagricoltura-guarnieri-consorzio-coste-del-feltrino-avviate-le-pratiche-per-chiedere-la-doc\\\/#primaryimage\"},\"thumbnailUrl\":\"http:\\\/\\\/www.bellunopress.it\\\/wp-content\\\/uploads\\\/2018\\\/03\\\/vinitaly.jpg\",\"datePublished\":\"2019-04-02T11:18:52+00:00\",\"breadcrumb\":{\"@id\":\"https:\\\/\\\/www.bellunopress.it\\\/2019\\\/04\\\/02\\\/vinitaly-2019-kristian-ghedina-testimonial-dei-vini-bellunesi-nello-stand-di-confagricoltura-guarnieri-consorzio-coste-del-feltrino-avviate-le-pratiche-per-chiedere-la-doc\\\/#breadcrumb\"},\"inLanguage\":\"fr-FR\",\"potentialAction\":[{\"@type\":\"ReadAction\",\"target\":[\"https:\\\/\\\/www.bellunopress.it\\\/2019\\\/04\\\/02\\\/vinitaly-2019-kristian-ghedina-testimonial-dei-vini-bellunesi-nello-stand-di-confagricoltura-guarnieri-consorzio-coste-del-feltrino-avviate-le-pratiche-per-chiedere-la-doc\\\/\"]}]},{\"@type\":\"ImageObject\",\"inLanguage\":\"fr-FR\",\"@id\":\"https:\\\/\\\/www.bellunopress.it\\\/2019\\\/04\\\/02\\\/vinitaly-2019-kristian-ghedina-testimonial-dei-vini-bellunesi-nello-stand-di-confagricoltura-guarnieri-consorzio-coste-del-feltrino-avviate-le-pratiche-per-chiedere-la-doc\\\/#primaryimage\",\"url\":\"http:\\\/\\\/www.bellunopress.it\\\/wp-content\\\/uploads\\\/2018\\\/03\\\/vinitaly.jpg\",\"contentUrl\":\"http:\\\/\\\/www.bellunopress.it\\\/wp-content\\\/uploads\\\/2018\\\/03\\\/vinitaly.jpg\"},{\"@type\":\"BreadcrumbList\",\"@id\":\"https:\\\/\\\/www.bellunopress.it\\\/2019\\\/04\\\/02\\\/vinitaly-2019-kristian-ghedina-testimonial-dei-vini-bellunesi-nello-stand-di-confagricoltura-guarnieri-consorzio-coste-del-feltrino-avviate-le-pratiche-per-chiedere-la-doc\\\/#breadcrumb\",\"itemListElement\":[{\"@type\":\"ListItem\",\"position\":1,\"name\":\"Home\",\"item\":\"https:\\\/\\\/www.bellunopress.it\\\/\"},{\"@type\":\"ListItem\",\"position\":2,\"name\":\"Vinitaly 2019. Kristian Ghedina testimonial dei vini bellunesi nello stand di Confagricoltura.\u00a0Guarnieri, consorzio Coste del Feltrino: \u201cAvviate le pratiche per chiedere la doc\u201d\"}]},{\"@type\":\"WebSite\",\"@id\":\"https:\\\/\\\/www.bellunopress.it\\\/#website\",\"url\":\"https:\\\/\\\/www.bellunopress.it\\\/\",\"name\":\"Bellunopress - Dolomiti\",\"description\":\"e-mail: redazione@bellunopress.it\",\"publisher\":{\"@id\":\"https:\\\/\\\/www.bellunopress.it\\\/#organization\"},\"potentialAction\":[{\"@type\":\"SearchAction\",\"target\":{\"@type\":\"EntryPoint\",\"urlTemplate\":\"https:\\\/\\\/www.bellunopress.it\\\/?s={search_term_string}\"},\"query-input\":{\"@type\":\"PropertyValueSpecification\",\"valueRequired\":true,\"valueName\":\"search_term_string\"}}],\"inLanguage\":\"fr-FR\"},{\"@type\":\"Organization\",\"@id\":\"https:\\\/\\\/www.bellunopress.it\\\/#organization\",\"name\":\"Bellunopress\",\"url\":\"https:\\\/\\\/www.bellunopress.it\\\/\",\"logo\":{\"@type\":\"ImageObject\",\"inLanguage\":\"fr-FR\",\"@id\":\"https:\\\/\\\/www.bellunopress.it\\\/#\\\/schema\\\/logo\\\/image\\\/\",\"url\":\"https:\\\/\\\/www.bellunopress.it\\\/wp-content\\\/uploads\\\/2011\\\/05\\\/cropped-logo-bellunopress-.jpg\",\"contentUrl\":\"https:\\\/\\\/www.bellunopress.it\\\/wp-content\\\/uploads\\\/2011\\\/05\\\/cropped-logo-bellunopress-.jpg\",\"width\":512,\"height\":512,\"caption\":\"Bellunopress\"},\"image\":{\"@id\":\"https:\\\/\\\/www.bellunopress.it\\\/#\\\/schema\\\/logo\\\/image\\\/\"},\"sameAs\":[\"https:\\\/\\\/www.facebook.com\\\/profile.php?id=100008943462799\",\"https:\\\/\\\/x.com\\\/bellunopress\",\"https:\\\/\\\/www.linkedin.com\\\/hp\\\/?dnr=JBzUWaJfMUw8vbXJJ2tVW5-I3jZKvC4wsoxE&amp;amp;amp;amp;amp;amp;trk=nav_responsive_tab_home\",\"https:\\\/\\\/www.youtube.com\\\/channel\\\/UCxL0wu1uN0_3_7hGG0306cw\"]},{\"@type\":\"Person\",\"@id\":\"https:\\\/\\\/www.bellunopress.it\\\/#\\\/schema\\\/person\\\/79bb06722b37ece1c03d3e94beb30d73\",\"name\":\"redazione\",\"image\":{\"@type\":\"ImageObject\",\"inLanguage\":\"fr-FR\",\"@id\":\"https:\\\/\\\/secure.gravatar.com\\\/avatar\\\/37d968a2e67a6fd04c169c4bdef102d0bc5d31b2546345219e348575eb80e9a0?s=96&d=mm&r=g\",\"url\":\"https:\\\/\\\/secure.gravatar.com\\\/avatar\\\/37d968a2e67a6fd04c169c4bdef102d0bc5d31b2546345219e348575eb80e9a0?s=96&d=mm&r=g\",\"contentUrl\":\"https:\\\/\\\/secure.gravatar.com\\\/avatar\\\/37d968a2e67a6fd04c169c4bdef102d0bc5d31b2546345219e348575eb80e9a0?s=96&d=mm&r=g\",\"caption\":\"redazione\"},\"sameAs\":[\"http:\\\/\\\/www.bellunopress.it\",\"https:\\\/\\\/x.com\\\/bellunopress\"],\"url\":\"https:\\\/\\\/www.bellunopress.it\\\/fr\\\/author\\\/redazione\\\/\"}]}<\/script>\n<!-- \/ Yoast SEO plugin. -->","yoast_head_json":{"title":"Vinitaly 2019. Kristian Ghedina testimonial dei vini bellunesi nello stand di Confagricoltura.\u00a0Guarnieri, consorzio Coste del Feltrino: \u201cAvviate le pratiche per chiedere la doc\u201d - Bellunopress - Dolomiti","robots":{"index":"index","follow":"follow","max-snippet":"max-snippet:-1","max-image-preview":"max-image-preview:large","max-video-preview":"max-video-preview:-1"},"canonical":"https:\/\/www.bellunopress.it\/fr\/2019\/04\/02\/vinitaly-2019-kristian-ghedina-testimonial-dei-vini-bellunesi-nello-stand-di-confagricoltura-guarnieri-consorzio-coste-del-feltrino-avviate-le-pratiche-per-chiedere-la-doc\/","og_locale":"fr_FR","og_type":"article","og_title":"Vinitaly 2019. Kristian Ghedina testimonial dei vini bellunesi nello stand di Confagricoltura.\u00a0Guarnieri, consorzio Coste del Feltrino: \u201cAvviate le pratiche per chiedere la doc\u201d - Bellunopress - Dolomiti","og_description":"Belluno, 2 aprile 2019 \u2013 Sar\u00e0 Kristian Ghedina il testimonial dei vini bellunesi al Vinitaly che si apre domenica prossima a Verona. Il grande discesista ampezzano sar\u00e0 infatti ospite dello stand di Confagricoltura insieme all\u2019assessore regionale al Turismo, Federico Caner, alla presentazione della \u201cViticoltura eroica nel Bellunese\u201d, che si svolger\u00e0 marted\u00ec 9 aprile alle 12 [&hellip;]","og_url":"https:\/\/www.bellunopress.it\/fr\/2019\/04\/02\/vinitaly-2019-kristian-ghedina-testimonial-dei-vini-bellunesi-nello-stand-di-confagricoltura-guarnieri-consorzio-coste-del-feltrino-avviate-le-pratiche-per-chiedere-la-doc\/","og_site_name":"Bellunopress - Dolomiti","article_publisher":"https:\/\/www.facebook.com\/profile.php?id=100008943462799","article_published_time":"2019-04-02T11:18:52+00:00","og_image":[{"url":"http:\/\/www.bellunopress.it\/wp-content\/uploads\/2018\/03\/vinitaly.jpg","type":"","width":"","height":""}],"author":"redazione","twitter_card":"summary_large_image","twitter_creator":"@bellunopress","twitter_site":"@bellunopress","twitter_misc":{"\u00c9crit par":"redazione","Dur\u00e9e de lecture estim\u00e9e":"3 minutes"},"schema":{"@context":"https:\/\/schema.org","@graph":[{"@type":"Article","@id":"https:\/\/www.bellunopress.it\/2019\/04\/02\/vinitaly-2019-kristian-ghedina-testimonial-dei-vini-bellunesi-nello-stand-di-confagricoltura-guarnieri-consorzio-coste-del-feltrino-avviate-le-pratiche-per-chiedere-la-doc\/#article","isPartOf":{"@id":"https:\/\/www.bellunopress.it\/2019\/04\/02\/vinitaly-2019-kristian-ghedina-testimonial-dei-vini-bellunesi-nello-stand-di-confagricoltura-guarnieri-consorzio-coste-del-feltrino-avviate-le-pratiche-per-chiedere-la-doc\/"},"author":{"name":"redazione","@id":"https:\/\/www.bellunopress.it\/#\/schema\/person\/79bb06722b37ece1c03d3e94beb30d73"},"headline":"Vinitaly 2019. Kristian Ghedina testimonial dei vini bellunesi nello stand di Confagricoltura.\u00a0Guarnieri, consorzio Coste del Feltrino: \u201cAvviate le pratiche per chiedere la doc\u201d","datePublished":"2019-04-02T11:18:52+00:00","mainEntityOfPage":{"@id":"https:\/\/www.bellunopress.it\/2019\/04\/02\/vinitaly-2019-kristian-ghedina-testimonial-dei-vini-bellunesi-nello-stand-di-confagricoltura-guarnieri-consorzio-coste-del-feltrino-avviate-le-pratiche-per-chiedere-la-doc\/"},"wordCount":682,"publisher":{"@id":"https:\/\/www.bellunopress.it\/#organization"},"image":{"@id":"https:\/\/www.bellunopress.it\/2019\/04\/02\/vinitaly-2019-kristian-ghedina-testimonial-dei-vini-bellunesi-nello-stand-di-confagricoltura-guarnieri-consorzio-coste-del-feltrino-avviate-le-pratiche-per-chiedere-la-doc\/#primaryimage"},"thumbnailUrl":"http:\/\/www.bellunopress.it\/wp-content\/uploads\/2018\/03\/vinitaly.jpg","articleSection":["Appuntamenti, Eventi","Eventi enogastronomici","Pausa Caff\u00e8"],"inLanguage":"fr-FR"},{"@type":"WebPage","@id":"https:\/\/www.bellunopress.it\/2019\/04\/02\/vinitaly-2019-kristian-ghedina-testimonial-dei-vini-bellunesi-nello-stand-di-confagricoltura-guarnieri-consorzio-coste-del-feltrino-avviate-le-pratiche-per-chiedere-la-doc\/","url":"https:\/\/www.bellunopress.it\/2019\/04\/02\/vinitaly-2019-kristian-ghedina-testimonial-dei-vini-bellunesi-nello-stand-di-confagricoltura-guarnieri-consorzio-coste-del-feltrino-avviate-le-pratiche-per-chiedere-la-doc\/","name":"Vinitaly 2019. Kristian Ghedina testimonial dei vini bellunesi nello stand di Confagricoltura.\u00a0Guarnieri, consorzio Coste del Feltrino: \u201cAvviate le pratiche per chiedere la doc\u201d - Bellunopress - Dolomiti","isPartOf":{"@id":"https:\/\/www.bellunopress.it\/#website"},"primaryImageOfPage":{"@id":"https:\/\/www.bellunopress.it\/2019\/04\/02\/vinitaly-2019-kristian-ghedina-testimonial-dei-vini-bellunesi-nello-stand-di-confagricoltura-guarnieri-consorzio-coste-del-feltrino-avviate-le-pratiche-per-chiedere-la-doc\/#primaryimage"},"image":{"@id":"https:\/\/www.bellunopress.it\/2019\/04\/02\/vinitaly-2019-kristian-ghedina-testimonial-dei-vini-bellunesi-nello-stand-di-confagricoltura-guarnieri-consorzio-coste-del-feltrino-avviate-le-pratiche-per-chiedere-la-doc\/#primaryimage"},"thumbnailUrl":"http:\/\/www.bellunopress.it\/wp-content\/uploads\/2018\/03\/vinitaly.jpg","datePublished":"2019-04-02T11:18:52+00:00","breadcrumb":{"@id":"https:\/\/www.bellunopress.it\/2019\/04\/02\/vinitaly-2019-kristian-ghedina-testimonial-dei-vini-bellunesi-nello-stand-di-confagricoltura-guarnieri-consorzio-coste-del-feltrino-avviate-le-pratiche-per-chiedere-la-doc\/#breadcrumb"},"inLanguage":"fr-FR","potentialAction":[{"@type":"ReadAction","target":["https:\/\/www.bellunopress.it\/2019\/04\/02\/vinitaly-2019-kristian-ghedina-testimonial-dei-vini-bellunesi-nello-stand-di-confagricoltura-guarnieri-consorzio-coste-del-feltrino-avviate-le-pratiche-per-chiedere-la-doc\/"]}]},{"@type":"ImageObject","inLanguage":"fr-FR","@id":"https:\/\/www.bellunopress.it\/2019\/04\/02\/vinitaly-2019-kristian-ghedina-testimonial-dei-vini-bellunesi-nello-stand-di-confagricoltura-guarnieri-consorzio-coste-del-feltrino-avviate-le-pratiche-per-chiedere-la-doc\/#primaryimage","url":"http:\/\/www.bellunopress.it\/wp-content\/uploads\/2018\/03\/vinitaly.jpg","contentUrl":"http:\/\/www.bellunopress.it\/wp-content\/uploads\/2018\/03\/vinitaly.jpg"},{"@type":"BreadcrumbList","@id":"https:\/\/www.bellunopress.it\/2019\/04\/02\/vinitaly-2019-kristian-ghedina-testimonial-dei-vini-bellunesi-nello-stand-di-confagricoltura-guarnieri-consorzio-coste-del-feltrino-avviate-le-pratiche-per-chiedere-la-doc\/#breadcrumb","itemListElement":[{"@type":"ListItem","position":1,"name":"Home","item":"https:\/\/www.bellunopress.it\/"},{"@type":"ListItem","position":2,"name":"Vinitaly 2019. Kristian Ghedina testimonial dei vini bellunesi nello stand di Confagricoltura.\u00a0Guarnieri, consorzio Coste del Feltrino: \u201cAvviate le pratiche per chiedere la doc\u201d"}]},{"@type":"WebSite","@id":"https:\/\/www.bellunopress.it\/#website","url":"https:\/\/www.bellunopress.it\/","name":"Bellunopress - Dolomiti","description":"e-mail: redazione@bellunopress.it","publisher":{"@id":"https:\/\/www.bellunopress.it\/#organization"},"potentialAction":[{"@type":"SearchAction","target":{"@type":"EntryPoint","urlTemplate":"https:\/\/www.bellunopress.it\/?s={search_term_string}"},"query-input":{"@type":"PropertyValueSpecification","valueRequired":true,"valueName":"search_term_string"}}],"inLanguage":"fr-FR"},{"@type":"Organization","@id":"https:\/\/www.bellunopress.it\/#organization","name":"Bellunopress","url":"https:\/\/www.bellunopress.it\/","logo":{"@type":"ImageObject","inLanguage":"fr-FR","@id":"https:\/\/www.bellunopress.it\/#\/schema\/logo\/image\/","url":"https:\/\/www.bellunopress.it\/wp-content\/uploads\/2011\/05\/cropped-logo-bellunopress-.jpg","contentUrl":"https:\/\/www.bellunopress.it\/wp-content\/uploads\/2011\/05\/cropped-logo-bellunopress-.jpg","width":512,"height":512,"caption":"Bellunopress"},"image":{"@id":"https:\/\/www.bellunopress.it\/#\/schema\/logo\/image\/"},"sameAs":["https:\/\/www.facebook.com\/profile.php?id=100008943462799","https:\/\/x.com\/bellunopress","https:\/\/www.linkedin.com\/hp\/?dnr=JBzUWaJfMUw8vbXJJ2tVW5-I3jZKvC4wsoxE&amp;amp;amp;amp;amp;amp;trk=nav_responsive_tab_home","https:\/\/www.youtube.com\/channel\/UCxL0wu1uN0_3_7hGG0306cw"]},{"@type":"Person","@id":"https:\/\/www.bellunopress.it\/#\/schema\/person\/79bb06722b37ece1c03d3e94beb30d73","name":"r\u00e9daction","image":{"@type":"ImageObject","inLanguage":"fr-FR","@id":"https:\/\/secure.gravatar.com\/avatar\/37d968a2e67a6fd04c169c4bdef102d0bc5d31b2546345219e348575eb80e9a0?s=96&d=mm&r=g","url":"https:\/\/secure.gravatar.com\/avatar\/37d968a2e67a6fd04c169c4bdef102d0bc5d31b2546345219e348575eb80e9a0?s=96&d=mm&r=g","contentUrl":"https:\/\/secure.gravatar.com\/avatar\/37d968a2e67a6fd04c169c4bdef102d0bc5d31b2546345219e348575eb80e9a0?s=96&d=mm&r=g","caption":"redazione"},"sameAs":["http:\/\/www.bellunopress.it","https:\/\/x.com\/bellunopress"],"url":"https:\/\/www.bellunopress.it\/fr\/author\/redazione\/"}]}},"_links":{"self":[{"href":"https:\/\/www.bellunopress.it\/fr\/wp-json\/wp\/v2\/posts\/103411","targetHints":{"allow":["GET"]}}],"collection":[{"href":"https:\/\/www.bellunopress.it\/fr\/wp-json\/wp\/v2\/posts"}],"about":[{"href":"https:\/\/www.bellunopress.it\/fr\/wp-json\/wp\/v2\/types\/post"}],"author":[{"embeddable":true,"href":"https:\/\/www.bellunopress.it\/fr\/wp-json\/wp\/v2\/users\/2"}],"replies":[{"embeddable":true,"href":"https:\/\/www.bellunopress.it\/fr\/wp-json\/wp\/v2\/comments?post=103411"}],"version-history":[{"count":1,"href":"https:\/\/www.bellunopress.it\/fr\/wp-json\/wp\/v2\/posts\/103411\/revisions"}],"predecessor-version":[{"id":103413,"href":"https:\/\/www.bellunopress.it\/fr\/wp-json\/wp\/v2\/posts\/103411\/revisions\/103413"}],"wp:attachment":[{"href":"https:\/\/www.bellunopress.it\/fr\/wp-json\/wp\/v2\/media?parent=103411"}],"wp:term":[{"taxonomy":"category","embeddable":true,"href":"https:\/\/www.bellunopress.it\/fr\/wp-json\/wp\/v2\/categories?post=103411"},{"taxonomy":"post_tag","embeddable":true,"href":"https:\/\/www.bellunopress.it\/fr\/wp-json\/wp\/v2\/tags?post=103411"}],"curies":[{"name":"wp","href":"https:\/\/api.w.org\/{rel}","templated":true}]}}