{"id":103405,"date":"2019-04-03T11:00:12","date_gmt":"2019-04-03T09:00:12","guid":{"rendered":"http:\/\/www.bellunopress.it\/?p=103405"},"modified":"2019-04-02T13:15:32","modified_gmt":"2019-04-02T11:15:32","slug":"lacqua-un-bene-comune-sabato-6-aprile-a-torch-pieve-il-secondo-appuntamento-con-la-decima-edizione-del-mese-del-libro-alpago","status":"publish","type":"post","link":"https:\/\/www.bellunopress.it\/fr\/2019\/04\/03\/lacqua-un-bene-comune-sabato-6-aprile-a-torch-pieve-il-secondo-appuntamento-con-la-decima-edizione-del-mese-del-libro-alpago\/","title":{"rendered":"L\u2019acqua, un bene comune: sabato 6 aprile, a Torch (Pieve), il secondo appuntamento con la decima edizione del Mese del Libro Alpago"},"content":{"rendered":"<figure id=\"attachment_103407\" aria-describedby=\"caption-attachment-103407\" style=\"width: 300px\" class=\"wp-caption alignleft\"><a href=\"http:\/\/www.bellunopress.it\/fr\/?attachment_id=103407\" rel=\"attachment wp-att-103407\"><img loading=\"lazy\" decoding=\"async\" class=\"size-full wp-image-103407\" src=\"http:\/\/www.bellunopress.it\/wp-content\/uploads\/2019\/04\/Elisa_Cozzarini_2019_vert_leggera.jpg\" alt=\"\" width=\"300\" height=\"353\" \/><\/a><figcaption id=\"caption-attachment-103407\" class=\"wp-caption-text\">Elisa Cozzarini<\/figcaption><\/figure>\n<figure id=\"attachment_103410\" aria-describedby=\"caption-attachment-103410\" style=\"width: 250px\" class=\"wp-caption alignleft\"><a href=\"http:\/\/www.bellunopress.it\/fr\/?attachment_id=103410\" rel=\"attachment wp-att-103410\"><img loading=\"lazy\" decoding=\"async\" class=\"wp-image-103410 size-full\" src=\"http:\/\/www.bellunopress.it\/wp-content\/uploads\/2019\/04\/Ezio-Franceschini-foto_leggera.jpg\" alt=\"\" width=\"250\" height=\"351\" \/><\/a><figcaption id=\"caption-attachment-103410\" class=\"wp-caption-text\">Ezio Franceschini<\/figcaption><\/figure>\n<p>Due libri raccontano l\u2019assalto ai torrenti di montagna. Elisa Cozzarini, autrice del libro inchiesta \u201cRadici Liquide\u201d (ed. Nuova Dimensione, 2018) \u00e8 l\u2019ospite del secondo appuntamento del Mese del Libro Alpago insieme a Ezio Franceschini, autore del romanzo \u201cAccadue\u00f2\u201d (Lfa Publisher, 2018), che condurr\u00e0 la serata in programma sabato 6 aprile (alle 20.30) alla ex latteria di Torch (Pieve). Entrambi i libri, da prospettive diverse, mettono al centro lo sfruttamento indiscriminato delle acque libere che scorrono nei torrenti dolomitici tutelati dall\u2019Unesco, minacciando l\u2019ambiente e il paesaggio. <a href=\"http:\/\/www.bellunopress.it\/fr\/?attachment_id=103408\" rel=\"attachment wp-att-103408\"><img loading=\"lazy\" decoding=\"async\" class=\"alignright size-full wp-image-103408\" src=\"http:\/\/www.bellunopress.it\/wp-content\/uploads\/2019\/04\/radici-liquide-cover_leggera.jpg\" alt=\"\" width=\"250\" height=\"380\" \/><\/a><br \/>\nIl primo \u00e8 un lungo e impegnativo reportage condotto lungo tutto l\u2019arco alpino, dalla Val d\u2019Aosta al Friuli. Elisa Cozzarini, pordenonese, ha incontrato i numerosi comitati che contrastano il proliferare delle minicentraline idroelettriche in montagna, traendone un lavoro vivo e indicativo di una situazione che interessa molto da vicino anche il Bellunese, come confermano le cronache quotidiane.<br \/>\n<a href=\"http:\/\/www.bellunopress.it\/fr\/?attachment_id=103409\" rel=\"attachment wp-att-103409\"><img loading=\"lazy\" decoding=\"async\" class=\"size-full wp-image-103409 alignleft\" src=\"http:\/\/www.bellunopress.it\/wp-content\/uploads\/2019\/04\/Copertina-Accadue\u00f2_contrast_leggera.jpg\" alt=\"\" width=\"250\" height=\"350\" \/><\/a>\u201cAccadue\u00f2\u201d \u00e8 un romanzo che parla di acqua rubata e interessi privati ma anche di montagna, della gente e delle persone che la abitano. Una terra di confine divisa da due guerre che non ha ancora ottenuto lo status di montagna, concesso invece ai cugini tedeschi. Personaggi in parte riconoscibili e in parte meno, come i luoghi in cui si svolge la vicenda narrata dall\u2019autore e giornalista veneziano, curatore della rassegna insieme ad Antonio G.Bortoluzzi.<br \/>\nPresentati nell\u2019ultime edizione di \u201cOltre le Vette\u201d da Flavio Faoro, gli autori dei due libri citati sabato saranno ospiti dell\u2019Aps dell\u2019ex-latteria di Torch per condividere immagini, storie e testimonianze e confrontarsi su aspetti relativi all\u2019ambiente e al territorio con il pubblico e con le associazioni Italia Nostra, Freerivers, Sos Fiumi e Peraltrestrade.<br \/>\n&#8220;Un tema importante quello dell&#8217;acqua&#8221;, commentano il vicesindaco di Alpago, Vanessa De Francesch e il consigliere Laura Funes, che seguono la rassegna culturale, di libri e di incontri con personaggi del territorio promossa dal Comune di Alpago col patrocinio degli altri due Comuni della conca &#8220;abbiamo visto chiaramente con Mercalli che le questioni ambientali interessano molto le persone che vivono in un contesto naturale come il nostro, bello quanto fragile&#8221;.<br \/>\nLa serata \u00e8 organizzata in collaborazione con la Biblioteca di Pieve.<br \/>\nPer informazioni telefonare allo 0437 478086 (ore ufficio) o via mail: anagrafe.alpago@alpago.bl.it; gli eventi sono disponibili sulla pagina FB Mese del Libro Alpago e nell\u2019App Tourist Office.<\/p>\n<p>La manifestazione culturale Mese del Libro Alpago, curata dallo scrittore Antonio G. Bortoluzzi e dal giornalista Ezio Franceschini, \u00e8 promossa dal Comune di Alpago con il patrocinio della Regione, la Provincia e i Comuni di Chies d\u2019Alpago e Tambre e organizzata in collaborazione con diverse associazioni e sponsor.<\/p>","protected":false},"excerpt":{"rendered":"<p>Due libri raccontano l\u2019assalto ai torrenti di montagna. Elisa Cozzarini, autrice del libro inchiesta \u201cRadici Liquide\u201d (ed. Nuova Dimensione, 2018) \u00e8 l\u2019ospite del secondo appuntamento del Mese del Libro Alpago insieme a Ezio Franceschini, autore del romanzo \u201cAccadue\u00f2\u201d (Lfa Publisher, 2018), che condurr\u00e0 la serata in programma sabato 6 aprile (alle 20.30) alla ex latteria [&hellip;]<\/p>\n","protected":false},"author":2,"featured_media":0,"comment_status":"closed","ping_status":"open","sticky":false,"template":"","format":"standard","meta":{"footnotes":""},"categories":[27,3,26],"tags":[],"class_list":["post-103405","post","type-post","status-publish","format-standard","category-appuntamenti","category-arte-cultura-spettacoli-scienza-archivi","category-prima-pagina"],"yoast_head":"<!-- This site is optimized with the Yoast SEO plugin v28.4 - https:\/\/yoast.com\/product\/yoast-seo-wordpress\/ -->\n<title>L\u2019acqua, un bene comune: sabato 6 aprile, a Torch (Pieve), il secondo appuntamento con la decima edizione del Mese del Libro Alpago - Bellunopress - Dolomiti<\/title>\n<meta name=\"robots\" content=\"index, follow, max-snippet:-1, max-image-preview:large, max-video-preview:-1\" \/>\n<link rel=\"canonical\" href=\"https:\/\/www.bellunopress.it\/fr\/2019\/04\/03\/lacqua-un-bene-comune-sabato-6-aprile-a-torch-pieve-il-secondo-appuntamento-con-la-decima-edizione-del-mese-del-libro-alpago\/\" \/>\n<meta property=\"og:locale\" content=\"fr_FR\" \/>\n<meta property=\"og:type\" content=\"article\" \/>\n<meta property=\"og:title\" content=\"L\u2019acqua, un bene comune: sabato 6 aprile, a Torch (Pieve), il secondo appuntamento con la decima edizione del Mese del Libro Alpago - Bellunopress - Dolomiti\" \/>\n<meta property=\"og:description\" content=\"Due libri raccontano l\u2019assalto ai torrenti di montagna. Elisa Cozzarini, autrice del libro inchiesta \u201cRadici Liquide\u201d (ed. Nuova Dimensione, 2018) \u00e8 l\u2019ospite del secondo appuntamento del Mese del Libro Alpago insieme a Ezio Franceschini, autore del romanzo \u201cAccadue\u00f2\u201d (Lfa Publisher, 2018), che condurr\u00e0 la serata in programma sabato 6 aprile (alle 20.30) alla ex latteria [&hellip;]\" \/>\n<meta property=\"og:url\" content=\"https:\/\/www.bellunopress.it\/fr\/2019\/04\/03\/lacqua-un-bene-comune-sabato-6-aprile-a-torch-pieve-il-secondo-appuntamento-con-la-decima-edizione-del-mese-del-libro-alpago\/\" \/>\n<meta property=\"og:site_name\" content=\"Bellunopress - Dolomiti\" \/>\n<meta property=\"article:publisher\" content=\"https:\/\/www.facebook.com\/profile.php?id=100008943462799\" \/>\n<meta property=\"article:published_time\" content=\"2019-04-03T09:00:12+00:00\" \/>\n<meta property=\"og:image\" content=\"http:\/\/www.bellunopress.it\/wp-content\/uploads\/2019\/04\/Elisa_Cozzarini_2019_vert_leggera.jpg\" \/>\n<meta name=\"author\" content=\"redazione\" \/>\n<meta name=\"twitter:card\" content=\"summary_large_image\" \/>\n<meta name=\"twitter:creator\" content=\"@bellunopress\" \/>\n<meta name=\"twitter:site\" content=\"@bellunopress\" \/>\n<meta name=\"twitter:label1\" content=\"\u00c9crit par\" \/>\n\t<meta name=\"twitter:data1\" content=\"redazione\" \/>\n\t<meta name=\"twitter:label2\" content=\"Dur\u00e9e de lecture estim\u00e9e\" \/>\n\t<meta name=\"twitter:data2\" content=\"2 minutes\" \/>\n<script type=\"application\/ld+json\" class=\"yoast-schema-graph\">{\"@context\":\"https:\\\/\\\/schema.org\",\"@graph\":[{\"@type\":\"Article\",\"@id\":\"https:\\\/\\\/www.bellunopress.it\\\/2019\\\/04\\\/03\\\/lacqua-un-bene-comune-sabato-6-aprile-a-torch-pieve-il-secondo-appuntamento-con-la-decima-edizione-del-mese-del-libro-alpago\\\/#article\",\"isPartOf\":{\"@id\":\"https:\\\/\\\/www.bellunopress.it\\\/2019\\\/04\\\/03\\\/lacqua-un-bene-comune-sabato-6-aprile-a-torch-pieve-il-secondo-appuntamento-con-la-decima-edizione-del-mese-del-libro-alpago\\\/\"},\"author\":{\"name\":\"redazione\",\"@id\":\"https:\\\/\\\/www.bellunopress.it\\\/#\\\/schema\\\/person\\\/79bb06722b37ece1c03d3e94beb30d73\"},\"headline\":\"L\u2019acqua, un bene comune: sabato 6 aprile, a Torch (Pieve), il secondo appuntamento con la decima edizione del Mese del Libro Alpago\",\"datePublished\":\"2019-04-03T09:00:12+00:00\",\"mainEntityOfPage\":{\"@id\":\"https:\\\/\\\/www.bellunopress.it\\\/2019\\\/04\\\/03\\\/lacqua-un-bene-comune-sabato-6-aprile-a-torch-pieve-il-secondo-appuntamento-con-la-decima-edizione-del-mese-del-libro-alpago\\\/\"},\"wordCount\":473,\"publisher\":{\"@id\":\"https:\\\/\\\/www.bellunopress.it\\\/#organization\"},\"image\":{\"@id\":\"https:\\\/\\\/www.bellunopress.it\\\/2019\\\/04\\\/03\\\/lacqua-un-bene-comune-sabato-6-aprile-a-torch-pieve-il-secondo-appuntamento-con-la-decima-edizione-del-mese-del-libro-alpago\\\/#primaryimage\"},\"thumbnailUrl\":\"http:\\\/\\\/www.bellunopress.it\\\/wp-content\\\/uploads\\\/2019\\\/04\\\/Elisa_Cozzarini_2019_vert_leggera.jpg\",\"articleSection\":[\"Appuntamenti, Eventi\",\"Arte, Cultura, Spettacoli, Scienza\",\"Prima Pagina\"],\"inLanguage\":\"fr-FR\"},{\"@type\":\"WebPage\",\"@id\":\"https:\\\/\\\/www.bellunopress.it\\\/2019\\\/04\\\/03\\\/lacqua-un-bene-comune-sabato-6-aprile-a-torch-pieve-il-secondo-appuntamento-con-la-decima-edizione-del-mese-del-libro-alpago\\\/\",\"url\":\"https:\\\/\\\/www.bellunopress.it\\\/2019\\\/04\\\/03\\\/lacqua-un-bene-comune-sabato-6-aprile-a-torch-pieve-il-secondo-appuntamento-con-la-decima-edizione-del-mese-del-libro-alpago\\\/\",\"name\":\"L\u2019acqua, un bene comune: sabato 6 aprile, a Torch (Pieve), il secondo appuntamento con la decima edizione del Mese del Libro Alpago - Bellunopress - Dolomiti\",\"isPartOf\":{\"@id\":\"https:\\\/\\\/www.bellunopress.it\\\/#website\"},\"primaryImageOfPage\":{\"@id\":\"https:\\\/\\\/www.bellunopress.it\\\/2019\\\/04\\\/03\\\/lacqua-un-bene-comune-sabato-6-aprile-a-torch-pieve-il-secondo-appuntamento-con-la-decima-edizione-del-mese-del-libro-alpago\\\/#primaryimage\"},\"image\":{\"@id\":\"https:\\\/\\\/www.bellunopress.it\\\/2019\\\/04\\\/03\\\/lacqua-un-bene-comune-sabato-6-aprile-a-torch-pieve-il-secondo-appuntamento-con-la-decima-edizione-del-mese-del-libro-alpago\\\/#primaryimage\"},\"thumbnailUrl\":\"http:\\\/\\\/www.bellunopress.it\\\/wp-content\\\/uploads\\\/2019\\\/04\\\/Elisa_Cozzarini_2019_vert_leggera.jpg\",\"datePublished\":\"2019-04-03T09:00:12+00:00\",\"breadcrumb\":{\"@id\":\"https:\\\/\\\/www.bellunopress.it\\\/2019\\\/04\\\/03\\\/lacqua-un-bene-comune-sabato-6-aprile-a-torch-pieve-il-secondo-appuntamento-con-la-decima-edizione-del-mese-del-libro-alpago\\\/#breadcrumb\"},\"inLanguage\":\"fr-FR\",\"potentialAction\":[{\"@type\":\"ReadAction\",\"target\":[\"https:\\\/\\\/www.bellunopress.it\\\/2019\\\/04\\\/03\\\/lacqua-un-bene-comune-sabato-6-aprile-a-torch-pieve-il-secondo-appuntamento-con-la-decima-edizione-del-mese-del-libro-alpago\\\/\"]}]},{\"@type\":\"ImageObject\",\"inLanguage\":\"fr-FR\",\"@id\":\"https:\\\/\\\/www.bellunopress.it\\\/2019\\\/04\\\/03\\\/lacqua-un-bene-comune-sabato-6-aprile-a-torch-pieve-il-secondo-appuntamento-con-la-decima-edizione-del-mese-del-libro-alpago\\\/#primaryimage\",\"url\":\"http:\\\/\\\/www.bellunopress.it\\\/wp-content\\\/uploads\\\/2019\\\/04\\\/Elisa_Cozzarini_2019_vert_leggera.jpg\",\"contentUrl\":\"http:\\\/\\\/www.bellunopress.it\\\/wp-content\\\/uploads\\\/2019\\\/04\\\/Elisa_Cozzarini_2019_vert_leggera.jpg\"},{\"@type\":\"BreadcrumbList\",\"@id\":\"https:\\\/\\\/www.bellunopress.it\\\/2019\\\/04\\\/03\\\/lacqua-un-bene-comune-sabato-6-aprile-a-torch-pieve-il-secondo-appuntamento-con-la-decima-edizione-del-mese-del-libro-alpago\\\/#breadcrumb\",\"itemListElement\":[{\"@type\":\"ListItem\",\"position\":1,\"name\":\"Home\",\"item\":\"https:\\\/\\\/www.bellunopress.it\\\/\"},{\"@type\":\"ListItem\",\"position\":2,\"name\":\"L\u2019acqua, un bene comune: sabato 6 aprile, a Torch (Pieve), il secondo appuntamento con la decima edizione del Mese del Libro Alpago\"}]},{\"@type\":\"WebSite\",\"@id\":\"https:\\\/\\\/www.bellunopress.it\\\/#website\",\"url\":\"https:\\\/\\\/www.bellunopress.it\\\/\",\"name\":\"Bellunopress - Dolomiti\",\"description\":\"e-mail: redazione@bellunopress.it\",\"publisher\":{\"@id\":\"https:\\\/\\\/www.bellunopress.it\\\/#organization\"},\"potentialAction\":[{\"@type\":\"SearchAction\",\"target\":{\"@type\":\"EntryPoint\",\"urlTemplate\":\"https:\\\/\\\/www.bellunopress.it\\\/?s={search_term_string}\"},\"query-input\":{\"@type\":\"PropertyValueSpecification\",\"valueRequired\":true,\"valueName\":\"search_term_string\"}}],\"inLanguage\":\"fr-FR\"},{\"@type\":\"Organization\",\"@id\":\"https:\\\/\\\/www.bellunopress.it\\\/#organization\",\"name\":\"Bellunopress\",\"url\":\"https:\\\/\\\/www.bellunopress.it\\\/\",\"logo\":{\"@type\":\"ImageObject\",\"inLanguage\":\"fr-FR\",\"@id\":\"https:\\\/\\\/www.bellunopress.it\\\/#\\\/schema\\\/logo\\\/image\\\/\",\"url\":\"https:\\\/\\\/www.bellunopress.it\\\/wp-content\\\/uploads\\\/2011\\\/05\\\/cropped-logo-bellunopress-.jpg\",\"contentUrl\":\"https:\\\/\\\/www.bellunopress.it\\\/wp-content\\\/uploads\\\/2011\\\/05\\\/cropped-logo-bellunopress-.jpg\",\"width\":512,\"height\":512,\"caption\":\"Bellunopress\"},\"image\":{\"@id\":\"https:\\\/\\\/www.bellunopress.it\\\/#\\\/schema\\\/logo\\\/image\\\/\"},\"sameAs\":[\"https:\\\/\\\/www.facebook.com\\\/profile.php?id=100008943462799\",\"https:\\\/\\\/x.com\\\/bellunopress\",\"https:\\\/\\\/www.linkedin.com\\\/hp\\\/?dnr=JBzUWaJfMUw8vbXJJ2tVW5-I3jZKvC4wsoxE&amp;amp;amp;amp;amp;amp;trk=nav_responsive_tab_home\",\"https:\\\/\\\/www.youtube.com\\\/channel\\\/UCxL0wu1uN0_3_7hGG0306cw\"]},{\"@type\":\"Person\",\"@id\":\"https:\\\/\\\/www.bellunopress.it\\\/#\\\/schema\\\/person\\\/79bb06722b37ece1c03d3e94beb30d73\",\"name\":\"redazione\",\"image\":{\"@type\":\"ImageObject\",\"inLanguage\":\"fr-FR\",\"@id\":\"https:\\\/\\\/secure.gravatar.com\\\/avatar\\\/37d968a2e67a6fd04c169c4bdef102d0bc5d31b2546345219e348575eb80e9a0?s=96&d=mm&r=g\",\"url\":\"https:\\\/\\\/secure.gravatar.com\\\/avatar\\\/37d968a2e67a6fd04c169c4bdef102d0bc5d31b2546345219e348575eb80e9a0?s=96&d=mm&r=g\",\"contentUrl\":\"https:\\\/\\\/secure.gravatar.com\\\/avatar\\\/37d968a2e67a6fd04c169c4bdef102d0bc5d31b2546345219e348575eb80e9a0?s=96&d=mm&r=g\",\"caption\":\"redazione\"},\"sameAs\":[\"http:\\\/\\\/www.bellunopress.it\",\"https:\\\/\\\/x.com\\\/bellunopress\"],\"url\":\"https:\\\/\\\/www.bellunopress.it\\\/fr\\\/author\\\/redazione\\\/\"}]}<\/script>\n<!-- \/ Yoast SEO plugin. -->","yoast_head_json":{"title":"L\u2019acqua, un bene comune: sabato 6 aprile, a Torch (Pieve), il secondo appuntamento con la decima edizione del Mese del Libro Alpago - Bellunopress - Dolomiti","robots":{"index":"index","follow":"follow","max-snippet":"max-snippet:-1","max-image-preview":"max-image-preview:large","max-video-preview":"max-video-preview:-1"},"canonical":"https:\/\/www.bellunopress.it\/fr\/2019\/04\/03\/lacqua-un-bene-comune-sabato-6-aprile-a-torch-pieve-il-secondo-appuntamento-con-la-decima-edizione-del-mese-del-libro-alpago\/","og_locale":"fr_FR","og_type":"article","og_title":"L\u2019acqua, un bene comune: sabato 6 aprile, a Torch (Pieve), il secondo appuntamento con la decima edizione del Mese del Libro Alpago - Bellunopress - Dolomiti","og_description":"Due libri raccontano l\u2019assalto ai torrenti di montagna. Elisa Cozzarini, autrice del libro inchiesta \u201cRadici Liquide\u201d (ed. Nuova Dimensione, 2018) \u00e8 l\u2019ospite del secondo appuntamento del Mese del Libro Alpago insieme a Ezio Franceschini, autore del romanzo \u201cAccadue\u00f2\u201d (Lfa Publisher, 2018), che condurr\u00e0 la serata in programma sabato 6 aprile (alle 20.30) alla ex latteria [&hellip;]","og_url":"https:\/\/www.bellunopress.it\/fr\/2019\/04\/03\/lacqua-un-bene-comune-sabato-6-aprile-a-torch-pieve-il-secondo-appuntamento-con-la-decima-edizione-del-mese-del-libro-alpago\/","og_site_name":"Bellunopress - Dolomiti","article_publisher":"https:\/\/www.facebook.com\/profile.php?id=100008943462799","article_published_time":"2019-04-03T09:00:12+00:00","og_image":[{"url":"http:\/\/www.bellunopress.it\/wp-content\/uploads\/2019\/04\/Elisa_Cozzarini_2019_vert_leggera.jpg","type":"","width":"","height":""}],"author":"redazione","twitter_card":"summary_large_image","twitter_creator":"@bellunopress","twitter_site":"@bellunopress","twitter_misc":{"\u00c9crit par":"redazione","Dur\u00e9e de lecture estim\u00e9e":"2 minutes"},"schema":{"@context":"https:\/\/schema.org","@graph":[{"@type":"Article","@id":"https:\/\/www.bellunopress.it\/2019\/04\/03\/lacqua-un-bene-comune-sabato-6-aprile-a-torch-pieve-il-secondo-appuntamento-con-la-decima-edizione-del-mese-del-libro-alpago\/#article","isPartOf":{"@id":"https:\/\/www.bellunopress.it\/2019\/04\/03\/lacqua-un-bene-comune-sabato-6-aprile-a-torch-pieve-il-secondo-appuntamento-con-la-decima-edizione-del-mese-del-libro-alpago\/"},"author":{"name":"redazione","@id":"https:\/\/www.bellunopress.it\/#\/schema\/person\/79bb06722b37ece1c03d3e94beb30d73"},"headline":"L\u2019acqua, un bene comune: sabato 6 aprile, a Torch (Pieve), il secondo appuntamento con la decima edizione del Mese del Libro Alpago","datePublished":"2019-04-03T09:00:12+00:00","mainEntityOfPage":{"@id":"https:\/\/www.bellunopress.it\/2019\/04\/03\/lacqua-un-bene-comune-sabato-6-aprile-a-torch-pieve-il-secondo-appuntamento-con-la-decima-edizione-del-mese-del-libro-alpago\/"},"wordCount":473,"publisher":{"@id":"https:\/\/www.bellunopress.it\/#organization"},"image":{"@id":"https:\/\/www.bellunopress.it\/2019\/04\/03\/lacqua-un-bene-comune-sabato-6-aprile-a-torch-pieve-il-secondo-appuntamento-con-la-decima-edizione-del-mese-del-libro-alpago\/#primaryimage"},"thumbnailUrl":"http:\/\/www.bellunopress.it\/wp-content\/uploads\/2019\/04\/Elisa_Cozzarini_2019_vert_leggera.jpg","articleSection":["Appuntamenti, Eventi","Arte, Cultura, Spettacoli, Scienza","Prima Pagina"],"inLanguage":"fr-FR"},{"@type":"WebPage","@id":"https:\/\/www.bellunopress.it\/2019\/04\/03\/lacqua-un-bene-comune-sabato-6-aprile-a-torch-pieve-il-secondo-appuntamento-con-la-decima-edizione-del-mese-del-libro-alpago\/","url":"https:\/\/www.bellunopress.it\/2019\/04\/03\/lacqua-un-bene-comune-sabato-6-aprile-a-torch-pieve-il-secondo-appuntamento-con-la-decima-edizione-del-mese-del-libro-alpago\/","name":"L\u2019acqua, un bene comune: sabato 6 aprile, a Torch (Pieve), il secondo appuntamento con la decima edizione del Mese del Libro Alpago - Bellunopress - Dolomiti","isPartOf":{"@id":"https:\/\/www.bellunopress.it\/#website"},"primaryImageOfPage":{"@id":"https:\/\/www.bellunopress.it\/2019\/04\/03\/lacqua-un-bene-comune-sabato-6-aprile-a-torch-pieve-il-secondo-appuntamento-con-la-decima-edizione-del-mese-del-libro-alpago\/#primaryimage"},"image":{"@id":"https:\/\/www.bellunopress.it\/2019\/04\/03\/lacqua-un-bene-comune-sabato-6-aprile-a-torch-pieve-il-secondo-appuntamento-con-la-decima-edizione-del-mese-del-libro-alpago\/#primaryimage"},"thumbnailUrl":"http:\/\/www.bellunopress.it\/wp-content\/uploads\/2019\/04\/Elisa_Cozzarini_2019_vert_leggera.jpg","datePublished":"2019-04-03T09:00:12+00:00","breadcrumb":{"@id":"https:\/\/www.bellunopress.it\/2019\/04\/03\/lacqua-un-bene-comune-sabato-6-aprile-a-torch-pieve-il-secondo-appuntamento-con-la-decima-edizione-del-mese-del-libro-alpago\/#breadcrumb"},"inLanguage":"fr-FR","potentialAction":[{"@type":"ReadAction","target":["https:\/\/www.bellunopress.it\/2019\/04\/03\/lacqua-un-bene-comune-sabato-6-aprile-a-torch-pieve-il-secondo-appuntamento-con-la-decima-edizione-del-mese-del-libro-alpago\/"]}]},{"@type":"ImageObject","inLanguage":"fr-FR","@id":"https:\/\/www.bellunopress.it\/2019\/04\/03\/lacqua-un-bene-comune-sabato-6-aprile-a-torch-pieve-il-secondo-appuntamento-con-la-decima-edizione-del-mese-del-libro-alpago\/#primaryimage","url":"http:\/\/www.bellunopress.it\/wp-content\/uploads\/2019\/04\/Elisa_Cozzarini_2019_vert_leggera.jpg","contentUrl":"http:\/\/www.bellunopress.it\/wp-content\/uploads\/2019\/04\/Elisa_Cozzarini_2019_vert_leggera.jpg"},{"@type":"BreadcrumbList","@id":"https:\/\/www.bellunopress.it\/2019\/04\/03\/lacqua-un-bene-comune-sabato-6-aprile-a-torch-pieve-il-secondo-appuntamento-con-la-decima-edizione-del-mese-del-libro-alpago\/#breadcrumb","itemListElement":[{"@type":"ListItem","position":1,"name":"Home","item":"https:\/\/www.bellunopress.it\/"},{"@type":"ListItem","position":2,"name":"L\u2019acqua, un bene comune: sabato 6 aprile, a Torch (Pieve), il secondo appuntamento con la decima edizione del Mese del Libro Alpago"}]},{"@type":"WebSite","@id":"https:\/\/www.bellunopress.it\/#website","url":"https:\/\/www.bellunopress.it\/","name":"Bellunopress - Dolomiti","description":"e-mail: redazione@bellunopress.it","publisher":{"@id":"https:\/\/www.bellunopress.it\/#organization"},"potentialAction":[{"@type":"SearchAction","target":{"@type":"EntryPoint","urlTemplate":"https:\/\/www.bellunopress.it\/?s={search_term_string}"},"query-input":{"@type":"PropertyValueSpecification","valueRequired":true,"valueName":"search_term_string"}}],"inLanguage":"fr-FR"},{"@type":"Organization","@id":"https:\/\/www.bellunopress.it\/#organization","name":"Bellunopress","url":"https:\/\/www.bellunopress.it\/","logo":{"@type":"ImageObject","inLanguage":"fr-FR","@id":"https:\/\/www.bellunopress.it\/#\/schema\/logo\/image\/","url":"https:\/\/www.bellunopress.it\/wp-content\/uploads\/2011\/05\/cropped-logo-bellunopress-.jpg","contentUrl":"https:\/\/www.bellunopress.it\/wp-content\/uploads\/2011\/05\/cropped-logo-bellunopress-.jpg","width":512,"height":512,"caption":"Bellunopress"},"image":{"@id":"https:\/\/www.bellunopress.it\/#\/schema\/logo\/image\/"},"sameAs":["https:\/\/www.facebook.com\/profile.php?id=100008943462799","https:\/\/x.com\/bellunopress","https:\/\/www.linkedin.com\/hp\/?dnr=JBzUWaJfMUw8vbXJJ2tVW5-I3jZKvC4wsoxE&amp;amp;amp;amp;amp;amp;trk=nav_responsive_tab_home","https:\/\/www.youtube.com\/channel\/UCxL0wu1uN0_3_7hGG0306cw"]},{"@type":"Person","@id":"https:\/\/www.bellunopress.it\/#\/schema\/person\/79bb06722b37ece1c03d3e94beb30d73","name":"r\u00e9daction","image":{"@type":"ImageObject","inLanguage":"fr-FR","@id":"https:\/\/secure.gravatar.com\/avatar\/37d968a2e67a6fd04c169c4bdef102d0bc5d31b2546345219e348575eb80e9a0?s=96&d=mm&r=g","url":"https:\/\/secure.gravatar.com\/avatar\/37d968a2e67a6fd04c169c4bdef102d0bc5d31b2546345219e348575eb80e9a0?s=96&d=mm&r=g","contentUrl":"https:\/\/secure.gravatar.com\/avatar\/37d968a2e67a6fd04c169c4bdef102d0bc5d31b2546345219e348575eb80e9a0?s=96&d=mm&r=g","caption":"redazione"},"sameAs":["http:\/\/www.bellunopress.it","https:\/\/x.com\/bellunopress"],"url":"https:\/\/www.bellunopress.it\/fr\/author\/redazione\/"}]}},"_links":{"self":[{"href":"https:\/\/www.bellunopress.it\/fr\/wp-json\/wp\/v2\/posts\/103405","targetHints":{"allow":["GET"]}}],"collection":[{"href":"https:\/\/www.bellunopress.it\/fr\/wp-json\/wp\/v2\/posts"}],"about":[{"href":"https:\/\/www.bellunopress.it\/fr\/wp-json\/wp\/v2\/types\/post"}],"author":[{"embeddable":true,"href":"https:\/\/www.bellunopress.it\/fr\/wp-json\/wp\/v2\/users\/2"}],"replies":[{"embeddable":true,"href":"https:\/\/www.bellunopress.it\/fr\/wp-json\/wp\/v2\/comments?post=103405"}],"version-history":[{"count":1,"href":"https:\/\/www.bellunopress.it\/fr\/wp-json\/wp\/v2\/posts\/103405\/revisions"}],"predecessor-version":[{"id":103412,"href":"https:\/\/www.bellunopress.it\/fr\/wp-json\/wp\/v2\/posts\/103405\/revisions\/103412"}],"wp:attachment":[{"href":"https:\/\/www.bellunopress.it\/fr\/wp-json\/wp\/v2\/media?parent=103405"}],"wp:term":[{"taxonomy":"category","embeddable":true,"href":"https:\/\/www.bellunopress.it\/fr\/wp-json\/wp\/v2\/categories?post=103405"},{"taxonomy":"post_tag","embeddable":true,"href":"https:\/\/www.bellunopress.it\/fr\/wp-json\/wp\/v2\/tags?post=103405"}],"curies":[{"name":"wp","href":"https:\/\/api.w.org\/{rel}","templated":true}]}}