{"id":103397,"date":"2019-04-02T08:11:13","date_gmt":"2019-04-02T06:11:13","guid":{"rendered":"http:\/\/www.bellunopress.it\/?p=103397"},"modified":"2019-04-02T10:13:21","modified_gmt":"2019-04-02T08:13:21","slug":"la-proposta-del-circolo-pd-monte-pizzocco-per-i-comuni-di-s-giustina-s-gregorio-cesiomaggiore-e-sospirolo","status":"publish","type":"post","link":"https:\/\/www.bellunopress.it\/fr\/2019\/04\/02\/la-proposta-del-circolo-pd-monte-pizzocco-per-i-comuni-di-s-giustina-s-gregorio-cesiomaggiore-e-sospirolo\/","title":{"rendered":"La proposta del Circolo Pd &#8220;Monte Pizzocco&#8221; per i Comuni di S.Giustina, S.Gregorio, Cesiomaggiore e Sospirolo"},"content":{"rendered":"<p><a href=\"http:\/\/www.bellunopress.it\/fr\/2014\/02\/05\/delegazione-del-pd-bellunese-incontra-la-segreteria-nazionale-renzi-e-il-ministro-delrio\/pd\/\" rel=\"attachment wp-att-56103\"><img loading=\"lazy\" decoding=\"async\" class=\"alignleft size-full wp-image-56103\" src=\"http:\/\/www.bellunopress.it\/wp-content\/uploads\/2014\/02\/pd.jpg\" alt=\"\" width=\"290\" height=\"234\" \/><\/a>Il Circolo del Partito Democratico \u201cMonte Pizzocco\u201d formato dai comuni di Santa Giustina, San Gregorio, Cesiomaggiore e Sospirolo, si \u00e8 riunito in assemblea per discutere, oltre che del risultato della consultazione del 3 marzo delle primarie, per trattare l\u2019 argomento relativo alle prossime elezioni comunali. Come ha detto il sindaco uscente durante l\u2019intervista a Telebelluno, ancora poco si sta muovendo, ma i tempi passano velocemente quindi, diciamo noi, ci sar\u00e0 da darsi da fare per far uscire il Paese dal clima soporifero in cui giace da decenni.<br \/>\nIl Circolo del Partito Democratico, da sempre attento alle dinamiche e alle problematiche che interessano il territorio dei quattro comuni, ha analizzato attentamente le necessit\u00e0 e soprattutto le opportunit\u00e0 che il Comune di Santa Giustina pu\u00f2 cogliere. Gli iscritti e i simpatizzanti presenti hanno discusso, si sono confrontati a lungo e hanno individuato una discreta serie di argomenti, o meglio cose da fare, per migliorare la situazione dei cittadini. Tra queste, le pi\u00f9 incombenti sono :<br \/>\nla viabilit\u00e0 \u00e8 il problema pi\u00f9 impattante, specie la veicolare che \u00e8 la pi\u00f9 pericolosa, senza tralasciare quella pedonale e ciclabile.<br \/>\nnon pi\u00f9 rinviabile la revisione del piano urbanistico che preveda tra altri un \u201cPolo Polisportivo\u201d da attuare a stralci<br \/>\nl\u2019ecocentro, per il quale ci sarebbero delle soluzioni a portata di mano,<br \/>\nla carente illuminazione del centro del paese, elemento che crea pericolosit\u00e0 ai pedoni,<br \/>\nl\u2019aiuto alle giovani famiglie con problemi di figli e lavorativi,<br \/>\nla fuga dei piccoli negozi dal centro, a causa della concentrazione di supermercati alle porte del paese. Cercare con i commercianti le soluzioni che possano evitare l&#8217;abbandono delle attivit\u00e0, sopratutto del centro e delle frazioni<\/p>\n<p>Il Circolo PD di S.Giustina si mette pertanto a disposizione, con persone ed idee, di chi in questo momento sta guardando alla formazione delle liste elettorali.<\/p>\n<p>Santa Giustina 2 aprile 2019<\/p>\n<p>La Segretaria del Circolo<\/p>\n<p>Roberta Luzzatto<\/p>","protected":false},"excerpt":{"rendered":"<p>Il Circolo del Partito Democratico \u201cMonte Pizzocco\u201d formato dai comuni di Santa Giustina, San Gregorio, Cesiomaggiore e Sospirolo, si \u00e8 riunito in assemblea per discutere, oltre che del risultato della consultazione del 3 marzo delle primarie, per trattare l\u2019 argomento relativo alle prossime elezioni comunali. Come ha detto il sindaco uscente durante l\u2019intervista a Telebelluno, [&hellip;]<\/p>\n","protected":false},"author":2,"featured_media":0,"comment_status":"closed","ping_status":"open","sticky":false,"template":"","format":"standard","meta":{"footnotes":""},"categories":[5,26],"tags":[],"class_list":["post-103397","post","type-post","status-publish","format-standard","category-cronaca","category-prima-pagina"],"yoast_head":"<!-- This site is optimized with the Yoast SEO plugin v28.4 - https:\/\/yoast.com\/product\/yoast-seo-wordpress\/ -->\n<title>La proposta del Circolo Pd &quot;Monte Pizzocco&quot; per i Comuni di S.Giustina, S.Gregorio, Cesiomaggiore e Sospirolo - Bellunopress - Dolomiti<\/title>\n<meta name=\"robots\" content=\"index, follow, max-snippet:-1, max-image-preview:large, max-video-preview:-1\" \/>\n<link rel=\"canonical\" href=\"https:\/\/www.bellunopress.it\/fr\/2019\/04\/02\/la-proposta-del-circolo-pd-monte-pizzocco-per-i-comuni-di-s-giustina-s-gregorio-cesiomaggiore-e-sospirolo\/\" \/>\n<meta property=\"og:locale\" content=\"fr_FR\" \/>\n<meta property=\"og:type\" content=\"article\" \/>\n<meta property=\"og:title\" content=\"La proposta del Circolo Pd &quot;Monte Pizzocco&quot; per i Comuni di S.Giustina, S.Gregorio, Cesiomaggiore e Sospirolo - Bellunopress - Dolomiti\" \/>\n<meta property=\"og:description\" content=\"Il Circolo del Partito Democratico \u201cMonte Pizzocco\u201d formato dai comuni di Santa Giustina, San Gregorio, Cesiomaggiore e Sospirolo, si \u00e8 riunito in assemblea per discutere, oltre che del risultato della consultazione del 3 marzo delle primarie, per trattare l\u2019 argomento relativo alle prossime elezioni comunali. Come ha detto il sindaco uscente durante l\u2019intervista a Telebelluno, [&hellip;]\" \/>\n<meta property=\"og:url\" content=\"https:\/\/www.bellunopress.it\/fr\/2019\/04\/02\/la-proposta-del-circolo-pd-monte-pizzocco-per-i-comuni-di-s-giustina-s-gregorio-cesiomaggiore-e-sospirolo\/\" \/>\n<meta property=\"og:site_name\" content=\"Bellunopress - Dolomiti\" \/>\n<meta property=\"article:publisher\" content=\"https:\/\/www.facebook.com\/profile.php?id=100008943462799\" \/>\n<meta property=\"article:published_time\" content=\"2019-04-02T06:11:13+00:00\" \/>\n<meta property=\"article:modified_time\" content=\"2019-04-02T08:13:21+00:00\" \/>\n<meta property=\"og:image\" content=\"http:\/\/www.bellunopress.it\/wp-content\/uploads\/2014\/02\/pd.jpg\" \/>\n<meta name=\"author\" content=\"redazione\" \/>\n<meta name=\"twitter:card\" content=\"summary_large_image\" \/>\n<meta name=\"twitter:creator\" content=\"@bellunopress\" \/>\n<meta name=\"twitter:site\" content=\"@bellunopress\" \/>\n<meta name=\"twitter:label1\" content=\"Written by\" \/>\n\t<meta name=\"twitter:data1\" content=\"redazione\" \/>\n\t<meta name=\"twitter:label2\" content=\"Est. reading time\" \/>\n\t<meta name=\"twitter:data2\" content=\"2 minutes\" \/>\n<script type=\"application\/ld+json\" class=\"yoast-schema-graph\">{\"@context\":\"https:\\\/\\\/schema.org\",\"@graph\":[{\"@type\":\"Article\",\"@id\":\"https:\\\/\\\/www.bellunopress.it\\\/2019\\\/04\\\/02\\\/la-proposta-del-circolo-pd-monte-pizzocco-per-i-comuni-di-s-giustina-s-gregorio-cesiomaggiore-e-sospirolo\\\/#article\",\"isPartOf\":{\"@id\":\"https:\\\/\\\/www.bellunopress.it\\\/2019\\\/04\\\/02\\\/la-proposta-del-circolo-pd-monte-pizzocco-per-i-comuni-di-s-giustina-s-gregorio-cesiomaggiore-e-sospirolo\\\/\"},\"author\":{\"name\":\"redazione\",\"@id\":\"https:\\\/\\\/www.bellunopress.it\\\/#\\\/schema\\\/person\\\/79bb06722b37ece1c03d3e94beb30d73\"},\"headline\":\"La proposta del Circolo Pd &#8220;Monte Pizzocco&#8221; per i Comuni di S.Giustina, S.Gregorio, Cesiomaggiore e Sospirolo\",\"datePublished\":\"2019-04-02T06:11:13+00:00\",\"dateModified\":\"2019-04-02T08:13:21+00:00\",\"mainEntityOfPage\":{\"@id\":\"https:\\\/\\\/www.bellunopress.it\\\/2019\\\/04\\\/02\\\/la-proposta-del-circolo-pd-monte-pizzocco-per-i-comuni-di-s-giustina-s-gregorio-cesiomaggiore-e-sospirolo\\\/\"},\"wordCount\":326,\"publisher\":{\"@id\":\"https:\\\/\\\/www.bellunopress.it\\\/#organization\"},\"image\":{\"@id\":\"https:\\\/\\\/www.bellunopress.it\\\/2019\\\/04\\\/02\\\/la-proposta-del-circolo-pd-monte-pizzocco-per-i-comuni-di-s-giustina-s-gregorio-cesiomaggiore-e-sospirolo\\\/#primaryimage\"},\"thumbnailUrl\":\"http:\\\/\\\/www.bellunopress.it\\\/wp-content\\\/uploads\\\/2014\\\/02\\\/pd.jpg\",\"articleSection\":[\"Cronaca\\\/Politica\",\"Prima Pagina\"],\"inLanguage\":\"fr-FR\"},{\"@type\":\"WebPage\",\"@id\":\"https:\\\/\\\/www.bellunopress.it\\\/2019\\\/04\\\/02\\\/la-proposta-del-circolo-pd-monte-pizzocco-per-i-comuni-di-s-giustina-s-gregorio-cesiomaggiore-e-sospirolo\\\/\",\"url\":\"https:\\\/\\\/www.bellunopress.it\\\/2019\\\/04\\\/02\\\/la-proposta-del-circolo-pd-monte-pizzocco-per-i-comuni-di-s-giustina-s-gregorio-cesiomaggiore-e-sospirolo\\\/\",\"name\":\"La proposta del Circolo Pd \\\"Monte Pizzocco\\\" per i Comuni di S.Giustina, S.Gregorio, Cesiomaggiore e Sospirolo - Bellunopress - Dolomiti\",\"isPartOf\":{\"@id\":\"https:\\\/\\\/www.bellunopress.it\\\/#website\"},\"primaryImageOfPage\":{\"@id\":\"https:\\\/\\\/www.bellunopress.it\\\/2019\\\/04\\\/02\\\/la-proposta-del-circolo-pd-monte-pizzocco-per-i-comuni-di-s-giustina-s-gregorio-cesiomaggiore-e-sospirolo\\\/#primaryimage\"},\"image\":{\"@id\":\"https:\\\/\\\/www.bellunopress.it\\\/2019\\\/04\\\/02\\\/la-proposta-del-circolo-pd-monte-pizzocco-per-i-comuni-di-s-giustina-s-gregorio-cesiomaggiore-e-sospirolo\\\/#primaryimage\"},\"thumbnailUrl\":\"http:\\\/\\\/www.bellunopress.it\\\/wp-content\\\/uploads\\\/2014\\\/02\\\/pd.jpg\",\"datePublished\":\"2019-04-02T06:11:13+00:00\",\"dateModified\":\"2019-04-02T08:13:21+00:00\",\"breadcrumb\":{\"@id\":\"https:\\\/\\\/www.bellunopress.it\\\/2019\\\/04\\\/02\\\/la-proposta-del-circolo-pd-monte-pizzocco-per-i-comuni-di-s-giustina-s-gregorio-cesiomaggiore-e-sospirolo\\\/#breadcrumb\"},\"inLanguage\":\"fr-FR\",\"potentialAction\":[{\"@type\":\"ReadAction\",\"target\":[\"https:\\\/\\\/www.bellunopress.it\\\/2019\\\/04\\\/02\\\/la-proposta-del-circolo-pd-monte-pizzocco-per-i-comuni-di-s-giustina-s-gregorio-cesiomaggiore-e-sospirolo\\\/\"]}]},{\"@type\":\"ImageObject\",\"inLanguage\":\"fr-FR\",\"@id\":\"https:\\\/\\\/www.bellunopress.it\\\/2019\\\/04\\\/02\\\/la-proposta-del-circolo-pd-monte-pizzocco-per-i-comuni-di-s-giustina-s-gregorio-cesiomaggiore-e-sospirolo\\\/#primaryimage\",\"url\":\"http:\\\/\\\/www.bellunopress.it\\\/wp-content\\\/uploads\\\/2014\\\/02\\\/pd.jpg\",\"contentUrl\":\"http:\\\/\\\/www.bellunopress.it\\\/wp-content\\\/uploads\\\/2014\\\/02\\\/pd.jpg\"},{\"@type\":\"BreadcrumbList\",\"@id\":\"https:\\\/\\\/www.bellunopress.it\\\/2019\\\/04\\\/02\\\/la-proposta-del-circolo-pd-monte-pizzocco-per-i-comuni-di-s-giustina-s-gregorio-cesiomaggiore-e-sospirolo\\\/#breadcrumb\",\"itemListElement\":[{\"@type\":\"ListItem\",\"position\":1,\"name\":\"Home\",\"item\":\"https:\\\/\\\/www.bellunopress.it\\\/\"},{\"@type\":\"ListItem\",\"position\":2,\"name\":\"La proposta del Circolo Pd &#8220;Monte Pizzocco&#8221; per i Comuni di S.Giustina, S.Gregorio, Cesiomaggiore e Sospirolo\"}]},{\"@type\":\"WebSite\",\"@id\":\"https:\\\/\\\/www.bellunopress.it\\\/#website\",\"url\":\"https:\\\/\\\/www.bellunopress.it\\\/\",\"name\":\"Bellunopress - Dolomiti\",\"description\":\"e-mail: redazione@bellunopress.it\",\"publisher\":{\"@id\":\"https:\\\/\\\/www.bellunopress.it\\\/#organization\"},\"potentialAction\":[{\"@type\":\"SearchAction\",\"target\":{\"@type\":\"EntryPoint\",\"urlTemplate\":\"https:\\\/\\\/www.bellunopress.it\\\/?s={search_term_string}\"},\"query-input\":{\"@type\":\"PropertyValueSpecification\",\"valueRequired\":true,\"valueName\":\"search_term_string\"}}],\"inLanguage\":\"fr-FR\"},{\"@type\":\"Organization\",\"@id\":\"https:\\\/\\\/www.bellunopress.it\\\/#organization\",\"name\":\"Bellunopress\",\"url\":\"https:\\\/\\\/www.bellunopress.it\\\/\",\"logo\":{\"@type\":\"ImageObject\",\"inLanguage\":\"fr-FR\",\"@id\":\"https:\\\/\\\/www.bellunopress.it\\\/#\\\/schema\\\/logo\\\/image\\\/\",\"url\":\"https:\\\/\\\/www.bellunopress.it\\\/wp-content\\\/uploads\\\/2011\\\/05\\\/cropped-logo-bellunopress-.jpg\",\"contentUrl\":\"https:\\\/\\\/www.bellunopress.it\\\/wp-content\\\/uploads\\\/2011\\\/05\\\/cropped-logo-bellunopress-.jpg\",\"width\":512,\"height\":512,\"caption\":\"Bellunopress\"},\"image\":{\"@id\":\"https:\\\/\\\/www.bellunopress.it\\\/#\\\/schema\\\/logo\\\/image\\\/\"},\"sameAs\":[\"https:\\\/\\\/www.facebook.com\\\/profile.php?id=100008943462799\",\"https:\\\/\\\/x.com\\\/bellunopress\",\"https:\\\/\\\/www.linkedin.com\\\/hp\\\/?dnr=JBzUWaJfMUw8vbXJJ2tVW5-I3jZKvC4wsoxE&amp;amp;amp;amp;amp;amp;trk=nav_responsive_tab_home\",\"https:\\\/\\\/www.youtube.com\\\/channel\\\/UCxL0wu1uN0_3_7hGG0306cw\"]},{\"@type\":\"Person\",\"@id\":\"https:\\\/\\\/www.bellunopress.it\\\/#\\\/schema\\\/person\\\/79bb06722b37ece1c03d3e94beb30d73\",\"name\":\"redazione\",\"image\":{\"@type\":\"ImageObject\",\"inLanguage\":\"fr-FR\",\"@id\":\"https:\\\/\\\/secure.gravatar.com\\\/avatar\\\/37d968a2e67a6fd04c169c4bdef102d0bc5d31b2546345219e348575eb80e9a0?s=96&d=mm&r=g\",\"url\":\"https:\\\/\\\/secure.gravatar.com\\\/avatar\\\/37d968a2e67a6fd04c169c4bdef102d0bc5d31b2546345219e348575eb80e9a0?s=96&d=mm&r=g\",\"contentUrl\":\"https:\\\/\\\/secure.gravatar.com\\\/avatar\\\/37d968a2e67a6fd04c169c4bdef102d0bc5d31b2546345219e348575eb80e9a0?s=96&d=mm&r=g\",\"caption\":\"redazione\"},\"sameAs\":[\"http:\\\/\\\/www.bellunopress.it\",\"https:\\\/\\\/x.com\\\/bellunopress\"],\"url\":\"https:\\\/\\\/www.bellunopress.it\\\/fr\\\/author\\\/redazione\\\/\"}]}<\/script>\n<!-- \/ Yoast SEO plugin. -->","yoast_head_json":{"title":"La proposta del Circolo Pd \"Monte Pizzocco\" per i Comuni di S.Giustina, S.Gregorio, Cesiomaggiore e Sospirolo - Bellunopress - Dolomiti","robots":{"index":"index","follow":"follow","max-snippet":"max-snippet:-1","max-image-preview":"max-image-preview:large","max-video-preview":"max-video-preview:-1"},"canonical":"https:\/\/www.bellunopress.it\/fr\/2019\/04\/02\/la-proposta-del-circolo-pd-monte-pizzocco-per-i-comuni-di-s-giustina-s-gregorio-cesiomaggiore-e-sospirolo\/","og_locale":"fr_FR","og_type":"article","og_title":"La proposta del Circolo Pd \"Monte Pizzocco\" per i Comuni di S.Giustina, S.Gregorio, Cesiomaggiore e Sospirolo - Bellunopress - Dolomiti","og_description":"Il Circolo del Partito Democratico \u201cMonte Pizzocco\u201d formato dai comuni di Santa Giustina, San Gregorio, Cesiomaggiore e Sospirolo, si \u00e8 riunito in assemblea per discutere, oltre che del risultato della consultazione del 3 marzo delle primarie, per trattare l\u2019 argomento relativo alle prossime elezioni comunali. Come ha detto il sindaco uscente durante l\u2019intervista a Telebelluno, [&hellip;]","og_url":"https:\/\/www.bellunopress.it\/fr\/2019\/04\/02\/la-proposta-del-circolo-pd-monte-pizzocco-per-i-comuni-di-s-giustina-s-gregorio-cesiomaggiore-e-sospirolo\/","og_site_name":"Bellunopress - Dolomiti","article_publisher":"https:\/\/www.facebook.com\/profile.php?id=100008943462799","article_published_time":"2019-04-02T06:11:13+00:00","article_modified_time":"2019-04-02T08:13:21+00:00","og_image":[{"url":"http:\/\/www.bellunopress.it\/wp-content\/uploads\/2014\/02\/pd.jpg","type":"","width":"","height":""}],"author":"redazione","twitter_card":"summary_large_image","twitter_creator":"@bellunopress","twitter_site":"@bellunopress","twitter_misc":{"Written by":"redazione","Est. reading time":"2 minutes"},"schema":{"@context":"https:\/\/schema.org","@graph":[{"@type":"Article","@id":"https:\/\/www.bellunopress.it\/2019\/04\/02\/la-proposta-del-circolo-pd-monte-pizzocco-per-i-comuni-di-s-giustina-s-gregorio-cesiomaggiore-e-sospirolo\/#article","isPartOf":{"@id":"https:\/\/www.bellunopress.it\/2019\/04\/02\/la-proposta-del-circolo-pd-monte-pizzocco-per-i-comuni-di-s-giustina-s-gregorio-cesiomaggiore-e-sospirolo\/"},"author":{"name":"redazione","@id":"https:\/\/www.bellunopress.it\/#\/schema\/person\/79bb06722b37ece1c03d3e94beb30d73"},"headline":"La proposta del Circolo Pd &#8220;Monte Pizzocco&#8221; per i Comuni di S.Giustina, S.Gregorio, Cesiomaggiore e Sospirolo","datePublished":"2019-04-02T06:11:13+00:00","dateModified":"2019-04-02T08:13:21+00:00","mainEntityOfPage":{"@id":"https:\/\/www.bellunopress.it\/2019\/04\/02\/la-proposta-del-circolo-pd-monte-pizzocco-per-i-comuni-di-s-giustina-s-gregorio-cesiomaggiore-e-sospirolo\/"},"wordCount":326,"publisher":{"@id":"https:\/\/www.bellunopress.it\/#organization"},"image":{"@id":"https:\/\/www.bellunopress.it\/2019\/04\/02\/la-proposta-del-circolo-pd-monte-pizzocco-per-i-comuni-di-s-giustina-s-gregorio-cesiomaggiore-e-sospirolo\/#primaryimage"},"thumbnailUrl":"http:\/\/www.bellunopress.it\/wp-content\/uploads\/2014\/02\/pd.jpg","articleSection":["Cronaca\/Politica","Prima Pagina"],"inLanguage":"fr-FR"},{"@type":"WebPage","@id":"https:\/\/www.bellunopress.it\/2019\/04\/02\/la-proposta-del-circolo-pd-monte-pizzocco-per-i-comuni-di-s-giustina-s-gregorio-cesiomaggiore-e-sospirolo\/","url":"https:\/\/www.bellunopress.it\/2019\/04\/02\/la-proposta-del-circolo-pd-monte-pizzocco-per-i-comuni-di-s-giustina-s-gregorio-cesiomaggiore-e-sospirolo\/","name":"La proposta del Circolo Pd \"Monte Pizzocco\" per i Comuni di S.Giustina, S.Gregorio, Cesiomaggiore e Sospirolo - Bellunopress - Dolomiti","isPartOf":{"@id":"https:\/\/www.bellunopress.it\/#website"},"primaryImageOfPage":{"@id":"https:\/\/www.bellunopress.it\/2019\/04\/02\/la-proposta-del-circolo-pd-monte-pizzocco-per-i-comuni-di-s-giustina-s-gregorio-cesiomaggiore-e-sospirolo\/#primaryimage"},"image":{"@id":"https:\/\/www.bellunopress.it\/2019\/04\/02\/la-proposta-del-circolo-pd-monte-pizzocco-per-i-comuni-di-s-giustina-s-gregorio-cesiomaggiore-e-sospirolo\/#primaryimage"},"thumbnailUrl":"http:\/\/www.bellunopress.it\/wp-content\/uploads\/2014\/02\/pd.jpg","datePublished":"2019-04-02T06:11:13+00:00","dateModified":"2019-04-02T08:13:21+00:00","breadcrumb":{"@id":"https:\/\/www.bellunopress.it\/2019\/04\/02\/la-proposta-del-circolo-pd-monte-pizzocco-per-i-comuni-di-s-giustina-s-gregorio-cesiomaggiore-e-sospirolo\/#breadcrumb"},"inLanguage":"fr-FR","potentialAction":[{"@type":"ReadAction","target":["https:\/\/www.bellunopress.it\/2019\/04\/02\/la-proposta-del-circolo-pd-monte-pizzocco-per-i-comuni-di-s-giustina-s-gregorio-cesiomaggiore-e-sospirolo\/"]}]},{"@type":"ImageObject","inLanguage":"fr-FR","@id":"https:\/\/www.bellunopress.it\/2019\/04\/02\/la-proposta-del-circolo-pd-monte-pizzocco-per-i-comuni-di-s-giustina-s-gregorio-cesiomaggiore-e-sospirolo\/#primaryimage","url":"http:\/\/www.bellunopress.it\/wp-content\/uploads\/2014\/02\/pd.jpg","contentUrl":"http:\/\/www.bellunopress.it\/wp-content\/uploads\/2014\/02\/pd.jpg"},{"@type":"BreadcrumbList","@id":"https:\/\/www.bellunopress.it\/2019\/04\/02\/la-proposta-del-circolo-pd-monte-pizzocco-per-i-comuni-di-s-giustina-s-gregorio-cesiomaggiore-e-sospirolo\/#breadcrumb","itemListElement":[{"@type":"ListItem","position":1,"name":"Home","item":"https:\/\/www.bellunopress.it\/"},{"@type":"ListItem","position":2,"name":"La proposta del Circolo Pd &#8220;Monte Pizzocco&#8221; per i Comuni di S.Giustina, S.Gregorio, Cesiomaggiore e Sospirolo"}]},{"@type":"WebSite","@id":"https:\/\/www.bellunopress.it\/#website","url":"https:\/\/www.bellunopress.it\/","name":"Bellunopress - Dolomiti","description":"e-mail: redazione@bellunopress.it","publisher":{"@id":"https:\/\/www.bellunopress.it\/#organization"},"potentialAction":[{"@type":"SearchAction","target":{"@type":"EntryPoint","urlTemplate":"https:\/\/www.bellunopress.it\/?s={search_term_string}"},"query-input":{"@type":"PropertyValueSpecification","valueRequired":true,"valueName":"search_term_string"}}],"inLanguage":"fr-FR"},{"@type":"Organization","@id":"https:\/\/www.bellunopress.it\/#organization","name":"Bellunopress","url":"https:\/\/www.bellunopress.it\/","logo":{"@type":"ImageObject","inLanguage":"fr-FR","@id":"https:\/\/www.bellunopress.it\/#\/schema\/logo\/image\/","url":"https:\/\/www.bellunopress.it\/wp-content\/uploads\/2011\/05\/cropped-logo-bellunopress-.jpg","contentUrl":"https:\/\/www.bellunopress.it\/wp-content\/uploads\/2011\/05\/cropped-logo-bellunopress-.jpg","width":512,"height":512,"caption":"Bellunopress"},"image":{"@id":"https:\/\/www.bellunopress.it\/#\/schema\/logo\/image\/"},"sameAs":["https:\/\/www.facebook.com\/profile.php?id=100008943462799","https:\/\/x.com\/bellunopress","https:\/\/www.linkedin.com\/hp\/?dnr=JBzUWaJfMUw8vbXJJ2tVW5-I3jZKvC4wsoxE&amp;amp;amp;amp;amp;amp;trk=nav_responsive_tab_home","https:\/\/www.youtube.com\/channel\/UCxL0wu1uN0_3_7hGG0306cw"]},{"@type":"Person","@id":"https:\/\/www.bellunopress.it\/#\/schema\/person\/79bb06722b37ece1c03d3e94beb30d73","name":"r\u00e9daction","image":{"@type":"ImageObject","inLanguage":"fr-FR","@id":"https:\/\/secure.gravatar.com\/avatar\/37d968a2e67a6fd04c169c4bdef102d0bc5d31b2546345219e348575eb80e9a0?s=96&d=mm&r=g","url":"https:\/\/secure.gravatar.com\/avatar\/37d968a2e67a6fd04c169c4bdef102d0bc5d31b2546345219e348575eb80e9a0?s=96&d=mm&r=g","contentUrl":"https:\/\/secure.gravatar.com\/avatar\/37d968a2e67a6fd04c169c4bdef102d0bc5d31b2546345219e348575eb80e9a0?s=96&d=mm&r=g","caption":"redazione"},"sameAs":["http:\/\/www.bellunopress.it","https:\/\/x.com\/bellunopress"],"url":"https:\/\/www.bellunopress.it\/fr\/author\/redazione\/"}]}},"_links":{"self":[{"href":"https:\/\/www.bellunopress.it\/fr\/wp-json\/wp\/v2\/posts\/103397","targetHints":{"allow":["GET"]}}],"collection":[{"href":"https:\/\/www.bellunopress.it\/fr\/wp-json\/wp\/v2\/posts"}],"about":[{"href":"https:\/\/www.bellunopress.it\/fr\/wp-json\/wp\/v2\/types\/post"}],"author":[{"embeddable":true,"href":"https:\/\/www.bellunopress.it\/fr\/wp-json\/wp\/v2\/users\/2"}],"replies":[{"embeddable":true,"href":"https:\/\/www.bellunopress.it\/fr\/wp-json\/wp\/v2\/comments?post=103397"}],"version-history":[{"count":1,"href":"https:\/\/www.bellunopress.it\/fr\/wp-json\/wp\/v2\/posts\/103397\/revisions"}],"predecessor-version":[{"id":103398,"href":"https:\/\/www.bellunopress.it\/fr\/wp-json\/wp\/v2\/posts\/103397\/revisions\/103398"}],"wp:attachment":[{"href":"https:\/\/www.bellunopress.it\/fr\/wp-json\/wp\/v2\/media?parent=103397"}],"wp:term":[{"taxonomy":"category","embeddable":true,"href":"https:\/\/www.bellunopress.it\/fr\/wp-json\/wp\/v2\/categories?post=103397"},{"taxonomy":"post_tag","embeddable":true,"href":"https:\/\/www.bellunopress.it\/fr\/wp-json\/wp\/v2\/tags?post=103397"}],"curies":[{"name":"wp","href":"https:\/\/api.w.org\/{rel}","templated":true}]}}