{"id":103377,"date":"2019-04-01T19:32:38","date_gmt":"2019-04-01T17:32:38","guid":{"rendered":"http:\/\/www.bellunopress.it\/?p=103377"},"modified":"2019-04-01T19:38:00","modified_gmt":"2019-04-01T17:38:00","slug":"il-prossimo-giro-ditalia-si-festeggia-a-belluno-lunedi-3-giugno-la-terza-edizione-del-cycling-stars-criterium","status":"publish","type":"post","link":"https:\/\/www.bellunopress.it\/fr\/2019\/04\/01\/il-prossimo-giro-ditalia-si-festeggia-a-belluno-lunedi-3-giugno-la-terza-edizione-del-cycling-stars-criterium\/","title":{"rendered":"Il prossimo Giro d&#8217;Italia si festeggia a Belluno: luned\u00ec 3 giugno la terza edizione del Cycling Stars Criterium"},"content":{"rendered":"<p><strong>Appuntamento a Belluno luned\u00ec 3 giugno<\/strong> con la 3a edizione del <strong>Cycling Stars Criterium<\/strong> la \u201ckermesse\u201d che andr\u00e0 in scena il giorno dopo la conclusione del Giro d\u2019Italia. <strong>Una festa del ciclismo<\/strong> che vedr\u00e0 al via molti dei protagonisti della Corsa Rosa tra i quali hanno gi\u00e0 confermato la loro presenza il campione italiano <strong>Elia Viviani<\/strong> (Deceuninck-Quick Step), vincitore del criterium lo scorso anno, e \u201cLo Squalo\u201d <strong>Vincenzo Nibali<\/strong> (Bahrain-Merida), vincitore dell\u2019edizione 2017.<br \/>\nL\u2019evento \u00e8 stato presentato ufficialmente oggi a Belluno nel corso della conferenza stampa che si \u00e8 svolta presso la sede comunale di \u201cPalazzo Rosso\u201d. A introdurre gli ospiti ci ha pensato il moderatore Giovanni Viel da sempre \u201cvoce\u201d dello sport bellunese. A fare gli onori di casa il Sindaco di Belluno Jacopo Massaro, assieme all\u2019Assessore allo Sport Marco Bogo.<a href=\"http:\/\/www.bellunopress.it\/fr\/2019\/04\/01\/il-prossimo-giro-ditalia-si-festeggia-a-belluno-lunedi-3-giugno-la-terza-edizione-del-cycling-stars-criterium\/gruppo-leggera\/\" rel=\"attachment wp-att-103378\"><img loading=\"lazy\" decoding=\"async\" class=\"size-full wp-image-103378 aligncenter\" src=\"http:\/\/www.bellunopress.it\/wp-content\/uploads\/2019\/04\/Gruppo-leggera.png\" alt=\"\" width=\"350\" height=\"269\" \/><\/a> <a href=\"http:\/\/www.bellunopress.it\/fr\/2019\/04\/01\/il-prossimo-giro-ditalia-si-festeggia-a-belluno-lunedi-3-giugno-la-terza-edizione-del-cycling-stars-criterium\/gruppo-leggera\/\" rel=\"attachment wp-att-103378\">(Foto: da sx Bogo, Turrin, Bonsembiante, Massaro, Ballan)<\/a><\/p>\n<p>&nbsp;<\/p>\n<p><strong>A descrivere l\u2019evento ci ha pensato invece Enrico Bonsembiante<\/strong> affiancato da due testimonial d\u2019eccezione come Alessandro Ballan, campione del Mondo di Varese 2008, ultimo italiano vincitore del Giro delle Fiandre e nuova voce del ciclismo di Rai Sport, e Alex Turrin ultimo corridore bellunese ad avere partecipato al Giro d\u2019Italia, nel 2018, e a entrambe le precedenti edizioni del criterium.<a href=\"http:\/\/www.bellunopress.it\/fr\/2014\/05\/19\/frattura-al-femore-per-alex-turrin\/alex-turrin\/\" rel=\"attachment wp-att-58768\"><img loading=\"lazy\" decoding=\"async\" class=\"aligncenter size-full wp-image-58768\" src=\"http:\/\/www.bellunopress.it\/wp-content\/uploads\/2014\/05\/alex-turrin.jpg\" alt=\"\" width=\"126\" height=\"180\" \/><\/a><br \/>\n\u201cSulla base delle esperienze positive avute con le prime due edizioni posso dire che sar\u00e0 una grande festa per gli appassionati di sport e ciclismo e pi\u00f9 in generale per tutta la citt\u00e0. Il Cycling Stars Criterium noto anche come \u201ccircuito delle piazze\u201d diventa uno splendido momento di sport e condivisione tra la citt\u00e0, il pubblico e gli atleti che arrivano qui dopo il Giro d\u2019Italia. Belluno \u00e8 una citt\u00e0 che ama lo sport e il ciclismo, per esempio ricordo la folla gremita in Piazza dei Martiri nel 2011 per la tappa della cronoscalata del Nevegal vinta da Contador. Il Comune di Belluno, con il quale stiamo collaborando per allestire l\u2019evento, ha subito dimostrato grande entusiamo e interesse e sono sicuro che la citt\u00e0 si riveler\u00e0 una location perfetta per questo tipo di manifestazione. Eventi come questo fanno bene al ciclismo, all\u2019estero per esempio sono maestri in questo basta pensare alla numerose kermesse che vanno in scena dopo il Tour de France tra Francia, Belgio, Olanda e Germania che si trasformano in delle vere e proprie feste di piazza coinvolgendo migliaia di spettatori\u201d spiega Enrico Bonsembiante che \u00e8 il motore del comitato organizzatore del Cycling Stars Criterium.<\/p>\n<p>\u201cLa qualit\u00e0 della vita per cui Belluno \u00e8 conosciuta e apprezzata si basa in particolare su valori quali l\u2019ambiente, la cultura e lo sport. Il nostro territorio ha vissuto esperienze importanti legate al ciclismo e al Giro d\u2019Italia e questo \u00e8 sicuramente un evento che si aggancia perfettamente a questa tradizione. Inoltre lo sport e in particolare la bicicletta hanno un ruolo rilevante anche nella promozione turistica della citt\u00e0. Per Belluno ospitare subito dopo il Giro tanti campioni italiani e internazionali sar\u00e0 una passerella mediatica importante. Auspico che il Cycling Stars Criterium possa essere una festa capace di abbracciare tutta la citt\u00e0, dagli appasionati alle famiglie coinvolgendo anche le attivit\u00e0 commerciali ed economiche per le quali pu\u00f2 rappresentare un\u2019occasione importante\u201d dice il Sindaco di Belluno Jacopo Massaro.<\/p>\n<p>\u201cIl Cycling Stars Criterium \u00e8 un evento di assoluto valore che rientra in un progetto pi\u00f9 ampio che tra maggio e luglio vedr\u00e0 la citt\u00e0 di Belluno e il nostro territorio vivere numerose manifestazioni legate al ciclismo: gare, granfondo, pedalate per tutta la famiglia e altro ancora. Per noi la bicicletta significa innazitutto mobilit\u00e0 sostenibile, rispetto dell\u2019ambiente e stile di vita salutare. Andare in bicicletta diventa inoltre uno dei modi migliori per muoversi e scoprire il territorio. Il Cycling Stars Criterium oltre all\u2019evento in s\u00e9, si far\u00e0 portatore anche di tutti questi aspetti\u201d sottolinea l\u2019Asessore allo Sport Marco Bogo.<a href=\"http:\/\/www.bellunopress.it\/fr\/2019\/04\/01\/il-prossimo-giro-ditalia-si-festeggia-a-belluno-lunedi-3-giugno-la-terza-edizione-del-cycling-stars-criterium\/1_img_1270-leggera\/\" rel=\"attachment wp-att-103380\"><img loading=\"lazy\" decoding=\"async\" class=\"aligncenter size-full wp-image-103380\" src=\"http:\/\/www.bellunopress.it\/wp-content\/uploads\/2019\/04\/1_IMG_1270-leggera.png\" alt=\"\" width=\"350\" height=\"239\" \/><\/a><\/p>\n<p><strong>Il Cycling Stars Criterium<\/strong> prevede un circuito di 1 km, da ripetere pi\u00f9 volte, disegnato per le vie del centro citt\u00e0 che si snoder\u00e0 tra Piazza dei Martiri, Piazza Castello, Piazza Duomo e Piazza Mercato un percorso che, tra curve e pav\u00e8, contribuir\u00e0 a rendere la corsa davvero frizzante e spettacolare. Alle 19.00 si sfideranno gli ex-pro, poi alle 21.00 ci sar\u00e0 la gara dei professionisti.<\/p>\n<p>\u201cSono felice di essere il testimonial di questa bella manifestazione. Il Cycling Stars Criterium si propone come una festa di fine Giro. Una festa per il pubblico ma anche per i corridori. Tre settimane di Giro sono molto intense e stressanti per gli atleti, sia a livello fisico che mentale. Invece qui a Belluno verrano per divertirsi e stare in mezzo alla gente e ai tifosi tra foto, autografi e dando ancora una volta spettacolo pedalando. Questo \u00e8 un evento giovane, siamo solo alla terza edizione, ma sono sicuro che ha il potenziale per crescere molto perch\u00e9 \u00e8 una formula che piace sia al pubblico che ai corridori stessi\u201d dice Alessandro Ballan.<\/p>\n<p>\u201cDa corridore ho avuto modo di partecipare a entrambe le prime due edizioni. E\u2019 stata un\u2019esperienza molto bella, questo evento permette ai tifosi di avvicinarsi ai corridori senza le difficolt\u00e0 e la frenesia che ci sono in occasione delle gare. Inoltre sono molto contento che ad ospitare l\u2019evento sia proprio la mia citt\u00e0, Belluno\u201d dice l\u2019ex pro Alex Turrin.<\/p>\n<p>Alla conferenza erano pesenti anche Annamaria Bristot in rappresentanza del Consorzio Belluno Centro Storico e Renzo Minella che\u00a0si occuper\u00e0 della promozione del territorio della provincia di Belluno al Giro d\u2019Italia per conto del DMO Dolomiti (Destination Management Organization). \u201cUn Giro d&#8217;Italia che vedr\u00e0 la Provincia assoluta protagonista. Gioved\u00ec 30 maggio la 18a tappa con il gruppo a transitare per Cortina d&#8217;Ampezzo, Longarone e l\u2019Alpago. Venerd\u00ec 31 mggio poi, con la 19a tappa, dopo la partenza da Treviso il gruppo rientrer\u00e0 nel bellunese attarverso il Passo San Boldo per proseguire poi lungo la sinistra Piave verso il feltrino e Lamon. Gran finale sabato 1 giugno con la 20a tappa, il tappone Feltre-Crocedaune. Domenica 2 giugno la pedalata rosa, aperta a tutti, da Belluno a Fetre. E infine tutti a Belluno luned\u00ec 3 giugno per la festa del Cycling Stars Criterium che promuoveremo in tutta Italia durante le tre settimane della Corsa Rosa\u201d dice Minella.<a href=\"http:\/\/www.bellunopress.it\/fr\/2019\/04\/01\/il-prossimo-giro-ditalia-si-festeggia-a-belluno-lunedi-3-giugno-la-terza-edizione-del-cycling-stars-criterium\/minella-leggera\/\" rel=\"attachment wp-att-103379\"><img loading=\"lazy\" decoding=\"async\" class=\"size-full wp-image-103379 aligncenter\" src=\"http:\/\/www.bellunopress.it\/wp-content\/uploads\/2019\/04\/Minella-leggera.png\" alt=\"\" width=\"350\" height=\"236\" \/>(Foto: Ballan, Minella e Bonsembiante)<\/a><\/p>","protected":false},"excerpt":{"rendered":"<p>Appuntamento a Belluno luned\u00ec 3 giugno con la 3a edizione del Cycling Stars Criterium la \u201ckermesse\u201d che andr\u00e0 in scena il giorno dopo la conclusione del Giro d\u2019Italia. Una festa del ciclismo che vedr\u00e0 al via molti dei protagonisti della Corsa Rosa tra i quali hanno gi\u00e0 confermato la loro presenza il campione italiano Elia [&hellip;]<\/p>\n","protected":false},"author":2,"featured_media":0,"comment_status":"closed","ping_status":"open","sticky":false,"template":"","format":"standard","meta":{"footnotes":""},"categories":[27,26,4],"tags":[],"class_list":["post-103377","post","type-post","status-publish","format-standard","category-appuntamenti","category-prima-pagina","category-sport"],"yoast_head":"<!-- This site is optimized with the Yoast SEO plugin v28.4 - https:\/\/yoast.com\/product\/yoast-seo-wordpress\/ -->\n<title>Il prossimo Giro d&#039;Italia si festeggia a Belluno: luned\u00ec 3 giugno la terza edizione del Cycling Stars Criterium - Bellunopress - Dolomiti<\/title>\n<meta name=\"robots\" content=\"index, follow, max-snippet:-1, max-image-preview:large, max-video-preview:-1\" \/>\n<link rel=\"canonical\" href=\"https:\/\/www.bellunopress.it\/fr\/2019\/04\/01\/il-prossimo-giro-ditalia-si-festeggia-a-belluno-lunedi-3-giugno-la-terza-edizione-del-cycling-stars-criterium\/\" \/>\n<meta property=\"og:locale\" content=\"fr_FR\" \/>\n<meta property=\"og:type\" content=\"article\" \/>\n<meta property=\"og:title\" content=\"Il prossimo Giro d&#039;Italia si festeggia a Belluno: luned\u00ec 3 giugno la terza edizione del Cycling Stars Criterium - Bellunopress - Dolomiti\" \/>\n<meta property=\"og:description\" content=\"Appuntamento a Belluno luned\u00ec 3 giugno con la 3a edizione del Cycling Stars Criterium la \u201ckermesse\u201d che andr\u00e0 in scena il giorno dopo la conclusione del Giro d\u2019Italia. Una festa del ciclismo che vedr\u00e0 al via molti dei protagonisti della Corsa Rosa tra i quali hanno gi\u00e0 confermato la loro presenza il campione italiano Elia [&hellip;]\" \/>\n<meta property=\"og:url\" content=\"https:\/\/www.bellunopress.it\/fr\/2019\/04\/01\/il-prossimo-giro-ditalia-si-festeggia-a-belluno-lunedi-3-giugno-la-terza-edizione-del-cycling-stars-criterium\/\" \/>\n<meta property=\"og:site_name\" content=\"Bellunopress - Dolomiti\" \/>\n<meta property=\"article:publisher\" content=\"https:\/\/www.facebook.com\/profile.php?id=100008943462799\" \/>\n<meta property=\"article:published_time\" content=\"2019-04-01T17:32:38+00:00\" \/>\n<meta property=\"article:modified_time\" content=\"2019-04-01T17:38:00+00:00\" \/>\n<meta property=\"og:image\" content=\"http:\/\/www.bellunopress.it\/wp-content\/uploads\/2019\/04\/Gruppo-leggera.png\" \/>\n<meta name=\"author\" content=\"redazione\" \/>\n<meta name=\"twitter:card\" content=\"summary_large_image\" \/>\n<meta name=\"twitter:creator\" content=\"@bellunopress\" \/>\n<meta name=\"twitter:site\" content=\"@bellunopress\" \/>\n<meta name=\"twitter:label1\" content=\"\u00c9crit par\" \/>\n\t<meta name=\"twitter:data1\" content=\"redazione\" \/>\n\t<meta name=\"twitter:label2\" content=\"Dur\u00e9e de lecture estim\u00e9e\" \/>\n\t<meta name=\"twitter:data2\" content=\"5 minutes\" \/>\n<script type=\"application\/ld+json\" class=\"yoast-schema-graph\">{\"@context\":\"https:\\\/\\\/schema.org\",\"@graph\":[{\"@type\":\"Article\",\"@id\":\"https:\\\/\\\/www.bellunopress.it\\\/2019\\\/04\\\/01\\\/il-prossimo-giro-ditalia-si-festeggia-a-belluno-lunedi-3-giugno-la-terza-edizione-del-cycling-stars-criterium\\\/#article\",\"isPartOf\":{\"@id\":\"https:\\\/\\\/www.bellunopress.it\\\/2019\\\/04\\\/01\\\/il-prossimo-giro-ditalia-si-festeggia-a-belluno-lunedi-3-giugno-la-terza-edizione-del-cycling-stars-criterium\\\/\"},\"author\":{\"name\":\"redazione\",\"@id\":\"https:\\\/\\\/www.bellunopress.it\\\/#\\\/schema\\\/person\\\/79bb06722b37ece1c03d3e94beb30d73\"},\"headline\":\"Il prossimo Giro d&#8217;Italia si festeggia a Belluno: luned\u00ec 3 giugno la terza edizione del Cycling Stars Criterium\",\"datePublished\":\"2019-04-01T17:32:38+00:00\",\"dateModified\":\"2019-04-01T17:38:00+00:00\",\"mainEntityOfPage\":{\"@id\":\"https:\\\/\\\/www.bellunopress.it\\\/2019\\\/04\\\/01\\\/il-prossimo-giro-ditalia-si-festeggia-a-belluno-lunedi-3-giugno-la-terza-edizione-del-cycling-stars-criterium\\\/\"},\"wordCount\":1039,\"publisher\":{\"@id\":\"https:\\\/\\\/www.bellunopress.it\\\/#organization\"},\"image\":{\"@id\":\"https:\\\/\\\/www.bellunopress.it\\\/2019\\\/04\\\/01\\\/il-prossimo-giro-ditalia-si-festeggia-a-belluno-lunedi-3-giugno-la-terza-edizione-del-cycling-stars-criterium\\\/#primaryimage\"},\"thumbnailUrl\":\"http:\\\/\\\/www.bellunopress.it\\\/wp-content\\\/uploads\\\/2019\\\/04\\\/Gruppo-leggera.png\",\"articleSection\":[\"Appuntamenti, Eventi\",\"Prima Pagina\",\"Sport, tempo libero\"],\"inLanguage\":\"fr-FR\"},{\"@type\":\"WebPage\",\"@id\":\"https:\\\/\\\/www.bellunopress.it\\\/2019\\\/04\\\/01\\\/il-prossimo-giro-ditalia-si-festeggia-a-belluno-lunedi-3-giugno-la-terza-edizione-del-cycling-stars-criterium\\\/\",\"url\":\"https:\\\/\\\/www.bellunopress.it\\\/2019\\\/04\\\/01\\\/il-prossimo-giro-ditalia-si-festeggia-a-belluno-lunedi-3-giugno-la-terza-edizione-del-cycling-stars-criterium\\\/\",\"name\":\"Il prossimo Giro d'Italia si festeggia a Belluno: luned\u00ec 3 giugno la terza edizione del Cycling Stars Criterium - Bellunopress - Dolomiti\",\"isPartOf\":{\"@id\":\"https:\\\/\\\/www.bellunopress.it\\\/#website\"},\"primaryImageOfPage\":{\"@id\":\"https:\\\/\\\/www.bellunopress.it\\\/2019\\\/04\\\/01\\\/il-prossimo-giro-ditalia-si-festeggia-a-belluno-lunedi-3-giugno-la-terza-edizione-del-cycling-stars-criterium\\\/#primaryimage\"},\"image\":{\"@id\":\"https:\\\/\\\/www.bellunopress.it\\\/2019\\\/04\\\/01\\\/il-prossimo-giro-ditalia-si-festeggia-a-belluno-lunedi-3-giugno-la-terza-edizione-del-cycling-stars-criterium\\\/#primaryimage\"},\"thumbnailUrl\":\"http:\\\/\\\/www.bellunopress.it\\\/wp-content\\\/uploads\\\/2019\\\/04\\\/Gruppo-leggera.png\",\"datePublished\":\"2019-04-01T17:32:38+00:00\",\"dateModified\":\"2019-04-01T17:38:00+00:00\",\"breadcrumb\":{\"@id\":\"https:\\\/\\\/www.bellunopress.it\\\/2019\\\/04\\\/01\\\/il-prossimo-giro-ditalia-si-festeggia-a-belluno-lunedi-3-giugno-la-terza-edizione-del-cycling-stars-criterium\\\/#breadcrumb\"},\"inLanguage\":\"fr-FR\",\"potentialAction\":[{\"@type\":\"ReadAction\",\"target\":[\"https:\\\/\\\/www.bellunopress.it\\\/2019\\\/04\\\/01\\\/il-prossimo-giro-ditalia-si-festeggia-a-belluno-lunedi-3-giugno-la-terza-edizione-del-cycling-stars-criterium\\\/\"]}]},{\"@type\":\"ImageObject\",\"inLanguage\":\"fr-FR\",\"@id\":\"https:\\\/\\\/www.bellunopress.it\\\/2019\\\/04\\\/01\\\/il-prossimo-giro-ditalia-si-festeggia-a-belluno-lunedi-3-giugno-la-terza-edizione-del-cycling-stars-criterium\\\/#primaryimage\",\"url\":\"http:\\\/\\\/www.bellunopress.it\\\/wp-content\\\/uploads\\\/2019\\\/04\\\/Gruppo-leggera.png\",\"contentUrl\":\"http:\\\/\\\/www.bellunopress.it\\\/wp-content\\\/uploads\\\/2019\\\/04\\\/Gruppo-leggera.png\"},{\"@type\":\"BreadcrumbList\",\"@id\":\"https:\\\/\\\/www.bellunopress.it\\\/2019\\\/04\\\/01\\\/il-prossimo-giro-ditalia-si-festeggia-a-belluno-lunedi-3-giugno-la-terza-edizione-del-cycling-stars-criterium\\\/#breadcrumb\",\"itemListElement\":[{\"@type\":\"ListItem\",\"position\":1,\"name\":\"Home\",\"item\":\"https:\\\/\\\/www.bellunopress.it\\\/\"},{\"@type\":\"ListItem\",\"position\":2,\"name\":\"Il prossimo Giro d&#8217;Italia si festeggia a Belluno: luned\u00ec 3 giugno la terza edizione del Cycling Stars Criterium\"}]},{\"@type\":\"WebSite\",\"@id\":\"https:\\\/\\\/www.bellunopress.it\\\/#website\",\"url\":\"https:\\\/\\\/www.bellunopress.it\\\/\",\"name\":\"Bellunopress - Dolomiti\",\"description\":\"e-mail: redazione@bellunopress.it\",\"publisher\":{\"@id\":\"https:\\\/\\\/www.bellunopress.it\\\/#organization\"},\"potentialAction\":[{\"@type\":\"SearchAction\",\"target\":{\"@type\":\"EntryPoint\",\"urlTemplate\":\"https:\\\/\\\/www.bellunopress.it\\\/?s={search_term_string}\"},\"query-input\":{\"@type\":\"PropertyValueSpecification\",\"valueRequired\":true,\"valueName\":\"search_term_string\"}}],\"inLanguage\":\"fr-FR\"},{\"@type\":\"Organization\",\"@id\":\"https:\\\/\\\/www.bellunopress.it\\\/#organization\",\"name\":\"Bellunopress\",\"url\":\"https:\\\/\\\/www.bellunopress.it\\\/\",\"logo\":{\"@type\":\"ImageObject\",\"inLanguage\":\"fr-FR\",\"@id\":\"https:\\\/\\\/www.bellunopress.it\\\/#\\\/schema\\\/logo\\\/image\\\/\",\"url\":\"https:\\\/\\\/www.bellunopress.it\\\/wp-content\\\/uploads\\\/2011\\\/05\\\/cropped-logo-bellunopress-.jpg\",\"contentUrl\":\"https:\\\/\\\/www.bellunopress.it\\\/wp-content\\\/uploads\\\/2011\\\/05\\\/cropped-logo-bellunopress-.jpg\",\"width\":512,\"height\":512,\"caption\":\"Bellunopress\"},\"image\":{\"@id\":\"https:\\\/\\\/www.bellunopress.it\\\/#\\\/schema\\\/logo\\\/image\\\/\"},\"sameAs\":[\"https:\\\/\\\/www.facebook.com\\\/profile.php?id=100008943462799\",\"https:\\\/\\\/x.com\\\/bellunopress\",\"https:\\\/\\\/www.linkedin.com\\\/hp\\\/?dnr=JBzUWaJfMUw8vbXJJ2tVW5-I3jZKvC4wsoxE&amp;amp;amp;amp;amp;amp;trk=nav_responsive_tab_home\",\"https:\\\/\\\/www.youtube.com\\\/channel\\\/UCxL0wu1uN0_3_7hGG0306cw\"]},{\"@type\":\"Person\",\"@id\":\"https:\\\/\\\/www.bellunopress.it\\\/#\\\/schema\\\/person\\\/79bb06722b37ece1c03d3e94beb30d73\",\"name\":\"redazione\",\"image\":{\"@type\":\"ImageObject\",\"inLanguage\":\"fr-FR\",\"@id\":\"https:\\\/\\\/secure.gravatar.com\\\/avatar\\\/37d968a2e67a6fd04c169c4bdef102d0bc5d31b2546345219e348575eb80e9a0?s=96&d=mm&r=g\",\"url\":\"https:\\\/\\\/secure.gravatar.com\\\/avatar\\\/37d968a2e67a6fd04c169c4bdef102d0bc5d31b2546345219e348575eb80e9a0?s=96&d=mm&r=g\",\"contentUrl\":\"https:\\\/\\\/secure.gravatar.com\\\/avatar\\\/37d968a2e67a6fd04c169c4bdef102d0bc5d31b2546345219e348575eb80e9a0?s=96&d=mm&r=g\",\"caption\":\"redazione\"},\"sameAs\":[\"http:\\\/\\\/www.bellunopress.it\",\"https:\\\/\\\/x.com\\\/bellunopress\"],\"url\":\"https:\\\/\\\/www.bellunopress.it\\\/fr\\\/author\\\/redazione\\\/\"}]}<\/script>\n<!-- \/ Yoast SEO plugin. -->","yoast_head_json":{"title":"Il prossimo Giro d'Italia si festeggia a Belluno: luned\u00ec 3 giugno la terza edizione del Cycling Stars Criterium - Bellunopress - Dolomiti","robots":{"index":"index","follow":"follow","max-snippet":"max-snippet:-1","max-image-preview":"max-image-preview:large","max-video-preview":"max-video-preview:-1"},"canonical":"https:\/\/www.bellunopress.it\/fr\/2019\/04\/01\/il-prossimo-giro-ditalia-si-festeggia-a-belluno-lunedi-3-giugno-la-terza-edizione-del-cycling-stars-criterium\/","og_locale":"fr_FR","og_type":"article","og_title":"Il prossimo Giro d'Italia si festeggia a Belluno: luned\u00ec 3 giugno la terza edizione del Cycling Stars Criterium - Bellunopress - Dolomiti","og_description":"Appuntamento a Belluno luned\u00ec 3 giugno con la 3a edizione del Cycling Stars Criterium la \u201ckermesse\u201d che andr\u00e0 in scena il giorno dopo la conclusione del Giro d\u2019Italia. Una festa del ciclismo che vedr\u00e0 al via molti dei protagonisti della Corsa Rosa tra i quali hanno gi\u00e0 confermato la loro presenza il campione italiano Elia [&hellip;]","og_url":"https:\/\/www.bellunopress.it\/fr\/2019\/04\/01\/il-prossimo-giro-ditalia-si-festeggia-a-belluno-lunedi-3-giugno-la-terza-edizione-del-cycling-stars-criterium\/","og_site_name":"Bellunopress - Dolomiti","article_publisher":"https:\/\/www.facebook.com\/profile.php?id=100008943462799","article_published_time":"2019-04-01T17:32:38+00:00","article_modified_time":"2019-04-01T17:38:00+00:00","og_image":[{"url":"http:\/\/www.bellunopress.it\/wp-content\/uploads\/2019\/04\/Gruppo-leggera.png","type":"","width":"","height":""}],"author":"redazione","twitter_card":"summary_large_image","twitter_creator":"@bellunopress","twitter_site":"@bellunopress","twitter_misc":{"\u00c9crit par":"redazione","Dur\u00e9e de lecture estim\u00e9e":"5 minutes"},"schema":{"@context":"https:\/\/schema.org","@graph":[{"@type":"Article","@id":"https:\/\/www.bellunopress.it\/2019\/04\/01\/il-prossimo-giro-ditalia-si-festeggia-a-belluno-lunedi-3-giugno-la-terza-edizione-del-cycling-stars-criterium\/#article","isPartOf":{"@id":"https:\/\/www.bellunopress.it\/2019\/04\/01\/il-prossimo-giro-ditalia-si-festeggia-a-belluno-lunedi-3-giugno-la-terza-edizione-del-cycling-stars-criterium\/"},"author":{"name":"redazione","@id":"https:\/\/www.bellunopress.it\/#\/schema\/person\/79bb06722b37ece1c03d3e94beb30d73"},"headline":"Il prossimo Giro d&#8217;Italia si festeggia a Belluno: luned\u00ec 3 giugno la terza edizione del Cycling Stars Criterium","datePublished":"2019-04-01T17:32:38+00:00","dateModified":"2019-04-01T17:38:00+00:00","mainEntityOfPage":{"@id":"https:\/\/www.bellunopress.it\/2019\/04\/01\/il-prossimo-giro-ditalia-si-festeggia-a-belluno-lunedi-3-giugno-la-terza-edizione-del-cycling-stars-criterium\/"},"wordCount":1039,"publisher":{"@id":"https:\/\/www.bellunopress.it\/#organization"},"image":{"@id":"https:\/\/www.bellunopress.it\/2019\/04\/01\/il-prossimo-giro-ditalia-si-festeggia-a-belluno-lunedi-3-giugno-la-terza-edizione-del-cycling-stars-criterium\/#primaryimage"},"thumbnailUrl":"http:\/\/www.bellunopress.it\/wp-content\/uploads\/2019\/04\/Gruppo-leggera.png","articleSection":["Appuntamenti, Eventi","Prima Pagina","Sport, tempo libero"],"inLanguage":"fr-FR"},{"@type":"WebPage","@id":"https:\/\/www.bellunopress.it\/2019\/04\/01\/il-prossimo-giro-ditalia-si-festeggia-a-belluno-lunedi-3-giugno-la-terza-edizione-del-cycling-stars-criterium\/","url":"https:\/\/www.bellunopress.it\/2019\/04\/01\/il-prossimo-giro-ditalia-si-festeggia-a-belluno-lunedi-3-giugno-la-terza-edizione-del-cycling-stars-criterium\/","name":"Il prossimo Giro d'Italia si festeggia a Belluno: luned\u00ec 3 giugno la terza edizione del Cycling Stars Criterium - Bellunopress - Dolomiti","isPartOf":{"@id":"https:\/\/www.bellunopress.it\/#website"},"primaryImageOfPage":{"@id":"https:\/\/www.bellunopress.it\/2019\/04\/01\/il-prossimo-giro-ditalia-si-festeggia-a-belluno-lunedi-3-giugno-la-terza-edizione-del-cycling-stars-criterium\/#primaryimage"},"image":{"@id":"https:\/\/www.bellunopress.it\/2019\/04\/01\/il-prossimo-giro-ditalia-si-festeggia-a-belluno-lunedi-3-giugno-la-terza-edizione-del-cycling-stars-criterium\/#primaryimage"},"thumbnailUrl":"http:\/\/www.bellunopress.it\/wp-content\/uploads\/2019\/04\/Gruppo-leggera.png","datePublished":"2019-04-01T17:32:38+00:00","dateModified":"2019-04-01T17:38:00+00:00","breadcrumb":{"@id":"https:\/\/www.bellunopress.it\/2019\/04\/01\/il-prossimo-giro-ditalia-si-festeggia-a-belluno-lunedi-3-giugno-la-terza-edizione-del-cycling-stars-criterium\/#breadcrumb"},"inLanguage":"fr-FR","potentialAction":[{"@type":"ReadAction","target":["https:\/\/www.bellunopress.it\/2019\/04\/01\/il-prossimo-giro-ditalia-si-festeggia-a-belluno-lunedi-3-giugno-la-terza-edizione-del-cycling-stars-criterium\/"]}]},{"@type":"ImageObject","inLanguage":"fr-FR","@id":"https:\/\/www.bellunopress.it\/2019\/04\/01\/il-prossimo-giro-ditalia-si-festeggia-a-belluno-lunedi-3-giugno-la-terza-edizione-del-cycling-stars-criterium\/#primaryimage","url":"http:\/\/www.bellunopress.it\/wp-content\/uploads\/2019\/04\/Gruppo-leggera.png","contentUrl":"http:\/\/www.bellunopress.it\/wp-content\/uploads\/2019\/04\/Gruppo-leggera.png"},{"@type":"BreadcrumbList","@id":"https:\/\/www.bellunopress.it\/2019\/04\/01\/il-prossimo-giro-ditalia-si-festeggia-a-belluno-lunedi-3-giugno-la-terza-edizione-del-cycling-stars-criterium\/#breadcrumb","itemListElement":[{"@type":"ListItem","position":1,"name":"Home","item":"https:\/\/www.bellunopress.it\/"},{"@type":"ListItem","position":2,"name":"Il prossimo Giro d&#8217;Italia si festeggia a Belluno: luned\u00ec 3 giugno la terza edizione del Cycling Stars Criterium"}]},{"@type":"WebSite","@id":"https:\/\/www.bellunopress.it\/#website","url":"https:\/\/www.bellunopress.it\/","name":"Bellunopress - Dolomiti","description":"e-mail: redazione@bellunopress.it","publisher":{"@id":"https:\/\/www.bellunopress.it\/#organization"},"potentialAction":[{"@type":"SearchAction","target":{"@type":"EntryPoint","urlTemplate":"https:\/\/www.bellunopress.it\/?s={search_term_string}"},"query-input":{"@type":"PropertyValueSpecification","valueRequired":true,"valueName":"search_term_string"}}],"inLanguage":"fr-FR"},{"@type":"Organization","@id":"https:\/\/www.bellunopress.it\/#organization","name":"Bellunopress","url":"https:\/\/www.bellunopress.it\/","logo":{"@type":"ImageObject","inLanguage":"fr-FR","@id":"https:\/\/www.bellunopress.it\/#\/schema\/logo\/image\/","url":"https:\/\/www.bellunopress.it\/wp-content\/uploads\/2011\/05\/cropped-logo-bellunopress-.jpg","contentUrl":"https:\/\/www.bellunopress.it\/wp-content\/uploads\/2011\/05\/cropped-logo-bellunopress-.jpg","width":512,"height":512,"caption":"Bellunopress"},"image":{"@id":"https:\/\/www.bellunopress.it\/#\/schema\/logo\/image\/"},"sameAs":["https:\/\/www.facebook.com\/profile.php?id=100008943462799","https:\/\/x.com\/bellunopress","https:\/\/www.linkedin.com\/hp\/?dnr=JBzUWaJfMUw8vbXJJ2tVW5-I3jZKvC4wsoxE&amp;amp;amp;amp;amp;amp;trk=nav_responsive_tab_home","https:\/\/www.youtube.com\/channel\/UCxL0wu1uN0_3_7hGG0306cw"]},{"@type":"Person","@id":"https:\/\/www.bellunopress.it\/#\/schema\/person\/79bb06722b37ece1c03d3e94beb30d73","name":"r\u00e9daction","image":{"@type":"ImageObject","inLanguage":"fr-FR","@id":"https:\/\/secure.gravatar.com\/avatar\/37d968a2e67a6fd04c169c4bdef102d0bc5d31b2546345219e348575eb80e9a0?s=96&d=mm&r=g","url":"https:\/\/secure.gravatar.com\/avatar\/37d968a2e67a6fd04c169c4bdef102d0bc5d31b2546345219e348575eb80e9a0?s=96&d=mm&r=g","contentUrl":"https:\/\/secure.gravatar.com\/avatar\/37d968a2e67a6fd04c169c4bdef102d0bc5d31b2546345219e348575eb80e9a0?s=96&d=mm&r=g","caption":"redazione"},"sameAs":["http:\/\/www.bellunopress.it","https:\/\/x.com\/bellunopress"],"url":"https:\/\/www.bellunopress.it\/fr\/author\/redazione\/"}]}},"_links":{"self":[{"href":"https:\/\/www.bellunopress.it\/fr\/wp-json\/wp\/v2\/posts\/103377","targetHints":{"allow":["GET"]}}],"collection":[{"href":"https:\/\/www.bellunopress.it\/fr\/wp-json\/wp\/v2\/posts"}],"about":[{"href":"https:\/\/www.bellunopress.it\/fr\/wp-json\/wp\/v2\/types\/post"}],"author":[{"embeddable":true,"href":"https:\/\/www.bellunopress.it\/fr\/wp-json\/wp\/v2\/users\/2"}],"replies":[{"embeddable":true,"href":"https:\/\/www.bellunopress.it\/fr\/wp-json\/wp\/v2\/comments?post=103377"}],"version-history":[{"count":4,"href":"https:\/\/www.bellunopress.it\/fr\/wp-json\/wp\/v2\/posts\/103377\/revisions"}],"predecessor-version":[{"id":103385,"href":"https:\/\/www.bellunopress.it\/fr\/wp-json\/wp\/v2\/posts\/103377\/revisions\/103385"}],"wp:attachment":[{"href":"https:\/\/www.bellunopress.it\/fr\/wp-json\/wp\/v2\/media?parent=103377"}],"wp:term":[{"taxonomy":"category","embeddable":true,"href":"https:\/\/www.bellunopress.it\/fr\/wp-json\/wp\/v2\/categories?post=103377"},{"taxonomy":"post_tag","embeddable":true,"href":"https:\/\/www.bellunopress.it\/fr\/wp-json\/wp\/v2\/tags?post=103377"}],"curies":[{"name":"wp","href":"https:\/\/api.w.org\/{rel}","templated":true}]}}