{"id":103363,"date":"2019-04-01T14:17:47","date_gmt":"2019-04-01T12:17:47","guid":{"rendered":"http:\/\/www.bellunopress.it\/?p=103363"},"modified":"2019-04-01T17:01:38","modified_gmt":"2019-04-01T15:01:38","slug":"creazione-e-sviluppo-di-attivita-agricole-ed-extra-agricole-presentati-i-nuovi-bandi-al-feltrino-stretto-il-programma-di-collaborazione-con-lunione-montana","status":"publish","type":"post","link":"https:\/\/www.bellunopress.it\/fr\/2019\/04\/01\/creazione-e-sviluppo-di-attivita-agricole-ed-extra-agricole-presentati-i-nuovi-bandi-al-feltrino-stretto-il-programma-di-collaborazione-con-lunione-montana\/","title":{"rendered":"Creazione e sviluppo di attivit\u00e0 agricole ed extra-agricole: presentati i nuovi bandi al Feltrino. Stretto il programma di collaborazione con l\u2019Unione Montana"},"content":{"rendered":"<figure id=\"attachment_103364\" aria-describedby=\"caption-attachment-103364\" style=\"width: 248px\" class=\"wp-caption alignleft\"><a href=\"http:\/\/www.bellunopress.it\/fr\/2019\/04\/01\/creazione-e-sviluppo-di-attivita-agricole-ed-extra-agricole-presentati-i-nuovi-bandi-al-feltrino-stretto-il-programma-di-collaborazione-con-lunione-montana\/aguanno-gal-prealpi-dolomiti\/\" rel=\"attachment wp-att-103364\"><img loading=\"lazy\" decoding=\"async\" class=\"size-full wp-image-103364\" src=\"http:\/\/www.bellunopress.it\/wp-content\/uploads\/2019\/04\/Aguanno-Gal-Prealpi-Dolomiti.jpg\" alt=\"\" width=\"248\" height=\"297\" \/><\/a><figcaption id=\"caption-attachment-103364\" class=\"wp-caption-text\">Matteo Aguanno<\/figcaption><\/figure>\n<p>Appuntamento, gioved\u00ec prossimo 4 aprile, alle 15.30 presso la Sala Consiglio dell\u2019Unione Montana Feltrina per la terza data di presentazione dei due nuovi bandi messi a punto dal Gal Prealpi e Dolomiti.<br \/>\nL&#8217;incontro pubblico \u00e8 finalizzato ad illustrare i bandi &#8211; pubblicati il 22 febbraio scorso &#8211; relativi alla &#8220;Creazione e sviluppo della diversificazione delle imprese agricole&#8221; e alla \u201cCreazione e sviluppo di attivit\u00e0 extra-agricole nelle aree rurali&#8221;.<\/p>\n<p>\u201cVisto l\u2019ottimo riscontro avuto in occasione dei due primi appuntamenti, svoltisi nelle scorse settimane a Sedico e in Alpago, dove abbiamo avuto modo di incontrare oltre un centinaio di persone potenzialmente interessate, abbiamo deciso di organizzare un incontro \u201cdedicato\u201d anche per il Feltrino\u201d, sottolinea Matteo Aguanno, direttore del Gal Prealpi e Dolomiti. \u201cL\u2019interesse suscitato dalle nuove misure, aggiunge Aguanno, \u00e8 andato oltre le nostre aspettative, a testimonianza che gli ambiti finanziati sono evidentemente di interesse strategico per la crescita imprenditoriale del nostro territorio\u201d.<\/p>\n<p>\u201cIl programma di attivit\u00e0 che ci vede impegnati a fianco del Gal Prealpi e Dolomiti, di cui siamo soci oltre che partner operativo, \u00e8 gi\u00e0 molto ricco, ma il dialogo costante e aperto tra i due enti potr\u00e0 portare ulteriori sviluppi a vantaggio di tutta la vallata\u201d, aggiunge il presidente dell\u2019Unione Montana Feltrina Federico Dalla Torre. \u201cLo spirito, aggiunge Dalla Torre, non pu\u00f2 che essere quello di ragionare in termini di progettazione integrata e condivisa, con l\u2019obiettivo di mettere risorse e competenze diverse a fattor comune\u201d.<\/p>\n<p>Vale la pena ricordare che il primo bando \u00e8 rivolto ad imprese agricole che intendono ampliare e diversificare la propria attivit\u00e0 nell\u2019ambito, ad esempio, della trasformazione di prodotti agricoli in non agricoli, nella creazione di fattorie didattiche o sociali, nell\u2019ospitalit\u00e0 agrituristica e nel turismo rurale o, ancora, nei servizi ambientali per la cura e la manutenzione di spazi non agricoli.<br \/>\nLa seconda misura riguarda invece le micro e le piccole imprese non agricole, ma anche le persone fisiche ancora non titolari di partita IVA, che intendano cimentarsi nella creazione e nello sviluppo di attivit\u00e0 nelle aree rurali rivolte, principalmente, alla dimensione dell\u2019accoglienza turistica.<br \/>\nLa dotazione finanziaria complessiva delle due iniziative \u00e8 pari ad 1 milione e 600 mila euro, con un contributo agli investimenti nell\u2019ordine del 50% della spesa sostenuta.<\/p>\n<p>Per ogni approfondimento, i bandi e il materiale presentato durante gli incontri sono pubblicati nel sito internet www.galprealpidolomiti.it sezione bandi pubblici.<\/p>","protected":false},"excerpt":{"rendered":"<p>Appuntamento, gioved\u00ec prossimo 4 aprile, alle 15.30 presso la Sala Consiglio dell\u2019Unione Montana Feltrina per la terza data di presentazione dei due nuovi bandi messi a punto dal Gal Prealpi e Dolomiti. L&#8217;incontro pubblico \u00e8 finalizzato ad illustrare i bandi &#8211; pubblicati il 22 febbraio scorso &#8211; relativi alla &#8220;Creazione e sviluppo della diversificazione delle [&hellip;]<\/p>\n","protected":false},"author":2,"featured_media":0,"comment_status":"closed","ping_status":"open","sticky":false,"template":"","format":"standard","meta":{"footnotes":""},"categories":[36,26],"tags":[],"class_list":["post-103363","post","type-post","status-publish","format-standard","category-lavoro-economia","category-prima-pagina"],"yoast_head":"<!-- This site is optimized with the Yoast SEO plugin v28.4 - https:\/\/yoast.com\/product\/yoast-seo-wordpress\/ -->\n<title>Creazione e sviluppo di attivit\u00e0 agricole ed extra-agricole: presentati i nuovi bandi al Feltrino. Stretto il programma di collaborazione con l\u2019Unione Montana - Bellunopress - Dolomiti<\/title>\n<meta name=\"robots\" content=\"index, follow, max-snippet:-1, max-image-preview:large, max-video-preview:-1\" \/>\n<link rel=\"canonical\" href=\"https:\/\/www.bellunopress.it\/fr\/2019\/04\/01\/creazione-e-sviluppo-di-attivita-agricole-ed-extra-agricole-presentati-i-nuovi-bandi-al-feltrino-stretto-il-programma-di-collaborazione-con-lunione-montana\/\" \/>\n<meta property=\"og:locale\" content=\"fr_FR\" \/>\n<meta property=\"og:type\" content=\"article\" \/>\n<meta property=\"og:title\" content=\"Creazione e sviluppo di attivit\u00e0 agricole ed extra-agricole: presentati i nuovi bandi al Feltrino. Stretto il programma di collaborazione con l\u2019Unione Montana - Bellunopress - Dolomiti\" \/>\n<meta property=\"og:description\" content=\"Appuntamento, gioved\u00ec prossimo 4 aprile, alle 15.30 presso la Sala Consiglio dell\u2019Unione Montana Feltrina per la terza data di presentazione dei due nuovi bandi messi a punto dal Gal Prealpi e Dolomiti. L&#8217;incontro pubblico \u00e8 finalizzato ad illustrare i bandi &#8211; pubblicati il 22 febbraio scorso &#8211; relativi alla &#8220;Creazione e sviluppo della diversificazione delle [&hellip;]\" \/>\n<meta property=\"og:url\" content=\"https:\/\/www.bellunopress.it\/fr\/2019\/04\/01\/creazione-e-sviluppo-di-attivita-agricole-ed-extra-agricole-presentati-i-nuovi-bandi-al-feltrino-stretto-il-programma-di-collaborazione-con-lunione-montana\/\" \/>\n<meta property=\"og:site_name\" content=\"Bellunopress - Dolomiti\" \/>\n<meta property=\"article:publisher\" content=\"https:\/\/www.facebook.com\/profile.php?id=100008943462799\" \/>\n<meta property=\"article:published_time\" content=\"2019-04-01T12:17:47+00:00\" \/>\n<meta property=\"article:modified_time\" content=\"2019-04-01T15:01:38+00:00\" \/>\n<meta property=\"og:image\" content=\"http:\/\/www.bellunopress.it\/wp-content\/uploads\/2019\/04\/Aguanno-Gal-Prealpi-Dolomiti.jpg\" \/>\n<meta name=\"author\" content=\"redazione\" \/>\n<meta name=\"twitter:card\" content=\"summary_large_image\" \/>\n<meta name=\"twitter:creator\" content=\"@bellunopress\" \/>\n<meta name=\"twitter:site\" content=\"@bellunopress\" \/>\n<meta name=\"twitter:label1\" content=\"\u00c9crit par\" \/>\n\t<meta name=\"twitter:data1\" content=\"redazione\" \/>\n\t<meta name=\"twitter:label2\" content=\"Dur\u00e9e de lecture estim\u00e9e\" \/>\n\t<meta name=\"twitter:data2\" content=\"2 minutes\" \/>\n<script type=\"application\/ld+json\" class=\"yoast-schema-graph\">{\"@context\":\"https:\\\/\\\/schema.org\",\"@graph\":[{\"@type\":\"Article\",\"@id\":\"https:\\\/\\\/www.bellunopress.it\\\/2019\\\/04\\\/01\\\/creazione-e-sviluppo-di-attivita-agricole-ed-extra-agricole-presentati-i-nuovi-bandi-al-feltrino-stretto-il-programma-di-collaborazione-con-lunione-montana\\\/#article\",\"isPartOf\":{\"@id\":\"https:\\\/\\\/www.bellunopress.it\\\/2019\\\/04\\\/01\\\/creazione-e-sviluppo-di-attivita-agricole-ed-extra-agricole-presentati-i-nuovi-bandi-al-feltrino-stretto-il-programma-di-collaborazione-con-lunione-montana\\\/\"},\"author\":{\"name\":\"redazione\",\"@id\":\"https:\\\/\\\/www.bellunopress.it\\\/#\\\/schema\\\/person\\\/79bb06722b37ece1c03d3e94beb30d73\"},\"headline\":\"Creazione e sviluppo di attivit\u00e0 agricole ed extra-agricole: presentati i nuovi bandi al Feltrino. Stretto il programma di collaborazione con l\u2019Unione Montana\",\"datePublished\":\"2019-04-01T12:17:47+00:00\",\"dateModified\":\"2019-04-01T15:01:38+00:00\",\"mainEntityOfPage\":{\"@id\":\"https:\\\/\\\/www.bellunopress.it\\\/2019\\\/04\\\/01\\\/creazione-e-sviluppo-di-attivita-agricole-ed-extra-agricole-presentati-i-nuovi-bandi-al-feltrino-stretto-il-programma-di-collaborazione-con-lunione-montana\\\/\"},\"wordCount\":421,\"publisher\":{\"@id\":\"https:\\\/\\\/www.bellunopress.it\\\/#organization\"},\"image\":{\"@id\":\"https:\\\/\\\/www.bellunopress.it\\\/2019\\\/04\\\/01\\\/creazione-e-sviluppo-di-attivita-agricole-ed-extra-agricole-presentati-i-nuovi-bandi-al-feltrino-stretto-il-programma-di-collaborazione-con-lunione-montana\\\/#primaryimage\"},\"thumbnailUrl\":\"http:\\\/\\\/www.bellunopress.it\\\/wp-content\\\/uploads\\\/2019\\\/04\\\/Aguanno-Gal-Prealpi-Dolomiti.jpg\",\"articleSection\":[\"Lavoro, Economia, Turismo\",\"Prima Pagina\"],\"inLanguage\":\"fr-FR\"},{\"@type\":\"WebPage\",\"@id\":\"https:\\\/\\\/www.bellunopress.it\\\/2019\\\/04\\\/01\\\/creazione-e-sviluppo-di-attivita-agricole-ed-extra-agricole-presentati-i-nuovi-bandi-al-feltrino-stretto-il-programma-di-collaborazione-con-lunione-montana\\\/\",\"url\":\"https:\\\/\\\/www.bellunopress.it\\\/2019\\\/04\\\/01\\\/creazione-e-sviluppo-di-attivita-agricole-ed-extra-agricole-presentati-i-nuovi-bandi-al-feltrino-stretto-il-programma-di-collaborazione-con-lunione-montana\\\/\",\"name\":\"Creazione e sviluppo di attivit\u00e0 agricole ed extra-agricole: presentati i nuovi bandi al Feltrino. Stretto il programma di collaborazione con l\u2019Unione Montana - Bellunopress - Dolomiti\",\"isPartOf\":{\"@id\":\"https:\\\/\\\/www.bellunopress.it\\\/#website\"},\"primaryImageOfPage\":{\"@id\":\"https:\\\/\\\/www.bellunopress.it\\\/2019\\\/04\\\/01\\\/creazione-e-sviluppo-di-attivita-agricole-ed-extra-agricole-presentati-i-nuovi-bandi-al-feltrino-stretto-il-programma-di-collaborazione-con-lunione-montana\\\/#primaryimage\"},\"image\":{\"@id\":\"https:\\\/\\\/www.bellunopress.it\\\/2019\\\/04\\\/01\\\/creazione-e-sviluppo-di-attivita-agricole-ed-extra-agricole-presentati-i-nuovi-bandi-al-feltrino-stretto-il-programma-di-collaborazione-con-lunione-montana\\\/#primaryimage\"},\"thumbnailUrl\":\"http:\\\/\\\/www.bellunopress.it\\\/wp-content\\\/uploads\\\/2019\\\/04\\\/Aguanno-Gal-Prealpi-Dolomiti.jpg\",\"datePublished\":\"2019-04-01T12:17:47+00:00\",\"dateModified\":\"2019-04-01T15:01:38+00:00\",\"breadcrumb\":{\"@id\":\"https:\\\/\\\/www.bellunopress.it\\\/2019\\\/04\\\/01\\\/creazione-e-sviluppo-di-attivita-agricole-ed-extra-agricole-presentati-i-nuovi-bandi-al-feltrino-stretto-il-programma-di-collaborazione-con-lunione-montana\\\/#breadcrumb\"},\"inLanguage\":\"fr-FR\",\"potentialAction\":[{\"@type\":\"ReadAction\",\"target\":[\"https:\\\/\\\/www.bellunopress.it\\\/2019\\\/04\\\/01\\\/creazione-e-sviluppo-di-attivita-agricole-ed-extra-agricole-presentati-i-nuovi-bandi-al-feltrino-stretto-il-programma-di-collaborazione-con-lunione-montana\\\/\"]}]},{\"@type\":\"ImageObject\",\"inLanguage\":\"fr-FR\",\"@id\":\"https:\\\/\\\/www.bellunopress.it\\\/2019\\\/04\\\/01\\\/creazione-e-sviluppo-di-attivita-agricole-ed-extra-agricole-presentati-i-nuovi-bandi-al-feltrino-stretto-il-programma-di-collaborazione-con-lunione-montana\\\/#primaryimage\",\"url\":\"http:\\\/\\\/www.bellunopress.it\\\/wp-content\\\/uploads\\\/2019\\\/04\\\/Aguanno-Gal-Prealpi-Dolomiti.jpg\",\"contentUrl\":\"http:\\\/\\\/www.bellunopress.it\\\/wp-content\\\/uploads\\\/2019\\\/04\\\/Aguanno-Gal-Prealpi-Dolomiti.jpg\"},{\"@type\":\"BreadcrumbList\",\"@id\":\"https:\\\/\\\/www.bellunopress.it\\\/2019\\\/04\\\/01\\\/creazione-e-sviluppo-di-attivita-agricole-ed-extra-agricole-presentati-i-nuovi-bandi-al-feltrino-stretto-il-programma-di-collaborazione-con-lunione-montana\\\/#breadcrumb\",\"itemListElement\":[{\"@type\":\"ListItem\",\"position\":1,\"name\":\"Home\",\"item\":\"https:\\\/\\\/www.bellunopress.it\\\/\"},{\"@type\":\"ListItem\",\"position\":2,\"name\":\"Creazione e sviluppo di attivit\u00e0 agricole ed extra-agricole: presentati i nuovi bandi al Feltrino. Stretto il programma di collaborazione con l\u2019Unione Montana\"}]},{\"@type\":\"WebSite\",\"@id\":\"https:\\\/\\\/www.bellunopress.it\\\/#website\",\"url\":\"https:\\\/\\\/www.bellunopress.it\\\/\",\"name\":\"Bellunopress - Dolomiti\",\"description\":\"e-mail: redazione@bellunopress.it\",\"publisher\":{\"@id\":\"https:\\\/\\\/www.bellunopress.it\\\/#organization\"},\"potentialAction\":[{\"@type\":\"SearchAction\",\"target\":{\"@type\":\"EntryPoint\",\"urlTemplate\":\"https:\\\/\\\/www.bellunopress.it\\\/?s={search_term_string}\"},\"query-input\":{\"@type\":\"PropertyValueSpecification\",\"valueRequired\":true,\"valueName\":\"search_term_string\"}}],\"inLanguage\":\"fr-FR\"},{\"@type\":\"Organization\",\"@id\":\"https:\\\/\\\/www.bellunopress.it\\\/#organization\",\"name\":\"Bellunopress\",\"url\":\"https:\\\/\\\/www.bellunopress.it\\\/\",\"logo\":{\"@type\":\"ImageObject\",\"inLanguage\":\"fr-FR\",\"@id\":\"https:\\\/\\\/www.bellunopress.it\\\/#\\\/schema\\\/logo\\\/image\\\/\",\"url\":\"https:\\\/\\\/www.bellunopress.it\\\/wp-content\\\/uploads\\\/2011\\\/05\\\/cropped-logo-bellunopress-.jpg\",\"contentUrl\":\"https:\\\/\\\/www.bellunopress.it\\\/wp-content\\\/uploads\\\/2011\\\/05\\\/cropped-logo-bellunopress-.jpg\",\"width\":512,\"height\":512,\"caption\":\"Bellunopress\"},\"image\":{\"@id\":\"https:\\\/\\\/www.bellunopress.it\\\/#\\\/schema\\\/logo\\\/image\\\/\"},\"sameAs\":[\"https:\\\/\\\/www.facebook.com\\\/profile.php?id=100008943462799\",\"https:\\\/\\\/x.com\\\/bellunopress\",\"https:\\\/\\\/www.linkedin.com\\\/hp\\\/?dnr=JBzUWaJfMUw8vbXJJ2tVW5-I3jZKvC4wsoxE&amp;amp;amp;amp;amp;amp;trk=nav_responsive_tab_home\",\"https:\\\/\\\/www.youtube.com\\\/channel\\\/UCxL0wu1uN0_3_7hGG0306cw\"]},{\"@type\":\"Person\",\"@id\":\"https:\\\/\\\/www.bellunopress.it\\\/#\\\/schema\\\/person\\\/79bb06722b37ece1c03d3e94beb30d73\",\"name\":\"redazione\",\"image\":{\"@type\":\"ImageObject\",\"inLanguage\":\"fr-FR\",\"@id\":\"https:\\\/\\\/secure.gravatar.com\\\/avatar\\\/37d968a2e67a6fd04c169c4bdef102d0bc5d31b2546345219e348575eb80e9a0?s=96&d=mm&r=g\",\"url\":\"https:\\\/\\\/secure.gravatar.com\\\/avatar\\\/37d968a2e67a6fd04c169c4bdef102d0bc5d31b2546345219e348575eb80e9a0?s=96&d=mm&r=g\",\"contentUrl\":\"https:\\\/\\\/secure.gravatar.com\\\/avatar\\\/37d968a2e67a6fd04c169c4bdef102d0bc5d31b2546345219e348575eb80e9a0?s=96&d=mm&r=g\",\"caption\":\"redazione\"},\"sameAs\":[\"http:\\\/\\\/www.bellunopress.it\",\"https:\\\/\\\/x.com\\\/bellunopress\"],\"url\":\"https:\\\/\\\/www.bellunopress.it\\\/fr\\\/author\\\/redazione\\\/\"}]}<\/script>\n<!-- \/ Yoast SEO plugin. -->","yoast_head_json":{"title":"Creazione e sviluppo di attivit\u00e0 agricole ed extra-agricole: presentati i nuovi bandi al Feltrino. Stretto il programma di collaborazione con l\u2019Unione Montana - Bellunopress - Dolomiti","robots":{"index":"index","follow":"follow","max-snippet":"max-snippet:-1","max-image-preview":"max-image-preview:large","max-video-preview":"max-video-preview:-1"},"canonical":"https:\/\/www.bellunopress.it\/fr\/2019\/04\/01\/creazione-e-sviluppo-di-attivita-agricole-ed-extra-agricole-presentati-i-nuovi-bandi-al-feltrino-stretto-il-programma-di-collaborazione-con-lunione-montana\/","og_locale":"fr_FR","og_type":"article","og_title":"Creazione e sviluppo di attivit\u00e0 agricole ed extra-agricole: presentati i nuovi bandi al Feltrino. Stretto il programma di collaborazione con l\u2019Unione Montana - Bellunopress - Dolomiti","og_description":"Appuntamento, gioved\u00ec prossimo 4 aprile, alle 15.30 presso la Sala Consiglio dell\u2019Unione Montana Feltrina per la terza data di presentazione dei due nuovi bandi messi a punto dal Gal Prealpi e Dolomiti. L&#8217;incontro pubblico \u00e8 finalizzato ad illustrare i bandi &#8211; pubblicati il 22 febbraio scorso &#8211; relativi alla &#8220;Creazione e sviluppo della diversificazione delle [&hellip;]","og_url":"https:\/\/www.bellunopress.it\/fr\/2019\/04\/01\/creazione-e-sviluppo-di-attivita-agricole-ed-extra-agricole-presentati-i-nuovi-bandi-al-feltrino-stretto-il-programma-di-collaborazione-con-lunione-montana\/","og_site_name":"Bellunopress - Dolomiti","article_publisher":"https:\/\/www.facebook.com\/profile.php?id=100008943462799","article_published_time":"2019-04-01T12:17:47+00:00","article_modified_time":"2019-04-01T15:01:38+00:00","og_image":[{"url":"http:\/\/www.bellunopress.it\/wp-content\/uploads\/2019\/04\/Aguanno-Gal-Prealpi-Dolomiti.jpg","type":"","width":"","height":""}],"author":"redazione","twitter_card":"summary_large_image","twitter_creator":"@bellunopress","twitter_site":"@bellunopress","twitter_misc":{"\u00c9crit par":"redazione","Dur\u00e9e de lecture estim\u00e9e":"2 minutes"},"schema":{"@context":"https:\/\/schema.org","@graph":[{"@type":"Article","@id":"https:\/\/www.bellunopress.it\/2019\/04\/01\/creazione-e-sviluppo-di-attivita-agricole-ed-extra-agricole-presentati-i-nuovi-bandi-al-feltrino-stretto-il-programma-di-collaborazione-con-lunione-montana\/#article","isPartOf":{"@id":"https:\/\/www.bellunopress.it\/2019\/04\/01\/creazione-e-sviluppo-di-attivita-agricole-ed-extra-agricole-presentati-i-nuovi-bandi-al-feltrino-stretto-il-programma-di-collaborazione-con-lunione-montana\/"},"author":{"name":"redazione","@id":"https:\/\/www.bellunopress.it\/#\/schema\/person\/79bb06722b37ece1c03d3e94beb30d73"},"headline":"Creazione e sviluppo di attivit\u00e0 agricole ed extra-agricole: presentati i nuovi bandi al Feltrino. Stretto il programma di collaborazione con l\u2019Unione Montana","datePublished":"2019-04-01T12:17:47+00:00","dateModified":"2019-04-01T15:01:38+00:00","mainEntityOfPage":{"@id":"https:\/\/www.bellunopress.it\/2019\/04\/01\/creazione-e-sviluppo-di-attivita-agricole-ed-extra-agricole-presentati-i-nuovi-bandi-al-feltrino-stretto-il-programma-di-collaborazione-con-lunione-montana\/"},"wordCount":421,"publisher":{"@id":"https:\/\/www.bellunopress.it\/#organization"},"image":{"@id":"https:\/\/www.bellunopress.it\/2019\/04\/01\/creazione-e-sviluppo-di-attivita-agricole-ed-extra-agricole-presentati-i-nuovi-bandi-al-feltrino-stretto-il-programma-di-collaborazione-con-lunione-montana\/#primaryimage"},"thumbnailUrl":"http:\/\/www.bellunopress.it\/wp-content\/uploads\/2019\/04\/Aguanno-Gal-Prealpi-Dolomiti.jpg","articleSection":["Lavoro, Economia, Turismo","Prima Pagina"],"inLanguage":"fr-FR"},{"@type":"WebPage","@id":"https:\/\/www.bellunopress.it\/2019\/04\/01\/creazione-e-sviluppo-di-attivita-agricole-ed-extra-agricole-presentati-i-nuovi-bandi-al-feltrino-stretto-il-programma-di-collaborazione-con-lunione-montana\/","url":"https:\/\/www.bellunopress.it\/2019\/04\/01\/creazione-e-sviluppo-di-attivita-agricole-ed-extra-agricole-presentati-i-nuovi-bandi-al-feltrino-stretto-il-programma-di-collaborazione-con-lunione-montana\/","name":"Creazione e sviluppo di attivit\u00e0 agricole ed extra-agricole: presentati i nuovi bandi al Feltrino. Stretto il programma di collaborazione con l\u2019Unione Montana - Bellunopress - Dolomiti","isPartOf":{"@id":"https:\/\/www.bellunopress.it\/#website"},"primaryImageOfPage":{"@id":"https:\/\/www.bellunopress.it\/2019\/04\/01\/creazione-e-sviluppo-di-attivita-agricole-ed-extra-agricole-presentati-i-nuovi-bandi-al-feltrino-stretto-il-programma-di-collaborazione-con-lunione-montana\/#primaryimage"},"image":{"@id":"https:\/\/www.bellunopress.it\/2019\/04\/01\/creazione-e-sviluppo-di-attivita-agricole-ed-extra-agricole-presentati-i-nuovi-bandi-al-feltrino-stretto-il-programma-di-collaborazione-con-lunione-montana\/#primaryimage"},"thumbnailUrl":"http:\/\/www.bellunopress.it\/wp-content\/uploads\/2019\/04\/Aguanno-Gal-Prealpi-Dolomiti.jpg","datePublished":"2019-04-01T12:17:47+00:00","dateModified":"2019-04-01T15:01:38+00:00","breadcrumb":{"@id":"https:\/\/www.bellunopress.it\/2019\/04\/01\/creazione-e-sviluppo-di-attivita-agricole-ed-extra-agricole-presentati-i-nuovi-bandi-al-feltrino-stretto-il-programma-di-collaborazione-con-lunione-montana\/#breadcrumb"},"inLanguage":"fr-FR","potentialAction":[{"@type":"ReadAction","target":["https:\/\/www.bellunopress.it\/2019\/04\/01\/creazione-e-sviluppo-di-attivita-agricole-ed-extra-agricole-presentati-i-nuovi-bandi-al-feltrino-stretto-il-programma-di-collaborazione-con-lunione-montana\/"]}]},{"@type":"ImageObject","inLanguage":"fr-FR","@id":"https:\/\/www.bellunopress.it\/2019\/04\/01\/creazione-e-sviluppo-di-attivita-agricole-ed-extra-agricole-presentati-i-nuovi-bandi-al-feltrino-stretto-il-programma-di-collaborazione-con-lunione-montana\/#primaryimage","url":"http:\/\/www.bellunopress.it\/wp-content\/uploads\/2019\/04\/Aguanno-Gal-Prealpi-Dolomiti.jpg","contentUrl":"http:\/\/www.bellunopress.it\/wp-content\/uploads\/2019\/04\/Aguanno-Gal-Prealpi-Dolomiti.jpg"},{"@type":"BreadcrumbList","@id":"https:\/\/www.bellunopress.it\/2019\/04\/01\/creazione-e-sviluppo-di-attivita-agricole-ed-extra-agricole-presentati-i-nuovi-bandi-al-feltrino-stretto-il-programma-di-collaborazione-con-lunione-montana\/#breadcrumb","itemListElement":[{"@type":"ListItem","position":1,"name":"Home","item":"https:\/\/www.bellunopress.it\/"},{"@type":"ListItem","position":2,"name":"Creazione e sviluppo di attivit\u00e0 agricole ed extra-agricole: presentati i nuovi bandi al Feltrino. Stretto il programma di collaborazione con l\u2019Unione Montana"}]},{"@type":"WebSite","@id":"https:\/\/www.bellunopress.it\/#website","url":"https:\/\/www.bellunopress.it\/","name":"Bellunopress - Dolomiti","description":"e-mail: redazione@bellunopress.it","publisher":{"@id":"https:\/\/www.bellunopress.it\/#organization"},"potentialAction":[{"@type":"SearchAction","target":{"@type":"EntryPoint","urlTemplate":"https:\/\/www.bellunopress.it\/?s={search_term_string}"},"query-input":{"@type":"PropertyValueSpecification","valueRequired":true,"valueName":"search_term_string"}}],"inLanguage":"fr-FR"},{"@type":"Organization","@id":"https:\/\/www.bellunopress.it\/#organization","name":"Bellunopress","url":"https:\/\/www.bellunopress.it\/","logo":{"@type":"ImageObject","inLanguage":"fr-FR","@id":"https:\/\/www.bellunopress.it\/#\/schema\/logo\/image\/","url":"https:\/\/www.bellunopress.it\/wp-content\/uploads\/2011\/05\/cropped-logo-bellunopress-.jpg","contentUrl":"https:\/\/www.bellunopress.it\/wp-content\/uploads\/2011\/05\/cropped-logo-bellunopress-.jpg","width":512,"height":512,"caption":"Bellunopress"},"image":{"@id":"https:\/\/www.bellunopress.it\/#\/schema\/logo\/image\/"},"sameAs":["https:\/\/www.facebook.com\/profile.php?id=100008943462799","https:\/\/x.com\/bellunopress","https:\/\/www.linkedin.com\/hp\/?dnr=JBzUWaJfMUw8vbXJJ2tVW5-I3jZKvC4wsoxE&amp;amp;amp;amp;amp;amp;trk=nav_responsive_tab_home","https:\/\/www.youtube.com\/channel\/UCxL0wu1uN0_3_7hGG0306cw"]},{"@type":"Person","@id":"https:\/\/www.bellunopress.it\/#\/schema\/person\/79bb06722b37ece1c03d3e94beb30d73","name":"r\u00e9daction","image":{"@type":"ImageObject","inLanguage":"fr-FR","@id":"https:\/\/secure.gravatar.com\/avatar\/37d968a2e67a6fd04c169c4bdef102d0bc5d31b2546345219e348575eb80e9a0?s=96&d=mm&r=g","url":"https:\/\/secure.gravatar.com\/avatar\/37d968a2e67a6fd04c169c4bdef102d0bc5d31b2546345219e348575eb80e9a0?s=96&d=mm&r=g","contentUrl":"https:\/\/secure.gravatar.com\/avatar\/37d968a2e67a6fd04c169c4bdef102d0bc5d31b2546345219e348575eb80e9a0?s=96&d=mm&r=g","caption":"redazione"},"sameAs":["http:\/\/www.bellunopress.it","https:\/\/x.com\/bellunopress"],"url":"https:\/\/www.bellunopress.it\/fr\/author\/redazione\/"}]}},"_links":{"self":[{"href":"https:\/\/www.bellunopress.it\/fr\/wp-json\/wp\/v2\/posts\/103363","targetHints":{"allow":["GET"]}}],"collection":[{"href":"https:\/\/www.bellunopress.it\/fr\/wp-json\/wp\/v2\/posts"}],"about":[{"href":"https:\/\/www.bellunopress.it\/fr\/wp-json\/wp\/v2\/types\/post"}],"author":[{"embeddable":true,"href":"https:\/\/www.bellunopress.it\/fr\/wp-json\/wp\/v2\/users\/2"}],"replies":[{"embeddable":true,"href":"https:\/\/www.bellunopress.it\/fr\/wp-json\/wp\/v2\/comments?post=103363"}],"version-history":[{"count":2,"href":"https:\/\/www.bellunopress.it\/fr\/wp-json\/wp\/v2\/posts\/103363\/revisions"}],"predecessor-version":[{"id":103366,"href":"https:\/\/www.bellunopress.it\/fr\/wp-json\/wp\/v2\/posts\/103363\/revisions\/103366"}],"wp:attachment":[{"href":"https:\/\/www.bellunopress.it\/fr\/wp-json\/wp\/v2\/media?parent=103363"}],"wp:term":[{"taxonomy":"category","embeddable":true,"href":"https:\/\/www.bellunopress.it\/fr\/wp-json\/wp\/v2\/categories?post=103363"},{"taxonomy":"post_tag","embeddable":true,"href":"https:\/\/www.bellunopress.it\/fr\/wp-json\/wp\/v2\/tags?post=103363"}],"curies":[{"name":"wp","href":"https:\/\/api.w.org\/{rel}","templated":true}]}}