{"id":103359,"date":"2019-04-01T13:21:20","date_gmt":"2019-04-01T11:21:20","guid":{"rendered":"http:\/\/www.bellunopress.it\/?p=103359"},"modified":"2019-04-01T13:21:21","modified_gmt":"2019-04-01T11:21:21","slug":"acqua-rossastra-nella-zona-umida-del-lago-di-santa-croce-un-fenomeno-naturale-monitorato-dallarpav","status":"publish","type":"post","link":"https:\/\/www.bellunopress.it\/fr\/2019\/04\/01\/acqua-rossastra-nella-zona-umida-del-lago-di-santa-croce-un-fenomeno-naturale-monitorato-dallarpav\/","title":{"rendered":"Acqua rossastra nella zona umida del Lago di santa Croce. Un fenomeno naturale, monitorato dall&#8217;Arpav"},"content":{"rendered":"<p><a href=\"http:\/\/www.bellunopress.it\/fr\/2019\/04\/01\/acqua-rossastra-nella-zona-umida-del-lago-di-santa-croce-un-fenomeno-naturale-monitorato-dallarpav\/acqua-rossastra-lago-santa-croce\/\" rel=\"attachment wp-att-103360\"><img loading=\"lazy\" decoding=\"async\" class=\"alignleft size-full wp-image-103360\" src=\"http:\/\/www.bellunopress.it\/wp-content\/uploads\/2019\/04\/acqua-rossastra-lago-santa-croce.jpg\" alt=\"\" width=\"300\" height=\"219\" \/><\/a>Padova 1 aprile 2019 &#8211; Il 29 marzo i tecnici del Dipartimento ARPAV di Belluno hanno eseguito un sopralluogo presso l\u2019oasi naturalistica di Sbarai, nel comune di Alpago in localit\u00e0 Bastia, a seguito di una segnalazione circa la colorazione rossastra delle acque.<\/p>\n<p>Il sito fa parte di una vasta zona umida, sulla sponda nord orientale del lago di Santa Croce dove, in condizioni di lento ricambio di acqua, l\u2019ossigeno si consuma completamente provocando la proliferazione di vari organismi tra i quali, come in questo caso, i ferrobatteri che formano colonie gelatinose di colorazione rossastra. Questi batteri, infatti, metabolizzano il ferro ossidandolo e producendo idrossido di ferro, dal caratteristico colore rossastro che pigmenta le acque delle zone interessate. Il fenomeno \u00e8 quindi naturale, come lo \u00e8 anche la formazione in loco di iridescenze che derivano dalla decomposizione di sostanze organiche presenti in acqua, messa in atto dai metano batteri.<\/p>\n<p>Episodi simili sono gi\u00e0 stati rilevati pi\u00f9 volte negli anni dal Dipartimento Arpav di Belluno, non solo nella zona umida del Lago di Santa Croce, ma anche in altri siti con caratteristiche analoghe.<\/p>","protected":false},"excerpt":{"rendered":"<p>Padova 1 aprile 2019 &#8211; Il 29 marzo i tecnici del Dipartimento ARPAV di Belluno hanno eseguito un sopralluogo presso l\u2019oasi naturalistica di Sbarai, nel comune di Alpago in localit\u00e0 Bastia, a seguito di una segnalazione circa la colorazione rossastra delle acque. Il sito fa parte di una vasta zona umida, sulla sponda nord orientale [&hellip;]<\/p>\n","protected":false},"author":2,"featured_media":0,"comment_status":"closed","ping_status":"open","sticky":false,"template":"","format":"standard","meta":{"footnotes":""},"categories":[38,26],"tags":[],"class_list":["post-103359","post","type-post","status-publish","format-standard","category-natura-ambiente","category-prima-pagina"],"yoast_head":"<!-- This site is optimized with the Yoast SEO plugin v28.4 - https:\/\/yoast.com\/product\/yoast-seo-wordpress\/ -->\n<title>Acqua rossastra nella zona umida del Lago di santa Croce. Un fenomeno naturale, monitorato dall&#039;Arpav - Bellunopress - Dolomiti<\/title>\n<meta name=\"robots\" content=\"index, follow, max-snippet:-1, max-image-preview:large, max-video-preview:-1\" \/>\n<link rel=\"canonical\" href=\"https:\/\/www.bellunopress.it\/fr\/2019\/04\/01\/acqua-rossastra-nella-zona-umida-del-lago-di-santa-croce-un-fenomeno-naturale-monitorato-dallarpav\/\" \/>\n<meta property=\"og:locale\" content=\"fr_FR\" \/>\n<meta property=\"og:type\" content=\"article\" \/>\n<meta property=\"og:title\" content=\"Acqua rossastra nella zona umida del Lago di santa Croce. Un fenomeno naturale, monitorato dall&#039;Arpav - Bellunopress - Dolomiti\" \/>\n<meta property=\"og:description\" content=\"Padova 1 aprile 2019 &#8211; Il 29 marzo i tecnici del Dipartimento ARPAV di Belluno hanno eseguito un sopralluogo presso l\u2019oasi naturalistica di Sbarai, nel comune di Alpago in localit\u00e0 Bastia, a seguito di una segnalazione circa la colorazione rossastra delle acque. Il sito fa parte di una vasta zona umida, sulla sponda nord orientale [&hellip;]\" \/>\n<meta property=\"og:url\" content=\"https:\/\/www.bellunopress.it\/fr\/2019\/04\/01\/acqua-rossastra-nella-zona-umida-del-lago-di-santa-croce-un-fenomeno-naturale-monitorato-dallarpav\/\" \/>\n<meta property=\"og:site_name\" content=\"Bellunopress - Dolomiti\" \/>\n<meta property=\"article:publisher\" content=\"https:\/\/www.facebook.com\/profile.php?id=100008943462799\" \/>\n<meta property=\"article:published_time\" content=\"2019-04-01T11:21:20+00:00\" \/>\n<meta property=\"article:modified_time\" content=\"2019-04-01T11:21:21+00:00\" \/>\n<meta property=\"og:image\" content=\"http:\/\/www.bellunopress.it\/wp-content\/uploads\/2019\/04\/acqua-rossastra-lago-santa-croce.jpg\" \/>\n<meta name=\"author\" content=\"redazione\" \/>\n<meta name=\"twitter:card\" content=\"summary_large_image\" \/>\n<meta name=\"twitter:creator\" content=\"@bellunopress\" \/>\n<meta name=\"twitter:site\" content=\"@bellunopress\" \/>\n<meta name=\"twitter:label1\" content=\"\u00c9crit par\" \/>\n\t<meta name=\"twitter:data1\" content=\"redazione\" \/>\n\t<meta name=\"twitter:label2\" content=\"Dur\u00e9e de lecture estim\u00e9e\" \/>\n\t<meta name=\"twitter:data2\" content=\"1 minute\" \/>\n<script type=\"application\/ld+json\" class=\"yoast-schema-graph\">{\"@context\":\"https:\\\/\\\/schema.org\",\"@graph\":[{\"@type\":\"Article\",\"@id\":\"https:\\\/\\\/www.bellunopress.it\\\/2019\\\/04\\\/01\\\/acqua-rossastra-nella-zona-umida-del-lago-di-santa-croce-un-fenomeno-naturale-monitorato-dallarpav\\\/#article\",\"isPartOf\":{\"@id\":\"https:\\\/\\\/www.bellunopress.it\\\/2019\\\/04\\\/01\\\/acqua-rossastra-nella-zona-umida-del-lago-di-santa-croce-un-fenomeno-naturale-monitorato-dallarpav\\\/\"},\"author\":{\"name\":\"redazione\",\"@id\":\"https:\\\/\\\/www.bellunopress.it\\\/#\\\/schema\\\/person\\\/79bb06722b37ece1c03d3e94beb30d73\"},\"headline\":\"Acqua rossastra nella zona umida del Lago di santa Croce. Un fenomeno naturale, monitorato dall&#8217;Arpav\",\"datePublished\":\"2019-04-01T11:21:20+00:00\",\"dateModified\":\"2019-04-01T11:21:21+00:00\",\"mainEntityOfPage\":{\"@id\":\"https:\\\/\\\/www.bellunopress.it\\\/2019\\\/04\\\/01\\\/acqua-rossastra-nella-zona-umida-del-lago-di-santa-croce-un-fenomeno-naturale-monitorato-dallarpav\\\/\"},\"wordCount\":194,\"publisher\":{\"@id\":\"https:\\\/\\\/www.bellunopress.it\\\/#organization\"},\"image\":{\"@id\":\"https:\\\/\\\/www.bellunopress.it\\\/2019\\\/04\\\/01\\\/acqua-rossastra-nella-zona-umida-del-lago-di-santa-croce-un-fenomeno-naturale-monitorato-dallarpav\\\/#primaryimage\"},\"thumbnailUrl\":\"http:\\\/\\\/www.bellunopress.it\\\/wp-content\\\/uploads\\\/2019\\\/04\\\/acqua-rossastra-lago-santa-croce.jpg\",\"articleSection\":[\"Meteo, natura, ambiente, animali\",\"Prima Pagina\"],\"inLanguage\":\"fr-FR\"},{\"@type\":\"WebPage\",\"@id\":\"https:\\\/\\\/www.bellunopress.it\\\/2019\\\/04\\\/01\\\/acqua-rossastra-nella-zona-umida-del-lago-di-santa-croce-un-fenomeno-naturale-monitorato-dallarpav\\\/\",\"url\":\"https:\\\/\\\/www.bellunopress.it\\\/2019\\\/04\\\/01\\\/acqua-rossastra-nella-zona-umida-del-lago-di-santa-croce-un-fenomeno-naturale-monitorato-dallarpav\\\/\",\"name\":\"Acqua rossastra nella zona umida del Lago di santa Croce. Un fenomeno naturale, monitorato dall'Arpav - Bellunopress - Dolomiti\",\"isPartOf\":{\"@id\":\"https:\\\/\\\/www.bellunopress.it\\\/#website\"},\"primaryImageOfPage\":{\"@id\":\"https:\\\/\\\/www.bellunopress.it\\\/2019\\\/04\\\/01\\\/acqua-rossastra-nella-zona-umida-del-lago-di-santa-croce-un-fenomeno-naturale-monitorato-dallarpav\\\/#primaryimage\"},\"image\":{\"@id\":\"https:\\\/\\\/www.bellunopress.it\\\/2019\\\/04\\\/01\\\/acqua-rossastra-nella-zona-umida-del-lago-di-santa-croce-un-fenomeno-naturale-monitorato-dallarpav\\\/#primaryimage\"},\"thumbnailUrl\":\"http:\\\/\\\/www.bellunopress.it\\\/wp-content\\\/uploads\\\/2019\\\/04\\\/acqua-rossastra-lago-santa-croce.jpg\",\"datePublished\":\"2019-04-01T11:21:20+00:00\",\"dateModified\":\"2019-04-01T11:21:21+00:00\",\"breadcrumb\":{\"@id\":\"https:\\\/\\\/www.bellunopress.it\\\/2019\\\/04\\\/01\\\/acqua-rossastra-nella-zona-umida-del-lago-di-santa-croce-un-fenomeno-naturale-monitorato-dallarpav\\\/#breadcrumb\"},\"inLanguage\":\"fr-FR\",\"potentialAction\":[{\"@type\":\"ReadAction\",\"target\":[\"https:\\\/\\\/www.bellunopress.it\\\/2019\\\/04\\\/01\\\/acqua-rossastra-nella-zona-umida-del-lago-di-santa-croce-un-fenomeno-naturale-monitorato-dallarpav\\\/\"]}]},{\"@type\":\"ImageObject\",\"inLanguage\":\"fr-FR\",\"@id\":\"https:\\\/\\\/www.bellunopress.it\\\/2019\\\/04\\\/01\\\/acqua-rossastra-nella-zona-umida-del-lago-di-santa-croce-un-fenomeno-naturale-monitorato-dallarpav\\\/#primaryimage\",\"url\":\"http:\\\/\\\/www.bellunopress.it\\\/wp-content\\\/uploads\\\/2019\\\/04\\\/acqua-rossastra-lago-santa-croce.jpg\",\"contentUrl\":\"http:\\\/\\\/www.bellunopress.it\\\/wp-content\\\/uploads\\\/2019\\\/04\\\/acqua-rossastra-lago-santa-croce.jpg\"},{\"@type\":\"BreadcrumbList\",\"@id\":\"https:\\\/\\\/www.bellunopress.it\\\/2019\\\/04\\\/01\\\/acqua-rossastra-nella-zona-umida-del-lago-di-santa-croce-un-fenomeno-naturale-monitorato-dallarpav\\\/#breadcrumb\",\"itemListElement\":[{\"@type\":\"ListItem\",\"position\":1,\"name\":\"Home\",\"item\":\"https:\\\/\\\/www.bellunopress.it\\\/\"},{\"@type\":\"ListItem\",\"position\":2,\"name\":\"Acqua rossastra nella zona umida del Lago di santa Croce. Un fenomeno naturale, monitorato dall&#8217;Arpav\"}]},{\"@type\":\"WebSite\",\"@id\":\"https:\\\/\\\/www.bellunopress.it\\\/#website\",\"url\":\"https:\\\/\\\/www.bellunopress.it\\\/\",\"name\":\"Bellunopress - Dolomiti\",\"description\":\"e-mail: redazione@bellunopress.it\",\"publisher\":{\"@id\":\"https:\\\/\\\/www.bellunopress.it\\\/#organization\"},\"potentialAction\":[{\"@type\":\"SearchAction\",\"target\":{\"@type\":\"EntryPoint\",\"urlTemplate\":\"https:\\\/\\\/www.bellunopress.it\\\/?s={search_term_string}\"},\"query-input\":{\"@type\":\"PropertyValueSpecification\",\"valueRequired\":true,\"valueName\":\"search_term_string\"}}],\"inLanguage\":\"fr-FR\"},{\"@type\":\"Organization\",\"@id\":\"https:\\\/\\\/www.bellunopress.it\\\/#organization\",\"name\":\"Bellunopress\",\"url\":\"https:\\\/\\\/www.bellunopress.it\\\/\",\"logo\":{\"@type\":\"ImageObject\",\"inLanguage\":\"fr-FR\",\"@id\":\"https:\\\/\\\/www.bellunopress.it\\\/#\\\/schema\\\/logo\\\/image\\\/\",\"url\":\"https:\\\/\\\/www.bellunopress.it\\\/wp-content\\\/uploads\\\/2011\\\/05\\\/cropped-logo-bellunopress-.jpg\",\"contentUrl\":\"https:\\\/\\\/www.bellunopress.it\\\/wp-content\\\/uploads\\\/2011\\\/05\\\/cropped-logo-bellunopress-.jpg\",\"width\":512,\"height\":512,\"caption\":\"Bellunopress\"},\"image\":{\"@id\":\"https:\\\/\\\/www.bellunopress.it\\\/#\\\/schema\\\/logo\\\/image\\\/\"},\"sameAs\":[\"https:\\\/\\\/www.facebook.com\\\/profile.php?id=100008943462799\",\"https:\\\/\\\/x.com\\\/bellunopress\",\"https:\\\/\\\/www.linkedin.com\\\/hp\\\/?dnr=JBzUWaJfMUw8vbXJJ2tVW5-I3jZKvC4wsoxE&amp;amp;amp;amp;amp;amp;trk=nav_responsive_tab_home\",\"https:\\\/\\\/www.youtube.com\\\/channel\\\/UCxL0wu1uN0_3_7hGG0306cw\"]},{\"@type\":\"Person\",\"@id\":\"https:\\\/\\\/www.bellunopress.it\\\/#\\\/schema\\\/person\\\/79bb06722b37ece1c03d3e94beb30d73\",\"name\":\"redazione\",\"image\":{\"@type\":\"ImageObject\",\"inLanguage\":\"fr-FR\",\"@id\":\"https:\\\/\\\/secure.gravatar.com\\\/avatar\\\/37d968a2e67a6fd04c169c4bdef102d0bc5d31b2546345219e348575eb80e9a0?s=96&d=mm&r=g\",\"url\":\"https:\\\/\\\/secure.gravatar.com\\\/avatar\\\/37d968a2e67a6fd04c169c4bdef102d0bc5d31b2546345219e348575eb80e9a0?s=96&d=mm&r=g\",\"contentUrl\":\"https:\\\/\\\/secure.gravatar.com\\\/avatar\\\/37d968a2e67a6fd04c169c4bdef102d0bc5d31b2546345219e348575eb80e9a0?s=96&d=mm&r=g\",\"caption\":\"redazione\"},\"sameAs\":[\"http:\\\/\\\/www.bellunopress.it\",\"https:\\\/\\\/x.com\\\/bellunopress\"],\"url\":\"https:\\\/\\\/www.bellunopress.it\\\/fr\\\/author\\\/redazione\\\/\"}]}<\/script>\n<!-- \/ Yoast SEO plugin. -->","yoast_head_json":{"title":"Acqua rossastra nella zona umida del Lago di santa Croce. Un fenomeno naturale, monitorato dall'Arpav - Bellunopress - Dolomiti","robots":{"index":"index","follow":"follow","max-snippet":"max-snippet:-1","max-image-preview":"max-image-preview:large","max-video-preview":"max-video-preview:-1"},"canonical":"https:\/\/www.bellunopress.it\/fr\/2019\/04\/01\/acqua-rossastra-nella-zona-umida-del-lago-di-santa-croce-un-fenomeno-naturale-monitorato-dallarpav\/","og_locale":"fr_FR","og_type":"article","og_title":"Acqua rossastra nella zona umida del Lago di santa Croce. Un fenomeno naturale, monitorato dall'Arpav - Bellunopress - Dolomiti","og_description":"Padova 1 aprile 2019 &#8211; Il 29 marzo i tecnici del Dipartimento ARPAV di Belluno hanno eseguito un sopralluogo presso l\u2019oasi naturalistica di Sbarai, nel comune di Alpago in localit\u00e0 Bastia, a seguito di una segnalazione circa la colorazione rossastra delle acque. Il sito fa parte di una vasta zona umida, sulla sponda nord orientale [&hellip;]","og_url":"https:\/\/www.bellunopress.it\/fr\/2019\/04\/01\/acqua-rossastra-nella-zona-umida-del-lago-di-santa-croce-un-fenomeno-naturale-monitorato-dallarpav\/","og_site_name":"Bellunopress - Dolomiti","article_publisher":"https:\/\/www.facebook.com\/profile.php?id=100008943462799","article_published_time":"2019-04-01T11:21:20+00:00","article_modified_time":"2019-04-01T11:21:21+00:00","og_image":[{"url":"http:\/\/www.bellunopress.it\/wp-content\/uploads\/2019\/04\/acqua-rossastra-lago-santa-croce.jpg","type":"","width":"","height":""}],"author":"redazione","twitter_card":"summary_large_image","twitter_creator":"@bellunopress","twitter_site":"@bellunopress","twitter_misc":{"\u00c9crit par":"redazione","Dur\u00e9e de lecture estim\u00e9e":"1 minute"},"schema":{"@context":"https:\/\/schema.org","@graph":[{"@type":"Article","@id":"https:\/\/www.bellunopress.it\/2019\/04\/01\/acqua-rossastra-nella-zona-umida-del-lago-di-santa-croce-un-fenomeno-naturale-monitorato-dallarpav\/#article","isPartOf":{"@id":"https:\/\/www.bellunopress.it\/2019\/04\/01\/acqua-rossastra-nella-zona-umida-del-lago-di-santa-croce-un-fenomeno-naturale-monitorato-dallarpav\/"},"author":{"name":"redazione","@id":"https:\/\/www.bellunopress.it\/#\/schema\/person\/79bb06722b37ece1c03d3e94beb30d73"},"headline":"Acqua rossastra nella zona umida del Lago di santa Croce. Un fenomeno naturale, monitorato dall&#8217;Arpav","datePublished":"2019-04-01T11:21:20+00:00","dateModified":"2019-04-01T11:21:21+00:00","mainEntityOfPage":{"@id":"https:\/\/www.bellunopress.it\/2019\/04\/01\/acqua-rossastra-nella-zona-umida-del-lago-di-santa-croce-un-fenomeno-naturale-monitorato-dallarpav\/"},"wordCount":194,"publisher":{"@id":"https:\/\/www.bellunopress.it\/#organization"},"image":{"@id":"https:\/\/www.bellunopress.it\/2019\/04\/01\/acqua-rossastra-nella-zona-umida-del-lago-di-santa-croce-un-fenomeno-naturale-monitorato-dallarpav\/#primaryimage"},"thumbnailUrl":"http:\/\/www.bellunopress.it\/wp-content\/uploads\/2019\/04\/acqua-rossastra-lago-santa-croce.jpg","articleSection":["Meteo, natura, ambiente, animali","Prima Pagina"],"inLanguage":"fr-FR"},{"@type":"WebPage","@id":"https:\/\/www.bellunopress.it\/2019\/04\/01\/acqua-rossastra-nella-zona-umida-del-lago-di-santa-croce-un-fenomeno-naturale-monitorato-dallarpav\/","url":"https:\/\/www.bellunopress.it\/2019\/04\/01\/acqua-rossastra-nella-zona-umida-del-lago-di-santa-croce-un-fenomeno-naturale-monitorato-dallarpav\/","name":"Acqua rossastra nella zona umida del Lago di santa Croce. Un fenomeno naturale, monitorato dall'Arpav - Bellunopress - Dolomiti","isPartOf":{"@id":"https:\/\/www.bellunopress.it\/#website"},"primaryImageOfPage":{"@id":"https:\/\/www.bellunopress.it\/2019\/04\/01\/acqua-rossastra-nella-zona-umida-del-lago-di-santa-croce-un-fenomeno-naturale-monitorato-dallarpav\/#primaryimage"},"image":{"@id":"https:\/\/www.bellunopress.it\/2019\/04\/01\/acqua-rossastra-nella-zona-umida-del-lago-di-santa-croce-un-fenomeno-naturale-monitorato-dallarpav\/#primaryimage"},"thumbnailUrl":"http:\/\/www.bellunopress.it\/wp-content\/uploads\/2019\/04\/acqua-rossastra-lago-santa-croce.jpg","datePublished":"2019-04-01T11:21:20+00:00","dateModified":"2019-04-01T11:21:21+00:00","breadcrumb":{"@id":"https:\/\/www.bellunopress.it\/2019\/04\/01\/acqua-rossastra-nella-zona-umida-del-lago-di-santa-croce-un-fenomeno-naturale-monitorato-dallarpav\/#breadcrumb"},"inLanguage":"fr-FR","potentialAction":[{"@type":"ReadAction","target":["https:\/\/www.bellunopress.it\/2019\/04\/01\/acqua-rossastra-nella-zona-umida-del-lago-di-santa-croce-un-fenomeno-naturale-monitorato-dallarpav\/"]}]},{"@type":"ImageObject","inLanguage":"fr-FR","@id":"https:\/\/www.bellunopress.it\/2019\/04\/01\/acqua-rossastra-nella-zona-umida-del-lago-di-santa-croce-un-fenomeno-naturale-monitorato-dallarpav\/#primaryimage","url":"http:\/\/www.bellunopress.it\/wp-content\/uploads\/2019\/04\/acqua-rossastra-lago-santa-croce.jpg","contentUrl":"http:\/\/www.bellunopress.it\/wp-content\/uploads\/2019\/04\/acqua-rossastra-lago-santa-croce.jpg"},{"@type":"BreadcrumbList","@id":"https:\/\/www.bellunopress.it\/2019\/04\/01\/acqua-rossastra-nella-zona-umida-del-lago-di-santa-croce-un-fenomeno-naturale-monitorato-dallarpav\/#breadcrumb","itemListElement":[{"@type":"ListItem","position":1,"name":"Home","item":"https:\/\/www.bellunopress.it\/"},{"@type":"ListItem","position":2,"name":"Acqua rossastra nella zona umida del Lago di santa Croce. Un fenomeno naturale, monitorato dall&#8217;Arpav"}]},{"@type":"WebSite","@id":"https:\/\/www.bellunopress.it\/#website","url":"https:\/\/www.bellunopress.it\/","name":"Bellunopress - Dolomiti","description":"e-mail: redazione@bellunopress.it","publisher":{"@id":"https:\/\/www.bellunopress.it\/#organization"},"potentialAction":[{"@type":"SearchAction","target":{"@type":"EntryPoint","urlTemplate":"https:\/\/www.bellunopress.it\/?s={search_term_string}"},"query-input":{"@type":"PropertyValueSpecification","valueRequired":true,"valueName":"search_term_string"}}],"inLanguage":"fr-FR"},{"@type":"Organization","@id":"https:\/\/www.bellunopress.it\/#organization","name":"Bellunopress","url":"https:\/\/www.bellunopress.it\/","logo":{"@type":"ImageObject","inLanguage":"fr-FR","@id":"https:\/\/www.bellunopress.it\/#\/schema\/logo\/image\/","url":"https:\/\/www.bellunopress.it\/wp-content\/uploads\/2011\/05\/cropped-logo-bellunopress-.jpg","contentUrl":"https:\/\/www.bellunopress.it\/wp-content\/uploads\/2011\/05\/cropped-logo-bellunopress-.jpg","width":512,"height":512,"caption":"Bellunopress"},"image":{"@id":"https:\/\/www.bellunopress.it\/#\/schema\/logo\/image\/"},"sameAs":["https:\/\/www.facebook.com\/profile.php?id=100008943462799","https:\/\/x.com\/bellunopress","https:\/\/www.linkedin.com\/hp\/?dnr=JBzUWaJfMUw8vbXJJ2tVW5-I3jZKvC4wsoxE&amp;amp;amp;amp;amp;amp;trk=nav_responsive_tab_home","https:\/\/www.youtube.com\/channel\/UCxL0wu1uN0_3_7hGG0306cw"]},{"@type":"Person","@id":"https:\/\/www.bellunopress.it\/#\/schema\/person\/79bb06722b37ece1c03d3e94beb30d73","name":"r\u00e9daction","image":{"@type":"ImageObject","inLanguage":"fr-FR","@id":"https:\/\/secure.gravatar.com\/avatar\/37d968a2e67a6fd04c169c4bdef102d0bc5d31b2546345219e348575eb80e9a0?s=96&d=mm&r=g","url":"https:\/\/secure.gravatar.com\/avatar\/37d968a2e67a6fd04c169c4bdef102d0bc5d31b2546345219e348575eb80e9a0?s=96&d=mm&r=g","contentUrl":"https:\/\/secure.gravatar.com\/avatar\/37d968a2e67a6fd04c169c4bdef102d0bc5d31b2546345219e348575eb80e9a0?s=96&d=mm&r=g","caption":"redazione"},"sameAs":["http:\/\/www.bellunopress.it","https:\/\/x.com\/bellunopress"],"url":"https:\/\/www.bellunopress.it\/fr\/author\/redazione\/"}]}},"_links":{"self":[{"href":"https:\/\/www.bellunopress.it\/fr\/wp-json\/wp\/v2\/posts\/103359","targetHints":{"allow":["GET"]}}],"collection":[{"href":"https:\/\/www.bellunopress.it\/fr\/wp-json\/wp\/v2\/posts"}],"about":[{"href":"https:\/\/www.bellunopress.it\/fr\/wp-json\/wp\/v2\/types\/post"}],"author":[{"embeddable":true,"href":"https:\/\/www.bellunopress.it\/fr\/wp-json\/wp\/v2\/users\/2"}],"replies":[{"embeddable":true,"href":"https:\/\/www.bellunopress.it\/fr\/wp-json\/wp\/v2\/comments?post=103359"}],"version-history":[{"count":2,"href":"https:\/\/www.bellunopress.it\/fr\/wp-json\/wp\/v2\/posts\/103359\/revisions"}],"predecessor-version":[{"id":103362,"href":"https:\/\/www.bellunopress.it\/fr\/wp-json\/wp\/v2\/posts\/103359\/revisions\/103362"}],"wp:attachment":[{"href":"https:\/\/www.bellunopress.it\/fr\/wp-json\/wp\/v2\/media?parent=103359"}],"wp:term":[{"taxonomy":"category","embeddable":true,"href":"https:\/\/www.bellunopress.it\/fr\/wp-json\/wp\/v2\/categories?post=103359"},{"taxonomy":"post_tag","embeddable":true,"href":"https:\/\/www.bellunopress.it\/fr\/wp-json\/wp\/v2\/tags?post=103359"}],"curies":[{"name":"wp","href":"https:\/\/api.w.org\/{rel}","templated":true}]}}