{"id":103318,"date":"2019-03-30T20:24:48","date_gmt":"2019-03-30T19:24:48","guid":{"rendered":"http:\/\/www.bellunopress.it\/?p=103318"},"modified":"2019-03-30T20:24:49","modified_gmt":"2019-03-30T19:24:49","slug":"impianto-idroelettrico-sul-torrente-liera-a-canale-dagordo-nove-associazioni-dicono-no","status":"publish","type":"post","link":"https:\/\/www.bellunopress.it\/fr\/2019\/03\/30\/impianto-idroelettrico-sul-torrente-liera-a-canale-dagordo-nove-associazioni-dicono-no\/","title":{"rendered":"Impianto idroelettrico sul torrente Liera a Canale d&#8217;Agordo. Nove associazioni dicono no"},"content":{"rendered":"<p><a href=\"http:\/\/www.bellunopress.it\/fr\/2019\/03\/30\/impianto-idroelettrico-sul-torrente-liera-a-canale-dagordo-nove-associazioni-dicono-no\/italia-nostra\/\" rel=\"attachment wp-att-103319\"><img loading=\"lazy\" decoding=\"async\" class=\"alignleft size-full wp-image-103319\" src=\"http:\/\/www.bellunopress.it\/wp-content\/uploads\/2019\/03\/italia-nostra.jpg\" alt=\"\" width=\"215\" height=\"135\" \/><\/a>Belluno, 30 marzo 2019<strong>\u00a0 &#8211;\u00a0 <\/strong>\u00a0Lunedi 1 aprile, alle 14 e 30 a Canale d&#8217;Agordo nella sala dell\u2019ex Cavallino, avr\u00e0 luogo la presentazione al pubblico del progetto del minuscolo impianto idroelettrico sul torrente Liera in Comune di Canale d&#8217;Agordo (BL), da parte della ditta proponente Dolomiti Derivazioni S.r.l.<br \/>\nLa presentazione al pubblico \u00e8 un obbligo di legge per le pratiche assoggettate alla procedura di VIA (Valutazione di Impatto Ambientale).<br \/>\nFin dall\u2019inizio, la comunit\u00e0 locale si \u00e8 opposta al progetto dando vita ad un Comitato di cittadini che, autotassandosi, ha presentato un ricorso al TSAP (Tribunale Superiore delle Acque Pubbliche), firmato anche da ABC e Mountain Wilderness contro la concessione rilasciata a fine 2016 dalla Provincia.<br \/>\nIl ricorso non \u00e8 ancora arrivato a sentenza.<\/p>\n<p>Va sottolineato che la Liera alta \u00e8 un torrente di elevato valore ambientale (stato Elevato) e quindi, secondo la delibera sui siti non idonei, secondo le Misure di Tutela del 2016, secondo le Linee Guida e la Direttiva Derivazioni del 2017, la derivazione non \u00e8 autorizzabile.<br \/>\nIl progetto di impianto sulla Liera ha caratteristiche molto simili a quello che era stato richiesto sul Grisol la cui concessione \u00e8 stata recentemente annullata dalla Corte di Cassazione a Sezioni Unite proprio in quanto non tiene conto che il torrente \u00e8 classificato come torrente in stato Elevato.<br \/>\n<a href=\"http:\/\/www.freeriversitalia.eu\/news\/181228_grisol_sentenza_Cassazione.pdf\">http:\/\/www.freeriversitalia.eu\/news\/181228_grisol_sentenza_Cassazione.pdf<\/a><\/p>\n<p>Nel corso degli anni, il progetto \u00e8 passato di mano ed ora il proponente \u00e8 Dolomiti Derivazioni S.r.l., di<br \/>\nValentino Vascellari, che detiene la titolarit\u00e0 di 6 progetti cui la Provincia nel 2016 ha rilasciato la concessione senza previa valutazione ambientale, su 4 dei quali amministrazioni e cittadini hanno presentato ricorso.<\/p>\n<p>In occasione di questa presentazione \u00e8 previsto un presidio al quale parteciperanno tutti coloro che si oppongono a questo progetto: cittadini, associazioni e rappresentanze locali che hanno a cuore la difesa del territorio.<br \/>\nSar\u00e0 l\u2019occasione di dare un segnale forte alla Regione e alla Provincia, cui \u00e8 stato chiesto un incontro di chiarimento proprio su questi temi gi\u00e0 i primi di febbraio e che finora non ha dato risposta.<\/p>\n<p><strong>Italia Nostra Sez. BL<\/strong><br \/>\n<strong>Comitato bellunese Acqua Bene Comune &#8211; ABC<\/strong><br \/>\n<strong>Free Rivers Italia &#8211; Coordinamento Nazionale Tutela Fiumi<\/strong><br \/>\n<strong>Mountain Wilderness-Italia<\/strong><br \/>\n<strong>Comitato \u201cCittadini per il territorio\u201d &#8211; Canale d\u2019Agordo<\/strong><br \/>\n<strong>Commissione CAI-TAM Veneto e Friuli Venezia Giulia<\/strong><br \/>\n<strong>Zoldo c&#8217;\u00e8 e difende i suoi torrenti<\/strong><br \/>\n<strong>Comitato Peraltrestrade Carnia -Cadore<\/strong><br \/>\n<strong>WWF &#8211; Terre del Piave Belluno e Treviso<\/strong><\/p>","protected":false},"excerpt":{"rendered":"<p>Belluno, 30 marzo 2019\u00a0 &#8211;\u00a0 \u00a0Lunedi 1 aprile, alle 14 e 30 a Canale d&#8217;Agordo nella sala dell\u2019ex Cavallino, avr\u00e0 luogo la presentazione al pubblico del progetto del minuscolo impianto idroelettrico sul torrente Liera in Comune di Canale d&#8217;Agordo (BL), da parte della ditta proponente Dolomiti Derivazioni S.r.l. La presentazione al pubblico \u00e8 un obbligo [&hellip;]<\/p>\n","protected":false},"author":2,"featured_media":0,"comment_status":"closed","ping_status":"open","sticky":false,"template":"","format":"standard","meta":{"footnotes":""},"categories":[38,26,8],"tags":[],"class_list":["post-103318","post","type-post","status-publish","format-standard","category-natura-ambiente","category-prima-pagina","category-societa-istituzioni"],"yoast_head":"<!-- This site is optimized with the Yoast SEO plugin v28.4 - https:\/\/yoast.com\/product\/yoast-seo-wordpress\/ -->\n<title>Impianto idroelettrico sul torrente Liera a Canale d&#039;Agordo. Nove associazioni dicono no - Bellunopress - Dolomiti<\/title>\n<meta name=\"robots\" content=\"index, follow, max-snippet:-1, max-image-preview:large, max-video-preview:-1\" \/>\n<link rel=\"canonical\" href=\"https:\/\/www.bellunopress.it\/fr\/2019\/03\/30\/impianto-idroelettrico-sul-torrente-liera-a-canale-dagordo-nove-associazioni-dicono-no\/\" \/>\n<meta property=\"og:locale\" content=\"fr_FR\" \/>\n<meta property=\"og:type\" content=\"article\" \/>\n<meta property=\"og:title\" content=\"Impianto idroelettrico sul torrente Liera a Canale d&#039;Agordo. Nove associazioni dicono no - Bellunopress - Dolomiti\" \/>\n<meta property=\"og:description\" content=\"Belluno, 30 marzo 2019\u00a0 &#8211;\u00a0 \u00a0Lunedi 1 aprile, alle 14 e 30 a Canale d&#8217;Agordo nella sala dell\u2019ex Cavallino, avr\u00e0 luogo la presentazione al pubblico del progetto del minuscolo impianto idroelettrico sul torrente Liera in Comune di Canale d&#8217;Agordo (BL), da parte della ditta proponente Dolomiti Derivazioni S.r.l. La presentazione al pubblico \u00e8 un obbligo [&hellip;]\" \/>\n<meta property=\"og:url\" content=\"https:\/\/www.bellunopress.it\/fr\/2019\/03\/30\/impianto-idroelettrico-sul-torrente-liera-a-canale-dagordo-nove-associazioni-dicono-no\/\" \/>\n<meta property=\"og:site_name\" content=\"Bellunopress - Dolomiti\" \/>\n<meta property=\"article:publisher\" content=\"https:\/\/www.facebook.com\/profile.php?id=100008943462799\" \/>\n<meta property=\"article:published_time\" content=\"2019-03-30T19:24:48+00:00\" \/>\n<meta property=\"article:modified_time\" content=\"2019-03-30T19:24:49+00:00\" \/>\n<meta property=\"og:image\" content=\"http:\/\/www.bellunopress.it\/wp-content\/uploads\/2019\/03\/italia-nostra.jpg\" \/>\n<meta name=\"author\" content=\"redazione\" \/>\n<meta name=\"twitter:card\" content=\"summary_large_image\" \/>\n<meta name=\"twitter:creator\" content=\"@bellunopress\" \/>\n<meta name=\"twitter:site\" content=\"@bellunopress\" \/>\n<meta name=\"twitter:label1\" content=\"\u00c9crit par\" \/>\n\t<meta name=\"twitter:data1\" content=\"redazione\" \/>\n\t<meta name=\"twitter:label2\" content=\"Dur\u00e9e de lecture estim\u00e9e\" \/>\n\t<meta name=\"twitter:data2\" content=\"2 minutes\" \/>\n<script type=\"application\/ld+json\" class=\"yoast-schema-graph\">{\"@context\":\"https:\\\/\\\/schema.org\",\"@graph\":[{\"@type\":\"Article\",\"@id\":\"https:\\\/\\\/www.bellunopress.it\\\/2019\\\/03\\\/30\\\/impianto-idroelettrico-sul-torrente-liera-a-canale-dagordo-nove-associazioni-dicono-no\\\/#article\",\"isPartOf\":{\"@id\":\"https:\\\/\\\/www.bellunopress.it\\\/2019\\\/03\\\/30\\\/impianto-idroelettrico-sul-torrente-liera-a-canale-dagordo-nove-associazioni-dicono-no\\\/\"},\"author\":{\"name\":\"redazione\",\"@id\":\"https:\\\/\\\/www.bellunopress.it\\\/#\\\/schema\\\/person\\\/79bb06722b37ece1c03d3e94beb30d73\"},\"headline\":\"Impianto idroelettrico sul torrente Liera a Canale d&#8217;Agordo. Nove associazioni dicono no\",\"datePublished\":\"2019-03-30T19:24:48+00:00\",\"dateModified\":\"2019-03-30T19:24:49+00:00\",\"mainEntityOfPage\":{\"@id\":\"https:\\\/\\\/www.bellunopress.it\\\/2019\\\/03\\\/30\\\/impianto-idroelettrico-sul-torrente-liera-a-canale-dagordo-nove-associazioni-dicono-no\\\/\"},\"wordCount\":402,\"publisher\":{\"@id\":\"https:\\\/\\\/www.bellunopress.it\\\/#organization\"},\"image\":{\"@id\":\"https:\\\/\\\/www.bellunopress.it\\\/2019\\\/03\\\/30\\\/impianto-idroelettrico-sul-torrente-liera-a-canale-dagordo-nove-associazioni-dicono-no\\\/#primaryimage\"},\"thumbnailUrl\":\"http:\\\/\\\/www.bellunopress.it\\\/wp-content\\\/uploads\\\/2019\\\/03\\\/italia-nostra.jpg\",\"articleSection\":[\"Meteo, natura, ambiente, animali\",\"Prima Pagina\",\"Societ\u00e0, Associazioni, Istituzioni\"],\"inLanguage\":\"fr-FR\"},{\"@type\":\"WebPage\",\"@id\":\"https:\\\/\\\/www.bellunopress.it\\\/2019\\\/03\\\/30\\\/impianto-idroelettrico-sul-torrente-liera-a-canale-dagordo-nove-associazioni-dicono-no\\\/\",\"url\":\"https:\\\/\\\/www.bellunopress.it\\\/2019\\\/03\\\/30\\\/impianto-idroelettrico-sul-torrente-liera-a-canale-dagordo-nove-associazioni-dicono-no\\\/\",\"name\":\"Impianto idroelettrico sul torrente Liera a Canale d'Agordo. Nove associazioni dicono no - Bellunopress - Dolomiti\",\"isPartOf\":{\"@id\":\"https:\\\/\\\/www.bellunopress.it\\\/#website\"},\"primaryImageOfPage\":{\"@id\":\"https:\\\/\\\/www.bellunopress.it\\\/2019\\\/03\\\/30\\\/impianto-idroelettrico-sul-torrente-liera-a-canale-dagordo-nove-associazioni-dicono-no\\\/#primaryimage\"},\"image\":{\"@id\":\"https:\\\/\\\/www.bellunopress.it\\\/2019\\\/03\\\/30\\\/impianto-idroelettrico-sul-torrente-liera-a-canale-dagordo-nove-associazioni-dicono-no\\\/#primaryimage\"},\"thumbnailUrl\":\"http:\\\/\\\/www.bellunopress.it\\\/wp-content\\\/uploads\\\/2019\\\/03\\\/italia-nostra.jpg\",\"datePublished\":\"2019-03-30T19:24:48+00:00\",\"dateModified\":\"2019-03-30T19:24:49+00:00\",\"breadcrumb\":{\"@id\":\"https:\\\/\\\/www.bellunopress.it\\\/2019\\\/03\\\/30\\\/impianto-idroelettrico-sul-torrente-liera-a-canale-dagordo-nove-associazioni-dicono-no\\\/#breadcrumb\"},\"inLanguage\":\"fr-FR\",\"potentialAction\":[{\"@type\":\"ReadAction\",\"target\":[\"https:\\\/\\\/www.bellunopress.it\\\/2019\\\/03\\\/30\\\/impianto-idroelettrico-sul-torrente-liera-a-canale-dagordo-nove-associazioni-dicono-no\\\/\"]}]},{\"@type\":\"ImageObject\",\"inLanguage\":\"fr-FR\",\"@id\":\"https:\\\/\\\/www.bellunopress.it\\\/2019\\\/03\\\/30\\\/impianto-idroelettrico-sul-torrente-liera-a-canale-dagordo-nove-associazioni-dicono-no\\\/#primaryimage\",\"url\":\"http:\\\/\\\/www.bellunopress.it\\\/wp-content\\\/uploads\\\/2019\\\/03\\\/italia-nostra.jpg\",\"contentUrl\":\"http:\\\/\\\/www.bellunopress.it\\\/wp-content\\\/uploads\\\/2019\\\/03\\\/italia-nostra.jpg\"},{\"@type\":\"BreadcrumbList\",\"@id\":\"https:\\\/\\\/www.bellunopress.it\\\/2019\\\/03\\\/30\\\/impianto-idroelettrico-sul-torrente-liera-a-canale-dagordo-nove-associazioni-dicono-no\\\/#breadcrumb\",\"itemListElement\":[{\"@type\":\"ListItem\",\"position\":1,\"name\":\"Home\",\"item\":\"https:\\\/\\\/www.bellunopress.it\\\/\"},{\"@type\":\"ListItem\",\"position\":2,\"name\":\"Impianto idroelettrico sul torrente Liera a Canale d&#8217;Agordo. Nove associazioni dicono no\"}]},{\"@type\":\"WebSite\",\"@id\":\"https:\\\/\\\/www.bellunopress.it\\\/#website\",\"url\":\"https:\\\/\\\/www.bellunopress.it\\\/\",\"name\":\"Bellunopress - Dolomiti\",\"description\":\"e-mail: redazione@bellunopress.it\",\"publisher\":{\"@id\":\"https:\\\/\\\/www.bellunopress.it\\\/#organization\"},\"potentialAction\":[{\"@type\":\"SearchAction\",\"target\":{\"@type\":\"EntryPoint\",\"urlTemplate\":\"https:\\\/\\\/www.bellunopress.it\\\/?s={search_term_string}\"},\"query-input\":{\"@type\":\"PropertyValueSpecification\",\"valueRequired\":true,\"valueName\":\"search_term_string\"}}],\"inLanguage\":\"fr-FR\"},{\"@type\":\"Organization\",\"@id\":\"https:\\\/\\\/www.bellunopress.it\\\/#organization\",\"name\":\"Bellunopress\",\"url\":\"https:\\\/\\\/www.bellunopress.it\\\/\",\"logo\":{\"@type\":\"ImageObject\",\"inLanguage\":\"fr-FR\",\"@id\":\"https:\\\/\\\/www.bellunopress.it\\\/#\\\/schema\\\/logo\\\/image\\\/\",\"url\":\"https:\\\/\\\/www.bellunopress.it\\\/wp-content\\\/uploads\\\/2011\\\/05\\\/cropped-logo-bellunopress-.jpg\",\"contentUrl\":\"https:\\\/\\\/www.bellunopress.it\\\/wp-content\\\/uploads\\\/2011\\\/05\\\/cropped-logo-bellunopress-.jpg\",\"width\":512,\"height\":512,\"caption\":\"Bellunopress\"},\"image\":{\"@id\":\"https:\\\/\\\/www.bellunopress.it\\\/#\\\/schema\\\/logo\\\/image\\\/\"},\"sameAs\":[\"https:\\\/\\\/www.facebook.com\\\/profile.php?id=100008943462799\",\"https:\\\/\\\/x.com\\\/bellunopress\",\"https:\\\/\\\/www.linkedin.com\\\/hp\\\/?dnr=JBzUWaJfMUw8vbXJJ2tVW5-I3jZKvC4wsoxE&amp;amp;amp;amp;amp;amp;trk=nav_responsive_tab_home\",\"https:\\\/\\\/www.youtube.com\\\/channel\\\/UCxL0wu1uN0_3_7hGG0306cw\"]},{\"@type\":\"Person\",\"@id\":\"https:\\\/\\\/www.bellunopress.it\\\/#\\\/schema\\\/person\\\/79bb06722b37ece1c03d3e94beb30d73\",\"name\":\"redazione\",\"image\":{\"@type\":\"ImageObject\",\"inLanguage\":\"fr-FR\",\"@id\":\"https:\\\/\\\/secure.gravatar.com\\\/avatar\\\/37d968a2e67a6fd04c169c4bdef102d0bc5d31b2546345219e348575eb80e9a0?s=96&d=mm&r=g\",\"url\":\"https:\\\/\\\/secure.gravatar.com\\\/avatar\\\/37d968a2e67a6fd04c169c4bdef102d0bc5d31b2546345219e348575eb80e9a0?s=96&d=mm&r=g\",\"contentUrl\":\"https:\\\/\\\/secure.gravatar.com\\\/avatar\\\/37d968a2e67a6fd04c169c4bdef102d0bc5d31b2546345219e348575eb80e9a0?s=96&d=mm&r=g\",\"caption\":\"redazione\"},\"sameAs\":[\"http:\\\/\\\/www.bellunopress.it\",\"https:\\\/\\\/x.com\\\/bellunopress\"],\"url\":\"https:\\\/\\\/www.bellunopress.it\\\/fr\\\/author\\\/redazione\\\/\"}]}<\/script>\n<!-- \/ Yoast SEO plugin. -->","yoast_head_json":{"title":"Impianto idroelettrico sul torrente Liera a Canale d'Agordo. Nove associazioni dicono no - Bellunopress - Dolomiti","robots":{"index":"index","follow":"follow","max-snippet":"max-snippet:-1","max-image-preview":"max-image-preview:large","max-video-preview":"max-video-preview:-1"},"canonical":"https:\/\/www.bellunopress.it\/fr\/2019\/03\/30\/impianto-idroelettrico-sul-torrente-liera-a-canale-dagordo-nove-associazioni-dicono-no\/","og_locale":"fr_FR","og_type":"article","og_title":"Impianto idroelettrico sul torrente Liera a Canale d'Agordo. Nove associazioni dicono no - Bellunopress - Dolomiti","og_description":"Belluno, 30 marzo 2019\u00a0 &#8211;\u00a0 \u00a0Lunedi 1 aprile, alle 14 e 30 a Canale d&#8217;Agordo nella sala dell\u2019ex Cavallino, avr\u00e0 luogo la presentazione al pubblico del progetto del minuscolo impianto idroelettrico sul torrente Liera in Comune di Canale d&#8217;Agordo (BL), da parte della ditta proponente Dolomiti Derivazioni S.r.l. La presentazione al pubblico \u00e8 un obbligo [&hellip;]","og_url":"https:\/\/www.bellunopress.it\/fr\/2019\/03\/30\/impianto-idroelettrico-sul-torrente-liera-a-canale-dagordo-nove-associazioni-dicono-no\/","og_site_name":"Bellunopress - Dolomiti","article_publisher":"https:\/\/www.facebook.com\/profile.php?id=100008943462799","article_published_time":"2019-03-30T19:24:48+00:00","article_modified_time":"2019-03-30T19:24:49+00:00","og_image":[{"url":"http:\/\/www.bellunopress.it\/wp-content\/uploads\/2019\/03\/italia-nostra.jpg","type":"","width":"","height":""}],"author":"redazione","twitter_card":"summary_large_image","twitter_creator":"@bellunopress","twitter_site":"@bellunopress","twitter_misc":{"\u00c9crit par":"redazione","Dur\u00e9e de lecture estim\u00e9e":"2 minutes"},"schema":{"@context":"https:\/\/schema.org","@graph":[{"@type":"Article","@id":"https:\/\/www.bellunopress.it\/2019\/03\/30\/impianto-idroelettrico-sul-torrente-liera-a-canale-dagordo-nove-associazioni-dicono-no\/#article","isPartOf":{"@id":"https:\/\/www.bellunopress.it\/2019\/03\/30\/impianto-idroelettrico-sul-torrente-liera-a-canale-dagordo-nove-associazioni-dicono-no\/"},"author":{"name":"redazione","@id":"https:\/\/www.bellunopress.it\/#\/schema\/person\/79bb06722b37ece1c03d3e94beb30d73"},"headline":"Impianto idroelettrico sul torrente Liera a Canale d&#8217;Agordo. Nove associazioni dicono no","datePublished":"2019-03-30T19:24:48+00:00","dateModified":"2019-03-30T19:24:49+00:00","mainEntityOfPage":{"@id":"https:\/\/www.bellunopress.it\/2019\/03\/30\/impianto-idroelettrico-sul-torrente-liera-a-canale-dagordo-nove-associazioni-dicono-no\/"},"wordCount":402,"publisher":{"@id":"https:\/\/www.bellunopress.it\/#organization"},"image":{"@id":"https:\/\/www.bellunopress.it\/2019\/03\/30\/impianto-idroelettrico-sul-torrente-liera-a-canale-dagordo-nove-associazioni-dicono-no\/#primaryimage"},"thumbnailUrl":"http:\/\/www.bellunopress.it\/wp-content\/uploads\/2019\/03\/italia-nostra.jpg","articleSection":["Meteo, natura, ambiente, animali","Prima Pagina","Societ\u00e0, Associazioni, Istituzioni"],"inLanguage":"fr-FR"},{"@type":"WebPage","@id":"https:\/\/www.bellunopress.it\/2019\/03\/30\/impianto-idroelettrico-sul-torrente-liera-a-canale-dagordo-nove-associazioni-dicono-no\/","url":"https:\/\/www.bellunopress.it\/2019\/03\/30\/impianto-idroelettrico-sul-torrente-liera-a-canale-dagordo-nove-associazioni-dicono-no\/","name":"Impianto idroelettrico sul torrente Liera a Canale d'Agordo. Nove associazioni dicono no - Bellunopress - Dolomiti","isPartOf":{"@id":"https:\/\/www.bellunopress.it\/#website"},"primaryImageOfPage":{"@id":"https:\/\/www.bellunopress.it\/2019\/03\/30\/impianto-idroelettrico-sul-torrente-liera-a-canale-dagordo-nove-associazioni-dicono-no\/#primaryimage"},"image":{"@id":"https:\/\/www.bellunopress.it\/2019\/03\/30\/impianto-idroelettrico-sul-torrente-liera-a-canale-dagordo-nove-associazioni-dicono-no\/#primaryimage"},"thumbnailUrl":"http:\/\/www.bellunopress.it\/wp-content\/uploads\/2019\/03\/italia-nostra.jpg","datePublished":"2019-03-30T19:24:48+00:00","dateModified":"2019-03-30T19:24:49+00:00","breadcrumb":{"@id":"https:\/\/www.bellunopress.it\/2019\/03\/30\/impianto-idroelettrico-sul-torrente-liera-a-canale-dagordo-nove-associazioni-dicono-no\/#breadcrumb"},"inLanguage":"fr-FR","potentialAction":[{"@type":"ReadAction","target":["https:\/\/www.bellunopress.it\/2019\/03\/30\/impianto-idroelettrico-sul-torrente-liera-a-canale-dagordo-nove-associazioni-dicono-no\/"]}]},{"@type":"ImageObject","inLanguage":"fr-FR","@id":"https:\/\/www.bellunopress.it\/2019\/03\/30\/impianto-idroelettrico-sul-torrente-liera-a-canale-dagordo-nove-associazioni-dicono-no\/#primaryimage","url":"http:\/\/www.bellunopress.it\/wp-content\/uploads\/2019\/03\/italia-nostra.jpg","contentUrl":"http:\/\/www.bellunopress.it\/wp-content\/uploads\/2019\/03\/italia-nostra.jpg"},{"@type":"BreadcrumbList","@id":"https:\/\/www.bellunopress.it\/2019\/03\/30\/impianto-idroelettrico-sul-torrente-liera-a-canale-dagordo-nove-associazioni-dicono-no\/#breadcrumb","itemListElement":[{"@type":"ListItem","position":1,"name":"Home","item":"https:\/\/www.bellunopress.it\/"},{"@type":"ListItem","position":2,"name":"Impianto idroelettrico sul torrente Liera a Canale d&#8217;Agordo. Nove associazioni dicono no"}]},{"@type":"WebSite","@id":"https:\/\/www.bellunopress.it\/#website","url":"https:\/\/www.bellunopress.it\/","name":"Bellunopress - Dolomiti","description":"e-mail: redazione@bellunopress.it","publisher":{"@id":"https:\/\/www.bellunopress.it\/#organization"},"potentialAction":[{"@type":"SearchAction","target":{"@type":"EntryPoint","urlTemplate":"https:\/\/www.bellunopress.it\/?s={search_term_string}"},"query-input":{"@type":"PropertyValueSpecification","valueRequired":true,"valueName":"search_term_string"}}],"inLanguage":"fr-FR"},{"@type":"Organization","@id":"https:\/\/www.bellunopress.it\/#organization","name":"Bellunopress","url":"https:\/\/www.bellunopress.it\/","logo":{"@type":"ImageObject","inLanguage":"fr-FR","@id":"https:\/\/www.bellunopress.it\/#\/schema\/logo\/image\/","url":"https:\/\/www.bellunopress.it\/wp-content\/uploads\/2011\/05\/cropped-logo-bellunopress-.jpg","contentUrl":"https:\/\/www.bellunopress.it\/wp-content\/uploads\/2011\/05\/cropped-logo-bellunopress-.jpg","width":512,"height":512,"caption":"Bellunopress"},"image":{"@id":"https:\/\/www.bellunopress.it\/#\/schema\/logo\/image\/"},"sameAs":["https:\/\/www.facebook.com\/profile.php?id=100008943462799","https:\/\/x.com\/bellunopress","https:\/\/www.linkedin.com\/hp\/?dnr=JBzUWaJfMUw8vbXJJ2tVW5-I3jZKvC4wsoxE&amp;amp;amp;amp;amp;amp;trk=nav_responsive_tab_home","https:\/\/www.youtube.com\/channel\/UCxL0wu1uN0_3_7hGG0306cw"]},{"@type":"Person","@id":"https:\/\/www.bellunopress.it\/#\/schema\/person\/79bb06722b37ece1c03d3e94beb30d73","name":"r\u00e9daction","image":{"@type":"ImageObject","inLanguage":"fr-FR","@id":"https:\/\/secure.gravatar.com\/avatar\/37d968a2e67a6fd04c169c4bdef102d0bc5d31b2546345219e348575eb80e9a0?s=96&d=mm&r=g","url":"https:\/\/secure.gravatar.com\/avatar\/37d968a2e67a6fd04c169c4bdef102d0bc5d31b2546345219e348575eb80e9a0?s=96&d=mm&r=g","contentUrl":"https:\/\/secure.gravatar.com\/avatar\/37d968a2e67a6fd04c169c4bdef102d0bc5d31b2546345219e348575eb80e9a0?s=96&d=mm&r=g","caption":"redazione"},"sameAs":["http:\/\/www.bellunopress.it","https:\/\/x.com\/bellunopress"],"url":"https:\/\/www.bellunopress.it\/fr\/author\/redazione\/"}]}},"_links":{"self":[{"href":"https:\/\/www.bellunopress.it\/fr\/wp-json\/wp\/v2\/posts\/103318","targetHints":{"allow":["GET"]}}],"collection":[{"href":"https:\/\/www.bellunopress.it\/fr\/wp-json\/wp\/v2\/posts"}],"about":[{"href":"https:\/\/www.bellunopress.it\/fr\/wp-json\/wp\/v2\/types\/post"}],"author":[{"embeddable":true,"href":"https:\/\/www.bellunopress.it\/fr\/wp-json\/wp\/v2\/users\/2"}],"replies":[{"embeddable":true,"href":"https:\/\/www.bellunopress.it\/fr\/wp-json\/wp\/v2\/comments?post=103318"}],"version-history":[{"count":2,"href":"https:\/\/www.bellunopress.it\/fr\/wp-json\/wp\/v2\/posts\/103318\/revisions"}],"predecessor-version":[{"id":103321,"href":"https:\/\/www.bellunopress.it\/fr\/wp-json\/wp\/v2\/posts\/103318\/revisions\/103321"}],"wp:attachment":[{"href":"https:\/\/www.bellunopress.it\/fr\/wp-json\/wp\/v2\/media?parent=103318"}],"wp:term":[{"taxonomy":"category","embeddable":true,"href":"https:\/\/www.bellunopress.it\/fr\/wp-json\/wp\/v2\/categories?post=103318"},{"taxonomy":"post_tag","embeddable":true,"href":"https:\/\/www.bellunopress.it\/fr\/wp-json\/wp\/v2\/tags?post=103318"}],"curies":[{"name":"wp","href":"https:\/\/api.w.org\/{rel}","templated":true}]}}