{"id":103310,"date":"2019-03-30T14:12:14","date_gmt":"2019-03-30T13:12:14","guid":{"rendered":"http:\/\/www.bellunopress.it\/?p=103310"},"modified":"2019-03-30T14:12:14","modified_gmt":"2019-03-30T13:12:14","slug":"la-carpene-malvolti-festeggia-il-95mo-anniversario-delletichetta-prosecco-al-vinitaly-di-verona","status":"publish","type":"post","link":"https:\/\/www.bellunopress.it\/fr\/2019\/03\/30\/la-carpene-malvolti-festeggia-il-95mo-anniversario-delletichetta-prosecco-al-vinitaly-di-verona\/","title":{"rendered":"La Carpen\u00e9 Malvolti festeggia il 95mo anniversario dell&#8217;etichetta Prosecco al Vinitaly di Verona"},"content":{"rendered":"<p><a href=\"http:\/\/www.bellunopress.it\/fr\/2019\/03\/30\/la-carpene-malvolti-festeggia-il-95mo-anniversario-delletichetta-prosecco-al-vinitaly-di-verona\/vino-calice\/\" rel=\"attachment wp-att-103311\"><img loading=\"lazy\" decoding=\"async\" class=\"alignleft size-full wp-image-103311\" src=\"http:\/\/www.bellunopress.it\/wp-content\/uploads\/2019\/03\/vino-calice.jpg\" alt=\"\" width=\"220\" height=\"300\" \/><\/a>Anche quest&#8217;anno la Carpen\u00e9 Malvolti sar\u00e0 presente con le sue selezioni al Vinitaly, che si riconferma uno dei pi\u00f9 importanti eventi fieristici nel settore dei vini e dei distillati.<\/p>\n<p>La storica Casa Spumantistica, che nel 2018 ha celebrato il 150\u00b0 Anniversario, onorer\u00e0 il Vinitaly con una nuova ed importante ricorrenza da celebrare. Trattasi del 95\u00b0 Anniversario dalla prima iscrizione in etichetta del termine Prosecco, compiuta proprio ad opera della seconda generazione della Famiglia, Etile Carpen\u00e8, nel 1924.<\/p>\n<p>L&#8217;anniversario sar\u00e0 celebrato quindi con il battesimo ufficiale del &#8220;1924 Prosecco&#8221;, selezione unica e prima ispirata al vino delle origini che la Cantina ha inteso produrre proprio per rendere merito alla suddetta ricorrenza.<\/p>\n<p>La presentazione sar\u00e0 accompagnata dall&#8217;esposizione \u2013 a cura degli Studenti della Scuola Enologica G.B. Cerletti e della Fondazione ITS Academy \u2013 dello studio compiuto sull&#8217;evoluzione del Marchio dalle origini ad oggi.<\/p>\n<p>I visitatori avranno inoltre la possibilit\u00e0 di degustare &#8211; presso lo Stand B5 al Padiglione 5 &#8211; le principali proposte enologiche della Cantina \u2013 sia i Vini Spumanti che i Distillati come il Brandy e la Grappa da Prosecco Finissima e Fine Vecchia &#8211; nonch\u00e9 le selezioni recentemente premiate dai concordi nazionali ed internazionali, quali le 3 Medaglie d&#8217;Oro al China Wine &amp; Spirits Awards 2019, le altrettante 3 Medaglie d&#8217;Oro all&#8217;International Challenge Gilbert &amp; Gaillard ed il Premio Miglior Prosecco dell&#8217;Anno di Luca Maroni, 5 Grappoli Bibenda per la Grappa da Prosecco Fine Vecchia.<\/p>","protected":false},"excerpt":{"rendered":"<p>Anche quest&#8217;anno la Carpen\u00e9 Malvolti sar\u00e0 presente con le sue selezioni al Vinitaly, che si riconferma uno dei pi\u00f9 importanti eventi fieristici nel settore dei vini e dei distillati. La storica Casa Spumantistica, che nel 2018 ha celebrato il 150\u00b0 Anniversario, onorer\u00e0 il Vinitaly con una nuova ed importante ricorrenza da celebrare. Trattasi del 95\u00b0 [&hellip;]<\/p>\n","protected":false},"author":2,"featured_media":0,"comment_status":"closed","ping_status":"open","sticky":false,"template":"","format":"standard","meta":{"footnotes":""},"categories":[3393],"tags":[],"class_list":["post-103310","post","type-post","status-publish","format-standard","category-eventi-enogastronomici"],"yoast_head":"<!-- This site is optimized with the Yoast SEO plugin v28.4 - https:\/\/yoast.com\/product\/yoast-seo-wordpress\/ -->\n<title>La Carpen\u00e9 Malvolti festeggia il 95mo anniversario dell&#039;etichetta Prosecco al Vinitaly di Verona - Bellunopress - Dolomiti<\/title>\n<meta name=\"robots\" content=\"index, follow, max-snippet:-1, max-image-preview:large, max-video-preview:-1\" \/>\n<link rel=\"canonical\" href=\"https:\/\/www.bellunopress.it\/fr\/2019\/03\/30\/la-carpene-malvolti-festeggia-il-95mo-anniversario-delletichetta-prosecco-al-vinitaly-di-verona\/\" \/>\n<meta property=\"og:locale\" content=\"fr_FR\" \/>\n<meta property=\"og:type\" content=\"article\" \/>\n<meta property=\"og:title\" content=\"La Carpen\u00e9 Malvolti festeggia il 95mo anniversario dell&#039;etichetta Prosecco al Vinitaly di Verona - Bellunopress - Dolomiti\" \/>\n<meta property=\"og:description\" content=\"Anche quest&#8217;anno la Carpen\u00e9 Malvolti sar\u00e0 presente con le sue selezioni al Vinitaly, che si riconferma uno dei pi\u00f9 importanti eventi fieristici nel settore dei vini e dei distillati. La storica Casa Spumantistica, che nel 2018 ha celebrato il 150\u00b0 Anniversario, onorer\u00e0 il Vinitaly con una nuova ed importante ricorrenza da celebrare. Trattasi del 95\u00b0 [&hellip;]\" \/>\n<meta property=\"og:url\" content=\"https:\/\/www.bellunopress.it\/fr\/2019\/03\/30\/la-carpene-malvolti-festeggia-il-95mo-anniversario-delletichetta-prosecco-al-vinitaly-di-verona\/\" \/>\n<meta property=\"og:site_name\" content=\"Bellunopress - Dolomiti\" \/>\n<meta property=\"article:publisher\" content=\"https:\/\/www.facebook.com\/profile.php?id=100008943462799\" \/>\n<meta property=\"article:published_time\" content=\"2019-03-30T13:12:14+00:00\" \/>\n<meta property=\"og:image\" content=\"http:\/\/www.bellunopress.it\/wp-content\/uploads\/2019\/03\/vino-calice.jpg\" \/>\n<meta name=\"author\" content=\"redazione\" \/>\n<meta name=\"twitter:card\" content=\"summary_large_image\" \/>\n<meta name=\"twitter:creator\" content=\"@bellunopress\" \/>\n<meta name=\"twitter:site\" content=\"@bellunopress\" \/>\n<meta name=\"twitter:label1\" content=\"\u00c9crit par\" \/>\n\t<meta name=\"twitter:data1\" content=\"redazione\" \/>\n\t<meta name=\"twitter:label2\" content=\"Dur\u00e9e de lecture estim\u00e9e\" \/>\n\t<meta name=\"twitter:data2\" content=\"1 minute\" \/>\n<script type=\"application\/ld+json\" class=\"yoast-schema-graph\">{\"@context\":\"https:\\\/\\\/schema.org\",\"@graph\":[{\"@type\":\"Article\",\"@id\":\"https:\\\/\\\/www.bellunopress.it\\\/2019\\\/03\\\/30\\\/la-carpene-malvolti-festeggia-il-95mo-anniversario-delletichetta-prosecco-al-vinitaly-di-verona\\\/#article\",\"isPartOf\":{\"@id\":\"https:\\\/\\\/www.bellunopress.it\\\/2019\\\/03\\\/30\\\/la-carpene-malvolti-festeggia-il-95mo-anniversario-delletichetta-prosecco-al-vinitaly-di-verona\\\/\"},\"author\":{\"name\":\"redazione\",\"@id\":\"https:\\\/\\\/www.bellunopress.it\\\/#\\\/schema\\\/person\\\/79bb06722b37ece1c03d3e94beb30d73\"},\"headline\":\"La Carpen\u00e9 Malvolti festeggia il 95mo anniversario dell&#8217;etichetta Prosecco al Vinitaly di Verona\",\"datePublished\":\"2019-03-30T13:12:14+00:00\",\"mainEntityOfPage\":{\"@id\":\"https:\\\/\\\/www.bellunopress.it\\\/2019\\\/03\\\/30\\\/la-carpene-malvolti-festeggia-il-95mo-anniversario-delletichetta-prosecco-al-vinitaly-di-verona\\\/\"},\"wordCount\":246,\"publisher\":{\"@id\":\"https:\\\/\\\/www.bellunopress.it\\\/#organization\"},\"image\":{\"@id\":\"https:\\\/\\\/www.bellunopress.it\\\/2019\\\/03\\\/30\\\/la-carpene-malvolti-festeggia-il-95mo-anniversario-delletichetta-prosecco-al-vinitaly-di-verona\\\/#primaryimage\"},\"thumbnailUrl\":\"http:\\\/\\\/www.bellunopress.it\\\/wp-content\\\/uploads\\\/2019\\\/03\\\/vino-calice.jpg\",\"articleSection\":[\"Eventi enogastronomici\"],\"inLanguage\":\"fr-FR\"},{\"@type\":\"WebPage\",\"@id\":\"https:\\\/\\\/www.bellunopress.it\\\/2019\\\/03\\\/30\\\/la-carpene-malvolti-festeggia-il-95mo-anniversario-delletichetta-prosecco-al-vinitaly-di-verona\\\/\",\"url\":\"https:\\\/\\\/www.bellunopress.it\\\/2019\\\/03\\\/30\\\/la-carpene-malvolti-festeggia-il-95mo-anniversario-delletichetta-prosecco-al-vinitaly-di-verona\\\/\",\"name\":\"La Carpen\u00e9 Malvolti festeggia il 95mo anniversario dell'etichetta Prosecco al Vinitaly di Verona - Bellunopress - Dolomiti\",\"isPartOf\":{\"@id\":\"https:\\\/\\\/www.bellunopress.it\\\/#website\"},\"primaryImageOfPage\":{\"@id\":\"https:\\\/\\\/www.bellunopress.it\\\/2019\\\/03\\\/30\\\/la-carpene-malvolti-festeggia-il-95mo-anniversario-delletichetta-prosecco-al-vinitaly-di-verona\\\/#primaryimage\"},\"image\":{\"@id\":\"https:\\\/\\\/www.bellunopress.it\\\/2019\\\/03\\\/30\\\/la-carpene-malvolti-festeggia-il-95mo-anniversario-delletichetta-prosecco-al-vinitaly-di-verona\\\/#primaryimage\"},\"thumbnailUrl\":\"http:\\\/\\\/www.bellunopress.it\\\/wp-content\\\/uploads\\\/2019\\\/03\\\/vino-calice.jpg\",\"datePublished\":\"2019-03-30T13:12:14+00:00\",\"breadcrumb\":{\"@id\":\"https:\\\/\\\/www.bellunopress.it\\\/2019\\\/03\\\/30\\\/la-carpene-malvolti-festeggia-il-95mo-anniversario-delletichetta-prosecco-al-vinitaly-di-verona\\\/#breadcrumb\"},\"inLanguage\":\"fr-FR\",\"potentialAction\":[{\"@type\":\"ReadAction\",\"target\":[\"https:\\\/\\\/www.bellunopress.it\\\/2019\\\/03\\\/30\\\/la-carpene-malvolti-festeggia-il-95mo-anniversario-delletichetta-prosecco-al-vinitaly-di-verona\\\/\"]}]},{\"@type\":\"ImageObject\",\"inLanguage\":\"fr-FR\",\"@id\":\"https:\\\/\\\/www.bellunopress.it\\\/2019\\\/03\\\/30\\\/la-carpene-malvolti-festeggia-il-95mo-anniversario-delletichetta-prosecco-al-vinitaly-di-verona\\\/#primaryimage\",\"url\":\"http:\\\/\\\/www.bellunopress.it\\\/wp-content\\\/uploads\\\/2019\\\/03\\\/vino-calice.jpg\",\"contentUrl\":\"http:\\\/\\\/www.bellunopress.it\\\/wp-content\\\/uploads\\\/2019\\\/03\\\/vino-calice.jpg\"},{\"@type\":\"BreadcrumbList\",\"@id\":\"https:\\\/\\\/www.bellunopress.it\\\/2019\\\/03\\\/30\\\/la-carpene-malvolti-festeggia-il-95mo-anniversario-delletichetta-prosecco-al-vinitaly-di-verona\\\/#breadcrumb\",\"itemListElement\":[{\"@type\":\"ListItem\",\"position\":1,\"name\":\"Home\",\"item\":\"https:\\\/\\\/www.bellunopress.it\\\/\"},{\"@type\":\"ListItem\",\"position\":2,\"name\":\"La Carpen\u00e9 Malvolti festeggia il 95mo anniversario dell&#8217;etichetta Prosecco al Vinitaly di Verona\"}]},{\"@type\":\"WebSite\",\"@id\":\"https:\\\/\\\/www.bellunopress.it\\\/#website\",\"url\":\"https:\\\/\\\/www.bellunopress.it\\\/\",\"name\":\"Bellunopress - Dolomiti\",\"description\":\"e-mail: redazione@bellunopress.it\",\"publisher\":{\"@id\":\"https:\\\/\\\/www.bellunopress.it\\\/#organization\"},\"potentialAction\":[{\"@type\":\"SearchAction\",\"target\":{\"@type\":\"EntryPoint\",\"urlTemplate\":\"https:\\\/\\\/www.bellunopress.it\\\/?s={search_term_string}\"},\"query-input\":{\"@type\":\"PropertyValueSpecification\",\"valueRequired\":true,\"valueName\":\"search_term_string\"}}],\"inLanguage\":\"fr-FR\"},{\"@type\":\"Organization\",\"@id\":\"https:\\\/\\\/www.bellunopress.it\\\/#organization\",\"name\":\"Bellunopress\",\"url\":\"https:\\\/\\\/www.bellunopress.it\\\/\",\"logo\":{\"@type\":\"ImageObject\",\"inLanguage\":\"fr-FR\",\"@id\":\"https:\\\/\\\/www.bellunopress.it\\\/#\\\/schema\\\/logo\\\/image\\\/\",\"url\":\"https:\\\/\\\/www.bellunopress.it\\\/wp-content\\\/uploads\\\/2011\\\/05\\\/cropped-logo-bellunopress-.jpg\",\"contentUrl\":\"https:\\\/\\\/www.bellunopress.it\\\/wp-content\\\/uploads\\\/2011\\\/05\\\/cropped-logo-bellunopress-.jpg\",\"width\":512,\"height\":512,\"caption\":\"Bellunopress\"},\"image\":{\"@id\":\"https:\\\/\\\/www.bellunopress.it\\\/#\\\/schema\\\/logo\\\/image\\\/\"},\"sameAs\":[\"https:\\\/\\\/www.facebook.com\\\/profile.php?id=100008943462799\",\"https:\\\/\\\/x.com\\\/bellunopress\",\"https:\\\/\\\/www.linkedin.com\\\/hp\\\/?dnr=JBzUWaJfMUw8vbXJJ2tVW5-I3jZKvC4wsoxE&amp;amp;amp;amp;amp;amp;trk=nav_responsive_tab_home\",\"https:\\\/\\\/www.youtube.com\\\/channel\\\/UCxL0wu1uN0_3_7hGG0306cw\"]},{\"@type\":\"Person\",\"@id\":\"https:\\\/\\\/www.bellunopress.it\\\/#\\\/schema\\\/person\\\/79bb06722b37ece1c03d3e94beb30d73\",\"name\":\"redazione\",\"image\":{\"@type\":\"ImageObject\",\"inLanguage\":\"fr-FR\",\"@id\":\"https:\\\/\\\/secure.gravatar.com\\\/avatar\\\/37d968a2e67a6fd04c169c4bdef102d0bc5d31b2546345219e348575eb80e9a0?s=96&d=mm&r=g\",\"url\":\"https:\\\/\\\/secure.gravatar.com\\\/avatar\\\/37d968a2e67a6fd04c169c4bdef102d0bc5d31b2546345219e348575eb80e9a0?s=96&d=mm&r=g\",\"contentUrl\":\"https:\\\/\\\/secure.gravatar.com\\\/avatar\\\/37d968a2e67a6fd04c169c4bdef102d0bc5d31b2546345219e348575eb80e9a0?s=96&d=mm&r=g\",\"caption\":\"redazione\"},\"sameAs\":[\"http:\\\/\\\/www.bellunopress.it\",\"https:\\\/\\\/x.com\\\/bellunopress\"],\"url\":\"https:\\\/\\\/www.bellunopress.it\\\/fr\\\/author\\\/redazione\\\/\"}]}<\/script>\n<!-- \/ Yoast SEO plugin. -->","yoast_head_json":{"title":"La Carpen\u00e9 Malvolti festeggia il 95mo anniversario dell'etichetta Prosecco al Vinitaly di Verona - Bellunopress - Dolomiti","robots":{"index":"index","follow":"follow","max-snippet":"max-snippet:-1","max-image-preview":"max-image-preview:large","max-video-preview":"max-video-preview:-1"},"canonical":"https:\/\/www.bellunopress.it\/fr\/2019\/03\/30\/la-carpene-malvolti-festeggia-il-95mo-anniversario-delletichetta-prosecco-al-vinitaly-di-verona\/","og_locale":"fr_FR","og_type":"article","og_title":"La Carpen\u00e9 Malvolti festeggia il 95mo anniversario dell'etichetta Prosecco al Vinitaly di Verona - Bellunopress - Dolomiti","og_description":"Anche quest&#8217;anno la Carpen\u00e9 Malvolti sar\u00e0 presente con le sue selezioni al Vinitaly, che si riconferma uno dei pi\u00f9 importanti eventi fieristici nel settore dei vini e dei distillati. La storica Casa Spumantistica, che nel 2018 ha celebrato il 150\u00b0 Anniversario, onorer\u00e0 il Vinitaly con una nuova ed importante ricorrenza da celebrare. Trattasi del 95\u00b0 [&hellip;]","og_url":"https:\/\/www.bellunopress.it\/fr\/2019\/03\/30\/la-carpene-malvolti-festeggia-il-95mo-anniversario-delletichetta-prosecco-al-vinitaly-di-verona\/","og_site_name":"Bellunopress - Dolomiti","article_publisher":"https:\/\/www.facebook.com\/profile.php?id=100008943462799","article_published_time":"2019-03-30T13:12:14+00:00","og_image":[{"url":"http:\/\/www.bellunopress.it\/wp-content\/uploads\/2019\/03\/vino-calice.jpg","type":"","width":"","height":""}],"author":"redazione","twitter_card":"summary_large_image","twitter_creator":"@bellunopress","twitter_site":"@bellunopress","twitter_misc":{"\u00c9crit par":"redazione","Dur\u00e9e de lecture estim\u00e9e":"1 minute"},"schema":{"@context":"https:\/\/schema.org","@graph":[{"@type":"Article","@id":"https:\/\/www.bellunopress.it\/2019\/03\/30\/la-carpene-malvolti-festeggia-il-95mo-anniversario-delletichetta-prosecco-al-vinitaly-di-verona\/#article","isPartOf":{"@id":"https:\/\/www.bellunopress.it\/2019\/03\/30\/la-carpene-malvolti-festeggia-il-95mo-anniversario-delletichetta-prosecco-al-vinitaly-di-verona\/"},"author":{"name":"redazione","@id":"https:\/\/www.bellunopress.it\/#\/schema\/person\/79bb06722b37ece1c03d3e94beb30d73"},"headline":"La Carpen\u00e9 Malvolti festeggia il 95mo anniversario dell&#8217;etichetta Prosecco al Vinitaly di Verona","datePublished":"2019-03-30T13:12:14+00:00","mainEntityOfPage":{"@id":"https:\/\/www.bellunopress.it\/2019\/03\/30\/la-carpene-malvolti-festeggia-il-95mo-anniversario-delletichetta-prosecco-al-vinitaly-di-verona\/"},"wordCount":246,"publisher":{"@id":"https:\/\/www.bellunopress.it\/#organization"},"image":{"@id":"https:\/\/www.bellunopress.it\/2019\/03\/30\/la-carpene-malvolti-festeggia-il-95mo-anniversario-delletichetta-prosecco-al-vinitaly-di-verona\/#primaryimage"},"thumbnailUrl":"http:\/\/www.bellunopress.it\/wp-content\/uploads\/2019\/03\/vino-calice.jpg","articleSection":["Eventi enogastronomici"],"inLanguage":"fr-FR"},{"@type":"WebPage","@id":"https:\/\/www.bellunopress.it\/2019\/03\/30\/la-carpene-malvolti-festeggia-il-95mo-anniversario-delletichetta-prosecco-al-vinitaly-di-verona\/","url":"https:\/\/www.bellunopress.it\/2019\/03\/30\/la-carpene-malvolti-festeggia-il-95mo-anniversario-delletichetta-prosecco-al-vinitaly-di-verona\/","name":"La Carpen\u00e9 Malvolti festeggia il 95mo anniversario dell'etichetta Prosecco al Vinitaly di Verona - Bellunopress - Dolomiti","isPartOf":{"@id":"https:\/\/www.bellunopress.it\/#website"},"primaryImageOfPage":{"@id":"https:\/\/www.bellunopress.it\/2019\/03\/30\/la-carpene-malvolti-festeggia-il-95mo-anniversario-delletichetta-prosecco-al-vinitaly-di-verona\/#primaryimage"},"image":{"@id":"https:\/\/www.bellunopress.it\/2019\/03\/30\/la-carpene-malvolti-festeggia-il-95mo-anniversario-delletichetta-prosecco-al-vinitaly-di-verona\/#primaryimage"},"thumbnailUrl":"http:\/\/www.bellunopress.it\/wp-content\/uploads\/2019\/03\/vino-calice.jpg","datePublished":"2019-03-30T13:12:14+00:00","breadcrumb":{"@id":"https:\/\/www.bellunopress.it\/2019\/03\/30\/la-carpene-malvolti-festeggia-il-95mo-anniversario-delletichetta-prosecco-al-vinitaly-di-verona\/#breadcrumb"},"inLanguage":"fr-FR","potentialAction":[{"@type":"ReadAction","target":["https:\/\/www.bellunopress.it\/2019\/03\/30\/la-carpene-malvolti-festeggia-il-95mo-anniversario-delletichetta-prosecco-al-vinitaly-di-verona\/"]}]},{"@type":"ImageObject","inLanguage":"fr-FR","@id":"https:\/\/www.bellunopress.it\/2019\/03\/30\/la-carpene-malvolti-festeggia-il-95mo-anniversario-delletichetta-prosecco-al-vinitaly-di-verona\/#primaryimage","url":"http:\/\/www.bellunopress.it\/wp-content\/uploads\/2019\/03\/vino-calice.jpg","contentUrl":"http:\/\/www.bellunopress.it\/wp-content\/uploads\/2019\/03\/vino-calice.jpg"},{"@type":"BreadcrumbList","@id":"https:\/\/www.bellunopress.it\/2019\/03\/30\/la-carpene-malvolti-festeggia-il-95mo-anniversario-delletichetta-prosecco-al-vinitaly-di-verona\/#breadcrumb","itemListElement":[{"@type":"ListItem","position":1,"name":"Home","item":"https:\/\/www.bellunopress.it\/"},{"@type":"ListItem","position":2,"name":"La Carpen\u00e9 Malvolti festeggia il 95mo anniversario dell&#8217;etichetta Prosecco al Vinitaly di Verona"}]},{"@type":"WebSite","@id":"https:\/\/www.bellunopress.it\/#website","url":"https:\/\/www.bellunopress.it\/","name":"Bellunopress - Dolomiti","description":"e-mail: redazione@bellunopress.it","publisher":{"@id":"https:\/\/www.bellunopress.it\/#organization"},"potentialAction":[{"@type":"SearchAction","target":{"@type":"EntryPoint","urlTemplate":"https:\/\/www.bellunopress.it\/?s={search_term_string}"},"query-input":{"@type":"PropertyValueSpecification","valueRequired":true,"valueName":"search_term_string"}}],"inLanguage":"fr-FR"},{"@type":"Organization","@id":"https:\/\/www.bellunopress.it\/#organization","name":"Bellunopress","url":"https:\/\/www.bellunopress.it\/","logo":{"@type":"ImageObject","inLanguage":"fr-FR","@id":"https:\/\/www.bellunopress.it\/#\/schema\/logo\/image\/","url":"https:\/\/www.bellunopress.it\/wp-content\/uploads\/2011\/05\/cropped-logo-bellunopress-.jpg","contentUrl":"https:\/\/www.bellunopress.it\/wp-content\/uploads\/2011\/05\/cropped-logo-bellunopress-.jpg","width":512,"height":512,"caption":"Bellunopress"},"image":{"@id":"https:\/\/www.bellunopress.it\/#\/schema\/logo\/image\/"},"sameAs":["https:\/\/www.facebook.com\/profile.php?id=100008943462799","https:\/\/x.com\/bellunopress","https:\/\/www.linkedin.com\/hp\/?dnr=JBzUWaJfMUw8vbXJJ2tVW5-I3jZKvC4wsoxE&amp;amp;amp;amp;amp;amp;trk=nav_responsive_tab_home","https:\/\/www.youtube.com\/channel\/UCxL0wu1uN0_3_7hGG0306cw"]},{"@type":"Person","@id":"https:\/\/www.bellunopress.it\/#\/schema\/person\/79bb06722b37ece1c03d3e94beb30d73","name":"r\u00e9daction","image":{"@type":"ImageObject","inLanguage":"fr-FR","@id":"https:\/\/secure.gravatar.com\/avatar\/37d968a2e67a6fd04c169c4bdef102d0bc5d31b2546345219e348575eb80e9a0?s=96&d=mm&r=g","url":"https:\/\/secure.gravatar.com\/avatar\/37d968a2e67a6fd04c169c4bdef102d0bc5d31b2546345219e348575eb80e9a0?s=96&d=mm&r=g","contentUrl":"https:\/\/secure.gravatar.com\/avatar\/37d968a2e67a6fd04c169c4bdef102d0bc5d31b2546345219e348575eb80e9a0?s=96&d=mm&r=g","caption":"redazione"},"sameAs":["http:\/\/www.bellunopress.it","https:\/\/x.com\/bellunopress"],"url":"https:\/\/www.bellunopress.it\/fr\/author\/redazione\/"}]}},"_links":{"self":[{"href":"https:\/\/www.bellunopress.it\/fr\/wp-json\/wp\/v2\/posts\/103310","targetHints":{"allow":["GET"]}}],"collection":[{"href":"https:\/\/www.bellunopress.it\/fr\/wp-json\/wp\/v2\/posts"}],"about":[{"href":"https:\/\/www.bellunopress.it\/fr\/wp-json\/wp\/v2\/types\/post"}],"author":[{"embeddable":true,"href":"https:\/\/www.bellunopress.it\/fr\/wp-json\/wp\/v2\/users\/2"}],"replies":[{"embeddable":true,"href":"https:\/\/www.bellunopress.it\/fr\/wp-json\/wp\/v2\/comments?post=103310"}],"version-history":[{"count":2,"href":"https:\/\/www.bellunopress.it\/fr\/wp-json\/wp\/v2\/posts\/103310\/revisions"}],"predecessor-version":[{"id":103313,"href":"https:\/\/www.bellunopress.it\/fr\/wp-json\/wp\/v2\/posts\/103310\/revisions\/103313"}],"wp:attachment":[{"href":"https:\/\/www.bellunopress.it\/fr\/wp-json\/wp\/v2\/media?parent=103310"}],"wp:term":[{"taxonomy":"category","embeddable":true,"href":"https:\/\/www.bellunopress.it\/fr\/wp-json\/wp\/v2\/categories?post=103310"},{"taxonomy":"post_tag","embeddable":true,"href":"https:\/\/www.bellunopress.it\/fr\/wp-json\/wp\/v2\/tags?post=103310"}],"curies":[{"name":"wp","href":"https:\/\/api.w.org\/{rel}","templated":true}]}}