{"id":103303,"date":"2019-03-29T21:21:00","date_gmt":"2019-03-29T20:21:00","guid":{"rendered":"http:\/\/www.bellunopress.it\/?p=103303"},"modified":"2019-03-29T21:21:01","modified_gmt":"2019-03-29T20:21:01","slug":"margherita-cason-giovane-acconciatrice-di-santa-giustina-sulla-passerella-nazionale-di-milano","status":"publish","type":"post","link":"https:\/\/www.bellunopress.it\/fr\/2019\/03\/29\/margherita-cason-giovane-acconciatrice-di-santa-giustina-sulla-passerella-nazionale-di-milano\/","title":{"rendered":"Margherita Cason, giovane acconciatrice di Santa Giustina, sulla passerella nazionale di Milano"},"content":{"rendered":"<p><a href=\"http:\/\/www.bellunopress.it\/fr\/2019\/03\/29\/margherita-cason-giovane-acconciatrice-di-santa-giustina-sulla-passerella-nazionale-di-milano\/margherita-cason-tutor-danilo-zanin-modella-gloria-perot-make-up-seleny-miot\/\" rel=\"attachment wp-att-103304\"><img loading=\"lazy\" decoding=\"async\" class=\"alignleft size-full wp-image-103304\" src=\"http:\/\/www.bellunopress.it\/wp-content\/uploads\/2019\/03\/Margherita-Cason-tutor-Danilo-Zanin-modella-Gloria-Perot-make-up-Seleny-Miot.jpg\" alt=\"\" width=\"300\" height=\"200\" \/><\/a>Margherita Cason, giovane acconciatrice di Santa Giustina bellunese, sulla passarella di \u201cHair ring\u201d, manifestazione riservata ai giovani nell\u2019ambito di Cosmoprof, la fiera internazionale del settore benessere. Sulla stessa pedana era gi\u00e0 salita negli anni scorsi, quando ancora frequentava il corso Enaip. La giovane acconciatrice bellunese, seguita a distanza dal suo tutor, Danilo Zanin di Look &amp; life i parrucchieri, dove oggi lavora nell\u2019azienda associata a Confartigianato Belluno, \u00e8 ritornata ad Hair ring dopo una preselezione nazionale a Milano, che ha approvato la proposta presentata.<br \/>\nIn passerella non andava una qualsiasi acconciatura, bens\u00ec un elaborato che interpretasse il tema \u201cLeonardo, genio e bellezza\u201d, scelto dagli organizzatori per celebrare i cinquecento anni dalla morte del genio italiano.<br \/>\nMargherita Cason ha infatti ideato un\u2019acconciatura che riprendeva il \u201crombicudottraedro\u201d, figura geometrica illustrata da Leonardo, nei primi anni del 1500, nella \u201cDe Divina Proportione\u201d del matematico Luca Pacioli. Il tutto frutto di una ricerca storica e dell\u2019interpretazione degli elementi in chiave moderna.<br \/>\nIn pedana Margherita ha avuto solo 30 minuti per dare forma al suo lavoro, sotto gli occhi di addetti ai lavori. Alla fine non c\u2019era una graduatoria ad attenderla, ma solo osservazioni, suggerimenti o critiche. E i giudizi positivi sono stati tanti, cos\u00ec come gli apprezzamenti conseguiti, in testa quello di Tiziana Chiorboli presidente della Camera Italiana dell\u2019Acconciatura e presidente nazionale del mestiere di Confartigianato. Moltissime anche le richieste di foto.<br \/>\n\u201cL\u2019esperienza \u00e8 stata impegnativa e faticosa &#8211; commenta Margherita Cason &#8211; ma altrettanto emozionante e stimolante per il mio futuro. Il mettermi in gioco con altri colleghi con cui ho condiviso il palco ha lasciato in me un segno forte. Oltre a tutto questo non nego la grande soddisfazione ricavata da questa partecipazione, vale a dire essere l\u2019unica bellunese ammessa al concorso\u201d.<br \/>\nNon meno emozionante l\u2019esperienza anche per il tutor, Danilo Zanin, che cos\u00ec afferma: \u201cSi \u00e8 trattato di una giornata memorabile per tutto lo staff del nostro negozio, coinvolto nel sostegno tecnico, oltre che un\u2019immensa soddisfazione nel vedere Margherita su una pedana di tale importanza. Certamente, quanto vissuto premia la ricerca e l\u2019impegno dedicati nei mesi di preparazione.<br \/>\nAuspicando che ci\u00f2 sia da stimolo anche per altri giovani della provincia, \u00e8 certo che prima di tutto auguriamo altri successi a Margherita\u201d.<br \/>\nIn passerella assieme a Margherita c\u2019erano altre due bellunesi: la make-up artist, Seleny Miotto e la modella, Gloria Perot.<\/p>\n<p>In primo piano nella foto, la giovane acconciatrice Margherita Cason, assieme al tutor Danilo Zanin, alla modella e allo staff di Look &amp; life I parrucchieri<\/p>\n<p>&nbsp;<\/p>","protected":false},"excerpt":{"rendered":"<p>Margherita Cason, giovane acconciatrice di Santa Giustina bellunese, sulla passarella di \u201cHair ring\u201d, manifestazione riservata ai giovani nell\u2019ambito di Cosmoprof, la fiera internazionale del settore benessere. Sulla stessa pedana era gi\u00e0 salita negli anni scorsi, quando ancora frequentava il corso Enaip. La giovane acconciatrice bellunese, seguita a distanza dal suo tutor, Danilo Zanin di Look [&hellip;]<\/p>\n","protected":false},"author":2,"featured_media":0,"comment_status":"closed","ping_status":"open","sticky":false,"template":"","format":"standard","meta":{"footnotes":""},"categories":[5,36,26],"tags":[],"class_list":["post-103303","post","type-post","status-publish","format-standard","category-cronaca","category-lavoro-economia","category-prima-pagina"],"yoast_head":"<!-- This site is optimized with the Yoast SEO plugin v28.4 - https:\/\/yoast.com\/product\/yoast-seo-wordpress\/ -->\n<title>Margherita Cason, giovane acconciatrice di Santa Giustina, sulla passerella nazionale di Milano - Bellunopress - Dolomiti<\/title>\n<meta name=\"robots\" content=\"index, follow, max-snippet:-1, max-image-preview:large, max-video-preview:-1\" \/>\n<link rel=\"canonical\" href=\"https:\/\/www.bellunopress.it\/fr\/2019\/03\/29\/margherita-cason-giovane-acconciatrice-di-santa-giustina-sulla-passerella-nazionale-di-milano\/\" \/>\n<meta property=\"og:locale\" content=\"fr_FR\" \/>\n<meta property=\"og:type\" content=\"article\" \/>\n<meta property=\"og:title\" content=\"Margherita Cason, giovane acconciatrice di Santa Giustina, sulla passerella nazionale di Milano - Bellunopress - Dolomiti\" \/>\n<meta property=\"og:description\" content=\"Margherita Cason, giovane acconciatrice di Santa Giustina bellunese, sulla passarella di \u201cHair ring\u201d, manifestazione riservata ai giovani nell\u2019ambito di Cosmoprof, la fiera internazionale del settore benessere. Sulla stessa pedana era gi\u00e0 salita negli anni scorsi, quando ancora frequentava il corso Enaip. La giovane acconciatrice bellunese, seguita a distanza dal suo tutor, Danilo Zanin di Look [&hellip;]\" \/>\n<meta property=\"og:url\" content=\"https:\/\/www.bellunopress.it\/fr\/2019\/03\/29\/margherita-cason-giovane-acconciatrice-di-santa-giustina-sulla-passerella-nazionale-di-milano\/\" \/>\n<meta property=\"og:site_name\" content=\"Bellunopress - Dolomiti\" \/>\n<meta property=\"article:publisher\" content=\"https:\/\/www.facebook.com\/profile.php?id=100008943462799\" \/>\n<meta property=\"article:published_time\" content=\"2019-03-29T20:21:00+00:00\" \/>\n<meta property=\"article:modified_time\" content=\"2019-03-29T20:21:01+00:00\" \/>\n<meta property=\"og:image\" content=\"http:\/\/www.bellunopress.it\/wp-content\/uploads\/2019\/03\/Margherita-Cason-tutor-Danilo-Zanin-modella-Gloria-Perot-make-up-Seleny-Miot.jpg\" \/>\n<meta name=\"author\" content=\"redazione\" \/>\n<meta name=\"twitter:card\" content=\"summary_large_image\" \/>\n<meta name=\"twitter:creator\" content=\"@bellunopress\" \/>\n<meta name=\"twitter:site\" content=\"@bellunopress\" \/>\n<meta name=\"twitter:label1\" content=\"\u00c9crit par\" \/>\n\t<meta name=\"twitter:data1\" content=\"redazione\" \/>\n\t<meta name=\"twitter:label2\" content=\"Dur\u00e9e de lecture estim\u00e9e\" \/>\n\t<meta name=\"twitter:data2\" content=\"2 minutes\" \/>\n<script type=\"application\/ld+json\" class=\"yoast-schema-graph\">{\"@context\":\"https:\\\/\\\/schema.org\",\"@graph\":[{\"@type\":\"Article\",\"@id\":\"https:\\\/\\\/www.bellunopress.it\\\/2019\\\/03\\\/29\\\/margherita-cason-giovane-acconciatrice-di-santa-giustina-sulla-passerella-nazionale-di-milano\\\/#article\",\"isPartOf\":{\"@id\":\"https:\\\/\\\/www.bellunopress.it\\\/2019\\\/03\\\/29\\\/margherita-cason-giovane-acconciatrice-di-santa-giustina-sulla-passerella-nazionale-di-milano\\\/\"},\"author\":{\"name\":\"redazione\",\"@id\":\"https:\\\/\\\/www.bellunopress.it\\\/#\\\/schema\\\/person\\\/79bb06722b37ece1c03d3e94beb30d73\"},\"headline\":\"Margherita Cason, giovane acconciatrice di Santa Giustina, sulla passerella nazionale di Milano\",\"datePublished\":\"2019-03-29T20:21:00+00:00\",\"dateModified\":\"2019-03-29T20:21:01+00:00\",\"mainEntityOfPage\":{\"@id\":\"https:\\\/\\\/www.bellunopress.it\\\/2019\\\/03\\\/29\\\/margherita-cason-giovane-acconciatrice-di-santa-giustina-sulla-passerella-nazionale-di-milano\\\/\"},\"wordCount\":434,\"publisher\":{\"@id\":\"https:\\\/\\\/www.bellunopress.it\\\/#organization\"},\"image\":{\"@id\":\"https:\\\/\\\/www.bellunopress.it\\\/2019\\\/03\\\/29\\\/margherita-cason-giovane-acconciatrice-di-santa-giustina-sulla-passerella-nazionale-di-milano\\\/#primaryimage\"},\"thumbnailUrl\":\"http:\\\/\\\/www.bellunopress.it\\\/wp-content\\\/uploads\\\/2019\\\/03\\\/Margherita-Cason-tutor-Danilo-Zanin-modella-Gloria-Perot-make-up-Seleny-Miot.jpg\",\"articleSection\":[\"Cronaca\\\/Politica\",\"Lavoro, Economia, Turismo\",\"Prima Pagina\"],\"inLanguage\":\"fr-FR\"},{\"@type\":\"WebPage\",\"@id\":\"https:\\\/\\\/www.bellunopress.it\\\/2019\\\/03\\\/29\\\/margherita-cason-giovane-acconciatrice-di-santa-giustina-sulla-passerella-nazionale-di-milano\\\/\",\"url\":\"https:\\\/\\\/www.bellunopress.it\\\/2019\\\/03\\\/29\\\/margherita-cason-giovane-acconciatrice-di-santa-giustina-sulla-passerella-nazionale-di-milano\\\/\",\"name\":\"Margherita Cason, giovane acconciatrice di Santa Giustina, sulla passerella nazionale di Milano - Bellunopress - Dolomiti\",\"isPartOf\":{\"@id\":\"https:\\\/\\\/www.bellunopress.it\\\/#website\"},\"primaryImageOfPage\":{\"@id\":\"https:\\\/\\\/www.bellunopress.it\\\/2019\\\/03\\\/29\\\/margherita-cason-giovane-acconciatrice-di-santa-giustina-sulla-passerella-nazionale-di-milano\\\/#primaryimage\"},\"image\":{\"@id\":\"https:\\\/\\\/www.bellunopress.it\\\/2019\\\/03\\\/29\\\/margherita-cason-giovane-acconciatrice-di-santa-giustina-sulla-passerella-nazionale-di-milano\\\/#primaryimage\"},\"thumbnailUrl\":\"http:\\\/\\\/www.bellunopress.it\\\/wp-content\\\/uploads\\\/2019\\\/03\\\/Margherita-Cason-tutor-Danilo-Zanin-modella-Gloria-Perot-make-up-Seleny-Miot.jpg\",\"datePublished\":\"2019-03-29T20:21:00+00:00\",\"dateModified\":\"2019-03-29T20:21:01+00:00\",\"breadcrumb\":{\"@id\":\"https:\\\/\\\/www.bellunopress.it\\\/2019\\\/03\\\/29\\\/margherita-cason-giovane-acconciatrice-di-santa-giustina-sulla-passerella-nazionale-di-milano\\\/#breadcrumb\"},\"inLanguage\":\"fr-FR\",\"potentialAction\":[{\"@type\":\"ReadAction\",\"target\":[\"https:\\\/\\\/www.bellunopress.it\\\/2019\\\/03\\\/29\\\/margherita-cason-giovane-acconciatrice-di-santa-giustina-sulla-passerella-nazionale-di-milano\\\/\"]}]},{\"@type\":\"ImageObject\",\"inLanguage\":\"fr-FR\",\"@id\":\"https:\\\/\\\/www.bellunopress.it\\\/2019\\\/03\\\/29\\\/margherita-cason-giovane-acconciatrice-di-santa-giustina-sulla-passerella-nazionale-di-milano\\\/#primaryimage\",\"url\":\"http:\\\/\\\/www.bellunopress.it\\\/wp-content\\\/uploads\\\/2019\\\/03\\\/Margherita-Cason-tutor-Danilo-Zanin-modella-Gloria-Perot-make-up-Seleny-Miot.jpg\",\"contentUrl\":\"http:\\\/\\\/www.bellunopress.it\\\/wp-content\\\/uploads\\\/2019\\\/03\\\/Margherita-Cason-tutor-Danilo-Zanin-modella-Gloria-Perot-make-up-Seleny-Miot.jpg\"},{\"@type\":\"BreadcrumbList\",\"@id\":\"https:\\\/\\\/www.bellunopress.it\\\/2019\\\/03\\\/29\\\/margherita-cason-giovane-acconciatrice-di-santa-giustina-sulla-passerella-nazionale-di-milano\\\/#breadcrumb\",\"itemListElement\":[{\"@type\":\"ListItem\",\"position\":1,\"name\":\"Home\",\"item\":\"https:\\\/\\\/www.bellunopress.it\\\/\"},{\"@type\":\"ListItem\",\"position\":2,\"name\":\"Margherita Cason, giovane acconciatrice di Santa Giustina, sulla passerella nazionale di Milano\"}]},{\"@type\":\"WebSite\",\"@id\":\"https:\\\/\\\/www.bellunopress.it\\\/#website\",\"url\":\"https:\\\/\\\/www.bellunopress.it\\\/\",\"name\":\"Bellunopress - Dolomiti\",\"description\":\"e-mail: redazione@bellunopress.it\",\"publisher\":{\"@id\":\"https:\\\/\\\/www.bellunopress.it\\\/#organization\"},\"potentialAction\":[{\"@type\":\"SearchAction\",\"target\":{\"@type\":\"EntryPoint\",\"urlTemplate\":\"https:\\\/\\\/www.bellunopress.it\\\/?s={search_term_string}\"},\"query-input\":{\"@type\":\"PropertyValueSpecification\",\"valueRequired\":true,\"valueName\":\"search_term_string\"}}],\"inLanguage\":\"fr-FR\"},{\"@type\":\"Organization\",\"@id\":\"https:\\\/\\\/www.bellunopress.it\\\/#organization\",\"name\":\"Bellunopress\",\"url\":\"https:\\\/\\\/www.bellunopress.it\\\/\",\"logo\":{\"@type\":\"ImageObject\",\"inLanguage\":\"fr-FR\",\"@id\":\"https:\\\/\\\/www.bellunopress.it\\\/#\\\/schema\\\/logo\\\/image\\\/\",\"url\":\"https:\\\/\\\/www.bellunopress.it\\\/wp-content\\\/uploads\\\/2011\\\/05\\\/cropped-logo-bellunopress-.jpg\",\"contentUrl\":\"https:\\\/\\\/www.bellunopress.it\\\/wp-content\\\/uploads\\\/2011\\\/05\\\/cropped-logo-bellunopress-.jpg\",\"width\":512,\"height\":512,\"caption\":\"Bellunopress\"},\"image\":{\"@id\":\"https:\\\/\\\/www.bellunopress.it\\\/#\\\/schema\\\/logo\\\/image\\\/\"},\"sameAs\":[\"https:\\\/\\\/www.facebook.com\\\/profile.php?id=100008943462799\",\"https:\\\/\\\/x.com\\\/bellunopress\",\"https:\\\/\\\/www.linkedin.com\\\/hp\\\/?dnr=JBzUWaJfMUw8vbXJJ2tVW5-I3jZKvC4wsoxE&amp;amp;amp;amp;amp;amp;trk=nav_responsive_tab_home\",\"https:\\\/\\\/www.youtube.com\\\/channel\\\/UCxL0wu1uN0_3_7hGG0306cw\"]},{\"@type\":\"Person\",\"@id\":\"https:\\\/\\\/www.bellunopress.it\\\/#\\\/schema\\\/person\\\/79bb06722b37ece1c03d3e94beb30d73\",\"name\":\"redazione\",\"image\":{\"@type\":\"ImageObject\",\"inLanguage\":\"fr-FR\",\"@id\":\"https:\\\/\\\/secure.gravatar.com\\\/avatar\\\/37d968a2e67a6fd04c169c4bdef102d0bc5d31b2546345219e348575eb80e9a0?s=96&d=mm&r=g\",\"url\":\"https:\\\/\\\/secure.gravatar.com\\\/avatar\\\/37d968a2e67a6fd04c169c4bdef102d0bc5d31b2546345219e348575eb80e9a0?s=96&d=mm&r=g\",\"contentUrl\":\"https:\\\/\\\/secure.gravatar.com\\\/avatar\\\/37d968a2e67a6fd04c169c4bdef102d0bc5d31b2546345219e348575eb80e9a0?s=96&d=mm&r=g\",\"caption\":\"redazione\"},\"sameAs\":[\"http:\\\/\\\/www.bellunopress.it\",\"https:\\\/\\\/x.com\\\/bellunopress\"],\"url\":\"https:\\\/\\\/www.bellunopress.it\\\/fr\\\/author\\\/redazione\\\/\"}]}<\/script>\n<!-- \/ Yoast SEO plugin. -->","yoast_head_json":{"title":"Margherita Cason, giovane acconciatrice di Santa Giustina, sulla passerella nazionale di Milano - Bellunopress - Dolomiti","robots":{"index":"index","follow":"follow","max-snippet":"max-snippet:-1","max-image-preview":"max-image-preview:large","max-video-preview":"max-video-preview:-1"},"canonical":"https:\/\/www.bellunopress.it\/fr\/2019\/03\/29\/margherita-cason-giovane-acconciatrice-di-santa-giustina-sulla-passerella-nazionale-di-milano\/","og_locale":"fr_FR","og_type":"article","og_title":"Margherita Cason, giovane acconciatrice di Santa Giustina, sulla passerella nazionale di Milano - Bellunopress - Dolomiti","og_description":"Margherita Cason, giovane acconciatrice di Santa Giustina bellunese, sulla passarella di \u201cHair ring\u201d, manifestazione riservata ai giovani nell\u2019ambito di Cosmoprof, la fiera internazionale del settore benessere. Sulla stessa pedana era gi\u00e0 salita negli anni scorsi, quando ancora frequentava il corso Enaip. La giovane acconciatrice bellunese, seguita a distanza dal suo tutor, Danilo Zanin di Look [&hellip;]","og_url":"https:\/\/www.bellunopress.it\/fr\/2019\/03\/29\/margherita-cason-giovane-acconciatrice-di-santa-giustina-sulla-passerella-nazionale-di-milano\/","og_site_name":"Bellunopress - Dolomiti","article_publisher":"https:\/\/www.facebook.com\/profile.php?id=100008943462799","article_published_time":"2019-03-29T20:21:00+00:00","article_modified_time":"2019-03-29T20:21:01+00:00","og_image":[{"url":"http:\/\/www.bellunopress.it\/wp-content\/uploads\/2019\/03\/Margherita-Cason-tutor-Danilo-Zanin-modella-Gloria-Perot-make-up-Seleny-Miot.jpg","type":"","width":"","height":""}],"author":"redazione","twitter_card":"summary_large_image","twitter_creator":"@bellunopress","twitter_site":"@bellunopress","twitter_misc":{"\u00c9crit par":"redazione","Dur\u00e9e de lecture estim\u00e9e":"2 minutes"},"schema":{"@context":"https:\/\/schema.org","@graph":[{"@type":"Article","@id":"https:\/\/www.bellunopress.it\/2019\/03\/29\/margherita-cason-giovane-acconciatrice-di-santa-giustina-sulla-passerella-nazionale-di-milano\/#article","isPartOf":{"@id":"https:\/\/www.bellunopress.it\/2019\/03\/29\/margherita-cason-giovane-acconciatrice-di-santa-giustina-sulla-passerella-nazionale-di-milano\/"},"author":{"name":"redazione","@id":"https:\/\/www.bellunopress.it\/#\/schema\/person\/79bb06722b37ece1c03d3e94beb30d73"},"headline":"Margherita Cason, giovane acconciatrice di Santa Giustina, sulla passerella nazionale di Milano","datePublished":"2019-03-29T20:21:00+00:00","dateModified":"2019-03-29T20:21:01+00:00","mainEntityOfPage":{"@id":"https:\/\/www.bellunopress.it\/2019\/03\/29\/margherita-cason-giovane-acconciatrice-di-santa-giustina-sulla-passerella-nazionale-di-milano\/"},"wordCount":434,"publisher":{"@id":"https:\/\/www.bellunopress.it\/#organization"},"image":{"@id":"https:\/\/www.bellunopress.it\/2019\/03\/29\/margherita-cason-giovane-acconciatrice-di-santa-giustina-sulla-passerella-nazionale-di-milano\/#primaryimage"},"thumbnailUrl":"http:\/\/www.bellunopress.it\/wp-content\/uploads\/2019\/03\/Margherita-Cason-tutor-Danilo-Zanin-modella-Gloria-Perot-make-up-Seleny-Miot.jpg","articleSection":["Cronaca\/Politica","Lavoro, Economia, Turismo","Prima Pagina"],"inLanguage":"fr-FR"},{"@type":"WebPage","@id":"https:\/\/www.bellunopress.it\/2019\/03\/29\/margherita-cason-giovane-acconciatrice-di-santa-giustina-sulla-passerella-nazionale-di-milano\/","url":"https:\/\/www.bellunopress.it\/2019\/03\/29\/margherita-cason-giovane-acconciatrice-di-santa-giustina-sulla-passerella-nazionale-di-milano\/","name":"Margherita Cason, giovane acconciatrice di Santa Giustina, sulla passerella nazionale di Milano - Bellunopress - Dolomiti","isPartOf":{"@id":"https:\/\/www.bellunopress.it\/#website"},"primaryImageOfPage":{"@id":"https:\/\/www.bellunopress.it\/2019\/03\/29\/margherita-cason-giovane-acconciatrice-di-santa-giustina-sulla-passerella-nazionale-di-milano\/#primaryimage"},"image":{"@id":"https:\/\/www.bellunopress.it\/2019\/03\/29\/margherita-cason-giovane-acconciatrice-di-santa-giustina-sulla-passerella-nazionale-di-milano\/#primaryimage"},"thumbnailUrl":"http:\/\/www.bellunopress.it\/wp-content\/uploads\/2019\/03\/Margherita-Cason-tutor-Danilo-Zanin-modella-Gloria-Perot-make-up-Seleny-Miot.jpg","datePublished":"2019-03-29T20:21:00+00:00","dateModified":"2019-03-29T20:21:01+00:00","breadcrumb":{"@id":"https:\/\/www.bellunopress.it\/2019\/03\/29\/margherita-cason-giovane-acconciatrice-di-santa-giustina-sulla-passerella-nazionale-di-milano\/#breadcrumb"},"inLanguage":"fr-FR","potentialAction":[{"@type":"ReadAction","target":["https:\/\/www.bellunopress.it\/2019\/03\/29\/margherita-cason-giovane-acconciatrice-di-santa-giustina-sulla-passerella-nazionale-di-milano\/"]}]},{"@type":"ImageObject","inLanguage":"fr-FR","@id":"https:\/\/www.bellunopress.it\/2019\/03\/29\/margherita-cason-giovane-acconciatrice-di-santa-giustina-sulla-passerella-nazionale-di-milano\/#primaryimage","url":"http:\/\/www.bellunopress.it\/wp-content\/uploads\/2019\/03\/Margherita-Cason-tutor-Danilo-Zanin-modella-Gloria-Perot-make-up-Seleny-Miot.jpg","contentUrl":"http:\/\/www.bellunopress.it\/wp-content\/uploads\/2019\/03\/Margherita-Cason-tutor-Danilo-Zanin-modella-Gloria-Perot-make-up-Seleny-Miot.jpg"},{"@type":"BreadcrumbList","@id":"https:\/\/www.bellunopress.it\/2019\/03\/29\/margherita-cason-giovane-acconciatrice-di-santa-giustina-sulla-passerella-nazionale-di-milano\/#breadcrumb","itemListElement":[{"@type":"ListItem","position":1,"name":"Home","item":"https:\/\/www.bellunopress.it\/"},{"@type":"ListItem","position":2,"name":"Margherita Cason, giovane acconciatrice di Santa Giustina, sulla passerella nazionale di Milano"}]},{"@type":"WebSite","@id":"https:\/\/www.bellunopress.it\/#website","url":"https:\/\/www.bellunopress.it\/","name":"Bellunopress - Dolomiti","description":"e-mail: redazione@bellunopress.it","publisher":{"@id":"https:\/\/www.bellunopress.it\/#organization"},"potentialAction":[{"@type":"SearchAction","target":{"@type":"EntryPoint","urlTemplate":"https:\/\/www.bellunopress.it\/?s={search_term_string}"},"query-input":{"@type":"PropertyValueSpecification","valueRequired":true,"valueName":"search_term_string"}}],"inLanguage":"fr-FR"},{"@type":"Organization","@id":"https:\/\/www.bellunopress.it\/#organization","name":"Bellunopress","url":"https:\/\/www.bellunopress.it\/","logo":{"@type":"ImageObject","inLanguage":"fr-FR","@id":"https:\/\/www.bellunopress.it\/#\/schema\/logo\/image\/","url":"https:\/\/www.bellunopress.it\/wp-content\/uploads\/2011\/05\/cropped-logo-bellunopress-.jpg","contentUrl":"https:\/\/www.bellunopress.it\/wp-content\/uploads\/2011\/05\/cropped-logo-bellunopress-.jpg","width":512,"height":512,"caption":"Bellunopress"},"image":{"@id":"https:\/\/www.bellunopress.it\/#\/schema\/logo\/image\/"},"sameAs":["https:\/\/www.facebook.com\/profile.php?id=100008943462799","https:\/\/x.com\/bellunopress","https:\/\/www.linkedin.com\/hp\/?dnr=JBzUWaJfMUw8vbXJJ2tVW5-I3jZKvC4wsoxE&amp;amp;amp;amp;amp;amp;trk=nav_responsive_tab_home","https:\/\/www.youtube.com\/channel\/UCxL0wu1uN0_3_7hGG0306cw"]},{"@type":"Person","@id":"https:\/\/www.bellunopress.it\/#\/schema\/person\/79bb06722b37ece1c03d3e94beb30d73","name":"r\u00e9daction","image":{"@type":"ImageObject","inLanguage":"fr-FR","@id":"https:\/\/secure.gravatar.com\/avatar\/37d968a2e67a6fd04c169c4bdef102d0bc5d31b2546345219e348575eb80e9a0?s=96&d=mm&r=g","url":"https:\/\/secure.gravatar.com\/avatar\/37d968a2e67a6fd04c169c4bdef102d0bc5d31b2546345219e348575eb80e9a0?s=96&d=mm&r=g","contentUrl":"https:\/\/secure.gravatar.com\/avatar\/37d968a2e67a6fd04c169c4bdef102d0bc5d31b2546345219e348575eb80e9a0?s=96&d=mm&r=g","caption":"redazione"},"sameAs":["http:\/\/www.bellunopress.it","https:\/\/x.com\/bellunopress"],"url":"https:\/\/www.bellunopress.it\/fr\/author\/redazione\/"}]}},"_links":{"self":[{"href":"https:\/\/www.bellunopress.it\/fr\/wp-json\/wp\/v2\/posts\/103303","targetHints":{"allow":["GET"]}}],"collection":[{"href":"https:\/\/www.bellunopress.it\/fr\/wp-json\/wp\/v2\/posts"}],"about":[{"href":"https:\/\/www.bellunopress.it\/fr\/wp-json\/wp\/v2\/types\/post"}],"author":[{"embeddable":true,"href":"https:\/\/www.bellunopress.it\/fr\/wp-json\/wp\/v2\/users\/2"}],"replies":[{"embeddable":true,"href":"https:\/\/www.bellunopress.it\/fr\/wp-json\/wp\/v2\/comments?post=103303"}],"version-history":[{"count":2,"href":"https:\/\/www.bellunopress.it\/fr\/wp-json\/wp\/v2\/posts\/103303\/revisions"}],"predecessor-version":[{"id":103306,"href":"https:\/\/www.bellunopress.it\/fr\/wp-json\/wp\/v2\/posts\/103303\/revisions\/103306"}],"wp:attachment":[{"href":"https:\/\/www.bellunopress.it\/fr\/wp-json\/wp\/v2\/media?parent=103303"}],"wp:term":[{"taxonomy":"category","embeddable":true,"href":"https:\/\/www.bellunopress.it\/fr\/wp-json\/wp\/v2\/categories?post=103303"},{"taxonomy":"post_tag","embeddable":true,"href":"https:\/\/www.bellunopress.it\/fr\/wp-json\/wp\/v2\/tags?post=103303"}],"curies":[{"name":"wp","href":"https:\/\/api.w.org\/{rel}","templated":true}]}}