{"id":103272,"date":"2019-03-28T13:59:43","date_gmt":"2019-03-28T12:59:43","guid":{"rendered":"http:\/\/www.bellunopress.it\/?p=103272"},"modified":"2019-03-28T13:59:43","modified_gmt":"2019-03-28T12:59:43","slug":"approvata-la-legge-sulla-legittima-difesa-zaia-un-atto-di-giustizia","status":"publish","type":"post","link":"https:\/\/www.bellunopress.it\/fr\/2019\/03\/28\/approvata-la-legge-sulla-legittima-difesa-zaia-un-atto-di-giustizia\/","title":{"rendered":"Approvata la legge sulla legittima difesa. Zaia: &#8220;Un atto di giustizia&#8221;"},"content":{"rendered":"<p><a href=\"http:\/\/www.bellunopress.it\/fr\/2019\/03\/26\/sanita-giunta-veneta-autorizza-contratti-a-medici-pensionati-zaia-risposta-allemergenza\/luca-zaia-3\/\" rel=\"attachment wp-att-103218\"><img loading=\"lazy\" decoding=\"async\" class=\"alignleft size-full wp-image-103218\" src=\"http:\/\/www.bellunopress.it\/wp-content\/uploads\/2019\/03\/Luca-Zaia.jpg\" alt=\"\" width=\"182\" height=\"231\" \/><\/a>Venezia, 28 marzo 2019 \u00a0&#8211; \u00a0\u201c\u00c8 inaccettabile che chi difende se stesso e la propria famiglia nella propria casa dall\u2019aggressione dei malviventi, rispetto a questi ultimi sia meno tutelato dalle norme e, addirittura, corra pi\u00f9 rischi di essere punito. L\u2019approvazione di questa legge sulla legittima difesa, fortemente voluta dal vicepremier Matteo Salvini, rappresenta essenzialmente un atto di giustizia\u201d.<\/p>\n<p>Cos\u00ec il presidente della Regione del Veneto commenta l\u2019approvazione definitiva da parte del Senato del disegno di legge sulla legittima difesa.<\/p>\n<p>\u201cConcordo con Salvini: \u00e8 stata combattuta e vinta una battaglia di civilt\u00e0 \u2013 conclude il Governatore \u2013. Quello italiano non \u00e8 un popolo di pistoleri. Per la stragrande maggioranza \u00e8 fatto di persone perbene, che hanno a cuore la propria casa, i propri congiunti, le aziende per le quali hanno a lungo lavorato e sacrificato: non hanno forse il diritto di proteggere quello che hanno di pi\u00f9 caro? La risposta non pu\u00f2 che essere s\u00ec e ancora s\u00ec. E finalmente questa legge consentir\u00e0 di farlo\u201d.<\/p>","protected":false},"excerpt":{"rendered":"<p>Venezia, 28 marzo 2019 \u00a0&#8211; \u00a0\u201c\u00c8 inaccettabile che chi difende se stesso e la propria famiglia nella propria casa dall\u2019aggressione dei malviventi, rispetto a questi ultimi sia meno tutelato dalle norme e, addirittura, corra pi\u00f9 rischi di essere punito. L\u2019approvazione di questa legge sulla legittima difesa, fortemente voluta dal vicepremier Matteo Salvini, rappresenta essenzialmente un [&hellip;]<\/p>\n","protected":false},"author":2,"featured_media":0,"comment_status":"closed","ping_status":"open","sticky":false,"template":"","format":"standard","meta":{"footnotes":""},"categories":[5,26],"tags":[],"class_list":["post-103272","post","type-post","status-publish","format-standard","category-cronaca","category-prima-pagina"],"yoast_head":"<!-- This site is optimized with the Yoast SEO plugin v28.4 - https:\/\/yoast.com\/product\/yoast-seo-wordpress\/ -->\n<title>Approvata la legge sulla legittima difesa. Zaia: &quot;Un atto di giustizia&quot; - Bellunopress - Dolomiti<\/title>\n<meta name=\"robots\" content=\"index, follow, max-snippet:-1, max-image-preview:large, max-video-preview:-1\" \/>\n<link rel=\"canonical\" href=\"https:\/\/www.bellunopress.it\/fr\/2019\/03\/28\/approvata-la-legge-sulla-legittima-difesa-zaia-un-atto-di-giustizia\/\" \/>\n<meta property=\"og:locale\" content=\"fr_FR\" \/>\n<meta property=\"og:type\" content=\"article\" \/>\n<meta property=\"og:title\" content=\"Approvata la legge sulla legittima difesa. Zaia: &quot;Un atto di giustizia&quot; - Bellunopress - Dolomiti\" \/>\n<meta property=\"og:description\" content=\"Venezia, 28 marzo 2019 \u00a0&#8211; \u00a0\u201c\u00c8 inaccettabile che chi difende se stesso e la propria famiglia nella propria casa dall\u2019aggressione dei malviventi, rispetto a questi ultimi sia meno tutelato dalle norme e, addirittura, corra pi\u00f9 rischi di essere punito. L\u2019approvazione di questa legge sulla legittima difesa, fortemente voluta dal vicepremier Matteo Salvini, rappresenta essenzialmente un [&hellip;]\" \/>\n<meta property=\"og:url\" content=\"https:\/\/www.bellunopress.it\/fr\/2019\/03\/28\/approvata-la-legge-sulla-legittima-difesa-zaia-un-atto-di-giustizia\/\" \/>\n<meta property=\"og:site_name\" content=\"Bellunopress - Dolomiti\" \/>\n<meta property=\"article:publisher\" content=\"https:\/\/www.facebook.com\/profile.php?id=100008943462799\" \/>\n<meta property=\"article:published_time\" content=\"2019-03-28T12:59:43+00:00\" \/>\n<meta property=\"og:image\" content=\"http:\/\/www.bellunopress.it\/wp-content\/uploads\/2019\/03\/Luca-Zaia.jpg\" \/>\n<meta name=\"author\" content=\"redazione\" \/>\n<meta name=\"twitter:card\" content=\"summary_large_image\" \/>\n<meta name=\"twitter:creator\" content=\"@bellunopress\" \/>\n<meta name=\"twitter:site\" content=\"@bellunopress\" \/>\n<meta name=\"twitter:label1\" content=\"\u00c9crit par\" \/>\n\t<meta name=\"twitter:data1\" content=\"redazione\" \/>\n\t<meta name=\"twitter:label2\" content=\"Dur\u00e9e de lecture estim\u00e9e\" \/>\n\t<meta name=\"twitter:data2\" content=\"1 minute\" \/>\n<script type=\"application\/ld+json\" class=\"yoast-schema-graph\">{\"@context\":\"https:\\\/\\\/schema.org\",\"@graph\":[{\"@type\":\"Article\",\"@id\":\"https:\\\/\\\/www.bellunopress.it\\\/2019\\\/03\\\/28\\\/approvata-la-legge-sulla-legittima-difesa-zaia-un-atto-di-giustizia\\\/#article\",\"isPartOf\":{\"@id\":\"https:\\\/\\\/www.bellunopress.it\\\/2019\\\/03\\\/28\\\/approvata-la-legge-sulla-legittima-difesa-zaia-un-atto-di-giustizia\\\/\"},\"author\":{\"name\":\"redazione\",\"@id\":\"https:\\\/\\\/www.bellunopress.it\\\/#\\\/schema\\\/person\\\/79bb06722b37ece1c03d3e94beb30d73\"},\"headline\":\"Approvata la legge sulla legittima difesa. Zaia: &#8220;Un atto di giustizia&#8221;\",\"datePublished\":\"2019-03-28T12:59:43+00:00\",\"mainEntityOfPage\":{\"@id\":\"https:\\\/\\\/www.bellunopress.it\\\/2019\\\/03\\\/28\\\/approvata-la-legge-sulla-legittima-difesa-zaia-un-atto-di-giustizia\\\/\"},\"wordCount\":170,\"publisher\":{\"@id\":\"https:\\\/\\\/www.bellunopress.it\\\/#organization\"},\"image\":{\"@id\":\"https:\\\/\\\/www.bellunopress.it\\\/2019\\\/03\\\/28\\\/approvata-la-legge-sulla-legittima-difesa-zaia-un-atto-di-giustizia\\\/#primaryimage\"},\"thumbnailUrl\":\"http:\\\/\\\/www.bellunopress.it\\\/wp-content\\\/uploads\\\/2019\\\/03\\\/Luca-Zaia.jpg\",\"articleSection\":[\"Cronaca\\\/Politica\",\"Prima Pagina\"],\"inLanguage\":\"fr-FR\"},{\"@type\":\"WebPage\",\"@id\":\"https:\\\/\\\/www.bellunopress.it\\\/2019\\\/03\\\/28\\\/approvata-la-legge-sulla-legittima-difesa-zaia-un-atto-di-giustizia\\\/\",\"url\":\"https:\\\/\\\/www.bellunopress.it\\\/2019\\\/03\\\/28\\\/approvata-la-legge-sulla-legittima-difesa-zaia-un-atto-di-giustizia\\\/\",\"name\":\"Approvata la legge sulla legittima difesa. Zaia: \\\"Un atto di giustizia\\\" - Bellunopress - Dolomiti\",\"isPartOf\":{\"@id\":\"https:\\\/\\\/www.bellunopress.it\\\/#website\"},\"primaryImageOfPage\":{\"@id\":\"https:\\\/\\\/www.bellunopress.it\\\/2019\\\/03\\\/28\\\/approvata-la-legge-sulla-legittima-difesa-zaia-un-atto-di-giustizia\\\/#primaryimage\"},\"image\":{\"@id\":\"https:\\\/\\\/www.bellunopress.it\\\/2019\\\/03\\\/28\\\/approvata-la-legge-sulla-legittima-difesa-zaia-un-atto-di-giustizia\\\/#primaryimage\"},\"thumbnailUrl\":\"http:\\\/\\\/www.bellunopress.it\\\/wp-content\\\/uploads\\\/2019\\\/03\\\/Luca-Zaia.jpg\",\"datePublished\":\"2019-03-28T12:59:43+00:00\",\"breadcrumb\":{\"@id\":\"https:\\\/\\\/www.bellunopress.it\\\/2019\\\/03\\\/28\\\/approvata-la-legge-sulla-legittima-difesa-zaia-un-atto-di-giustizia\\\/#breadcrumb\"},\"inLanguage\":\"fr-FR\",\"potentialAction\":[{\"@type\":\"ReadAction\",\"target\":[\"https:\\\/\\\/www.bellunopress.it\\\/2019\\\/03\\\/28\\\/approvata-la-legge-sulla-legittima-difesa-zaia-un-atto-di-giustizia\\\/\"]}]},{\"@type\":\"ImageObject\",\"inLanguage\":\"fr-FR\",\"@id\":\"https:\\\/\\\/www.bellunopress.it\\\/2019\\\/03\\\/28\\\/approvata-la-legge-sulla-legittima-difesa-zaia-un-atto-di-giustizia\\\/#primaryimage\",\"url\":\"http:\\\/\\\/www.bellunopress.it\\\/wp-content\\\/uploads\\\/2019\\\/03\\\/Luca-Zaia.jpg\",\"contentUrl\":\"http:\\\/\\\/www.bellunopress.it\\\/wp-content\\\/uploads\\\/2019\\\/03\\\/Luca-Zaia.jpg\"},{\"@type\":\"BreadcrumbList\",\"@id\":\"https:\\\/\\\/www.bellunopress.it\\\/2019\\\/03\\\/28\\\/approvata-la-legge-sulla-legittima-difesa-zaia-un-atto-di-giustizia\\\/#breadcrumb\",\"itemListElement\":[{\"@type\":\"ListItem\",\"position\":1,\"name\":\"Home\",\"item\":\"https:\\\/\\\/www.bellunopress.it\\\/\"},{\"@type\":\"ListItem\",\"position\":2,\"name\":\"Approvata la legge sulla legittima difesa. Zaia: &#8220;Un atto di giustizia&#8221;\"}]},{\"@type\":\"WebSite\",\"@id\":\"https:\\\/\\\/www.bellunopress.it\\\/#website\",\"url\":\"https:\\\/\\\/www.bellunopress.it\\\/\",\"name\":\"Bellunopress - Dolomiti\",\"description\":\"e-mail: redazione@bellunopress.it\",\"publisher\":{\"@id\":\"https:\\\/\\\/www.bellunopress.it\\\/#organization\"},\"potentialAction\":[{\"@type\":\"SearchAction\",\"target\":{\"@type\":\"EntryPoint\",\"urlTemplate\":\"https:\\\/\\\/www.bellunopress.it\\\/?s={search_term_string}\"},\"query-input\":{\"@type\":\"PropertyValueSpecification\",\"valueRequired\":true,\"valueName\":\"search_term_string\"}}],\"inLanguage\":\"fr-FR\"},{\"@type\":\"Organization\",\"@id\":\"https:\\\/\\\/www.bellunopress.it\\\/#organization\",\"name\":\"Bellunopress\",\"url\":\"https:\\\/\\\/www.bellunopress.it\\\/\",\"logo\":{\"@type\":\"ImageObject\",\"inLanguage\":\"fr-FR\",\"@id\":\"https:\\\/\\\/www.bellunopress.it\\\/#\\\/schema\\\/logo\\\/image\\\/\",\"url\":\"https:\\\/\\\/www.bellunopress.it\\\/wp-content\\\/uploads\\\/2011\\\/05\\\/cropped-logo-bellunopress-.jpg\",\"contentUrl\":\"https:\\\/\\\/www.bellunopress.it\\\/wp-content\\\/uploads\\\/2011\\\/05\\\/cropped-logo-bellunopress-.jpg\",\"width\":512,\"height\":512,\"caption\":\"Bellunopress\"},\"image\":{\"@id\":\"https:\\\/\\\/www.bellunopress.it\\\/#\\\/schema\\\/logo\\\/image\\\/\"},\"sameAs\":[\"https:\\\/\\\/www.facebook.com\\\/profile.php?id=100008943462799\",\"https:\\\/\\\/x.com\\\/bellunopress\",\"https:\\\/\\\/www.linkedin.com\\\/hp\\\/?dnr=JBzUWaJfMUw8vbXJJ2tVW5-I3jZKvC4wsoxE&amp;amp;amp;amp;amp;amp;trk=nav_responsive_tab_home\",\"https:\\\/\\\/www.youtube.com\\\/channel\\\/UCxL0wu1uN0_3_7hGG0306cw\"]},{\"@type\":\"Person\",\"@id\":\"https:\\\/\\\/www.bellunopress.it\\\/#\\\/schema\\\/person\\\/79bb06722b37ece1c03d3e94beb30d73\",\"name\":\"redazione\",\"image\":{\"@type\":\"ImageObject\",\"inLanguage\":\"fr-FR\",\"@id\":\"https:\\\/\\\/secure.gravatar.com\\\/avatar\\\/37d968a2e67a6fd04c169c4bdef102d0bc5d31b2546345219e348575eb80e9a0?s=96&d=mm&r=g\",\"url\":\"https:\\\/\\\/secure.gravatar.com\\\/avatar\\\/37d968a2e67a6fd04c169c4bdef102d0bc5d31b2546345219e348575eb80e9a0?s=96&d=mm&r=g\",\"contentUrl\":\"https:\\\/\\\/secure.gravatar.com\\\/avatar\\\/37d968a2e67a6fd04c169c4bdef102d0bc5d31b2546345219e348575eb80e9a0?s=96&d=mm&r=g\",\"caption\":\"redazione\"},\"sameAs\":[\"http:\\\/\\\/www.bellunopress.it\",\"https:\\\/\\\/x.com\\\/bellunopress\"],\"url\":\"https:\\\/\\\/www.bellunopress.it\\\/fr\\\/author\\\/redazione\\\/\"}]}<\/script>\n<!-- \/ Yoast SEO plugin. -->","yoast_head_json":{"title":"Approvata la legge sulla legittima difesa. Zaia: \"Un atto di giustizia\" - Bellunopress - Dolomiti","robots":{"index":"index","follow":"follow","max-snippet":"max-snippet:-1","max-image-preview":"max-image-preview:large","max-video-preview":"max-video-preview:-1"},"canonical":"https:\/\/www.bellunopress.it\/fr\/2019\/03\/28\/approvata-la-legge-sulla-legittima-difesa-zaia-un-atto-di-giustizia\/","og_locale":"fr_FR","og_type":"article","og_title":"Approvata la legge sulla legittima difesa. Zaia: \"Un atto di giustizia\" - Bellunopress - Dolomiti","og_description":"Venezia, 28 marzo 2019 \u00a0&#8211; \u00a0\u201c\u00c8 inaccettabile che chi difende se stesso e la propria famiglia nella propria casa dall\u2019aggressione dei malviventi, rispetto a questi ultimi sia meno tutelato dalle norme e, addirittura, corra pi\u00f9 rischi di essere punito. L\u2019approvazione di questa legge sulla legittima difesa, fortemente voluta dal vicepremier Matteo Salvini, rappresenta essenzialmente un [&hellip;]","og_url":"https:\/\/www.bellunopress.it\/fr\/2019\/03\/28\/approvata-la-legge-sulla-legittima-difesa-zaia-un-atto-di-giustizia\/","og_site_name":"Bellunopress - Dolomiti","article_publisher":"https:\/\/www.facebook.com\/profile.php?id=100008943462799","article_published_time":"2019-03-28T12:59:43+00:00","og_image":[{"url":"http:\/\/www.bellunopress.it\/wp-content\/uploads\/2019\/03\/Luca-Zaia.jpg","type":"","width":"","height":""}],"author":"redazione","twitter_card":"summary_large_image","twitter_creator":"@bellunopress","twitter_site":"@bellunopress","twitter_misc":{"\u00c9crit par":"redazione","Dur\u00e9e de lecture estim\u00e9e":"1 minute"},"schema":{"@context":"https:\/\/schema.org","@graph":[{"@type":"Article","@id":"https:\/\/www.bellunopress.it\/2019\/03\/28\/approvata-la-legge-sulla-legittima-difesa-zaia-un-atto-di-giustizia\/#article","isPartOf":{"@id":"https:\/\/www.bellunopress.it\/2019\/03\/28\/approvata-la-legge-sulla-legittima-difesa-zaia-un-atto-di-giustizia\/"},"author":{"name":"redazione","@id":"https:\/\/www.bellunopress.it\/#\/schema\/person\/79bb06722b37ece1c03d3e94beb30d73"},"headline":"Approvata la legge sulla legittima difesa. Zaia: &#8220;Un atto di giustizia&#8221;","datePublished":"2019-03-28T12:59:43+00:00","mainEntityOfPage":{"@id":"https:\/\/www.bellunopress.it\/2019\/03\/28\/approvata-la-legge-sulla-legittima-difesa-zaia-un-atto-di-giustizia\/"},"wordCount":170,"publisher":{"@id":"https:\/\/www.bellunopress.it\/#organization"},"image":{"@id":"https:\/\/www.bellunopress.it\/2019\/03\/28\/approvata-la-legge-sulla-legittima-difesa-zaia-un-atto-di-giustizia\/#primaryimage"},"thumbnailUrl":"http:\/\/www.bellunopress.it\/wp-content\/uploads\/2019\/03\/Luca-Zaia.jpg","articleSection":["Cronaca\/Politica","Prima Pagina"],"inLanguage":"fr-FR"},{"@type":"WebPage","@id":"https:\/\/www.bellunopress.it\/2019\/03\/28\/approvata-la-legge-sulla-legittima-difesa-zaia-un-atto-di-giustizia\/","url":"https:\/\/www.bellunopress.it\/2019\/03\/28\/approvata-la-legge-sulla-legittima-difesa-zaia-un-atto-di-giustizia\/","name":"Approvata la legge sulla legittima difesa. Zaia: \"Un atto di giustizia\" - Bellunopress - Dolomiti","isPartOf":{"@id":"https:\/\/www.bellunopress.it\/#website"},"primaryImageOfPage":{"@id":"https:\/\/www.bellunopress.it\/2019\/03\/28\/approvata-la-legge-sulla-legittima-difesa-zaia-un-atto-di-giustizia\/#primaryimage"},"image":{"@id":"https:\/\/www.bellunopress.it\/2019\/03\/28\/approvata-la-legge-sulla-legittima-difesa-zaia-un-atto-di-giustizia\/#primaryimage"},"thumbnailUrl":"http:\/\/www.bellunopress.it\/wp-content\/uploads\/2019\/03\/Luca-Zaia.jpg","datePublished":"2019-03-28T12:59:43+00:00","breadcrumb":{"@id":"https:\/\/www.bellunopress.it\/2019\/03\/28\/approvata-la-legge-sulla-legittima-difesa-zaia-un-atto-di-giustizia\/#breadcrumb"},"inLanguage":"fr-FR","potentialAction":[{"@type":"ReadAction","target":["https:\/\/www.bellunopress.it\/2019\/03\/28\/approvata-la-legge-sulla-legittima-difesa-zaia-un-atto-di-giustizia\/"]}]},{"@type":"ImageObject","inLanguage":"fr-FR","@id":"https:\/\/www.bellunopress.it\/2019\/03\/28\/approvata-la-legge-sulla-legittima-difesa-zaia-un-atto-di-giustizia\/#primaryimage","url":"http:\/\/www.bellunopress.it\/wp-content\/uploads\/2019\/03\/Luca-Zaia.jpg","contentUrl":"http:\/\/www.bellunopress.it\/wp-content\/uploads\/2019\/03\/Luca-Zaia.jpg"},{"@type":"BreadcrumbList","@id":"https:\/\/www.bellunopress.it\/2019\/03\/28\/approvata-la-legge-sulla-legittima-difesa-zaia-un-atto-di-giustizia\/#breadcrumb","itemListElement":[{"@type":"ListItem","position":1,"name":"Home","item":"https:\/\/www.bellunopress.it\/"},{"@type":"ListItem","position":2,"name":"Approvata la legge sulla legittima difesa. Zaia: &#8220;Un atto di giustizia&#8221;"}]},{"@type":"WebSite","@id":"https:\/\/www.bellunopress.it\/#website","url":"https:\/\/www.bellunopress.it\/","name":"Bellunopress - Dolomiti","description":"e-mail: redazione@bellunopress.it","publisher":{"@id":"https:\/\/www.bellunopress.it\/#organization"},"potentialAction":[{"@type":"SearchAction","target":{"@type":"EntryPoint","urlTemplate":"https:\/\/www.bellunopress.it\/?s={search_term_string}"},"query-input":{"@type":"PropertyValueSpecification","valueRequired":true,"valueName":"search_term_string"}}],"inLanguage":"fr-FR"},{"@type":"Organization","@id":"https:\/\/www.bellunopress.it\/#organization","name":"Bellunopress","url":"https:\/\/www.bellunopress.it\/","logo":{"@type":"ImageObject","inLanguage":"fr-FR","@id":"https:\/\/www.bellunopress.it\/#\/schema\/logo\/image\/","url":"https:\/\/www.bellunopress.it\/wp-content\/uploads\/2011\/05\/cropped-logo-bellunopress-.jpg","contentUrl":"https:\/\/www.bellunopress.it\/wp-content\/uploads\/2011\/05\/cropped-logo-bellunopress-.jpg","width":512,"height":512,"caption":"Bellunopress"},"image":{"@id":"https:\/\/www.bellunopress.it\/#\/schema\/logo\/image\/"},"sameAs":["https:\/\/www.facebook.com\/profile.php?id=100008943462799","https:\/\/x.com\/bellunopress","https:\/\/www.linkedin.com\/hp\/?dnr=JBzUWaJfMUw8vbXJJ2tVW5-I3jZKvC4wsoxE&amp;amp;amp;amp;amp;amp;trk=nav_responsive_tab_home","https:\/\/www.youtube.com\/channel\/UCxL0wu1uN0_3_7hGG0306cw"]},{"@type":"Person","@id":"https:\/\/www.bellunopress.it\/#\/schema\/person\/79bb06722b37ece1c03d3e94beb30d73","name":"r\u00e9daction","image":{"@type":"ImageObject","inLanguage":"fr-FR","@id":"https:\/\/secure.gravatar.com\/avatar\/37d968a2e67a6fd04c169c4bdef102d0bc5d31b2546345219e348575eb80e9a0?s=96&d=mm&r=g","url":"https:\/\/secure.gravatar.com\/avatar\/37d968a2e67a6fd04c169c4bdef102d0bc5d31b2546345219e348575eb80e9a0?s=96&d=mm&r=g","contentUrl":"https:\/\/secure.gravatar.com\/avatar\/37d968a2e67a6fd04c169c4bdef102d0bc5d31b2546345219e348575eb80e9a0?s=96&d=mm&r=g","caption":"redazione"},"sameAs":["http:\/\/www.bellunopress.it","https:\/\/x.com\/bellunopress"],"url":"https:\/\/www.bellunopress.it\/fr\/author\/redazione\/"}]}},"_links":{"self":[{"href":"https:\/\/www.bellunopress.it\/fr\/wp-json\/wp\/v2\/posts\/103272","targetHints":{"allow":["GET"]}}],"collection":[{"href":"https:\/\/www.bellunopress.it\/fr\/wp-json\/wp\/v2\/posts"}],"about":[{"href":"https:\/\/www.bellunopress.it\/fr\/wp-json\/wp\/v2\/types\/post"}],"author":[{"embeddable":true,"href":"https:\/\/www.bellunopress.it\/fr\/wp-json\/wp\/v2\/users\/2"}],"replies":[{"embeddable":true,"href":"https:\/\/www.bellunopress.it\/fr\/wp-json\/wp\/v2\/comments?post=103272"}],"version-history":[{"count":1,"href":"https:\/\/www.bellunopress.it\/fr\/wp-json\/wp\/v2\/posts\/103272\/revisions"}],"predecessor-version":[{"id":103273,"href":"https:\/\/www.bellunopress.it\/fr\/wp-json\/wp\/v2\/posts\/103272\/revisions\/103273"}],"wp:attachment":[{"href":"https:\/\/www.bellunopress.it\/fr\/wp-json\/wp\/v2\/media?parent=103272"}],"wp:term":[{"taxonomy":"category","embeddable":true,"href":"https:\/\/www.bellunopress.it\/fr\/wp-json\/wp\/v2\/categories?post=103272"},{"taxonomy":"post_tag","embeddable":true,"href":"https:\/\/www.bellunopress.it\/fr\/wp-json\/wp\/v2\/tags?post=103272"}],"curies":[{"name":"wp","href":"https:\/\/api.w.org\/{rel}","templated":true}]}}