{"id":103270,"date":"2019-03-28T10:45:35","date_gmt":"2019-03-28T09:45:35","guid":{"rendered":"http:\/\/www.bellunopress.it\/?p=103270"},"modified":"2019-03-28T10:45:35","modified_gmt":"2019-03-28T09:45:35","slug":"mini-naja-de-menech-approvati-i-percorsi-di-formazione-ma-mancano-le-risorse","status":"publish","type":"post","link":"https:\/\/www.bellunopress.it\/fr\/2019\/03\/28\/mini-naja-de-menech-approvati-i-percorsi-di-formazione-ma-mancano-le-risorse\/","title":{"rendered":"Mini naja. De Menech: &#8220;Approvati i percorsi di formazione, ma mancano le risorse&#8221;"},"content":{"rendered":"<figure id=\"attachment_46179\" aria-describedby=\"caption-attachment-46179\" style=\"width: 193px\" class=\"wp-caption alignleft\"><a href=\"http:\/\/www.bellunopress.it\/fr\/2013\/01\/29\/via-al-tour-di-roger-de-menech-pd-il-5-febbraio-appuntamento-anche-con-laura-puppato-capolista-al-senato\/roger-de-menech-1\/\" rel=\"attachment wp-att-46179\"><img loading=\"lazy\" decoding=\"async\" class=\"size-full wp-image-46179\" src=\"http:\/\/www.bellunopress.it\/wp-content\/uploads\/2013\/01\/roger-de-menech-1.jpg\" alt=\"\" width=\"193\" height=\"290\" \/><\/a><figcaption id=\"caption-attachment-46179\" class=\"wp-caption-text\">Roger De Menech, deputato Pd<\/figcaption><\/figure>\n<p>Roma, 28 marzo 2019 _ La Camera dei deputati ha approvato ieri il progetto di legge che prevede percorsi formativi in ambito militare per i giovani tra i 18 e i 22 anni. \u00ab\u00c8 un passo in avanti verso dal punto di vista culturale, sociale e di coesione nazionale. Tuttavia si \u00e8 persa l\u2019opportunit\u00e0 di indirizzare il progetto verso l\u2019integrazione della difesa in ambito europeo e del sistema di protezione civile italiano\u00bb, afferma Roger De Menech, vice presidente della commissione Difesa della Camera.<\/p>\n<p>Lo scopo dell&#8217;iniziativa \u00e8 offrire l&#8217;opportunit\u00e0 di conoscere direttamente, attraverso un periodo di permanenza di almeno sei mesi nelle Forze armate non retribuito, i valori, la disciplina, la storia e la specificit\u00e0 dell&#8217;ordinamento militare. Il percorso, approvato in via sperimentale prevede tre fasi: corsi di studio in modalit\u00e0 e-learning; permanenza presso le strutture formative, operative e addestrative delle Forze armate e dell&#8217;Arma dei carabinieri, comprese le scuole e le accademie militari; forme di apprendimento pratico. Al termine del periodo ai partecipanti verranno riconosciuti fino a 12 crediti formativi universitari.<\/p>\n<p>\u00abAbbiamo votato a favore del progetto di legge\u00bb, dice De Menech, \u00abanche se permangono una serie di carenze, notando contraddizioni e fragilit\u00e0 della misura. Crediamo, infatti, sia importante ampliare l\u2019offerta formativa proposta facendo conoscere i principali profili operativi e giuridici della partecipazione italiana alle missioni internazionali di pace; i temi della cooperazione civile-militare; gli ambiti normativi e procedurali vigenti in materia di Difesa civile e militare; la protezione civile e la pianificazione civile d\u2019emergenza. Questo perch\u00e9 continuiamo a credere che i nostri giovani debbano conoscere e approfondire anche l\u2019aspetto imprescindibile del servizio che le nostre Forze Armate rendono nel mondo per portare pace e democrazia ovunque ve ne sia bisogno. Inoltre, nell\u2019ottica dell\u2019integrazione dei sistemi europei, avevamo proposto di prevedere un\u2019offerta di conoscenza anche in questo campo, per consolidare il progetto di difesa comune\u00bb.<\/p>\n<p>Il problema principale, pi\u00f9 volte sottolineato dai vertici militari e che purtroppo resta irrisolto, continua il vice presidente, \u00e8 \u00abil distacco da una visione generale sulle politiche di rafforzamento e di adeguamento ai nuovi impegni della difesa nazionale e dei corpi militari. Con la recente legge di bilancio, abbiamo registrato una riduzione delle risorse indirizzate allo sviluppo e alla qualificazione dei corpi e delle relative infrastrutture. Al comparto della difesa nel suo complesso verranno tagliate risorse nei prossimi anni per pi\u00f9 di 500 milioni di euro, mentre si gonfiano a dismisura altre spese come, ad esempio, quelle per il funzionamento della Presidenza del Consiglio. Il provvedimento risulta privo quindi delle risorse necessarie: si \u00e8 infatti virato anche per questo, sul carattere sperimentale dei progetti di percorso formativo fino al 2020, essenzialmente per ovviare a questa mancanza di risorse e, conseguentemente, di sistematicit\u00e0. Resta il fatto che, in questa situazione di incertezza e scarsit\u00e0 di risorse, \u00e8 forte il rischio che la legge non produca i risultati attesi\u00bb.<\/p>\n<p>&nbsp;<\/p>","protected":false},"excerpt":{"rendered":"<p>Roma, 28 marzo 2019 _ La Camera dei deputati ha approvato ieri il progetto di legge che prevede percorsi formativi in ambito militare per i giovani tra i 18 e i 22 anni. \u00ab\u00c8 un passo in avanti verso dal punto di vista culturale, sociale e di coesione nazionale. Tuttavia si \u00e8 persa l\u2019opportunit\u00e0 di [&hellip;]<\/p>\n","protected":false},"author":2,"featured_media":0,"comment_status":"closed","ping_status":"open","sticky":false,"template":"","format":"standard","meta":{"footnotes":""},"categories":[1],"tags":[],"class_list":["post-103270","post","type-post","status-publish","format-standard","category-leo"],"yoast_head":"<!-- This site is optimized with the Yoast SEO plugin v28.4 - https:\/\/yoast.com\/product\/yoast-seo-wordpress\/ -->\n<title>Mini naja. De Menech: &quot;Approvati i percorsi di formazione, ma mancano le risorse&quot; - Bellunopress - Dolomiti<\/title>\n<meta name=\"robots\" content=\"index, follow, max-snippet:-1, max-image-preview:large, max-video-preview:-1\" \/>\n<link rel=\"canonical\" href=\"https:\/\/www.bellunopress.it\/fr\/2019\/03\/28\/mini-naja-de-menech-approvati-i-percorsi-di-formazione-ma-mancano-le-risorse\/\" \/>\n<meta property=\"og:locale\" content=\"fr_FR\" \/>\n<meta property=\"og:type\" content=\"article\" \/>\n<meta property=\"og:title\" content=\"Mini naja. De Menech: &quot;Approvati i percorsi di formazione, ma mancano le risorse&quot; - Bellunopress - Dolomiti\" \/>\n<meta property=\"og:description\" content=\"Roma, 28 marzo 2019 _ La Camera dei deputati ha approvato ieri il progetto di legge che prevede percorsi formativi in ambito militare per i giovani tra i 18 e i 22 anni. \u00ab\u00c8 un passo in avanti verso dal punto di vista culturale, sociale e di coesione nazionale. Tuttavia si \u00e8 persa l\u2019opportunit\u00e0 di [&hellip;]\" \/>\n<meta property=\"og:url\" content=\"https:\/\/www.bellunopress.it\/fr\/2019\/03\/28\/mini-naja-de-menech-approvati-i-percorsi-di-formazione-ma-mancano-le-risorse\/\" \/>\n<meta property=\"og:site_name\" content=\"Bellunopress - Dolomiti\" \/>\n<meta property=\"article:publisher\" content=\"https:\/\/www.facebook.com\/profile.php?id=100008943462799\" \/>\n<meta property=\"article:published_time\" content=\"2019-03-28T09:45:35+00:00\" \/>\n<meta property=\"og:image\" content=\"http:\/\/www.bellunopress.it\/wp-content\/uploads\/2013\/01\/roger-de-menech-1.jpg\" \/>\n<meta name=\"author\" content=\"redazione\" \/>\n<meta name=\"twitter:card\" content=\"summary_large_image\" \/>\n<meta name=\"twitter:creator\" content=\"@bellunopress\" \/>\n<meta name=\"twitter:site\" content=\"@bellunopress\" \/>\n<meta name=\"twitter:label1\" content=\"\u00c9crit par\" \/>\n\t<meta name=\"twitter:data1\" content=\"redazione\" \/>\n\t<meta name=\"twitter:label2\" content=\"Dur\u00e9e de lecture estim\u00e9e\" \/>\n\t<meta name=\"twitter:data2\" content=\"2 minutes\" \/>\n<script type=\"application\/ld+json\" class=\"yoast-schema-graph\">{\"@context\":\"https:\\\/\\\/schema.org\",\"@graph\":[{\"@type\":\"Article\",\"@id\":\"https:\\\/\\\/www.bellunopress.it\\\/2019\\\/03\\\/28\\\/mini-naja-de-menech-approvati-i-percorsi-di-formazione-ma-mancano-le-risorse\\\/#article\",\"isPartOf\":{\"@id\":\"https:\\\/\\\/www.bellunopress.it\\\/2019\\\/03\\\/28\\\/mini-naja-de-menech-approvati-i-percorsi-di-formazione-ma-mancano-le-risorse\\\/\"},\"author\":{\"name\":\"redazione\",\"@id\":\"https:\\\/\\\/www.bellunopress.it\\\/#\\\/schema\\\/person\\\/79bb06722b37ece1c03d3e94beb30d73\"},\"headline\":\"Mini naja. De Menech: &#8220;Approvati i percorsi di formazione, ma mancano le risorse&#8221;\",\"datePublished\":\"2019-03-28T09:45:35+00:00\",\"mainEntityOfPage\":{\"@id\":\"https:\\\/\\\/www.bellunopress.it\\\/2019\\\/03\\\/28\\\/mini-naja-de-menech-approvati-i-percorsi-di-formazione-ma-mancano-le-risorse\\\/\"},\"wordCount\":497,\"publisher\":{\"@id\":\"https:\\\/\\\/www.bellunopress.it\\\/#organization\"},\"image\":{\"@id\":\"https:\\\/\\\/www.bellunopress.it\\\/2019\\\/03\\\/28\\\/mini-naja-de-menech-approvati-i-percorsi-di-formazione-ma-mancano-le-risorse\\\/#primaryimage\"},\"thumbnailUrl\":\"http:\\\/\\\/www.bellunopress.it\\\/wp-content\\\/uploads\\\/2013\\\/01\\\/roger-de-menech-1.jpg\",\"articleSection\":[\"Lettere Opinioni\"],\"inLanguage\":\"fr-FR\"},{\"@type\":\"WebPage\",\"@id\":\"https:\\\/\\\/www.bellunopress.it\\\/2019\\\/03\\\/28\\\/mini-naja-de-menech-approvati-i-percorsi-di-formazione-ma-mancano-le-risorse\\\/\",\"url\":\"https:\\\/\\\/www.bellunopress.it\\\/2019\\\/03\\\/28\\\/mini-naja-de-menech-approvati-i-percorsi-di-formazione-ma-mancano-le-risorse\\\/\",\"name\":\"Mini naja. De Menech: \\\"Approvati i percorsi di formazione, ma mancano le risorse\\\" - Bellunopress - Dolomiti\",\"isPartOf\":{\"@id\":\"https:\\\/\\\/www.bellunopress.it\\\/#website\"},\"primaryImageOfPage\":{\"@id\":\"https:\\\/\\\/www.bellunopress.it\\\/2019\\\/03\\\/28\\\/mini-naja-de-menech-approvati-i-percorsi-di-formazione-ma-mancano-le-risorse\\\/#primaryimage\"},\"image\":{\"@id\":\"https:\\\/\\\/www.bellunopress.it\\\/2019\\\/03\\\/28\\\/mini-naja-de-menech-approvati-i-percorsi-di-formazione-ma-mancano-le-risorse\\\/#primaryimage\"},\"thumbnailUrl\":\"http:\\\/\\\/www.bellunopress.it\\\/wp-content\\\/uploads\\\/2013\\\/01\\\/roger-de-menech-1.jpg\",\"datePublished\":\"2019-03-28T09:45:35+00:00\",\"breadcrumb\":{\"@id\":\"https:\\\/\\\/www.bellunopress.it\\\/2019\\\/03\\\/28\\\/mini-naja-de-menech-approvati-i-percorsi-di-formazione-ma-mancano-le-risorse\\\/#breadcrumb\"},\"inLanguage\":\"fr-FR\",\"potentialAction\":[{\"@type\":\"ReadAction\",\"target\":[\"https:\\\/\\\/www.bellunopress.it\\\/2019\\\/03\\\/28\\\/mini-naja-de-menech-approvati-i-percorsi-di-formazione-ma-mancano-le-risorse\\\/\"]}]},{\"@type\":\"ImageObject\",\"inLanguage\":\"fr-FR\",\"@id\":\"https:\\\/\\\/www.bellunopress.it\\\/2019\\\/03\\\/28\\\/mini-naja-de-menech-approvati-i-percorsi-di-formazione-ma-mancano-le-risorse\\\/#primaryimage\",\"url\":\"http:\\\/\\\/www.bellunopress.it\\\/wp-content\\\/uploads\\\/2013\\\/01\\\/roger-de-menech-1.jpg\",\"contentUrl\":\"http:\\\/\\\/www.bellunopress.it\\\/wp-content\\\/uploads\\\/2013\\\/01\\\/roger-de-menech-1.jpg\"},{\"@type\":\"BreadcrumbList\",\"@id\":\"https:\\\/\\\/www.bellunopress.it\\\/2019\\\/03\\\/28\\\/mini-naja-de-menech-approvati-i-percorsi-di-formazione-ma-mancano-le-risorse\\\/#breadcrumb\",\"itemListElement\":[{\"@type\":\"ListItem\",\"position\":1,\"name\":\"Home\",\"item\":\"https:\\\/\\\/www.bellunopress.it\\\/\"},{\"@type\":\"ListItem\",\"position\":2,\"name\":\"Mini naja. De Menech: &#8220;Approvati i percorsi di formazione, ma mancano le risorse&#8221;\"}]},{\"@type\":\"WebSite\",\"@id\":\"https:\\\/\\\/www.bellunopress.it\\\/#website\",\"url\":\"https:\\\/\\\/www.bellunopress.it\\\/\",\"name\":\"Bellunopress - Dolomiti\",\"description\":\"e-mail: redazione@bellunopress.it\",\"publisher\":{\"@id\":\"https:\\\/\\\/www.bellunopress.it\\\/#organization\"},\"potentialAction\":[{\"@type\":\"SearchAction\",\"target\":{\"@type\":\"EntryPoint\",\"urlTemplate\":\"https:\\\/\\\/www.bellunopress.it\\\/?s={search_term_string}\"},\"query-input\":{\"@type\":\"PropertyValueSpecification\",\"valueRequired\":true,\"valueName\":\"search_term_string\"}}],\"inLanguage\":\"fr-FR\"},{\"@type\":\"Organization\",\"@id\":\"https:\\\/\\\/www.bellunopress.it\\\/#organization\",\"name\":\"Bellunopress\",\"url\":\"https:\\\/\\\/www.bellunopress.it\\\/\",\"logo\":{\"@type\":\"ImageObject\",\"inLanguage\":\"fr-FR\",\"@id\":\"https:\\\/\\\/www.bellunopress.it\\\/#\\\/schema\\\/logo\\\/image\\\/\",\"url\":\"https:\\\/\\\/www.bellunopress.it\\\/wp-content\\\/uploads\\\/2011\\\/05\\\/cropped-logo-bellunopress-.jpg\",\"contentUrl\":\"https:\\\/\\\/www.bellunopress.it\\\/wp-content\\\/uploads\\\/2011\\\/05\\\/cropped-logo-bellunopress-.jpg\",\"width\":512,\"height\":512,\"caption\":\"Bellunopress\"},\"image\":{\"@id\":\"https:\\\/\\\/www.bellunopress.it\\\/#\\\/schema\\\/logo\\\/image\\\/\"},\"sameAs\":[\"https:\\\/\\\/www.facebook.com\\\/profile.php?id=100008943462799\",\"https:\\\/\\\/x.com\\\/bellunopress\",\"https:\\\/\\\/www.linkedin.com\\\/hp\\\/?dnr=JBzUWaJfMUw8vbXJJ2tVW5-I3jZKvC4wsoxE&amp;amp;amp;amp;amp;amp;trk=nav_responsive_tab_home\",\"https:\\\/\\\/www.youtube.com\\\/channel\\\/UCxL0wu1uN0_3_7hGG0306cw\"]},{\"@type\":\"Person\",\"@id\":\"https:\\\/\\\/www.bellunopress.it\\\/#\\\/schema\\\/person\\\/79bb06722b37ece1c03d3e94beb30d73\",\"name\":\"redazione\",\"image\":{\"@type\":\"ImageObject\",\"inLanguage\":\"fr-FR\",\"@id\":\"https:\\\/\\\/secure.gravatar.com\\\/avatar\\\/37d968a2e67a6fd04c169c4bdef102d0bc5d31b2546345219e348575eb80e9a0?s=96&d=mm&r=g\",\"url\":\"https:\\\/\\\/secure.gravatar.com\\\/avatar\\\/37d968a2e67a6fd04c169c4bdef102d0bc5d31b2546345219e348575eb80e9a0?s=96&d=mm&r=g\",\"contentUrl\":\"https:\\\/\\\/secure.gravatar.com\\\/avatar\\\/37d968a2e67a6fd04c169c4bdef102d0bc5d31b2546345219e348575eb80e9a0?s=96&d=mm&r=g\",\"caption\":\"redazione\"},\"sameAs\":[\"http:\\\/\\\/www.bellunopress.it\",\"https:\\\/\\\/x.com\\\/bellunopress\"],\"url\":\"https:\\\/\\\/www.bellunopress.it\\\/fr\\\/author\\\/redazione\\\/\"}]}<\/script>\n<!-- \/ Yoast SEO plugin. -->","yoast_head_json":{"title":"Mini naja. De Menech: \"Approvati i percorsi di formazione, ma mancano le risorse\" - Bellunopress - Dolomiti","robots":{"index":"index","follow":"follow","max-snippet":"max-snippet:-1","max-image-preview":"max-image-preview:large","max-video-preview":"max-video-preview:-1"},"canonical":"https:\/\/www.bellunopress.it\/fr\/2019\/03\/28\/mini-naja-de-menech-approvati-i-percorsi-di-formazione-ma-mancano-le-risorse\/","og_locale":"fr_FR","og_type":"article","og_title":"Mini naja. De Menech: \"Approvati i percorsi di formazione, ma mancano le risorse\" - Bellunopress - Dolomiti","og_description":"Roma, 28 marzo 2019 _ La Camera dei deputati ha approvato ieri il progetto di legge che prevede percorsi formativi in ambito militare per i giovani tra i 18 e i 22 anni. \u00ab\u00c8 un passo in avanti verso dal punto di vista culturale, sociale e di coesione nazionale. Tuttavia si \u00e8 persa l\u2019opportunit\u00e0 di [&hellip;]","og_url":"https:\/\/www.bellunopress.it\/fr\/2019\/03\/28\/mini-naja-de-menech-approvati-i-percorsi-di-formazione-ma-mancano-le-risorse\/","og_site_name":"Bellunopress - Dolomiti","article_publisher":"https:\/\/www.facebook.com\/profile.php?id=100008943462799","article_published_time":"2019-03-28T09:45:35+00:00","og_image":[{"url":"http:\/\/www.bellunopress.it\/wp-content\/uploads\/2013\/01\/roger-de-menech-1.jpg","type":"","width":"","height":""}],"author":"redazione","twitter_card":"summary_large_image","twitter_creator":"@bellunopress","twitter_site":"@bellunopress","twitter_misc":{"\u00c9crit par":"redazione","Dur\u00e9e de lecture estim\u00e9e":"2 minutes"},"schema":{"@context":"https:\/\/schema.org","@graph":[{"@type":"Article","@id":"https:\/\/www.bellunopress.it\/2019\/03\/28\/mini-naja-de-menech-approvati-i-percorsi-di-formazione-ma-mancano-le-risorse\/#article","isPartOf":{"@id":"https:\/\/www.bellunopress.it\/2019\/03\/28\/mini-naja-de-menech-approvati-i-percorsi-di-formazione-ma-mancano-le-risorse\/"},"author":{"name":"redazione","@id":"https:\/\/www.bellunopress.it\/#\/schema\/person\/79bb06722b37ece1c03d3e94beb30d73"},"headline":"Mini naja. De Menech: &#8220;Approvati i percorsi di formazione, ma mancano le risorse&#8221;","datePublished":"2019-03-28T09:45:35+00:00","mainEntityOfPage":{"@id":"https:\/\/www.bellunopress.it\/2019\/03\/28\/mini-naja-de-menech-approvati-i-percorsi-di-formazione-ma-mancano-le-risorse\/"},"wordCount":497,"publisher":{"@id":"https:\/\/www.bellunopress.it\/#organization"},"image":{"@id":"https:\/\/www.bellunopress.it\/2019\/03\/28\/mini-naja-de-menech-approvati-i-percorsi-di-formazione-ma-mancano-le-risorse\/#primaryimage"},"thumbnailUrl":"http:\/\/www.bellunopress.it\/wp-content\/uploads\/2013\/01\/roger-de-menech-1.jpg","articleSection":["Lettere Opinioni"],"inLanguage":"fr-FR"},{"@type":"WebPage","@id":"https:\/\/www.bellunopress.it\/2019\/03\/28\/mini-naja-de-menech-approvati-i-percorsi-di-formazione-ma-mancano-le-risorse\/","url":"https:\/\/www.bellunopress.it\/2019\/03\/28\/mini-naja-de-menech-approvati-i-percorsi-di-formazione-ma-mancano-le-risorse\/","name":"Mini naja. De Menech: \"Approvati i percorsi di formazione, ma mancano le risorse\" - Bellunopress - Dolomiti","isPartOf":{"@id":"https:\/\/www.bellunopress.it\/#website"},"primaryImageOfPage":{"@id":"https:\/\/www.bellunopress.it\/2019\/03\/28\/mini-naja-de-menech-approvati-i-percorsi-di-formazione-ma-mancano-le-risorse\/#primaryimage"},"image":{"@id":"https:\/\/www.bellunopress.it\/2019\/03\/28\/mini-naja-de-menech-approvati-i-percorsi-di-formazione-ma-mancano-le-risorse\/#primaryimage"},"thumbnailUrl":"http:\/\/www.bellunopress.it\/wp-content\/uploads\/2013\/01\/roger-de-menech-1.jpg","datePublished":"2019-03-28T09:45:35+00:00","breadcrumb":{"@id":"https:\/\/www.bellunopress.it\/2019\/03\/28\/mini-naja-de-menech-approvati-i-percorsi-di-formazione-ma-mancano-le-risorse\/#breadcrumb"},"inLanguage":"fr-FR","potentialAction":[{"@type":"ReadAction","target":["https:\/\/www.bellunopress.it\/2019\/03\/28\/mini-naja-de-menech-approvati-i-percorsi-di-formazione-ma-mancano-le-risorse\/"]}]},{"@type":"ImageObject","inLanguage":"fr-FR","@id":"https:\/\/www.bellunopress.it\/2019\/03\/28\/mini-naja-de-menech-approvati-i-percorsi-di-formazione-ma-mancano-le-risorse\/#primaryimage","url":"http:\/\/www.bellunopress.it\/wp-content\/uploads\/2013\/01\/roger-de-menech-1.jpg","contentUrl":"http:\/\/www.bellunopress.it\/wp-content\/uploads\/2013\/01\/roger-de-menech-1.jpg"},{"@type":"BreadcrumbList","@id":"https:\/\/www.bellunopress.it\/2019\/03\/28\/mini-naja-de-menech-approvati-i-percorsi-di-formazione-ma-mancano-le-risorse\/#breadcrumb","itemListElement":[{"@type":"ListItem","position":1,"name":"Home","item":"https:\/\/www.bellunopress.it\/"},{"@type":"ListItem","position":2,"name":"Mini naja. De Menech: &#8220;Approvati i percorsi di formazione, ma mancano le risorse&#8221;"}]},{"@type":"WebSite","@id":"https:\/\/www.bellunopress.it\/#website","url":"https:\/\/www.bellunopress.it\/","name":"Bellunopress - Dolomiti","description":"e-mail: redazione@bellunopress.it","publisher":{"@id":"https:\/\/www.bellunopress.it\/#organization"},"potentialAction":[{"@type":"SearchAction","target":{"@type":"EntryPoint","urlTemplate":"https:\/\/www.bellunopress.it\/?s={search_term_string}"},"query-input":{"@type":"PropertyValueSpecification","valueRequired":true,"valueName":"search_term_string"}}],"inLanguage":"fr-FR"},{"@type":"Organization","@id":"https:\/\/www.bellunopress.it\/#organization","name":"Bellunopress","url":"https:\/\/www.bellunopress.it\/","logo":{"@type":"ImageObject","inLanguage":"fr-FR","@id":"https:\/\/www.bellunopress.it\/#\/schema\/logo\/image\/","url":"https:\/\/www.bellunopress.it\/wp-content\/uploads\/2011\/05\/cropped-logo-bellunopress-.jpg","contentUrl":"https:\/\/www.bellunopress.it\/wp-content\/uploads\/2011\/05\/cropped-logo-bellunopress-.jpg","width":512,"height":512,"caption":"Bellunopress"},"image":{"@id":"https:\/\/www.bellunopress.it\/#\/schema\/logo\/image\/"},"sameAs":["https:\/\/www.facebook.com\/profile.php?id=100008943462799","https:\/\/x.com\/bellunopress","https:\/\/www.linkedin.com\/hp\/?dnr=JBzUWaJfMUw8vbXJJ2tVW5-I3jZKvC4wsoxE&amp;amp;amp;amp;amp;amp;trk=nav_responsive_tab_home","https:\/\/www.youtube.com\/channel\/UCxL0wu1uN0_3_7hGG0306cw"]},{"@type":"Person","@id":"https:\/\/www.bellunopress.it\/#\/schema\/person\/79bb06722b37ece1c03d3e94beb30d73","name":"r\u00e9daction","image":{"@type":"ImageObject","inLanguage":"fr-FR","@id":"https:\/\/secure.gravatar.com\/avatar\/37d968a2e67a6fd04c169c4bdef102d0bc5d31b2546345219e348575eb80e9a0?s=96&d=mm&r=g","url":"https:\/\/secure.gravatar.com\/avatar\/37d968a2e67a6fd04c169c4bdef102d0bc5d31b2546345219e348575eb80e9a0?s=96&d=mm&r=g","contentUrl":"https:\/\/secure.gravatar.com\/avatar\/37d968a2e67a6fd04c169c4bdef102d0bc5d31b2546345219e348575eb80e9a0?s=96&d=mm&r=g","caption":"redazione"},"sameAs":["http:\/\/www.bellunopress.it","https:\/\/x.com\/bellunopress"],"url":"https:\/\/www.bellunopress.it\/fr\/author\/redazione\/"}]}},"_links":{"self":[{"href":"https:\/\/www.bellunopress.it\/fr\/wp-json\/wp\/v2\/posts\/103270","targetHints":{"allow":["GET"]}}],"collection":[{"href":"https:\/\/www.bellunopress.it\/fr\/wp-json\/wp\/v2\/posts"}],"about":[{"href":"https:\/\/www.bellunopress.it\/fr\/wp-json\/wp\/v2\/types\/post"}],"author":[{"embeddable":true,"href":"https:\/\/www.bellunopress.it\/fr\/wp-json\/wp\/v2\/users\/2"}],"replies":[{"embeddable":true,"href":"https:\/\/www.bellunopress.it\/fr\/wp-json\/wp\/v2\/comments?post=103270"}],"version-history":[{"count":1,"href":"https:\/\/www.bellunopress.it\/fr\/wp-json\/wp\/v2\/posts\/103270\/revisions"}],"predecessor-version":[{"id":103271,"href":"https:\/\/www.bellunopress.it\/fr\/wp-json\/wp\/v2\/posts\/103270\/revisions\/103271"}],"wp:attachment":[{"href":"https:\/\/www.bellunopress.it\/fr\/wp-json\/wp\/v2\/media?parent=103270"}],"wp:term":[{"taxonomy":"category","embeddable":true,"href":"https:\/\/www.bellunopress.it\/fr\/wp-json\/wp\/v2\/categories?post=103270"},{"taxonomy":"post_tag","embeddable":true,"href":"https:\/\/www.bellunopress.it\/fr\/wp-json\/wp\/v2\/tags?post=103270"}],"curies":[{"name":"wp","href":"https:\/\/api.w.org\/{rel}","templated":true}]}}