{"id":103268,"date":"2019-03-28T09:45:53","date_gmt":"2019-03-28T08:45:53","guid":{"rendered":"http:\/\/www.bellunopress.it\/?p=103268"},"modified":"2019-03-28T09:45:53","modified_gmt":"2019-03-28T08:45:53","slug":"sinistri-stradali-cassazione-i-genitori-devono-essere-risarciti-per-il-danno-non-patrimoniale-esistenziale-e-morale-subiti-dai-figli","status":"publish","type":"post","link":"https:\/\/www.bellunopress.it\/fr\/2019\/03\/28\/sinistri-stradali-cassazione-i-genitori-devono-essere-risarciti-per-il-danno-non-patrimoniale-esistenziale-e-morale-subiti-dai-figli\/","title":{"rendered":"Sinistri stradali. Cassazione: i genitori devono essere risarciti per il danno non patrimoniale esistenziale e morale sub\u00ecti dai figli\u00a0"},"content":{"rendered":"<p><a href=\"http:\/\/www.bellunopress.it\/fr\/2016\/08\/11\/bollo-auto-ultraventennali-la-corte-costituzionale-bacchetta-le-regioni-la-tassa-va-pagata\/sentenza-giustizia\/\" rel=\"attachment wp-att-79908\"><img loading=\"lazy\" decoding=\"async\" class=\"alignleft size-full wp-image-79908\" src=\"http:\/\/www.bellunopress.it\/wp-content\/uploads\/2016\/08\/sentenza-giustizia.jpg\" alt=\"\" width=\"190\" height=\"167\" \/><\/a>I genitori hanno diritto di vedersi risarcito il danno non patrimoniale nel caso in cui il proprio figlio sia rimasto invalido a causa di un incidente stradale anche quando i postumi riportati dall\u2019invalido non richiedono una costante assistenza morale e materiale. Non basta soffermarsi sugli aspetti dinamico-relazionali conseguenti al trauma, ma dev\u2019essere valorizzata anche la sofferenza interna dei congiunti, che pu\u00f2 essere accertata anche sulla base di indizi e presunzioni. Peraltro, i viaggi di cura e le spese mediche sostenute possono essere liquidate secondo equit\u00e0 in tutti i casi in cui le lesioni superino la soglia della \u201cmicropermanenza\u201d.<\/p>\n<p>A stabilire questi importanti principi \u00e8 la Cassazione Civile con l\u2019ordinanza 8442\/19, pubblicata il 27 marzo 2019 che per Giovanni D&#8217;Agata, presidente dello \u201cSportello dei Diritti\u201d, potr\u00e0 avere importanti riflessi in materia del risarcimento del danno da sinistro stradale in tutte quelle ipotesi nelle quali le conseguenze, seppur gravi, non hanno effetti completamente sconvolgenti come nei casi di invalidit\u00e0 assoluta o comunque prossima alla totale.<\/p>\n<p>Nella fattispecie, i giudici dalla terza sezione civile hanno accolto due motivi di ricorso dei genitori della danneggiata, vittima di un pauroso incidente in Prato con un autocarro mentre era alla guida di un ciclomotore. Per gli ermellini erra la Corte d\u2019appello di Firenze a escludere il danno non patrimoniale in favore dei genitori sul mero rilievo che l\u2019invalidit\u00e0 permanente della figlia non comprometterebbe lo svolgimento delle relazioni parentali perch\u00e9 non di \u00abdevastante\u00bb entit\u00e0. Il pregiudizio non patrimoniale, infatti, non comprende soltanto il cambiamento in peggio della vita quotidiana, dunque il cosiddetto danno \u201cesistenziale\u201d, ma anche una sofferenza interiore che trova causa immediata e diretta nel fatto dannoso. Non vi \u00e8 dubbio, infatti, che si tratti di una particolare situazione affettiva che non pu\u00f2 essere accertata con metodi scientifici. Ma il pi\u00f9 delle volte anche indizi e presunzioni da soli possono risultare decisivi per stabilirne la configurabilit\u00e0. Infine, anchei viaggi e le spese per le cure mediche pur non essendo dimostrate nel loro preciso ammontare possono essere liquidate ai sensi dell\u2019articolo 1226 del codice civile non solo quando le lesioni siano state \u00abdevastanti\u00bb ma anche in tutti i casi nei quali superano la soglia della \u00abmicropermanenza\u00bb.<\/p>","protected":false},"excerpt":{"rendered":"<p>I genitori hanno diritto di vedersi risarcito il danno non patrimoniale nel caso in cui il proprio figlio sia rimasto invalido a causa di un incidente stradale anche quando i postumi riportati dall\u2019invalido non richiedono una costante assistenza morale e materiale. Non basta soffermarsi sugli aspetti dinamico-relazionali conseguenti al trauma, ma dev\u2019essere valorizzata anche la [&hellip;]<\/p>\n","protected":false},"author":2,"featured_media":0,"comment_status":"closed","ping_status":"open","sticky":false,"template":"","format":"standard","meta":{"footnotes":""},"categories":[26,8],"tags":[],"class_list":["post-103268","post","type-post","status-publish","format-standard","category-prima-pagina","category-societa-istituzioni"],"yoast_head":"<!-- This site is optimized with the Yoast SEO plugin v28.4 - https:\/\/yoast.com\/product\/yoast-seo-wordpress\/ -->\n<title>Sinistri stradali. Cassazione: i genitori devono essere risarciti per il danno non patrimoniale esistenziale e morale sub\u00ecti dai figli\u00a0 - Bellunopress - Dolomiti<\/title>\n<meta name=\"robots\" content=\"index, follow, max-snippet:-1, max-image-preview:large, max-video-preview:-1\" \/>\n<link rel=\"canonical\" href=\"https:\/\/www.bellunopress.it\/fr\/2019\/03\/28\/sinistri-stradali-cassazione-i-genitori-devono-essere-risarciti-per-il-danno-non-patrimoniale-esistenziale-e-morale-subiti-dai-figli\/\" \/>\n<meta property=\"og:locale\" content=\"fr_FR\" \/>\n<meta property=\"og:type\" content=\"article\" \/>\n<meta property=\"og:title\" content=\"Sinistri stradali. Cassazione: i genitori devono essere risarciti per il danno non patrimoniale esistenziale e morale sub\u00ecti dai figli\u00a0 - Bellunopress - Dolomiti\" \/>\n<meta property=\"og:description\" content=\"I genitori hanno diritto di vedersi risarcito il danno non patrimoniale nel caso in cui il proprio figlio sia rimasto invalido a causa di un incidente stradale anche quando i postumi riportati dall\u2019invalido non richiedono una costante assistenza morale e materiale. Non basta soffermarsi sugli aspetti dinamico-relazionali conseguenti al trauma, ma dev\u2019essere valorizzata anche la [&hellip;]\" \/>\n<meta property=\"og:url\" content=\"https:\/\/www.bellunopress.it\/fr\/2019\/03\/28\/sinistri-stradali-cassazione-i-genitori-devono-essere-risarciti-per-il-danno-non-patrimoniale-esistenziale-e-morale-subiti-dai-figli\/\" \/>\n<meta property=\"og:site_name\" content=\"Bellunopress - Dolomiti\" \/>\n<meta property=\"article:publisher\" content=\"https:\/\/www.facebook.com\/profile.php?id=100008943462799\" \/>\n<meta property=\"article:published_time\" content=\"2019-03-28T08:45:53+00:00\" \/>\n<meta property=\"og:image\" content=\"http:\/\/www.bellunopress.it\/wp-content\/uploads\/2016\/08\/sentenza-giustizia.jpg\" \/>\n<meta name=\"author\" content=\"redazione\" \/>\n<meta name=\"twitter:card\" content=\"summary_large_image\" \/>\n<meta name=\"twitter:creator\" content=\"@bellunopress\" \/>\n<meta name=\"twitter:site\" content=\"@bellunopress\" \/>\n<meta name=\"twitter:label1\" content=\"\u00c9crit par\" \/>\n\t<meta name=\"twitter:data1\" content=\"redazione\" \/>\n\t<meta name=\"twitter:label2\" content=\"Dur\u00e9e de lecture estim\u00e9e\" \/>\n\t<meta name=\"twitter:data2\" content=\"2 minutes\" \/>\n<script type=\"application\/ld+json\" class=\"yoast-schema-graph\">{\"@context\":\"https:\\\/\\\/schema.org\",\"@graph\":[{\"@type\":\"Article\",\"@id\":\"https:\\\/\\\/www.bellunopress.it\\\/2019\\\/03\\\/28\\\/sinistri-stradali-cassazione-i-genitori-devono-essere-risarciti-per-il-danno-non-patrimoniale-esistenziale-e-morale-subiti-dai-figli\\\/#article\",\"isPartOf\":{\"@id\":\"https:\\\/\\\/www.bellunopress.it\\\/2019\\\/03\\\/28\\\/sinistri-stradali-cassazione-i-genitori-devono-essere-risarciti-per-il-danno-non-patrimoniale-esistenziale-e-morale-subiti-dai-figli\\\/\"},\"author\":{\"name\":\"redazione\",\"@id\":\"https:\\\/\\\/www.bellunopress.it\\\/#\\\/schema\\\/person\\\/79bb06722b37ece1c03d3e94beb30d73\"},\"headline\":\"Sinistri stradali. Cassazione: i genitori devono essere risarciti per il danno non patrimoniale esistenziale e morale sub\u00ecti dai figli\u00a0\",\"datePublished\":\"2019-03-28T08:45:53+00:00\",\"mainEntityOfPage\":{\"@id\":\"https:\\\/\\\/www.bellunopress.it\\\/2019\\\/03\\\/28\\\/sinistri-stradali-cassazione-i-genitori-devono-essere-risarciti-per-il-danno-non-patrimoniale-esistenziale-e-morale-subiti-dai-figli\\\/\"},\"wordCount\":380,\"publisher\":{\"@id\":\"https:\\\/\\\/www.bellunopress.it\\\/#organization\"},\"image\":{\"@id\":\"https:\\\/\\\/www.bellunopress.it\\\/2019\\\/03\\\/28\\\/sinistri-stradali-cassazione-i-genitori-devono-essere-risarciti-per-il-danno-non-patrimoniale-esistenziale-e-morale-subiti-dai-figli\\\/#primaryimage\"},\"thumbnailUrl\":\"http:\\\/\\\/www.bellunopress.it\\\/wp-content\\\/uploads\\\/2016\\\/08\\\/sentenza-giustizia.jpg\",\"articleSection\":[\"Prima Pagina\",\"Societ\u00e0, Associazioni, Istituzioni\"],\"inLanguage\":\"fr-FR\"},{\"@type\":\"WebPage\",\"@id\":\"https:\\\/\\\/www.bellunopress.it\\\/2019\\\/03\\\/28\\\/sinistri-stradali-cassazione-i-genitori-devono-essere-risarciti-per-il-danno-non-patrimoniale-esistenziale-e-morale-subiti-dai-figli\\\/\",\"url\":\"https:\\\/\\\/www.bellunopress.it\\\/2019\\\/03\\\/28\\\/sinistri-stradali-cassazione-i-genitori-devono-essere-risarciti-per-il-danno-non-patrimoniale-esistenziale-e-morale-subiti-dai-figli\\\/\",\"name\":\"Sinistri stradali. Cassazione: i genitori devono essere risarciti per il danno non patrimoniale esistenziale e morale sub\u00ecti dai figli\u00a0 - Bellunopress - Dolomiti\",\"isPartOf\":{\"@id\":\"https:\\\/\\\/www.bellunopress.it\\\/#website\"},\"primaryImageOfPage\":{\"@id\":\"https:\\\/\\\/www.bellunopress.it\\\/2019\\\/03\\\/28\\\/sinistri-stradali-cassazione-i-genitori-devono-essere-risarciti-per-il-danno-non-patrimoniale-esistenziale-e-morale-subiti-dai-figli\\\/#primaryimage\"},\"image\":{\"@id\":\"https:\\\/\\\/www.bellunopress.it\\\/2019\\\/03\\\/28\\\/sinistri-stradali-cassazione-i-genitori-devono-essere-risarciti-per-il-danno-non-patrimoniale-esistenziale-e-morale-subiti-dai-figli\\\/#primaryimage\"},\"thumbnailUrl\":\"http:\\\/\\\/www.bellunopress.it\\\/wp-content\\\/uploads\\\/2016\\\/08\\\/sentenza-giustizia.jpg\",\"datePublished\":\"2019-03-28T08:45:53+00:00\",\"breadcrumb\":{\"@id\":\"https:\\\/\\\/www.bellunopress.it\\\/2019\\\/03\\\/28\\\/sinistri-stradali-cassazione-i-genitori-devono-essere-risarciti-per-il-danno-non-patrimoniale-esistenziale-e-morale-subiti-dai-figli\\\/#breadcrumb\"},\"inLanguage\":\"fr-FR\",\"potentialAction\":[{\"@type\":\"ReadAction\",\"target\":[\"https:\\\/\\\/www.bellunopress.it\\\/2019\\\/03\\\/28\\\/sinistri-stradali-cassazione-i-genitori-devono-essere-risarciti-per-il-danno-non-patrimoniale-esistenziale-e-morale-subiti-dai-figli\\\/\"]}]},{\"@type\":\"ImageObject\",\"inLanguage\":\"fr-FR\",\"@id\":\"https:\\\/\\\/www.bellunopress.it\\\/2019\\\/03\\\/28\\\/sinistri-stradali-cassazione-i-genitori-devono-essere-risarciti-per-il-danno-non-patrimoniale-esistenziale-e-morale-subiti-dai-figli\\\/#primaryimage\",\"url\":\"http:\\\/\\\/www.bellunopress.it\\\/wp-content\\\/uploads\\\/2016\\\/08\\\/sentenza-giustizia.jpg\",\"contentUrl\":\"http:\\\/\\\/www.bellunopress.it\\\/wp-content\\\/uploads\\\/2016\\\/08\\\/sentenza-giustizia.jpg\"},{\"@type\":\"BreadcrumbList\",\"@id\":\"https:\\\/\\\/www.bellunopress.it\\\/2019\\\/03\\\/28\\\/sinistri-stradali-cassazione-i-genitori-devono-essere-risarciti-per-il-danno-non-patrimoniale-esistenziale-e-morale-subiti-dai-figli\\\/#breadcrumb\",\"itemListElement\":[{\"@type\":\"ListItem\",\"position\":1,\"name\":\"Home\",\"item\":\"https:\\\/\\\/www.bellunopress.it\\\/\"},{\"@type\":\"ListItem\",\"position\":2,\"name\":\"Sinistri stradali. Cassazione: i genitori devono essere risarciti per il danno non patrimoniale esistenziale e morale sub\u00ecti dai figli\u00a0\"}]},{\"@type\":\"WebSite\",\"@id\":\"https:\\\/\\\/www.bellunopress.it\\\/#website\",\"url\":\"https:\\\/\\\/www.bellunopress.it\\\/\",\"name\":\"Bellunopress - Dolomiti\",\"description\":\"e-mail: redazione@bellunopress.it\",\"publisher\":{\"@id\":\"https:\\\/\\\/www.bellunopress.it\\\/#organization\"},\"potentialAction\":[{\"@type\":\"SearchAction\",\"target\":{\"@type\":\"EntryPoint\",\"urlTemplate\":\"https:\\\/\\\/www.bellunopress.it\\\/?s={search_term_string}\"},\"query-input\":{\"@type\":\"PropertyValueSpecification\",\"valueRequired\":true,\"valueName\":\"search_term_string\"}}],\"inLanguage\":\"fr-FR\"},{\"@type\":\"Organization\",\"@id\":\"https:\\\/\\\/www.bellunopress.it\\\/#organization\",\"name\":\"Bellunopress\",\"url\":\"https:\\\/\\\/www.bellunopress.it\\\/\",\"logo\":{\"@type\":\"ImageObject\",\"inLanguage\":\"fr-FR\",\"@id\":\"https:\\\/\\\/www.bellunopress.it\\\/#\\\/schema\\\/logo\\\/image\\\/\",\"url\":\"https:\\\/\\\/www.bellunopress.it\\\/wp-content\\\/uploads\\\/2011\\\/05\\\/cropped-logo-bellunopress-.jpg\",\"contentUrl\":\"https:\\\/\\\/www.bellunopress.it\\\/wp-content\\\/uploads\\\/2011\\\/05\\\/cropped-logo-bellunopress-.jpg\",\"width\":512,\"height\":512,\"caption\":\"Bellunopress\"},\"image\":{\"@id\":\"https:\\\/\\\/www.bellunopress.it\\\/#\\\/schema\\\/logo\\\/image\\\/\"},\"sameAs\":[\"https:\\\/\\\/www.facebook.com\\\/profile.php?id=100008943462799\",\"https:\\\/\\\/x.com\\\/bellunopress\",\"https:\\\/\\\/www.linkedin.com\\\/hp\\\/?dnr=JBzUWaJfMUw8vbXJJ2tVW5-I3jZKvC4wsoxE&amp;amp;amp;amp;amp;amp;trk=nav_responsive_tab_home\",\"https:\\\/\\\/www.youtube.com\\\/channel\\\/UCxL0wu1uN0_3_7hGG0306cw\"]},{\"@type\":\"Person\",\"@id\":\"https:\\\/\\\/www.bellunopress.it\\\/#\\\/schema\\\/person\\\/79bb06722b37ece1c03d3e94beb30d73\",\"name\":\"redazione\",\"image\":{\"@type\":\"ImageObject\",\"inLanguage\":\"fr-FR\",\"@id\":\"https:\\\/\\\/secure.gravatar.com\\\/avatar\\\/37d968a2e67a6fd04c169c4bdef102d0bc5d31b2546345219e348575eb80e9a0?s=96&d=mm&r=g\",\"url\":\"https:\\\/\\\/secure.gravatar.com\\\/avatar\\\/37d968a2e67a6fd04c169c4bdef102d0bc5d31b2546345219e348575eb80e9a0?s=96&d=mm&r=g\",\"contentUrl\":\"https:\\\/\\\/secure.gravatar.com\\\/avatar\\\/37d968a2e67a6fd04c169c4bdef102d0bc5d31b2546345219e348575eb80e9a0?s=96&d=mm&r=g\",\"caption\":\"redazione\"},\"sameAs\":[\"http:\\\/\\\/www.bellunopress.it\",\"https:\\\/\\\/x.com\\\/bellunopress\"],\"url\":\"https:\\\/\\\/www.bellunopress.it\\\/fr\\\/author\\\/redazione\\\/\"}]}<\/script>\n<!-- \/ Yoast SEO plugin. -->","yoast_head_json":{"title":"Sinistri stradali. Cassazione: i genitori devono essere risarciti per il danno non patrimoniale esistenziale e morale sub\u00ecti dai figli\u00a0 - Bellunopress - Dolomiti","robots":{"index":"index","follow":"follow","max-snippet":"max-snippet:-1","max-image-preview":"max-image-preview:large","max-video-preview":"max-video-preview:-1"},"canonical":"https:\/\/www.bellunopress.it\/fr\/2019\/03\/28\/sinistri-stradali-cassazione-i-genitori-devono-essere-risarciti-per-il-danno-non-patrimoniale-esistenziale-e-morale-subiti-dai-figli\/","og_locale":"fr_FR","og_type":"article","og_title":"Sinistri stradali. Cassazione: i genitori devono essere risarciti per il danno non patrimoniale esistenziale e morale sub\u00ecti dai figli\u00a0 - Bellunopress - Dolomiti","og_description":"I genitori hanno diritto di vedersi risarcito il danno non patrimoniale nel caso in cui il proprio figlio sia rimasto invalido a causa di un incidente stradale anche quando i postumi riportati dall\u2019invalido non richiedono una costante assistenza morale e materiale. Non basta soffermarsi sugli aspetti dinamico-relazionali conseguenti al trauma, ma dev\u2019essere valorizzata anche la [&hellip;]","og_url":"https:\/\/www.bellunopress.it\/fr\/2019\/03\/28\/sinistri-stradali-cassazione-i-genitori-devono-essere-risarciti-per-il-danno-non-patrimoniale-esistenziale-e-morale-subiti-dai-figli\/","og_site_name":"Bellunopress - Dolomiti","article_publisher":"https:\/\/www.facebook.com\/profile.php?id=100008943462799","article_published_time":"2019-03-28T08:45:53+00:00","og_image":[{"url":"http:\/\/www.bellunopress.it\/wp-content\/uploads\/2016\/08\/sentenza-giustizia.jpg","type":"","width":"","height":""}],"author":"redazione","twitter_card":"summary_large_image","twitter_creator":"@bellunopress","twitter_site":"@bellunopress","twitter_misc":{"\u00c9crit par":"redazione","Dur\u00e9e de lecture estim\u00e9e":"2 minutes"},"schema":{"@context":"https:\/\/schema.org","@graph":[{"@type":"Article","@id":"https:\/\/www.bellunopress.it\/2019\/03\/28\/sinistri-stradali-cassazione-i-genitori-devono-essere-risarciti-per-il-danno-non-patrimoniale-esistenziale-e-morale-subiti-dai-figli\/#article","isPartOf":{"@id":"https:\/\/www.bellunopress.it\/2019\/03\/28\/sinistri-stradali-cassazione-i-genitori-devono-essere-risarciti-per-il-danno-non-patrimoniale-esistenziale-e-morale-subiti-dai-figli\/"},"author":{"name":"redazione","@id":"https:\/\/www.bellunopress.it\/#\/schema\/person\/79bb06722b37ece1c03d3e94beb30d73"},"headline":"Sinistri stradali. Cassazione: i genitori devono essere risarciti per il danno non patrimoniale esistenziale e morale sub\u00ecti dai figli\u00a0","datePublished":"2019-03-28T08:45:53+00:00","mainEntityOfPage":{"@id":"https:\/\/www.bellunopress.it\/2019\/03\/28\/sinistri-stradali-cassazione-i-genitori-devono-essere-risarciti-per-il-danno-non-patrimoniale-esistenziale-e-morale-subiti-dai-figli\/"},"wordCount":380,"publisher":{"@id":"https:\/\/www.bellunopress.it\/#organization"},"image":{"@id":"https:\/\/www.bellunopress.it\/2019\/03\/28\/sinistri-stradali-cassazione-i-genitori-devono-essere-risarciti-per-il-danno-non-patrimoniale-esistenziale-e-morale-subiti-dai-figli\/#primaryimage"},"thumbnailUrl":"http:\/\/www.bellunopress.it\/wp-content\/uploads\/2016\/08\/sentenza-giustizia.jpg","articleSection":["Prima Pagina","Societ\u00e0, Associazioni, Istituzioni"],"inLanguage":"fr-FR"},{"@type":"WebPage","@id":"https:\/\/www.bellunopress.it\/2019\/03\/28\/sinistri-stradali-cassazione-i-genitori-devono-essere-risarciti-per-il-danno-non-patrimoniale-esistenziale-e-morale-subiti-dai-figli\/","url":"https:\/\/www.bellunopress.it\/2019\/03\/28\/sinistri-stradali-cassazione-i-genitori-devono-essere-risarciti-per-il-danno-non-patrimoniale-esistenziale-e-morale-subiti-dai-figli\/","name":"Sinistri stradali. Cassazione: i genitori devono essere risarciti per il danno non patrimoniale esistenziale e morale sub\u00ecti dai figli\u00a0 - Bellunopress - Dolomiti","isPartOf":{"@id":"https:\/\/www.bellunopress.it\/#website"},"primaryImageOfPage":{"@id":"https:\/\/www.bellunopress.it\/2019\/03\/28\/sinistri-stradali-cassazione-i-genitori-devono-essere-risarciti-per-il-danno-non-patrimoniale-esistenziale-e-morale-subiti-dai-figli\/#primaryimage"},"image":{"@id":"https:\/\/www.bellunopress.it\/2019\/03\/28\/sinistri-stradali-cassazione-i-genitori-devono-essere-risarciti-per-il-danno-non-patrimoniale-esistenziale-e-morale-subiti-dai-figli\/#primaryimage"},"thumbnailUrl":"http:\/\/www.bellunopress.it\/wp-content\/uploads\/2016\/08\/sentenza-giustizia.jpg","datePublished":"2019-03-28T08:45:53+00:00","breadcrumb":{"@id":"https:\/\/www.bellunopress.it\/2019\/03\/28\/sinistri-stradali-cassazione-i-genitori-devono-essere-risarciti-per-il-danno-non-patrimoniale-esistenziale-e-morale-subiti-dai-figli\/#breadcrumb"},"inLanguage":"fr-FR","potentialAction":[{"@type":"ReadAction","target":["https:\/\/www.bellunopress.it\/2019\/03\/28\/sinistri-stradali-cassazione-i-genitori-devono-essere-risarciti-per-il-danno-non-patrimoniale-esistenziale-e-morale-subiti-dai-figli\/"]}]},{"@type":"ImageObject","inLanguage":"fr-FR","@id":"https:\/\/www.bellunopress.it\/2019\/03\/28\/sinistri-stradali-cassazione-i-genitori-devono-essere-risarciti-per-il-danno-non-patrimoniale-esistenziale-e-morale-subiti-dai-figli\/#primaryimage","url":"http:\/\/www.bellunopress.it\/wp-content\/uploads\/2016\/08\/sentenza-giustizia.jpg","contentUrl":"http:\/\/www.bellunopress.it\/wp-content\/uploads\/2016\/08\/sentenza-giustizia.jpg"},{"@type":"BreadcrumbList","@id":"https:\/\/www.bellunopress.it\/2019\/03\/28\/sinistri-stradali-cassazione-i-genitori-devono-essere-risarciti-per-il-danno-non-patrimoniale-esistenziale-e-morale-subiti-dai-figli\/#breadcrumb","itemListElement":[{"@type":"ListItem","position":1,"name":"Home","item":"https:\/\/www.bellunopress.it\/"},{"@type":"ListItem","position":2,"name":"Sinistri stradali. Cassazione: i genitori devono essere risarciti per il danno non patrimoniale esistenziale e morale sub\u00ecti dai figli\u00a0"}]},{"@type":"WebSite","@id":"https:\/\/www.bellunopress.it\/#website","url":"https:\/\/www.bellunopress.it\/","name":"Bellunopress - Dolomiti","description":"e-mail: redazione@bellunopress.it","publisher":{"@id":"https:\/\/www.bellunopress.it\/#organization"},"potentialAction":[{"@type":"SearchAction","target":{"@type":"EntryPoint","urlTemplate":"https:\/\/www.bellunopress.it\/?s={search_term_string}"},"query-input":{"@type":"PropertyValueSpecification","valueRequired":true,"valueName":"search_term_string"}}],"inLanguage":"fr-FR"},{"@type":"Organization","@id":"https:\/\/www.bellunopress.it\/#organization","name":"Bellunopress","url":"https:\/\/www.bellunopress.it\/","logo":{"@type":"ImageObject","inLanguage":"fr-FR","@id":"https:\/\/www.bellunopress.it\/#\/schema\/logo\/image\/","url":"https:\/\/www.bellunopress.it\/wp-content\/uploads\/2011\/05\/cropped-logo-bellunopress-.jpg","contentUrl":"https:\/\/www.bellunopress.it\/wp-content\/uploads\/2011\/05\/cropped-logo-bellunopress-.jpg","width":512,"height":512,"caption":"Bellunopress"},"image":{"@id":"https:\/\/www.bellunopress.it\/#\/schema\/logo\/image\/"},"sameAs":["https:\/\/www.facebook.com\/profile.php?id=100008943462799","https:\/\/x.com\/bellunopress","https:\/\/www.linkedin.com\/hp\/?dnr=JBzUWaJfMUw8vbXJJ2tVW5-I3jZKvC4wsoxE&amp;amp;amp;amp;amp;amp;trk=nav_responsive_tab_home","https:\/\/www.youtube.com\/channel\/UCxL0wu1uN0_3_7hGG0306cw"]},{"@type":"Person","@id":"https:\/\/www.bellunopress.it\/#\/schema\/person\/79bb06722b37ece1c03d3e94beb30d73","name":"r\u00e9daction","image":{"@type":"ImageObject","inLanguage":"fr-FR","@id":"https:\/\/secure.gravatar.com\/avatar\/37d968a2e67a6fd04c169c4bdef102d0bc5d31b2546345219e348575eb80e9a0?s=96&d=mm&r=g","url":"https:\/\/secure.gravatar.com\/avatar\/37d968a2e67a6fd04c169c4bdef102d0bc5d31b2546345219e348575eb80e9a0?s=96&d=mm&r=g","contentUrl":"https:\/\/secure.gravatar.com\/avatar\/37d968a2e67a6fd04c169c4bdef102d0bc5d31b2546345219e348575eb80e9a0?s=96&d=mm&r=g","caption":"redazione"},"sameAs":["http:\/\/www.bellunopress.it","https:\/\/x.com\/bellunopress"],"url":"https:\/\/www.bellunopress.it\/fr\/author\/redazione\/"}]}},"_links":{"self":[{"href":"https:\/\/www.bellunopress.it\/fr\/wp-json\/wp\/v2\/posts\/103268","targetHints":{"allow":["GET"]}}],"collection":[{"href":"https:\/\/www.bellunopress.it\/fr\/wp-json\/wp\/v2\/posts"}],"about":[{"href":"https:\/\/www.bellunopress.it\/fr\/wp-json\/wp\/v2\/types\/post"}],"author":[{"embeddable":true,"href":"https:\/\/www.bellunopress.it\/fr\/wp-json\/wp\/v2\/users\/2"}],"replies":[{"embeddable":true,"href":"https:\/\/www.bellunopress.it\/fr\/wp-json\/wp\/v2\/comments?post=103268"}],"version-history":[{"count":1,"href":"https:\/\/www.bellunopress.it\/fr\/wp-json\/wp\/v2\/posts\/103268\/revisions"}],"predecessor-version":[{"id":103269,"href":"https:\/\/www.bellunopress.it\/fr\/wp-json\/wp\/v2\/posts\/103268\/revisions\/103269"}],"wp:attachment":[{"href":"https:\/\/www.bellunopress.it\/fr\/wp-json\/wp\/v2\/media?parent=103268"}],"wp:term":[{"taxonomy":"category","embeddable":true,"href":"https:\/\/www.bellunopress.it\/fr\/wp-json\/wp\/v2\/categories?post=103268"},{"taxonomy":"post_tag","embeddable":true,"href":"https:\/\/www.bellunopress.it\/fr\/wp-json\/wp\/v2\/tags?post=103268"}],"curies":[{"name":"wp","href":"https:\/\/api.w.org\/{rel}","templated":true}]}}