{"id":103248,"date":"2019-03-27T18:34:09","date_gmt":"2019-03-27T17:34:09","guid":{"rendered":"http:\/\/www.bellunopress.it\/?p=103248"},"modified":"2019-03-28T07:36:22","modified_gmt":"2019-03-28T06:36:22","slug":"approvata-la-legge-per-i-6-mesi-di-mini-naja-volontaria-bond-unoccasione-per-i-ragazzi-una-risorsa-per-la-montagna","status":"publish","type":"post","link":"https:\/\/www.bellunopress.it\/fr\/2019\/03\/27\/approvata-la-legge-per-i-6-mesi-di-mini-naja-volontaria-bond-unoccasione-per-i-ragazzi-una-risorsa-per-la-montagna\/","title":{"rendered":"Approvato alla Camera il pdl per i 6 mesi di mini-naja volontaria. Bond: &#8220;Un&#8217;occasione per i ragazzi, una risorsa per la montagna&#8221;"},"content":{"rendered":"<p><a href=\"http:\/\/www.bellunopress.it\/fr\/2018\/10\/07\/agricoltura-bond-proposta-di-legge-disattesa-dal-governo-per-istituire-il-ministero-del-cibo\/dario-bond-4\/\" rel=\"attachment wp-att-98465\"><img loading=\"lazy\" decoding=\"async\" class=\"alignleft size-full wp-image-98465\" src=\"http:\/\/www.bellunopress.it\/wp-content\/uploads\/2018\/10\/Dario-Bond.jpg\" alt=\"\" width=\"239\" height=\"290\" \/><\/a>\u00abLo avevo annunciato all\u2019assemblea degli Alpini di Feltre e di Belluno, e oggi il progetto di legge, voluto da me e da Forza Italia, che riguarda l\u2019istituzione di percorsi formativi in ambito militare per i ragazzi \u00e8 stato approvato\u00bb.<\/p>\n<p>Lo annuncia il deputato di Forza Italia, Dario Bond, che \u00e8 tra i firmatari dell\u2019iniziativa di legge.<\/p>\n<p>\u00abCon grande soddisfazione voglio ricordare i punti salienti di questi progetto\u00bb continua Dario Bond. \u00abPossono fare domanda tutti i giovani dai 18 ai 22 anni. I percorsi di formazione durano sei mesi e vengono effettuati in centri di addestramento altamente professionali dell\u2019esercito e in accademie militari. Questi percorsi possono anche<br \/>\ncostituire l\u2019inizio di una carriera militare e rilasciano un attestato che dichiara che il soggetto \u00e8 stato valutato idoneo. Non solo, vengono assegnati crediti formativi relativi alle materie studiate durante i sei mesi, informatica, precisione meccanica, sistema ambientale integrato e cybernetica\u00bb.<br \/>\n\u00abSono convinto che questa iniziativa possa essere di sostegno ai giovani per una formazione professionale, ma anche per garantire un percorso educativo di tipo civico, che male non fa\u00bb sottolinea il deputato di Forza Italia. \u00abLa legge \u00e8 stata approvata e al momento le cifre a disposizione sono ancora piccole. Ma in sede bilancio 2019-2020 avremo la possibilit\u00e0 di garantire altre risorse, dato che il progetto \u00e8 passato a larga maggioranza\u00bb.<br \/>\n\u00abAssieme alla legge, \u00e8 stato approvato anche un ordine del giorno che va a evidenziare l\u2019assoluto bisogno di concertare delle risorse nel percorso formativo che riguarda le truppe alpine. Ho voluto portarlo avanti perch\u00e9 l\u2019attenzione verso le truppe alpine significa attenzione verso la montagna\u00bb prosegue Dario Bond. \u00abI centri di addestramento alpino, che esercitano le proprie funzioni sotto il Comando Truppe Alpine dell\u2019esercito italiano, sono all\u2019avanguardia per quel che riguarda i problemi connessi alla sicurezza del territorio e al soccorso a favore della popolazione civile\u00bb.<\/p>\n<p>Ora si attende l&#8217;approvazione al Senato, affinch\u00e9 il progetto diventi legge.<\/p>","protected":false},"excerpt":{"rendered":"<p>\u00abLo avevo annunciato all\u2019assemblea degli Alpini di Feltre e di Belluno, e oggi il progetto di legge, voluto da me e da Forza Italia, che riguarda l\u2019istituzione di percorsi formativi in ambito militare per i ragazzi \u00e8 stato approvato\u00bb. Lo annuncia il deputato di Forza Italia, Dario Bond, che \u00e8 tra i firmatari dell\u2019iniziativa di [&hellip;]<\/p>\n","protected":false},"author":2,"featured_media":0,"comment_status":"closed","ping_status":"open","sticky":false,"template":"","format":"standard","meta":{"footnotes":""},"categories":[5,26],"tags":[],"class_list":["post-103248","post","type-post","status-publish","format-standard","category-cronaca","category-prima-pagina"],"yoast_head":"<!-- This site is optimized with the Yoast SEO plugin v28.4 - https:\/\/yoast.com\/product\/yoast-seo-wordpress\/ -->\n<title>Approvato alla Camera il pdl per i 6 mesi di mini-naja volontaria. Bond: &quot;Un&#039;occasione per i ragazzi, una risorsa per la montagna&quot; - Bellunopress - Dolomiti<\/title>\n<meta name=\"robots\" content=\"index, follow, max-snippet:-1, max-image-preview:large, max-video-preview:-1\" \/>\n<link rel=\"canonical\" href=\"https:\/\/www.bellunopress.it\/fr\/2019\/03\/27\/approvata-la-legge-per-i-6-mesi-di-mini-naja-volontaria-bond-unoccasione-per-i-ragazzi-una-risorsa-per-la-montagna\/\" \/>\n<meta property=\"og:locale\" content=\"fr_FR\" \/>\n<meta property=\"og:type\" content=\"article\" \/>\n<meta property=\"og:title\" content=\"Approvato alla Camera il pdl per i 6 mesi di mini-naja volontaria. Bond: &quot;Un&#039;occasione per i ragazzi, una risorsa per la montagna&quot; - Bellunopress - Dolomiti\" \/>\n<meta property=\"og:description\" content=\"\u00abLo avevo annunciato all\u2019assemblea degli Alpini di Feltre e di Belluno, e oggi il progetto di legge, voluto da me e da Forza Italia, che riguarda l\u2019istituzione di percorsi formativi in ambito militare per i ragazzi \u00e8 stato approvato\u00bb. Lo annuncia il deputato di Forza Italia, Dario Bond, che \u00e8 tra i firmatari dell\u2019iniziativa di [&hellip;]\" \/>\n<meta property=\"og:url\" content=\"https:\/\/www.bellunopress.it\/fr\/2019\/03\/27\/approvata-la-legge-per-i-6-mesi-di-mini-naja-volontaria-bond-unoccasione-per-i-ragazzi-una-risorsa-per-la-montagna\/\" \/>\n<meta property=\"og:site_name\" content=\"Bellunopress - Dolomiti\" \/>\n<meta property=\"article:publisher\" content=\"https:\/\/www.facebook.com\/profile.php?id=100008943462799\" \/>\n<meta property=\"article:published_time\" content=\"2019-03-27T17:34:09+00:00\" \/>\n<meta property=\"article:modified_time\" content=\"2019-03-28T06:36:22+00:00\" \/>\n<meta property=\"og:image\" content=\"http:\/\/www.bellunopress.it\/wp-content\/uploads\/2018\/10\/Dario-Bond.jpg\" \/>\n<meta name=\"author\" content=\"redazione\" \/>\n<meta name=\"twitter:card\" content=\"summary_large_image\" \/>\n<meta name=\"twitter:creator\" content=\"@bellunopress\" \/>\n<meta name=\"twitter:site\" content=\"@bellunopress\" \/>\n<meta name=\"twitter:label1\" content=\"\u00c9crit par\" \/>\n\t<meta name=\"twitter:data1\" content=\"redazione\" \/>\n\t<meta name=\"twitter:label2\" content=\"Dur\u00e9e de lecture estim\u00e9e\" \/>\n\t<meta name=\"twitter:data2\" content=\"2 minutes\" \/>\n<script type=\"application\/ld+json\" class=\"yoast-schema-graph\">{\"@context\":\"https:\\\/\\\/schema.org\",\"@graph\":[{\"@type\":\"Article\",\"@id\":\"https:\\\/\\\/www.bellunopress.it\\\/2019\\\/03\\\/27\\\/approvata-la-legge-per-i-6-mesi-di-mini-naja-volontaria-bond-unoccasione-per-i-ragazzi-una-risorsa-per-la-montagna\\\/#article\",\"isPartOf\":{\"@id\":\"https:\\\/\\\/www.bellunopress.it\\\/2019\\\/03\\\/27\\\/approvata-la-legge-per-i-6-mesi-di-mini-naja-volontaria-bond-unoccasione-per-i-ragazzi-una-risorsa-per-la-montagna\\\/\"},\"author\":{\"name\":\"redazione\",\"@id\":\"https:\\\/\\\/www.bellunopress.it\\\/#\\\/schema\\\/person\\\/79bb06722b37ece1c03d3e94beb30d73\"},\"headline\":\"Approvato alla Camera il pdl per i 6 mesi di mini-naja volontaria. Bond: &#8220;Un&#8217;occasione per i ragazzi, una risorsa per la montagna&#8221;\",\"datePublished\":\"2019-03-27T17:34:09+00:00\",\"dateModified\":\"2019-03-28T06:36:22+00:00\",\"mainEntityOfPage\":{\"@id\":\"https:\\\/\\\/www.bellunopress.it\\\/2019\\\/03\\\/27\\\/approvata-la-legge-per-i-6-mesi-di-mini-naja-volontaria-bond-unoccasione-per-i-ragazzi-una-risorsa-per-la-montagna\\\/\"},\"wordCount\":338,\"publisher\":{\"@id\":\"https:\\\/\\\/www.bellunopress.it\\\/#organization\"},\"image\":{\"@id\":\"https:\\\/\\\/www.bellunopress.it\\\/2019\\\/03\\\/27\\\/approvata-la-legge-per-i-6-mesi-di-mini-naja-volontaria-bond-unoccasione-per-i-ragazzi-una-risorsa-per-la-montagna\\\/#primaryimage\"},\"thumbnailUrl\":\"http:\\\/\\\/www.bellunopress.it\\\/wp-content\\\/uploads\\\/2018\\\/10\\\/Dario-Bond.jpg\",\"articleSection\":[\"Cronaca\\\/Politica\",\"Prima Pagina\"],\"inLanguage\":\"fr-FR\"},{\"@type\":\"WebPage\",\"@id\":\"https:\\\/\\\/www.bellunopress.it\\\/2019\\\/03\\\/27\\\/approvata-la-legge-per-i-6-mesi-di-mini-naja-volontaria-bond-unoccasione-per-i-ragazzi-una-risorsa-per-la-montagna\\\/\",\"url\":\"https:\\\/\\\/www.bellunopress.it\\\/2019\\\/03\\\/27\\\/approvata-la-legge-per-i-6-mesi-di-mini-naja-volontaria-bond-unoccasione-per-i-ragazzi-una-risorsa-per-la-montagna\\\/\",\"name\":\"Approvato alla Camera il pdl per i 6 mesi di mini-naja volontaria. Bond: \\\"Un'occasione per i ragazzi, una risorsa per la montagna\\\" - Bellunopress - Dolomiti\",\"isPartOf\":{\"@id\":\"https:\\\/\\\/www.bellunopress.it\\\/#website\"},\"primaryImageOfPage\":{\"@id\":\"https:\\\/\\\/www.bellunopress.it\\\/2019\\\/03\\\/27\\\/approvata-la-legge-per-i-6-mesi-di-mini-naja-volontaria-bond-unoccasione-per-i-ragazzi-una-risorsa-per-la-montagna\\\/#primaryimage\"},\"image\":{\"@id\":\"https:\\\/\\\/www.bellunopress.it\\\/2019\\\/03\\\/27\\\/approvata-la-legge-per-i-6-mesi-di-mini-naja-volontaria-bond-unoccasione-per-i-ragazzi-una-risorsa-per-la-montagna\\\/#primaryimage\"},\"thumbnailUrl\":\"http:\\\/\\\/www.bellunopress.it\\\/wp-content\\\/uploads\\\/2018\\\/10\\\/Dario-Bond.jpg\",\"datePublished\":\"2019-03-27T17:34:09+00:00\",\"dateModified\":\"2019-03-28T06:36:22+00:00\",\"breadcrumb\":{\"@id\":\"https:\\\/\\\/www.bellunopress.it\\\/2019\\\/03\\\/27\\\/approvata-la-legge-per-i-6-mesi-di-mini-naja-volontaria-bond-unoccasione-per-i-ragazzi-una-risorsa-per-la-montagna\\\/#breadcrumb\"},\"inLanguage\":\"fr-FR\",\"potentialAction\":[{\"@type\":\"ReadAction\",\"target\":[\"https:\\\/\\\/www.bellunopress.it\\\/2019\\\/03\\\/27\\\/approvata-la-legge-per-i-6-mesi-di-mini-naja-volontaria-bond-unoccasione-per-i-ragazzi-una-risorsa-per-la-montagna\\\/\"]}]},{\"@type\":\"ImageObject\",\"inLanguage\":\"fr-FR\",\"@id\":\"https:\\\/\\\/www.bellunopress.it\\\/2019\\\/03\\\/27\\\/approvata-la-legge-per-i-6-mesi-di-mini-naja-volontaria-bond-unoccasione-per-i-ragazzi-una-risorsa-per-la-montagna\\\/#primaryimage\",\"url\":\"http:\\\/\\\/www.bellunopress.it\\\/wp-content\\\/uploads\\\/2018\\\/10\\\/Dario-Bond.jpg\",\"contentUrl\":\"http:\\\/\\\/www.bellunopress.it\\\/wp-content\\\/uploads\\\/2018\\\/10\\\/Dario-Bond.jpg\"},{\"@type\":\"BreadcrumbList\",\"@id\":\"https:\\\/\\\/www.bellunopress.it\\\/2019\\\/03\\\/27\\\/approvata-la-legge-per-i-6-mesi-di-mini-naja-volontaria-bond-unoccasione-per-i-ragazzi-una-risorsa-per-la-montagna\\\/#breadcrumb\",\"itemListElement\":[{\"@type\":\"ListItem\",\"position\":1,\"name\":\"Home\",\"item\":\"https:\\\/\\\/www.bellunopress.it\\\/\"},{\"@type\":\"ListItem\",\"position\":2,\"name\":\"Approvato alla Camera il pdl per i 6 mesi di mini-naja volontaria. Bond: &#8220;Un&#8217;occasione per i ragazzi, una risorsa per la montagna&#8221;\"}]},{\"@type\":\"WebSite\",\"@id\":\"https:\\\/\\\/www.bellunopress.it\\\/#website\",\"url\":\"https:\\\/\\\/www.bellunopress.it\\\/\",\"name\":\"Bellunopress - Dolomiti\",\"description\":\"e-mail: redazione@bellunopress.it\",\"publisher\":{\"@id\":\"https:\\\/\\\/www.bellunopress.it\\\/#organization\"},\"potentialAction\":[{\"@type\":\"SearchAction\",\"target\":{\"@type\":\"EntryPoint\",\"urlTemplate\":\"https:\\\/\\\/www.bellunopress.it\\\/?s={search_term_string}\"},\"query-input\":{\"@type\":\"PropertyValueSpecification\",\"valueRequired\":true,\"valueName\":\"search_term_string\"}}],\"inLanguage\":\"fr-FR\"},{\"@type\":\"Organization\",\"@id\":\"https:\\\/\\\/www.bellunopress.it\\\/#organization\",\"name\":\"Bellunopress\",\"url\":\"https:\\\/\\\/www.bellunopress.it\\\/\",\"logo\":{\"@type\":\"ImageObject\",\"inLanguage\":\"fr-FR\",\"@id\":\"https:\\\/\\\/www.bellunopress.it\\\/#\\\/schema\\\/logo\\\/image\\\/\",\"url\":\"https:\\\/\\\/www.bellunopress.it\\\/wp-content\\\/uploads\\\/2011\\\/05\\\/cropped-logo-bellunopress-.jpg\",\"contentUrl\":\"https:\\\/\\\/www.bellunopress.it\\\/wp-content\\\/uploads\\\/2011\\\/05\\\/cropped-logo-bellunopress-.jpg\",\"width\":512,\"height\":512,\"caption\":\"Bellunopress\"},\"image\":{\"@id\":\"https:\\\/\\\/www.bellunopress.it\\\/#\\\/schema\\\/logo\\\/image\\\/\"},\"sameAs\":[\"https:\\\/\\\/www.facebook.com\\\/profile.php?id=100008943462799\",\"https:\\\/\\\/x.com\\\/bellunopress\",\"https:\\\/\\\/www.linkedin.com\\\/hp\\\/?dnr=JBzUWaJfMUw8vbXJJ2tVW5-I3jZKvC4wsoxE&amp;amp;amp;amp;amp;amp;trk=nav_responsive_tab_home\",\"https:\\\/\\\/www.youtube.com\\\/channel\\\/UCxL0wu1uN0_3_7hGG0306cw\"]},{\"@type\":\"Person\",\"@id\":\"https:\\\/\\\/www.bellunopress.it\\\/#\\\/schema\\\/person\\\/79bb06722b37ece1c03d3e94beb30d73\",\"name\":\"redazione\",\"image\":{\"@type\":\"ImageObject\",\"inLanguage\":\"fr-FR\",\"@id\":\"https:\\\/\\\/secure.gravatar.com\\\/avatar\\\/37d968a2e67a6fd04c169c4bdef102d0bc5d31b2546345219e348575eb80e9a0?s=96&d=mm&r=g\",\"url\":\"https:\\\/\\\/secure.gravatar.com\\\/avatar\\\/37d968a2e67a6fd04c169c4bdef102d0bc5d31b2546345219e348575eb80e9a0?s=96&d=mm&r=g\",\"contentUrl\":\"https:\\\/\\\/secure.gravatar.com\\\/avatar\\\/37d968a2e67a6fd04c169c4bdef102d0bc5d31b2546345219e348575eb80e9a0?s=96&d=mm&r=g\",\"caption\":\"redazione\"},\"sameAs\":[\"http:\\\/\\\/www.bellunopress.it\",\"https:\\\/\\\/x.com\\\/bellunopress\"],\"url\":\"https:\\\/\\\/www.bellunopress.it\\\/fr\\\/author\\\/redazione\\\/\"}]}<\/script>\n<!-- \/ Yoast SEO plugin. -->","yoast_head_json":{"title":"Approvato alla Camera il pdl per i 6 mesi di mini-naja volontaria. Bond: \"Un'occasione per i ragazzi, una risorsa per la montagna\" - Bellunopress - Dolomiti","robots":{"index":"index","follow":"follow","max-snippet":"max-snippet:-1","max-image-preview":"max-image-preview:large","max-video-preview":"max-video-preview:-1"},"canonical":"https:\/\/www.bellunopress.it\/fr\/2019\/03\/27\/approvata-la-legge-per-i-6-mesi-di-mini-naja-volontaria-bond-unoccasione-per-i-ragazzi-una-risorsa-per-la-montagna\/","og_locale":"fr_FR","og_type":"article","og_title":"Approvato alla Camera il pdl per i 6 mesi di mini-naja volontaria. Bond: \"Un'occasione per i ragazzi, una risorsa per la montagna\" - Bellunopress - Dolomiti","og_description":"\u00abLo avevo annunciato all\u2019assemblea degli Alpini di Feltre e di Belluno, e oggi il progetto di legge, voluto da me e da Forza Italia, che riguarda l\u2019istituzione di percorsi formativi in ambito militare per i ragazzi \u00e8 stato approvato\u00bb. Lo annuncia il deputato di Forza Italia, Dario Bond, che \u00e8 tra i firmatari dell\u2019iniziativa di [&hellip;]","og_url":"https:\/\/www.bellunopress.it\/fr\/2019\/03\/27\/approvata-la-legge-per-i-6-mesi-di-mini-naja-volontaria-bond-unoccasione-per-i-ragazzi-una-risorsa-per-la-montagna\/","og_site_name":"Bellunopress - Dolomiti","article_publisher":"https:\/\/www.facebook.com\/profile.php?id=100008943462799","article_published_time":"2019-03-27T17:34:09+00:00","article_modified_time":"2019-03-28T06:36:22+00:00","og_image":[{"url":"http:\/\/www.bellunopress.it\/wp-content\/uploads\/2018\/10\/Dario-Bond.jpg","type":"","width":"","height":""}],"author":"redazione","twitter_card":"summary_large_image","twitter_creator":"@bellunopress","twitter_site":"@bellunopress","twitter_misc":{"\u00c9crit par":"redazione","Dur\u00e9e de lecture estim\u00e9e":"2 minutes"},"schema":{"@context":"https:\/\/schema.org","@graph":[{"@type":"Article","@id":"https:\/\/www.bellunopress.it\/2019\/03\/27\/approvata-la-legge-per-i-6-mesi-di-mini-naja-volontaria-bond-unoccasione-per-i-ragazzi-una-risorsa-per-la-montagna\/#article","isPartOf":{"@id":"https:\/\/www.bellunopress.it\/2019\/03\/27\/approvata-la-legge-per-i-6-mesi-di-mini-naja-volontaria-bond-unoccasione-per-i-ragazzi-una-risorsa-per-la-montagna\/"},"author":{"name":"redazione","@id":"https:\/\/www.bellunopress.it\/#\/schema\/person\/79bb06722b37ece1c03d3e94beb30d73"},"headline":"Approvato alla Camera il pdl per i 6 mesi di mini-naja volontaria. Bond: &#8220;Un&#8217;occasione per i ragazzi, una risorsa per la montagna&#8221;","datePublished":"2019-03-27T17:34:09+00:00","dateModified":"2019-03-28T06:36:22+00:00","mainEntityOfPage":{"@id":"https:\/\/www.bellunopress.it\/2019\/03\/27\/approvata-la-legge-per-i-6-mesi-di-mini-naja-volontaria-bond-unoccasione-per-i-ragazzi-una-risorsa-per-la-montagna\/"},"wordCount":338,"publisher":{"@id":"https:\/\/www.bellunopress.it\/#organization"},"image":{"@id":"https:\/\/www.bellunopress.it\/2019\/03\/27\/approvata-la-legge-per-i-6-mesi-di-mini-naja-volontaria-bond-unoccasione-per-i-ragazzi-una-risorsa-per-la-montagna\/#primaryimage"},"thumbnailUrl":"http:\/\/www.bellunopress.it\/wp-content\/uploads\/2018\/10\/Dario-Bond.jpg","articleSection":["Cronaca\/Politica","Prima Pagina"],"inLanguage":"fr-FR"},{"@type":"WebPage","@id":"https:\/\/www.bellunopress.it\/2019\/03\/27\/approvata-la-legge-per-i-6-mesi-di-mini-naja-volontaria-bond-unoccasione-per-i-ragazzi-una-risorsa-per-la-montagna\/","url":"https:\/\/www.bellunopress.it\/2019\/03\/27\/approvata-la-legge-per-i-6-mesi-di-mini-naja-volontaria-bond-unoccasione-per-i-ragazzi-una-risorsa-per-la-montagna\/","name":"Approvato alla Camera il pdl per i 6 mesi di mini-naja volontaria. Bond: \"Un'occasione per i ragazzi, una risorsa per la montagna\" - Bellunopress - Dolomiti","isPartOf":{"@id":"https:\/\/www.bellunopress.it\/#website"},"primaryImageOfPage":{"@id":"https:\/\/www.bellunopress.it\/2019\/03\/27\/approvata-la-legge-per-i-6-mesi-di-mini-naja-volontaria-bond-unoccasione-per-i-ragazzi-una-risorsa-per-la-montagna\/#primaryimage"},"image":{"@id":"https:\/\/www.bellunopress.it\/2019\/03\/27\/approvata-la-legge-per-i-6-mesi-di-mini-naja-volontaria-bond-unoccasione-per-i-ragazzi-una-risorsa-per-la-montagna\/#primaryimage"},"thumbnailUrl":"http:\/\/www.bellunopress.it\/wp-content\/uploads\/2018\/10\/Dario-Bond.jpg","datePublished":"2019-03-27T17:34:09+00:00","dateModified":"2019-03-28T06:36:22+00:00","breadcrumb":{"@id":"https:\/\/www.bellunopress.it\/2019\/03\/27\/approvata-la-legge-per-i-6-mesi-di-mini-naja-volontaria-bond-unoccasione-per-i-ragazzi-una-risorsa-per-la-montagna\/#breadcrumb"},"inLanguage":"fr-FR","potentialAction":[{"@type":"ReadAction","target":["https:\/\/www.bellunopress.it\/2019\/03\/27\/approvata-la-legge-per-i-6-mesi-di-mini-naja-volontaria-bond-unoccasione-per-i-ragazzi-una-risorsa-per-la-montagna\/"]}]},{"@type":"ImageObject","inLanguage":"fr-FR","@id":"https:\/\/www.bellunopress.it\/2019\/03\/27\/approvata-la-legge-per-i-6-mesi-di-mini-naja-volontaria-bond-unoccasione-per-i-ragazzi-una-risorsa-per-la-montagna\/#primaryimage","url":"http:\/\/www.bellunopress.it\/wp-content\/uploads\/2018\/10\/Dario-Bond.jpg","contentUrl":"http:\/\/www.bellunopress.it\/wp-content\/uploads\/2018\/10\/Dario-Bond.jpg"},{"@type":"BreadcrumbList","@id":"https:\/\/www.bellunopress.it\/2019\/03\/27\/approvata-la-legge-per-i-6-mesi-di-mini-naja-volontaria-bond-unoccasione-per-i-ragazzi-una-risorsa-per-la-montagna\/#breadcrumb","itemListElement":[{"@type":"ListItem","position":1,"name":"Home","item":"https:\/\/www.bellunopress.it\/"},{"@type":"ListItem","position":2,"name":"Approvato alla Camera il pdl per i 6 mesi di mini-naja volontaria. Bond: &#8220;Un&#8217;occasione per i ragazzi, una risorsa per la montagna&#8221;"}]},{"@type":"WebSite","@id":"https:\/\/www.bellunopress.it\/#website","url":"https:\/\/www.bellunopress.it\/","name":"Bellunopress - Dolomiti","description":"e-mail: redazione@bellunopress.it","publisher":{"@id":"https:\/\/www.bellunopress.it\/#organization"},"potentialAction":[{"@type":"SearchAction","target":{"@type":"EntryPoint","urlTemplate":"https:\/\/www.bellunopress.it\/?s={search_term_string}"},"query-input":{"@type":"PropertyValueSpecification","valueRequired":true,"valueName":"search_term_string"}}],"inLanguage":"fr-FR"},{"@type":"Organization","@id":"https:\/\/www.bellunopress.it\/#organization","name":"Bellunopress","url":"https:\/\/www.bellunopress.it\/","logo":{"@type":"ImageObject","inLanguage":"fr-FR","@id":"https:\/\/www.bellunopress.it\/#\/schema\/logo\/image\/","url":"https:\/\/www.bellunopress.it\/wp-content\/uploads\/2011\/05\/cropped-logo-bellunopress-.jpg","contentUrl":"https:\/\/www.bellunopress.it\/wp-content\/uploads\/2011\/05\/cropped-logo-bellunopress-.jpg","width":512,"height":512,"caption":"Bellunopress"},"image":{"@id":"https:\/\/www.bellunopress.it\/#\/schema\/logo\/image\/"},"sameAs":["https:\/\/www.facebook.com\/profile.php?id=100008943462799","https:\/\/x.com\/bellunopress","https:\/\/www.linkedin.com\/hp\/?dnr=JBzUWaJfMUw8vbXJJ2tVW5-I3jZKvC4wsoxE&amp;amp;amp;amp;amp;amp;trk=nav_responsive_tab_home","https:\/\/www.youtube.com\/channel\/UCxL0wu1uN0_3_7hGG0306cw"]},{"@type":"Person","@id":"https:\/\/www.bellunopress.it\/#\/schema\/person\/79bb06722b37ece1c03d3e94beb30d73","name":"r\u00e9daction","image":{"@type":"ImageObject","inLanguage":"fr-FR","@id":"https:\/\/secure.gravatar.com\/avatar\/37d968a2e67a6fd04c169c4bdef102d0bc5d31b2546345219e348575eb80e9a0?s=96&d=mm&r=g","url":"https:\/\/secure.gravatar.com\/avatar\/37d968a2e67a6fd04c169c4bdef102d0bc5d31b2546345219e348575eb80e9a0?s=96&d=mm&r=g","contentUrl":"https:\/\/secure.gravatar.com\/avatar\/37d968a2e67a6fd04c169c4bdef102d0bc5d31b2546345219e348575eb80e9a0?s=96&d=mm&r=g","caption":"redazione"},"sameAs":["http:\/\/www.bellunopress.it","https:\/\/x.com\/bellunopress"],"url":"https:\/\/www.bellunopress.it\/fr\/author\/redazione\/"}]}},"_links":{"self":[{"href":"https:\/\/www.bellunopress.it\/fr\/wp-json\/wp\/v2\/posts\/103248","targetHints":{"allow":["GET"]}}],"collection":[{"href":"https:\/\/www.bellunopress.it\/fr\/wp-json\/wp\/v2\/posts"}],"about":[{"href":"https:\/\/www.bellunopress.it\/fr\/wp-json\/wp\/v2\/types\/post"}],"author":[{"embeddable":true,"href":"https:\/\/www.bellunopress.it\/fr\/wp-json\/wp\/v2\/users\/2"}],"replies":[{"embeddable":true,"href":"https:\/\/www.bellunopress.it\/fr\/wp-json\/wp\/v2\/comments?post=103248"}],"version-history":[{"count":3,"href":"https:\/\/www.bellunopress.it\/fr\/wp-json\/wp\/v2\/posts\/103248\/revisions"}],"predecessor-version":[{"id":103257,"href":"https:\/\/www.bellunopress.it\/fr\/wp-json\/wp\/v2\/posts\/103248\/revisions\/103257"}],"wp:attachment":[{"href":"https:\/\/www.bellunopress.it\/fr\/wp-json\/wp\/v2\/media?parent=103248"}],"wp:term":[{"taxonomy":"category","embeddable":true,"href":"https:\/\/www.bellunopress.it\/fr\/wp-json\/wp\/v2\/categories?post=103248"},{"taxonomy":"post_tag","embeddable":true,"href":"https:\/\/www.bellunopress.it\/fr\/wp-json\/wp\/v2\/tags?post=103248"}],"curies":[{"name":"wp","href":"https:\/\/api.w.org\/{rel}","templated":true}]}}