{"id":103246,"date":"2019-03-27T18:26:15","date_gmt":"2019-03-27T17:26:15","guid":{"rendered":"http:\/\/www.bellunopress.it\/?p=103246"},"modified":"2019-03-27T18:26:15","modified_gmt":"2019-03-27T17:26:15","slug":"piano-casa-il-consiglio-regionale-approva-assessore-corazzari-una-grande-opportunita-in-coerenza-con-il-termine-del-2050-fissato-dalla-ue","status":"publish","type":"post","link":"https:\/\/www.bellunopress.it\/fr\/2019\/03\/27\/piano-casa-il-consiglio-regionale-approva-assessore-corazzari-una-grande-opportunita-in-coerenza-con-il-termine-del-2050-fissato-dalla-ue\/","title":{"rendered":"Piano casa, il consiglio regionale approva. Assessore Corazzari: &#8220;Una grande opportunit\u00e0, in coerenza con il termine del 2050 fissato dalla Ue&#8221;"},"content":{"rendered":"<figure id=\"attachment_70933\" aria-describedby=\"caption-attachment-70933\" style=\"width: 148px\" class=\"wp-caption alignleft\"><a href=\"http:\/\/www.bellunopress.it\/fr\/2015\/08\/16\/ampliamento-parco-dolomiti-dampezzo-assessore-corazzari-soteniamo-la-conclusione-delliter\/cristiano-corazzari-assessore-regionale\/\" rel=\"attachment wp-att-70933\"><img loading=\"lazy\" decoding=\"async\" class=\"size-full wp-image-70933\" src=\"http:\/\/www.bellunopress.it\/wp-content\/uploads\/2015\/08\/cristiano-corazzari-assessore-regionale.jpg\" alt=\"\" width=\"148\" height=\"180\" \/><\/a><figcaption id=\"caption-attachment-70933\" class=\"wp-caption-text\">Cristiano Corazzari, assessore regionale<\/figcaption><\/figure>\n<p>Venezia, 27 marzo 2019\u00a0 &#8211;\u00a0\u00a0\u201cFinalmente, con il voto di oggi in Consiglio regionale si concretizza una nuova filosofia nell\u2019approccio con la riqualificazione del territorio veneto, puntando sulla sua rinaturalizzazione, sul miglioramento della vita nei tessuti cittadini e sulla cancellazione degli edifici incongrui che deturpano l\u2019armonia del paesaggio. Questo, mantenendo l\u2019assetto del piano casa nel rispetto delle necessit\u00e0 delle famiglie ma anche intervenendo con un\u2019azione di pi\u00f9 ampio respiro verso la realt\u00e0 imprenditoriale\u201d.<\/p>\n<p>L\u2019assessore al Territorio della Regione del Veneto accoglie cos\u00ec l\u2019approvazione del progetto di legge n.402, proposto dalla Giunta regionale, in merito a \u201cPolitiche per la riqualificazione urbana e l&#8217;incentivazione alla rinaturalizzazione del territorio veneto\u201d, votata oggi dal Consiglio di Palazzo Ferro Fini. Un provvedimento \u2013 in coerenza con gli indirizzi dell\u2019Unione Europea che fissano per l\u2019anno 2050 il termine per l\u2019azzeramento del consumo del suolo &#8211; le cui finalit\u00e0 sono la rinaturalizzazione del suolo insieme ad una riqualificazione del patrimonio immobiliare, promuovendo interventi mirati al miglioramento e riordino dei centri urbani oltre che alla valorizzazione ambientale del territorio.<\/p>\n<p>\u201cLe necessit\u00e0 dei nuclei familiari mirate a piccoli ampliamenti o piccole modifiche continuano a essere soddisfatte \u2013 sottolinea l\u2019Assessore-. Ma la legge punta anche a favorire la riqualificazione ambientale, dando la possibilit\u00e0 di intervenire sugli edifici purch\u00e9 con interventi mirati alla qualit\u00e0 architettonica e alla sostenibilit\u00e0 ambientale. Ci\u00f2 significa, ad esempio, edifici realizzati con materiali di recupero, senza barriere architettoniche, con coperture a verde, pareti ventilate, recupero dell\u2019acqua piovana, con adeguati standard energetici\u201d.<\/p>\n<p>\u201cIl vero salto in avanti che il Veneto compie con questa legge \u2013 aggiunge l\u2019Assessore \u2013 \u00e8 quell\u2019operazione che in inglese si chiama cleaning. Significa una riqualificazione del territorio partendo da quelle costruzioni che lo deturpano e ne compromettono il paesaggio. Il Veneto \u00e8 disseminato di edifici esteticamente impropri oltre che incongrui e non pi\u00f9 adatti all\u2019uso per cui sono sorti. Sono previsti crediti edilizi da rinaturalizzazione a cui sono connesse specifiche premialit\u00e0, anche in termini volumetrici, consentendone la demolizione e l\u2019edificazione di nuovi in un\u2019ottica di riordino urbano. La nuova legge \u00e8 una grande opportunit\u00e0 per definire il territorio Veneto del futuro\u201d.<\/p>","protected":false},"excerpt":{"rendered":"<p>Venezia, 27 marzo 2019\u00a0 &#8211;\u00a0\u00a0\u201cFinalmente, con il voto di oggi in Consiglio regionale si concretizza una nuova filosofia nell\u2019approccio con la riqualificazione del territorio veneto, puntando sulla sua rinaturalizzazione, sul miglioramento della vita nei tessuti cittadini e sulla cancellazione degli edifici incongrui che deturpano l\u2019armonia del paesaggio. Questo, mantenendo l\u2019assetto del piano casa nel rispetto [&hellip;]<\/p>\n","protected":false},"author":2,"featured_media":0,"comment_status":"closed","ping_status":"open","sticky":false,"template":"","format":"standard","meta":{"footnotes":""},"categories":[5,26],"tags":[],"class_list":["post-103246","post","type-post","status-publish","format-standard","category-cronaca","category-prima-pagina"],"yoast_head":"<!-- This site is optimized with the Yoast SEO plugin v28.4 - https:\/\/yoast.com\/product\/yoast-seo-wordpress\/ -->\n<title>Piano casa, il consiglio regionale approva. Assessore Corazzari: &quot;Una grande opportunit\u00e0, in coerenza con il termine del 2050 fissato dalla Ue&quot; - Bellunopress - Dolomiti<\/title>\n<meta name=\"robots\" content=\"index, follow, max-snippet:-1, max-image-preview:large, max-video-preview:-1\" \/>\n<link rel=\"canonical\" href=\"https:\/\/www.bellunopress.it\/fr\/2019\/03\/27\/piano-casa-il-consiglio-regionale-approva-assessore-corazzari-una-grande-opportunita-in-coerenza-con-il-termine-del-2050-fissato-dalla-ue\/\" \/>\n<meta property=\"og:locale\" content=\"fr_FR\" \/>\n<meta property=\"og:type\" content=\"article\" \/>\n<meta property=\"og:title\" content=\"Piano casa, il consiglio regionale approva. Assessore Corazzari: &quot;Una grande opportunit\u00e0, in coerenza con il termine del 2050 fissato dalla Ue&quot; - Bellunopress - Dolomiti\" \/>\n<meta property=\"og:description\" content=\"Venezia, 27 marzo 2019\u00a0 &#8211;\u00a0\u00a0\u201cFinalmente, con il voto di oggi in Consiglio regionale si concretizza una nuova filosofia nell\u2019approccio con la riqualificazione del territorio veneto, puntando sulla sua rinaturalizzazione, sul miglioramento della vita nei tessuti cittadini e sulla cancellazione degli edifici incongrui che deturpano l\u2019armonia del paesaggio. Questo, mantenendo l\u2019assetto del piano casa nel rispetto [&hellip;]\" \/>\n<meta property=\"og:url\" content=\"https:\/\/www.bellunopress.it\/fr\/2019\/03\/27\/piano-casa-il-consiglio-regionale-approva-assessore-corazzari-una-grande-opportunita-in-coerenza-con-il-termine-del-2050-fissato-dalla-ue\/\" \/>\n<meta property=\"og:site_name\" content=\"Bellunopress - Dolomiti\" \/>\n<meta property=\"article:publisher\" content=\"https:\/\/www.facebook.com\/profile.php?id=100008943462799\" \/>\n<meta property=\"article:published_time\" content=\"2019-03-27T17:26:15+00:00\" \/>\n<meta property=\"og:image\" content=\"http:\/\/www.bellunopress.it\/wp-content\/uploads\/2015\/08\/cristiano-corazzari-assessore-regionale.jpg\" \/>\n<meta name=\"author\" content=\"redazione\" \/>\n<meta name=\"twitter:card\" content=\"summary_large_image\" \/>\n<meta name=\"twitter:creator\" content=\"@bellunopress\" \/>\n<meta name=\"twitter:site\" content=\"@bellunopress\" \/>\n<meta name=\"twitter:label1\" content=\"\u00c9crit par\" \/>\n\t<meta name=\"twitter:data1\" content=\"redazione\" \/>\n\t<meta name=\"twitter:label2\" content=\"Dur\u00e9e de lecture estim\u00e9e\" \/>\n\t<meta name=\"twitter:data2\" content=\"2 minutes\" \/>\n<script type=\"application\/ld+json\" class=\"yoast-schema-graph\">{\"@context\":\"https:\\\/\\\/schema.org\",\"@graph\":[{\"@type\":\"Article\",\"@id\":\"https:\\\/\\\/www.bellunopress.it\\\/2019\\\/03\\\/27\\\/piano-casa-il-consiglio-regionale-approva-assessore-corazzari-una-grande-opportunita-in-coerenza-con-il-termine-del-2050-fissato-dalla-ue\\\/#article\",\"isPartOf\":{\"@id\":\"https:\\\/\\\/www.bellunopress.it\\\/2019\\\/03\\\/27\\\/piano-casa-il-consiglio-regionale-approva-assessore-corazzari-una-grande-opportunita-in-coerenza-con-il-termine-del-2050-fissato-dalla-ue\\\/\"},\"author\":{\"name\":\"redazione\",\"@id\":\"https:\\\/\\\/www.bellunopress.it\\\/#\\\/schema\\\/person\\\/79bb06722b37ece1c03d3e94beb30d73\"},\"headline\":\"Piano casa, il consiglio regionale approva. Assessore Corazzari: &#8220;Una grande opportunit\u00e0, in coerenza con il termine del 2050 fissato dalla Ue&#8221;\",\"datePublished\":\"2019-03-27T17:26:15+00:00\",\"mainEntityOfPage\":{\"@id\":\"https:\\\/\\\/www.bellunopress.it\\\/2019\\\/03\\\/27\\\/piano-casa-il-consiglio-regionale-approva-assessore-corazzari-una-grande-opportunita-in-coerenza-con-il-termine-del-2050-fissato-dalla-ue\\\/\"},\"wordCount\":385,\"publisher\":{\"@id\":\"https:\\\/\\\/www.bellunopress.it\\\/#organization\"},\"image\":{\"@id\":\"https:\\\/\\\/www.bellunopress.it\\\/2019\\\/03\\\/27\\\/piano-casa-il-consiglio-regionale-approva-assessore-corazzari-una-grande-opportunita-in-coerenza-con-il-termine-del-2050-fissato-dalla-ue\\\/#primaryimage\"},\"thumbnailUrl\":\"http:\\\/\\\/www.bellunopress.it\\\/wp-content\\\/uploads\\\/2015\\\/08\\\/cristiano-corazzari-assessore-regionale.jpg\",\"articleSection\":[\"Cronaca\\\/Politica\",\"Prima Pagina\"],\"inLanguage\":\"fr-FR\"},{\"@type\":\"WebPage\",\"@id\":\"https:\\\/\\\/www.bellunopress.it\\\/2019\\\/03\\\/27\\\/piano-casa-il-consiglio-regionale-approva-assessore-corazzari-una-grande-opportunita-in-coerenza-con-il-termine-del-2050-fissato-dalla-ue\\\/\",\"url\":\"https:\\\/\\\/www.bellunopress.it\\\/2019\\\/03\\\/27\\\/piano-casa-il-consiglio-regionale-approva-assessore-corazzari-una-grande-opportunita-in-coerenza-con-il-termine-del-2050-fissato-dalla-ue\\\/\",\"name\":\"Piano casa, il consiglio regionale approva. Assessore Corazzari: \\\"Una grande opportunit\u00e0, in coerenza con il termine del 2050 fissato dalla Ue\\\" - Bellunopress - Dolomiti\",\"isPartOf\":{\"@id\":\"https:\\\/\\\/www.bellunopress.it\\\/#website\"},\"primaryImageOfPage\":{\"@id\":\"https:\\\/\\\/www.bellunopress.it\\\/2019\\\/03\\\/27\\\/piano-casa-il-consiglio-regionale-approva-assessore-corazzari-una-grande-opportunita-in-coerenza-con-il-termine-del-2050-fissato-dalla-ue\\\/#primaryimage\"},\"image\":{\"@id\":\"https:\\\/\\\/www.bellunopress.it\\\/2019\\\/03\\\/27\\\/piano-casa-il-consiglio-regionale-approva-assessore-corazzari-una-grande-opportunita-in-coerenza-con-il-termine-del-2050-fissato-dalla-ue\\\/#primaryimage\"},\"thumbnailUrl\":\"http:\\\/\\\/www.bellunopress.it\\\/wp-content\\\/uploads\\\/2015\\\/08\\\/cristiano-corazzari-assessore-regionale.jpg\",\"datePublished\":\"2019-03-27T17:26:15+00:00\",\"breadcrumb\":{\"@id\":\"https:\\\/\\\/www.bellunopress.it\\\/2019\\\/03\\\/27\\\/piano-casa-il-consiglio-regionale-approva-assessore-corazzari-una-grande-opportunita-in-coerenza-con-il-termine-del-2050-fissato-dalla-ue\\\/#breadcrumb\"},\"inLanguage\":\"fr-FR\",\"potentialAction\":[{\"@type\":\"ReadAction\",\"target\":[\"https:\\\/\\\/www.bellunopress.it\\\/2019\\\/03\\\/27\\\/piano-casa-il-consiglio-regionale-approva-assessore-corazzari-una-grande-opportunita-in-coerenza-con-il-termine-del-2050-fissato-dalla-ue\\\/\"]}]},{\"@type\":\"ImageObject\",\"inLanguage\":\"fr-FR\",\"@id\":\"https:\\\/\\\/www.bellunopress.it\\\/2019\\\/03\\\/27\\\/piano-casa-il-consiglio-regionale-approva-assessore-corazzari-una-grande-opportunita-in-coerenza-con-il-termine-del-2050-fissato-dalla-ue\\\/#primaryimage\",\"url\":\"http:\\\/\\\/www.bellunopress.it\\\/wp-content\\\/uploads\\\/2015\\\/08\\\/cristiano-corazzari-assessore-regionale.jpg\",\"contentUrl\":\"http:\\\/\\\/www.bellunopress.it\\\/wp-content\\\/uploads\\\/2015\\\/08\\\/cristiano-corazzari-assessore-regionale.jpg\"},{\"@type\":\"BreadcrumbList\",\"@id\":\"https:\\\/\\\/www.bellunopress.it\\\/2019\\\/03\\\/27\\\/piano-casa-il-consiglio-regionale-approva-assessore-corazzari-una-grande-opportunita-in-coerenza-con-il-termine-del-2050-fissato-dalla-ue\\\/#breadcrumb\",\"itemListElement\":[{\"@type\":\"ListItem\",\"position\":1,\"name\":\"Home\",\"item\":\"https:\\\/\\\/www.bellunopress.it\\\/\"},{\"@type\":\"ListItem\",\"position\":2,\"name\":\"Piano casa, il consiglio regionale approva. Assessore Corazzari: &#8220;Una grande opportunit\u00e0, in coerenza con il termine del 2050 fissato dalla Ue&#8221;\"}]},{\"@type\":\"WebSite\",\"@id\":\"https:\\\/\\\/www.bellunopress.it\\\/#website\",\"url\":\"https:\\\/\\\/www.bellunopress.it\\\/\",\"name\":\"Bellunopress - Dolomiti\",\"description\":\"e-mail: redazione@bellunopress.it\",\"publisher\":{\"@id\":\"https:\\\/\\\/www.bellunopress.it\\\/#organization\"},\"potentialAction\":[{\"@type\":\"SearchAction\",\"target\":{\"@type\":\"EntryPoint\",\"urlTemplate\":\"https:\\\/\\\/www.bellunopress.it\\\/?s={search_term_string}\"},\"query-input\":{\"@type\":\"PropertyValueSpecification\",\"valueRequired\":true,\"valueName\":\"search_term_string\"}}],\"inLanguage\":\"fr-FR\"},{\"@type\":\"Organization\",\"@id\":\"https:\\\/\\\/www.bellunopress.it\\\/#organization\",\"name\":\"Bellunopress\",\"url\":\"https:\\\/\\\/www.bellunopress.it\\\/\",\"logo\":{\"@type\":\"ImageObject\",\"inLanguage\":\"fr-FR\",\"@id\":\"https:\\\/\\\/www.bellunopress.it\\\/#\\\/schema\\\/logo\\\/image\\\/\",\"url\":\"https:\\\/\\\/www.bellunopress.it\\\/wp-content\\\/uploads\\\/2011\\\/05\\\/cropped-logo-bellunopress-.jpg\",\"contentUrl\":\"https:\\\/\\\/www.bellunopress.it\\\/wp-content\\\/uploads\\\/2011\\\/05\\\/cropped-logo-bellunopress-.jpg\",\"width\":512,\"height\":512,\"caption\":\"Bellunopress\"},\"image\":{\"@id\":\"https:\\\/\\\/www.bellunopress.it\\\/#\\\/schema\\\/logo\\\/image\\\/\"},\"sameAs\":[\"https:\\\/\\\/www.facebook.com\\\/profile.php?id=100008943462799\",\"https:\\\/\\\/x.com\\\/bellunopress\",\"https:\\\/\\\/www.linkedin.com\\\/hp\\\/?dnr=JBzUWaJfMUw8vbXJJ2tVW5-I3jZKvC4wsoxE&amp;amp;amp;amp;amp;amp;trk=nav_responsive_tab_home\",\"https:\\\/\\\/www.youtube.com\\\/channel\\\/UCxL0wu1uN0_3_7hGG0306cw\"]},{\"@type\":\"Person\",\"@id\":\"https:\\\/\\\/www.bellunopress.it\\\/#\\\/schema\\\/person\\\/79bb06722b37ece1c03d3e94beb30d73\",\"name\":\"redazione\",\"image\":{\"@type\":\"ImageObject\",\"inLanguage\":\"fr-FR\",\"@id\":\"https:\\\/\\\/secure.gravatar.com\\\/avatar\\\/37d968a2e67a6fd04c169c4bdef102d0bc5d31b2546345219e348575eb80e9a0?s=96&d=mm&r=g\",\"url\":\"https:\\\/\\\/secure.gravatar.com\\\/avatar\\\/37d968a2e67a6fd04c169c4bdef102d0bc5d31b2546345219e348575eb80e9a0?s=96&d=mm&r=g\",\"contentUrl\":\"https:\\\/\\\/secure.gravatar.com\\\/avatar\\\/37d968a2e67a6fd04c169c4bdef102d0bc5d31b2546345219e348575eb80e9a0?s=96&d=mm&r=g\",\"caption\":\"redazione\"},\"sameAs\":[\"http:\\\/\\\/www.bellunopress.it\",\"https:\\\/\\\/x.com\\\/bellunopress\"],\"url\":\"https:\\\/\\\/www.bellunopress.it\\\/fr\\\/author\\\/redazione\\\/\"}]}<\/script>\n<!-- \/ Yoast SEO plugin. -->","yoast_head_json":{"title":"Piano casa, il consiglio regionale approva. Assessore Corazzari: \"Una grande opportunit\u00e0, in coerenza con il termine del 2050 fissato dalla Ue\" - Bellunopress - Dolomiti","robots":{"index":"index","follow":"follow","max-snippet":"max-snippet:-1","max-image-preview":"max-image-preview:large","max-video-preview":"max-video-preview:-1"},"canonical":"https:\/\/www.bellunopress.it\/fr\/2019\/03\/27\/piano-casa-il-consiglio-regionale-approva-assessore-corazzari-una-grande-opportunita-in-coerenza-con-il-termine-del-2050-fissato-dalla-ue\/","og_locale":"fr_FR","og_type":"article","og_title":"Piano casa, il consiglio regionale approva. Assessore Corazzari: \"Una grande opportunit\u00e0, in coerenza con il termine del 2050 fissato dalla Ue\" - Bellunopress - Dolomiti","og_description":"Venezia, 27 marzo 2019\u00a0 &#8211;\u00a0\u00a0\u201cFinalmente, con il voto di oggi in Consiglio regionale si concretizza una nuova filosofia nell\u2019approccio con la riqualificazione del territorio veneto, puntando sulla sua rinaturalizzazione, sul miglioramento della vita nei tessuti cittadini e sulla cancellazione degli edifici incongrui che deturpano l\u2019armonia del paesaggio. Questo, mantenendo l\u2019assetto del piano casa nel rispetto [&hellip;]","og_url":"https:\/\/www.bellunopress.it\/fr\/2019\/03\/27\/piano-casa-il-consiglio-regionale-approva-assessore-corazzari-una-grande-opportunita-in-coerenza-con-il-termine-del-2050-fissato-dalla-ue\/","og_site_name":"Bellunopress - Dolomiti","article_publisher":"https:\/\/www.facebook.com\/profile.php?id=100008943462799","article_published_time":"2019-03-27T17:26:15+00:00","og_image":[{"url":"http:\/\/www.bellunopress.it\/wp-content\/uploads\/2015\/08\/cristiano-corazzari-assessore-regionale.jpg","type":"","width":"","height":""}],"author":"redazione","twitter_card":"summary_large_image","twitter_creator":"@bellunopress","twitter_site":"@bellunopress","twitter_misc":{"\u00c9crit par":"redazione","Dur\u00e9e de lecture estim\u00e9e":"2 minutes"},"schema":{"@context":"https:\/\/schema.org","@graph":[{"@type":"Article","@id":"https:\/\/www.bellunopress.it\/2019\/03\/27\/piano-casa-il-consiglio-regionale-approva-assessore-corazzari-una-grande-opportunita-in-coerenza-con-il-termine-del-2050-fissato-dalla-ue\/#article","isPartOf":{"@id":"https:\/\/www.bellunopress.it\/2019\/03\/27\/piano-casa-il-consiglio-regionale-approva-assessore-corazzari-una-grande-opportunita-in-coerenza-con-il-termine-del-2050-fissato-dalla-ue\/"},"author":{"name":"redazione","@id":"https:\/\/www.bellunopress.it\/#\/schema\/person\/79bb06722b37ece1c03d3e94beb30d73"},"headline":"Piano casa, il consiglio regionale approva. Assessore Corazzari: &#8220;Una grande opportunit\u00e0, in coerenza con il termine del 2050 fissato dalla Ue&#8221;","datePublished":"2019-03-27T17:26:15+00:00","mainEntityOfPage":{"@id":"https:\/\/www.bellunopress.it\/2019\/03\/27\/piano-casa-il-consiglio-regionale-approva-assessore-corazzari-una-grande-opportunita-in-coerenza-con-il-termine-del-2050-fissato-dalla-ue\/"},"wordCount":385,"publisher":{"@id":"https:\/\/www.bellunopress.it\/#organization"},"image":{"@id":"https:\/\/www.bellunopress.it\/2019\/03\/27\/piano-casa-il-consiglio-regionale-approva-assessore-corazzari-una-grande-opportunita-in-coerenza-con-il-termine-del-2050-fissato-dalla-ue\/#primaryimage"},"thumbnailUrl":"http:\/\/www.bellunopress.it\/wp-content\/uploads\/2015\/08\/cristiano-corazzari-assessore-regionale.jpg","articleSection":["Cronaca\/Politica","Prima Pagina"],"inLanguage":"fr-FR"},{"@type":"WebPage","@id":"https:\/\/www.bellunopress.it\/2019\/03\/27\/piano-casa-il-consiglio-regionale-approva-assessore-corazzari-una-grande-opportunita-in-coerenza-con-il-termine-del-2050-fissato-dalla-ue\/","url":"https:\/\/www.bellunopress.it\/2019\/03\/27\/piano-casa-il-consiglio-regionale-approva-assessore-corazzari-una-grande-opportunita-in-coerenza-con-il-termine-del-2050-fissato-dalla-ue\/","name":"Piano casa, il consiglio regionale approva. Assessore Corazzari: \"Una grande opportunit\u00e0, in coerenza con il termine del 2050 fissato dalla Ue\" - Bellunopress - Dolomiti","isPartOf":{"@id":"https:\/\/www.bellunopress.it\/#website"},"primaryImageOfPage":{"@id":"https:\/\/www.bellunopress.it\/2019\/03\/27\/piano-casa-il-consiglio-regionale-approva-assessore-corazzari-una-grande-opportunita-in-coerenza-con-il-termine-del-2050-fissato-dalla-ue\/#primaryimage"},"image":{"@id":"https:\/\/www.bellunopress.it\/2019\/03\/27\/piano-casa-il-consiglio-regionale-approva-assessore-corazzari-una-grande-opportunita-in-coerenza-con-il-termine-del-2050-fissato-dalla-ue\/#primaryimage"},"thumbnailUrl":"http:\/\/www.bellunopress.it\/wp-content\/uploads\/2015\/08\/cristiano-corazzari-assessore-regionale.jpg","datePublished":"2019-03-27T17:26:15+00:00","breadcrumb":{"@id":"https:\/\/www.bellunopress.it\/2019\/03\/27\/piano-casa-il-consiglio-regionale-approva-assessore-corazzari-una-grande-opportunita-in-coerenza-con-il-termine-del-2050-fissato-dalla-ue\/#breadcrumb"},"inLanguage":"fr-FR","potentialAction":[{"@type":"ReadAction","target":["https:\/\/www.bellunopress.it\/2019\/03\/27\/piano-casa-il-consiglio-regionale-approva-assessore-corazzari-una-grande-opportunita-in-coerenza-con-il-termine-del-2050-fissato-dalla-ue\/"]}]},{"@type":"ImageObject","inLanguage":"fr-FR","@id":"https:\/\/www.bellunopress.it\/2019\/03\/27\/piano-casa-il-consiglio-regionale-approva-assessore-corazzari-una-grande-opportunita-in-coerenza-con-il-termine-del-2050-fissato-dalla-ue\/#primaryimage","url":"http:\/\/www.bellunopress.it\/wp-content\/uploads\/2015\/08\/cristiano-corazzari-assessore-regionale.jpg","contentUrl":"http:\/\/www.bellunopress.it\/wp-content\/uploads\/2015\/08\/cristiano-corazzari-assessore-regionale.jpg"},{"@type":"BreadcrumbList","@id":"https:\/\/www.bellunopress.it\/2019\/03\/27\/piano-casa-il-consiglio-regionale-approva-assessore-corazzari-una-grande-opportunita-in-coerenza-con-il-termine-del-2050-fissato-dalla-ue\/#breadcrumb","itemListElement":[{"@type":"ListItem","position":1,"name":"Home","item":"https:\/\/www.bellunopress.it\/"},{"@type":"ListItem","position":2,"name":"Piano casa, il consiglio regionale approva. Assessore Corazzari: &#8220;Una grande opportunit\u00e0, in coerenza con il termine del 2050 fissato dalla Ue&#8221;"}]},{"@type":"WebSite","@id":"https:\/\/www.bellunopress.it\/#website","url":"https:\/\/www.bellunopress.it\/","name":"Bellunopress - Dolomiti","description":"e-mail: redazione@bellunopress.it","publisher":{"@id":"https:\/\/www.bellunopress.it\/#organization"},"potentialAction":[{"@type":"SearchAction","target":{"@type":"EntryPoint","urlTemplate":"https:\/\/www.bellunopress.it\/?s={search_term_string}"},"query-input":{"@type":"PropertyValueSpecification","valueRequired":true,"valueName":"search_term_string"}}],"inLanguage":"fr-FR"},{"@type":"Organization","@id":"https:\/\/www.bellunopress.it\/#organization","name":"Bellunopress","url":"https:\/\/www.bellunopress.it\/","logo":{"@type":"ImageObject","inLanguage":"fr-FR","@id":"https:\/\/www.bellunopress.it\/#\/schema\/logo\/image\/","url":"https:\/\/www.bellunopress.it\/wp-content\/uploads\/2011\/05\/cropped-logo-bellunopress-.jpg","contentUrl":"https:\/\/www.bellunopress.it\/wp-content\/uploads\/2011\/05\/cropped-logo-bellunopress-.jpg","width":512,"height":512,"caption":"Bellunopress"},"image":{"@id":"https:\/\/www.bellunopress.it\/#\/schema\/logo\/image\/"},"sameAs":["https:\/\/www.facebook.com\/profile.php?id=100008943462799","https:\/\/x.com\/bellunopress","https:\/\/www.linkedin.com\/hp\/?dnr=JBzUWaJfMUw8vbXJJ2tVW5-I3jZKvC4wsoxE&amp;amp;amp;amp;amp;amp;trk=nav_responsive_tab_home","https:\/\/www.youtube.com\/channel\/UCxL0wu1uN0_3_7hGG0306cw"]},{"@type":"Person","@id":"https:\/\/www.bellunopress.it\/#\/schema\/person\/79bb06722b37ece1c03d3e94beb30d73","name":"r\u00e9daction","image":{"@type":"ImageObject","inLanguage":"fr-FR","@id":"https:\/\/secure.gravatar.com\/avatar\/37d968a2e67a6fd04c169c4bdef102d0bc5d31b2546345219e348575eb80e9a0?s=96&d=mm&r=g","url":"https:\/\/secure.gravatar.com\/avatar\/37d968a2e67a6fd04c169c4bdef102d0bc5d31b2546345219e348575eb80e9a0?s=96&d=mm&r=g","contentUrl":"https:\/\/secure.gravatar.com\/avatar\/37d968a2e67a6fd04c169c4bdef102d0bc5d31b2546345219e348575eb80e9a0?s=96&d=mm&r=g","caption":"redazione"},"sameAs":["http:\/\/www.bellunopress.it","https:\/\/x.com\/bellunopress"],"url":"https:\/\/www.bellunopress.it\/fr\/author\/redazione\/"}]}},"_links":{"self":[{"href":"https:\/\/www.bellunopress.it\/fr\/wp-json\/wp\/v2\/posts\/103246","targetHints":{"allow":["GET"]}}],"collection":[{"href":"https:\/\/www.bellunopress.it\/fr\/wp-json\/wp\/v2\/posts"}],"about":[{"href":"https:\/\/www.bellunopress.it\/fr\/wp-json\/wp\/v2\/types\/post"}],"author":[{"embeddable":true,"href":"https:\/\/www.bellunopress.it\/fr\/wp-json\/wp\/v2\/users\/2"}],"replies":[{"embeddable":true,"href":"https:\/\/www.bellunopress.it\/fr\/wp-json\/wp\/v2\/comments?post=103246"}],"version-history":[{"count":1,"href":"https:\/\/www.bellunopress.it\/fr\/wp-json\/wp\/v2\/posts\/103246\/revisions"}],"predecessor-version":[{"id":103247,"href":"https:\/\/www.bellunopress.it\/fr\/wp-json\/wp\/v2\/posts\/103246\/revisions\/103247"}],"wp:attachment":[{"href":"https:\/\/www.bellunopress.it\/fr\/wp-json\/wp\/v2\/media?parent=103246"}],"wp:term":[{"taxonomy":"category","embeddable":true,"href":"https:\/\/www.bellunopress.it\/fr\/wp-json\/wp\/v2\/categories?post=103246"},{"taxonomy":"post_tag","embeddable":true,"href":"https:\/\/www.bellunopress.it\/fr\/wp-json\/wp\/v2\/tags?post=103246"}],"curies":[{"name":"wp","href":"https:\/\/api.w.org\/{rel}","templated":true}]}}