{"id":103241,"date":"2019-03-27T14:05:35","date_gmt":"2019-03-27T13:05:35","guid":{"rendered":"http:\/\/www.bellunopress.it\/?p=103241"},"modified":"2019-03-27T14:05:35","modified_gmt":"2019-03-27T13:05:35","slug":"sanita-guarda-amp-ruzzante-leu-e-bartelle-iic-emergenza-medici-solo-nelle-strutture-pubbliche-la-regione-faccia-concorsi-a-condizioni-migliori-anziche-richiamare-in-servizio-i-pens","status":"publish","type":"post","link":"https:\/\/www.bellunopress.it\/fr\/2019\/03\/27\/sanita-guarda-amp-ruzzante-leu-e-bartelle-iic-emergenza-medici-solo-nelle-strutture-pubbliche-la-regione-faccia-concorsi-a-condizioni-migliori-anziche-richiamare-in-servizio-i-pens\/","title":{"rendered":"Sanit\u00e0. Guarda (AMP), Ruzzante (Leu) e Bartelle (IiC): \u201cEmergenza medici solo nelle strutture pubbliche. La Regione faccia concorsi a condizioni migliori, anzich\u00e9 richiamare in servizio i pensionati\u201d"},"content":{"rendered":"<figure id=\"attachment_73418\" aria-describedby=\"caption-attachment-73418\" style=\"width: 137px\" class=\"wp-caption alignleft\"><a href=\"http:\/\/www.bellunopress.it\/fr\/2015\/11\/26\/capanni-di-caccia-guarda-amp-e-la-vittoria-di-una-lobby-che-rappresenta-meno-dell1-per-cento-dei-veneti\/cristina-guarda-consigliere-regionale\/\" rel=\"attachment wp-att-73418\"><img loading=\"lazy\" decoding=\"async\" class=\"size-full wp-image-73418\" src=\"http:\/\/www.bellunopress.it\/wp-content\/uploads\/2015\/11\/Cristina-Guarda-consigliere-regionale.jpg\" alt=\"\" width=\"137\" height=\"190\" \/><\/a><figcaption id=\"caption-attachment-73418\" class=\"wp-caption-text\">Cristina Guarda, consigliere regionale<\/figcaption><\/figure>\n<figure id=\"attachment_71958\" aria-describedby=\"caption-attachment-71958\" style=\"width: 138px\" class=\"wp-caption alignleft\"><a href=\"http:\/\/www.bellunopress.it\/fr\/2015\/09\/27\/mose-processo-milanese-ruzzante-pd-perche-la-regione-non-si-e-costituita-parte-civile-zaia-si-dichiara-estraneo-alla-questione\/piero-ruzzante\/\" rel=\"attachment wp-att-71958\"><img loading=\"lazy\" decoding=\"async\" class=\"size-full wp-image-71958\" src=\"http:\/\/www.bellunopress.it\/wp-content\/uploads\/2015\/09\/piero-ruzzante.jpg\" alt=\"\" width=\"138\" height=\"180\" \/><\/a><figcaption id=\"caption-attachment-71958\" class=\"wp-caption-text\">Piero Ruzzante<\/figcaption><\/figure>\n<p>\u201cEmergenza medici? Certo, ma non per le realt\u00e0 private, la carenza di personale riguarda solo il pubblico. Sicuramente le scuole di specializzazione hanno troppi pochi posti rispetto ai laureati in medicina, ma questo non ferma la sanit\u00e0 privata che alla fine propone contratti migliori, rispetto a quelli che la Regione Veneto ha messo a concorso, con condizioni economiche pi\u00f9 basse di tutta l\u2019Italia. La Giunta Zaia dovr\u00e0 interrogarsi sul perch\u00e9 della fuga di professionisti dalle strutture pubbliche. E la risposta non \u00e8 assumere pensionati\u201d. \u00c8 quanto affermano in una nota i consiglieri regionali Cristina Guarda (AMP), Piero Ruzzante (Leu) e Patrizia Bartelle (IIC).<\/p>\n<p>\u201cNei nostri ospedali mancano 1.300 specialisti, una situazione che andr\u00e0 ad aggravarsi con Quota 100. Invece di richiamare in servizio medici in pensione, si facciano concorsi con condizioni accettabili e rispettose; nessuno di noi lavorerebbe senza sosta con turno di notte e turno diurno successivo, specialmente se ha la responsabilit\u00e0 della salute della gente. E si stanzino fondi adeguati per nuove assunzioni, pensando agli oltre 10 mila giovani che ogni anno fuggono dal Veneto di Zaia. \u00c8 su questi cervelli che bisogna investire, ogni giovane laureato in medicina che sceglie di lavorare nella nostra regione equivale ad un medico in pi\u00f9 nella sanit\u00e0 veneta per i prossimi trent&#8217;anni. Richiamare i settantenni significa mettere un tampone per qualche anno: \u00e8 una politica miope\u201d.<\/p>\n<figure id=\"attachment_78937\" aria-describedby=\"caption-attachment-78937\" style=\"width: 238px\" class=\"wp-caption alignleft\"><a href=\"http:\/\/www.bellunopress.it\/fr\/2016\/07\/05\/monitoraggio-terapie-base-cannabinoidi-patrizia-bertelle-m5s\/patrizia-bartelle-5-stelle\/\" rel=\"attachment wp-att-78937\"><img loading=\"lazy\" decoding=\"async\" class=\"size-full wp-image-78937\" src=\"http:\/\/www.bellunopress.it\/wp-content\/uploads\/2016\/07\/patrizia-bartelle-5-stelle-.jpg\" alt=\"\" width=\"238\" height=\"300\" \/><\/a><figcaption id=\"caption-attachment-78937\" class=\"wp-caption-text\">Patrizia Bartelle, consigliere regionale<\/figcaption><\/figure>\n<p>\u201cE se proprio si voleva scegliere una soluzione su breve termine, perch\u00e8 non assumere intanto i professionisti dipendenti delle cooperative ai quali vengono appaltati i servizi? Troppo giovani e subito pronti a iniziare? Forse questa ipotesi \u00e8 stata scartata perch\u00e8 avrebbe tolto ogni alibi per le inefficienze della sanit\u00e0 veneta. Che senso ha, poi, spendere 70 milioni nell\u2019acquisto di tecnologie, abbiamo pi\u00f9 robot del Nord America, se poi non ci sono i professionisti per andarle a gestire? Servirebbero 90 milioni per assumere almeno 1000 medici e quindi far anche lavorare in maniera pi\u00f9 dignitosa quelli che gi\u00e0 sono dipendenti, abbattendo liste d\u2019attesa o problemi organizzativi\u201d.<\/p>\n<p>\u201c\u00c8 una questione di scelte politiche e priorit\u00e0. La Regione Veneto ha deciso di sperperare soldi della per realizzare ospedali in Project financing a condizioni sfavorevoli, a scapito dei servizi sanitari. E le conseguenze degli errori della cattiva politica, al solito, le pagano i cittadini. La favola dell\u2019eccellenza veneta non incanta pi\u00f9\u201d.<\/p>","protected":false},"excerpt":{"rendered":"<p>\u201cEmergenza medici? Certo, ma non per le realt\u00e0 private, la carenza di personale riguarda solo il pubblico. Sicuramente le scuole di specializzazione hanno troppi pochi posti rispetto ai laureati in medicina, ma questo non ferma la sanit\u00e0 privata che alla fine propone contratti migliori, rispetto a quelli che la Regione Veneto ha messo a concorso, [&hellip;]<\/p>\n","protected":false},"author":2,"featured_media":0,"comment_status":"closed","ping_status":"open","sticky":false,"template":"","format":"standard","meta":{"footnotes":""},"categories":[5,26,17],"tags":[],"class_list":["post-103241","post","type-post","status-publish","format-standard","category-cronaca","category-prima-pagina","category-sanita"],"yoast_head":"<!-- This site is optimized with the Yoast SEO plugin v28.4 - https:\/\/yoast.com\/product\/yoast-seo-wordpress\/ -->\n<title>Sanit\u00e0. Guarda (AMP), Ruzzante (Leu) e Bartelle (IiC): \u201cEmergenza medici solo nelle strutture pubbliche. La Regione faccia concorsi a condizioni migliori, anzich\u00e9 richiamare in servizio i pensionati\u201d - Bellunopress - Dolomiti<\/title>\n<meta name=\"robots\" content=\"index, follow, max-snippet:-1, max-image-preview:large, max-video-preview:-1\" \/>\n<link rel=\"canonical\" href=\"https:\/\/www.bellunopress.it\/fr\/2019\/03\/27\/sanita-guarda-amp-ruzzante-leu-e-bartelle-iic-emergenza-medici-solo-nelle-strutture-pubbliche-la-regione-faccia-concorsi-a-condizioni-migliori-anziche-richiamare-in-servizio-i-pens\/\" \/>\n<meta property=\"og:locale\" content=\"fr_FR\" \/>\n<meta property=\"og:type\" content=\"article\" \/>\n<meta property=\"og:title\" content=\"Sanit\u00e0. Guarda (AMP), Ruzzante (Leu) e Bartelle (IiC): \u201cEmergenza medici solo nelle strutture pubbliche. La Regione faccia concorsi a condizioni migliori, anzich\u00e9 richiamare in servizio i pensionati\u201d - Bellunopress - Dolomiti\" \/>\n<meta property=\"og:description\" content=\"\u201cEmergenza medici? Certo, ma non per le realt\u00e0 private, la carenza di personale riguarda solo il pubblico. Sicuramente le scuole di specializzazione hanno troppi pochi posti rispetto ai laureati in medicina, ma questo non ferma la sanit\u00e0 privata che alla fine propone contratti migliori, rispetto a quelli che la Regione Veneto ha messo a concorso, [&hellip;]\" \/>\n<meta property=\"og:url\" content=\"https:\/\/www.bellunopress.it\/fr\/2019\/03\/27\/sanita-guarda-amp-ruzzante-leu-e-bartelle-iic-emergenza-medici-solo-nelle-strutture-pubbliche-la-regione-faccia-concorsi-a-condizioni-migliori-anziche-richiamare-in-servizio-i-pens\/\" \/>\n<meta property=\"og:site_name\" content=\"Bellunopress - Dolomiti\" \/>\n<meta property=\"article:publisher\" content=\"https:\/\/www.facebook.com\/profile.php?id=100008943462799\" \/>\n<meta property=\"article:published_time\" content=\"2019-03-27T13:05:35+00:00\" \/>\n<meta property=\"og:image\" content=\"http:\/\/www.bellunopress.it\/wp-content\/uploads\/2015\/11\/Cristina-Guarda-consigliere-regionale.jpg\" \/>\n<meta name=\"author\" content=\"redazione\" \/>\n<meta name=\"twitter:card\" content=\"summary_large_image\" \/>\n<meta name=\"twitter:creator\" content=\"@bellunopress\" \/>\n<meta name=\"twitter:site\" content=\"@bellunopress\" \/>\n<meta name=\"twitter:label1\" content=\"\u00c9crit par\" \/>\n\t<meta name=\"twitter:data1\" content=\"redazione\" \/>\n\t<meta name=\"twitter:label2\" content=\"Dur\u00e9e de lecture estim\u00e9e\" \/>\n\t<meta name=\"twitter:data2\" content=\"2 minutes\" \/>\n<script type=\"application\/ld+json\" class=\"yoast-schema-graph\">{\"@context\":\"https:\\\/\\\/schema.org\",\"@graph\":[{\"@type\":\"Article\",\"@id\":\"https:\\\/\\\/www.bellunopress.it\\\/2019\\\/03\\\/27\\\/sanita-guarda-amp-ruzzante-leu-e-bartelle-iic-emergenza-medici-solo-nelle-strutture-pubbliche-la-regione-faccia-concorsi-a-condizioni-migliori-anziche-richiamare-in-servizio-i-pens\\\/#article\",\"isPartOf\":{\"@id\":\"https:\\\/\\\/www.bellunopress.it\\\/2019\\\/03\\\/27\\\/sanita-guarda-amp-ruzzante-leu-e-bartelle-iic-emergenza-medici-solo-nelle-strutture-pubbliche-la-regione-faccia-concorsi-a-condizioni-migliori-anziche-richiamare-in-servizio-i-pens\\\/\"},\"author\":{\"name\":\"redazione\",\"@id\":\"https:\\\/\\\/www.bellunopress.it\\\/#\\\/schema\\\/person\\\/79bb06722b37ece1c03d3e94beb30d73\"},\"headline\":\"Sanit\u00e0. Guarda (AMP), Ruzzante (Leu) e Bartelle (IiC): \u201cEmergenza medici solo nelle strutture pubbliche. La Regione faccia concorsi a condizioni migliori, anzich\u00e9 richiamare in servizio i pensionati\u201d\",\"datePublished\":\"2019-03-27T13:05:35+00:00\",\"mainEntityOfPage\":{\"@id\":\"https:\\\/\\\/www.bellunopress.it\\\/2019\\\/03\\\/27\\\/sanita-guarda-amp-ruzzante-leu-e-bartelle-iic-emergenza-medici-solo-nelle-strutture-pubbliche-la-regione-faccia-concorsi-a-condizioni-migliori-anziche-richiamare-in-servizio-i-pens\\\/\"},\"wordCount\":433,\"publisher\":{\"@id\":\"https:\\\/\\\/www.bellunopress.it\\\/#organization\"},\"image\":{\"@id\":\"https:\\\/\\\/www.bellunopress.it\\\/2019\\\/03\\\/27\\\/sanita-guarda-amp-ruzzante-leu-e-bartelle-iic-emergenza-medici-solo-nelle-strutture-pubbliche-la-regione-faccia-concorsi-a-condizioni-migliori-anziche-richiamare-in-servizio-i-pens\\\/#primaryimage\"},\"thumbnailUrl\":\"http:\\\/\\\/www.bellunopress.it\\\/wp-content\\\/uploads\\\/2015\\\/11\\\/Cristina-Guarda-consigliere-regionale.jpg\",\"articleSection\":[\"Cronaca\\\/Politica\",\"Prima Pagina\",\"Sanit\u00e0 Medicina\"],\"inLanguage\":\"fr-FR\"},{\"@type\":\"WebPage\",\"@id\":\"https:\\\/\\\/www.bellunopress.it\\\/2019\\\/03\\\/27\\\/sanita-guarda-amp-ruzzante-leu-e-bartelle-iic-emergenza-medici-solo-nelle-strutture-pubbliche-la-regione-faccia-concorsi-a-condizioni-migliori-anziche-richiamare-in-servizio-i-pens\\\/\",\"url\":\"https:\\\/\\\/www.bellunopress.it\\\/2019\\\/03\\\/27\\\/sanita-guarda-amp-ruzzante-leu-e-bartelle-iic-emergenza-medici-solo-nelle-strutture-pubbliche-la-regione-faccia-concorsi-a-condizioni-migliori-anziche-richiamare-in-servizio-i-pens\\\/\",\"name\":\"Sanit\u00e0. Guarda (AMP), Ruzzante (Leu) e Bartelle (IiC): \u201cEmergenza medici solo nelle strutture pubbliche. La Regione faccia concorsi a condizioni migliori, anzich\u00e9 richiamare in servizio i pensionati\u201d - Bellunopress - Dolomiti\",\"isPartOf\":{\"@id\":\"https:\\\/\\\/www.bellunopress.it\\\/#website\"},\"primaryImageOfPage\":{\"@id\":\"https:\\\/\\\/www.bellunopress.it\\\/2019\\\/03\\\/27\\\/sanita-guarda-amp-ruzzante-leu-e-bartelle-iic-emergenza-medici-solo-nelle-strutture-pubbliche-la-regione-faccia-concorsi-a-condizioni-migliori-anziche-richiamare-in-servizio-i-pens\\\/#primaryimage\"},\"image\":{\"@id\":\"https:\\\/\\\/www.bellunopress.it\\\/2019\\\/03\\\/27\\\/sanita-guarda-amp-ruzzante-leu-e-bartelle-iic-emergenza-medici-solo-nelle-strutture-pubbliche-la-regione-faccia-concorsi-a-condizioni-migliori-anziche-richiamare-in-servizio-i-pens\\\/#primaryimage\"},\"thumbnailUrl\":\"http:\\\/\\\/www.bellunopress.it\\\/wp-content\\\/uploads\\\/2015\\\/11\\\/Cristina-Guarda-consigliere-regionale.jpg\",\"datePublished\":\"2019-03-27T13:05:35+00:00\",\"breadcrumb\":{\"@id\":\"https:\\\/\\\/www.bellunopress.it\\\/2019\\\/03\\\/27\\\/sanita-guarda-amp-ruzzante-leu-e-bartelle-iic-emergenza-medici-solo-nelle-strutture-pubbliche-la-regione-faccia-concorsi-a-condizioni-migliori-anziche-richiamare-in-servizio-i-pens\\\/#breadcrumb\"},\"inLanguage\":\"fr-FR\",\"potentialAction\":[{\"@type\":\"ReadAction\",\"target\":[\"https:\\\/\\\/www.bellunopress.it\\\/2019\\\/03\\\/27\\\/sanita-guarda-amp-ruzzante-leu-e-bartelle-iic-emergenza-medici-solo-nelle-strutture-pubbliche-la-regione-faccia-concorsi-a-condizioni-migliori-anziche-richiamare-in-servizio-i-pens\\\/\"]}]},{\"@type\":\"ImageObject\",\"inLanguage\":\"fr-FR\",\"@id\":\"https:\\\/\\\/www.bellunopress.it\\\/2019\\\/03\\\/27\\\/sanita-guarda-amp-ruzzante-leu-e-bartelle-iic-emergenza-medici-solo-nelle-strutture-pubbliche-la-regione-faccia-concorsi-a-condizioni-migliori-anziche-richiamare-in-servizio-i-pens\\\/#primaryimage\",\"url\":\"http:\\\/\\\/www.bellunopress.it\\\/wp-content\\\/uploads\\\/2015\\\/11\\\/Cristina-Guarda-consigliere-regionale.jpg\",\"contentUrl\":\"http:\\\/\\\/www.bellunopress.it\\\/wp-content\\\/uploads\\\/2015\\\/11\\\/Cristina-Guarda-consigliere-regionale.jpg\"},{\"@type\":\"BreadcrumbList\",\"@id\":\"https:\\\/\\\/www.bellunopress.it\\\/2019\\\/03\\\/27\\\/sanita-guarda-amp-ruzzante-leu-e-bartelle-iic-emergenza-medici-solo-nelle-strutture-pubbliche-la-regione-faccia-concorsi-a-condizioni-migliori-anziche-richiamare-in-servizio-i-pens\\\/#breadcrumb\",\"itemListElement\":[{\"@type\":\"ListItem\",\"position\":1,\"name\":\"Home\",\"item\":\"https:\\\/\\\/www.bellunopress.it\\\/\"},{\"@type\":\"ListItem\",\"position\":2,\"name\":\"Sanit\u00e0. Guarda (AMP), Ruzzante (Leu) e Bartelle (IiC): \u201cEmergenza medici solo nelle strutture pubbliche. La Regione faccia concorsi a condizioni migliori, anzich\u00e9 richiamare in servizio i pensionati\u201d\"}]},{\"@type\":\"WebSite\",\"@id\":\"https:\\\/\\\/www.bellunopress.it\\\/#website\",\"url\":\"https:\\\/\\\/www.bellunopress.it\\\/\",\"name\":\"Bellunopress - Dolomiti\",\"description\":\"e-mail: redazione@bellunopress.it\",\"publisher\":{\"@id\":\"https:\\\/\\\/www.bellunopress.it\\\/#organization\"},\"potentialAction\":[{\"@type\":\"SearchAction\",\"target\":{\"@type\":\"EntryPoint\",\"urlTemplate\":\"https:\\\/\\\/www.bellunopress.it\\\/?s={search_term_string}\"},\"query-input\":{\"@type\":\"PropertyValueSpecification\",\"valueRequired\":true,\"valueName\":\"search_term_string\"}}],\"inLanguage\":\"fr-FR\"},{\"@type\":\"Organization\",\"@id\":\"https:\\\/\\\/www.bellunopress.it\\\/#organization\",\"name\":\"Bellunopress\",\"url\":\"https:\\\/\\\/www.bellunopress.it\\\/\",\"logo\":{\"@type\":\"ImageObject\",\"inLanguage\":\"fr-FR\",\"@id\":\"https:\\\/\\\/www.bellunopress.it\\\/#\\\/schema\\\/logo\\\/image\\\/\",\"url\":\"https:\\\/\\\/www.bellunopress.it\\\/wp-content\\\/uploads\\\/2011\\\/05\\\/cropped-logo-bellunopress-.jpg\",\"contentUrl\":\"https:\\\/\\\/www.bellunopress.it\\\/wp-content\\\/uploads\\\/2011\\\/05\\\/cropped-logo-bellunopress-.jpg\",\"width\":512,\"height\":512,\"caption\":\"Bellunopress\"},\"image\":{\"@id\":\"https:\\\/\\\/www.bellunopress.it\\\/#\\\/schema\\\/logo\\\/image\\\/\"},\"sameAs\":[\"https:\\\/\\\/www.facebook.com\\\/profile.php?id=100008943462799\",\"https:\\\/\\\/x.com\\\/bellunopress\",\"https:\\\/\\\/www.linkedin.com\\\/hp\\\/?dnr=JBzUWaJfMUw8vbXJJ2tVW5-I3jZKvC4wsoxE&amp;amp;amp;amp;amp;amp;trk=nav_responsive_tab_home\",\"https:\\\/\\\/www.youtube.com\\\/channel\\\/UCxL0wu1uN0_3_7hGG0306cw\"]},{\"@type\":\"Person\",\"@id\":\"https:\\\/\\\/www.bellunopress.it\\\/#\\\/schema\\\/person\\\/79bb06722b37ece1c03d3e94beb30d73\",\"name\":\"redazione\",\"image\":{\"@type\":\"ImageObject\",\"inLanguage\":\"fr-FR\",\"@id\":\"https:\\\/\\\/secure.gravatar.com\\\/avatar\\\/37d968a2e67a6fd04c169c4bdef102d0bc5d31b2546345219e348575eb80e9a0?s=96&d=mm&r=g\",\"url\":\"https:\\\/\\\/secure.gravatar.com\\\/avatar\\\/37d968a2e67a6fd04c169c4bdef102d0bc5d31b2546345219e348575eb80e9a0?s=96&d=mm&r=g\",\"contentUrl\":\"https:\\\/\\\/secure.gravatar.com\\\/avatar\\\/37d968a2e67a6fd04c169c4bdef102d0bc5d31b2546345219e348575eb80e9a0?s=96&d=mm&r=g\",\"caption\":\"redazione\"},\"sameAs\":[\"http:\\\/\\\/www.bellunopress.it\",\"https:\\\/\\\/x.com\\\/bellunopress\"],\"url\":\"https:\\\/\\\/www.bellunopress.it\\\/fr\\\/author\\\/redazione\\\/\"}]}<\/script>\n<!-- \/ Yoast SEO plugin. -->","yoast_head_json":{"title":"Sanit\u00e0. Guarda (AMP), Ruzzante (Leu) e Bartelle (IiC): \u201cEmergenza medici solo nelle strutture pubbliche. La Regione faccia concorsi a condizioni migliori, anzich\u00e9 richiamare in servizio i pensionati\u201d - Bellunopress - Dolomiti","robots":{"index":"index","follow":"follow","max-snippet":"max-snippet:-1","max-image-preview":"max-image-preview:large","max-video-preview":"max-video-preview:-1"},"canonical":"https:\/\/www.bellunopress.it\/fr\/2019\/03\/27\/sanita-guarda-amp-ruzzante-leu-e-bartelle-iic-emergenza-medici-solo-nelle-strutture-pubbliche-la-regione-faccia-concorsi-a-condizioni-migliori-anziche-richiamare-in-servizio-i-pens\/","og_locale":"fr_FR","og_type":"article","og_title":"Sanit\u00e0. Guarda (AMP), Ruzzante (Leu) e Bartelle (IiC): \u201cEmergenza medici solo nelle strutture pubbliche. La Regione faccia concorsi a condizioni migliori, anzich\u00e9 richiamare in servizio i pensionati\u201d - Bellunopress - Dolomiti","og_description":"\u201cEmergenza medici? Certo, ma non per le realt\u00e0 private, la carenza di personale riguarda solo il pubblico. Sicuramente le scuole di specializzazione hanno troppi pochi posti rispetto ai laureati in medicina, ma questo non ferma la sanit\u00e0 privata che alla fine propone contratti migliori, rispetto a quelli che la Regione Veneto ha messo a concorso, [&hellip;]","og_url":"https:\/\/www.bellunopress.it\/fr\/2019\/03\/27\/sanita-guarda-amp-ruzzante-leu-e-bartelle-iic-emergenza-medici-solo-nelle-strutture-pubbliche-la-regione-faccia-concorsi-a-condizioni-migliori-anziche-richiamare-in-servizio-i-pens\/","og_site_name":"Bellunopress - Dolomiti","article_publisher":"https:\/\/www.facebook.com\/profile.php?id=100008943462799","article_published_time":"2019-03-27T13:05:35+00:00","og_image":[{"url":"http:\/\/www.bellunopress.it\/wp-content\/uploads\/2015\/11\/Cristina-Guarda-consigliere-regionale.jpg","type":"","width":"","height":""}],"author":"redazione","twitter_card":"summary_large_image","twitter_creator":"@bellunopress","twitter_site":"@bellunopress","twitter_misc":{"\u00c9crit par":"redazione","Dur\u00e9e de lecture estim\u00e9e":"2 minutes"},"schema":{"@context":"https:\/\/schema.org","@graph":[{"@type":"Article","@id":"https:\/\/www.bellunopress.it\/2019\/03\/27\/sanita-guarda-amp-ruzzante-leu-e-bartelle-iic-emergenza-medici-solo-nelle-strutture-pubbliche-la-regione-faccia-concorsi-a-condizioni-migliori-anziche-richiamare-in-servizio-i-pens\/#article","isPartOf":{"@id":"https:\/\/www.bellunopress.it\/2019\/03\/27\/sanita-guarda-amp-ruzzante-leu-e-bartelle-iic-emergenza-medici-solo-nelle-strutture-pubbliche-la-regione-faccia-concorsi-a-condizioni-migliori-anziche-richiamare-in-servizio-i-pens\/"},"author":{"name":"redazione","@id":"https:\/\/www.bellunopress.it\/#\/schema\/person\/79bb06722b37ece1c03d3e94beb30d73"},"headline":"Sanit\u00e0. Guarda (AMP), Ruzzante (Leu) e Bartelle (IiC): \u201cEmergenza medici solo nelle strutture pubbliche. La Regione faccia concorsi a condizioni migliori, anzich\u00e9 richiamare in servizio i pensionati\u201d","datePublished":"2019-03-27T13:05:35+00:00","mainEntityOfPage":{"@id":"https:\/\/www.bellunopress.it\/2019\/03\/27\/sanita-guarda-amp-ruzzante-leu-e-bartelle-iic-emergenza-medici-solo-nelle-strutture-pubbliche-la-regione-faccia-concorsi-a-condizioni-migliori-anziche-richiamare-in-servizio-i-pens\/"},"wordCount":433,"publisher":{"@id":"https:\/\/www.bellunopress.it\/#organization"},"image":{"@id":"https:\/\/www.bellunopress.it\/2019\/03\/27\/sanita-guarda-amp-ruzzante-leu-e-bartelle-iic-emergenza-medici-solo-nelle-strutture-pubbliche-la-regione-faccia-concorsi-a-condizioni-migliori-anziche-richiamare-in-servizio-i-pens\/#primaryimage"},"thumbnailUrl":"http:\/\/www.bellunopress.it\/wp-content\/uploads\/2015\/11\/Cristina-Guarda-consigliere-regionale.jpg","articleSection":["Cronaca\/Politica","Prima Pagina","Sanit\u00e0 Medicina"],"inLanguage":"fr-FR"},{"@type":"WebPage","@id":"https:\/\/www.bellunopress.it\/2019\/03\/27\/sanita-guarda-amp-ruzzante-leu-e-bartelle-iic-emergenza-medici-solo-nelle-strutture-pubbliche-la-regione-faccia-concorsi-a-condizioni-migliori-anziche-richiamare-in-servizio-i-pens\/","url":"https:\/\/www.bellunopress.it\/2019\/03\/27\/sanita-guarda-amp-ruzzante-leu-e-bartelle-iic-emergenza-medici-solo-nelle-strutture-pubbliche-la-regione-faccia-concorsi-a-condizioni-migliori-anziche-richiamare-in-servizio-i-pens\/","name":"Sanit\u00e0. Guarda (AMP), Ruzzante (Leu) e Bartelle (IiC): \u201cEmergenza medici solo nelle strutture pubbliche. La Regione faccia concorsi a condizioni migliori, anzich\u00e9 richiamare in servizio i pensionati\u201d - Bellunopress - Dolomiti","isPartOf":{"@id":"https:\/\/www.bellunopress.it\/#website"},"primaryImageOfPage":{"@id":"https:\/\/www.bellunopress.it\/2019\/03\/27\/sanita-guarda-amp-ruzzante-leu-e-bartelle-iic-emergenza-medici-solo-nelle-strutture-pubbliche-la-regione-faccia-concorsi-a-condizioni-migliori-anziche-richiamare-in-servizio-i-pens\/#primaryimage"},"image":{"@id":"https:\/\/www.bellunopress.it\/2019\/03\/27\/sanita-guarda-amp-ruzzante-leu-e-bartelle-iic-emergenza-medici-solo-nelle-strutture-pubbliche-la-regione-faccia-concorsi-a-condizioni-migliori-anziche-richiamare-in-servizio-i-pens\/#primaryimage"},"thumbnailUrl":"http:\/\/www.bellunopress.it\/wp-content\/uploads\/2015\/11\/Cristina-Guarda-consigliere-regionale.jpg","datePublished":"2019-03-27T13:05:35+00:00","breadcrumb":{"@id":"https:\/\/www.bellunopress.it\/2019\/03\/27\/sanita-guarda-amp-ruzzante-leu-e-bartelle-iic-emergenza-medici-solo-nelle-strutture-pubbliche-la-regione-faccia-concorsi-a-condizioni-migliori-anziche-richiamare-in-servizio-i-pens\/#breadcrumb"},"inLanguage":"fr-FR","potentialAction":[{"@type":"ReadAction","target":["https:\/\/www.bellunopress.it\/2019\/03\/27\/sanita-guarda-amp-ruzzante-leu-e-bartelle-iic-emergenza-medici-solo-nelle-strutture-pubbliche-la-regione-faccia-concorsi-a-condizioni-migliori-anziche-richiamare-in-servizio-i-pens\/"]}]},{"@type":"ImageObject","inLanguage":"fr-FR","@id":"https:\/\/www.bellunopress.it\/2019\/03\/27\/sanita-guarda-amp-ruzzante-leu-e-bartelle-iic-emergenza-medici-solo-nelle-strutture-pubbliche-la-regione-faccia-concorsi-a-condizioni-migliori-anziche-richiamare-in-servizio-i-pens\/#primaryimage","url":"http:\/\/www.bellunopress.it\/wp-content\/uploads\/2015\/11\/Cristina-Guarda-consigliere-regionale.jpg","contentUrl":"http:\/\/www.bellunopress.it\/wp-content\/uploads\/2015\/11\/Cristina-Guarda-consigliere-regionale.jpg"},{"@type":"BreadcrumbList","@id":"https:\/\/www.bellunopress.it\/2019\/03\/27\/sanita-guarda-amp-ruzzante-leu-e-bartelle-iic-emergenza-medici-solo-nelle-strutture-pubbliche-la-regione-faccia-concorsi-a-condizioni-migliori-anziche-richiamare-in-servizio-i-pens\/#breadcrumb","itemListElement":[{"@type":"ListItem","position":1,"name":"Home","item":"https:\/\/www.bellunopress.it\/"},{"@type":"ListItem","position":2,"name":"Sanit\u00e0. Guarda (AMP), Ruzzante (Leu) e Bartelle (IiC): \u201cEmergenza medici solo nelle strutture pubbliche. La Regione faccia concorsi a condizioni migliori, anzich\u00e9 richiamare in servizio i pensionati\u201d"}]},{"@type":"WebSite","@id":"https:\/\/www.bellunopress.it\/#website","url":"https:\/\/www.bellunopress.it\/","name":"Bellunopress - Dolomiti","description":"e-mail: redazione@bellunopress.it","publisher":{"@id":"https:\/\/www.bellunopress.it\/#organization"},"potentialAction":[{"@type":"SearchAction","target":{"@type":"EntryPoint","urlTemplate":"https:\/\/www.bellunopress.it\/?s={search_term_string}"},"query-input":{"@type":"PropertyValueSpecification","valueRequired":true,"valueName":"search_term_string"}}],"inLanguage":"fr-FR"},{"@type":"Organization","@id":"https:\/\/www.bellunopress.it\/#organization","name":"Bellunopress","url":"https:\/\/www.bellunopress.it\/","logo":{"@type":"ImageObject","inLanguage":"fr-FR","@id":"https:\/\/www.bellunopress.it\/#\/schema\/logo\/image\/","url":"https:\/\/www.bellunopress.it\/wp-content\/uploads\/2011\/05\/cropped-logo-bellunopress-.jpg","contentUrl":"https:\/\/www.bellunopress.it\/wp-content\/uploads\/2011\/05\/cropped-logo-bellunopress-.jpg","width":512,"height":512,"caption":"Bellunopress"},"image":{"@id":"https:\/\/www.bellunopress.it\/#\/schema\/logo\/image\/"},"sameAs":["https:\/\/www.facebook.com\/profile.php?id=100008943462799","https:\/\/x.com\/bellunopress","https:\/\/www.linkedin.com\/hp\/?dnr=JBzUWaJfMUw8vbXJJ2tVW5-I3jZKvC4wsoxE&amp;amp;amp;amp;amp;amp;trk=nav_responsive_tab_home","https:\/\/www.youtube.com\/channel\/UCxL0wu1uN0_3_7hGG0306cw"]},{"@type":"Person","@id":"https:\/\/www.bellunopress.it\/#\/schema\/person\/79bb06722b37ece1c03d3e94beb30d73","name":"r\u00e9daction","image":{"@type":"ImageObject","inLanguage":"fr-FR","@id":"https:\/\/secure.gravatar.com\/avatar\/37d968a2e67a6fd04c169c4bdef102d0bc5d31b2546345219e348575eb80e9a0?s=96&d=mm&r=g","url":"https:\/\/secure.gravatar.com\/avatar\/37d968a2e67a6fd04c169c4bdef102d0bc5d31b2546345219e348575eb80e9a0?s=96&d=mm&r=g","contentUrl":"https:\/\/secure.gravatar.com\/avatar\/37d968a2e67a6fd04c169c4bdef102d0bc5d31b2546345219e348575eb80e9a0?s=96&d=mm&r=g","caption":"redazione"},"sameAs":["http:\/\/www.bellunopress.it","https:\/\/x.com\/bellunopress"],"url":"https:\/\/www.bellunopress.it\/fr\/author\/redazione\/"}]}},"_links":{"self":[{"href":"https:\/\/www.bellunopress.it\/fr\/wp-json\/wp\/v2\/posts\/103241","targetHints":{"allow":["GET"]}}],"collection":[{"href":"https:\/\/www.bellunopress.it\/fr\/wp-json\/wp\/v2\/posts"}],"about":[{"href":"https:\/\/www.bellunopress.it\/fr\/wp-json\/wp\/v2\/types\/post"}],"author":[{"embeddable":true,"href":"https:\/\/www.bellunopress.it\/fr\/wp-json\/wp\/v2\/users\/2"}],"replies":[{"embeddable":true,"href":"https:\/\/www.bellunopress.it\/fr\/wp-json\/wp\/v2\/comments?post=103241"}],"version-history":[{"count":1,"href":"https:\/\/www.bellunopress.it\/fr\/wp-json\/wp\/v2\/posts\/103241\/revisions"}],"predecessor-version":[{"id":103242,"href":"https:\/\/www.bellunopress.it\/fr\/wp-json\/wp\/v2\/posts\/103241\/revisions\/103242"}],"wp:attachment":[{"href":"https:\/\/www.bellunopress.it\/fr\/wp-json\/wp\/v2\/media?parent=103241"}],"wp:term":[{"taxonomy":"category","embeddable":true,"href":"https:\/\/www.bellunopress.it\/fr\/wp-json\/wp\/v2\/categories?post=103241"},{"taxonomy":"post_tag","embeddable":true,"href":"https:\/\/www.bellunopress.it\/fr\/wp-json\/wp\/v2\/tags?post=103241"}],"curies":[{"name":"wp","href":"https:\/\/api.w.org\/{rel}","templated":true}]}}