{"id":103239,"date":"2019-03-27T11:40:51","date_gmt":"2019-03-27T10:40:51","guid":{"rendered":"http:\/\/www.bellunopress.it\/?p=103239"},"modified":"2019-03-27T11:40:51","modified_gmt":"2019-03-27T10:40:51","slug":"vinitaly-2019-la-cantina-le-manzane-presenta-il-nuovo-look-delle-bottiglie-con-codice-braille-i-magnum-passano-da-2-a-4-al-salone-veronese-debutta-lo-stand-a-due-piani","status":"publish","type":"post","link":"https:\/\/www.bellunopress.it\/fr\/2019\/03\/27\/vinitaly-2019-la-cantina-le-manzane-presenta-il-nuovo-look-delle-bottiglie-con-codice-braille-i-magnum-passano-da-2-a-4-al-salone-veronese-debutta-lo-stand-a-due-piani\/","title":{"rendered":"Vinitaly 2019. La cantina Le Manzane presenta il nuovo look delle\u00a0bottiglie con codice Braille. I magnum passano da 2 a 4. Al salone veronese debutta lo stand a due piani"},"content":{"rendered":"<p>San Pietro di Feletto, 27 marzo 2019_Nuove etichette per la cantina Le Manzane. Ernesto, Silvana, Marco e Anna presenteranno ufficialmente al Vinitaly 2019 (dal 7 al 10 aprile Padiglione 4 stand F7) il Conegliano Valdobbiadene Prosecco Superiore Docg sia in versione brut che extra dry in una veste rinnovata. Con questo progetto grafico, la tenuta di San Pietro di Feletto (TV) ha voluto interpretare lo spirito giovane, glamour ed elegante delle bollicine pi\u00f9 amate al mondo, rafforzando al tempo stesso l\u2019identit\u00e0 del brand.<\/p>\n<figure id=\"attachment_97369\" aria-describedby=\"caption-attachment-97369\" style=\"width: 300px\" class=\"wp-caption alignleft\"><a href=\"http:\/\/www.bellunopress.it\/fr\/2018\/08\/23\/vendemmia-solidale-le-manzane-per-sammy-basso-con-la-partecipazione-straordinaria-della-prosecco-cycling-ledizione-2018-a-favore-dellassociazione-italiana-progeria-sammy-basso-onlu\/le-manzane-famiglia-balbinot\/\" rel=\"attachment wp-att-97369\"><img loading=\"lazy\" decoding=\"async\" class=\"size-full wp-image-97369\" src=\"http:\/\/www.bellunopress.it\/wp-content\/uploads\/2018\/08\/Le-Manzane-famiglia-Balbinot.jpg\" alt=\"\" width=\"300\" height=\"263\" \/><\/a><figcaption id=\"caption-attachment-97369\" class=\"wp-caption-text\">La famiglia Balbinot &#8211; Le Manzane<\/figcaption><\/figure>\n<p>\u00abL\u2019elemento caratterizzante delle nuove etichette &#8211; spiega Ernesto Balbinot, titolare dell\u2019azienda &#8211; sono dei rettangoli impreziositi da due glitter, color argento per il brut e oro per l\u2019extra dry, mentre \u00e8 stato mantenuto il logo PaperCigno per rafforzare la continuit\u00e0 dell\u2019immagine aziendale. \u00abIl claim della cantina Le Manzane \u00e8 \u201cTo Be Happy\u201d perch\u00e9 lavorare con il sorriso \u00e8 il nostro motto e poi perch\u00e9 il prosecco \u00e8 un generatore di buon umore: ha saputo ritagliarsi una sua identit\u00e0 di bollicina spensierata che ben si adatta sia a momenti formali che informali\u00bb. Con il progetto della nuova immagine coordinata \u00e8 stato realizzato lo stesso restyling anche per le referenze del Conegliano Valdobbiadene Docg Frizzante e dello spumante rosato \u201cRoseo\u201d. Le bottiglie sono arricchite da una speciale etichetta in Braille che consente anche alle persone non vedenti di \u201cleggere\u201d alcune indicazioni utili come il nome del vino e della cantina, l\u2019annata e il grado alcolico. L\u2019idea dell\u2019etichetta in Braille \u00e8 nata nel 2013 dopo una cena al buio con l\u2019Unione Italiana dei Ciechi e degli Ipovedenti, la FISAR di Treviso e la cantina Le Manzane.<\/p>\n<p>\u00abUn\u2019attenzione particolare &#8211; aggiunge Ernesto Balbinot &#8211; \u00e8 stata riservata anche ai formati speciali creando un magnum che riprende, nelle forme e nei marchi, le fattezze della bottiglia personalizzata da 0,75 potenziando ulteriormente il progetto di continuit\u00e0 comunicativa e di immagine non solamente nell\u2019etichetta, ma anche nel formato. Sono state, inoltre, aggiunte due nuove referenze magnum, il Conegliano Valdobbiadene Docg 20.10 sia nella versione brut che extra dry che affiancano le precedenti magnum prodotte di Conegliano Valdobbiadene Docg brut ed extra dry con l\u2019etichetta in Braille.<\/p>\n<p>Infine una novit\u00e0. \u00abDato che eravamo \u201cstretti\u201d al Vinitaly, quest\u2019anno abbiamo deciso di investire un po\u2019 di pi\u00f9 e di presentarci con uno stand a due piani: il piano inferiore per accontentare i numerosi visitatori e wine lovers che ogni anno vengono a trovarci per degustare i nostri prodotti, il piano superiore per definire strategie e per preservare la privacy della clientela pi\u00f9 consolidata, senza per\u00f2 dimenticare che il Vinitaly deve essere un punto di incontro, ma anche un momento di festa per tutti\u00bb, conclude Balbinot.<\/p>\n<p>&#8212;<\/p>","protected":false},"excerpt":{"rendered":"<p>San Pietro di Feletto, 27 marzo 2019_Nuove etichette per la cantina Le Manzane. Ernesto, Silvana, Marco e Anna presenteranno ufficialmente al Vinitaly 2019 (dal 7 al 10 aprile Padiglione 4 stand F7) il Conegliano Valdobbiadene Prosecco Superiore Docg sia in versione brut che extra dry in una veste rinnovata. Con questo progetto grafico, la tenuta [&hellip;]<\/p>\n","protected":false},"author":2,"featured_media":0,"comment_status":"closed","ping_status":"open","sticky":false,"template":"","format":"standard","meta":{"footnotes":""},"categories":[3393],"tags":[],"class_list":["post-103239","post","type-post","status-publish","format-standard","category-eventi-enogastronomici"],"yoast_head":"<!-- This site is optimized with the Yoast SEO plugin v28.4 - https:\/\/yoast.com\/product\/yoast-seo-wordpress\/ -->\n<title>Vinitaly 2019. La cantina Le Manzane presenta il nuovo look delle\u00a0bottiglie con codice Braille. I magnum passano da 2 a 4. Al salone veronese debutta lo stand a due piani - Bellunopress - Dolomiti<\/title>\n<meta name=\"robots\" content=\"index, follow, max-snippet:-1, max-image-preview:large, max-video-preview:-1\" \/>\n<link rel=\"canonical\" href=\"https:\/\/www.bellunopress.it\/fr\/2019\/03\/27\/vinitaly-2019-la-cantina-le-manzane-presenta-il-nuovo-look-delle-bottiglie-con-codice-braille-i-magnum-passano-da-2-a-4-al-salone-veronese-debutta-lo-stand-a-due-piani\/\" \/>\n<meta property=\"og:locale\" content=\"fr_FR\" \/>\n<meta property=\"og:type\" content=\"article\" \/>\n<meta property=\"og:title\" content=\"Vinitaly 2019. La cantina Le Manzane presenta il nuovo look delle\u00a0bottiglie con codice Braille. I magnum passano da 2 a 4. Al salone veronese debutta lo stand a due piani - Bellunopress - Dolomiti\" \/>\n<meta property=\"og:description\" content=\"San Pietro di Feletto, 27 marzo 2019_Nuove etichette per la cantina Le Manzane. Ernesto, Silvana, Marco e Anna presenteranno ufficialmente al Vinitaly 2019 (dal 7 al 10 aprile Padiglione 4 stand F7) il Conegliano Valdobbiadene Prosecco Superiore Docg sia in versione brut che extra dry in una veste rinnovata. Con questo progetto grafico, la tenuta [&hellip;]\" \/>\n<meta property=\"og:url\" content=\"https:\/\/www.bellunopress.it\/fr\/2019\/03\/27\/vinitaly-2019-la-cantina-le-manzane-presenta-il-nuovo-look-delle-bottiglie-con-codice-braille-i-magnum-passano-da-2-a-4-al-salone-veronese-debutta-lo-stand-a-due-piani\/\" \/>\n<meta property=\"og:site_name\" content=\"Bellunopress - Dolomiti\" \/>\n<meta property=\"article:publisher\" content=\"https:\/\/www.facebook.com\/profile.php?id=100008943462799\" \/>\n<meta property=\"article:published_time\" content=\"2019-03-27T10:40:51+00:00\" \/>\n<meta property=\"og:image\" content=\"http:\/\/www.bellunopress.it\/wp-content\/uploads\/2018\/08\/Le-Manzane-famiglia-Balbinot.jpg\" \/>\n<meta name=\"author\" content=\"redazione\" \/>\n<meta name=\"twitter:card\" content=\"summary_large_image\" \/>\n<meta name=\"twitter:creator\" content=\"@bellunopress\" \/>\n<meta name=\"twitter:site\" content=\"@bellunopress\" \/>\n<meta name=\"twitter:label1\" content=\"Written by\" \/>\n\t<meta name=\"twitter:data1\" content=\"redazione\" \/>\n\t<meta name=\"twitter:label2\" content=\"Est. reading time\" \/>\n\t<meta name=\"twitter:data2\" content=\"2 minutes\" \/>\n<script type=\"application\/ld+json\" class=\"yoast-schema-graph\">{\"@context\":\"https:\\\/\\\/schema.org\",\"@graph\":[{\"@type\":\"Article\",\"@id\":\"https:\\\/\\\/www.bellunopress.it\\\/2019\\\/03\\\/27\\\/vinitaly-2019-la-cantina-le-manzane-presenta-il-nuovo-look-delle-bottiglie-con-codice-braille-i-magnum-passano-da-2-a-4-al-salone-veronese-debutta-lo-stand-a-due-piani\\\/#article\",\"isPartOf\":{\"@id\":\"https:\\\/\\\/www.bellunopress.it\\\/2019\\\/03\\\/27\\\/vinitaly-2019-la-cantina-le-manzane-presenta-il-nuovo-look-delle-bottiglie-con-codice-braille-i-magnum-passano-da-2-a-4-al-salone-veronese-debutta-lo-stand-a-due-piani\\\/\"},\"author\":{\"name\":\"redazione\",\"@id\":\"https:\\\/\\\/www.bellunopress.it\\\/#\\\/schema\\\/person\\\/79bb06722b37ece1c03d3e94beb30d73\"},\"headline\":\"Vinitaly 2019. La cantina Le Manzane presenta il nuovo look delle\u00a0bottiglie con codice Braille. I magnum passano da 2 a 4. Al salone veronese debutta lo stand a due piani\",\"datePublished\":\"2019-03-27T10:40:51+00:00\",\"mainEntityOfPage\":{\"@id\":\"https:\\\/\\\/www.bellunopress.it\\\/2019\\\/03\\\/27\\\/vinitaly-2019-la-cantina-le-manzane-presenta-il-nuovo-look-delle-bottiglie-con-codice-braille-i-magnum-passano-da-2-a-4-al-salone-veronese-debutta-lo-stand-a-due-piani\\\/\"},\"wordCount\":478,\"publisher\":{\"@id\":\"https:\\\/\\\/www.bellunopress.it\\\/#organization\"},\"image\":{\"@id\":\"https:\\\/\\\/www.bellunopress.it\\\/2019\\\/03\\\/27\\\/vinitaly-2019-la-cantina-le-manzane-presenta-il-nuovo-look-delle-bottiglie-con-codice-braille-i-magnum-passano-da-2-a-4-al-salone-veronese-debutta-lo-stand-a-due-piani\\\/#primaryimage\"},\"thumbnailUrl\":\"http:\\\/\\\/www.bellunopress.it\\\/wp-content\\\/uploads\\\/2018\\\/08\\\/Le-Manzane-famiglia-Balbinot.jpg\",\"articleSection\":[\"Eventi enogastronomici\"],\"inLanguage\":\"fr-FR\"},{\"@type\":\"WebPage\",\"@id\":\"https:\\\/\\\/www.bellunopress.it\\\/2019\\\/03\\\/27\\\/vinitaly-2019-la-cantina-le-manzane-presenta-il-nuovo-look-delle-bottiglie-con-codice-braille-i-magnum-passano-da-2-a-4-al-salone-veronese-debutta-lo-stand-a-due-piani\\\/\",\"url\":\"https:\\\/\\\/www.bellunopress.it\\\/2019\\\/03\\\/27\\\/vinitaly-2019-la-cantina-le-manzane-presenta-il-nuovo-look-delle-bottiglie-con-codice-braille-i-magnum-passano-da-2-a-4-al-salone-veronese-debutta-lo-stand-a-due-piani\\\/\",\"name\":\"Vinitaly 2019. La cantina Le Manzane presenta il nuovo look delle\u00a0bottiglie con codice Braille. I magnum passano da 2 a 4. Al salone veronese debutta lo stand a due piani - Bellunopress - Dolomiti\",\"isPartOf\":{\"@id\":\"https:\\\/\\\/www.bellunopress.it\\\/#website\"},\"primaryImageOfPage\":{\"@id\":\"https:\\\/\\\/www.bellunopress.it\\\/2019\\\/03\\\/27\\\/vinitaly-2019-la-cantina-le-manzane-presenta-il-nuovo-look-delle-bottiglie-con-codice-braille-i-magnum-passano-da-2-a-4-al-salone-veronese-debutta-lo-stand-a-due-piani\\\/#primaryimage\"},\"image\":{\"@id\":\"https:\\\/\\\/www.bellunopress.it\\\/2019\\\/03\\\/27\\\/vinitaly-2019-la-cantina-le-manzane-presenta-il-nuovo-look-delle-bottiglie-con-codice-braille-i-magnum-passano-da-2-a-4-al-salone-veronese-debutta-lo-stand-a-due-piani\\\/#primaryimage\"},\"thumbnailUrl\":\"http:\\\/\\\/www.bellunopress.it\\\/wp-content\\\/uploads\\\/2018\\\/08\\\/Le-Manzane-famiglia-Balbinot.jpg\",\"datePublished\":\"2019-03-27T10:40:51+00:00\",\"breadcrumb\":{\"@id\":\"https:\\\/\\\/www.bellunopress.it\\\/2019\\\/03\\\/27\\\/vinitaly-2019-la-cantina-le-manzane-presenta-il-nuovo-look-delle-bottiglie-con-codice-braille-i-magnum-passano-da-2-a-4-al-salone-veronese-debutta-lo-stand-a-due-piani\\\/#breadcrumb\"},\"inLanguage\":\"fr-FR\",\"potentialAction\":[{\"@type\":\"ReadAction\",\"target\":[\"https:\\\/\\\/www.bellunopress.it\\\/2019\\\/03\\\/27\\\/vinitaly-2019-la-cantina-le-manzane-presenta-il-nuovo-look-delle-bottiglie-con-codice-braille-i-magnum-passano-da-2-a-4-al-salone-veronese-debutta-lo-stand-a-due-piani\\\/\"]}]},{\"@type\":\"ImageObject\",\"inLanguage\":\"fr-FR\",\"@id\":\"https:\\\/\\\/www.bellunopress.it\\\/2019\\\/03\\\/27\\\/vinitaly-2019-la-cantina-le-manzane-presenta-il-nuovo-look-delle-bottiglie-con-codice-braille-i-magnum-passano-da-2-a-4-al-salone-veronese-debutta-lo-stand-a-due-piani\\\/#primaryimage\",\"url\":\"http:\\\/\\\/www.bellunopress.it\\\/wp-content\\\/uploads\\\/2018\\\/08\\\/Le-Manzane-famiglia-Balbinot.jpg\",\"contentUrl\":\"http:\\\/\\\/www.bellunopress.it\\\/wp-content\\\/uploads\\\/2018\\\/08\\\/Le-Manzane-famiglia-Balbinot.jpg\"},{\"@type\":\"BreadcrumbList\",\"@id\":\"https:\\\/\\\/www.bellunopress.it\\\/2019\\\/03\\\/27\\\/vinitaly-2019-la-cantina-le-manzane-presenta-il-nuovo-look-delle-bottiglie-con-codice-braille-i-magnum-passano-da-2-a-4-al-salone-veronese-debutta-lo-stand-a-due-piani\\\/#breadcrumb\",\"itemListElement\":[{\"@type\":\"ListItem\",\"position\":1,\"name\":\"Home\",\"item\":\"https:\\\/\\\/www.bellunopress.it\\\/\"},{\"@type\":\"ListItem\",\"position\":2,\"name\":\"Vinitaly 2019. La cantina Le Manzane presenta il nuovo look delle\u00a0bottiglie con codice Braille. I magnum passano da 2 a 4. Al salone veronese debutta lo stand a due piani\"}]},{\"@type\":\"WebSite\",\"@id\":\"https:\\\/\\\/www.bellunopress.it\\\/#website\",\"url\":\"https:\\\/\\\/www.bellunopress.it\\\/\",\"name\":\"Bellunopress - Dolomiti\",\"description\":\"e-mail: redazione@bellunopress.it\",\"publisher\":{\"@id\":\"https:\\\/\\\/www.bellunopress.it\\\/#organization\"},\"potentialAction\":[{\"@type\":\"SearchAction\",\"target\":{\"@type\":\"EntryPoint\",\"urlTemplate\":\"https:\\\/\\\/www.bellunopress.it\\\/?s={search_term_string}\"},\"query-input\":{\"@type\":\"PropertyValueSpecification\",\"valueRequired\":true,\"valueName\":\"search_term_string\"}}],\"inLanguage\":\"fr-FR\"},{\"@type\":\"Organization\",\"@id\":\"https:\\\/\\\/www.bellunopress.it\\\/#organization\",\"name\":\"Bellunopress\",\"url\":\"https:\\\/\\\/www.bellunopress.it\\\/\",\"logo\":{\"@type\":\"ImageObject\",\"inLanguage\":\"fr-FR\",\"@id\":\"https:\\\/\\\/www.bellunopress.it\\\/#\\\/schema\\\/logo\\\/image\\\/\",\"url\":\"https:\\\/\\\/www.bellunopress.it\\\/wp-content\\\/uploads\\\/2011\\\/05\\\/cropped-logo-bellunopress-.jpg\",\"contentUrl\":\"https:\\\/\\\/www.bellunopress.it\\\/wp-content\\\/uploads\\\/2011\\\/05\\\/cropped-logo-bellunopress-.jpg\",\"width\":512,\"height\":512,\"caption\":\"Bellunopress\"},\"image\":{\"@id\":\"https:\\\/\\\/www.bellunopress.it\\\/#\\\/schema\\\/logo\\\/image\\\/\"},\"sameAs\":[\"https:\\\/\\\/www.facebook.com\\\/profile.php?id=100008943462799\",\"https:\\\/\\\/x.com\\\/bellunopress\",\"https:\\\/\\\/www.linkedin.com\\\/hp\\\/?dnr=JBzUWaJfMUw8vbXJJ2tVW5-I3jZKvC4wsoxE&amp;amp;amp;amp;amp;amp;trk=nav_responsive_tab_home\",\"https:\\\/\\\/www.youtube.com\\\/channel\\\/UCxL0wu1uN0_3_7hGG0306cw\"]},{\"@type\":\"Person\",\"@id\":\"https:\\\/\\\/www.bellunopress.it\\\/#\\\/schema\\\/person\\\/79bb06722b37ece1c03d3e94beb30d73\",\"name\":\"redazione\",\"image\":{\"@type\":\"ImageObject\",\"inLanguage\":\"fr-FR\",\"@id\":\"https:\\\/\\\/secure.gravatar.com\\\/avatar\\\/37d968a2e67a6fd04c169c4bdef102d0bc5d31b2546345219e348575eb80e9a0?s=96&d=mm&r=g\",\"url\":\"https:\\\/\\\/secure.gravatar.com\\\/avatar\\\/37d968a2e67a6fd04c169c4bdef102d0bc5d31b2546345219e348575eb80e9a0?s=96&d=mm&r=g\",\"contentUrl\":\"https:\\\/\\\/secure.gravatar.com\\\/avatar\\\/37d968a2e67a6fd04c169c4bdef102d0bc5d31b2546345219e348575eb80e9a0?s=96&d=mm&r=g\",\"caption\":\"redazione\"},\"sameAs\":[\"http:\\\/\\\/www.bellunopress.it\",\"https:\\\/\\\/x.com\\\/bellunopress\"],\"url\":\"https:\\\/\\\/www.bellunopress.it\\\/fr\\\/author\\\/redazione\\\/\"}]}<\/script>\n<!-- \/ Yoast SEO plugin. -->","yoast_head_json":{"title":"Vinitaly 2019. La cantina Le Manzane presenta il nuovo look delle\u00a0bottiglie con codice Braille. I magnum passano da 2 a 4. Al salone veronese debutta lo stand a due piani - Bellunopress - Dolomiti","robots":{"index":"index","follow":"follow","max-snippet":"max-snippet:-1","max-image-preview":"max-image-preview:large","max-video-preview":"max-video-preview:-1"},"canonical":"https:\/\/www.bellunopress.it\/fr\/2019\/03\/27\/vinitaly-2019-la-cantina-le-manzane-presenta-il-nuovo-look-delle-bottiglie-con-codice-braille-i-magnum-passano-da-2-a-4-al-salone-veronese-debutta-lo-stand-a-due-piani\/","og_locale":"fr_FR","og_type":"article","og_title":"Vinitaly 2019. La cantina Le Manzane presenta il nuovo look delle\u00a0bottiglie con codice Braille. I magnum passano da 2 a 4. Al salone veronese debutta lo stand a due piani - Bellunopress - Dolomiti","og_description":"San Pietro di Feletto, 27 marzo 2019_Nuove etichette per la cantina Le Manzane. Ernesto, Silvana, Marco e Anna presenteranno ufficialmente al Vinitaly 2019 (dal 7 al 10 aprile Padiglione 4 stand F7) il Conegliano Valdobbiadene Prosecco Superiore Docg sia in versione brut che extra dry in una veste rinnovata. Con questo progetto grafico, la tenuta [&hellip;]","og_url":"https:\/\/www.bellunopress.it\/fr\/2019\/03\/27\/vinitaly-2019-la-cantina-le-manzane-presenta-il-nuovo-look-delle-bottiglie-con-codice-braille-i-magnum-passano-da-2-a-4-al-salone-veronese-debutta-lo-stand-a-due-piani\/","og_site_name":"Bellunopress - Dolomiti","article_publisher":"https:\/\/www.facebook.com\/profile.php?id=100008943462799","article_published_time":"2019-03-27T10:40:51+00:00","og_image":[{"url":"http:\/\/www.bellunopress.it\/wp-content\/uploads\/2018\/08\/Le-Manzane-famiglia-Balbinot.jpg","type":"","width":"","height":""}],"author":"redazione","twitter_card":"summary_large_image","twitter_creator":"@bellunopress","twitter_site":"@bellunopress","twitter_misc":{"Written by":"redazione","Est. reading time":"2 minutes"},"schema":{"@context":"https:\/\/schema.org","@graph":[{"@type":"Article","@id":"https:\/\/www.bellunopress.it\/2019\/03\/27\/vinitaly-2019-la-cantina-le-manzane-presenta-il-nuovo-look-delle-bottiglie-con-codice-braille-i-magnum-passano-da-2-a-4-al-salone-veronese-debutta-lo-stand-a-due-piani\/#article","isPartOf":{"@id":"https:\/\/www.bellunopress.it\/2019\/03\/27\/vinitaly-2019-la-cantina-le-manzane-presenta-il-nuovo-look-delle-bottiglie-con-codice-braille-i-magnum-passano-da-2-a-4-al-salone-veronese-debutta-lo-stand-a-due-piani\/"},"author":{"name":"redazione","@id":"https:\/\/www.bellunopress.it\/#\/schema\/person\/79bb06722b37ece1c03d3e94beb30d73"},"headline":"Vinitaly 2019. La cantina Le Manzane presenta il nuovo look delle\u00a0bottiglie con codice Braille. I magnum passano da 2 a 4. Al salone veronese debutta lo stand a due piani","datePublished":"2019-03-27T10:40:51+00:00","mainEntityOfPage":{"@id":"https:\/\/www.bellunopress.it\/2019\/03\/27\/vinitaly-2019-la-cantina-le-manzane-presenta-il-nuovo-look-delle-bottiglie-con-codice-braille-i-magnum-passano-da-2-a-4-al-salone-veronese-debutta-lo-stand-a-due-piani\/"},"wordCount":478,"publisher":{"@id":"https:\/\/www.bellunopress.it\/#organization"},"image":{"@id":"https:\/\/www.bellunopress.it\/2019\/03\/27\/vinitaly-2019-la-cantina-le-manzane-presenta-il-nuovo-look-delle-bottiglie-con-codice-braille-i-magnum-passano-da-2-a-4-al-salone-veronese-debutta-lo-stand-a-due-piani\/#primaryimage"},"thumbnailUrl":"http:\/\/www.bellunopress.it\/wp-content\/uploads\/2018\/08\/Le-Manzane-famiglia-Balbinot.jpg","articleSection":["Eventi enogastronomici"],"inLanguage":"fr-FR"},{"@type":"WebPage","@id":"https:\/\/www.bellunopress.it\/2019\/03\/27\/vinitaly-2019-la-cantina-le-manzane-presenta-il-nuovo-look-delle-bottiglie-con-codice-braille-i-magnum-passano-da-2-a-4-al-salone-veronese-debutta-lo-stand-a-due-piani\/","url":"https:\/\/www.bellunopress.it\/2019\/03\/27\/vinitaly-2019-la-cantina-le-manzane-presenta-il-nuovo-look-delle-bottiglie-con-codice-braille-i-magnum-passano-da-2-a-4-al-salone-veronese-debutta-lo-stand-a-due-piani\/","name":"Vinitaly 2019. La cantina Le Manzane presenta il nuovo look delle\u00a0bottiglie con codice Braille. I magnum passano da 2 a 4. Al salone veronese debutta lo stand a due piani - Bellunopress - Dolomiti","isPartOf":{"@id":"https:\/\/www.bellunopress.it\/#website"},"primaryImageOfPage":{"@id":"https:\/\/www.bellunopress.it\/2019\/03\/27\/vinitaly-2019-la-cantina-le-manzane-presenta-il-nuovo-look-delle-bottiglie-con-codice-braille-i-magnum-passano-da-2-a-4-al-salone-veronese-debutta-lo-stand-a-due-piani\/#primaryimage"},"image":{"@id":"https:\/\/www.bellunopress.it\/2019\/03\/27\/vinitaly-2019-la-cantina-le-manzane-presenta-il-nuovo-look-delle-bottiglie-con-codice-braille-i-magnum-passano-da-2-a-4-al-salone-veronese-debutta-lo-stand-a-due-piani\/#primaryimage"},"thumbnailUrl":"http:\/\/www.bellunopress.it\/wp-content\/uploads\/2018\/08\/Le-Manzane-famiglia-Balbinot.jpg","datePublished":"2019-03-27T10:40:51+00:00","breadcrumb":{"@id":"https:\/\/www.bellunopress.it\/2019\/03\/27\/vinitaly-2019-la-cantina-le-manzane-presenta-il-nuovo-look-delle-bottiglie-con-codice-braille-i-magnum-passano-da-2-a-4-al-salone-veronese-debutta-lo-stand-a-due-piani\/#breadcrumb"},"inLanguage":"fr-FR","potentialAction":[{"@type":"ReadAction","target":["https:\/\/www.bellunopress.it\/2019\/03\/27\/vinitaly-2019-la-cantina-le-manzane-presenta-il-nuovo-look-delle-bottiglie-con-codice-braille-i-magnum-passano-da-2-a-4-al-salone-veronese-debutta-lo-stand-a-due-piani\/"]}]},{"@type":"ImageObject","inLanguage":"fr-FR","@id":"https:\/\/www.bellunopress.it\/2019\/03\/27\/vinitaly-2019-la-cantina-le-manzane-presenta-il-nuovo-look-delle-bottiglie-con-codice-braille-i-magnum-passano-da-2-a-4-al-salone-veronese-debutta-lo-stand-a-due-piani\/#primaryimage","url":"http:\/\/www.bellunopress.it\/wp-content\/uploads\/2018\/08\/Le-Manzane-famiglia-Balbinot.jpg","contentUrl":"http:\/\/www.bellunopress.it\/wp-content\/uploads\/2018\/08\/Le-Manzane-famiglia-Balbinot.jpg"},{"@type":"BreadcrumbList","@id":"https:\/\/www.bellunopress.it\/2019\/03\/27\/vinitaly-2019-la-cantina-le-manzane-presenta-il-nuovo-look-delle-bottiglie-con-codice-braille-i-magnum-passano-da-2-a-4-al-salone-veronese-debutta-lo-stand-a-due-piani\/#breadcrumb","itemListElement":[{"@type":"ListItem","position":1,"name":"Home","item":"https:\/\/www.bellunopress.it\/"},{"@type":"ListItem","position":2,"name":"Vinitaly 2019. La cantina Le Manzane presenta il nuovo look delle\u00a0bottiglie con codice Braille. I magnum passano da 2 a 4. Al salone veronese debutta lo stand a due piani"}]},{"@type":"WebSite","@id":"https:\/\/www.bellunopress.it\/#website","url":"https:\/\/www.bellunopress.it\/","name":"Bellunopress - Dolomiti","description":"e-mail: redazione@bellunopress.it","publisher":{"@id":"https:\/\/www.bellunopress.it\/#organization"},"potentialAction":[{"@type":"SearchAction","target":{"@type":"EntryPoint","urlTemplate":"https:\/\/www.bellunopress.it\/?s={search_term_string}"},"query-input":{"@type":"PropertyValueSpecification","valueRequired":true,"valueName":"search_term_string"}}],"inLanguage":"fr-FR"},{"@type":"Organization","@id":"https:\/\/www.bellunopress.it\/#organization","name":"Bellunopress","url":"https:\/\/www.bellunopress.it\/","logo":{"@type":"ImageObject","inLanguage":"fr-FR","@id":"https:\/\/www.bellunopress.it\/#\/schema\/logo\/image\/","url":"https:\/\/www.bellunopress.it\/wp-content\/uploads\/2011\/05\/cropped-logo-bellunopress-.jpg","contentUrl":"https:\/\/www.bellunopress.it\/wp-content\/uploads\/2011\/05\/cropped-logo-bellunopress-.jpg","width":512,"height":512,"caption":"Bellunopress"},"image":{"@id":"https:\/\/www.bellunopress.it\/#\/schema\/logo\/image\/"},"sameAs":["https:\/\/www.facebook.com\/profile.php?id=100008943462799","https:\/\/x.com\/bellunopress","https:\/\/www.linkedin.com\/hp\/?dnr=JBzUWaJfMUw8vbXJJ2tVW5-I3jZKvC4wsoxE&amp;amp;amp;amp;amp;amp;trk=nav_responsive_tab_home","https:\/\/www.youtube.com\/channel\/UCxL0wu1uN0_3_7hGG0306cw"]},{"@type":"Person","@id":"https:\/\/www.bellunopress.it\/#\/schema\/person\/79bb06722b37ece1c03d3e94beb30d73","name":"r\u00e9daction","image":{"@type":"ImageObject","inLanguage":"fr-FR","@id":"https:\/\/secure.gravatar.com\/avatar\/37d968a2e67a6fd04c169c4bdef102d0bc5d31b2546345219e348575eb80e9a0?s=96&d=mm&r=g","url":"https:\/\/secure.gravatar.com\/avatar\/37d968a2e67a6fd04c169c4bdef102d0bc5d31b2546345219e348575eb80e9a0?s=96&d=mm&r=g","contentUrl":"https:\/\/secure.gravatar.com\/avatar\/37d968a2e67a6fd04c169c4bdef102d0bc5d31b2546345219e348575eb80e9a0?s=96&d=mm&r=g","caption":"redazione"},"sameAs":["http:\/\/www.bellunopress.it","https:\/\/x.com\/bellunopress"],"url":"https:\/\/www.bellunopress.it\/fr\/author\/redazione\/"}]}},"_links":{"self":[{"href":"https:\/\/www.bellunopress.it\/fr\/wp-json\/wp\/v2\/posts\/103239","targetHints":{"allow":["GET"]}}],"collection":[{"href":"https:\/\/www.bellunopress.it\/fr\/wp-json\/wp\/v2\/posts"}],"about":[{"href":"https:\/\/www.bellunopress.it\/fr\/wp-json\/wp\/v2\/types\/post"}],"author":[{"embeddable":true,"href":"https:\/\/www.bellunopress.it\/fr\/wp-json\/wp\/v2\/users\/2"}],"replies":[{"embeddable":true,"href":"https:\/\/www.bellunopress.it\/fr\/wp-json\/wp\/v2\/comments?post=103239"}],"version-history":[{"count":1,"href":"https:\/\/www.bellunopress.it\/fr\/wp-json\/wp\/v2\/posts\/103239\/revisions"}],"predecessor-version":[{"id":103240,"href":"https:\/\/www.bellunopress.it\/fr\/wp-json\/wp\/v2\/posts\/103239\/revisions\/103240"}],"wp:attachment":[{"href":"https:\/\/www.bellunopress.it\/fr\/wp-json\/wp\/v2\/media?parent=103239"}],"wp:term":[{"taxonomy":"category","embeddable":true,"href":"https:\/\/www.bellunopress.it\/fr\/wp-json\/wp\/v2\/categories?post=103239"},{"taxonomy":"post_tag","embeddable":true,"href":"https:\/\/www.bellunopress.it\/fr\/wp-json\/wp\/v2\/tags?post=103239"}],"curies":[{"name":"wp","href":"https:\/\/api.w.org\/{rel}","templated":true}]}}