{"id":103237,"date":"2019-03-27T11:13:20","date_gmt":"2019-03-27T10:13:20","guid":{"rendered":"http:\/\/www.bellunopress.it\/?p=103237"},"modified":"2019-03-27T14:14:37","modified_gmt":"2019-03-27T13:14:37","slug":"emergenza-medici-moretti-pd-responsabilita-della-regione-e-del-governo-serve-un-piano-di-assunzioni-vero-altrimenti-salta-il-servizio-sanitario-nazionale","status":"publish","type":"post","link":"https:\/\/www.bellunopress.it\/fr\/2019\/03\/27\/emergenza-medici-moretti-pd-responsabilita-della-regione-e-del-governo-serve-un-piano-di-assunzioni-vero-altrimenti-salta-il-servizio-sanitario-nazionale\/","title":{"rendered":"Emergenza medici. \u00a0Moretti (PD): &#8220;Responsabilit\u00e0 della Regione e del Governo.\u00a0Serve un piano di assunzioni vero, altrimenti salta il Servizio sanitario nazionale&#8221;"},"content":{"rendered":"<figure id=\"attachment_67233\" aria-describedby=\"caption-attachment-67233\" style=\"width: 132px\" class=\"wp-caption alignleft\"><a href=\"http:\/\/www.bellunopress.it\/fr\/2015\/03\/14\/la-moretti-lancia-la-sua-campagna-elettorale-attaccando-la-lega-con-gli-scandali-nel-carroccio\/alessandra-moretti\/\" rel=\"attachment wp-att-67233\"><img loading=\"lazy\" decoding=\"async\" class=\"size-full wp-image-67233\" src=\"http:\/\/www.bellunopress.it\/wp-content\/uploads\/2015\/03\/alessandra-moretti.jpg\" alt=\"\" width=\"132\" height=\"183\" \/><\/a><figcaption id=\"caption-attachment-67233\" class=\"wp-caption-text\">Alessandra Moretti<\/figcaption><\/figure>\n<p>Venezia, 27 marzo 2019 \u00a0&#8211; \u00a0&#8220;L&#8217;emergenza medici non si risolve assumendo pensionati, ma investendo risorse adeguate nella sanit\u00e0 e in primis sul personale. \u00c8 la Regione Veneto ad avere la responsabilit\u00e0 della fuga di professionisti dal pubblico al privato; ed \u00e8 quota 100, voluta dal governo gialloverde, a creare un vero e proprio esodo nel pubblico impiego&#8221;.<\/p>\n<p>\u00c8 quanto afferma Alessandra Moretti, consigliera del Partito Democratico a proposito della scelta della Giunta di richiamare in servizio i medici pensionati per far fronte alla carenza di 1.300 professionisti.<\/p>\n<p>&#8220;La questione del personale \u00e8 fondamentale e preoccupante. Senza interventi, a tutti i livelli, rischiamo il fallimento del Sistema sanitario nazionale &#8211; aggiunge senza girarci troppo intorno &#8211; Anzich\u00e9 lamentarsi per la scarsa partecipazione ai concorsi, Zaia si chieda come mai i giovani specialisti scelgano di lavorare nelle strutture private, con un impoverimento di talenti per il pubblico che inevitabilmente ha una ricaduta sui cittadini pi\u00f9 fragili, quelli che non possono permettersi una sanit\u00e0 a pagamento. Servirebbero risorse che invece il governo Salvini\/Di Maio ha dirottato nel reddito di cittadinanza: con 1,2 miliardi si potrebbero sostituire dal punto di vista numerico i medici in uscita dal Sistema sanitario pubblico e con un altro miliardo si rinnoverebbero contratti fermi da troppo tempo. A ci\u00f2 si aggiunga la preoccupazione per i medici di base: circa 2.300 andranno in pensione nei prossimi dieci anni e, con l&#8217;attuale programmazione, nel 2027 quasi un veneto su cinque rester\u00e0 senza&#8221;.<\/p>","protected":false},"excerpt":{"rendered":"<p>Venezia, 27 marzo 2019 \u00a0&#8211; \u00a0&#8220;L&#8217;emergenza medici non si risolve assumendo pensionati, ma investendo risorse adeguate nella sanit\u00e0 e in primis sul personale. \u00c8 la Regione Veneto ad avere la responsabilit\u00e0 della fuga di professionisti dal pubblico al privato; ed \u00e8 quota 100, voluta dal governo gialloverde, a creare un vero e proprio esodo nel [&hellip;]<\/p>\n","protected":false},"author":2,"featured_media":0,"comment_status":"closed","ping_status":"open","sticky":false,"template":"","format":"standard","meta":{"footnotes":""},"categories":[5,26,17],"tags":[],"class_list":["post-103237","post","type-post","status-publish","format-standard","category-cronaca","category-prima-pagina","category-sanita"],"yoast_head":"<!-- This site is optimized with the Yoast SEO plugin v28.4 - https:\/\/yoast.com\/product\/yoast-seo-wordpress\/ -->\n<title>Emergenza medici. \u00a0Moretti (PD): &quot;Responsabilit\u00e0 della Regione e del Governo.\u00a0Serve un piano di assunzioni vero, altrimenti salta il Servizio sanitario nazionale&quot; - Bellunopress - Dolomiti<\/title>\n<meta name=\"robots\" content=\"index, follow, max-snippet:-1, max-image-preview:large, max-video-preview:-1\" \/>\n<link rel=\"canonical\" href=\"https:\/\/www.bellunopress.it\/fr\/2019\/03\/27\/emergenza-medici-moretti-pd-responsabilita-della-regione-e-del-governo-serve-un-piano-di-assunzioni-vero-altrimenti-salta-il-servizio-sanitario-nazionale\/\" \/>\n<meta property=\"og:locale\" content=\"fr_FR\" \/>\n<meta property=\"og:type\" content=\"article\" \/>\n<meta property=\"og:title\" content=\"Emergenza medici. \u00a0Moretti (PD): &quot;Responsabilit\u00e0 della Regione e del Governo.\u00a0Serve un piano di assunzioni vero, altrimenti salta il Servizio sanitario nazionale&quot; - Bellunopress - Dolomiti\" \/>\n<meta property=\"og:description\" content=\"Venezia, 27 marzo 2019 \u00a0&#8211; \u00a0&#8220;L&#8217;emergenza medici non si risolve assumendo pensionati, ma investendo risorse adeguate nella sanit\u00e0 e in primis sul personale. \u00c8 la Regione Veneto ad avere la responsabilit\u00e0 della fuga di professionisti dal pubblico al privato; ed \u00e8 quota 100, voluta dal governo gialloverde, a creare un vero e proprio esodo nel [&hellip;]\" \/>\n<meta property=\"og:url\" content=\"https:\/\/www.bellunopress.it\/fr\/2019\/03\/27\/emergenza-medici-moretti-pd-responsabilita-della-regione-e-del-governo-serve-un-piano-di-assunzioni-vero-altrimenti-salta-il-servizio-sanitario-nazionale\/\" \/>\n<meta property=\"og:site_name\" content=\"Bellunopress - Dolomiti\" \/>\n<meta property=\"article:publisher\" content=\"https:\/\/www.facebook.com\/profile.php?id=100008943462799\" \/>\n<meta property=\"article:published_time\" content=\"2019-03-27T10:13:20+00:00\" \/>\n<meta property=\"article:modified_time\" content=\"2019-03-27T13:14:37+00:00\" \/>\n<meta property=\"og:image\" content=\"http:\/\/www.bellunopress.it\/wp-content\/uploads\/2015\/03\/alessandra-moretti.jpg\" \/>\n<meta name=\"author\" content=\"redazione\" \/>\n<meta name=\"twitter:card\" content=\"summary_large_image\" \/>\n<meta name=\"twitter:creator\" content=\"@bellunopress\" \/>\n<meta name=\"twitter:site\" content=\"@bellunopress\" \/>\n<meta name=\"twitter:label1\" content=\"\u00c9crit par\" \/>\n\t<meta name=\"twitter:data1\" content=\"redazione\" \/>\n\t<meta name=\"twitter:label2\" content=\"Dur\u00e9e de lecture estim\u00e9e\" \/>\n\t<meta name=\"twitter:data2\" content=\"1 minute\" \/>\n<script type=\"application\/ld+json\" class=\"yoast-schema-graph\">{\"@context\":\"https:\\\/\\\/schema.org\",\"@graph\":[{\"@type\":\"Article\",\"@id\":\"https:\\\/\\\/www.bellunopress.it\\\/2019\\\/03\\\/27\\\/emergenza-medici-moretti-pd-responsabilita-della-regione-e-del-governo-serve-un-piano-di-assunzioni-vero-altrimenti-salta-il-servizio-sanitario-nazionale\\\/#article\",\"isPartOf\":{\"@id\":\"https:\\\/\\\/www.bellunopress.it\\\/2019\\\/03\\\/27\\\/emergenza-medici-moretti-pd-responsabilita-della-regione-e-del-governo-serve-un-piano-di-assunzioni-vero-altrimenti-salta-il-servizio-sanitario-nazionale\\\/\"},\"author\":{\"name\":\"redazione\",\"@id\":\"https:\\\/\\\/www.bellunopress.it\\\/#\\\/schema\\\/person\\\/79bb06722b37ece1c03d3e94beb30d73\"},\"headline\":\"Emergenza medici. \u00a0Moretti (PD): &#8220;Responsabilit\u00e0 della Regione e del Governo.\u00a0Serve un piano di assunzioni vero, altrimenti salta il Servizio sanitario nazionale&#8221;\",\"datePublished\":\"2019-03-27T10:13:20+00:00\",\"dateModified\":\"2019-03-27T13:14:37+00:00\",\"mainEntityOfPage\":{\"@id\":\"https:\\\/\\\/www.bellunopress.it\\\/2019\\\/03\\\/27\\\/emergenza-medici-moretti-pd-responsabilita-della-regione-e-del-governo-serve-un-piano-di-assunzioni-vero-altrimenti-salta-il-servizio-sanitario-nazionale\\\/\"},\"wordCount\":264,\"publisher\":{\"@id\":\"https:\\\/\\\/www.bellunopress.it\\\/#organization\"},\"image\":{\"@id\":\"https:\\\/\\\/www.bellunopress.it\\\/2019\\\/03\\\/27\\\/emergenza-medici-moretti-pd-responsabilita-della-regione-e-del-governo-serve-un-piano-di-assunzioni-vero-altrimenti-salta-il-servizio-sanitario-nazionale\\\/#primaryimage\"},\"thumbnailUrl\":\"http:\\\/\\\/www.bellunopress.it\\\/wp-content\\\/uploads\\\/2015\\\/03\\\/alessandra-moretti.jpg\",\"articleSection\":[\"Cronaca\\\/Politica\",\"Prima Pagina\",\"Sanit\u00e0 Medicina\"],\"inLanguage\":\"fr-FR\"},{\"@type\":\"WebPage\",\"@id\":\"https:\\\/\\\/www.bellunopress.it\\\/2019\\\/03\\\/27\\\/emergenza-medici-moretti-pd-responsabilita-della-regione-e-del-governo-serve-un-piano-di-assunzioni-vero-altrimenti-salta-il-servizio-sanitario-nazionale\\\/\",\"url\":\"https:\\\/\\\/www.bellunopress.it\\\/2019\\\/03\\\/27\\\/emergenza-medici-moretti-pd-responsabilita-della-regione-e-del-governo-serve-un-piano-di-assunzioni-vero-altrimenti-salta-il-servizio-sanitario-nazionale\\\/\",\"name\":\"Emergenza medici. \u00a0Moretti (PD): \\\"Responsabilit\u00e0 della Regione e del Governo.\u00a0Serve un piano di assunzioni vero, altrimenti salta il Servizio sanitario nazionale\\\" - Bellunopress - Dolomiti\",\"isPartOf\":{\"@id\":\"https:\\\/\\\/www.bellunopress.it\\\/#website\"},\"primaryImageOfPage\":{\"@id\":\"https:\\\/\\\/www.bellunopress.it\\\/2019\\\/03\\\/27\\\/emergenza-medici-moretti-pd-responsabilita-della-regione-e-del-governo-serve-un-piano-di-assunzioni-vero-altrimenti-salta-il-servizio-sanitario-nazionale\\\/#primaryimage\"},\"image\":{\"@id\":\"https:\\\/\\\/www.bellunopress.it\\\/2019\\\/03\\\/27\\\/emergenza-medici-moretti-pd-responsabilita-della-regione-e-del-governo-serve-un-piano-di-assunzioni-vero-altrimenti-salta-il-servizio-sanitario-nazionale\\\/#primaryimage\"},\"thumbnailUrl\":\"http:\\\/\\\/www.bellunopress.it\\\/wp-content\\\/uploads\\\/2015\\\/03\\\/alessandra-moretti.jpg\",\"datePublished\":\"2019-03-27T10:13:20+00:00\",\"dateModified\":\"2019-03-27T13:14:37+00:00\",\"breadcrumb\":{\"@id\":\"https:\\\/\\\/www.bellunopress.it\\\/2019\\\/03\\\/27\\\/emergenza-medici-moretti-pd-responsabilita-della-regione-e-del-governo-serve-un-piano-di-assunzioni-vero-altrimenti-salta-il-servizio-sanitario-nazionale\\\/#breadcrumb\"},\"inLanguage\":\"fr-FR\",\"potentialAction\":[{\"@type\":\"ReadAction\",\"target\":[\"https:\\\/\\\/www.bellunopress.it\\\/2019\\\/03\\\/27\\\/emergenza-medici-moretti-pd-responsabilita-della-regione-e-del-governo-serve-un-piano-di-assunzioni-vero-altrimenti-salta-il-servizio-sanitario-nazionale\\\/\"]}]},{\"@type\":\"ImageObject\",\"inLanguage\":\"fr-FR\",\"@id\":\"https:\\\/\\\/www.bellunopress.it\\\/2019\\\/03\\\/27\\\/emergenza-medici-moretti-pd-responsabilita-della-regione-e-del-governo-serve-un-piano-di-assunzioni-vero-altrimenti-salta-il-servizio-sanitario-nazionale\\\/#primaryimage\",\"url\":\"http:\\\/\\\/www.bellunopress.it\\\/wp-content\\\/uploads\\\/2015\\\/03\\\/alessandra-moretti.jpg\",\"contentUrl\":\"http:\\\/\\\/www.bellunopress.it\\\/wp-content\\\/uploads\\\/2015\\\/03\\\/alessandra-moretti.jpg\"},{\"@type\":\"BreadcrumbList\",\"@id\":\"https:\\\/\\\/www.bellunopress.it\\\/2019\\\/03\\\/27\\\/emergenza-medici-moretti-pd-responsabilita-della-regione-e-del-governo-serve-un-piano-di-assunzioni-vero-altrimenti-salta-il-servizio-sanitario-nazionale\\\/#breadcrumb\",\"itemListElement\":[{\"@type\":\"ListItem\",\"position\":1,\"name\":\"Home\",\"item\":\"https:\\\/\\\/www.bellunopress.it\\\/\"},{\"@type\":\"ListItem\",\"position\":2,\"name\":\"Emergenza medici. \u00a0Moretti (PD): &#8220;Responsabilit\u00e0 della Regione e del Governo.\u00a0Serve un piano di assunzioni vero, altrimenti salta il Servizio sanitario nazionale&#8221;\"}]},{\"@type\":\"WebSite\",\"@id\":\"https:\\\/\\\/www.bellunopress.it\\\/#website\",\"url\":\"https:\\\/\\\/www.bellunopress.it\\\/\",\"name\":\"Bellunopress - Dolomiti\",\"description\":\"e-mail: redazione@bellunopress.it\",\"publisher\":{\"@id\":\"https:\\\/\\\/www.bellunopress.it\\\/#organization\"},\"potentialAction\":[{\"@type\":\"SearchAction\",\"target\":{\"@type\":\"EntryPoint\",\"urlTemplate\":\"https:\\\/\\\/www.bellunopress.it\\\/?s={search_term_string}\"},\"query-input\":{\"@type\":\"PropertyValueSpecification\",\"valueRequired\":true,\"valueName\":\"search_term_string\"}}],\"inLanguage\":\"fr-FR\"},{\"@type\":\"Organization\",\"@id\":\"https:\\\/\\\/www.bellunopress.it\\\/#organization\",\"name\":\"Bellunopress\",\"url\":\"https:\\\/\\\/www.bellunopress.it\\\/\",\"logo\":{\"@type\":\"ImageObject\",\"inLanguage\":\"fr-FR\",\"@id\":\"https:\\\/\\\/www.bellunopress.it\\\/#\\\/schema\\\/logo\\\/image\\\/\",\"url\":\"https:\\\/\\\/www.bellunopress.it\\\/wp-content\\\/uploads\\\/2011\\\/05\\\/cropped-logo-bellunopress-.jpg\",\"contentUrl\":\"https:\\\/\\\/www.bellunopress.it\\\/wp-content\\\/uploads\\\/2011\\\/05\\\/cropped-logo-bellunopress-.jpg\",\"width\":512,\"height\":512,\"caption\":\"Bellunopress\"},\"image\":{\"@id\":\"https:\\\/\\\/www.bellunopress.it\\\/#\\\/schema\\\/logo\\\/image\\\/\"},\"sameAs\":[\"https:\\\/\\\/www.facebook.com\\\/profile.php?id=100008943462799\",\"https:\\\/\\\/x.com\\\/bellunopress\",\"https:\\\/\\\/www.linkedin.com\\\/hp\\\/?dnr=JBzUWaJfMUw8vbXJJ2tVW5-I3jZKvC4wsoxE&amp;amp;amp;amp;amp;amp;trk=nav_responsive_tab_home\",\"https:\\\/\\\/www.youtube.com\\\/channel\\\/UCxL0wu1uN0_3_7hGG0306cw\"]},{\"@type\":\"Person\",\"@id\":\"https:\\\/\\\/www.bellunopress.it\\\/#\\\/schema\\\/person\\\/79bb06722b37ece1c03d3e94beb30d73\",\"name\":\"redazione\",\"image\":{\"@type\":\"ImageObject\",\"inLanguage\":\"fr-FR\",\"@id\":\"https:\\\/\\\/secure.gravatar.com\\\/avatar\\\/37d968a2e67a6fd04c169c4bdef102d0bc5d31b2546345219e348575eb80e9a0?s=96&d=mm&r=g\",\"url\":\"https:\\\/\\\/secure.gravatar.com\\\/avatar\\\/37d968a2e67a6fd04c169c4bdef102d0bc5d31b2546345219e348575eb80e9a0?s=96&d=mm&r=g\",\"contentUrl\":\"https:\\\/\\\/secure.gravatar.com\\\/avatar\\\/37d968a2e67a6fd04c169c4bdef102d0bc5d31b2546345219e348575eb80e9a0?s=96&d=mm&r=g\",\"caption\":\"redazione\"},\"sameAs\":[\"http:\\\/\\\/www.bellunopress.it\",\"https:\\\/\\\/x.com\\\/bellunopress\"],\"url\":\"https:\\\/\\\/www.bellunopress.it\\\/fr\\\/author\\\/redazione\\\/\"}]}<\/script>\n<!-- \/ Yoast SEO plugin. -->","yoast_head_json":{"title":"Emergenza medici. \u00a0Moretti (PD): \"Responsabilit\u00e0 della Regione e del Governo.\u00a0Serve un piano di assunzioni vero, altrimenti salta il Servizio sanitario nazionale\" - Bellunopress - Dolomiti","robots":{"index":"index","follow":"follow","max-snippet":"max-snippet:-1","max-image-preview":"max-image-preview:large","max-video-preview":"max-video-preview:-1"},"canonical":"https:\/\/www.bellunopress.it\/fr\/2019\/03\/27\/emergenza-medici-moretti-pd-responsabilita-della-regione-e-del-governo-serve-un-piano-di-assunzioni-vero-altrimenti-salta-il-servizio-sanitario-nazionale\/","og_locale":"fr_FR","og_type":"article","og_title":"Emergenza medici. \u00a0Moretti (PD): \"Responsabilit\u00e0 della Regione e del Governo.\u00a0Serve un piano di assunzioni vero, altrimenti salta il Servizio sanitario nazionale\" - Bellunopress - Dolomiti","og_description":"Venezia, 27 marzo 2019 \u00a0&#8211; \u00a0&#8220;L&#8217;emergenza medici non si risolve assumendo pensionati, ma investendo risorse adeguate nella sanit\u00e0 e in primis sul personale. \u00c8 la Regione Veneto ad avere la responsabilit\u00e0 della fuga di professionisti dal pubblico al privato; ed \u00e8 quota 100, voluta dal governo gialloverde, a creare un vero e proprio esodo nel [&hellip;]","og_url":"https:\/\/www.bellunopress.it\/fr\/2019\/03\/27\/emergenza-medici-moretti-pd-responsabilita-della-regione-e-del-governo-serve-un-piano-di-assunzioni-vero-altrimenti-salta-il-servizio-sanitario-nazionale\/","og_site_name":"Bellunopress - Dolomiti","article_publisher":"https:\/\/www.facebook.com\/profile.php?id=100008943462799","article_published_time":"2019-03-27T10:13:20+00:00","article_modified_time":"2019-03-27T13:14:37+00:00","og_image":[{"url":"http:\/\/www.bellunopress.it\/wp-content\/uploads\/2015\/03\/alessandra-moretti.jpg","type":"","width":"","height":""}],"author":"redazione","twitter_card":"summary_large_image","twitter_creator":"@bellunopress","twitter_site":"@bellunopress","twitter_misc":{"\u00c9crit par":"redazione","Dur\u00e9e de lecture estim\u00e9e":"1 minute"},"schema":{"@context":"https:\/\/schema.org","@graph":[{"@type":"Article","@id":"https:\/\/www.bellunopress.it\/2019\/03\/27\/emergenza-medici-moretti-pd-responsabilita-della-regione-e-del-governo-serve-un-piano-di-assunzioni-vero-altrimenti-salta-il-servizio-sanitario-nazionale\/#article","isPartOf":{"@id":"https:\/\/www.bellunopress.it\/2019\/03\/27\/emergenza-medici-moretti-pd-responsabilita-della-regione-e-del-governo-serve-un-piano-di-assunzioni-vero-altrimenti-salta-il-servizio-sanitario-nazionale\/"},"author":{"name":"redazione","@id":"https:\/\/www.bellunopress.it\/#\/schema\/person\/79bb06722b37ece1c03d3e94beb30d73"},"headline":"Emergenza medici. \u00a0Moretti (PD): &#8220;Responsabilit\u00e0 della Regione e del Governo.\u00a0Serve un piano di assunzioni vero, altrimenti salta il Servizio sanitario nazionale&#8221;","datePublished":"2019-03-27T10:13:20+00:00","dateModified":"2019-03-27T13:14:37+00:00","mainEntityOfPage":{"@id":"https:\/\/www.bellunopress.it\/2019\/03\/27\/emergenza-medici-moretti-pd-responsabilita-della-regione-e-del-governo-serve-un-piano-di-assunzioni-vero-altrimenti-salta-il-servizio-sanitario-nazionale\/"},"wordCount":264,"publisher":{"@id":"https:\/\/www.bellunopress.it\/#organization"},"image":{"@id":"https:\/\/www.bellunopress.it\/2019\/03\/27\/emergenza-medici-moretti-pd-responsabilita-della-regione-e-del-governo-serve-un-piano-di-assunzioni-vero-altrimenti-salta-il-servizio-sanitario-nazionale\/#primaryimage"},"thumbnailUrl":"http:\/\/www.bellunopress.it\/wp-content\/uploads\/2015\/03\/alessandra-moretti.jpg","articleSection":["Cronaca\/Politica","Prima Pagina","Sanit\u00e0 Medicina"],"inLanguage":"fr-FR"},{"@type":"WebPage","@id":"https:\/\/www.bellunopress.it\/2019\/03\/27\/emergenza-medici-moretti-pd-responsabilita-della-regione-e-del-governo-serve-un-piano-di-assunzioni-vero-altrimenti-salta-il-servizio-sanitario-nazionale\/","url":"https:\/\/www.bellunopress.it\/2019\/03\/27\/emergenza-medici-moretti-pd-responsabilita-della-regione-e-del-governo-serve-un-piano-di-assunzioni-vero-altrimenti-salta-il-servizio-sanitario-nazionale\/","name":"Emergenza medici. \u00a0Moretti (PD): \"Responsabilit\u00e0 della Regione e del Governo.\u00a0Serve un piano di assunzioni vero, altrimenti salta il Servizio sanitario nazionale\" - Bellunopress - Dolomiti","isPartOf":{"@id":"https:\/\/www.bellunopress.it\/#website"},"primaryImageOfPage":{"@id":"https:\/\/www.bellunopress.it\/2019\/03\/27\/emergenza-medici-moretti-pd-responsabilita-della-regione-e-del-governo-serve-un-piano-di-assunzioni-vero-altrimenti-salta-il-servizio-sanitario-nazionale\/#primaryimage"},"image":{"@id":"https:\/\/www.bellunopress.it\/2019\/03\/27\/emergenza-medici-moretti-pd-responsabilita-della-regione-e-del-governo-serve-un-piano-di-assunzioni-vero-altrimenti-salta-il-servizio-sanitario-nazionale\/#primaryimage"},"thumbnailUrl":"http:\/\/www.bellunopress.it\/wp-content\/uploads\/2015\/03\/alessandra-moretti.jpg","datePublished":"2019-03-27T10:13:20+00:00","dateModified":"2019-03-27T13:14:37+00:00","breadcrumb":{"@id":"https:\/\/www.bellunopress.it\/2019\/03\/27\/emergenza-medici-moretti-pd-responsabilita-della-regione-e-del-governo-serve-un-piano-di-assunzioni-vero-altrimenti-salta-il-servizio-sanitario-nazionale\/#breadcrumb"},"inLanguage":"fr-FR","potentialAction":[{"@type":"ReadAction","target":["https:\/\/www.bellunopress.it\/2019\/03\/27\/emergenza-medici-moretti-pd-responsabilita-della-regione-e-del-governo-serve-un-piano-di-assunzioni-vero-altrimenti-salta-il-servizio-sanitario-nazionale\/"]}]},{"@type":"ImageObject","inLanguage":"fr-FR","@id":"https:\/\/www.bellunopress.it\/2019\/03\/27\/emergenza-medici-moretti-pd-responsabilita-della-regione-e-del-governo-serve-un-piano-di-assunzioni-vero-altrimenti-salta-il-servizio-sanitario-nazionale\/#primaryimage","url":"http:\/\/www.bellunopress.it\/wp-content\/uploads\/2015\/03\/alessandra-moretti.jpg","contentUrl":"http:\/\/www.bellunopress.it\/wp-content\/uploads\/2015\/03\/alessandra-moretti.jpg"},{"@type":"BreadcrumbList","@id":"https:\/\/www.bellunopress.it\/2019\/03\/27\/emergenza-medici-moretti-pd-responsabilita-della-regione-e-del-governo-serve-un-piano-di-assunzioni-vero-altrimenti-salta-il-servizio-sanitario-nazionale\/#breadcrumb","itemListElement":[{"@type":"ListItem","position":1,"name":"Home","item":"https:\/\/www.bellunopress.it\/"},{"@type":"ListItem","position":2,"name":"Emergenza medici. \u00a0Moretti (PD): &#8220;Responsabilit\u00e0 della Regione e del Governo.\u00a0Serve un piano di assunzioni vero, altrimenti salta il Servizio sanitario nazionale&#8221;"}]},{"@type":"WebSite","@id":"https:\/\/www.bellunopress.it\/#website","url":"https:\/\/www.bellunopress.it\/","name":"Bellunopress - Dolomiti","description":"e-mail: redazione@bellunopress.it","publisher":{"@id":"https:\/\/www.bellunopress.it\/#organization"},"potentialAction":[{"@type":"SearchAction","target":{"@type":"EntryPoint","urlTemplate":"https:\/\/www.bellunopress.it\/?s={search_term_string}"},"query-input":{"@type":"PropertyValueSpecification","valueRequired":true,"valueName":"search_term_string"}}],"inLanguage":"fr-FR"},{"@type":"Organization","@id":"https:\/\/www.bellunopress.it\/#organization","name":"Bellunopress","url":"https:\/\/www.bellunopress.it\/","logo":{"@type":"ImageObject","inLanguage":"fr-FR","@id":"https:\/\/www.bellunopress.it\/#\/schema\/logo\/image\/","url":"https:\/\/www.bellunopress.it\/wp-content\/uploads\/2011\/05\/cropped-logo-bellunopress-.jpg","contentUrl":"https:\/\/www.bellunopress.it\/wp-content\/uploads\/2011\/05\/cropped-logo-bellunopress-.jpg","width":512,"height":512,"caption":"Bellunopress"},"image":{"@id":"https:\/\/www.bellunopress.it\/#\/schema\/logo\/image\/"},"sameAs":["https:\/\/www.facebook.com\/profile.php?id=100008943462799","https:\/\/x.com\/bellunopress","https:\/\/www.linkedin.com\/hp\/?dnr=JBzUWaJfMUw8vbXJJ2tVW5-I3jZKvC4wsoxE&amp;amp;amp;amp;amp;amp;trk=nav_responsive_tab_home","https:\/\/www.youtube.com\/channel\/UCxL0wu1uN0_3_7hGG0306cw"]},{"@type":"Person","@id":"https:\/\/www.bellunopress.it\/#\/schema\/person\/79bb06722b37ece1c03d3e94beb30d73","name":"r\u00e9daction","image":{"@type":"ImageObject","inLanguage":"fr-FR","@id":"https:\/\/secure.gravatar.com\/avatar\/37d968a2e67a6fd04c169c4bdef102d0bc5d31b2546345219e348575eb80e9a0?s=96&d=mm&r=g","url":"https:\/\/secure.gravatar.com\/avatar\/37d968a2e67a6fd04c169c4bdef102d0bc5d31b2546345219e348575eb80e9a0?s=96&d=mm&r=g","contentUrl":"https:\/\/secure.gravatar.com\/avatar\/37d968a2e67a6fd04c169c4bdef102d0bc5d31b2546345219e348575eb80e9a0?s=96&d=mm&r=g","caption":"redazione"},"sameAs":["http:\/\/www.bellunopress.it","https:\/\/x.com\/bellunopress"],"url":"https:\/\/www.bellunopress.it\/fr\/author\/redazione\/"}]}},"_links":{"self":[{"href":"https:\/\/www.bellunopress.it\/fr\/wp-json\/wp\/v2\/posts\/103237","targetHints":{"allow":["GET"]}}],"collection":[{"href":"https:\/\/www.bellunopress.it\/fr\/wp-json\/wp\/v2\/posts"}],"about":[{"href":"https:\/\/www.bellunopress.it\/fr\/wp-json\/wp\/v2\/types\/post"}],"author":[{"embeddable":true,"href":"https:\/\/www.bellunopress.it\/fr\/wp-json\/wp\/v2\/users\/2"}],"replies":[{"embeddable":true,"href":"https:\/\/www.bellunopress.it\/fr\/wp-json\/wp\/v2\/comments?post=103237"}],"version-history":[{"count":1,"href":"https:\/\/www.bellunopress.it\/fr\/wp-json\/wp\/v2\/posts\/103237\/revisions"}],"predecessor-version":[{"id":103238,"href":"https:\/\/www.bellunopress.it\/fr\/wp-json\/wp\/v2\/posts\/103237\/revisions\/103238"}],"wp:attachment":[{"href":"https:\/\/www.bellunopress.it\/fr\/wp-json\/wp\/v2\/media?parent=103237"}],"wp:term":[{"taxonomy":"category","embeddable":true,"href":"https:\/\/www.bellunopress.it\/fr\/wp-json\/wp\/v2\/categories?post=103237"},{"taxonomy":"post_tag","embeddable":true,"href":"https:\/\/www.bellunopress.it\/fr\/wp-json\/wp\/v2\/tags?post=103237"}],"curies":[{"name":"wp","href":"https:\/\/api.w.org\/{rel}","templated":true}]}}