{"id":103213,"date":"2019-03-26T18:54:42","date_gmt":"2019-03-26T17:54:42","guid":{"rendered":"http:\/\/www.bellunopress.it\/?p=103213"},"modified":"2019-03-26T18:54:43","modified_gmt":"2019-03-26T17:54:43","slug":"ostacoli-al-volo-e-sicurezza-nelle-missioni-di-soccorso-il-soccorso-alpino-in-commissione-nazionale","status":"publish","type":"post","link":"https:\/\/www.bellunopress.it\/fr\/2019\/03\/26\/ostacoli-al-volo-e-sicurezza-nelle-missioni-di-soccorso-il-soccorso-alpino-in-commissione-nazionale\/","title":{"rendered":"Ostacoli al volo e sicurezza nelle missioni di soccorso: il Soccorso alpino in Commissione nazionale"},"content":{"rendered":"<figure id=\"attachment_103214\" aria-describedby=\"caption-attachment-103214\" style=\"width: 233px\" class=\"wp-caption alignleft\"><a href=\"http:\/\/www.bellunopress.it\/fr\/2019\/03\/26\/ostacoli-al-volo-e-sicurezza-nelle-missioni-di-soccorso-il-soccorso-alpino-in-commissione-nazionale\/fabio-bristot-rufus\/\" rel=\"attachment wp-att-103214\"><img loading=\"lazy\" decoding=\"async\" class=\"size-full wp-image-103214\" src=\"http:\/\/www.bellunopress.it\/wp-content\/uploads\/2019\/03\/Fabio-Bristot-Rufus.jpg\" alt=\"\" width=\"233\" height=\"300\" \/><\/a><figcaption id=\"caption-attachment-103214\" class=\"wp-caption-text\">Fabio Bristot<\/figcaption><\/figure>\n<p>Il Corpo Nazionale Soccorso Alpino e Speleologico (CNSAS) \u00e8 entrato ufficialmente a far parte del tavolo tecnico per lo studio e approfondimento delle problematiche sulla sicurezza del volo: una commissione ad hoc di esperti, voluta dalla Presidenza del Consiglio del Ministri per studiare le soluzioni pi\u00f9 efficaci &#8211; a livello tecnico e legislativo &#8211; per aumentare la sicurezza del volo degli aeromobili, con particolare riguardo agli ostacoli a bassa quota.<\/p>\n<p>Fabio Bristot, il consigliere nazionale del CNSAS che rappresenter\u00e0 il Soccorso Alpino nel tavolo tecnico,&#8221;valuta la costituzione di questo tavolo di lavoro come un primo, sostanziale passo nella giusta direzione che dovr\u00e0, per\u00f2, tutelare senza pi\u00f9 alcun tentennamento tutti gli equipaggi che utilizzano l&#8217;elicottero per missioni di elisoccorso, protezione civile, antincendio e lavoro aereo.&#8221;<\/p>\n<p>Il decreto di istituzione del tavolo tecnico \u00e8 datato 19 marzo 2019, a firma del Capo Dipartimento della Protezione Civile, il dott. Angelo Borrelli. Riunisce, oltre Soccorso Alpino, i principali Corpi dello Stato (civili e militari) e le istituzioni preposte al soccorso con l&#8217;uso di elicotteri e aerei. Un&#8217;attivit\u00e0 particolarmente rischiosa, che ha visto pagare negli ultimi anni un forte tributo in termini di vite umane di soccorritori (ma anche persone soccorse), vittime di incidenti durante le missioni HEMS (Helicopter Hemergency Medical Service) e SAR (Search and Rescue). Molti degli incidenti \u2013 come riveleranno le inchieste dell&#8217;ANSV (Agenzia Nazionale per Sicurezza del Volo) si sono dimostrati del tutto evitabili, e in buona parte derivanti dalla mancata segnalazione di ostacoli al volo presenti nelle zone delle operazioni aeree.<\/p>\n<p>&#8220;Il tavolo tecnico avr\u00e0 la possibilit\u00e0 di proporre modifiche al quadro normativo di riferimento e la valutazione delle possibili ipotesi di istituzione di un database nazionale degli ostacoli &#8211; fa sapere Fabio Bristot -. Abbiamo la possibilit\u00e0, con un&#8217;analisi finalmente rigorosa della situazione attuale, di mettere in atto delle misure correttive e dei nuovi strumenti di legge, con un unico scopo: prevenire gli incidenti e salvare vite umane. La nostra \u00e8 una battaglia per la sicurezza, iniziata un minuto dopo il tragico 22 agosto 2009, quando un elicottero del SUEM, impegnato in una ricognizione nelle montagne del Veneto con a bordo anche i nostri colleghi del Soccorso Alpino, ha urtato un cavo non segnalato e l&#8217;intero equipaggio ha perso la vita. Ci sono stati altri incidenti, non ultimo quello occorso all&#8217;elicottero dell&#8217;elisoccorso de L&#8217;Aquila, schiantatosi in una situazione di nebbia nel 2017, che ha visto la morte di 6 soccorritori fra cui due uomini del CNSAS. Serve istituire un database che impedisca incidenti aerei per ostacoli non segnalati: in elicottero, ma anche in aereo volando a bassa quota, quando ti sei accorto dell&#8217;ostacolo \u00e8 gi\u00e0, spesso (sempre), troppo tardi, poich\u00e9 questo diventa il pi\u00f9 delle volte mortale&#8221;, continua Bristot.<\/p>\n<p>Nel totale di 9.554 missioni di soccorso alpino nel 2018 (il valore pi\u00f9 alto nella storia del Corpo), L&#8217;impiego dei mezzi aerei \u00e8 avvenuto in 2.362 casi (pari al 59,2%), con il decolli di elicotteri delle basi operative del SUEM dislocate nelle varie regioni italiane.<\/p>\n<p>&#8220;Numeri cos\u00ec importanti\u2013 concludono Dellantonio e Bristot \u2013 che, di per s\u00e9, impongono che anche il Legislatore, cio\u00e8 il Parlamento, porti ad approvazione con un testo unico e condiviso gli attuali tre Disegni di Legge depositati attualmente alla Camera, dando cos\u00ec al Paese una norma di civilt\u00e0.&#8221;<\/p>\n<p>&nbsp;<\/p>","protected":false},"excerpt":{"rendered":"<p>Il Corpo Nazionale Soccorso Alpino e Speleologico (CNSAS) \u00e8 entrato ufficialmente a far parte del tavolo tecnico per lo studio e approfondimento delle problematiche sulla sicurezza del volo: una commissione ad hoc di esperti, voluta dalla Presidenza del Consiglio del Ministri per studiare le soluzioni pi\u00f9 efficaci &#8211; a livello tecnico e legislativo &#8211; per [&hellip;]<\/p>\n","protected":false},"author":2,"featured_media":0,"comment_status":"closed","ping_status":"open","sticky":false,"template":"","format":"standard","meta":{"footnotes":""},"categories":[5,26,8],"tags":[],"class_list":["post-103213","post","type-post","status-publish","format-standard","category-cronaca","category-prima-pagina","category-societa-istituzioni"],"yoast_head":"<!-- This site is optimized with the Yoast SEO plugin v28.4 - https:\/\/yoast.com\/product\/yoast-seo-wordpress\/ -->\n<title>Ostacoli al volo e sicurezza nelle missioni di soccorso: il Soccorso alpino in Commissione nazionale - Bellunopress - Dolomiti<\/title>\n<meta name=\"robots\" content=\"index, follow, max-snippet:-1, max-image-preview:large, max-video-preview:-1\" \/>\n<link rel=\"canonical\" href=\"https:\/\/www.bellunopress.it\/fr\/2019\/03\/26\/ostacoli-al-volo-e-sicurezza-nelle-missioni-di-soccorso-il-soccorso-alpino-in-commissione-nazionale\/\" \/>\n<meta property=\"og:locale\" content=\"fr_FR\" \/>\n<meta property=\"og:type\" content=\"article\" \/>\n<meta property=\"og:title\" content=\"Ostacoli al volo e sicurezza nelle missioni di soccorso: il Soccorso alpino in Commissione nazionale - Bellunopress - Dolomiti\" \/>\n<meta property=\"og:description\" content=\"Il Corpo Nazionale Soccorso Alpino e Speleologico (CNSAS) \u00e8 entrato ufficialmente a far parte del tavolo tecnico per lo studio e approfondimento delle problematiche sulla sicurezza del volo: una commissione ad hoc di esperti, voluta dalla Presidenza del Consiglio del Ministri per studiare le soluzioni pi\u00f9 efficaci &#8211; a livello tecnico e legislativo &#8211; per [&hellip;]\" \/>\n<meta property=\"og:url\" content=\"https:\/\/www.bellunopress.it\/fr\/2019\/03\/26\/ostacoli-al-volo-e-sicurezza-nelle-missioni-di-soccorso-il-soccorso-alpino-in-commissione-nazionale\/\" \/>\n<meta property=\"og:site_name\" content=\"Bellunopress - Dolomiti\" \/>\n<meta property=\"article:publisher\" content=\"https:\/\/www.facebook.com\/profile.php?id=100008943462799\" \/>\n<meta property=\"article:published_time\" content=\"2019-03-26T17:54:42+00:00\" \/>\n<meta property=\"article:modified_time\" content=\"2019-03-26T17:54:43+00:00\" \/>\n<meta property=\"og:image\" content=\"http:\/\/www.bellunopress.it\/wp-content\/uploads\/2019\/03\/Fabio-Bristot-Rufus.jpg\" \/>\n<meta name=\"author\" content=\"redazione\" \/>\n<meta name=\"twitter:card\" content=\"summary_large_image\" \/>\n<meta name=\"twitter:creator\" content=\"@bellunopress\" \/>\n<meta name=\"twitter:site\" content=\"@bellunopress\" \/>\n<meta name=\"twitter:label1\" content=\"\u00c9crit par\" \/>\n\t<meta name=\"twitter:data1\" content=\"redazione\" \/>\n\t<meta name=\"twitter:label2\" content=\"Dur\u00e9e de lecture estim\u00e9e\" \/>\n\t<meta name=\"twitter:data2\" content=\"3 minutes\" \/>\n<script type=\"application\/ld+json\" class=\"yoast-schema-graph\">{\"@context\":\"https:\\\/\\\/schema.org\",\"@graph\":[{\"@type\":\"Article\",\"@id\":\"https:\\\/\\\/www.bellunopress.it\\\/2019\\\/03\\\/26\\\/ostacoli-al-volo-e-sicurezza-nelle-missioni-di-soccorso-il-soccorso-alpino-in-commissione-nazionale\\\/#article\",\"isPartOf\":{\"@id\":\"https:\\\/\\\/www.bellunopress.it\\\/2019\\\/03\\\/26\\\/ostacoli-al-volo-e-sicurezza-nelle-missioni-di-soccorso-il-soccorso-alpino-in-commissione-nazionale\\\/\"},\"author\":{\"name\":\"redazione\",\"@id\":\"https:\\\/\\\/www.bellunopress.it\\\/#\\\/schema\\\/person\\\/79bb06722b37ece1c03d3e94beb30d73\"},\"headline\":\"Ostacoli al volo e sicurezza nelle missioni di soccorso: il Soccorso alpino in Commissione nazionale\",\"datePublished\":\"2019-03-26T17:54:42+00:00\",\"dateModified\":\"2019-03-26T17:54:43+00:00\",\"mainEntityOfPage\":{\"@id\":\"https:\\\/\\\/www.bellunopress.it\\\/2019\\\/03\\\/26\\\/ostacoli-al-volo-e-sicurezza-nelle-missioni-di-soccorso-il-soccorso-alpino-in-commissione-nazionale\\\/\"},\"wordCount\":562,\"publisher\":{\"@id\":\"https:\\\/\\\/www.bellunopress.it\\\/#organization\"},\"image\":{\"@id\":\"https:\\\/\\\/www.bellunopress.it\\\/2019\\\/03\\\/26\\\/ostacoli-al-volo-e-sicurezza-nelle-missioni-di-soccorso-il-soccorso-alpino-in-commissione-nazionale\\\/#primaryimage\"},\"thumbnailUrl\":\"http:\\\/\\\/www.bellunopress.it\\\/wp-content\\\/uploads\\\/2019\\\/03\\\/Fabio-Bristot-Rufus.jpg\",\"articleSection\":[\"Cronaca\\\/Politica\",\"Prima Pagina\",\"Societ\u00e0, Associazioni, Istituzioni\"],\"inLanguage\":\"fr-FR\"},{\"@type\":\"WebPage\",\"@id\":\"https:\\\/\\\/www.bellunopress.it\\\/2019\\\/03\\\/26\\\/ostacoli-al-volo-e-sicurezza-nelle-missioni-di-soccorso-il-soccorso-alpino-in-commissione-nazionale\\\/\",\"url\":\"https:\\\/\\\/www.bellunopress.it\\\/2019\\\/03\\\/26\\\/ostacoli-al-volo-e-sicurezza-nelle-missioni-di-soccorso-il-soccorso-alpino-in-commissione-nazionale\\\/\",\"name\":\"Ostacoli al volo e sicurezza nelle missioni di soccorso: il Soccorso alpino in Commissione nazionale - Bellunopress - Dolomiti\",\"isPartOf\":{\"@id\":\"https:\\\/\\\/www.bellunopress.it\\\/#website\"},\"primaryImageOfPage\":{\"@id\":\"https:\\\/\\\/www.bellunopress.it\\\/2019\\\/03\\\/26\\\/ostacoli-al-volo-e-sicurezza-nelle-missioni-di-soccorso-il-soccorso-alpino-in-commissione-nazionale\\\/#primaryimage\"},\"image\":{\"@id\":\"https:\\\/\\\/www.bellunopress.it\\\/2019\\\/03\\\/26\\\/ostacoli-al-volo-e-sicurezza-nelle-missioni-di-soccorso-il-soccorso-alpino-in-commissione-nazionale\\\/#primaryimage\"},\"thumbnailUrl\":\"http:\\\/\\\/www.bellunopress.it\\\/wp-content\\\/uploads\\\/2019\\\/03\\\/Fabio-Bristot-Rufus.jpg\",\"datePublished\":\"2019-03-26T17:54:42+00:00\",\"dateModified\":\"2019-03-26T17:54:43+00:00\",\"breadcrumb\":{\"@id\":\"https:\\\/\\\/www.bellunopress.it\\\/2019\\\/03\\\/26\\\/ostacoli-al-volo-e-sicurezza-nelle-missioni-di-soccorso-il-soccorso-alpino-in-commissione-nazionale\\\/#breadcrumb\"},\"inLanguage\":\"fr-FR\",\"potentialAction\":[{\"@type\":\"ReadAction\",\"target\":[\"https:\\\/\\\/www.bellunopress.it\\\/2019\\\/03\\\/26\\\/ostacoli-al-volo-e-sicurezza-nelle-missioni-di-soccorso-il-soccorso-alpino-in-commissione-nazionale\\\/\"]}]},{\"@type\":\"ImageObject\",\"inLanguage\":\"fr-FR\",\"@id\":\"https:\\\/\\\/www.bellunopress.it\\\/2019\\\/03\\\/26\\\/ostacoli-al-volo-e-sicurezza-nelle-missioni-di-soccorso-il-soccorso-alpino-in-commissione-nazionale\\\/#primaryimage\",\"url\":\"http:\\\/\\\/www.bellunopress.it\\\/wp-content\\\/uploads\\\/2019\\\/03\\\/Fabio-Bristot-Rufus.jpg\",\"contentUrl\":\"http:\\\/\\\/www.bellunopress.it\\\/wp-content\\\/uploads\\\/2019\\\/03\\\/Fabio-Bristot-Rufus.jpg\"},{\"@type\":\"BreadcrumbList\",\"@id\":\"https:\\\/\\\/www.bellunopress.it\\\/2019\\\/03\\\/26\\\/ostacoli-al-volo-e-sicurezza-nelle-missioni-di-soccorso-il-soccorso-alpino-in-commissione-nazionale\\\/#breadcrumb\",\"itemListElement\":[{\"@type\":\"ListItem\",\"position\":1,\"name\":\"Home\",\"item\":\"https:\\\/\\\/www.bellunopress.it\\\/\"},{\"@type\":\"ListItem\",\"position\":2,\"name\":\"Ostacoli al volo e sicurezza nelle missioni di soccorso: il Soccorso alpino in Commissione nazionale\"}]},{\"@type\":\"WebSite\",\"@id\":\"https:\\\/\\\/www.bellunopress.it\\\/#website\",\"url\":\"https:\\\/\\\/www.bellunopress.it\\\/\",\"name\":\"Bellunopress - Dolomiti\",\"description\":\"e-mail: redazione@bellunopress.it\",\"publisher\":{\"@id\":\"https:\\\/\\\/www.bellunopress.it\\\/#organization\"},\"potentialAction\":[{\"@type\":\"SearchAction\",\"target\":{\"@type\":\"EntryPoint\",\"urlTemplate\":\"https:\\\/\\\/www.bellunopress.it\\\/?s={search_term_string}\"},\"query-input\":{\"@type\":\"PropertyValueSpecification\",\"valueRequired\":true,\"valueName\":\"search_term_string\"}}],\"inLanguage\":\"fr-FR\"},{\"@type\":\"Organization\",\"@id\":\"https:\\\/\\\/www.bellunopress.it\\\/#organization\",\"name\":\"Bellunopress\",\"url\":\"https:\\\/\\\/www.bellunopress.it\\\/\",\"logo\":{\"@type\":\"ImageObject\",\"inLanguage\":\"fr-FR\",\"@id\":\"https:\\\/\\\/www.bellunopress.it\\\/#\\\/schema\\\/logo\\\/image\\\/\",\"url\":\"https:\\\/\\\/www.bellunopress.it\\\/wp-content\\\/uploads\\\/2011\\\/05\\\/cropped-logo-bellunopress-.jpg\",\"contentUrl\":\"https:\\\/\\\/www.bellunopress.it\\\/wp-content\\\/uploads\\\/2011\\\/05\\\/cropped-logo-bellunopress-.jpg\",\"width\":512,\"height\":512,\"caption\":\"Bellunopress\"},\"image\":{\"@id\":\"https:\\\/\\\/www.bellunopress.it\\\/#\\\/schema\\\/logo\\\/image\\\/\"},\"sameAs\":[\"https:\\\/\\\/www.facebook.com\\\/profile.php?id=100008943462799\",\"https:\\\/\\\/x.com\\\/bellunopress\",\"https:\\\/\\\/www.linkedin.com\\\/hp\\\/?dnr=JBzUWaJfMUw8vbXJJ2tVW5-I3jZKvC4wsoxE&amp;amp;amp;amp;amp;amp;trk=nav_responsive_tab_home\",\"https:\\\/\\\/www.youtube.com\\\/channel\\\/UCxL0wu1uN0_3_7hGG0306cw\"]},{\"@type\":\"Person\",\"@id\":\"https:\\\/\\\/www.bellunopress.it\\\/#\\\/schema\\\/person\\\/79bb06722b37ece1c03d3e94beb30d73\",\"name\":\"redazione\",\"image\":{\"@type\":\"ImageObject\",\"inLanguage\":\"fr-FR\",\"@id\":\"https:\\\/\\\/secure.gravatar.com\\\/avatar\\\/37d968a2e67a6fd04c169c4bdef102d0bc5d31b2546345219e348575eb80e9a0?s=96&d=mm&r=g\",\"url\":\"https:\\\/\\\/secure.gravatar.com\\\/avatar\\\/37d968a2e67a6fd04c169c4bdef102d0bc5d31b2546345219e348575eb80e9a0?s=96&d=mm&r=g\",\"contentUrl\":\"https:\\\/\\\/secure.gravatar.com\\\/avatar\\\/37d968a2e67a6fd04c169c4bdef102d0bc5d31b2546345219e348575eb80e9a0?s=96&d=mm&r=g\",\"caption\":\"redazione\"},\"sameAs\":[\"http:\\\/\\\/www.bellunopress.it\",\"https:\\\/\\\/x.com\\\/bellunopress\"],\"url\":\"https:\\\/\\\/www.bellunopress.it\\\/fr\\\/author\\\/redazione\\\/\"}]}<\/script>\n<!-- \/ Yoast SEO plugin. -->","yoast_head_json":{"title":"Ostacoli al volo e sicurezza nelle missioni di soccorso: il Soccorso alpino in Commissione nazionale - Bellunopress - Dolomiti","robots":{"index":"index","follow":"follow","max-snippet":"max-snippet:-1","max-image-preview":"max-image-preview:large","max-video-preview":"max-video-preview:-1"},"canonical":"https:\/\/www.bellunopress.it\/fr\/2019\/03\/26\/ostacoli-al-volo-e-sicurezza-nelle-missioni-di-soccorso-il-soccorso-alpino-in-commissione-nazionale\/","og_locale":"fr_FR","og_type":"article","og_title":"Ostacoli al volo e sicurezza nelle missioni di soccorso: il Soccorso alpino in Commissione nazionale - Bellunopress - Dolomiti","og_description":"Il Corpo Nazionale Soccorso Alpino e Speleologico (CNSAS) \u00e8 entrato ufficialmente a far parte del tavolo tecnico per lo studio e approfondimento delle problematiche sulla sicurezza del volo: una commissione ad hoc di esperti, voluta dalla Presidenza del Consiglio del Ministri per studiare le soluzioni pi\u00f9 efficaci &#8211; a livello tecnico e legislativo &#8211; per [&hellip;]","og_url":"https:\/\/www.bellunopress.it\/fr\/2019\/03\/26\/ostacoli-al-volo-e-sicurezza-nelle-missioni-di-soccorso-il-soccorso-alpino-in-commissione-nazionale\/","og_site_name":"Bellunopress - Dolomiti","article_publisher":"https:\/\/www.facebook.com\/profile.php?id=100008943462799","article_published_time":"2019-03-26T17:54:42+00:00","article_modified_time":"2019-03-26T17:54:43+00:00","og_image":[{"url":"http:\/\/www.bellunopress.it\/wp-content\/uploads\/2019\/03\/Fabio-Bristot-Rufus.jpg","type":"","width":"","height":""}],"author":"redazione","twitter_card":"summary_large_image","twitter_creator":"@bellunopress","twitter_site":"@bellunopress","twitter_misc":{"\u00c9crit par":"redazione","Dur\u00e9e de lecture estim\u00e9e":"3 minutes"},"schema":{"@context":"https:\/\/schema.org","@graph":[{"@type":"Article","@id":"https:\/\/www.bellunopress.it\/2019\/03\/26\/ostacoli-al-volo-e-sicurezza-nelle-missioni-di-soccorso-il-soccorso-alpino-in-commissione-nazionale\/#article","isPartOf":{"@id":"https:\/\/www.bellunopress.it\/2019\/03\/26\/ostacoli-al-volo-e-sicurezza-nelle-missioni-di-soccorso-il-soccorso-alpino-in-commissione-nazionale\/"},"author":{"name":"redazione","@id":"https:\/\/www.bellunopress.it\/#\/schema\/person\/79bb06722b37ece1c03d3e94beb30d73"},"headline":"Ostacoli al volo e sicurezza nelle missioni di soccorso: il Soccorso alpino in Commissione nazionale","datePublished":"2019-03-26T17:54:42+00:00","dateModified":"2019-03-26T17:54:43+00:00","mainEntityOfPage":{"@id":"https:\/\/www.bellunopress.it\/2019\/03\/26\/ostacoli-al-volo-e-sicurezza-nelle-missioni-di-soccorso-il-soccorso-alpino-in-commissione-nazionale\/"},"wordCount":562,"publisher":{"@id":"https:\/\/www.bellunopress.it\/#organization"},"image":{"@id":"https:\/\/www.bellunopress.it\/2019\/03\/26\/ostacoli-al-volo-e-sicurezza-nelle-missioni-di-soccorso-il-soccorso-alpino-in-commissione-nazionale\/#primaryimage"},"thumbnailUrl":"http:\/\/www.bellunopress.it\/wp-content\/uploads\/2019\/03\/Fabio-Bristot-Rufus.jpg","articleSection":["Cronaca\/Politica","Prima Pagina","Societ\u00e0, Associazioni, Istituzioni"],"inLanguage":"fr-FR"},{"@type":"WebPage","@id":"https:\/\/www.bellunopress.it\/2019\/03\/26\/ostacoli-al-volo-e-sicurezza-nelle-missioni-di-soccorso-il-soccorso-alpino-in-commissione-nazionale\/","url":"https:\/\/www.bellunopress.it\/2019\/03\/26\/ostacoli-al-volo-e-sicurezza-nelle-missioni-di-soccorso-il-soccorso-alpino-in-commissione-nazionale\/","name":"Ostacoli al volo e sicurezza nelle missioni di soccorso: il Soccorso alpino in Commissione nazionale - Bellunopress - Dolomiti","isPartOf":{"@id":"https:\/\/www.bellunopress.it\/#website"},"primaryImageOfPage":{"@id":"https:\/\/www.bellunopress.it\/2019\/03\/26\/ostacoli-al-volo-e-sicurezza-nelle-missioni-di-soccorso-il-soccorso-alpino-in-commissione-nazionale\/#primaryimage"},"image":{"@id":"https:\/\/www.bellunopress.it\/2019\/03\/26\/ostacoli-al-volo-e-sicurezza-nelle-missioni-di-soccorso-il-soccorso-alpino-in-commissione-nazionale\/#primaryimage"},"thumbnailUrl":"http:\/\/www.bellunopress.it\/wp-content\/uploads\/2019\/03\/Fabio-Bristot-Rufus.jpg","datePublished":"2019-03-26T17:54:42+00:00","dateModified":"2019-03-26T17:54:43+00:00","breadcrumb":{"@id":"https:\/\/www.bellunopress.it\/2019\/03\/26\/ostacoli-al-volo-e-sicurezza-nelle-missioni-di-soccorso-il-soccorso-alpino-in-commissione-nazionale\/#breadcrumb"},"inLanguage":"fr-FR","potentialAction":[{"@type":"ReadAction","target":["https:\/\/www.bellunopress.it\/2019\/03\/26\/ostacoli-al-volo-e-sicurezza-nelle-missioni-di-soccorso-il-soccorso-alpino-in-commissione-nazionale\/"]}]},{"@type":"ImageObject","inLanguage":"fr-FR","@id":"https:\/\/www.bellunopress.it\/2019\/03\/26\/ostacoli-al-volo-e-sicurezza-nelle-missioni-di-soccorso-il-soccorso-alpino-in-commissione-nazionale\/#primaryimage","url":"http:\/\/www.bellunopress.it\/wp-content\/uploads\/2019\/03\/Fabio-Bristot-Rufus.jpg","contentUrl":"http:\/\/www.bellunopress.it\/wp-content\/uploads\/2019\/03\/Fabio-Bristot-Rufus.jpg"},{"@type":"BreadcrumbList","@id":"https:\/\/www.bellunopress.it\/2019\/03\/26\/ostacoli-al-volo-e-sicurezza-nelle-missioni-di-soccorso-il-soccorso-alpino-in-commissione-nazionale\/#breadcrumb","itemListElement":[{"@type":"ListItem","position":1,"name":"Home","item":"https:\/\/www.bellunopress.it\/"},{"@type":"ListItem","position":2,"name":"Ostacoli al volo e sicurezza nelle missioni di soccorso: il Soccorso alpino in Commissione nazionale"}]},{"@type":"WebSite","@id":"https:\/\/www.bellunopress.it\/#website","url":"https:\/\/www.bellunopress.it\/","name":"Bellunopress - Dolomiti","description":"e-mail: redazione@bellunopress.it","publisher":{"@id":"https:\/\/www.bellunopress.it\/#organization"},"potentialAction":[{"@type":"SearchAction","target":{"@type":"EntryPoint","urlTemplate":"https:\/\/www.bellunopress.it\/?s={search_term_string}"},"query-input":{"@type":"PropertyValueSpecification","valueRequired":true,"valueName":"search_term_string"}}],"inLanguage":"fr-FR"},{"@type":"Organization","@id":"https:\/\/www.bellunopress.it\/#organization","name":"Bellunopress","url":"https:\/\/www.bellunopress.it\/","logo":{"@type":"ImageObject","inLanguage":"fr-FR","@id":"https:\/\/www.bellunopress.it\/#\/schema\/logo\/image\/","url":"https:\/\/www.bellunopress.it\/wp-content\/uploads\/2011\/05\/cropped-logo-bellunopress-.jpg","contentUrl":"https:\/\/www.bellunopress.it\/wp-content\/uploads\/2011\/05\/cropped-logo-bellunopress-.jpg","width":512,"height":512,"caption":"Bellunopress"},"image":{"@id":"https:\/\/www.bellunopress.it\/#\/schema\/logo\/image\/"},"sameAs":["https:\/\/www.facebook.com\/profile.php?id=100008943462799","https:\/\/x.com\/bellunopress","https:\/\/www.linkedin.com\/hp\/?dnr=JBzUWaJfMUw8vbXJJ2tVW5-I3jZKvC4wsoxE&amp;amp;amp;amp;amp;amp;trk=nav_responsive_tab_home","https:\/\/www.youtube.com\/channel\/UCxL0wu1uN0_3_7hGG0306cw"]},{"@type":"Person","@id":"https:\/\/www.bellunopress.it\/#\/schema\/person\/79bb06722b37ece1c03d3e94beb30d73","name":"r\u00e9daction","image":{"@type":"ImageObject","inLanguage":"fr-FR","@id":"https:\/\/secure.gravatar.com\/avatar\/37d968a2e67a6fd04c169c4bdef102d0bc5d31b2546345219e348575eb80e9a0?s=96&d=mm&r=g","url":"https:\/\/secure.gravatar.com\/avatar\/37d968a2e67a6fd04c169c4bdef102d0bc5d31b2546345219e348575eb80e9a0?s=96&d=mm&r=g","contentUrl":"https:\/\/secure.gravatar.com\/avatar\/37d968a2e67a6fd04c169c4bdef102d0bc5d31b2546345219e348575eb80e9a0?s=96&d=mm&r=g","caption":"redazione"},"sameAs":["http:\/\/www.bellunopress.it","https:\/\/x.com\/bellunopress"],"url":"https:\/\/www.bellunopress.it\/fr\/author\/redazione\/"}]}},"_links":{"self":[{"href":"https:\/\/www.bellunopress.it\/fr\/wp-json\/wp\/v2\/posts\/103213","targetHints":{"allow":["GET"]}}],"collection":[{"href":"https:\/\/www.bellunopress.it\/fr\/wp-json\/wp\/v2\/posts"}],"about":[{"href":"https:\/\/www.bellunopress.it\/fr\/wp-json\/wp\/v2\/types\/post"}],"author":[{"embeddable":true,"href":"https:\/\/www.bellunopress.it\/fr\/wp-json\/wp\/v2\/users\/2"}],"replies":[{"embeddable":true,"href":"https:\/\/www.bellunopress.it\/fr\/wp-json\/wp\/v2\/comments?post=103213"}],"version-history":[{"count":2,"href":"https:\/\/www.bellunopress.it\/fr\/wp-json\/wp\/v2\/posts\/103213\/revisions"}],"predecessor-version":[{"id":103216,"href":"https:\/\/www.bellunopress.it\/fr\/wp-json\/wp\/v2\/posts\/103213\/revisions\/103216"}],"wp:attachment":[{"href":"https:\/\/www.bellunopress.it\/fr\/wp-json\/wp\/v2\/media?parent=103213"}],"wp:term":[{"taxonomy":"category","embeddable":true,"href":"https:\/\/www.bellunopress.it\/fr\/wp-json\/wp\/v2\/categories?post=103213"},{"taxonomy":"post_tag","embeddable":true,"href":"https:\/\/www.bellunopress.it\/fr\/wp-json\/wp\/v2\/tags?post=103213"}],"curies":[{"name":"wp","href":"https:\/\/api.w.org\/{rel}","templated":true}]}}