{"id":103209,"date":"2019-03-26T18:17:38","date_gmt":"2019-03-26T17:17:38","guid":{"rendered":"http:\/\/www.bellunopress.it\/?p=103209"},"modified":"2019-03-26T18:17:38","modified_gmt":"2019-03-26T17:17:38","slug":"a-passeggio-per-cavarzano-con-mannaia-e-coltello-fermato-un-immigrato-ma-aveva-solo-aiutato-unamica-a-tagliare-a-pezzi-una-capra","status":"publish","type":"post","link":"https:\/\/www.bellunopress.it\/fr\/2019\/03\/26\/a-passeggio-per-cavarzano-con-mannaia-e-coltello-fermato-un-immigrato-ma-aveva-solo-aiutato-unamica-a-tagliare-a-pezzi-una-capra\/","title":{"rendered":"A passeggio per Cavarzano con mannaia e coltello. Fermato un immigrato, ma aveva solo aiutato un&#8217;amica a tagliare a pezzi una capra"},"content":{"rendered":"<p><a href=\"http:\/\/www.bellunopress.it\/fr\/2019\/03\/26\/a-passeggio-per-cavarzano-con-mannaia-e-coltello-fermato-un-immigrato-ma-aveva-solo-aiutato-unamica-a-tagliare-a-pezzi-una-capra\/mannaia-e-coltello\/\" rel=\"attachment wp-att-103210\"><img loading=\"lazy\" decoding=\"async\" class=\"alignleft size-full wp-image-103210\" src=\"http:\/\/www.bellunopress.it\/wp-content\/uploads\/2019\/03\/Mannaia-e-Coltello.jpg\" alt=\"\" width=\"300\" height=\"179\" \/><\/a>Belluno, 26 marzo 2019 &#8211; Luned\u00ec pomeriggio, durante il servizio finalizzato alla prevenzione e repressione dei reati in genere, la Volante, in zona Cavarzano ha notato un ragazzo di colore che passeggiava con una vistosa mannaia ed un coltello di grosse dimensioni sotto il braccio.<\/p>\n<p>Gli agenti hanno immediatamente proceduto, con tutte le cautele del caso, al controllo del giovane immigrato.<br \/>\nIl ragazzo, di 32 anni di origini nigeriane, ha subito spiegato agli agenti perch\u00e9 si trovava in quella zona e soprattutto perch\u00e9 aveva con s\u00e9 quegli strumenti, raccontando di aver aiutato una sua amica a fare a pezzi una capra che questa aveva avuto in regalo da alcuni amici.<\/p>\n<p>I poliziotti a questo punto, hanno dovuto verificare la veridicit\u00e0 delle affermazioni del ragazzo, che comunque \u00e8 apparso subito tranquillo e collaborativo e sono andati a casa della sua amica. Qui gli agenti hanno constatato che effettivamente il racconto dell\u2019uomo corrispondeva al vero.<\/p>\n<p>Il giovane nigeriano \u00e8 stato per\u00f2 comunque accompagnato in Questura dove, tenuto conto delle circostanze, \u00e8 stato denunciato all\u2019Autorit\u00e0 Giudiziaria per possesso ingiustificato di armi. La mannaia e il coltello, entrambi sequestrati, misuravano la prima 34 cm e il secondo 31.5 cm.<br \/>\nL\u2019uomo \u00e8 stato anche segnalato alla Prefettura, in quanto ospite di una struttura di accoglienza in attesa della decisione sulla richiesta di riconoscimento dell\u2019asilo politico.<\/p>","protected":false},"excerpt":{"rendered":"<p>Belluno, 26 marzo 2019 &#8211; Luned\u00ec pomeriggio, durante il servizio finalizzato alla prevenzione e repressione dei reati in genere, la Volante, in zona Cavarzano ha notato un ragazzo di colore che passeggiava con una vistosa mannaia ed un coltello di grosse dimensioni sotto il braccio. Gli agenti hanno immediatamente proceduto, con tutte le cautele del [&hellip;]<\/p>\n","protected":false},"author":2,"featured_media":0,"comment_status":"closed","ping_status":"open","sticky":false,"template":"","format":"standard","meta":{"footnotes":""},"categories":[1],"tags":[],"class_list":["post-103209","post","type-post","status-publish","format-standard","category-leo"],"yoast_head":"<!-- This site is optimized with the Yoast SEO plugin v28.4 - https:\/\/yoast.com\/product\/yoast-seo-wordpress\/ -->\n<title>A passeggio per Cavarzano con mannaia e coltello. Fermato un immigrato, ma aveva solo aiutato un&#039;amica a tagliare a pezzi una capra - Bellunopress - Dolomiti<\/title>\n<meta name=\"robots\" content=\"index, follow, max-snippet:-1, max-image-preview:large, max-video-preview:-1\" \/>\n<link rel=\"canonical\" href=\"https:\/\/www.bellunopress.it\/fr\/2019\/03\/26\/a-passeggio-per-cavarzano-con-mannaia-e-coltello-fermato-un-immigrato-ma-aveva-solo-aiutato-unamica-a-tagliare-a-pezzi-una-capra\/\" \/>\n<meta property=\"og:locale\" content=\"fr_FR\" \/>\n<meta property=\"og:type\" content=\"article\" \/>\n<meta property=\"og:title\" content=\"A passeggio per Cavarzano con mannaia e coltello. Fermato un immigrato, ma aveva solo aiutato un&#039;amica a tagliare a pezzi una capra - Bellunopress - Dolomiti\" \/>\n<meta property=\"og:description\" content=\"Belluno, 26 marzo 2019 &#8211; Luned\u00ec pomeriggio, durante il servizio finalizzato alla prevenzione e repressione dei reati in genere, la Volante, in zona Cavarzano ha notato un ragazzo di colore che passeggiava con una vistosa mannaia ed un coltello di grosse dimensioni sotto il braccio. Gli agenti hanno immediatamente proceduto, con tutte le cautele del [&hellip;]\" \/>\n<meta property=\"og:url\" content=\"https:\/\/www.bellunopress.it\/fr\/2019\/03\/26\/a-passeggio-per-cavarzano-con-mannaia-e-coltello-fermato-un-immigrato-ma-aveva-solo-aiutato-unamica-a-tagliare-a-pezzi-una-capra\/\" \/>\n<meta property=\"og:site_name\" content=\"Bellunopress - Dolomiti\" \/>\n<meta property=\"article:publisher\" content=\"https:\/\/www.facebook.com\/profile.php?id=100008943462799\" \/>\n<meta property=\"article:published_time\" content=\"2019-03-26T17:17:38+00:00\" \/>\n<meta property=\"og:image\" content=\"http:\/\/www.bellunopress.it\/wp-content\/uploads\/2019\/03\/Mannaia-e-Coltello.jpg\" \/>\n<meta name=\"author\" content=\"redazione\" \/>\n<meta name=\"twitter:card\" content=\"summary_large_image\" \/>\n<meta name=\"twitter:creator\" content=\"@bellunopress\" \/>\n<meta name=\"twitter:site\" content=\"@bellunopress\" \/>\n<meta name=\"twitter:label1\" content=\"\u00c9crit par\" \/>\n\t<meta name=\"twitter:data1\" content=\"redazione\" \/>\n\t<meta name=\"twitter:label2\" content=\"Dur\u00e9e de lecture estim\u00e9e\" \/>\n\t<meta name=\"twitter:data2\" content=\"1 minute\" \/>\n<script type=\"application\/ld+json\" class=\"yoast-schema-graph\">{\"@context\":\"https:\\\/\\\/schema.org\",\"@graph\":[{\"@type\":\"Article\",\"@id\":\"https:\\\/\\\/www.bellunopress.it\\\/2019\\\/03\\\/26\\\/a-passeggio-per-cavarzano-con-mannaia-e-coltello-fermato-un-immigrato-ma-aveva-solo-aiutato-unamica-a-tagliare-a-pezzi-una-capra\\\/#article\",\"isPartOf\":{\"@id\":\"https:\\\/\\\/www.bellunopress.it\\\/2019\\\/03\\\/26\\\/a-passeggio-per-cavarzano-con-mannaia-e-coltello-fermato-un-immigrato-ma-aveva-solo-aiutato-unamica-a-tagliare-a-pezzi-una-capra\\\/\"},\"author\":{\"name\":\"redazione\",\"@id\":\"https:\\\/\\\/www.bellunopress.it\\\/#\\\/schema\\\/person\\\/79bb06722b37ece1c03d3e94beb30d73\"},\"headline\":\"A passeggio per Cavarzano con mannaia e coltello. Fermato un immigrato, ma aveva solo aiutato un&#8217;amica a tagliare a pezzi una capra\",\"datePublished\":\"2019-03-26T17:17:38+00:00\",\"mainEntityOfPage\":{\"@id\":\"https:\\\/\\\/www.bellunopress.it\\\/2019\\\/03\\\/26\\\/a-passeggio-per-cavarzano-con-mannaia-e-coltello-fermato-un-immigrato-ma-aveva-solo-aiutato-unamica-a-tagliare-a-pezzi-una-capra\\\/\"},\"wordCount\":238,\"publisher\":{\"@id\":\"https:\\\/\\\/www.bellunopress.it\\\/#organization\"},\"image\":{\"@id\":\"https:\\\/\\\/www.bellunopress.it\\\/2019\\\/03\\\/26\\\/a-passeggio-per-cavarzano-con-mannaia-e-coltello-fermato-un-immigrato-ma-aveva-solo-aiutato-unamica-a-tagliare-a-pezzi-una-capra\\\/#primaryimage\"},\"thumbnailUrl\":\"http:\\\/\\\/www.bellunopress.it\\\/wp-content\\\/uploads\\\/2019\\\/03\\\/Mannaia-e-Coltello.jpg\",\"articleSection\":[\"Lettere Opinioni\"],\"inLanguage\":\"fr-FR\"},{\"@type\":\"WebPage\",\"@id\":\"https:\\\/\\\/www.bellunopress.it\\\/2019\\\/03\\\/26\\\/a-passeggio-per-cavarzano-con-mannaia-e-coltello-fermato-un-immigrato-ma-aveva-solo-aiutato-unamica-a-tagliare-a-pezzi-una-capra\\\/\",\"url\":\"https:\\\/\\\/www.bellunopress.it\\\/2019\\\/03\\\/26\\\/a-passeggio-per-cavarzano-con-mannaia-e-coltello-fermato-un-immigrato-ma-aveva-solo-aiutato-unamica-a-tagliare-a-pezzi-una-capra\\\/\",\"name\":\"A passeggio per Cavarzano con mannaia e coltello. Fermato un immigrato, ma aveva solo aiutato un'amica a tagliare a pezzi una capra - Bellunopress - Dolomiti\",\"isPartOf\":{\"@id\":\"https:\\\/\\\/www.bellunopress.it\\\/#website\"},\"primaryImageOfPage\":{\"@id\":\"https:\\\/\\\/www.bellunopress.it\\\/2019\\\/03\\\/26\\\/a-passeggio-per-cavarzano-con-mannaia-e-coltello-fermato-un-immigrato-ma-aveva-solo-aiutato-unamica-a-tagliare-a-pezzi-una-capra\\\/#primaryimage\"},\"image\":{\"@id\":\"https:\\\/\\\/www.bellunopress.it\\\/2019\\\/03\\\/26\\\/a-passeggio-per-cavarzano-con-mannaia-e-coltello-fermato-un-immigrato-ma-aveva-solo-aiutato-unamica-a-tagliare-a-pezzi-una-capra\\\/#primaryimage\"},\"thumbnailUrl\":\"http:\\\/\\\/www.bellunopress.it\\\/wp-content\\\/uploads\\\/2019\\\/03\\\/Mannaia-e-Coltello.jpg\",\"datePublished\":\"2019-03-26T17:17:38+00:00\",\"breadcrumb\":{\"@id\":\"https:\\\/\\\/www.bellunopress.it\\\/2019\\\/03\\\/26\\\/a-passeggio-per-cavarzano-con-mannaia-e-coltello-fermato-un-immigrato-ma-aveva-solo-aiutato-unamica-a-tagliare-a-pezzi-una-capra\\\/#breadcrumb\"},\"inLanguage\":\"fr-FR\",\"potentialAction\":[{\"@type\":\"ReadAction\",\"target\":[\"https:\\\/\\\/www.bellunopress.it\\\/2019\\\/03\\\/26\\\/a-passeggio-per-cavarzano-con-mannaia-e-coltello-fermato-un-immigrato-ma-aveva-solo-aiutato-unamica-a-tagliare-a-pezzi-una-capra\\\/\"]}]},{\"@type\":\"ImageObject\",\"inLanguage\":\"fr-FR\",\"@id\":\"https:\\\/\\\/www.bellunopress.it\\\/2019\\\/03\\\/26\\\/a-passeggio-per-cavarzano-con-mannaia-e-coltello-fermato-un-immigrato-ma-aveva-solo-aiutato-unamica-a-tagliare-a-pezzi-una-capra\\\/#primaryimage\",\"url\":\"http:\\\/\\\/www.bellunopress.it\\\/wp-content\\\/uploads\\\/2019\\\/03\\\/Mannaia-e-Coltello.jpg\",\"contentUrl\":\"http:\\\/\\\/www.bellunopress.it\\\/wp-content\\\/uploads\\\/2019\\\/03\\\/Mannaia-e-Coltello.jpg\"},{\"@type\":\"BreadcrumbList\",\"@id\":\"https:\\\/\\\/www.bellunopress.it\\\/2019\\\/03\\\/26\\\/a-passeggio-per-cavarzano-con-mannaia-e-coltello-fermato-un-immigrato-ma-aveva-solo-aiutato-unamica-a-tagliare-a-pezzi-una-capra\\\/#breadcrumb\",\"itemListElement\":[{\"@type\":\"ListItem\",\"position\":1,\"name\":\"Home\",\"item\":\"https:\\\/\\\/www.bellunopress.it\\\/\"},{\"@type\":\"ListItem\",\"position\":2,\"name\":\"A passeggio per Cavarzano con mannaia e coltello. Fermato un immigrato, ma aveva solo aiutato un&#8217;amica a tagliare a pezzi una capra\"}]},{\"@type\":\"WebSite\",\"@id\":\"https:\\\/\\\/www.bellunopress.it\\\/#website\",\"url\":\"https:\\\/\\\/www.bellunopress.it\\\/\",\"name\":\"Bellunopress - Dolomiti\",\"description\":\"e-mail: redazione@bellunopress.it\",\"publisher\":{\"@id\":\"https:\\\/\\\/www.bellunopress.it\\\/#organization\"},\"potentialAction\":[{\"@type\":\"SearchAction\",\"target\":{\"@type\":\"EntryPoint\",\"urlTemplate\":\"https:\\\/\\\/www.bellunopress.it\\\/?s={search_term_string}\"},\"query-input\":{\"@type\":\"PropertyValueSpecification\",\"valueRequired\":true,\"valueName\":\"search_term_string\"}}],\"inLanguage\":\"fr-FR\"},{\"@type\":\"Organization\",\"@id\":\"https:\\\/\\\/www.bellunopress.it\\\/#organization\",\"name\":\"Bellunopress\",\"url\":\"https:\\\/\\\/www.bellunopress.it\\\/\",\"logo\":{\"@type\":\"ImageObject\",\"inLanguage\":\"fr-FR\",\"@id\":\"https:\\\/\\\/www.bellunopress.it\\\/#\\\/schema\\\/logo\\\/image\\\/\",\"url\":\"https:\\\/\\\/www.bellunopress.it\\\/wp-content\\\/uploads\\\/2011\\\/05\\\/cropped-logo-bellunopress-.jpg\",\"contentUrl\":\"https:\\\/\\\/www.bellunopress.it\\\/wp-content\\\/uploads\\\/2011\\\/05\\\/cropped-logo-bellunopress-.jpg\",\"width\":512,\"height\":512,\"caption\":\"Bellunopress\"},\"image\":{\"@id\":\"https:\\\/\\\/www.bellunopress.it\\\/#\\\/schema\\\/logo\\\/image\\\/\"},\"sameAs\":[\"https:\\\/\\\/www.facebook.com\\\/profile.php?id=100008943462799\",\"https:\\\/\\\/x.com\\\/bellunopress\",\"https:\\\/\\\/www.linkedin.com\\\/hp\\\/?dnr=JBzUWaJfMUw8vbXJJ2tVW5-I3jZKvC4wsoxE&amp;amp;amp;amp;amp;amp;trk=nav_responsive_tab_home\",\"https:\\\/\\\/www.youtube.com\\\/channel\\\/UCxL0wu1uN0_3_7hGG0306cw\"]},{\"@type\":\"Person\",\"@id\":\"https:\\\/\\\/www.bellunopress.it\\\/#\\\/schema\\\/person\\\/79bb06722b37ece1c03d3e94beb30d73\",\"name\":\"redazione\",\"image\":{\"@type\":\"ImageObject\",\"inLanguage\":\"fr-FR\",\"@id\":\"https:\\\/\\\/secure.gravatar.com\\\/avatar\\\/37d968a2e67a6fd04c169c4bdef102d0bc5d31b2546345219e348575eb80e9a0?s=96&d=mm&r=g\",\"url\":\"https:\\\/\\\/secure.gravatar.com\\\/avatar\\\/37d968a2e67a6fd04c169c4bdef102d0bc5d31b2546345219e348575eb80e9a0?s=96&d=mm&r=g\",\"contentUrl\":\"https:\\\/\\\/secure.gravatar.com\\\/avatar\\\/37d968a2e67a6fd04c169c4bdef102d0bc5d31b2546345219e348575eb80e9a0?s=96&d=mm&r=g\",\"caption\":\"redazione\"},\"sameAs\":[\"http:\\\/\\\/www.bellunopress.it\",\"https:\\\/\\\/x.com\\\/bellunopress\"],\"url\":\"https:\\\/\\\/www.bellunopress.it\\\/fr\\\/author\\\/redazione\\\/\"}]}<\/script>\n<!-- \/ Yoast SEO plugin. -->","yoast_head_json":{"title":"A passeggio per Cavarzano con mannaia e coltello. Fermato un immigrato, ma aveva solo aiutato un'amica a tagliare a pezzi una capra - Bellunopress - Dolomiti","robots":{"index":"index","follow":"follow","max-snippet":"max-snippet:-1","max-image-preview":"max-image-preview:large","max-video-preview":"max-video-preview:-1"},"canonical":"https:\/\/www.bellunopress.it\/fr\/2019\/03\/26\/a-passeggio-per-cavarzano-con-mannaia-e-coltello-fermato-un-immigrato-ma-aveva-solo-aiutato-unamica-a-tagliare-a-pezzi-una-capra\/","og_locale":"fr_FR","og_type":"article","og_title":"A passeggio per Cavarzano con mannaia e coltello. Fermato un immigrato, ma aveva solo aiutato un'amica a tagliare a pezzi una capra - Bellunopress - Dolomiti","og_description":"Belluno, 26 marzo 2019 &#8211; Luned\u00ec pomeriggio, durante il servizio finalizzato alla prevenzione e repressione dei reati in genere, la Volante, in zona Cavarzano ha notato un ragazzo di colore che passeggiava con una vistosa mannaia ed un coltello di grosse dimensioni sotto il braccio. Gli agenti hanno immediatamente proceduto, con tutte le cautele del [&hellip;]","og_url":"https:\/\/www.bellunopress.it\/fr\/2019\/03\/26\/a-passeggio-per-cavarzano-con-mannaia-e-coltello-fermato-un-immigrato-ma-aveva-solo-aiutato-unamica-a-tagliare-a-pezzi-una-capra\/","og_site_name":"Bellunopress - Dolomiti","article_publisher":"https:\/\/www.facebook.com\/profile.php?id=100008943462799","article_published_time":"2019-03-26T17:17:38+00:00","og_image":[{"url":"http:\/\/www.bellunopress.it\/wp-content\/uploads\/2019\/03\/Mannaia-e-Coltello.jpg","type":"","width":"","height":""}],"author":"redazione","twitter_card":"summary_large_image","twitter_creator":"@bellunopress","twitter_site":"@bellunopress","twitter_misc":{"\u00c9crit par":"redazione","Dur\u00e9e de lecture estim\u00e9e":"1 minute"},"schema":{"@context":"https:\/\/schema.org","@graph":[{"@type":"Article","@id":"https:\/\/www.bellunopress.it\/2019\/03\/26\/a-passeggio-per-cavarzano-con-mannaia-e-coltello-fermato-un-immigrato-ma-aveva-solo-aiutato-unamica-a-tagliare-a-pezzi-una-capra\/#article","isPartOf":{"@id":"https:\/\/www.bellunopress.it\/2019\/03\/26\/a-passeggio-per-cavarzano-con-mannaia-e-coltello-fermato-un-immigrato-ma-aveva-solo-aiutato-unamica-a-tagliare-a-pezzi-una-capra\/"},"author":{"name":"redazione","@id":"https:\/\/www.bellunopress.it\/#\/schema\/person\/79bb06722b37ece1c03d3e94beb30d73"},"headline":"A passeggio per Cavarzano con mannaia e coltello. Fermato un immigrato, ma aveva solo aiutato un&#8217;amica a tagliare a pezzi una capra","datePublished":"2019-03-26T17:17:38+00:00","mainEntityOfPage":{"@id":"https:\/\/www.bellunopress.it\/2019\/03\/26\/a-passeggio-per-cavarzano-con-mannaia-e-coltello-fermato-un-immigrato-ma-aveva-solo-aiutato-unamica-a-tagliare-a-pezzi-una-capra\/"},"wordCount":238,"publisher":{"@id":"https:\/\/www.bellunopress.it\/#organization"},"image":{"@id":"https:\/\/www.bellunopress.it\/2019\/03\/26\/a-passeggio-per-cavarzano-con-mannaia-e-coltello-fermato-un-immigrato-ma-aveva-solo-aiutato-unamica-a-tagliare-a-pezzi-una-capra\/#primaryimage"},"thumbnailUrl":"http:\/\/www.bellunopress.it\/wp-content\/uploads\/2019\/03\/Mannaia-e-Coltello.jpg","articleSection":["Lettere Opinioni"],"inLanguage":"fr-FR"},{"@type":"WebPage","@id":"https:\/\/www.bellunopress.it\/2019\/03\/26\/a-passeggio-per-cavarzano-con-mannaia-e-coltello-fermato-un-immigrato-ma-aveva-solo-aiutato-unamica-a-tagliare-a-pezzi-una-capra\/","url":"https:\/\/www.bellunopress.it\/2019\/03\/26\/a-passeggio-per-cavarzano-con-mannaia-e-coltello-fermato-un-immigrato-ma-aveva-solo-aiutato-unamica-a-tagliare-a-pezzi-una-capra\/","name":"A passeggio per Cavarzano con mannaia e coltello. Fermato un immigrato, ma aveva solo aiutato un'amica a tagliare a pezzi una capra - Bellunopress - Dolomiti","isPartOf":{"@id":"https:\/\/www.bellunopress.it\/#website"},"primaryImageOfPage":{"@id":"https:\/\/www.bellunopress.it\/2019\/03\/26\/a-passeggio-per-cavarzano-con-mannaia-e-coltello-fermato-un-immigrato-ma-aveva-solo-aiutato-unamica-a-tagliare-a-pezzi-una-capra\/#primaryimage"},"image":{"@id":"https:\/\/www.bellunopress.it\/2019\/03\/26\/a-passeggio-per-cavarzano-con-mannaia-e-coltello-fermato-un-immigrato-ma-aveva-solo-aiutato-unamica-a-tagliare-a-pezzi-una-capra\/#primaryimage"},"thumbnailUrl":"http:\/\/www.bellunopress.it\/wp-content\/uploads\/2019\/03\/Mannaia-e-Coltello.jpg","datePublished":"2019-03-26T17:17:38+00:00","breadcrumb":{"@id":"https:\/\/www.bellunopress.it\/2019\/03\/26\/a-passeggio-per-cavarzano-con-mannaia-e-coltello-fermato-un-immigrato-ma-aveva-solo-aiutato-unamica-a-tagliare-a-pezzi-una-capra\/#breadcrumb"},"inLanguage":"fr-FR","potentialAction":[{"@type":"ReadAction","target":["https:\/\/www.bellunopress.it\/2019\/03\/26\/a-passeggio-per-cavarzano-con-mannaia-e-coltello-fermato-un-immigrato-ma-aveva-solo-aiutato-unamica-a-tagliare-a-pezzi-una-capra\/"]}]},{"@type":"ImageObject","inLanguage":"fr-FR","@id":"https:\/\/www.bellunopress.it\/2019\/03\/26\/a-passeggio-per-cavarzano-con-mannaia-e-coltello-fermato-un-immigrato-ma-aveva-solo-aiutato-unamica-a-tagliare-a-pezzi-una-capra\/#primaryimage","url":"http:\/\/www.bellunopress.it\/wp-content\/uploads\/2019\/03\/Mannaia-e-Coltello.jpg","contentUrl":"http:\/\/www.bellunopress.it\/wp-content\/uploads\/2019\/03\/Mannaia-e-Coltello.jpg"},{"@type":"BreadcrumbList","@id":"https:\/\/www.bellunopress.it\/2019\/03\/26\/a-passeggio-per-cavarzano-con-mannaia-e-coltello-fermato-un-immigrato-ma-aveva-solo-aiutato-unamica-a-tagliare-a-pezzi-una-capra\/#breadcrumb","itemListElement":[{"@type":"ListItem","position":1,"name":"Home","item":"https:\/\/www.bellunopress.it\/"},{"@type":"ListItem","position":2,"name":"A passeggio per Cavarzano con mannaia e coltello. Fermato un immigrato, ma aveva solo aiutato un&#8217;amica a tagliare a pezzi una capra"}]},{"@type":"WebSite","@id":"https:\/\/www.bellunopress.it\/#website","url":"https:\/\/www.bellunopress.it\/","name":"Bellunopress - Dolomiti","description":"e-mail: redazione@bellunopress.it","publisher":{"@id":"https:\/\/www.bellunopress.it\/#organization"},"potentialAction":[{"@type":"SearchAction","target":{"@type":"EntryPoint","urlTemplate":"https:\/\/www.bellunopress.it\/?s={search_term_string}"},"query-input":{"@type":"PropertyValueSpecification","valueRequired":true,"valueName":"search_term_string"}}],"inLanguage":"fr-FR"},{"@type":"Organization","@id":"https:\/\/www.bellunopress.it\/#organization","name":"Bellunopress","url":"https:\/\/www.bellunopress.it\/","logo":{"@type":"ImageObject","inLanguage":"fr-FR","@id":"https:\/\/www.bellunopress.it\/#\/schema\/logo\/image\/","url":"https:\/\/www.bellunopress.it\/wp-content\/uploads\/2011\/05\/cropped-logo-bellunopress-.jpg","contentUrl":"https:\/\/www.bellunopress.it\/wp-content\/uploads\/2011\/05\/cropped-logo-bellunopress-.jpg","width":512,"height":512,"caption":"Bellunopress"},"image":{"@id":"https:\/\/www.bellunopress.it\/#\/schema\/logo\/image\/"},"sameAs":["https:\/\/www.facebook.com\/profile.php?id=100008943462799","https:\/\/x.com\/bellunopress","https:\/\/www.linkedin.com\/hp\/?dnr=JBzUWaJfMUw8vbXJJ2tVW5-I3jZKvC4wsoxE&amp;amp;amp;amp;amp;amp;trk=nav_responsive_tab_home","https:\/\/www.youtube.com\/channel\/UCxL0wu1uN0_3_7hGG0306cw"]},{"@type":"Person","@id":"https:\/\/www.bellunopress.it\/#\/schema\/person\/79bb06722b37ece1c03d3e94beb30d73","name":"r\u00e9daction","image":{"@type":"ImageObject","inLanguage":"fr-FR","@id":"https:\/\/secure.gravatar.com\/avatar\/37d968a2e67a6fd04c169c4bdef102d0bc5d31b2546345219e348575eb80e9a0?s=96&d=mm&r=g","url":"https:\/\/secure.gravatar.com\/avatar\/37d968a2e67a6fd04c169c4bdef102d0bc5d31b2546345219e348575eb80e9a0?s=96&d=mm&r=g","contentUrl":"https:\/\/secure.gravatar.com\/avatar\/37d968a2e67a6fd04c169c4bdef102d0bc5d31b2546345219e348575eb80e9a0?s=96&d=mm&r=g","caption":"redazione"},"sameAs":["http:\/\/www.bellunopress.it","https:\/\/x.com\/bellunopress"],"url":"https:\/\/www.bellunopress.it\/fr\/author\/redazione\/"}]}},"_links":{"self":[{"href":"https:\/\/www.bellunopress.it\/fr\/wp-json\/wp\/v2\/posts\/103209","targetHints":{"allow":["GET"]}}],"collection":[{"href":"https:\/\/www.bellunopress.it\/fr\/wp-json\/wp\/v2\/posts"}],"about":[{"href":"https:\/\/www.bellunopress.it\/fr\/wp-json\/wp\/v2\/types\/post"}],"author":[{"embeddable":true,"href":"https:\/\/www.bellunopress.it\/fr\/wp-json\/wp\/v2\/users\/2"}],"replies":[{"embeddable":true,"href":"https:\/\/www.bellunopress.it\/fr\/wp-json\/wp\/v2\/comments?post=103209"}],"version-history":[{"count":2,"href":"https:\/\/www.bellunopress.it\/fr\/wp-json\/wp\/v2\/posts\/103209\/revisions"}],"predecessor-version":[{"id":103212,"href":"https:\/\/www.bellunopress.it\/fr\/wp-json\/wp\/v2\/posts\/103209\/revisions\/103212"}],"wp:attachment":[{"href":"https:\/\/www.bellunopress.it\/fr\/wp-json\/wp\/v2\/media?parent=103209"}],"wp:term":[{"taxonomy":"category","embeddable":true,"href":"https:\/\/www.bellunopress.it\/fr\/wp-json\/wp\/v2\/categories?post=103209"},{"taxonomy":"post_tag","embeddable":true,"href":"https:\/\/www.bellunopress.it\/fr\/wp-json\/wp\/v2\/tags?post=103209"}],"curies":[{"name":"wp","href":"https:\/\/api.w.org\/{rel}","templated":true}]}}