{"id":103200,"date":"2019-03-26T08:30:58","date_gmt":"2019-03-26T07:30:58","guid":{"rendered":"http:\/\/www.bellunopress.it\/?p=103200"},"modified":"2019-03-26T20:03:34","modified_gmt":"2019-03-26T19:03:34","slug":"ultimo-appuntamento-di-marzo-al-cinema-italia-di-belluno-con-il-cinema-a-3-euro","status":"publish","type":"post","link":"https:\/\/www.bellunopress.it\/fr\/2019\/03\/26\/ultimo-appuntamento-di-marzo-al-cinema-italia-di-belluno-con-il-cinema-a-3-euro\/","title":{"rendered":"Ultimo appuntamento di marzo al Cinema Italia di Belluno con il cinema a 3 euro"},"content":{"rendered":"<p>Ultimo appuntamento del mese marted\u00ec 26 marzo al Cinema Italia di Belluno con la nuova edizione de \u201cLa Regione del Veneto per il cinema di qualit\u00e0 &#8211; La Regione ti porta al cinema con tre euro &#8211; I marted\u00ec al cinema\u201d, progetto pluriennale di successo organizzato dalla Federazione Italiana Cinema d\u2019Essai (FICE) delle Tre Venezie, l\u2019Associazione Generale Italiana dello Spettacolo (AGIS) delle Tre Venezie, Regione del Veneto.<\/p>\n<figure id=\"attachment_78079\" aria-describedby=\"caption-attachment-78079\" style=\"width: 181px\" class=\"wp-caption alignleft\"><a href=\"http:\/\/www.bellunopress.it\/fr\/2016\/06\/05\/riccardo-alfare-conferenza-cena-visita-guidata-belluno\/cinema-italia-2\/\" rel=\"attachment wp-att-78079\"><img loading=\"lazy\" decoding=\"async\" class=\"size-full wp-image-78079\" src=\"http:\/\/www.bellunopress.it\/wp-content\/uploads\/2016\/06\/cinema-Italia.jpg\" alt=\"\" width=\"181\" height=\"300\" \/><\/a><figcaption id=\"caption-attachment-78079\" class=\"wp-caption-text\">Cinema Italia<\/figcaption><\/figure>\n<p>Il film che il Cinema Italia propone per chiudere al meglio il mese di marzo \u00e8 il pluripremiato \u201cLa favorita\u201d (Biografico, Grecia 2018, 120\u2019) di Yorgos Lanthimos con Olivia Colman, vincitrice ai Golden Globe 2019 come miglior attrice in un film musical\/commedia e agli Oscar come migliore attrice. Primi anni del XVIII secolo. L\u2019Inghilterra \u00e8 in guerra contro la Francia. Ci\u00f2 nonostante, le corse delle anatre e il consumo di ananas vanno per la maggiore. Una fragile regina Anna siede sul trono mentre l\u2019amica intima Lady Sarah Churchill governa il paese in sua vece e, al tempo stesso, si prende cura della cattiva salute e del temperamento volubile della sovrana. Quando l\u2019affascinante Abigail Masham arriva a corte, si fa benvolere da Sarah, che la prende sotto la sua ala protettiva. Per Abigail \u00e8 l\u2019occasione di tornare alle radici aristocratiche da cui discende. Mentre gli impegni politici legati alla guerra richiedono a Sarah un maggiore dispendio di tempo, Abigail si insinua nella breccia lasciata aperta, diventando la confidente della sovrana. Grazie all\u2019amicizia sempre pi\u00f9 stretta con Anna, Abigail ha la possibilit\u00e0 di realizzare tutte le sue ambizioni e non permetter\u00e0 a niente e a nessuno \u2013 donna, uomo, politica, coniglio \u2013 di intralciarle la strada.<\/p>\n<p>Le proiezioni si terranno alle ore 17.10, 19.20 e 21.30.<\/p>\n<p>Gli appuntamenti con la rassegna \u201cLa Regione ti porta al cinema con tre euro &#8211; I marted\u00ec al cinema\u201d riprenderanno marted\u00ec 7 maggio 2019.<\/p>\n<p>Il costo del biglietto \u00e8 di 3 euro. Nel caso di Multisala verificare preventivamente quali proiezioni sono a 3 euro. La prenotazione dei posti \u00e8 facolt\u00e0 riservata alla gestione della sala.<\/p>\n<p>\u00c8 possibile verificare quali opere sono in programmazione a tre euro sul sito internet www.agistriveneto.it oppure attraverso l\u2019applicazione per smartphone e tablet APP al Cinema.<\/p>","protected":false},"excerpt":{"rendered":"<p>Ultimo appuntamento del mese marted\u00ec 26 marzo al Cinema Italia di Belluno con la nuova edizione de \u201cLa Regione del Veneto per il cinema di qualit\u00e0 &#8211; La Regione ti porta al cinema con tre euro &#8211; I marted\u00ec al cinema\u201d, progetto pluriennale di successo organizzato dalla Federazione Italiana Cinema d\u2019Essai (FICE) delle Tre Venezie, [&hellip;]<\/p>\n","protected":false},"author":2,"featured_media":0,"comment_status":"closed","ping_status":"open","sticky":false,"template":"","format":"standard","meta":{"footnotes":""},"categories":[27,3],"tags":[],"class_list":["post-103200","post","type-post","status-publish","format-standard","category-appuntamenti","category-arte-cultura-spettacoli-scienza-archivi"],"yoast_head":"<!-- This site is optimized with the Yoast SEO plugin v28.4 - https:\/\/yoast.com\/product\/yoast-seo-wordpress\/ -->\n<title>Ultimo appuntamento di marzo al Cinema Italia di Belluno con il cinema a 3 euro - Bellunopress - Dolomiti<\/title>\n<meta name=\"robots\" content=\"index, follow, max-snippet:-1, max-image-preview:large, max-video-preview:-1\" \/>\n<link rel=\"canonical\" href=\"https:\/\/www.bellunopress.it\/fr\/2019\/03\/26\/ultimo-appuntamento-di-marzo-al-cinema-italia-di-belluno-con-il-cinema-a-3-euro\/\" \/>\n<meta property=\"og:locale\" content=\"fr_FR\" \/>\n<meta property=\"og:type\" content=\"article\" \/>\n<meta property=\"og:title\" content=\"Ultimo appuntamento di marzo al Cinema Italia di Belluno con il cinema a 3 euro - Bellunopress - Dolomiti\" \/>\n<meta property=\"og:description\" content=\"Ultimo appuntamento del mese marted\u00ec 26 marzo al Cinema Italia di Belluno con la nuova edizione de \u201cLa Regione del Veneto per il cinema di qualit\u00e0 &#8211; La Regione ti porta al cinema con tre euro &#8211; I marted\u00ec al cinema\u201d, progetto pluriennale di successo organizzato dalla Federazione Italiana Cinema d\u2019Essai (FICE) delle Tre Venezie, [&hellip;]\" \/>\n<meta property=\"og:url\" content=\"https:\/\/www.bellunopress.it\/fr\/2019\/03\/26\/ultimo-appuntamento-di-marzo-al-cinema-italia-di-belluno-con-il-cinema-a-3-euro\/\" \/>\n<meta property=\"og:site_name\" content=\"Bellunopress - Dolomiti\" \/>\n<meta property=\"article:publisher\" content=\"https:\/\/www.facebook.com\/profile.php?id=100008943462799\" \/>\n<meta property=\"article:published_time\" content=\"2019-03-26T07:30:58+00:00\" \/>\n<meta property=\"article:modified_time\" content=\"2019-03-26T19:03:34+00:00\" \/>\n<meta property=\"og:image\" content=\"http:\/\/www.bellunopress.it\/wp-content\/uploads\/2016\/06\/cinema-Italia.jpg\" \/>\n<meta name=\"author\" content=\"redazione\" \/>\n<meta name=\"twitter:card\" content=\"summary_large_image\" \/>\n<meta name=\"twitter:creator\" content=\"@bellunopress\" \/>\n<meta name=\"twitter:site\" content=\"@bellunopress\" \/>\n<meta name=\"twitter:label1\" content=\"Written by\" \/>\n\t<meta name=\"twitter:data1\" content=\"redazione\" \/>\n\t<meta name=\"twitter:label2\" content=\"Est. reading time\" \/>\n\t<meta name=\"twitter:data2\" content=\"2 minutes\" \/>\n<script type=\"application\/ld+json\" class=\"yoast-schema-graph\">{\"@context\":\"https:\\\/\\\/schema.org\",\"@graph\":[{\"@type\":\"Article\",\"@id\":\"https:\\\/\\\/www.bellunopress.it\\\/2019\\\/03\\\/26\\\/ultimo-appuntamento-di-marzo-al-cinema-italia-di-belluno-con-il-cinema-a-3-euro\\\/#article\",\"isPartOf\":{\"@id\":\"https:\\\/\\\/www.bellunopress.it\\\/2019\\\/03\\\/26\\\/ultimo-appuntamento-di-marzo-al-cinema-italia-di-belluno-con-il-cinema-a-3-euro\\\/\"},\"author\":{\"name\":\"redazione\",\"@id\":\"https:\\\/\\\/www.bellunopress.it\\\/#\\\/schema\\\/person\\\/79bb06722b37ece1c03d3e94beb30d73\"},\"headline\":\"Ultimo appuntamento di marzo al Cinema Italia di Belluno con il cinema a 3 euro\",\"datePublished\":\"2019-03-26T07:30:58+00:00\",\"dateModified\":\"2019-03-26T19:03:34+00:00\",\"mainEntityOfPage\":{\"@id\":\"https:\\\/\\\/www.bellunopress.it\\\/2019\\\/03\\\/26\\\/ultimo-appuntamento-di-marzo-al-cinema-italia-di-belluno-con-il-cinema-a-3-euro\\\/\"},\"wordCount\":376,\"publisher\":{\"@id\":\"https:\\\/\\\/www.bellunopress.it\\\/#organization\"},\"image\":{\"@id\":\"https:\\\/\\\/www.bellunopress.it\\\/2019\\\/03\\\/26\\\/ultimo-appuntamento-di-marzo-al-cinema-italia-di-belluno-con-il-cinema-a-3-euro\\\/#primaryimage\"},\"thumbnailUrl\":\"http:\\\/\\\/www.bellunopress.it\\\/wp-content\\\/uploads\\\/2016\\\/06\\\/cinema-Italia.jpg\",\"articleSection\":[\"Appuntamenti, Eventi\",\"Arte, Cultura, Spettacoli, Scienza\"],\"inLanguage\":\"fr-FR\"},{\"@type\":\"WebPage\",\"@id\":\"https:\\\/\\\/www.bellunopress.it\\\/2019\\\/03\\\/26\\\/ultimo-appuntamento-di-marzo-al-cinema-italia-di-belluno-con-il-cinema-a-3-euro\\\/\",\"url\":\"https:\\\/\\\/www.bellunopress.it\\\/2019\\\/03\\\/26\\\/ultimo-appuntamento-di-marzo-al-cinema-italia-di-belluno-con-il-cinema-a-3-euro\\\/\",\"name\":\"Ultimo appuntamento di marzo al Cinema Italia di Belluno con il cinema a 3 euro - Bellunopress - Dolomiti\",\"isPartOf\":{\"@id\":\"https:\\\/\\\/www.bellunopress.it\\\/#website\"},\"primaryImageOfPage\":{\"@id\":\"https:\\\/\\\/www.bellunopress.it\\\/2019\\\/03\\\/26\\\/ultimo-appuntamento-di-marzo-al-cinema-italia-di-belluno-con-il-cinema-a-3-euro\\\/#primaryimage\"},\"image\":{\"@id\":\"https:\\\/\\\/www.bellunopress.it\\\/2019\\\/03\\\/26\\\/ultimo-appuntamento-di-marzo-al-cinema-italia-di-belluno-con-il-cinema-a-3-euro\\\/#primaryimage\"},\"thumbnailUrl\":\"http:\\\/\\\/www.bellunopress.it\\\/wp-content\\\/uploads\\\/2016\\\/06\\\/cinema-Italia.jpg\",\"datePublished\":\"2019-03-26T07:30:58+00:00\",\"dateModified\":\"2019-03-26T19:03:34+00:00\",\"breadcrumb\":{\"@id\":\"https:\\\/\\\/www.bellunopress.it\\\/2019\\\/03\\\/26\\\/ultimo-appuntamento-di-marzo-al-cinema-italia-di-belluno-con-il-cinema-a-3-euro\\\/#breadcrumb\"},\"inLanguage\":\"fr-FR\",\"potentialAction\":[{\"@type\":\"ReadAction\",\"target\":[\"https:\\\/\\\/www.bellunopress.it\\\/2019\\\/03\\\/26\\\/ultimo-appuntamento-di-marzo-al-cinema-italia-di-belluno-con-il-cinema-a-3-euro\\\/\"]}]},{\"@type\":\"ImageObject\",\"inLanguage\":\"fr-FR\",\"@id\":\"https:\\\/\\\/www.bellunopress.it\\\/2019\\\/03\\\/26\\\/ultimo-appuntamento-di-marzo-al-cinema-italia-di-belluno-con-il-cinema-a-3-euro\\\/#primaryimage\",\"url\":\"http:\\\/\\\/www.bellunopress.it\\\/wp-content\\\/uploads\\\/2016\\\/06\\\/cinema-Italia.jpg\",\"contentUrl\":\"http:\\\/\\\/www.bellunopress.it\\\/wp-content\\\/uploads\\\/2016\\\/06\\\/cinema-Italia.jpg\"},{\"@type\":\"BreadcrumbList\",\"@id\":\"https:\\\/\\\/www.bellunopress.it\\\/2019\\\/03\\\/26\\\/ultimo-appuntamento-di-marzo-al-cinema-italia-di-belluno-con-il-cinema-a-3-euro\\\/#breadcrumb\",\"itemListElement\":[{\"@type\":\"ListItem\",\"position\":1,\"name\":\"Home\",\"item\":\"https:\\\/\\\/www.bellunopress.it\\\/\"},{\"@type\":\"ListItem\",\"position\":2,\"name\":\"Ultimo appuntamento di marzo al Cinema Italia di Belluno con il cinema a 3 euro\"}]},{\"@type\":\"WebSite\",\"@id\":\"https:\\\/\\\/www.bellunopress.it\\\/#website\",\"url\":\"https:\\\/\\\/www.bellunopress.it\\\/\",\"name\":\"Bellunopress - Dolomiti\",\"description\":\"e-mail: redazione@bellunopress.it\",\"publisher\":{\"@id\":\"https:\\\/\\\/www.bellunopress.it\\\/#organization\"},\"potentialAction\":[{\"@type\":\"SearchAction\",\"target\":{\"@type\":\"EntryPoint\",\"urlTemplate\":\"https:\\\/\\\/www.bellunopress.it\\\/?s={search_term_string}\"},\"query-input\":{\"@type\":\"PropertyValueSpecification\",\"valueRequired\":true,\"valueName\":\"search_term_string\"}}],\"inLanguage\":\"fr-FR\"},{\"@type\":\"Organization\",\"@id\":\"https:\\\/\\\/www.bellunopress.it\\\/#organization\",\"name\":\"Bellunopress\",\"url\":\"https:\\\/\\\/www.bellunopress.it\\\/\",\"logo\":{\"@type\":\"ImageObject\",\"inLanguage\":\"fr-FR\",\"@id\":\"https:\\\/\\\/www.bellunopress.it\\\/#\\\/schema\\\/logo\\\/image\\\/\",\"url\":\"https:\\\/\\\/www.bellunopress.it\\\/wp-content\\\/uploads\\\/2011\\\/05\\\/cropped-logo-bellunopress-.jpg\",\"contentUrl\":\"https:\\\/\\\/www.bellunopress.it\\\/wp-content\\\/uploads\\\/2011\\\/05\\\/cropped-logo-bellunopress-.jpg\",\"width\":512,\"height\":512,\"caption\":\"Bellunopress\"},\"image\":{\"@id\":\"https:\\\/\\\/www.bellunopress.it\\\/#\\\/schema\\\/logo\\\/image\\\/\"},\"sameAs\":[\"https:\\\/\\\/www.facebook.com\\\/profile.php?id=100008943462799\",\"https:\\\/\\\/x.com\\\/bellunopress\",\"https:\\\/\\\/www.linkedin.com\\\/hp\\\/?dnr=JBzUWaJfMUw8vbXJJ2tVW5-I3jZKvC4wsoxE&amp;amp;amp;amp;amp;amp;trk=nav_responsive_tab_home\",\"https:\\\/\\\/www.youtube.com\\\/channel\\\/UCxL0wu1uN0_3_7hGG0306cw\"]},{\"@type\":\"Person\",\"@id\":\"https:\\\/\\\/www.bellunopress.it\\\/#\\\/schema\\\/person\\\/79bb06722b37ece1c03d3e94beb30d73\",\"name\":\"redazione\",\"image\":{\"@type\":\"ImageObject\",\"inLanguage\":\"fr-FR\",\"@id\":\"https:\\\/\\\/secure.gravatar.com\\\/avatar\\\/37d968a2e67a6fd04c169c4bdef102d0bc5d31b2546345219e348575eb80e9a0?s=96&d=mm&r=g\",\"url\":\"https:\\\/\\\/secure.gravatar.com\\\/avatar\\\/37d968a2e67a6fd04c169c4bdef102d0bc5d31b2546345219e348575eb80e9a0?s=96&d=mm&r=g\",\"contentUrl\":\"https:\\\/\\\/secure.gravatar.com\\\/avatar\\\/37d968a2e67a6fd04c169c4bdef102d0bc5d31b2546345219e348575eb80e9a0?s=96&d=mm&r=g\",\"caption\":\"redazione\"},\"sameAs\":[\"http:\\\/\\\/www.bellunopress.it\",\"https:\\\/\\\/x.com\\\/bellunopress\"],\"url\":\"https:\\\/\\\/www.bellunopress.it\\\/fr\\\/author\\\/redazione\\\/\"}]}<\/script>\n<!-- \/ Yoast SEO plugin. -->","yoast_head_json":{"title":"Ultimo appuntamento di marzo al Cinema Italia di Belluno con il cinema a 3 euro - Bellunopress - Dolomiti","robots":{"index":"index","follow":"follow","max-snippet":"max-snippet:-1","max-image-preview":"max-image-preview:large","max-video-preview":"max-video-preview:-1"},"canonical":"https:\/\/www.bellunopress.it\/fr\/2019\/03\/26\/ultimo-appuntamento-di-marzo-al-cinema-italia-di-belluno-con-il-cinema-a-3-euro\/","og_locale":"fr_FR","og_type":"article","og_title":"Ultimo appuntamento di marzo al Cinema Italia di Belluno con il cinema a 3 euro - Bellunopress - Dolomiti","og_description":"Ultimo appuntamento del mese marted\u00ec 26 marzo al Cinema Italia di Belluno con la nuova edizione de \u201cLa Regione del Veneto per il cinema di qualit\u00e0 &#8211; La Regione ti porta al cinema con tre euro &#8211; I marted\u00ec al cinema\u201d, progetto pluriennale di successo organizzato dalla Federazione Italiana Cinema d\u2019Essai (FICE) delle Tre Venezie, [&hellip;]","og_url":"https:\/\/www.bellunopress.it\/fr\/2019\/03\/26\/ultimo-appuntamento-di-marzo-al-cinema-italia-di-belluno-con-il-cinema-a-3-euro\/","og_site_name":"Bellunopress - Dolomiti","article_publisher":"https:\/\/www.facebook.com\/profile.php?id=100008943462799","article_published_time":"2019-03-26T07:30:58+00:00","article_modified_time":"2019-03-26T19:03:34+00:00","og_image":[{"url":"http:\/\/www.bellunopress.it\/wp-content\/uploads\/2016\/06\/cinema-Italia.jpg","type":"","width":"","height":""}],"author":"redazione","twitter_card":"summary_large_image","twitter_creator":"@bellunopress","twitter_site":"@bellunopress","twitter_misc":{"Written by":"redazione","Est. reading time":"2 minutes"},"schema":{"@context":"https:\/\/schema.org","@graph":[{"@type":"Article","@id":"https:\/\/www.bellunopress.it\/2019\/03\/26\/ultimo-appuntamento-di-marzo-al-cinema-italia-di-belluno-con-il-cinema-a-3-euro\/#article","isPartOf":{"@id":"https:\/\/www.bellunopress.it\/2019\/03\/26\/ultimo-appuntamento-di-marzo-al-cinema-italia-di-belluno-con-il-cinema-a-3-euro\/"},"author":{"name":"redazione","@id":"https:\/\/www.bellunopress.it\/#\/schema\/person\/79bb06722b37ece1c03d3e94beb30d73"},"headline":"Ultimo appuntamento di marzo al Cinema Italia di Belluno con il cinema a 3 euro","datePublished":"2019-03-26T07:30:58+00:00","dateModified":"2019-03-26T19:03:34+00:00","mainEntityOfPage":{"@id":"https:\/\/www.bellunopress.it\/2019\/03\/26\/ultimo-appuntamento-di-marzo-al-cinema-italia-di-belluno-con-il-cinema-a-3-euro\/"},"wordCount":376,"publisher":{"@id":"https:\/\/www.bellunopress.it\/#organization"},"image":{"@id":"https:\/\/www.bellunopress.it\/2019\/03\/26\/ultimo-appuntamento-di-marzo-al-cinema-italia-di-belluno-con-il-cinema-a-3-euro\/#primaryimage"},"thumbnailUrl":"http:\/\/www.bellunopress.it\/wp-content\/uploads\/2016\/06\/cinema-Italia.jpg","articleSection":["Appuntamenti, Eventi","Arte, Cultura, Spettacoli, Scienza"],"inLanguage":"fr-FR"},{"@type":"WebPage","@id":"https:\/\/www.bellunopress.it\/2019\/03\/26\/ultimo-appuntamento-di-marzo-al-cinema-italia-di-belluno-con-il-cinema-a-3-euro\/","url":"https:\/\/www.bellunopress.it\/2019\/03\/26\/ultimo-appuntamento-di-marzo-al-cinema-italia-di-belluno-con-il-cinema-a-3-euro\/","name":"Ultimo appuntamento di marzo al Cinema Italia di Belluno con il cinema a 3 euro - Bellunopress - Dolomiti","isPartOf":{"@id":"https:\/\/www.bellunopress.it\/#website"},"primaryImageOfPage":{"@id":"https:\/\/www.bellunopress.it\/2019\/03\/26\/ultimo-appuntamento-di-marzo-al-cinema-italia-di-belluno-con-il-cinema-a-3-euro\/#primaryimage"},"image":{"@id":"https:\/\/www.bellunopress.it\/2019\/03\/26\/ultimo-appuntamento-di-marzo-al-cinema-italia-di-belluno-con-il-cinema-a-3-euro\/#primaryimage"},"thumbnailUrl":"http:\/\/www.bellunopress.it\/wp-content\/uploads\/2016\/06\/cinema-Italia.jpg","datePublished":"2019-03-26T07:30:58+00:00","dateModified":"2019-03-26T19:03:34+00:00","breadcrumb":{"@id":"https:\/\/www.bellunopress.it\/2019\/03\/26\/ultimo-appuntamento-di-marzo-al-cinema-italia-di-belluno-con-il-cinema-a-3-euro\/#breadcrumb"},"inLanguage":"fr-FR","potentialAction":[{"@type":"ReadAction","target":["https:\/\/www.bellunopress.it\/2019\/03\/26\/ultimo-appuntamento-di-marzo-al-cinema-italia-di-belluno-con-il-cinema-a-3-euro\/"]}]},{"@type":"ImageObject","inLanguage":"fr-FR","@id":"https:\/\/www.bellunopress.it\/2019\/03\/26\/ultimo-appuntamento-di-marzo-al-cinema-italia-di-belluno-con-il-cinema-a-3-euro\/#primaryimage","url":"http:\/\/www.bellunopress.it\/wp-content\/uploads\/2016\/06\/cinema-Italia.jpg","contentUrl":"http:\/\/www.bellunopress.it\/wp-content\/uploads\/2016\/06\/cinema-Italia.jpg"},{"@type":"BreadcrumbList","@id":"https:\/\/www.bellunopress.it\/2019\/03\/26\/ultimo-appuntamento-di-marzo-al-cinema-italia-di-belluno-con-il-cinema-a-3-euro\/#breadcrumb","itemListElement":[{"@type":"ListItem","position":1,"name":"Home","item":"https:\/\/www.bellunopress.it\/"},{"@type":"ListItem","position":2,"name":"Ultimo appuntamento di marzo al Cinema Italia di Belluno con il cinema a 3 euro"}]},{"@type":"WebSite","@id":"https:\/\/www.bellunopress.it\/#website","url":"https:\/\/www.bellunopress.it\/","name":"Bellunopress - Dolomiti","description":"e-mail: redazione@bellunopress.it","publisher":{"@id":"https:\/\/www.bellunopress.it\/#organization"},"potentialAction":[{"@type":"SearchAction","target":{"@type":"EntryPoint","urlTemplate":"https:\/\/www.bellunopress.it\/?s={search_term_string}"},"query-input":{"@type":"PropertyValueSpecification","valueRequired":true,"valueName":"search_term_string"}}],"inLanguage":"fr-FR"},{"@type":"Organization","@id":"https:\/\/www.bellunopress.it\/#organization","name":"Bellunopress","url":"https:\/\/www.bellunopress.it\/","logo":{"@type":"ImageObject","inLanguage":"fr-FR","@id":"https:\/\/www.bellunopress.it\/#\/schema\/logo\/image\/","url":"https:\/\/www.bellunopress.it\/wp-content\/uploads\/2011\/05\/cropped-logo-bellunopress-.jpg","contentUrl":"https:\/\/www.bellunopress.it\/wp-content\/uploads\/2011\/05\/cropped-logo-bellunopress-.jpg","width":512,"height":512,"caption":"Bellunopress"},"image":{"@id":"https:\/\/www.bellunopress.it\/#\/schema\/logo\/image\/"},"sameAs":["https:\/\/www.facebook.com\/profile.php?id=100008943462799","https:\/\/x.com\/bellunopress","https:\/\/www.linkedin.com\/hp\/?dnr=JBzUWaJfMUw8vbXJJ2tVW5-I3jZKvC4wsoxE&amp;amp;amp;amp;amp;amp;trk=nav_responsive_tab_home","https:\/\/www.youtube.com\/channel\/UCxL0wu1uN0_3_7hGG0306cw"]},{"@type":"Person","@id":"https:\/\/www.bellunopress.it\/#\/schema\/person\/79bb06722b37ece1c03d3e94beb30d73","name":"r\u00e9daction","image":{"@type":"ImageObject","inLanguage":"fr-FR","@id":"https:\/\/secure.gravatar.com\/avatar\/37d968a2e67a6fd04c169c4bdef102d0bc5d31b2546345219e348575eb80e9a0?s=96&d=mm&r=g","url":"https:\/\/secure.gravatar.com\/avatar\/37d968a2e67a6fd04c169c4bdef102d0bc5d31b2546345219e348575eb80e9a0?s=96&d=mm&r=g","contentUrl":"https:\/\/secure.gravatar.com\/avatar\/37d968a2e67a6fd04c169c4bdef102d0bc5d31b2546345219e348575eb80e9a0?s=96&d=mm&r=g","caption":"redazione"},"sameAs":["http:\/\/www.bellunopress.it","https:\/\/x.com\/bellunopress"],"url":"https:\/\/www.bellunopress.it\/fr\/author\/redazione\/"}]}},"_links":{"self":[{"href":"https:\/\/www.bellunopress.it\/fr\/wp-json\/wp\/v2\/posts\/103200","targetHints":{"allow":["GET"]}}],"collection":[{"href":"https:\/\/www.bellunopress.it\/fr\/wp-json\/wp\/v2\/posts"}],"about":[{"href":"https:\/\/www.bellunopress.it\/fr\/wp-json\/wp\/v2\/types\/post"}],"author":[{"embeddable":true,"href":"https:\/\/www.bellunopress.it\/fr\/wp-json\/wp\/v2\/users\/2"}],"replies":[{"embeddable":true,"href":"https:\/\/www.bellunopress.it\/fr\/wp-json\/wp\/v2\/comments?post=103200"}],"version-history":[{"count":1,"href":"https:\/\/www.bellunopress.it\/fr\/wp-json\/wp\/v2\/posts\/103200\/revisions"}],"predecessor-version":[{"id":103201,"href":"https:\/\/www.bellunopress.it\/fr\/wp-json\/wp\/v2\/posts\/103200\/revisions\/103201"}],"wp:attachment":[{"href":"https:\/\/www.bellunopress.it\/fr\/wp-json\/wp\/v2\/media?parent=103200"}],"wp:term":[{"taxonomy":"category","embeddable":true,"href":"https:\/\/www.bellunopress.it\/fr\/wp-json\/wp\/v2\/categories?post=103200"},{"taxonomy":"post_tag","embeddable":true,"href":"https:\/\/www.bellunopress.it\/fr\/wp-json\/wp\/v2\/tags?post=103200"}],"curies":[{"name":"wp","href":"https:\/\/api.w.org\/{rel}","templated":true}]}}