{"id":10320,"date":"2009-12-03T23:11:14","date_gmt":"2009-12-03T22:11:14","guid":{"rendered":"http:\/\/www.bellunopress.it\/?p=10320"},"modified":"2009-12-03T23:11:14","modified_gmt":"2009-12-03T22:11:14","slug":"gomme-da-neve-o-catene-da-venerdi-4-dicembre-per-raggiungere-le-localita-turistiche-della-provincia","status":"publish","type":"post","link":"https:\/\/www.bellunopress.it\/fr\/2009\/12\/03\/gomme-da-neve-o-catene-da-venerdi-4-dicembre-per-raggiungere-le-localita-turistiche-della-provincia\/","title":{"rendered":"Gomme da neve o catene da venerd\u00ec 4 dicembre per raggiungere le localit\u00e0 turistiche della Provincia"},"content":{"rendered":"<p>Si \u00e8 riunito in Prefettura il Comitato operativo viabilita&#8217; con i rappresentanti della Provincia, della Questura, dei Carabinieri, del Corpo forestale dello stato, della Polizia stradale, dei Vigili del fuoco, di Anas e di Veneto strade. In considerazione del prevedibile incremento dell\u2019afflusso di autoveicoli verso le localita\u2019 turistiche, favorito dal lungo ponte dell\u2019Immacolata,\u00a0 sono stati disposti dalla primissima mattina di venerdi\u2019 dei servizi coordinati di controllo delle automobili e dei mezzi pesanti al fine di garantire il proseguimento verso le zone innevate dei soli veicoli muniti di gomme o catene da neve. Il provvedimento \u00e8 stato adottato sulla base del bollettino meteorologico emesso dal centro Arpav di Arabba, che prevede nella giornata di venerdi&#8217; 4 dicembre il limite delle nevicate sopra i 600\/800 m nel settore dolomitico settentrionale, sopra i 700\/1000 m nei settori prealpino e centro dolomitico. sono attesi 20\/40 mm di neve su Prealpi e Dolomiti centrali, 10\/20 mm su Dolomiti settentrionali, con altrettanti cm di neve fresca sopra i 1000\/1200 m.<\/p>","protected":false},"excerpt":{"rendered":"<p>Si \u00e8 riunito in Prefettura il Comitato operativo viabilita&#8217; con i rappresentanti della Provincia, della Questura, dei Carabinieri, del Corpo forestale dello stato, della Polizia stradale, dei Vigili del fuoco, di Anas e di Veneto strade. In considerazione del prevedibile incremento dell\u2019afflusso di autoveicoli verso le localita\u2019 turistiche, favorito dal lungo ponte dell\u2019Immacolata,\u00a0 sono stati [&hellip;]<\/p>\n","protected":false},"author":2,"featured_media":0,"comment_status":"closed","ping_status":"open","sticky":false,"template":"","format":"standard","meta":{"footnotes":""},"categories":[5,26],"tags":[63],"class_list":["post-10320","post","type-post","status-publish","format-standard","category-cronaca","category-prima-pagina","tag-dolomiti"],"yoast_head":"<!-- This site is optimized with the Yoast SEO plugin v28.4 - https:\/\/yoast.com\/product\/yoast-seo-wordpress\/ -->\n<title>Gomme da neve o catene da venerd\u00ec 4 dicembre per raggiungere le localit\u00e0 turistiche della Provincia  - Bellunopress - Dolomiti<\/title>\n<meta name=\"robots\" content=\"index, follow, max-snippet:-1, max-image-preview:large, max-video-preview:-1\" \/>\n<link rel=\"canonical\" href=\"https:\/\/www.bellunopress.it\/fr\/2009\/12\/03\/gomme-da-neve-o-catene-da-venerdi-4-dicembre-per-raggiungere-le-localita-turistiche-della-provincia\/\" \/>\n<meta property=\"og:locale\" content=\"fr_FR\" \/>\n<meta property=\"og:type\" content=\"article\" \/>\n<meta property=\"og:title\" content=\"Gomme da neve o catene da venerd\u00ec 4 dicembre per raggiungere le localit\u00e0 turistiche della Provincia  - Bellunopress - Dolomiti\" \/>\n<meta property=\"og:description\" content=\"Si \u00e8 riunito in Prefettura il Comitato operativo viabilita&#8217; con i rappresentanti della Provincia, della Questura, dei Carabinieri, del Corpo forestale dello stato, della Polizia stradale, dei Vigili del fuoco, di Anas e di Veneto strade. In considerazione del prevedibile incremento dell\u2019afflusso di autoveicoli verso le localita\u2019 turistiche, favorito dal lungo ponte dell\u2019Immacolata,\u00a0 sono stati [&hellip;]\" \/>\n<meta property=\"og:url\" content=\"https:\/\/www.bellunopress.it\/fr\/2009\/12\/03\/gomme-da-neve-o-catene-da-venerdi-4-dicembre-per-raggiungere-le-localita-turistiche-della-provincia\/\" \/>\n<meta property=\"og:site_name\" content=\"Bellunopress - Dolomiti\" \/>\n<meta property=\"article:publisher\" content=\"https:\/\/www.facebook.com\/profile.php?id=100008943462799\" \/>\n<meta property=\"article:published_time\" content=\"2009-12-03T22:11:14+00:00\" \/>\n<meta property=\"og:image\" content=\"http:\/\/www.bellunopress.it\/wp-content\/uploads\/2012\/07\/logo-bellunopress-250x250-2012.jpg\" \/>\n<meta name=\"author\" content=\"redazione\" \/>\n<meta name=\"twitter:card\" content=\"summary_large_image\" \/>\n<meta name=\"twitter:creator\" content=\"@bellunopress\" \/>\n<meta name=\"twitter:site\" content=\"@bellunopress\" \/>\n<meta name=\"twitter:label1\" content=\"\u00c9crit par\" \/>\n\t<meta name=\"twitter:data1\" content=\"redazione\" \/>\n\t<meta name=\"twitter:label2\" content=\"Dur\u00e9e de lecture estim\u00e9e\" \/>\n\t<meta name=\"twitter:data2\" content=\"1 minute\" \/>\n<script type=\"application\/ld+json\" class=\"yoast-schema-graph\">{\"@context\":\"https:\\\/\\\/schema.org\",\"@graph\":[{\"@type\":\"Article\",\"@id\":\"https:\\\/\\\/www.bellunopress.it\\\/2009\\\/12\\\/03\\\/gomme-da-neve-o-catene-da-venerdi-4-dicembre-per-raggiungere-le-localita-turistiche-della-provincia\\\/#article\",\"isPartOf\":{\"@id\":\"https:\\\/\\\/www.bellunopress.it\\\/2009\\\/12\\\/03\\\/gomme-da-neve-o-catene-da-venerdi-4-dicembre-per-raggiungere-le-localita-turistiche-della-provincia\\\/\"},\"author\":{\"name\":\"redazione\",\"@id\":\"https:\\\/\\\/www.bellunopress.it\\\/#\\\/schema\\\/person\\\/79bb06722b37ece1c03d3e94beb30d73\"},\"headline\":\"Gomme da neve o catene da venerd\u00ec 4 dicembre per raggiungere le localit\u00e0 turistiche della Provincia\",\"datePublished\":\"2009-12-03T22:11:14+00:00\",\"mainEntityOfPage\":{\"@id\":\"https:\\\/\\\/www.bellunopress.it\\\/2009\\\/12\\\/03\\\/gomme-da-neve-o-catene-da-venerdi-4-dicembre-per-raggiungere-le-localita-turistiche-della-provincia\\\/\"},\"wordCount\":173,\"publisher\":{\"@id\":\"https:\\\/\\\/www.bellunopress.it\\\/#organization\"},\"keywords\":[\"Dolomiti\"],\"articleSection\":[\"Cronaca\\\/Politica\",\"Prima Pagina\"],\"inLanguage\":\"fr-FR\"},{\"@type\":\"WebPage\",\"@id\":\"https:\\\/\\\/www.bellunopress.it\\\/2009\\\/12\\\/03\\\/gomme-da-neve-o-catene-da-venerdi-4-dicembre-per-raggiungere-le-localita-turistiche-della-provincia\\\/\",\"url\":\"https:\\\/\\\/www.bellunopress.it\\\/2009\\\/12\\\/03\\\/gomme-da-neve-o-catene-da-venerdi-4-dicembre-per-raggiungere-le-localita-turistiche-della-provincia\\\/\",\"name\":\"Gomme da neve o catene da venerd\u00ec 4 dicembre per raggiungere le localit\u00e0 turistiche della Provincia - Bellunopress - Dolomiti\",\"isPartOf\":{\"@id\":\"https:\\\/\\\/www.bellunopress.it\\\/#website\"},\"datePublished\":\"2009-12-03T22:11:14+00:00\",\"breadcrumb\":{\"@id\":\"https:\\\/\\\/www.bellunopress.it\\\/2009\\\/12\\\/03\\\/gomme-da-neve-o-catene-da-venerdi-4-dicembre-per-raggiungere-le-localita-turistiche-della-provincia\\\/#breadcrumb\"},\"inLanguage\":\"fr-FR\",\"potentialAction\":[{\"@type\":\"ReadAction\",\"target\":[\"https:\\\/\\\/www.bellunopress.it\\\/2009\\\/12\\\/03\\\/gomme-da-neve-o-catene-da-venerdi-4-dicembre-per-raggiungere-le-localita-turistiche-della-provincia\\\/\"]}]},{\"@type\":\"BreadcrumbList\",\"@id\":\"https:\\\/\\\/www.bellunopress.it\\\/2009\\\/12\\\/03\\\/gomme-da-neve-o-catene-da-venerdi-4-dicembre-per-raggiungere-le-localita-turistiche-della-provincia\\\/#breadcrumb\",\"itemListElement\":[{\"@type\":\"ListItem\",\"position\":1,\"name\":\"Home\",\"item\":\"https:\\\/\\\/www.bellunopress.it\\\/\"},{\"@type\":\"ListItem\",\"position\":2,\"name\":\"Gomme da neve o catene da venerd\u00ec 4 dicembre per raggiungere le localit\u00e0 turistiche della Provincia\"}]},{\"@type\":\"WebSite\",\"@id\":\"https:\\\/\\\/www.bellunopress.it\\\/#website\",\"url\":\"https:\\\/\\\/www.bellunopress.it\\\/\",\"name\":\"Bellunopress - Dolomiti\",\"description\":\"e-mail: redazione@bellunopress.it\",\"publisher\":{\"@id\":\"https:\\\/\\\/www.bellunopress.it\\\/#organization\"},\"potentialAction\":[{\"@type\":\"SearchAction\",\"target\":{\"@type\":\"EntryPoint\",\"urlTemplate\":\"https:\\\/\\\/www.bellunopress.it\\\/?s={search_term_string}\"},\"query-input\":{\"@type\":\"PropertyValueSpecification\",\"valueRequired\":true,\"valueName\":\"search_term_string\"}}],\"inLanguage\":\"fr-FR\"},{\"@type\":\"Organization\",\"@id\":\"https:\\\/\\\/www.bellunopress.it\\\/#organization\",\"name\":\"Bellunopress\",\"url\":\"https:\\\/\\\/www.bellunopress.it\\\/\",\"logo\":{\"@type\":\"ImageObject\",\"inLanguage\":\"fr-FR\",\"@id\":\"https:\\\/\\\/www.bellunopress.it\\\/#\\\/schema\\\/logo\\\/image\\\/\",\"url\":\"https:\\\/\\\/www.bellunopress.it\\\/wp-content\\\/uploads\\\/2011\\\/05\\\/cropped-logo-bellunopress-.jpg\",\"contentUrl\":\"https:\\\/\\\/www.bellunopress.it\\\/wp-content\\\/uploads\\\/2011\\\/05\\\/cropped-logo-bellunopress-.jpg\",\"width\":512,\"height\":512,\"caption\":\"Bellunopress\"},\"image\":{\"@id\":\"https:\\\/\\\/www.bellunopress.it\\\/#\\\/schema\\\/logo\\\/image\\\/\"},\"sameAs\":[\"https:\\\/\\\/www.facebook.com\\\/profile.php?id=100008943462799\",\"https:\\\/\\\/x.com\\\/bellunopress\",\"https:\\\/\\\/www.linkedin.com\\\/hp\\\/?dnr=JBzUWaJfMUw8vbXJJ2tVW5-I3jZKvC4wsoxE&amp;amp;amp;amp;amp;amp;trk=nav_responsive_tab_home\",\"https:\\\/\\\/www.youtube.com\\\/channel\\\/UCxL0wu1uN0_3_7hGG0306cw\"]},{\"@type\":\"Person\",\"@id\":\"https:\\\/\\\/www.bellunopress.it\\\/#\\\/schema\\\/person\\\/79bb06722b37ece1c03d3e94beb30d73\",\"name\":\"redazione\",\"image\":{\"@type\":\"ImageObject\",\"inLanguage\":\"fr-FR\",\"@id\":\"https:\\\/\\\/secure.gravatar.com\\\/avatar\\\/37d968a2e67a6fd04c169c4bdef102d0bc5d31b2546345219e348575eb80e9a0?s=96&d=mm&r=g\",\"url\":\"https:\\\/\\\/secure.gravatar.com\\\/avatar\\\/37d968a2e67a6fd04c169c4bdef102d0bc5d31b2546345219e348575eb80e9a0?s=96&d=mm&r=g\",\"contentUrl\":\"https:\\\/\\\/secure.gravatar.com\\\/avatar\\\/37d968a2e67a6fd04c169c4bdef102d0bc5d31b2546345219e348575eb80e9a0?s=96&d=mm&r=g\",\"caption\":\"redazione\"},\"sameAs\":[\"http:\\\/\\\/www.bellunopress.it\",\"https:\\\/\\\/x.com\\\/bellunopress\"],\"url\":\"https:\\\/\\\/www.bellunopress.it\\\/fr\\\/author\\\/redazione\\\/\"}]}<\/script>\n<!-- \/ Yoast SEO plugin. -->","yoast_head_json":{"title":"Gomme da neve o catene da venerd\u00ec 4 dicembre per raggiungere le localit\u00e0 turistiche della Provincia  - Bellunopress - Dolomiti","robots":{"index":"index","follow":"follow","max-snippet":"max-snippet:-1","max-image-preview":"max-image-preview:large","max-video-preview":"max-video-preview:-1"},"canonical":"https:\/\/www.bellunopress.it\/fr\/2009\/12\/03\/gomme-da-neve-o-catene-da-venerdi-4-dicembre-per-raggiungere-le-localita-turistiche-della-provincia\/","og_locale":"fr_FR","og_type":"article","og_title":"Gomme da neve o catene da venerd\u00ec 4 dicembre per raggiungere le localit\u00e0 turistiche della Provincia  - Bellunopress - Dolomiti","og_description":"Si \u00e8 riunito in Prefettura il Comitato operativo viabilita&#8217; con i rappresentanti della Provincia, della Questura, dei Carabinieri, del Corpo forestale dello stato, della Polizia stradale, dei Vigili del fuoco, di Anas e di Veneto strade. In considerazione del prevedibile incremento dell\u2019afflusso di autoveicoli verso le localita\u2019 turistiche, favorito dal lungo ponte dell\u2019Immacolata,\u00a0 sono stati [&hellip;]","og_url":"https:\/\/www.bellunopress.it\/fr\/2009\/12\/03\/gomme-da-neve-o-catene-da-venerdi-4-dicembre-per-raggiungere-le-localita-turistiche-della-provincia\/","og_site_name":"Bellunopress - Dolomiti","article_publisher":"https:\/\/www.facebook.com\/profile.php?id=100008943462799","article_published_time":"2009-12-03T22:11:14+00:00","og_image":[{"url":"http:\/\/www.bellunopress.it\/wp-content\/uploads\/2012\/07\/logo-bellunopress-250x250-2012.jpg","type":"","width":"","height":""}],"author":"redazione","twitter_card":"summary_large_image","twitter_creator":"@bellunopress","twitter_site":"@bellunopress","twitter_misc":{"\u00c9crit par":"redazione","Dur\u00e9e de lecture estim\u00e9e":"1 minute"},"schema":{"@context":"https:\/\/schema.org","@graph":[{"@type":"Article","@id":"https:\/\/www.bellunopress.it\/2009\/12\/03\/gomme-da-neve-o-catene-da-venerdi-4-dicembre-per-raggiungere-le-localita-turistiche-della-provincia\/#article","isPartOf":{"@id":"https:\/\/www.bellunopress.it\/2009\/12\/03\/gomme-da-neve-o-catene-da-venerdi-4-dicembre-per-raggiungere-le-localita-turistiche-della-provincia\/"},"author":{"name":"redazione","@id":"https:\/\/www.bellunopress.it\/#\/schema\/person\/79bb06722b37ece1c03d3e94beb30d73"},"headline":"Gomme da neve o catene da venerd\u00ec 4 dicembre per raggiungere le localit\u00e0 turistiche della Provincia","datePublished":"2009-12-03T22:11:14+00:00","mainEntityOfPage":{"@id":"https:\/\/www.bellunopress.it\/2009\/12\/03\/gomme-da-neve-o-catene-da-venerdi-4-dicembre-per-raggiungere-le-localita-turistiche-della-provincia\/"},"wordCount":173,"publisher":{"@id":"https:\/\/www.bellunopress.it\/#organization"},"keywords":["Dolomiti"],"articleSection":["Cronaca\/Politica","Prima Pagina"],"inLanguage":"fr-FR"},{"@type":"WebPage","@id":"https:\/\/www.bellunopress.it\/2009\/12\/03\/gomme-da-neve-o-catene-da-venerdi-4-dicembre-per-raggiungere-le-localita-turistiche-della-provincia\/","url":"https:\/\/www.bellunopress.it\/2009\/12\/03\/gomme-da-neve-o-catene-da-venerdi-4-dicembre-per-raggiungere-le-localita-turistiche-della-provincia\/","name":"Gomme da neve o catene da venerd\u00ec 4 dicembre per raggiungere le localit\u00e0 turistiche della Provincia - Bellunopress - Dolomiti","isPartOf":{"@id":"https:\/\/www.bellunopress.it\/#website"},"datePublished":"2009-12-03T22:11:14+00:00","breadcrumb":{"@id":"https:\/\/www.bellunopress.it\/2009\/12\/03\/gomme-da-neve-o-catene-da-venerdi-4-dicembre-per-raggiungere-le-localita-turistiche-della-provincia\/#breadcrumb"},"inLanguage":"fr-FR","potentialAction":[{"@type":"ReadAction","target":["https:\/\/www.bellunopress.it\/2009\/12\/03\/gomme-da-neve-o-catene-da-venerdi-4-dicembre-per-raggiungere-le-localita-turistiche-della-provincia\/"]}]},{"@type":"BreadcrumbList","@id":"https:\/\/www.bellunopress.it\/2009\/12\/03\/gomme-da-neve-o-catene-da-venerdi-4-dicembre-per-raggiungere-le-localita-turistiche-della-provincia\/#breadcrumb","itemListElement":[{"@type":"ListItem","position":1,"name":"Home","item":"https:\/\/www.bellunopress.it\/"},{"@type":"ListItem","position":2,"name":"Gomme da neve o catene da venerd\u00ec 4 dicembre per raggiungere le localit\u00e0 turistiche della Provincia"}]},{"@type":"WebSite","@id":"https:\/\/www.bellunopress.it\/#website","url":"https:\/\/www.bellunopress.it\/","name":"Bellunopress - Dolomiti","description":"e-mail: redazione@bellunopress.it","publisher":{"@id":"https:\/\/www.bellunopress.it\/#organization"},"potentialAction":[{"@type":"SearchAction","target":{"@type":"EntryPoint","urlTemplate":"https:\/\/www.bellunopress.it\/?s={search_term_string}"},"query-input":{"@type":"PropertyValueSpecification","valueRequired":true,"valueName":"search_term_string"}}],"inLanguage":"fr-FR"},{"@type":"Organization","@id":"https:\/\/www.bellunopress.it\/#organization","name":"Bellunopress","url":"https:\/\/www.bellunopress.it\/","logo":{"@type":"ImageObject","inLanguage":"fr-FR","@id":"https:\/\/www.bellunopress.it\/#\/schema\/logo\/image\/","url":"https:\/\/www.bellunopress.it\/wp-content\/uploads\/2011\/05\/cropped-logo-bellunopress-.jpg","contentUrl":"https:\/\/www.bellunopress.it\/wp-content\/uploads\/2011\/05\/cropped-logo-bellunopress-.jpg","width":512,"height":512,"caption":"Bellunopress"},"image":{"@id":"https:\/\/www.bellunopress.it\/#\/schema\/logo\/image\/"},"sameAs":["https:\/\/www.facebook.com\/profile.php?id=100008943462799","https:\/\/x.com\/bellunopress","https:\/\/www.linkedin.com\/hp\/?dnr=JBzUWaJfMUw8vbXJJ2tVW5-I3jZKvC4wsoxE&amp;amp;amp;amp;amp;amp;trk=nav_responsive_tab_home","https:\/\/www.youtube.com\/channel\/UCxL0wu1uN0_3_7hGG0306cw"]},{"@type":"Person","@id":"https:\/\/www.bellunopress.it\/#\/schema\/person\/79bb06722b37ece1c03d3e94beb30d73","name":"r\u00e9daction","image":{"@type":"ImageObject","inLanguage":"fr-FR","@id":"https:\/\/secure.gravatar.com\/avatar\/37d968a2e67a6fd04c169c4bdef102d0bc5d31b2546345219e348575eb80e9a0?s=96&d=mm&r=g","url":"https:\/\/secure.gravatar.com\/avatar\/37d968a2e67a6fd04c169c4bdef102d0bc5d31b2546345219e348575eb80e9a0?s=96&d=mm&r=g","contentUrl":"https:\/\/secure.gravatar.com\/avatar\/37d968a2e67a6fd04c169c4bdef102d0bc5d31b2546345219e348575eb80e9a0?s=96&d=mm&r=g","caption":"redazione"},"sameAs":["http:\/\/www.bellunopress.it","https:\/\/x.com\/bellunopress"],"url":"https:\/\/www.bellunopress.it\/fr\/author\/redazione\/"}]}},"_links":{"self":[{"href":"https:\/\/www.bellunopress.it\/fr\/wp-json\/wp\/v2\/posts\/10320","targetHints":{"allow":["GET"]}}],"collection":[{"href":"https:\/\/www.bellunopress.it\/fr\/wp-json\/wp\/v2\/posts"}],"about":[{"href":"https:\/\/www.bellunopress.it\/fr\/wp-json\/wp\/v2\/types\/post"}],"author":[{"embeddable":true,"href":"https:\/\/www.bellunopress.it\/fr\/wp-json\/wp\/v2\/users\/2"}],"replies":[{"embeddable":true,"href":"https:\/\/www.bellunopress.it\/fr\/wp-json\/wp\/v2\/comments?post=10320"}],"version-history":[{"count":1,"href":"https:\/\/www.bellunopress.it\/fr\/wp-json\/wp\/v2\/posts\/10320\/revisions"}],"predecessor-version":[{"id":10321,"href":"https:\/\/www.bellunopress.it\/fr\/wp-json\/wp\/v2\/posts\/10320\/revisions\/10321"}],"wp:attachment":[{"href":"https:\/\/www.bellunopress.it\/fr\/wp-json\/wp\/v2\/media?parent=10320"}],"wp:term":[{"taxonomy":"category","embeddable":true,"href":"https:\/\/www.bellunopress.it\/fr\/wp-json\/wp\/v2\/categories?post=10320"},{"taxonomy":"post_tag","embeddable":true,"href":"https:\/\/www.bellunopress.it\/fr\/wp-json\/wp\/v2\/tags?post=10320"}],"curies":[{"name":"wp","href":"https:\/\/api.w.org\/{rel}","templated":true}]}}