{"id":10317,"date":"2009-12-03T19:48:13","date_gmt":"2009-12-03T18:48:13","guid":{"rendered":"http:\/\/www.bellunopress.it\/?p=10317"},"modified":"2009-12-03T19:48:13","modified_gmt":"2009-12-03T18:48:13","slug":"serata-alpamayo-ad-agordo-enata-la-sezione-cai-dellalpago","status":"publish","type":"post","link":"https:\/\/www.bellunopress.it\/fr\/2009\/12\/03\/serata-alpamayo-ad-agordo-enata-la-sezione-cai-dellalpago\/","title":{"rendered":"Serata Alpamayo ad Agordo. E&#8217;nata la sezione Cai dell&#8217;Alpago"},"content":{"rendered":"<p>Luned\u00ec 7 dicembre 2009 alle ore 21.00, nella prestigiosa sala convegni \u201cDon F.Tamis\u201d di Agordo (BL), la Sezione <a href=\"http:\/\/www.bellunopress.it\/wp-content\/uploads\/2009\/12\/alpamayo-leggera.jpg\"><img loading=\"lazy\" decoding=\"async\" class=\"alignleft size-medium wp-image-10318\" title=\"alpamayo-leggera\" src=\"http:\/\/www.bellunopress.it\/wp-content\/uploads\/2009\/12\/alpamayo-leggera.jpg\" alt=\"\" width=\"270\" height=\"203\" \/><\/a>Agordina del C.A.I. e il Gruppo Rocciatori GIR\u00a0 presentano \u201cALLA SCOPERTA DELLA MONTAGNA PIU\u2019 BELLA DEL MONDO\u201d. Il 16 giugno 2009, sette alpinisti \u2013 dei quali ben 5 appartenenti alla nostra Sezione \u2013 raggiungono, risalendo la difficile parete sud ripetendo la via diretta \u201cfrancese\u201d,\u00a0 la vetta dell\u2019Alpamayo (5947 m) nella Cordillera Blanca Peruviana.\u00a0 Una spedizione durata tre settimane, narrata in un bellissimo audiovisivo, alla diretta presenza degli autori di quest\u2019impresa, che sapranno farci rivivere le grandi emozioni vissute in Per\u00f9.<br \/>\nIngresso libero.<br \/>\n<strong><\/strong><\/p>\n<p><strong>ERAVAMO IN 17\u2026<\/strong><br \/>\nPochi giorni fa, il Comitato Centrale del C.A.I. ha deliberato ufficialmente la costituzione della nuova SEZIONE ALPAGO, gi\u00e0 sottosezione di Longarone. I migliori auguri e buon lavoro alla 18.ma Sezione della nostra provincia ed a tutti gli amici dell\u2019Alpago!<br \/>\nC.A.I. SEZIONE ALPAGO<br \/>\nVia Don E.Barattin<br \/>\n32010 \u2013 CHIES D\u2019ALPAGO (BL)<br \/>\nwww.caialpago.it\u00a0\u00a0\u00a0\u00a0 info@caialpago.it<\/p>","protected":false},"excerpt":{"rendered":"<p>Luned\u00ec 7 dicembre 2009 alle ore 21.00, nella prestigiosa sala convegni \u201cDon F.Tamis\u201d di Agordo (BL), la Sezione Agordina del C.A.I. e il Gruppo Rocciatori GIR\u00a0 presentano \u201cALLA SCOPERTA DELLA MONTAGNA PIU\u2019 BELLA DEL MONDO\u201d. Il 16 giugno 2009, sette alpinisti \u2013 dei quali ben 5 appartenenti alla nostra Sezione \u2013 raggiungono, risalendo la difficile [&hellip;]<\/p>\n","protected":false},"author":2,"featured_media":0,"comment_status":"closed","ping_status":"open","sticky":false,"template":"","format":"standard","meta":{"footnotes":""},"categories":[27,38,25],"tags":[139],"class_list":["post-10317","post","type-post","status-publish","format-standard","category-appuntamenti","category-natura-ambiente","category-pausa-caffe","tag-belluno"],"yoast_head":"<!-- This site is optimized with the Yoast SEO plugin v28.4 - https:\/\/yoast.com\/product\/yoast-seo-wordpress\/ -->\n<title>Serata Alpamayo ad Agordo. E&#039;nata la sezione Cai dell&#039;Alpago - Bellunopress - Dolomiti<\/title>\n<meta name=\"robots\" content=\"index, follow, max-snippet:-1, max-image-preview:large, max-video-preview:-1\" \/>\n<link rel=\"canonical\" href=\"https:\/\/www.bellunopress.it\/fr\/2009\/12\/03\/serata-alpamayo-ad-agordo-enata-la-sezione-cai-dellalpago\/\" \/>\n<meta property=\"og:locale\" content=\"fr_FR\" \/>\n<meta property=\"og:type\" content=\"article\" \/>\n<meta property=\"og:title\" content=\"Serata Alpamayo ad Agordo. E&#039;nata la sezione Cai dell&#039;Alpago - Bellunopress - Dolomiti\" \/>\n<meta property=\"og:description\" content=\"Luned\u00ec 7 dicembre 2009 alle ore 21.00, nella prestigiosa sala convegni \u201cDon F.Tamis\u201d di Agordo (BL), la Sezione Agordina del C.A.I. e il Gruppo Rocciatori GIR\u00a0 presentano \u201cALLA SCOPERTA DELLA MONTAGNA PIU\u2019 BELLA DEL MONDO\u201d. Il 16 giugno 2009, sette alpinisti \u2013 dei quali ben 5 appartenenti alla nostra Sezione \u2013 raggiungono, risalendo la difficile [&hellip;]\" \/>\n<meta property=\"og:url\" content=\"https:\/\/www.bellunopress.it\/fr\/2009\/12\/03\/serata-alpamayo-ad-agordo-enata-la-sezione-cai-dellalpago\/\" \/>\n<meta property=\"og:site_name\" content=\"Bellunopress - Dolomiti\" \/>\n<meta property=\"article:publisher\" content=\"https:\/\/www.facebook.com\/profile.php?id=100008943462799\" \/>\n<meta property=\"article:published_time\" content=\"2009-12-03T18:48:13+00:00\" \/>\n<meta property=\"og:image\" content=\"http:\/\/www.bellunopress.it\/wp-content\/uploads\/2009\/12\/alpamayo-leggera.jpg\" \/>\n<meta name=\"author\" content=\"redazione\" \/>\n<meta name=\"twitter:card\" content=\"summary_large_image\" \/>\n<meta name=\"twitter:creator\" content=\"@bellunopress\" \/>\n<meta name=\"twitter:site\" content=\"@bellunopress\" \/>\n<meta name=\"twitter:label1\" content=\"\u00c9crit par\" \/>\n\t<meta name=\"twitter:data1\" content=\"redazione\" \/>\n\t<meta name=\"twitter:label2\" content=\"Dur\u00e9e de lecture estim\u00e9e\" \/>\n\t<meta name=\"twitter:data2\" content=\"1 minute\" \/>\n<script type=\"application\/ld+json\" class=\"yoast-schema-graph\">{\"@context\":\"https:\\\/\\\/schema.org\",\"@graph\":[{\"@type\":\"Article\",\"@id\":\"https:\\\/\\\/www.bellunopress.it\\\/2009\\\/12\\\/03\\\/serata-alpamayo-ad-agordo-enata-la-sezione-cai-dellalpago\\\/#article\",\"isPartOf\":{\"@id\":\"https:\\\/\\\/www.bellunopress.it\\\/2009\\\/12\\\/03\\\/serata-alpamayo-ad-agordo-enata-la-sezione-cai-dellalpago\\\/\"},\"author\":{\"name\":\"redazione\",\"@id\":\"https:\\\/\\\/www.bellunopress.it\\\/#\\\/schema\\\/person\\\/79bb06722b37ece1c03d3e94beb30d73\"},\"headline\":\"Serata Alpamayo ad Agordo. E&#8217;nata la sezione Cai dell&#8217;Alpago\",\"datePublished\":\"2009-12-03T18:48:13+00:00\",\"mainEntityOfPage\":{\"@id\":\"https:\\\/\\\/www.bellunopress.it\\\/2009\\\/12\\\/03\\\/serata-alpamayo-ad-agordo-enata-la-sezione-cai-dellalpago\\\/\"},\"wordCount\":170,\"publisher\":{\"@id\":\"https:\\\/\\\/www.bellunopress.it\\\/#organization\"},\"image\":{\"@id\":\"https:\\\/\\\/www.bellunopress.it\\\/2009\\\/12\\\/03\\\/serata-alpamayo-ad-agordo-enata-la-sezione-cai-dellalpago\\\/#primaryimage\"},\"thumbnailUrl\":\"http:\\\/\\\/www.bellunopress.it\\\/wp-content\\\/uploads\\\/2009\\\/12\\\/alpamayo-leggera.jpg\",\"keywords\":[\"Belluno\"],\"articleSection\":[\"Appuntamenti, Eventi\",\"Meteo, natura, ambiente, animali\",\"Pausa Caff\u00e8\"],\"inLanguage\":\"fr-FR\"},{\"@type\":\"WebPage\",\"@id\":\"https:\\\/\\\/www.bellunopress.it\\\/2009\\\/12\\\/03\\\/serata-alpamayo-ad-agordo-enata-la-sezione-cai-dellalpago\\\/\",\"url\":\"https:\\\/\\\/www.bellunopress.it\\\/2009\\\/12\\\/03\\\/serata-alpamayo-ad-agordo-enata-la-sezione-cai-dellalpago\\\/\",\"name\":\"Serata Alpamayo ad Agordo. E'nata la sezione Cai dell'Alpago - Bellunopress - Dolomiti\",\"isPartOf\":{\"@id\":\"https:\\\/\\\/www.bellunopress.it\\\/#website\"},\"primaryImageOfPage\":{\"@id\":\"https:\\\/\\\/www.bellunopress.it\\\/2009\\\/12\\\/03\\\/serata-alpamayo-ad-agordo-enata-la-sezione-cai-dellalpago\\\/#primaryimage\"},\"image\":{\"@id\":\"https:\\\/\\\/www.bellunopress.it\\\/2009\\\/12\\\/03\\\/serata-alpamayo-ad-agordo-enata-la-sezione-cai-dellalpago\\\/#primaryimage\"},\"thumbnailUrl\":\"http:\\\/\\\/www.bellunopress.it\\\/wp-content\\\/uploads\\\/2009\\\/12\\\/alpamayo-leggera.jpg\",\"datePublished\":\"2009-12-03T18:48:13+00:00\",\"breadcrumb\":{\"@id\":\"https:\\\/\\\/www.bellunopress.it\\\/2009\\\/12\\\/03\\\/serata-alpamayo-ad-agordo-enata-la-sezione-cai-dellalpago\\\/#breadcrumb\"},\"inLanguage\":\"fr-FR\",\"potentialAction\":[{\"@type\":\"ReadAction\",\"target\":[\"https:\\\/\\\/www.bellunopress.it\\\/2009\\\/12\\\/03\\\/serata-alpamayo-ad-agordo-enata-la-sezione-cai-dellalpago\\\/\"]}]},{\"@type\":\"ImageObject\",\"inLanguage\":\"fr-FR\",\"@id\":\"https:\\\/\\\/www.bellunopress.it\\\/2009\\\/12\\\/03\\\/serata-alpamayo-ad-agordo-enata-la-sezione-cai-dellalpago\\\/#primaryimage\",\"url\":\"http:\\\/\\\/www.bellunopress.it\\\/wp-content\\\/uploads\\\/2009\\\/12\\\/alpamayo-leggera.jpg\",\"contentUrl\":\"http:\\\/\\\/www.bellunopress.it\\\/wp-content\\\/uploads\\\/2009\\\/12\\\/alpamayo-leggera.jpg\"},{\"@type\":\"BreadcrumbList\",\"@id\":\"https:\\\/\\\/www.bellunopress.it\\\/2009\\\/12\\\/03\\\/serata-alpamayo-ad-agordo-enata-la-sezione-cai-dellalpago\\\/#breadcrumb\",\"itemListElement\":[{\"@type\":\"ListItem\",\"position\":1,\"name\":\"Home\",\"item\":\"https:\\\/\\\/www.bellunopress.it\\\/\"},{\"@type\":\"ListItem\",\"position\":2,\"name\":\"Serata Alpamayo ad Agordo. E&#8217;nata la sezione Cai dell&#8217;Alpago\"}]},{\"@type\":\"WebSite\",\"@id\":\"https:\\\/\\\/www.bellunopress.it\\\/#website\",\"url\":\"https:\\\/\\\/www.bellunopress.it\\\/\",\"name\":\"Bellunopress - Dolomiti\",\"description\":\"e-mail: redazione@bellunopress.it\",\"publisher\":{\"@id\":\"https:\\\/\\\/www.bellunopress.it\\\/#organization\"},\"potentialAction\":[{\"@type\":\"SearchAction\",\"target\":{\"@type\":\"EntryPoint\",\"urlTemplate\":\"https:\\\/\\\/www.bellunopress.it\\\/?s={search_term_string}\"},\"query-input\":{\"@type\":\"PropertyValueSpecification\",\"valueRequired\":true,\"valueName\":\"search_term_string\"}}],\"inLanguage\":\"fr-FR\"},{\"@type\":\"Organization\",\"@id\":\"https:\\\/\\\/www.bellunopress.it\\\/#organization\",\"name\":\"Bellunopress\",\"url\":\"https:\\\/\\\/www.bellunopress.it\\\/\",\"logo\":{\"@type\":\"ImageObject\",\"inLanguage\":\"fr-FR\",\"@id\":\"https:\\\/\\\/www.bellunopress.it\\\/#\\\/schema\\\/logo\\\/image\\\/\",\"url\":\"https:\\\/\\\/www.bellunopress.it\\\/wp-content\\\/uploads\\\/2011\\\/05\\\/cropped-logo-bellunopress-.jpg\",\"contentUrl\":\"https:\\\/\\\/www.bellunopress.it\\\/wp-content\\\/uploads\\\/2011\\\/05\\\/cropped-logo-bellunopress-.jpg\",\"width\":512,\"height\":512,\"caption\":\"Bellunopress\"},\"image\":{\"@id\":\"https:\\\/\\\/www.bellunopress.it\\\/#\\\/schema\\\/logo\\\/image\\\/\"},\"sameAs\":[\"https:\\\/\\\/www.facebook.com\\\/profile.php?id=100008943462799\",\"https:\\\/\\\/x.com\\\/bellunopress\",\"https:\\\/\\\/www.linkedin.com\\\/hp\\\/?dnr=JBzUWaJfMUw8vbXJJ2tVW5-I3jZKvC4wsoxE&amp;amp;amp;amp;amp;amp;trk=nav_responsive_tab_home\",\"https:\\\/\\\/www.youtube.com\\\/channel\\\/UCxL0wu1uN0_3_7hGG0306cw\"]},{\"@type\":\"Person\",\"@id\":\"https:\\\/\\\/www.bellunopress.it\\\/#\\\/schema\\\/person\\\/79bb06722b37ece1c03d3e94beb30d73\",\"name\":\"redazione\",\"image\":{\"@type\":\"ImageObject\",\"inLanguage\":\"fr-FR\",\"@id\":\"https:\\\/\\\/secure.gravatar.com\\\/avatar\\\/37d968a2e67a6fd04c169c4bdef102d0bc5d31b2546345219e348575eb80e9a0?s=96&d=mm&r=g\",\"url\":\"https:\\\/\\\/secure.gravatar.com\\\/avatar\\\/37d968a2e67a6fd04c169c4bdef102d0bc5d31b2546345219e348575eb80e9a0?s=96&d=mm&r=g\",\"contentUrl\":\"https:\\\/\\\/secure.gravatar.com\\\/avatar\\\/37d968a2e67a6fd04c169c4bdef102d0bc5d31b2546345219e348575eb80e9a0?s=96&d=mm&r=g\",\"caption\":\"redazione\"},\"sameAs\":[\"http:\\\/\\\/www.bellunopress.it\",\"https:\\\/\\\/x.com\\\/bellunopress\"],\"url\":\"https:\\\/\\\/www.bellunopress.it\\\/fr\\\/author\\\/redazione\\\/\"}]}<\/script>\n<!-- \/ Yoast SEO plugin. -->","yoast_head_json":{"title":"Serata Alpamayo ad Agordo. E'nata la sezione Cai dell'Alpago - Bellunopress - Dolomiti","robots":{"index":"index","follow":"follow","max-snippet":"max-snippet:-1","max-image-preview":"max-image-preview:large","max-video-preview":"max-video-preview:-1"},"canonical":"https:\/\/www.bellunopress.it\/fr\/2009\/12\/03\/serata-alpamayo-ad-agordo-enata-la-sezione-cai-dellalpago\/","og_locale":"fr_FR","og_type":"article","og_title":"Serata Alpamayo ad Agordo. E'nata la sezione Cai dell'Alpago - Bellunopress - Dolomiti","og_description":"Luned\u00ec 7 dicembre 2009 alle ore 21.00, nella prestigiosa sala convegni \u201cDon F.Tamis\u201d di Agordo (BL), la Sezione Agordina del C.A.I. e il Gruppo Rocciatori GIR\u00a0 presentano \u201cALLA SCOPERTA DELLA MONTAGNA PIU\u2019 BELLA DEL MONDO\u201d. Il 16 giugno 2009, sette alpinisti \u2013 dei quali ben 5 appartenenti alla nostra Sezione \u2013 raggiungono, risalendo la difficile [&hellip;]","og_url":"https:\/\/www.bellunopress.it\/fr\/2009\/12\/03\/serata-alpamayo-ad-agordo-enata-la-sezione-cai-dellalpago\/","og_site_name":"Bellunopress - Dolomiti","article_publisher":"https:\/\/www.facebook.com\/profile.php?id=100008943462799","article_published_time":"2009-12-03T18:48:13+00:00","og_image":[{"url":"http:\/\/www.bellunopress.it\/wp-content\/uploads\/2009\/12\/alpamayo-leggera.jpg","type":"","width":"","height":""}],"author":"redazione","twitter_card":"summary_large_image","twitter_creator":"@bellunopress","twitter_site":"@bellunopress","twitter_misc":{"\u00c9crit par":"redazione","Dur\u00e9e de lecture estim\u00e9e":"1 minute"},"schema":{"@context":"https:\/\/schema.org","@graph":[{"@type":"Article","@id":"https:\/\/www.bellunopress.it\/2009\/12\/03\/serata-alpamayo-ad-agordo-enata-la-sezione-cai-dellalpago\/#article","isPartOf":{"@id":"https:\/\/www.bellunopress.it\/2009\/12\/03\/serata-alpamayo-ad-agordo-enata-la-sezione-cai-dellalpago\/"},"author":{"name":"redazione","@id":"https:\/\/www.bellunopress.it\/#\/schema\/person\/79bb06722b37ece1c03d3e94beb30d73"},"headline":"Serata Alpamayo ad Agordo. E&#8217;nata la sezione Cai dell&#8217;Alpago","datePublished":"2009-12-03T18:48:13+00:00","mainEntityOfPage":{"@id":"https:\/\/www.bellunopress.it\/2009\/12\/03\/serata-alpamayo-ad-agordo-enata-la-sezione-cai-dellalpago\/"},"wordCount":170,"publisher":{"@id":"https:\/\/www.bellunopress.it\/#organization"},"image":{"@id":"https:\/\/www.bellunopress.it\/2009\/12\/03\/serata-alpamayo-ad-agordo-enata-la-sezione-cai-dellalpago\/#primaryimage"},"thumbnailUrl":"http:\/\/www.bellunopress.it\/wp-content\/uploads\/2009\/12\/alpamayo-leggera.jpg","keywords":["Belluno"],"articleSection":["Appuntamenti, Eventi","Meteo, natura, ambiente, animali","Pausa Caff\u00e8"],"inLanguage":"fr-FR"},{"@type":"WebPage","@id":"https:\/\/www.bellunopress.it\/2009\/12\/03\/serata-alpamayo-ad-agordo-enata-la-sezione-cai-dellalpago\/","url":"https:\/\/www.bellunopress.it\/2009\/12\/03\/serata-alpamayo-ad-agordo-enata-la-sezione-cai-dellalpago\/","name":"Serata Alpamayo ad Agordo. E'nata la sezione Cai dell'Alpago - Bellunopress - Dolomiti","isPartOf":{"@id":"https:\/\/www.bellunopress.it\/#website"},"primaryImageOfPage":{"@id":"https:\/\/www.bellunopress.it\/2009\/12\/03\/serata-alpamayo-ad-agordo-enata-la-sezione-cai-dellalpago\/#primaryimage"},"image":{"@id":"https:\/\/www.bellunopress.it\/2009\/12\/03\/serata-alpamayo-ad-agordo-enata-la-sezione-cai-dellalpago\/#primaryimage"},"thumbnailUrl":"http:\/\/www.bellunopress.it\/wp-content\/uploads\/2009\/12\/alpamayo-leggera.jpg","datePublished":"2009-12-03T18:48:13+00:00","breadcrumb":{"@id":"https:\/\/www.bellunopress.it\/2009\/12\/03\/serata-alpamayo-ad-agordo-enata-la-sezione-cai-dellalpago\/#breadcrumb"},"inLanguage":"fr-FR","potentialAction":[{"@type":"ReadAction","target":["https:\/\/www.bellunopress.it\/2009\/12\/03\/serata-alpamayo-ad-agordo-enata-la-sezione-cai-dellalpago\/"]}]},{"@type":"ImageObject","inLanguage":"fr-FR","@id":"https:\/\/www.bellunopress.it\/2009\/12\/03\/serata-alpamayo-ad-agordo-enata-la-sezione-cai-dellalpago\/#primaryimage","url":"http:\/\/www.bellunopress.it\/wp-content\/uploads\/2009\/12\/alpamayo-leggera.jpg","contentUrl":"http:\/\/www.bellunopress.it\/wp-content\/uploads\/2009\/12\/alpamayo-leggera.jpg"},{"@type":"BreadcrumbList","@id":"https:\/\/www.bellunopress.it\/2009\/12\/03\/serata-alpamayo-ad-agordo-enata-la-sezione-cai-dellalpago\/#breadcrumb","itemListElement":[{"@type":"ListItem","position":1,"name":"Home","item":"https:\/\/www.bellunopress.it\/"},{"@type":"ListItem","position":2,"name":"Serata Alpamayo ad Agordo. E&#8217;nata la sezione Cai dell&#8217;Alpago"}]},{"@type":"WebSite","@id":"https:\/\/www.bellunopress.it\/#website","url":"https:\/\/www.bellunopress.it\/","name":"Bellunopress - Dolomiti","description":"e-mail: redazione@bellunopress.it","publisher":{"@id":"https:\/\/www.bellunopress.it\/#organization"},"potentialAction":[{"@type":"SearchAction","target":{"@type":"EntryPoint","urlTemplate":"https:\/\/www.bellunopress.it\/?s={search_term_string}"},"query-input":{"@type":"PropertyValueSpecification","valueRequired":true,"valueName":"search_term_string"}}],"inLanguage":"fr-FR"},{"@type":"Organization","@id":"https:\/\/www.bellunopress.it\/#organization","name":"Bellunopress","url":"https:\/\/www.bellunopress.it\/","logo":{"@type":"ImageObject","inLanguage":"fr-FR","@id":"https:\/\/www.bellunopress.it\/#\/schema\/logo\/image\/","url":"https:\/\/www.bellunopress.it\/wp-content\/uploads\/2011\/05\/cropped-logo-bellunopress-.jpg","contentUrl":"https:\/\/www.bellunopress.it\/wp-content\/uploads\/2011\/05\/cropped-logo-bellunopress-.jpg","width":512,"height":512,"caption":"Bellunopress"},"image":{"@id":"https:\/\/www.bellunopress.it\/#\/schema\/logo\/image\/"},"sameAs":["https:\/\/www.facebook.com\/profile.php?id=100008943462799","https:\/\/x.com\/bellunopress","https:\/\/www.linkedin.com\/hp\/?dnr=JBzUWaJfMUw8vbXJJ2tVW5-I3jZKvC4wsoxE&amp;amp;amp;amp;amp;amp;trk=nav_responsive_tab_home","https:\/\/www.youtube.com\/channel\/UCxL0wu1uN0_3_7hGG0306cw"]},{"@type":"Person","@id":"https:\/\/www.bellunopress.it\/#\/schema\/person\/79bb06722b37ece1c03d3e94beb30d73","name":"r\u00e9daction","image":{"@type":"ImageObject","inLanguage":"fr-FR","@id":"https:\/\/secure.gravatar.com\/avatar\/37d968a2e67a6fd04c169c4bdef102d0bc5d31b2546345219e348575eb80e9a0?s=96&d=mm&r=g","url":"https:\/\/secure.gravatar.com\/avatar\/37d968a2e67a6fd04c169c4bdef102d0bc5d31b2546345219e348575eb80e9a0?s=96&d=mm&r=g","contentUrl":"https:\/\/secure.gravatar.com\/avatar\/37d968a2e67a6fd04c169c4bdef102d0bc5d31b2546345219e348575eb80e9a0?s=96&d=mm&r=g","caption":"redazione"},"sameAs":["http:\/\/www.bellunopress.it","https:\/\/x.com\/bellunopress"],"url":"https:\/\/www.bellunopress.it\/fr\/author\/redazione\/"}]}},"_links":{"self":[{"href":"https:\/\/www.bellunopress.it\/fr\/wp-json\/wp\/v2\/posts\/10317","targetHints":{"allow":["GET"]}}],"collection":[{"href":"https:\/\/www.bellunopress.it\/fr\/wp-json\/wp\/v2\/posts"}],"about":[{"href":"https:\/\/www.bellunopress.it\/fr\/wp-json\/wp\/v2\/types\/post"}],"author":[{"embeddable":true,"href":"https:\/\/www.bellunopress.it\/fr\/wp-json\/wp\/v2\/users\/2"}],"replies":[{"embeddable":true,"href":"https:\/\/www.bellunopress.it\/fr\/wp-json\/wp\/v2\/comments?post=10317"}],"version-history":[{"count":1,"href":"https:\/\/www.bellunopress.it\/fr\/wp-json\/wp\/v2\/posts\/10317\/revisions"}],"predecessor-version":[{"id":10319,"href":"https:\/\/www.bellunopress.it\/fr\/wp-json\/wp\/v2\/posts\/10317\/revisions\/10319"}],"wp:attachment":[{"href":"https:\/\/www.bellunopress.it\/fr\/wp-json\/wp\/v2\/media?parent=10317"}],"wp:term":[{"taxonomy":"category","embeddable":true,"href":"https:\/\/www.bellunopress.it\/fr\/wp-json\/wp\/v2\/categories?post=10317"},{"taxonomy":"post_tag","embeddable":true,"href":"https:\/\/www.bellunopress.it\/fr\/wp-json\/wp\/v2\/tags?post=10317"}],"curies":[{"name":"wp","href":"https:\/\/api.w.org\/{rel}","templated":true}]}}